{"id":2008,"date":"2009-03-24T18:26:38","date_gmt":"2009-03-24T16:26:38","guid":{"rendered":"http:\/\/subaru.preproduccion.com\/blog\/wp-content\/2009\/03\/25\/previo-rallye-de-villajoyosa\/"},"modified":"2020-08-06T11:44:15","modified_gmt":"2020-08-06T09:44:15","slug":"previo-rallye-de-villajoyosa","status":"publish","type":"post","link":"https:\/\/www.subaru.es\/blog\/nuestra-marca\/previo-rallye-de-villajoyosa\/","title":{"rendered":"PREVIO RALLYE DE VILLAJOYOSA"},"content":{"rendered":"<p><center><a href=\"http:\/\/www.gjd-solutions.co.uk\/press\/srts\/srts-pre-villajoyosa1.jpg\"><img decoding=\"async\" data-src=\"http:\/\/www.gjd-solutions.co.uk\/press\/srts\/srts-pre-villajoyosa1.jpg\" width=\"475\" alt=\"\" src=\"data:image\/svg+xml;base64,PHN2ZyB3aWR0aD0iMSIgaGVpZ2h0PSIxIiB4bWxucz0iaHR0cDovL3d3dy53My5vcmcvMjAwMC9zdmciPjwvc3ZnPg==\" class=\"lazyload\" \/><\/a><\/center><\/p>\n<p>Tras el rotundo \u00e9xito que supuso para el SUBARU RALLY TEAM SPAIN su debut con victoria en el Campeonato de Espa\u00f1a de Rallyes de Tierra, al imponerse hace apenas dos semanas en Palma del R\u00edo el Impreza Prodrive de Brice Tirabassi-Fabrice Gordon, este fin de semana el equipo oficial de rallyes de Subaru Espa\u00f1a, afronta un nuevo reto en su doble desaf\u00edo en los rallyes nacionales 2009: la primera prueba del Campeonato de Espa\u00f1a de Rallyes de Asfalto. La cita ser\u00e1 en Villajoyosa (Alicante), sede de la prueba inaugural del certamen.<\/p>\n<p>En Villajoyosa, el SUBARU RALLY TEAM SPAIN, estar\u00e1 presente con dos unidades del nuevo Subaru Impreza Prodrive para Enrique Garc\u00eda Ojeda-Jordi Barrab\u00e9s y Mario Ceballos-Borja Rozada, que ser\u00e1n los encargados de competir con los coches preparados por KRS Motor Events en los rallyes del campeonato de Espa\u00f1a de Asfalto 2009. Una formaci\u00f3n que auna la experiencia de Ojeda, actual campe\u00f3n de Espa\u00f1a, y la juventud de Ceballos, que afronta este a\u00f1o su primera temporada completa en el nacional.<\/p>\n<p><center><a href=\"http:\/\/www.gjd-solutions.co.uk\/press\/srts\/srts-pre-villajoyosa1.jpg\"><img decoding=\"async\" width=\"475\" data-src=\"http:\/\/www.gjd-solutions.co.uk\/press\/srts\/srts-pre-villajoyosa2.jpg\" alt=\"\" src=\"data:image\/svg+xml;base64,PHN2ZyB3aWR0aD0iMSIgaGVpZ2h0PSIxIiB4bWxucz0iaHR0cDovL3d3dy53My5vcmcvMjAwMC9zdmciPjwvc3ZnPg==\" class=\"lazyload\" \/><\/a><\/center><\/p>\n<p>Ambos har\u00e1n frente en Villajoyosa a una importante oposici\u00f3n, encabezada por los veh\u00edculos de la categor\u00eda GT que, en teor\u00eda, encontrar\u00e1n en los r\u00e1pidos tramos alicantinos un terreno m\u00e1s apropiado para desarrollar la mayor potencia de sus motores. Algo que Ojeda y Ceballos esperan poder contrarrestar gracias al buen trabajo realizado en los Impreza Prodrive en los tests de pretemporada y a la nueva reglamentaci\u00f3n del grupo N plus. <\/p>\n<p>Estas variaciones en el reglamento t\u00e9cnico no hacen sino aumentar el inter\u00e9s y la incertidumbre ante el resultado que pueda deparar la primera prueba del a\u00f1o en el nacional de asfalto, en la que los objetivos del SUBARU RALLY TEAM SPAIN se centrar\u00e1n en estar desde el primer momento en la lucha por las posiciones de cabeza de un rallye que se desarrollar\u00e1, en lo que a sus aspectos meramente competitivos se refiere, a lo largo de la jornada del s\u00e1bado, con la disputa de once tramos que totalizar\u00e1n algo m\u00e1s de 185 kil\u00f3metros cronometrados. M\u00e1s informaci\u00f3n sobre el rallye de Villajoyosa en la web de la escuder\u00eda organizadora <a href=\"http:\/\/www.aiaweb.net\">www.aiaweb.net<\/a><\/p>\n","protected":false},"excerpt":{"rendered":"<p>Tras el rotundo \u00e9xito que supuso para el SUBARU RALLY TEAM SPAIN su debut con victoria en el Campeonato de Espa\u00f1a de Rallyes de Tierra, al imponerse hace apenas dos semanas en Palma del R\u00edo el Impreza Prodrive de Brice Tirabassi-Fabrice Gordon, este fin de semana el equipo oficial de rallyes de Subaru Espa\u00f1a, afronta [&hellip;]<\/p>\n","protected":false},"author":21,"featured_media":0,"comment_status":"open","ping_status":"open","sticky":false,"template":"","format":"standard","meta":{"_acf_changed":false,"_eb_attr":"","inline_featured_image":false,"footnotes":""},"categories":[4401],"tags":[2191],"class_list":["post-2008","post","type-post","status-publish","format-standard","hentry","category-nuestra-marca","tag-previo-rallye-de-villajoyosa"],"acf":[],"yoast_head":"<!-- This site is optimized with the Yoast SEO plugin v27.3 - https:\/\/yoast.com\/product\/yoast-seo-wordpress\/ -->\n<title>PREVIO RALLYE DE VILLAJOYOSA - Universo Subaru<\/title>\n<meta name=\"robots\" content=\"index, follow, max-snippet:-1, max-image-preview:large, max-video-preview:-1\" \/>\n<link rel=\"canonical\" href=\"https:\/\/www.subaru.es\/blog\/nuestra-marca\/previo-rallye-de-villajoyosa\/\" \/>\n<meta property=\"og:locale\" content=\"es_ES\" \/>\n<meta property=\"og:type\" content=\"article\" \/>\n<meta property=\"og:title\" content=\"PREVIO RALLYE DE VILLAJOYOSA - Universo Subaru\" \/>\n<meta property=\"og:description\" content=\"Tras el rotundo \u00e9xito que supuso para el SUBARU RALLY TEAM SPAIN su debut con victoria en el Campeonato de Espa\u00f1a de Rallyes de Tierra, al imponerse hace apenas dos semanas en Palma del R\u00edo el Impreza Prodrive de Brice Tirabassi-Fabrice Gordon, este fin de semana el equipo oficial de rallyes de Subaru Espa\u00f1a, afronta [&hellip;]\" \/>\n<meta property=\"og:url\" content=\"https:\/\/www.subaru.es\/blog\/nuestra-marca\/previo-rallye-de-villajoyosa\/\" \/>\n<meta property=\"og:site_name\" content=\"Universo Subaru\" \/>\n<meta property=\"article:publisher\" content=\"https:\/\/www.facebook.com\/subaruespana\" \/>\n<meta property=\"article:published_time\" content=\"2009-03-24T16:26:38+00:00\" \/>\n<meta property=\"article:modified_time\" content=\"2020-08-06T09:44:15+00:00\" \/>\n<meta property=\"og:image\" content=\"http:\/\/www.gjd-solutions.co.uk\/press\/srts\/srts-pre-villajoyosa1.jpg\" \/>\n<meta name=\"author\" content=\"Subaru\" \/>\n<meta name=\"twitter:card\" content=\"summary_large_image\" \/>\n<meta name=\"twitter:label1\" content=\"Escrito por\" \/>\n\t<meta name=\"twitter:data1\" content=\"Subaru\" \/>\n\t<meta name=\"twitter:label2\" content=\"Tiempo de lectura\" \/>\n\t<meta name=\"twitter:data2\" content=\"2 minutos\" \/>\n<script type=\"application\/ld+json\" class=\"yoast-schema-graph\">{\"@context\":\"https:\\\/\\\/schema.org\",\"@graph\":[{\"@type\":\"Article\",\"@id\":\"https:\\\/\\\/www.subaru.es\\\/blog\\\/nuestra-marca\\\/previo-rallye-de-villajoyosa\\\/#article\",\"isPartOf\":{\"@id\":\"https:\\\/\\\/www.subaru.es\\\/blog\\\/nuestra-marca\\\/previo-rallye-de-villajoyosa\\\/\"},\"author\":{\"name\":\"Subaru\",\"@id\":\"https:\\\/\\\/www.subaru.es\\\/blog\\\/#\\\/schema\\\/person\\\/19a90b892230b8e0ec752704ddf4aa10\"},\"headline\":\"PREVIO RALLYE DE VILLAJOYOSA\",\"datePublished\":\"2009-03-24T16:26:38+00:00\",\"dateModified\":\"2020-08-06T09:44:15+00:00\",\"mainEntityOfPage\":{\"@id\":\"https:\\\/\\\/www.subaru.es\\\/blog\\\/nuestra-marca\\\/previo-rallye-de-villajoyosa\\\/\"},\"wordCount\":384,\"commentCount\":0,\"publisher\":{\"@id\":\"https:\\\/\\\/www.subaru.es\\\/blog\\\/#organization\"},\"image\":{\"@id\":\"https:\\\/\\\/www.subaru.es\\\/blog\\\/nuestra-marca\\\/previo-rallye-de-villajoyosa\\\/#primaryimage\"},\"thumbnailUrl\":\"http:\\\/\\\/www.gjd-solutions.co.uk\\\/press\\\/srts\\\/srts-pre-villajoyosa1.jpg\",\"keywords\":[\"PREVIO RALLYE DE VILLAJOYOSA\"],\"articleSection\":[\"Nuestra marca\"],\"inLanguage\":\"es\",\"potentialAction\":[{\"@type\":\"CommentAction\",\"name\":\"Comment\",\"target\":[\"https:\\\/\\\/www.subaru.es\\\/blog\\\/nuestra-marca\\\/previo-rallye-de-villajoyosa\\\/#respond\"]}]},{\"@type\":\"WebPage\",\"@id\":\"https:\\\/\\\/www.subaru.es\\\/blog\\\/nuestra-marca\\\/previo-rallye-de-villajoyosa\\\/\",\"url\":\"https:\\\/\\\/www.subaru.es\\\/blog\\\/nuestra-marca\\\/previo-rallye-de-villajoyosa\\\/\",\"name\":\"PREVIO RALLYE DE VILLAJOYOSA - Universo Subaru\",\"isPartOf\":{\"@id\":\"https:\\\/\\\/www.subaru.es\\\/blog\\\/#website\"},\"primaryImageOfPage\":{\"@id\":\"https:\\\/\\\/www.subaru.es\\\/blog\\\/nuestra-marca\\\/previo-rallye-de-villajoyosa\\\/#primaryimage\"},\"image\":{\"@id\":\"https:\\\/\\\/www.subaru.es\\\/blog\\\/nuestra-marca\\\/previo-rallye-de-villajoyosa\\\/#primaryimage\"},\"thumbnailUrl\":\"http:\\\/\\\/www.gjd-solutions.co.uk\\\/press\\\/srts\\\/srts-pre-villajoyosa1.jpg\",\"datePublished\":\"2009-03-24T16:26:38+00:00\",\"dateModified\":\"2020-08-06T09:44:15+00:00\",\"breadcrumb\":{\"@id\":\"https:\\\/\\\/www.subaru.es\\\/blog\\\/nuestra-marca\\\/previo-rallye-de-villajoyosa\\\/#breadcrumb\"},\"inLanguage\":\"es\",\"potentialAction\":[{\"@type\":\"ReadAction\",\"target\":[\"https:\\\/\\\/www.subaru.es\\\/blog\\\/nuestra-marca\\\/previo-rallye-de-villajoyosa\\\/\"]}]},{\"@type\":\"ImageObject\",\"inLanguage\":\"es\",\"@id\":\"https:\\\/\\\/www.subaru.es\\\/blog\\\/nuestra-marca\\\/previo-rallye-de-villajoyosa\\\/#primaryimage\",\"url\":\"http:\\\/\\\/www.gjd-solutions.co.uk\\\/press\\\/srts\\\/srts-pre-villajoyosa1.jpg\",\"contentUrl\":\"http:\\\/\\\/www.gjd-solutions.co.uk\\\/press\\\/srts\\\/srts-pre-villajoyosa1.jpg\"},{\"@type\":\"BreadcrumbList\",\"@id\":\"https:\\\/\\\/www.subaru.es\\\/blog\\\/nuestra-marca\\\/previo-rallye-de-villajoyosa\\\/#breadcrumb\",\"itemListElement\":[{\"@type\":\"ListItem\",\"position\":1,\"name\":\"Portada\",\"item\":\"https:\\\/\\\/www.subaru.es\\\/blog\\\/\"},{\"@type\":\"ListItem\",\"position\":2,\"name\":\"PREVIO RALLYE DE VILLAJOYOSA\"}]},{\"@type\":\"WebSite\",\"@id\":\"https:\\\/\\\/www.subaru.es\\\/blog\\\/#website\",\"url\":\"https:\\\/\\\/www.subaru.es\\\/blog\\\/\",\"name\":\"Universo Subaru\",\"description\":\"Descubre este apasionante espacio de Subaru donde vas a conocer todo sobre nuestros coches y las experiencias que vivimos con ellos. Si est\u00e1s preparado para dejarte seducir por la filosof\u00eda Subaru, qu\u00e9date con nosotros.\",\"publisher\":{\"@id\":\"https:\\\/\\\/www.subaru.es\\\/blog\\\/#organization\"},\"potentialAction\":[{\"@type\":\"SearchAction\",\"target\":{\"@type\":\"EntryPoint\",\"urlTemplate\":\"https:\\\/\\\/www.subaru.es\\\/blog\\\/?s={search_term_string}\"},\"query-input\":{\"@type\":\"PropertyValueSpecification\",\"valueRequired\":true,\"valueName\":\"search_term_string\"}}],\"inLanguage\":\"es\"},{\"@type\":\"Organization\",\"@id\":\"https:\\\/\\\/www.subaru.es\\\/blog\\\/#organization\",\"name\":\"Subaru Espa\u00f1a S.A.\",\"url\":\"https:\\\/\\\/www.subaru.es\\\/blog\\\/\",\"logo\":{\"@type\":\"ImageObject\",\"inLanguage\":\"es\",\"@id\":\"https:\\\/\\\/www.subaru.es\\\/blog\\\/#\\\/schema\\\/logo\\\/image\\\/\",\"url\":\"https:\\\/\\\/www.subaru.es\\\/blog\\\/wp-content\\\/uploads\\\/2016\\\/12\\\/Logo-Subaru-TypeV_C300-scaled.jpg\",\"contentUrl\":\"https:\\\/\\\/www.subaru.es\\\/blog\\\/wp-content\\\/uploads\\\/2016\\\/12\\\/Logo-Subaru-TypeV_C300-scaled.jpg\",\"width\":2560,\"height\":1864,\"caption\":\"Subaru Espa\u00f1a S.A.\"},\"image\":{\"@id\":\"https:\\\/\\\/www.subaru.es\\\/blog\\\/#\\\/schema\\\/logo\\\/image\\\/\"},\"sameAs\":[\"https:\\\/\\\/www.facebook.com\\\/subaruespana\",\"https:\\\/\\\/www.instagram.com\\\/subarues\\\/\",\"https:\\\/\\\/www.youtube.com\\\/user\\\/subaruespana\"]},{\"@type\":\"Person\",\"@id\":\"https:\\\/\\\/www.subaru.es\\\/blog\\\/#\\\/schema\\\/person\\\/19a90b892230b8e0ec752704ddf4aa10\",\"name\":\"Subaru\",\"url\":\"https:\\\/\\\/www.subaru.es\\\/blog\\\/author\\\/subaria\\\/\"}]}<\/script>\n<!-- \/ Yoast SEO plugin. -->","yoast_head_json":{"title":"PREVIO RALLYE DE VILLAJOYOSA - Universo Subaru","robots":{"index":"index","follow":"follow","max-snippet":"max-snippet:-1","max-image-preview":"max-image-preview:large","max-video-preview":"max-video-preview:-1"},"canonical":"https:\/\/www.subaru.es\/blog\/nuestra-marca\/previo-rallye-de-villajoyosa\/","og_locale":"es_ES","og_type":"article","og_title":"PREVIO RALLYE DE VILLAJOYOSA - Universo Subaru","og_description":"Tras el rotundo \u00e9xito que supuso para el SUBARU RALLY TEAM SPAIN su debut con victoria en el Campeonato de Espa\u00f1a de Rallyes de Tierra, al imponerse hace apenas dos semanas en Palma del R\u00edo el Impreza Prodrive de Brice Tirabassi-Fabrice Gordon, este fin de semana el equipo oficial de rallyes de Subaru Espa\u00f1a, afronta [&hellip;]","og_url":"https:\/\/www.subaru.es\/blog\/nuestra-marca\/previo-rallye-de-villajoyosa\/","og_site_name":"Universo Subaru","article_publisher":"https:\/\/www.facebook.com\/subaruespana","article_published_time":"2009-03-24T16:26:38+00:00","article_modified_time":"2020-08-06T09:44:15+00:00","og_image":[{"url":"http:\/\/www.gjd-solutions.co.uk\/press\/srts\/srts-pre-villajoyosa1.jpg","type":"","width":"","height":""}],"author":"Subaru","twitter_card":"summary_large_image","twitter_misc":{"Escrito por":"Subaru","Tiempo de lectura":"2 minutos"},"schema":{"@context":"https:\/\/schema.org","@graph":[{"@type":"Article","@id":"https:\/\/www.subaru.es\/blog\/nuestra-marca\/previo-rallye-de-villajoyosa\/#article","isPartOf":{"@id":"https:\/\/www.subaru.es\/blog\/nuestra-marca\/previo-rallye-de-villajoyosa\/"},"author":{"name":"Subaru","@id":"https:\/\/www.subaru.es\/blog\/#\/schema\/person\/19a90b892230b8e0ec752704ddf4aa10"},"headline":"PREVIO RALLYE DE VILLAJOYOSA","datePublished":"2009-03-24T16:26:38+00:00","dateModified":"2020-08-06T09:44:15+00:00","mainEntityOfPage":{"@id":"https:\/\/www.subaru.es\/blog\/nuestra-marca\/previo-rallye-de-villajoyosa\/"},"wordCount":384,"commentCount":0,"publisher":{"@id":"https:\/\/www.subaru.es\/blog\/#organization"},"image":{"@id":"https:\/\/www.subaru.es\/blog\/nuestra-marca\/previo-rallye-de-villajoyosa\/#primaryimage"},"thumbnailUrl":"http:\/\/www.gjd-solutions.co.uk\/press\/srts\/srts-pre-villajoyosa1.jpg","keywords":["PREVIO RALLYE DE VILLAJOYOSA"],"articleSection":["Nuestra marca"],"inLanguage":"es","potentialAction":[{"@type":"CommentAction","name":"Comment","target":["https:\/\/www.subaru.es\/blog\/nuestra-marca\/previo-rallye-de-villajoyosa\/#respond"]}]},{"@type":"WebPage","@id":"https:\/\/www.subaru.es\/blog\/nuestra-marca\/previo-rallye-de-villajoyosa\/","url":"https:\/\/www.subaru.es\/blog\/nuestra-marca\/previo-rallye-de-villajoyosa\/","name":"PREVIO RALLYE DE VILLAJOYOSA - Universo Subaru","isPartOf":{"@id":"https:\/\/www.subaru.es\/blog\/#website"},"primaryImageOfPage":{"@id":"https:\/\/www.subaru.es\/blog\/nuestra-marca\/previo-rallye-de-villajoyosa\/#primaryimage"},"image":{"@id":"https:\/\/www.subaru.es\/blog\/nuestra-marca\/previo-rallye-de-villajoyosa\/#primaryimage"},"thumbnailUrl":"http:\/\/www.gjd-solutions.co.uk\/press\/srts\/srts-pre-villajoyosa1.jpg","datePublished":"2009-03-24T16:26:38+00:00","dateModified":"2020-08-06T09:44:15+00:00","breadcrumb":{"@id":"https:\/\/www.subaru.es\/blog\/nuestra-marca\/previo-rallye-de-villajoyosa\/#breadcrumb"},"inLanguage":"es","potentialAction":[{"@type":"ReadAction","target":["https:\/\/www.subaru.es\/blog\/nuestra-marca\/previo-rallye-de-villajoyosa\/"]}]},{"@type":"ImageObject","inLanguage":"es","@id":"https:\/\/www.subaru.es\/blog\/nuestra-marca\/previo-rallye-de-villajoyosa\/#primaryimage","url":"http:\/\/www.gjd-solutions.co.uk\/press\/srts\/srts-pre-villajoyosa1.jpg","contentUrl":"http:\/\/www.gjd-solutions.co.uk\/press\/srts\/srts-pre-villajoyosa1.jpg"},{"@type":"BreadcrumbList","@id":"https:\/\/www.subaru.es\/blog\/nuestra-marca\/previo-rallye-de-villajoyosa\/#breadcrumb","itemListElement":[{"@type":"ListItem","position":1,"name":"Portada","item":"https:\/\/www.subaru.es\/blog\/"},{"@type":"ListItem","position":2,"name":"PREVIO RALLYE DE VILLAJOYOSA"}]},{"@type":"WebSite","@id":"https:\/\/www.subaru.es\/blog\/#website","url":"https:\/\/www.subaru.es\/blog\/","name":"Universo Subaru","description":"Descubre este apasionante espacio de Subaru donde vas a conocer todo sobre nuestros coches y las experiencias que vivimos con ellos. Si est\u00e1s preparado para dejarte seducir por la filosof\u00eda Subaru, qu\u00e9date con nosotros.","publisher":{"@id":"https:\/\/www.subaru.es\/blog\/#organization"},"potentialAction":[{"@type":"SearchAction","target":{"@type":"EntryPoint","urlTemplate":"https:\/\/www.subaru.es\/blog\/?s={search_term_string}"},"query-input":{"@type":"PropertyValueSpecification","valueRequired":true,"valueName":"search_term_string"}}],"inLanguage":"es"},{"@type":"Organization","@id":"https:\/\/www.subaru.es\/blog\/#organization","name":"Subaru Espa\u00f1a S.A.","url":"https:\/\/www.subaru.es\/blog\/","logo":{"@type":"ImageObject","inLanguage":"es","@id":"https:\/\/www.subaru.es\/blog\/#\/schema\/logo\/image\/","url":"https:\/\/www.subaru.es\/blog\/wp-content\/uploads\/2016\/12\/Logo-Subaru-TypeV_C300-scaled.jpg","contentUrl":"https:\/\/www.subaru.es\/blog\/wp-content\/uploads\/2016\/12\/Logo-Subaru-TypeV_C300-scaled.jpg","width":2560,"height":1864,"caption":"Subaru Espa\u00f1a S.A."},"image":{"@id":"https:\/\/www.subaru.es\/blog\/#\/schema\/logo\/image\/"},"sameAs":["https:\/\/www.facebook.com\/subaruespana","https:\/\/www.instagram.com\/subarues\/","https:\/\/www.youtube.com\/user\/subaruespana"]},{"@type":"Person","@id":"https:\/\/www.subaru.es\/blog\/#\/schema\/person\/19a90b892230b8e0ec752704ddf4aa10","name":"Subaru","url":"https:\/\/www.subaru.es\/blog\/author\/subaria\/"}]}},"_links":{"self":[{"href":"https:\/\/www.subaru.es\/blog\/wp-json\/wp\/v2\/posts\/2008","targetHints":{"allow":["GET"]}}],"collection":[{"href":"https:\/\/www.subaru.es\/blog\/wp-json\/wp\/v2\/posts"}],"about":[{"href":"https:\/\/www.subaru.es\/blog\/wp-json\/wp\/v2\/types\/post"}],"author":[{"embeddable":true,"href":"https:\/\/www.subaru.es\/blog\/wp-json\/wp\/v2\/users\/21"}],"replies":[{"embeddable":true,"href":"https:\/\/www.subaru.es\/blog\/wp-json\/wp\/v2\/comments?post=2008"}],"version-history":[{"count":1,"href":"https:\/\/www.subaru.es\/blog\/wp-json\/wp\/v2\/posts\/2008\/revisions"}],"predecessor-version":[{"id":16215,"href":"https:\/\/www.subaru.es\/blog\/wp-json\/wp\/v2\/posts\/2008\/revisions\/16215"}],"wp:attachment":[{"href":"https:\/\/www.subaru.es\/blog\/wp-json\/wp\/v2\/media?parent=2008"}],"wp:term":[{"taxonomy":"category","embeddable":true,"href":"https:\/\/www.subaru.es\/blog\/wp-json\/wp\/v2\/categories?post=2008"},{"taxonomy":"post_tag","embeddable":true,"href":"https:\/\/www.subaru.es\/blog\/wp-json\/wp\/v2\/tags?post=2008"}],"curies":[{"name":"wp","href":"https:\/\/api.w.org\/{rel}","templated":true}]}}