{"id":19970,"date":"2018-10-04T17:32:26","date_gmt":"2018-10-04T15:32:26","guid":{"rendered":"https:\/\/www.subaru.es\/blog\/?p=19970"},"modified":"2022-12-16T11:51:35","modified_gmt":"2022-12-16T09:51:35","slug":"la-noche-de-los-deseos-de-anaa-subaru-petlover","status":"publish","type":"post","link":"https:\/\/www.subaru.es\/blog\/pet-lovers\/la-noche-de-los-deseos-de-anaa-subaru-petlover\/","title":{"rendered":"As\u00ed fue la Noche de los Deseos de ANAA: m\u00e1gica y solidaria."},"content":{"rendered":"<p>Cuando pensamos en una <strong>noche m\u00e1gica<\/strong> se no vienen muchas a la cabeza: la Nochevieja o la Nochebuena, la noche de San Juan, la noche de Reyes, la noche de San Lorenzo, la noche de bodas\u2026 Pero para <strong><a href=\"http:\/\/www.subaru.es\" target=\"_blank\" rel=\"noopener noreferrer\">Subaru<\/a><\/strong> si hay una noche especial es <strong><a href=\"http:\/\/anaaweb.org\/noche-de-los-deseos\/2018\/inicio.html\" target=\"_blank\" rel=\"noopener noreferrer\">La Noche de los Deseos<\/a> <\/strong>de ANAA.<\/p>\n<p>Es una de esas <strong>citas imprescindibles<\/strong> para cualquier amante de los animales y tambi\u00e9n para <a href=\"https:\/\/www.instagram.com\/subarues\/?hl=es\" target=\"_blank\" rel=\"noopener noreferrer\">Subaru<\/a>, que como <strong><a href=\"https:\/\/www.subaru.es\/blog\/pet-lovers\/sabias-que-subaru-es-una-de-las-marcas-petlover-por-excelencia-te-lo-contamos\/\" target=\"_blank\" rel=\"noopener noreferrer\">marca Pet Lover<\/a> <\/strong>comprometida con los animales y con la <strong>adopci\u00f3n responsable<\/strong>, no pod\u00edamos no apoyar. En Subaru sabemos que las mascotas son parte de la familia y por ello <strong>apoyamos, entre otras iniciativas, a la <a href=\"https:\/\/www.facebook.com\/asociacionANAA\/\" target=\"_blank\" rel=\"noopener noreferrer\">asociaci\u00f3n ANAA<\/a><\/strong>. Con una larga historia recuperando animales abandonados, la asociaci\u00f3n siempre tiene las puertas abiertas a todos para que vayamos a visitarlos y le demos la oportunidad de una nueva <a href=\"https:\/\/www.subaru.es\/blog\/pet-lovers\/adopta-un-nuevo-amigo-con-anaa\/\" target=\"_blank\" rel=\"noopener noreferrer\">vida m\u00e1s feliz a trav\u00e9s de la adopci\u00f3n<\/a>.<\/p>\n<p><img decoding=\"async\" width=\"560\" height=\"373\" class=\"aligncenter size-medium wp-image-19974 lazyload\" data-src=\"https:\/\/www.subaru.es\/blog\/wp-content\/uploads\/2018\/10\/42201419_10156370683480973_6234005177418907648_n-560x373.jpg\" alt=\"\" data-srcset=\"https:\/\/www.subaru.es\/blog\/wp-content\/uploads\/2018\/10\/42201419_10156370683480973_6234005177418907648_n-560x373.jpg 560w, https:\/\/www.subaru.es\/blog\/wp-content\/uploads\/2018\/10\/42201419_10156370683480973_6234005177418907648_n-768x512.jpg 768w, https:\/\/www.subaru.es\/blog\/wp-content\/uploads\/2018\/10\/42201419_10156370683480973_6234005177418907648_n.jpg 960w\" data-sizes=\"(max-width: 560px) 100vw, 560px\" src=\"data:image\/svg+xml;base64,PHN2ZyB3aWR0aD0iMSIgaGVpZ2h0PSIxIiB4bWxucz0iaHR0cDovL3d3dy53My5vcmcvMjAwMC9zdmciPjwvc3ZnPg==\" style=\"--smush-placeholder-width: 560px; --smush-placeholder-aspect-ratio: 560\/373;\" \/><\/p>\n<p>Gracias al esfuerzo de muchos colaboradores, donantes y voluntarios, el pasado 15 de septiembre,<strong> a las 7 de la tarde, estaba todo listo<\/strong> para dar la bienvenida a todos los visitantes que quisieron acompa\u00f1arnos a esta gran fiesta llena de emoci\u00f3n, diversi\u00f3n y solidaridad. Al ritmo de <a href=\"http:\/\/www.localqua4tro.com\/\" target=\"_blank\" rel=\"noopener noreferrer\">Local Qua4tro<\/a>, todos los que est\u00e1bamos ah\u00ed nos animamos a participar en las <strong>actividades y talleres<\/strong>. Estuvimos en el bar dulce y salado, en la <strong>tienda pop up<\/strong>, el <strong>rastrillo solidario<\/strong> y, por supuesto, \u00a1participamos en la <strong>t\u00f3mbola y rifa ben\u00e9fica<\/strong>! Adem\u00e1s, la asociaci\u00f3n ten\u00eda una mesa para dar a conocer su trabajo y la posibilidad de adoptar a todos los animales que est\u00e1n en su refugio. \u00a1La mesa estaba llena y nos encant\u00f3 ver a gente interesada en recibir m\u00e1s informaci\u00f3n!<\/p>\n<p><img decoding=\"async\" width=\"560\" height=\"373\" class=\"aligncenter size-medium wp-image-19973 lazyload\" data-src=\"https:\/\/www.subaru.es\/blog\/wp-content\/uploads\/2018\/10\/42262257_10156370686055973_6101346337863761920_o-560x373.jpg\" alt=\"\" data-srcset=\"https:\/\/www.subaru.es\/blog\/wp-content\/uploads\/2018\/10\/42262257_10156370686055973_6101346337863761920_o-560x373.jpg 560w, https:\/\/www.subaru.es\/blog\/wp-content\/uploads\/2018\/10\/42262257_10156370686055973_6101346337863761920_o-1440x960.jpg 1440w, https:\/\/www.subaru.es\/blog\/wp-content\/uploads\/2018\/10\/42262257_10156370686055973_6101346337863761920_o-768x512.jpg 768w, https:\/\/www.subaru.es\/blog\/wp-content\/uploads\/2018\/10\/42262257_10156370686055973_6101346337863761920_o-1536x1024.jpg 1536w, https:\/\/www.subaru.es\/blog\/wp-content\/uploads\/2018\/10\/42262257_10156370686055973_6101346337863761920_o.jpg 1875w\" data-sizes=\"(max-width: 560px) 100vw, 560px\" src=\"data:image\/svg+xml;base64,PHN2ZyB3aWR0aD0iMSIgaGVpZ2h0PSIxIiB4bWxucz0iaHR0cDovL3d3dy53My5vcmcvMjAwMC9zdmciPjwvc3ZnPg==\" style=\"--smush-placeholder-width: 560px; --smush-placeholder-aspect-ratio: 560\/373;\" \/><\/p>\n<p><strong>EL MOMENTO M\u00c1S EMOTIVO<\/strong><\/p>\n<p>Daw, compositor y guitarrista de pop rock, fue el encargado de poner ritmo a la noche y Cristina, Isaac y Lucrecia hicieron de maestros de ceremonia para dar paso al <a href=\"http:\/\/anaaweb.org\/noche-de-los-deseos\/2018\/perros.html\" target=\"_blank\" rel=\"noopener noreferrer\"><strong>\u00a1Concurso de Perros Sin Raza!<\/strong><\/a> Hubo galardones para la <strong>mejor pareja ni\u00f1o-perro<\/strong>, el <strong>perro m\u00e1s grande<\/strong> y <strong>el m\u00e1s peque\u00f1o<\/strong>, <strong>el m\u00e1s guapo<\/strong>, <strong>el orejudo m\u00e1s divertido<\/strong> o el <strong>mestizo m\u00e1s original<\/strong>, y, c\u00f3mo olvidar a los felinos, <strong>Miss y M\u00edster Gato<\/strong>. \u00a1Los Velencosos y Bundchen del mundo animal!<\/p>\n<p><img decoding=\"async\" width=\"560\" height=\"373\" class=\"aligncenter size-medium wp-image-19975 lazyload\" data-src=\"https:\/\/www.subaru.es\/blog\/wp-content\/uploads\/2018\/10\/42282141_10156370697860973_1226603390851612672_o-560x373.jpg\" alt=\"\" data-srcset=\"https:\/\/www.subaru.es\/blog\/wp-content\/uploads\/2018\/10\/42282141_10156370697860973_1226603390851612672_o-560x373.jpg 560w, https:\/\/www.subaru.es\/blog\/wp-content\/uploads\/2018\/10\/42282141_10156370697860973_1226603390851612672_o-1440x960.jpg 1440w, https:\/\/www.subaru.es\/blog\/wp-content\/uploads\/2018\/10\/42282141_10156370697860973_1226603390851612672_o-768x512.jpg 768w, https:\/\/www.subaru.es\/blog\/wp-content\/uploads\/2018\/10\/42282141_10156370697860973_1226603390851612672_o-1536x1024.jpg 1536w, https:\/\/www.subaru.es\/blog\/wp-content\/uploads\/2018\/10\/42282141_10156370697860973_1226603390851612672_o.jpg 1875w\" data-sizes=\"(max-width: 560px) 100vw, 560px\" src=\"data:image\/svg+xml;base64,PHN2ZyB3aWR0aD0iMSIgaGVpZ2h0PSIxIiB4bWxucz0iaHR0cDovL3d3dy53My5vcmcvMjAwMC9zdmciPjwvc3ZnPg==\" style=\"--smush-placeholder-width: 560px; --smush-placeholder-aspect-ratio: 560\/373;\" \/><\/p>\n<p>Y a\u00fan faltaba el broche final. \u00a1Redoble de tambores! Lleg\u00f3 uno de los momentos m\u00e1s emotivos de la noche, el renovado concurso de perros: <strong>los premios Huellita de Oro<\/strong>.<\/p>\n<p>Y los Huellita de Oro <em>goes to<\/em>\u2026 <strong>Kampe\u00f3n, Yvo, Konan, Hazar, Gat\u00f3n, Felpu, Bolacha, Lauma <em>and<\/em> Munhio<\/strong>. Y por \u00faltimo, pero no menos importante, a la <strong>Asociaci\u00f3n alemana <a href=\"http:\/\/www.tierheim-lauterbach.de\/\" target=\"_blank\" rel=\"noopener noreferrer\">Tierheim Lauterbach<\/a> <\/strong>por todo su apoyo.<\/p>\n<p>Perretes, gatetes y un conejo\u2026 Tambi\u00e9n hubo tiempo para escuchar a los voluntarios de la asociaci\u00f3n y descubrir la historia de algunos de los animalitos que llegaron a ANAA despu\u00e9s de ser abandonados y que hoy en d\u00eda disfrutan de una segunda oportunidad con una familia que les quiere. Todos ellos recibieron unas pulseras y llaveros muy especiales realizados por la marca <a href=\"https:\/\/www.cuchicuchi.es\/\" target=\"_blank\" rel=\"noopener noreferrer\">Cuchicuchi.<\/a><\/p>\n<p><img decoding=\"async\" width=\"560\" height=\"373\" class=\"aligncenter size-medium wp-image-19976 lazyload\" data-src=\"https:\/\/www.subaru.es\/blog\/wp-content\/uploads\/2018\/10\/42299117_10156370708360973_5785936914741723136_o-560x373.jpg\" alt=\"\" data-srcset=\"https:\/\/www.subaru.es\/blog\/wp-content\/uploads\/2018\/10\/42299117_10156370708360973_5785936914741723136_o-560x373.jpg 560w, https:\/\/www.subaru.es\/blog\/wp-content\/uploads\/2018\/10\/42299117_10156370708360973_5785936914741723136_o-1440x960.jpg 1440w, https:\/\/www.subaru.es\/blog\/wp-content\/uploads\/2018\/10\/42299117_10156370708360973_5785936914741723136_o-768x512.jpg 768w, https:\/\/www.subaru.es\/blog\/wp-content\/uploads\/2018\/10\/42299117_10156370708360973_5785936914741723136_o-1536x1024.jpg 1536w, https:\/\/www.subaru.es\/blog\/wp-content\/uploads\/2018\/10\/42299117_10156370708360973_5785936914741723136_o.jpg 1875w\" data-sizes=\"(max-width: 560px) 100vw, 560px\" src=\"data:image\/svg+xml;base64,PHN2ZyB3aWR0aD0iMSIgaGVpZ2h0PSIxIiB4bWxucz0iaHR0cDovL3d3dy53My5vcmcvMjAwMC9zdmciPjwvc3ZnPg==\" style=\"--smush-placeholder-width: 560px; --smush-placeholder-aspect-ratio: 560\/373;\" \/><\/p>\n<p>Para rematar la velada y llegar a nuestro coraz\u00f3n perruno, se proyect\u00f3 el v\u00eddeo de David Mateo \u201cH\u00e9roes de ANAA\u201d. Para seguir despu\u00e9s con la \u00faltima actuaci\u00f3n de la noche que corri\u00f3 a cargo de una voz muy especial, la de M\u00e0bel Conde. Su poes\u00eda contempor\u00e1nea, cargada de emoci\u00f3n y sensibilidad, fue acompa\u00f1ada a la guitarra de Curro Mena.<\/p>\n<p><iframe title=\"H\u00c9ROES DE ANAA\" width=\"800\" height=\"450\" data-src=\"https:\/\/www.youtube.com\/embed\/fqN59pLlUe4?feature=oembed\" frameborder=\"0\" allow=\"accelerometer; autoplay; clipboard-write; encrypted-media; gyroscope; picture-in-picture; web-share\" referrerpolicy=\"strict-origin-when-cross-origin\" allowfullscreen src=\"data:image\/svg+xml;base64,PHN2ZyB3aWR0aD0iMSIgaGVpZ2h0PSIxIiB4bWxucz0iaHR0cDovL3d3dy53My5vcmcvMjAwMC9zdmciPjwvc3ZnPg==\" class=\"lazyload\" data-load-mode=\"1\"><\/iframe><\/p>\n<p><strong>As\u00ed transcurri\u00f3 la <a href=\"https:\/\/www.facebook.com\/pg\/asociacionANAA\/photos\/?tab=album&amp;album_id=10156370677060973\" target=\"_blank\" rel=\"noopener noreferrer\">#NocheDeLosDeseos18<\/a><\/strong>, una velada muy especial en la que cielo se ilumin\u00f3 con todos los deseos, buenos sentimientos y la esperanza de quienes <strong>queremos hacer un poquito mejor la realidad de todos aquellos peludos menos afortunados.<\/strong> <strong>El 100% de los fondos<\/strong> que se recaudaron en cualquiera de las actividades realizadas en el evento ir\u00e1n destinados \u00edntegramente a los animales abandonados de ANAA para <strong>poder hacer realidad los sue\u00f1os de muchos animales m\u00e1s.<\/strong><\/p>\n<p><strong>\u00bfNo os parece m\u00e1gico? \u00a1Lo es!<\/strong><\/p>\n","protected":false},"excerpt":{"rendered":"<p>Cuando pensamos en una noche m\u00e1gica se no vienen muchas a la cabeza: la Nochevieja o la Nochebuena, la noche de San Juan, la noche de Reyes, la noche de San Lorenzo, la noche de bodas\u2026 Pero para Subaru si hay una noche especial es La Noche de los Deseos de ANAA. Es una de [&hellip;]<\/p>\n","protected":false},"author":21,"featured_media":19984,"comment_status":"open","ping_status":"closed","sticky":false,"template":"","format":"standard","meta":{"_acf_changed":false,"_eb_attr":"","inline_featured_image":false,"footnotes":""},"categories":[4402,4520],"tags":[4811,4775,4773,4805,4810,4807,4812,4806,4809,4258,4596,64,4730,4808,4804],"class_list":["post-19970","post","type-post","status-publish","format-standard","has-post-thumbnail","hentry","category-pet-lovers","category-subaru-lifestyle","tag-adopcion-mascotas","tag-adopta-no-compres","tag-anaa","tag-asociacion-protectora-de-animales","tag-causa-solidaria","tag-concurso-perro-sin-raza","tag-heroes-de-anaa","tag-huellita-de-oro","tag-la-noche-de-los-deseos","tag-mascotas","tag-petlover","tag-subaru-espana","tag-subaru-spain","tag-subarupetlovers","tag-tenencia-responsable"],"acf":[],"yoast_head":"<!-- This site is optimized with the Yoast SEO plugin v27.3 - https:\/\/yoast.com\/product\/yoast-seo-wordpress\/ -->\n<title>As\u00ed fue la Noche de los Deseos de ANAA: m\u00e1gica y solidaria. - Universo Subaru<\/title>\n<meta name=\"robots\" content=\"index, follow, max-snippet:-1, max-image-preview:large, max-video-preview:-1\" \/>\n<link rel=\"canonical\" href=\"https:\/\/www.subaru.es\/blog\/pet-lovers\/la-noche-de-los-deseos-de-anaa-subaru-petlover\/\" \/>\n<meta property=\"og:locale\" content=\"es_ES\" \/>\n<meta property=\"og:type\" content=\"article\" \/>\n<meta property=\"og:title\" content=\"As\u00ed fue la Noche de los Deseos de ANAA: m\u00e1gica y solidaria. - Universo Subaru\" \/>\n<meta property=\"og:description\" content=\"Cuando pensamos en una noche m\u00e1gica se no vienen muchas a la cabeza: la Nochevieja o la Nochebuena, la noche de San Juan, la noche de Reyes, la noche de San Lorenzo, la noche de bodas\u2026 Pero para Subaru si hay una noche especial es La Noche de los Deseos de ANAA. Es una de [&hellip;]\" \/>\n<meta property=\"og:url\" content=\"https:\/\/www.subaru.es\/blog\/pet-lovers\/la-noche-de-los-deseos-de-anaa-subaru-petlover\/\" \/>\n<meta property=\"og:site_name\" content=\"Universo Subaru\" \/>\n<meta property=\"article:publisher\" content=\"https:\/\/www.facebook.com\/subaruespana\" \/>\n<meta property=\"article:published_time\" content=\"2018-10-04T15:32:26+00:00\" \/>\n<meta property=\"article:modified_time\" content=\"2022-12-16T09:51:35+00:00\" \/>\n<meta property=\"og:image\" content=\"https:\/\/www.subaru.es\/blog\/wp-content\/uploads\/2018\/10\/Portada_Blog_NochedelosDeseos4.png\" \/>\n\t<meta property=\"og:image:width\" content=\"1550\" \/>\n\t<meta property=\"og:image:height\" content=\"520\" \/>\n\t<meta property=\"og:image:type\" content=\"image\/png\" \/>\n<meta name=\"author\" content=\"Subaru\" \/>\n<meta name=\"twitter:card\" content=\"summary_large_image\" \/>\n<meta name=\"twitter:label1\" content=\"Escrito por\" \/>\n\t<meta name=\"twitter:data1\" content=\"Subaru\" \/>\n\t<meta name=\"twitter:label2\" content=\"Tiempo de lectura\" \/>\n\t<meta name=\"twitter:data2\" content=\"3 minutos\" \/>\n<script type=\"application\/ld+json\" class=\"yoast-schema-graph\">{\"@context\":\"https:\\\/\\\/schema.org\",\"@graph\":[{\"@type\":\"Article\",\"@id\":\"https:\\\/\\\/www.subaru.es\\\/blog\\\/pet-lovers\\\/la-noche-de-los-deseos-de-anaa-subaru-petlover\\\/#article\",\"isPartOf\":{\"@id\":\"https:\\\/\\\/www.subaru.es\\\/blog\\\/pet-lovers\\\/la-noche-de-los-deseos-de-anaa-subaru-petlover\\\/\"},\"author\":{\"name\":\"Subaru\",\"@id\":\"https:\\\/\\\/www.subaru.es\\\/blog\\\/#\\\/schema\\\/person\\\/19a90b892230b8e0ec752704ddf4aa10\"},\"headline\":\"As\u00ed fue la Noche de los Deseos de ANAA: m\u00e1gica y solidaria.\",\"datePublished\":\"2018-10-04T15:32:26+00:00\",\"dateModified\":\"2022-12-16T09:51:35+00:00\",\"mainEntityOfPage\":{\"@id\":\"https:\\\/\\\/www.subaru.es\\\/blog\\\/pet-lovers\\\/la-noche-de-los-deseos-de-anaa-subaru-petlover\\\/\"},\"wordCount\":695,\"commentCount\":0,\"publisher\":{\"@id\":\"https:\\\/\\\/www.subaru.es\\\/blog\\\/#organization\"},\"image\":{\"@id\":\"https:\\\/\\\/www.subaru.es\\\/blog\\\/pet-lovers\\\/la-noche-de-los-deseos-de-anaa-subaru-petlover\\\/#primaryimage\"},\"thumbnailUrl\":\"https:\\\/\\\/www.subaru.es\\\/blog\\\/wp-content\\\/uploads\\\/2018\\\/10\\\/Portada_Blog_NochedelosDeseos4.png\",\"keywords\":[\"adopci\u00f3n mascotas\",\"Adopta No Compres\",\"ANAA\",\"asociaci\u00f3n protectora de animales\",\"causa solidaria\",\"concurso perro sin raza\",\"h\u00e9roes de ANAA\",\"huellita de oro\",\"La Noche de los Deseos\",\"Mascotas\",\"petlover\",\"subaru espa\u00f1a\",\"Subaru Spain\",\"SubaruPetLovers\",\"tenencia responsable\"],\"articleSection\":[\"Pet lovers\",\"Subaru LifeStyle\"],\"inLanguage\":\"es\",\"potentialAction\":[{\"@type\":\"CommentAction\",\"name\":\"Comment\",\"target\":[\"https:\\\/\\\/www.subaru.es\\\/blog\\\/pet-lovers\\\/la-noche-de-los-deseos-de-anaa-subaru-petlover\\\/#respond\"]}]},{\"@type\":\"WebPage\",\"@id\":\"https:\\\/\\\/www.subaru.es\\\/blog\\\/pet-lovers\\\/la-noche-de-los-deseos-de-anaa-subaru-petlover\\\/\",\"url\":\"https:\\\/\\\/www.subaru.es\\\/blog\\\/pet-lovers\\\/la-noche-de-los-deseos-de-anaa-subaru-petlover\\\/\",\"name\":\"As\u00ed fue la Noche de los Deseos de ANAA: m\u00e1gica y solidaria. - Universo Subaru\",\"isPartOf\":{\"@id\":\"https:\\\/\\\/www.subaru.es\\\/blog\\\/#website\"},\"primaryImageOfPage\":{\"@id\":\"https:\\\/\\\/www.subaru.es\\\/blog\\\/pet-lovers\\\/la-noche-de-los-deseos-de-anaa-subaru-petlover\\\/#primaryimage\"},\"image\":{\"@id\":\"https:\\\/\\\/www.subaru.es\\\/blog\\\/pet-lovers\\\/la-noche-de-los-deseos-de-anaa-subaru-petlover\\\/#primaryimage\"},\"thumbnailUrl\":\"https:\\\/\\\/www.subaru.es\\\/blog\\\/wp-content\\\/uploads\\\/2018\\\/10\\\/Portada_Blog_NochedelosDeseos4.png\",\"datePublished\":\"2018-10-04T15:32:26+00:00\",\"dateModified\":\"2022-12-16T09:51:35+00:00\",\"breadcrumb\":{\"@id\":\"https:\\\/\\\/www.subaru.es\\\/blog\\\/pet-lovers\\\/la-noche-de-los-deseos-de-anaa-subaru-petlover\\\/#breadcrumb\"},\"inLanguage\":\"es\",\"potentialAction\":[{\"@type\":\"ReadAction\",\"target\":[\"https:\\\/\\\/www.subaru.es\\\/blog\\\/pet-lovers\\\/la-noche-de-los-deseos-de-anaa-subaru-petlover\\\/\"]}]},{\"@type\":\"ImageObject\",\"inLanguage\":\"es\",\"@id\":\"https:\\\/\\\/www.subaru.es\\\/blog\\\/pet-lovers\\\/la-noche-de-los-deseos-de-anaa-subaru-petlover\\\/#primaryimage\",\"url\":\"https:\\\/\\\/www.subaru.es\\\/blog\\\/wp-content\\\/uploads\\\/2018\\\/10\\\/Portada_Blog_NochedelosDeseos4.png\",\"contentUrl\":\"https:\\\/\\\/www.subaru.es\\\/blog\\\/wp-content\\\/uploads\\\/2018\\\/10\\\/Portada_Blog_NochedelosDeseos4.png\",\"width\":1550,\"height\":520},{\"@type\":\"BreadcrumbList\",\"@id\":\"https:\\\/\\\/www.subaru.es\\\/blog\\\/pet-lovers\\\/la-noche-de-los-deseos-de-anaa-subaru-petlover\\\/#breadcrumb\",\"itemListElement\":[{\"@type\":\"ListItem\",\"position\":1,\"name\":\"Portada\",\"item\":\"https:\\\/\\\/www.subaru.es\\\/blog\\\/\"},{\"@type\":\"ListItem\",\"position\":2,\"name\":\"As\u00ed fue la Noche de los Deseos de ANAA: m\u00e1gica y solidaria.\"}]},{\"@type\":\"WebSite\",\"@id\":\"https:\\\/\\\/www.subaru.es\\\/blog\\\/#website\",\"url\":\"https:\\\/\\\/www.subaru.es\\\/blog\\\/\",\"name\":\"Universo Subaru\",\"description\":\"Descubre este apasionante espacio de Subaru donde vas a conocer todo sobre nuestros coches y las experiencias que vivimos con ellos. Si est\u00e1s preparado para dejarte seducir por la filosof\u00eda Subaru, qu\u00e9date con nosotros.\",\"publisher\":{\"@id\":\"https:\\\/\\\/www.subaru.es\\\/blog\\\/#organization\"},\"potentialAction\":[{\"@type\":\"SearchAction\",\"target\":{\"@type\":\"EntryPoint\",\"urlTemplate\":\"https:\\\/\\\/www.subaru.es\\\/blog\\\/?s={search_term_string}\"},\"query-input\":{\"@type\":\"PropertyValueSpecification\",\"valueRequired\":true,\"valueName\":\"search_term_string\"}}],\"inLanguage\":\"es\"},{\"@type\":\"Organization\",\"@id\":\"https:\\\/\\\/www.subaru.es\\\/blog\\\/#organization\",\"name\":\"Subaru Espa\u00f1a S.A.\",\"url\":\"https:\\\/\\\/www.subaru.es\\\/blog\\\/\",\"logo\":{\"@type\":\"ImageObject\",\"inLanguage\":\"es\",\"@id\":\"https:\\\/\\\/www.subaru.es\\\/blog\\\/#\\\/schema\\\/logo\\\/image\\\/\",\"url\":\"https:\\\/\\\/www.subaru.es\\\/blog\\\/wp-content\\\/uploads\\\/2016\\\/12\\\/Logo-Subaru-TypeV_C300-scaled.jpg\",\"contentUrl\":\"https:\\\/\\\/www.subaru.es\\\/blog\\\/wp-content\\\/uploads\\\/2016\\\/12\\\/Logo-Subaru-TypeV_C300-scaled.jpg\",\"width\":2560,\"height\":1864,\"caption\":\"Subaru Espa\u00f1a S.A.\"},\"image\":{\"@id\":\"https:\\\/\\\/www.subaru.es\\\/blog\\\/#\\\/schema\\\/logo\\\/image\\\/\"},\"sameAs\":[\"https:\\\/\\\/www.facebook.com\\\/subaruespana\",\"https:\\\/\\\/www.instagram.com\\\/subarues\\\/\",\"https:\\\/\\\/www.youtube.com\\\/user\\\/subaruespana\"]},{\"@type\":\"Person\",\"@id\":\"https:\\\/\\\/www.subaru.es\\\/blog\\\/#\\\/schema\\\/person\\\/19a90b892230b8e0ec752704ddf4aa10\",\"name\":\"Subaru\",\"url\":\"https:\\\/\\\/www.subaru.es\\\/blog\\\/author\\\/subaria\\\/\"}]}<\/script>\n<!-- \/ Yoast SEO plugin. -->","yoast_head_json":{"title":"As\u00ed fue la Noche de los Deseos de ANAA: m\u00e1gica y solidaria. - Universo Subaru","robots":{"index":"index","follow":"follow","max-snippet":"max-snippet:-1","max-image-preview":"max-image-preview:large","max-video-preview":"max-video-preview:-1"},"canonical":"https:\/\/www.subaru.es\/blog\/pet-lovers\/la-noche-de-los-deseos-de-anaa-subaru-petlover\/","og_locale":"es_ES","og_type":"article","og_title":"As\u00ed fue la Noche de los Deseos de ANAA: m\u00e1gica y solidaria. - Universo Subaru","og_description":"Cuando pensamos en una noche m\u00e1gica se no vienen muchas a la cabeza: la Nochevieja o la Nochebuena, la noche de San Juan, la noche de Reyes, la noche de San Lorenzo, la noche de bodas\u2026 Pero para Subaru si hay una noche especial es La Noche de los Deseos de ANAA. Es una de [&hellip;]","og_url":"https:\/\/www.subaru.es\/blog\/pet-lovers\/la-noche-de-los-deseos-de-anaa-subaru-petlover\/","og_site_name":"Universo Subaru","article_publisher":"https:\/\/www.facebook.com\/subaruespana","article_published_time":"2018-10-04T15:32:26+00:00","article_modified_time":"2022-12-16T09:51:35+00:00","og_image":[{"width":1550,"height":520,"url":"https:\/\/www.subaru.es\/blog\/wp-content\/uploads\/2018\/10\/Portada_Blog_NochedelosDeseos4.png","type":"image\/png"}],"author":"Subaru","twitter_card":"summary_large_image","twitter_misc":{"Escrito por":"Subaru","Tiempo de lectura":"3 minutos"},"schema":{"@context":"https:\/\/schema.org","@graph":[{"@type":"Article","@id":"https:\/\/www.subaru.es\/blog\/pet-lovers\/la-noche-de-los-deseos-de-anaa-subaru-petlover\/#article","isPartOf":{"@id":"https:\/\/www.subaru.es\/blog\/pet-lovers\/la-noche-de-los-deseos-de-anaa-subaru-petlover\/"},"author":{"name":"Subaru","@id":"https:\/\/www.subaru.es\/blog\/#\/schema\/person\/19a90b892230b8e0ec752704ddf4aa10"},"headline":"As\u00ed fue la Noche de los Deseos de ANAA: m\u00e1gica y solidaria.","datePublished":"2018-10-04T15:32:26+00:00","dateModified":"2022-12-16T09:51:35+00:00","mainEntityOfPage":{"@id":"https:\/\/www.subaru.es\/blog\/pet-lovers\/la-noche-de-los-deseos-de-anaa-subaru-petlover\/"},"wordCount":695,"commentCount":0,"publisher":{"@id":"https:\/\/www.subaru.es\/blog\/#organization"},"image":{"@id":"https:\/\/www.subaru.es\/blog\/pet-lovers\/la-noche-de-los-deseos-de-anaa-subaru-petlover\/#primaryimage"},"thumbnailUrl":"https:\/\/www.subaru.es\/blog\/wp-content\/uploads\/2018\/10\/Portada_Blog_NochedelosDeseos4.png","keywords":["adopci\u00f3n mascotas","Adopta No Compres","ANAA","asociaci\u00f3n protectora de animales","causa solidaria","concurso perro sin raza","h\u00e9roes de ANAA","huellita de oro","La Noche de los Deseos","Mascotas","petlover","subaru espa\u00f1a","Subaru Spain","SubaruPetLovers","tenencia responsable"],"articleSection":["Pet lovers","Subaru LifeStyle"],"inLanguage":"es","potentialAction":[{"@type":"CommentAction","name":"Comment","target":["https:\/\/www.subaru.es\/blog\/pet-lovers\/la-noche-de-los-deseos-de-anaa-subaru-petlover\/#respond"]}]},{"@type":"WebPage","@id":"https:\/\/www.subaru.es\/blog\/pet-lovers\/la-noche-de-los-deseos-de-anaa-subaru-petlover\/","url":"https:\/\/www.subaru.es\/blog\/pet-lovers\/la-noche-de-los-deseos-de-anaa-subaru-petlover\/","name":"As\u00ed fue la Noche de los Deseos de ANAA: m\u00e1gica y solidaria. - Universo Subaru","isPartOf":{"@id":"https:\/\/www.subaru.es\/blog\/#website"},"primaryImageOfPage":{"@id":"https:\/\/www.subaru.es\/blog\/pet-lovers\/la-noche-de-los-deseos-de-anaa-subaru-petlover\/#primaryimage"},"image":{"@id":"https:\/\/www.subaru.es\/blog\/pet-lovers\/la-noche-de-los-deseos-de-anaa-subaru-petlover\/#primaryimage"},"thumbnailUrl":"https:\/\/www.subaru.es\/blog\/wp-content\/uploads\/2018\/10\/Portada_Blog_NochedelosDeseos4.png","datePublished":"2018-10-04T15:32:26+00:00","dateModified":"2022-12-16T09:51:35+00:00","breadcrumb":{"@id":"https:\/\/www.subaru.es\/blog\/pet-lovers\/la-noche-de-los-deseos-de-anaa-subaru-petlover\/#breadcrumb"},"inLanguage":"es","potentialAction":[{"@type":"ReadAction","target":["https:\/\/www.subaru.es\/blog\/pet-lovers\/la-noche-de-los-deseos-de-anaa-subaru-petlover\/"]}]},{"@type":"ImageObject","inLanguage":"es","@id":"https:\/\/www.subaru.es\/blog\/pet-lovers\/la-noche-de-los-deseos-de-anaa-subaru-petlover\/#primaryimage","url":"https:\/\/www.subaru.es\/blog\/wp-content\/uploads\/2018\/10\/Portada_Blog_NochedelosDeseos4.png","contentUrl":"https:\/\/www.subaru.es\/blog\/wp-content\/uploads\/2018\/10\/Portada_Blog_NochedelosDeseos4.png","width":1550,"height":520},{"@type":"BreadcrumbList","@id":"https:\/\/www.subaru.es\/blog\/pet-lovers\/la-noche-de-los-deseos-de-anaa-subaru-petlover\/#breadcrumb","itemListElement":[{"@type":"ListItem","position":1,"name":"Portada","item":"https:\/\/www.subaru.es\/blog\/"},{"@type":"ListItem","position":2,"name":"As\u00ed fue la Noche de los Deseos de ANAA: m\u00e1gica y solidaria."}]},{"@type":"WebSite","@id":"https:\/\/www.subaru.es\/blog\/#website","url":"https:\/\/www.subaru.es\/blog\/","name":"Universo Subaru","description":"Descubre este apasionante espacio de Subaru donde vas a conocer todo sobre nuestros coches y las experiencias que vivimos con ellos. Si est\u00e1s preparado para dejarte seducir por la filosof\u00eda Subaru, qu\u00e9date con nosotros.","publisher":{"@id":"https:\/\/www.subaru.es\/blog\/#organization"},"potentialAction":[{"@type":"SearchAction","target":{"@type":"EntryPoint","urlTemplate":"https:\/\/www.subaru.es\/blog\/?s={search_term_string}"},"query-input":{"@type":"PropertyValueSpecification","valueRequired":true,"valueName":"search_term_string"}}],"inLanguage":"es"},{"@type":"Organization","@id":"https:\/\/www.subaru.es\/blog\/#organization","name":"Subaru Espa\u00f1a S.A.","url":"https:\/\/www.subaru.es\/blog\/","logo":{"@type":"ImageObject","inLanguage":"es","@id":"https:\/\/www.subaru.es\/blog\/#\/schema\/logo\/image\/","url":"https:\/\/www.subaru.es\/blog\/wp-content\/uploads\/2016\/12\/Logo-Subaru-TypeV_C300-scaled.jpg","contentUrl":"https:\/\/www.subaru.es\/blog\/wp-content\/uploads\/2016\/12\/Logo-Subaru-TypeV_C300-scaled.jpg","width":2560,"height":1864,"caption":"Subaru Espa\u00f1a S.A."},"image":{"@id":"https:\/\/www.subaru.es\/blog\/#\/schema\/logo\/image\/"},"sameAs":["https:\/\/www.facebook.com\/subaruespana","https:\/\/www.instagram.com\/subarues\/","https:\/\/www.youtube.com\/user\/subaruespana"]},{"@type":"Person","@id":"https:\/\/www.subaru.es\/blog\/#\/schema\/person\/19a90b892230b8e0ec752704ddf4aa10","name":"Subaru","url":"https:\/\/www.subaru.es\/blog\/author\/subaria\/"}]}},"_links":{"self":[{"href":"https:\/\/www.subaru.es\/blog\/wp-json\/wp\/v2\/posts\/19970","targetHints":{"allow":["GET"]}}],"collection":[{"href":"https:\/\/www.subaru.es\/blog\/wp-json\/wp\/v2\/posts"}],"about":[{"href":"https:\/\/www.subaru.es\/blog\/wp-json\/wp\/v2\/types\/post"}],"author":[{"embeddable":true,"href":"https:\/\/www.subaru.es\/blog\/wp-json\/wp\/v2\/users\/21"}],"replies":[{"embeddable":true,"href":"https:\/\/www.subaru.es\/blog\/wp-json\/wp\/v2\/comments?post=19970"}],"version-history":[{"count":8,"href":"https:\/\/www.subaru.es\/blog\/wp-json\/wp\/v2\/posts\/19970\/revisions"}],"predecessor-version":[{"id":22151,"href":"https:\/\/www.subaru.es\/blog\/wp-json\/wp\/v2\/posts\/19970\/revisions\/22151"}],"wp:featuredmedia":[{"embeddable":true,"href":"https:\/\/www.subaru.es\/blog\/wp-json\/wp\/v2\/media\/19984"}],"wp:attachment":[{"href":"https:\/\/www.subaru.es\/blog\/wp-json\/wp\/v2\/media?parent=19970"}],"wp:term":[{"taxonomy":"category","embeddable":true,"href":"https:\/\/www.subaru.es\/blog\/wp-json\/wp\/v2\/categories?post=19970"},{"taxonomy":"post_tag","embeddable":true,"href":"https:\/\/www.subaru.es\/blog\/wp-json\/wp\/v2\/tags?post=19970"}],"curies":[{"name":"wp","href":"https:\/\/api.w.org\/{rel}","templated":true}]}}