{"id":1987,"date":"2009-04-02T09:39:03","date_gmt":"2009-04-02T07:39:03","guid":{"rendered":"http:\/\/subaru.preproduccion.com\/blog\/wp-content\/2009\/04\/02\/el-nuevo-subaru-impreza-20i-rn-llega-a-argentina\/"},"modified":"2020-08-06T11:44:14","modified_gmt":"2020-08-06T09:44:14","slug":"el-nuevo-subaru-impreza-20i-rn-llega-a-argentina","status":"publish","type":"post","link":"https:\/\/www.subaru.es\/blog\/nuestra-marca\/el-nuevo-subaru-impreza-20i-rn-llega-a-argentina\/","title":{"rendered":"El nuevo Subaru Impreza 2.0i RN llega a Argentina"},"content":{"rendered":"<p><a href='https:\/\/www.subaru.es\/blog\/wp-content\/uploads\/2009\/03\/wukzrxij2r8l.jpg' title='Nuevo Impreza'><img data-src='https:\/\/www.subaru.es\/blog\/wp-content\/uploads\/2009\/03\/wukzrxij2r8l.jpg' alt='Nuevo Impreza' src='data:image\/svg+xml;base64,PHN2ZyB3aWR0aD0iMSIgaGVpZ2h0PSIxIiB4bWxucz0iaHR0cDovL3d3dy53My5vcmcvMjAwMC9zdmciPjwvc3ZnPg==' class='lazyload' style='--smush-placeholder-width: 435px; --smush-placeholder-aspect-ratio: 435\/183;' \/><\/a><\/p>\n<p><strong>Subaru <\/strong>ha lanzado en <strong>Argentina <\/strong>un nuevo nivel de acabado para el <strong>Impreza<\/strong>, que ahora est\u00e1 equipado con un <strong>motor B\u00f3xer de 2.0 litros y 150 CV<\/strong>. Bajo la denominaci\u00f3n <strong>RN<\/strong>, mejora la dotaci\u00f3n de serie de la hasta ahora \u00fanica terminaci\u00f3n \u2018R\u2019.<\/p>\n<p>El equipamiento de serie de este veh\u00edculo incluye <strong>ABS + EBD, climatizador autom\u00e1tico, seis airbag, techo solar el\u00e9ctrico, paquete el\u00e9ctrico, llantas de aleaci\u00f3n, faros antiniebla o asiento posterior abatible<\/strong>, entre otros.<\/p>\n<p>Esta nueva variante incluye el sistema de <strong>tracci\u00f3n total AWD <\/strong>y puede combinarse con <strong>caja manual de 5 velocidades o autom\u00e1tica de 4<\/strong>. Adem\u00e1s, incluye tracci\u00f3n integral permanente.<\/p>\n<p>De este veh\u00edculo tambi\u00e9n hay que destacar su <strong>garant\u00eda de cinco a\u00f1os <\/strong>\u00f3 100 mil kil\u00f3metros, as\u00ed como su mantenimiento cada 15 mil kil\u00f3metros.<\/p>\n","protected":false},"excerpt":{"rendered":"<p>Subaru ha lanzado en Argentina un nuevo nivel de acabado para el Impreza, que ahora est\u00e1 equipado con un motor B\u00f3xer de 2.0 litros y 150 CV. Bajo la denominaci\u00f3n RN, mejora la dotaci\u00f3n de serie de la hasta ahora \u00fanica terminaci\u00f3n \u2018R\u2019. El equipamiento de serie de este veh\u00edculo incluye ABS + EBD, climatizador [&hellip;]<\/p>\n","protected":false},"author":21,"featured_media":1989,"comment_status":"open","ping_status":"open","sticky":false,"template":"","format":"standard","meta":{"_acf_changed":false,"_eb_attr":"","inline_featured_image":false,"footnotes":""},"categories":[4401],"tags":[2159,398,2166,174,1453,2160,2165,2167,2164,2163,2158,2161,4390,2157,2162,1714],"class_list":["post-1987","post","type-post","status-publish","format-standard","has-post-thumbnail","hentry","category-nuestra-marca","tag-abs-ebd","tag-argentina","tag-asiento-posterior-abatible","tag-boxer","tag-caja-manual","tag-climatizador-automatico","tag-faros-antiniebla","tag-garantia-de-cinco-anos","tag-llantas-de-aleacion","tag-paquete-electrico","tag-rn","tag-seis-airbag","tag-subaru","tag-subaru-impreza-20i-rn","tag-techo-solar-electrico","tag-traccion-total-awd"],"acf":[],"yoast_head":"<!-- This site is optimized with the Yoast SEO plugin v27.3 - https:\/\/yoast.com\/product\/yoast-seo-wordpress\/ -->\n<title>El nuevo Subaru Impreza 2.0i RN llega a Argentina - Universo Subaru<\/title>\n<meta name=\"robots\" content=\"index, follow, max-snippet:-1, max-image-preview:large, max-video-preview:-1\" \/>\n<link rel=\"canonical\" href=\"https:\/\/www.subaru.es\/blog\/nuestra-marca\/el-nuevo-subaru-impreza-20i-rn-llega-a-argentina\/\" \/>\n<meta property=\"og:locale\" content=\"es_ES\" \/>\n<meta property=\"og:type\" content=\"article\" \/>\n<meta property=\"og:title\" content=\"El nuevo Subaru Impreza 2.0i RN llega a Argentina - Universo Subaru\" \/>\n<meta property=\"og:description\" content=\"Subaru ha lanzado en Argentina un nuevo nivel de acabado para el Impreza, que ahora est\u00e1 equipado con un motor B\u00f3xer de 2.0 litros y 150 CV. Bajo la denominaci\u00f3n RN, mejora la dotaci\u00f3n de serie de la hasta ahora \u00fanica terminaci\u00f3n \u2018R\u2019. El equipamiento de serie de este veh\u00edculo incluye ABS + EBD, climatizador [&hellip;]\" \/>\n<meta property=\"og:url\" content=\"https:\/\/www.subaru.es\/blog\/nuestra-marca\/el-nuevo-subaru-impreza-20i-rn-llega-a-argentina\/\" \/>\n<meta property=\"og:site_name\" content=\"Universo Subaru\" \/>\n<meta property=\"article:publisher\" content=\"https:\/\/www.facebook.com\/subaruespana\" \/>\n<meta property=\"article:published_time\" content=\"2009-04-02T07:39:03+00:00\" \/>\n<meta property=\"article:modified_time\" content=\"2020-08-06T09:44:14+00:00\" \/>\n<meta property=\"og:image\" content=\"https:\/\/www.subaru.es\/blog\/wp-content\/uploads\/2009\/03\/wukzrxij2r8l.jpg\" \/>\n\t<meta property=\"og:image:width\" content=\"435\" \/>\n\t<meta property=\"og:image:height\" content=\"183\" \/>\n\t<meta property=\"og:image:type\" content=\"image\/jpeg\" \/>\n<meta name=\"author\" content=\"Subaru\" \/>\n<meta name=\"twitter:card\" content=\"summary_large_image\" \/>\n<meta name=\"twitter:label1\" content=\"Escrito por\" \/>\n\t<meta name=\"twitter:data1\" content=\"Subaru\" \/>\n\t<meta name=\"twitter:label2\" content=\"Tiempo de lectura\" \/>\n\t<meta name=\"twitter:data2\" content=\"1 minuto\" \/>\n<script type=\"application\/ld+json\" class=\"yoast-schema-graph\">{\"@context\":\"https:\\\/\\\/schema.org\",\"@graph\":[{\"@type\":\"Article\",\"@id\":\"https:\\\/\\\/www.subaru.es\\\/blog\\\/nuestra-marca\\\/el-nuevo-subaru-impreza-20i-rn-llega-a-argentina\\\/#article\",\"isPartOf\":{\"@id\":\"https:\\\/\\\/www.subaru.es\\\/blog\\\/nuestra-marca\\\/el-nuevo-subaru-impreza-20i-rn-llega-a-argentina\\\/\"},\"author\":{\"name\":\"Subaru\",\"@id\":\"https:\\\/\\\/www.subaru.es\\\/blog\\\/#\\\/schema\\\/person\\\/19a90b892230b8e0ec752704ddf4aa10\"},\"headline\":\"El nuevo Subaru Impreza 2.0i RN llega a Argentina\",\"datePublished\":\"2009-04-02T07:39:03+00:00\",\"dateModified\":\"2020-08-06T09:44:14+00:00\",\"mainEntityOfPage\":{\"@id\":\"https:\\\/\\\/www.subaru.es\\\/blog\\\/nuestra-marca\\\/el-nuevo-subaru-impreza-20i-rn-llega-a-argentina\\\/\"},\"wordCount\":146,\"commentCount\":0,\"publisher\":{\"@id\":\"https:\\\/\\\/www.subaru.es\\\/blog\\\/#organization\"},\"image\":{\"@id\":\"https:\\\/\\\/www.subaru.es\\\/blog\\\/nuestra-marca\\\/el-nuevo-subaru-impreza-20i-rn-llega-a-argentina\\\/#primaryimage\"},\"thumbnailUrl\":\"https:\\\/\\\/www.subaru.es\\\/blog\\\/wp-content\\\/uploads\\\/2009\\\/03\\\/wukzrxij2r8l.jpg\",\"keywords\":[\"ABS + EBD\",\"argentina\",\"asiento posterior abatible\",\"boxer\",\"caja manual\",\"climatizador autom\u00e1tico\",\"faros antiniebla\",\"garant\u00eda de cinco a\u00f1os\",\"llantas de aleaci\u00f3n\",\"paquete el\u00e9ctrico\",\"RN\",\"seis airbag\",\"Subaru\",\"Subaru Impreza 2.0i RN\",\"techo solar el\u00e9ctrico\",\"tracci\u00f3n total AWD\"],\"articleSection\":[\"Nuestra marca\"],\"inLanguage\":\"es\",\"potentialAction\":[{\"@type\":\"CommentAction\",\"name\":\"Comment\",\"target\":[\"https:\\\/\\\/www.subaru.es\\\/blog\\\/nuestra-marca\\\/el-nuevo-subaru-impreza-20i-rn-llega-a-argentina\\\/#respond\"]}]},{\"@type\":\"WebPage\",\"@id\":\"https:\\\/\\\/www.subaru.es\\\/blog\\\/nuestra-marca\\\/el-nuevo-subaru-impreza-20i-rn-llega-a-argentina\\\/\",\"url\":\"https:\\\/\\\/www.subaru.es\\\/blog\\\/nuestra-marca\\\/el-nuevo-subaru-impreza-20i-rn-llega-a-argentina\\\/\",\"name\":\"El nuevo Subaru Impreza 2.0i RN llega a Argentina - Universo Subaru\",\"isPartOf\":{\"@id\":\"https:\\\/\\\/www.subaru.es\\\/blog\\\/#website\"},\"primaryImageOfPage\":{\"@id\":\"https:\\\/\\\/www.subaru.es\\\/blog\\\/nuestra-marca\\\/el-nuevo-subaru-impreza-20i-rn-llega-a-argentina\\\/#primaryimage\"},\"image\":{\"@id\":\"https:\\\/\\\/www.subaru.es\\\/blog\\\/nuestra-marca\\\/el-nuevo-subaru-impreza-20i-rn-llega-a-argentina\\\/#primaryimage\"},\"thumbnailUrl\":\"https:\\\/\\\/www.subaru.es\\\/blog\\\/wp-content\\\/uploads\\\/2009\\\/03\\\/wukzrxij2r8l.jpg\",\"datePublished\":\"2009-04-02T07:39:03+00:00\",\"dateModified\":\"2020-08-06T09:44:14+00:00\",\"breadcrumb\":{\"@id\":\"https:\\\/\\\/www.subaru.es\\\/blog\\\/nuestra-marca\\\/el-nuevo-subaru-impreza-20i-rn-llega-a-argentina\\\/#breadcrumb\"},\"inLanguage\":\"es\",\"potentialAction\":[{\"@type\":\"ReadAction\",\"target\":[\"https:\\\/\\\/www.subaru.es\\\/blog\\\/nuestra-marca\\\/el-nuevo-subaru-impreza-20i-rn-llega-a-argentina\\\/\"]}]},{\"@type\":\"ImageObject\",\"inLanguage\":\"es\",\"@id\":\"https:\\\/\\\/www.subaru.es\\\/blog\\\/nuestra-marca\\\/el-nuevo-subaru-impreza-20i-rn-llega-a-argentina\\\/#primaryimage\",\"url\":\"https:\\\/\\\/www.subaru.es\\\/blog\\\/wp-content\\\/uploads\\\/2009\\\/03\\\/wukzrxij2r8l.jpg\",\"contentUrl\":\"https:\\\/\\\/www.subaru.es\\\/blog\\\/wp-content\\\/uploads\\\/2009\\\/03\\\/wukzrxij2r8l.jpg\",\"width\":435,\"height\":183},{\"@type\":\"BreadcrumbList\",\"@id\":\"https:\\\/\\\/www.subaru.es\\\/blog\\\/nuestra-marca\\\/el-nuevo-subaru-impreza-20i-rn-llega-a-argentina\\\/#breadcrumb\",\"itemListElement\":[{\"@type\":\"ListItem\",\"position\":1,\"name\":\"Portada\",\"item\":\"https:\\\/\\\/www.subaru.es\\\/blog\\\/\"},{\"@type\":\"ListItem\",\"position\":2,\"name\":\"El nuevo Subaru Impreza 2.0i RN llega a Argentina\"}]},{\"@type\":\"WebSite\",\"@id\":\"https:\\\/\\\/www.subaru.es\\\/blog\\\/#website\",\"url\":\"https:\\\/\\\/www.subaru.es\\\/blog\\\/\",\"name\":\"Universo Subaru\",\"description\":\"Descubre este apasionante espacio de Subaru donde vas a conocer todo sobre nuestros coches y las experiencias que vivimos con ellos. Si est\u00e1s preparado para dejarte seducir por la filosof\u00eda Subaru, qu\u00e9date con nosotros.\",\"publisher\":{\"@id\":\"https:\\\/\\\/www.subaru.es\\\/blog\\\/#organization\"},\"potentialAction\":[{\"@type\":\"SearchAction\",\"target\":{\"@type\":\"EntryPoint\",\"urlTemplate\":\"https:\\\/\\\/www.subaru.es\\\/blog\\\/?s={search_term_string}\"},\"query-input\":{\"@type\":\"PropertyValueSpecification\",\"valueRequired\":true,\"valueName\":\"search_term_string\"}}],\"inLanguage\":\"es\"},{\"@type\":\"Organization\",\"@id\":\"https:\\\/\\\/www.subaru.es\\\/blog\\\/#organization\",\"name\":\"Subaru Espa\u00f1a S.A.\",\"url\":\"https:\\\/\\\/www.subaru.es\\\/blog\\\/\",\"logo\":{\"@type\":\"ImageObject\",\"inLanguage\":\"es\",\"@id\":\"https:\\\/\\\/www.subaru.es\\\/blog\\\/#\\\/schema\\\/logo\\\/image\\\/\",\"url\":\"https:\\\/\\\/www.subaru.es\\\/blog\\\/wp-content\\\/uploads\\\/2016\\\/12\\\/Logo-Subaru-TypeV_C300-scaled.jpg\",\"contentUrl\":\"https:\\\/\\\/www.subaru.es\\\/blog\\\/wp-content\\\/uploads\\\/2016\\\/12\\\/Logo-Subaru-TypeV_C300-scaled.jpg\",\"width\":2560,\"height\":1864,\"caption\":\"Subaru Espa\u00f1a S.A.\"},\"image\":{\"@id\":\"https:\\\/\\\/www.subaru.es\\\/blog\\\/#\\\/schema\\\/logo\\\/image\\\/\"},\"sameAs\":[\"https:\\\/\\\/www.facebook.com\\\/subaruespana\",\"https:\\\/\\\/www.instagram.com\\\/subarues\\\/\",\"https:\\\/\\\/www.youtube.com\\\/user\\\/subaruespana\"]},{\"@type\":\"Person\",\"@id\":\"https:\\\/\\\/www.subaru.es\\\/blog\\\/#\\\/schema\\\/person\\\/19a90b892230b8e0ec752704ddf4aa10\",\"name\":\"Subaru\",\"url\":\"https:\\\/\\\/www.subaru.es\\\/blog\\\/author\\\/subaria\\\/\"}]}<\/script>\n<!-- \/ Yoast SEO plugin. -->","yoast_head_json":{"title":"El nuevo Subaru Impreza 2.0i RN llega a Argentina - Universo Subaru","robots":{"index":"index","follow":"follow","max-snippet":"max-snippet:-1","max-image-preview":"max-image-preview:large","max-video-preview":"max-video-preview:-1"},"canonical":"https:\/\/www.subaru.es\/blog\/nuestra-marca\/el-nuevo-subaru-impreza-20i-rn-llega-a-argentina\/","og_locale":"es_ES","og_type":"article","og_title":"El nuevo Subaru Impreza 2.0i RN llega a Argentina - Universo Subaru","og_description":"Subaru ha lanzado en Argentina un nuevo nivel de acabado para el Impreza, que ahora est\u00e1 equipado con un motor B\u00f3xer de 2.0 litros y 150 CV. Bajo la denominaci\u00f3n RN, mejora la dotaci\u00f3n de serie de la hasta ahora \u00fanica terminaci\u00f3n \u2018R\u2019. El equipamiento de serie de este veh\u00edculo incluye ABS + EBD, climatizador [&hellip;]","og_url":"https:\/\/www.subaru.es\/blog\/nuestra-marca\/el-nuevo-subaru-impreza-20i-rn-llega-a-argentina\/","og_site_name":"Universo Subaru","article_publisher":"https:\/\/www.facebook.com\/subaruespana","article_published_time":"2009-04-02T07:39:03+00:00","article_modified_time":"2020-08-06T09:44:14+00:00","og_image":[{"width":435,"height":183,"url":"https:\/\/www.subaru.es\/blog\/wp-content\/uploads\/2009\/03\/wukzrxij2r8l.jpg","type":"image\/jpeg"}],"author":"Subaru","twitter_card":"summary_large_image","twitter_misc":{"Escrito por":"Subaru","Tiempo de lectura":"1 minuto"},"schema":{"@context":"https:\/\/schema.org","@graph":[{"@type":"Article","@id":"https:\/\/www.subaru.es\/blog\/nuestra-marca\/el-nuevo-subaru-impreza-20i-rn-llega-a-argentina\/#article","isPartOf":{"@id":"https:\/\/www.subaru.es\/blog\/nuestra-marca\/el-nuevo-subaru-impreza-20i-rn-llega-a-argentina\/"},"author":{"name":"Subaru","@id":"https:\/\/www.subaru.es\/blog\/#\/schema\/person\/19a90b892230b8e0ec752704ddf4aa10"},"headline":"El nuevo Subaru Impreza 2.0i RN llega a Argentina","datePublished":"2009-04-02T07:39:03+00:00","dateModified":"2020-08-06T09:44:14+00:00","mainEntityOfPage":{"@id":"https:\/\/www.subaru.es\/blog\/nuestra-marca\/el-nuevo-subaru-impreza-20i-rn-llega-a-argentina\/"},"wordCount":146,"commentCount":0,"publisher":{"@id":"https:\/\/www.subaru.es\/blog\/#organization"},"image":{"@id":"https:\/\/www.subaru.es\/blog\/nuestra-marca\/el-nuevo-subaru-impreza-20i-rn-llega-a-argentina\/#primaryimage"},"thumbnailUrl":"https:\/\/www.subaru.es\/blog\/wp-content\/uploads\/2009\/03\/wukzrxij2r8l.jpg","keywords":["ABS + EBD","argentina","asiento posterior abatible","boxer","caja manual","climatizador autom\u00e1tico","faros antiniebla","garant\u00eda de cinco a\u00f1os","llantas de aleaci\u00f3n","paquete el\u00e9ctrico","RN","seis airbag","Subaru","Subaru Impreza 2.0i RN","techo solar el\u00e9ctrico","tracci\u00f3n total AWD"],"articleSection":["Nuestra marca"],"inLanguage":"es","potentialAction":[{"@type":"CommentAction","name":"Comment","target":["https:\/\/www.subaru.es\/blog\/nuestra-marca\/el-nuevo-subaru-impreza-20i-rn-llega-a-argentina\/#respond"]}]},{"@type":"WebPage","@id":"https:\/\/www.subaru.es\/blog\/nuestra-marca\/el-nuevo-subaru-impreza-20i-rn-llega-a-argentina\/","url":"https:\/\/www.subaru.es\/blog\/nuestra-marca\/el-nuevo-subaru-impreza-20i-rn-llega-a-argentina\/","name":"El nuevo Subaru Impreza 2.0i RN llega a Argentina - Universo Subaru","isPartOf":{"@id":"https:\/\/www.subaru.es\/blog\/#website"},"primaryImageOfPage":{"@id":"https:\/\/www.subaru.es\/blog\/nuestra-marca\/el-nuevo-subaru-impreza-20i-rn-llega-a-argentina\/#primaryimage"},"image":{"@id":"https:\/\/www.subaru.es\/blog\/nuestra-marca\/el-nuevo-subaru-impreza-20i-rn-llega-a-argentina\/#primaryimage"},"thumbnailUrl":"https:\/\/www.subaru.es\/blog\/wp-content\/uploads\/2009\/03\/wukzrxij2r8l.jpg","datePublished":"2009-04-02T07:39:03+00:00","dateModified":"2020-08-06T09:44:14+00:00","breadcrumb":{"@id":"https:\/\/www.subaru.es\/blog\/nuestra-marca\/el-nuevo-subaru-impreza-20i-rn-llega-a-argentina\/#breadcrumb"},"inLanguage":"es","potentialAction":[{"@type":"ReadAction","target":["https:\/\/www.subaru.es\/blog\/nuestra-marca\/el-nuevo-subaru-impreza-20i-rn-llega-a-argentina\/"]}]},{"@type":"ImageObject","inLanguage":"es","@id":"https:\/\/www.subaru.es\/blog\/nuestra-marca\/el-nuevo-subaru-impreza-20i-rn-llega-a-argentina\/#primaryimage","url":"https:\/\/www.subaru.es\/blog\/wp-content\/uploads\/2009\/03\/wukzrxij2r8l.jpg","contentUrl":"https:\/\/www.subaru.es\/blog\/wp-content\/uploads\/2009\/03\/wukzrxij2r8l.jpg","width":435,"height":183},{"@type":"BreadcrumbList","@id":"https:\/\/www.subaru.es\/blog\/nuestra-marca\/el-nuevo-subaru-impreza-20i-rn-llega-a-argentina\/#breadcrumb","itemListElement":[{"@type":"ListItem","position":1,"name":"Portada","item":"https:\/\/www.subaru.es\/blog\/"},{"@type":"ListItem","position":2,"name":"El nuevo Subaru Impreza 2.0i RN llega a Argentina"}]},{"@type":"WebSite","@id":"https:\/\/www.subaru.es\/blog\/#website","url":"https:\/\/www.subaru.es\/blog\/","name":"Universo Subaru","description":"Descubre este apasionante espacio de Subaru donde vas a conocer todo sobre nuestros coches y las experiencias que vivimos con ellos. Si est\u00e1s preparado para dejarte seducir por la filosof\u00eda Subaru, qu\u00e9date con nosotros.","publisher":{"@id":"https:\/\/www.subaru.es\/blog\/#organization"},"potentialAction":[{"@type":"SearchAction","target":{"@type":"EntryPoint","urlTemplate":"https:\/\/www.subaru.es\/blog\/?s={search_term_string}"},"query-input":{"@type":"PropertyValueSpecification","valueRequired":true,"valueName":"search_term_string"}}],"inLanguage":"es"},{"@type":"Organization","@id":"https:\/\/www.subaru.es\/blog\/#organization","name":"Subaru Espa\u00f1a S.A.","url":"https:\/\/www.subaru.es\/blog\/","logo":{"@type":"ImageObject","inLanguage":"es","@id":"https:\/\/www.subaru.es\/blog\/#\/schema\/logo\/image\/","url":"https:\/\/www.subaru.es\/blog\/wp-content\/uploads\/2016\/12\/Logo-Subaru-TypeV_C300-scaled.jpg","contentUrl":"https:\/\/www.subaru.es\/blog\/wp-content\/uploads\/2016\/12\/Logo-Subaru-TypeV_C300-scaled.jpg","width":2560,"height":1864,"caption":"Subaru Espa\u00f1a S.A."},"image":{"@id":"https:\/\/www.subaru.es\/blog\/#\/schema\/logo\/image\/"},"sameAs":["https:\/\/www.facebook.com\/subaruespana","https:\/\/www.instagram.com\/subarues\/","https:\/\/www.youtube.com\/user\/subaruespana"]},{"@type":"Person","@id":"https:\/\/www.subaru.es\/blog\/#\/schema\/person\/19a90b892230b8e0ec752704ddf4aa10","name":"Subaru","url":"https:\/\/www.subaru.es\/blog\/author\/subaria\/"}]}},"_links":{"self":[{"href":"https:\/\/www.subaru.es\/blog\/wp-json\/wp\/v2\/posts\/1987","targetHints":{"allow":["GET"]}}],"collection":[{"href":"https:\/\/www.subaru.es\/blog\/wp-json\/wp\/v2\/posts"}],"about":[{"href":"https:\/\/www.subaru.es\/blog\/wp-json\/wp\/v2\/types\/post"}],"author":[{"embeddable":true,"href":"https:\/\/www.subaru.es\/blog\/wp-json\/wp\/v2\/users\/21"}],"replies":[{"embeddable":true,"href":"https:\/\/www.subaru.es\/blog\/wp-json\/wp\/v2\/comments?post=1987"}],"version-history":[{"count":1,"href":"https:\/\/www.subaru.es\/blog\/wp-json\/wp\/v2\/posts\/1987\/revisions"}],"predecessor-version":[{"id":15244,"href":"https:\/\/www.subaru.es\/blog\/wp-json\/wp\/v2\/posts\/1987\/revisions\/15244"}],"wp:featuredmedia":[{"embeddable":true,"href":"https:\/\/www.subaru.es\/blog\/wp-json\/wp\/v2\/media\/1989"}],"wp:attachment":[{"href":"https:\/\/www.subaru.es\/blog\/wp-json\/wp\/v2\/media?parent=1987"}],"wp:term":[{"taxonomy":"category","embeddable":true,"href":"https:\/\/www.subaru.es\/blog\/wp-json\/wp\/v2\/categories?post=1987"},{"taxonomy":"post_tag","embeddable":true,"href":"https:\/\/www.subaru.es\/blog\/wp-json\/wp\/v2\/tags?post=1987"}],"curies":[{"name":"wp","href":"https:\/\/api.w.org\/{rel}","templated":true}]}}