{"id":19636,"date":"2018-07-20T09:34:53","date_gmt":"2018-07-20T07:34:53","guid":{"rendered":"https:\/\/www.subaru.es\/blog\/?p=19636"},"modified":"2022-12-16T11:51:50","modified_gmt":"2022-12-16T09:51:50","slug":"perroton-madrid-2018","status":"publish","type":"post","link":"https:\/\/www.subaru.es\/blog\/pet-lovers\/perroton-madrid-2018\/","title":{"rendered":"Corre contra el abandono en la carrera solidaria Perrot\u00f3n 2018"},"content":{"rendered":"<p><strong>El 14 de octubre se celebra la VII Edici\u00f3n de Perrot\u00f3n Madrid con el apoyo de Subaru y \u00a1las inscripciones ya est\u00e1n abiertas!<\/strong><\/p>\n<p>Cada a\u00f1o, al llegar octubre, los perros se convierten por un d\u00eda en los reyes de La Castellana. Es cuando se celebra <strong><a href=\"http:\/\/www.perroton.org\/\" target=\"_blank\" rel=\"noopener noreferrer\">Perrot\u00f3n<\/a><\/strong>, <strong>la carrera por la adopci\u00f3n y tenencia responsable de animales<\/strong>. Esta cita es mitad evento deportivo, mitad evento solidario puesto que parte de lo recaudado en la venta de dorsales va destinado a la&nbsp;Asociaci\u00f3n Nacional Sin \u00c1nimo de Lucro Perrot\u00f3n.<\/p>\n<p><img decoding=\"async\" class=\"aligncenter wp-image-19638 lazyload\" data-src=\"https:\/\/www.subaru.es\/blog\/wp-content\/uploads\/2018\/07\/BANNER-OFICIAL-PERROTON-MADRID-2018-560x210.png\" alt=\"\" width=\"688\" height=\"258\" data-srcset=\"https:\/\/www.subaru.es\/blog\/wp-content\/uploads\/2018\/07\/BANNER-OFICIAL-PERROTON-MADRID-2018-560x210.png 560w, https:\/\/www.subaru.es\/blog\/wp-content\/uploads\/2018\/07\/BANNER-OFICIAL-PERROTON-MADRID-2018-1440x540.png 1440w, https:\/\/www.subaru.es\/blog\/wp-content\/uploads\/2018\/07\/BANNER-OFICIAL-PERROTON-MADRID-2018-768x288.png 768w, https:\/\/www.subaru.es\/blog\/wp-content\/uploads\/2018\/07\/BANNER-OFICIAL-PERROTON-MADRID-2018-1536x576.png 1536w, https:\/\/www.subaru.es\/blog\/wp-content\/uploads\/2018\/07\/BANNER-OFICIAL-PERROTON-MADRID-2018-2048x768.png 2048w\" data-sizes=\"(max-width: 688px) 100vw, 688px\" src=\"data:image\/svg+xml;base64,PHN2ZyB3aWR0aD0iMSIgaGVpZ2h0PSIxIiB4bWxucz0iaHR0cDovL3d3dy53My5vcmcvMjAwMC9zdmciPjwvc3ZnPg==\" style=\"--smush-placeholder-width: 688px; --smush-placeholder-aspect-ratio: 688\/258;\" \/><\/p>\n<p>En <strong><a href=\"https:\/\/www.subaru.es\/\" target=\"_blank\" rel=\"noopener noreferrer\">Subaru<\/a><\/strong><strong>, que llevamos muchos <a href=\"https:\/\/www.subaru.es\/blog\/pet-lovers\/subaru-vehiculo-oficial-del-perroton\/\" target=\"_blank\" rel=\"noopener noreferrer\">a\u00f1os apoyando la iniciativa<\/a><\/strong>, hemos visto como con cada convocatoria el n\u00famero de participantes ha ido en aumento. Lo que a primera vista se traduce en m\u00e1s corredores, es en realidad una sociedad m\u00e1s concienciada, capaz de defender su compromiso con los animales de compa\u00f1\u00eda y ese es, sin duda, el mayor aliciente para seguir al pie del ca\u00f1\u00f3n d\u00eda tras d\u00eda. De hecho, \u00a1<strong>este a\u00f1o esperamos que m\u00e1s de 4.500 amigos de toda Espa\u00f1a corran con sus amigos peludos<\/strong>!<br \/>\n<iframe data-src=\"https:\/\/www.youtube.com\/embed\/haL5oDwRBb0\" width=\"560\" height=\"315\" frameborder=\"0\" allowfullscreen=\"allowfullscreen\" src=\"data:image\/svg+xml;base64,PHN2ZyB3aWR0aD0iMSIgaGVpZ2h0PSIxIiB4bWxucz0iaHR0cDovL3d3dy53My5vcmcvMjAwMC9zdmciPjwvc3ZnPg==\" class=\"lazyload\" data-load-mode=\"1\"><\/iframe><\/p>\n<p><strong>CORREDORES EXPERTOS Y NOVATOS<\/strong><\/p>\n<p><a href=\"https:\/\/www.subaru.es\/blog\/pet-lovers\/4-000-dog-lovers-perroton-madrid-2017\/\" target=\"_blank\" rel=\"noopener noreferrer\">Perrot\u00f3n<\/a> es un <strong>evento deportivo \u00fanico<\/strong> en su especie en el que corres t\u00fa y tu perro. Esto significa que a la carrera acude toda clase de gente que va a disfrutar de la experiencia, a divertirse y a apoyar a la causa.<\/p>\n<p>El <strong>lema de este a\u00f1o ser\u00e1 <a href=\"https:\/\/twitter.com\/search?q=%23cORRECONTRAELABANDONO&amp;src=typd\" target=\"_blank\" rel=\"noopener noreferrer\">#CorreContraElAbandono<\/a><\/strong>. Seg\u00fan <a href=\"https:\/\/www.fundacion-affinity.org\/estudios-abandono-y-adopcion\" target=\"_blank\" rel=\"noopener noreferrer\">el \u00faltimo estudio de la Fundaci\u00f3n Affnity<\/a>, en 2017 se abandonaron 107.447 perros y 33.335 gatos. Por ellos, y porque Espa\u00f1a es uno de los pa\u00edses que a\u00fan tiene el mayor \u00edndice de abandonos en UE. Corremos porque ning\u00fan animal deber\u00eda ser abandonado, porque \u00e9l no lo har\u00eda jam\u00e1s y porque queremos combatir esta lacra fomentando la adopci\u00f3n de todos aquellos que han recibido el zarpazo del abandono.<\/p>\n<p><img decoding=\"async\" class=\"aligncenter wp-image-19668 lazyload\" data-src=\"https:\/\/www.subaru.es\/blog\/wp-content\/uploads\/2018\/07\/9-560x373.jpg\" alt=\"\" width=\"574\" height=\"385\" src=\"data:image\/svg+xml;base64,PHN2ZyB3aWR0aD0iMSIgaGVpZ2h0PSIxIiB4bWxucz0iaHR0cDovL3d3dy53My5vcmcvMjAwMC9zdmciPjwvc3ZnPg==\" style=\"--smush-placeholder-width: 574px; --smush-placeholder-aspect-ratio: 574\/385;\"><\/p>\n<p><strong>EL RECORRIDO<\/strong><\/p>\n<p>La <strong>carrera que tendr\u00e1 lugar el domingo 14 de octubre<\/strong>, ya <a href=\"http:\/\/www.perroton.org\/copia-de-perroton-madrid\" target=\"_blank\" rel=\"noopener noreferrer\">tiene itinerario<\/a>. A las 10.00 h se saldr\u00e1 de la meta ubicada en la Plaza de Col\u00f3n y terminar\u00e1 en los Jardines del Descubrimiento (Plaza de Col\u00f3n) despu\u00e9s de haber recorrido 4 kil\u00f3metros y haber pasado por algunos lugares emblem\u00e1ticos como el Paseo de La Castellana, Plaza de Emilio Castelar, Paseo de Recoletos, Fuente de Cibeles y Calle de Goya. En todo momento habr\u00e1 un punto de atenci\u00f3n especializado para los perros participantes que ser\u00e1 atendido por miembros del Colegio Oficial de Veterinario de Madrid y de la Red de Cl\u00ednicas Vetersalud.<\/p>\n<p><img decoding=\"async\" class=\"aligncenter wp-image-19670 lazyload\" data-src=\"https:\/\/www.subaru.es\/blog\/wp-content\/uploads\/2018\/07\/31-560x373.jpg\" alt=\"\" width=\"616\" height=\"409\" src=\"data:image\/svg+xml;base64,PHN2ZyB3aWR0aD0iMSIgaGVpZ2h0PSIxIiB4bWxucz0iaHR0cDovL3d3dy53My5vcmcvMjAwMC9zdmciPjwvc3ZnPg==\" style=\"--smush-placeholder-width: 616px; --smush-placeholder-aspect-ratio: 616\/409;\"><\/p>\n<p>&nbsp;<\/p>\n<p><strong>INSCRIPCIONES ABIERTAS<\/strong><\/p>\n<p>Si este a\u00f1o t\u00fa tambi\u00e9n quieres participar, que sepas que las <strong>inscripciones<\/strong> ya est\u00e1n abiertas. Para hacerlo online, tiene que entrar en <a href=\"http:\/\/www.perroton.org\" target=\"_blank\" rel=\"noopener noreferrer\">www.perroton.org<\/a> y si prefieres hacerlo de manera presencial, puedes acercarte a los Departamentos de mascotas de los Centros El Corte Ingl\u00e9s de Castellana, Goya, Pozuelo, Preciados, Princesa y Sanchinarro. Y si lo haces <strong>antes del 3 de septiembre, \u00a1puedes personalizar tu dorsal!<\/strong><\/p>\n<p>El <strong>el 30% de la recaudaci\u00f3n con la venta de dorsales va destinado a la asociaci\u00f3n Perrot\u00f3n<\/strong>, que se ocupa de realizar diferentes campa\u00f1as de comunicaci\u00f3n para concienciar y sensibilizar sobre adopci\u00f3n y tenencia responsable de animales de compa\u00f1\u00eda, contra el maltrato animal, campa\u00f1as de esterilizaci\u00f3n y castraci\u00f3n de perros y gatos para asociaciones de protecci\u00f3n animal con bajos recursos econ\u00f3micos y campa\u00f1as para prevenir la leishmaniosis con m\u00faltiples asociaciones y entidades colaborativas.<\/p>\n<p>\u00a1Vamos! \u00bfA qu\u00e9 esper\u00e1is para apuntaros? <strong>\u00a1Forma parte de los perrotones!<\/strong> M\u00e1s info en <a href=\"http:\/\/www.perroton.org\" target=\"_blank\" rel=\"noopener noreferrer\">www.perroton.org<\/a>.<\/p>\n<p>&nbsp;<\/p>\n","protected":false},"excerpt":{"rendered":"<p>El 14 de octubre se celebra la VII Edici\u00f3n de Perrot\u00f3n Madrid con el apoyo de Subaru y \u00a1las inscripciones ya est\u00e1n abiertas! Cada a\u00f1o, al llegar octubre, los perros se convierten por un d\u00eda en los reyes de La Castellana. Es cuando se celebra Perrot\u00f3n, la carrera por la adopci\u00f3n y tenencia responsable de [&hellip;]<\/p>\n","protected":false},"author":21,"featured_media":19645,"comment_status":"closed","ping_status":"closed","sticky":false,"template":"","format":"standard","meta":{"_acf_changed":false,"_eb_attr":"","inline_featured_image":false,"footnotes":""},"categories":[4402,4520],"tags":[4722,4718,4716,4719,4633,4258,4720,4724,3826,3827,4279,4715,4723,4452,4721,4717,4596,4363,4725,4714],"class_list":["post-19636","post","type-post","status-publish","format-standard","has-post-thumbnail","hentry","category-pet-lovers","category-subaru-lifestyle","tag-amigos-de-los-animales","tag-coche-petfriendly","tag-corre-con-tu-mascota","tag-corre-contra-el-abandono","tag-marca-petfriendly","tag-mascotas","tag-no-compres-adopta","tag-ocio-con-mascotas","tag-perro","tag-perros","tag-perroton","tag-perroton-2018","tag-perroton-espana","tag-perroton-madrid","tag-perrotones","tag-petfiendly","tag-petlover","tag-petlovers","tag-planes-con-mascotas","tag-subaru-petlover"],"acf":[],"yoast_head":"<!-- This site is optimized with the Yoast SEO plugin v27.3 - https:\/\/yoast.com\/product\/yoast-seo-wordpress\/ -->\n<title>Corre contra el abandono en la carrera solidaria Perrot\u00f3n 2018 - Universo Subaru<\/title>\n<meta name=\"robots\" content=\"index, follow, max-snippet:-1, max-image-preview:large, max-video-preview:-1\" \/>\n<link rel=\"canonical\" href=\"https:\/\/www.subaru.es\/blog\/pet-lovers\/perroton-madrid-2018\/\" \/>\n<meta property=\"og:locale\" content=\"es_ES\" \/>\n<meta property=\"og:type\" content=\"article\" \/>\n<meta property=\"og:title\" content=\"Corre contra el abandono en la carrera solidaria Perrot\u00f3n 2018 - Universo Subaru\" \/>\n<meta property=\"og:description\" content=\"El 14 de octubre se celebra la VII Edici\u00f3n de Perrot\u00f3n Madrid con el apoyo de Subaru y \u00a1las inscripciones ya est\u00e1n abiertas! Cada a\u00f1o, al llegar octubre, los perros se convierten por un d\u00eda en los reyes de La Castellana. Es cuando se celebra Perrot\u00f3n, la carrera por la adopci\u00f3n y tenencia responsable de [&hellip;]\" \/>\n<meta property=\"og:url\" content=\"https:\/\/www.subaru.es\/blog\/pet-lovers\/perroton-madrid-2018\/\" \/>\n<meta property=\"og:site_name\" content=\"Universo Subaru\" \/>\n<meta property=\"article:publisher\" content=\"https:\/\/www.facebook.com\/subaruespana\" \/>\n<meta property=\"article:published_time\" content=\"2018-07-20T07:34:53+00:00\" \/>\n<meta property=\"article:modified_time\" content=\"2022-12-16T09:51:50+00:00\" \/>\n<meta property=\"og:image\" content=\"https:\/\/www.subaru.es\/blog\/wp-content\/uploads\/2018\/07\/Portada_Blog.Perrot\u00f3n.png\" \/>\n\t<meta property=\"og:image:width\" content=\"1550\" \/>\n\t<meta property=\"og:image:height\" content=\"520\" \/>\n\t<meta property=\"og:image:type\" content=\"image\/png\" \/>\n<meta name=\"author\" content=\"Subaru\" \/>\n<meta name=\"twitter:card\" content=\"summary_large_image\" \/>\n<meta name=\"twitter:label1\" content=\"Escrito por\" \/>\n\t<meta name=\"twitter:data1\" content=\"Subaru\" \/>\n\t<meta name=\"twitter:label2\" content=\"Tiempo de lectura\" \/>\n\t<meta name=\"twitter:data2\" content=\"3 minutos\" \/>\n<script type=\"application\/ld+json\" class=\"yoast-schema-graph\">{\"@context\":\"https:\\\/\\\/schema.org\",\"@graph\":[{\"@type\":\"Article\",\"@id\":\"https:\\\/\\\/www.subaru.es\\\/blog\\\/pet-lovers\\\/perroton-madrid-2018\\\/#article\",\"isPartOf\":{\"@id\":\"https:\\\/\\\/www.subaru.es\\\/blog\\\/pet-lovers\\\/perroton-madrid-2018\\\/\"},\"author\":{\"name\":\"Subaru\",\"@id\":\"https:\\\/\\\/www.subaru.es\\\/blog\\\/#\\\/schema\\\/person\\\/19a90b892230b8e0ec752704ddf4aa10\"},\"headline\":\"Corre contra el abandono en la carrera solidaria Perrot\u00f3n 2018\",\"datePublished\":\"2018-07-20T07:34:53+00:00\",\"dateModified\":\"2022-12-16T09:51:50+00:00\",\"mainEntityOfPage\":{\"@id\":\"https:\\\/\\\/www.subaru.es\\\/blog\\\/pet-lovers\\\/perroton-madrid-2018\\\/\"},\"wordCount\":620,\"publisher\":{\"@id\":\"https:\\\/\\\/www.subaru.es\\\/blog\\\/#organization\"},\"image\":{\"@id\":\"https:\\\/\\\/www.subaru.es\\\/blog\\\/pet-lovers\\\/perroton-madrid-2018\\\/#primaryimage\"},\"thumbnailUrl\":\"https:\\\/\\\/www.subaru.es\\\/blog\\\/wp-content\\\/uploads\\\/2018\\\/07\\\/Portada_Blog.Perrot\u00f3n.png\",\"keywords\":[\"amigos de los animales\",\"coche petfriendly\",\"corre con tu mascota\",\"corre contra el abandono\",\"marca petfriendly\",\"Mascotas\",\"no compres adopta\",\"ocio con mascotas\",\"perro\",\"perros\",\"Perrot\u00f3n\",\"perrot\u00f3n 2018\",\"perroton espa\u00f1a\",\"Perrot\u00f3n Madrid\",\"perrotones\",\"petfiendly\",\"petlover\",\"petlovers\",\"planes con mascotas\",\"Subaru PetLover\"],\"articleSection\":[\"Pet lovers\",\"Subaru LifeStyle\"],\"inLanguage\":\"es\"},{\"@type\":\"WebPage\",\"@id\":\"https:\\\/\\\/www.subaru.es\\\/blog\\\/pet-lovers\\\/perroton-madrid-2018\\\/\",\"url\":\"https:\\\/\\\/www.subaru.es\\\/blog\\\/pet-lovers\\\/perroton-madrid-2018\\\/\",\"name\":\"Corre contra el abandono en la carrera solidaria Perrot\u00f3n 2018 - Universo Subaru\",\"isPartOf\":{\"@id\":\"https:\\\/\\\/www.subaru.es\\\/blog\\\/#website\"},\"primaryImageOfPage\":{\"@id\":\"https:\\\/\\\/www.subaru.es\\\/blog\\\/pet-lovers\\\/perroton-madrid-2018\\\/#primaryimage\"},\"image\":{\"@id\":\"https:\\\/\\\/www.subaru.es\\\/blog\\\/pet-lovers\\\/perroton-madrid-2018\\\/#primaryimage\"},\"thumbnailUrl\":\"https:\\\/\\\/www.subaru.es\\\/blog\\\/wp-content\\\/uploads\\\/2018\\\/07\\\/Portada_Blog.Perrot\u00f3n.png\",\"datePublished\":\"2018-07-20T07:34:53+00:00\",\"dateModified\":\"2022-12-16T09:51:50+00:00\",\"breadcrumb\":{\"@id\":\"https:\\\/\\\/www.subaru.es\\\/blog\\\/pet-lovers\\\/perroton-madrid-2018\\\/#breadcrumb\"},\"inLanguage\":\"es\",\"potentialAction\":[{\"@type\":\"ReadAction\",\"target\":[\"https:\\\/\\\/www.subaru.es\\\/blog\\\/pet-lovers\\\/perroton-madrid-2018\\\/\"]}]},{\"@type\":\"ImageObject\",\"inLanguage\":\"es\",\"@id\":\"https:\\\/\\\/www.subaru.es\\\/blog\\\/pet-lovers\\\/perroton-madrid-2018\\\/#primaryimage\",\"url\":\"https:\\\/\\\/www.subaru.es\\\/blog\\\/wp-content\\\/uploads\\\/2018\\\/07\\\/Portada_Blog.Perrot\u00f3n.png\",\"contentUrl\":\"https:\\\/\\\/www.subaru.es\\\/blog\\\/wp-content\\\/uploads\\\/2018\\\/07\\\/Portada_Blog.Perrot\u00f3n.png\",\"width\":1550,\"height\":520},{\"@type\":\"BreadcrumbList\",\"@id\":\"https:\\\/\\\/www.subaru.es\\\/blog\\\/pet-lovers\\\/perroton-madrid-2018\\\/#breadcrumb\",\"itemListElement\":[{\"@type\":\"ListItem\",\"position\":1,\"name\":\"Portada\",\"item\":\"https:\\\/\\\/www.subaru.es\\\/blog\\\/\"},{\"@type\":\"ListItem\",\"position\":2,\"name\":\"Corre contra el abandono en la carrera solidaria Perrot\u00f3n 2018\"}]},{\"@type\":\"WebSite\",\"@id\":\"https:\\\/\\\/www.subaru.es\\\/blog\\\/#website\",\"url\":\"https:\\\/\\\/www.subaru.es\\\/blog\\\/\",\"name\":\"Universo Subaru\",\"description\":\"Descubre este apasionante espacio de Subaru donde vas a conocer todo sobre nuestros coches y las experiencias que vivimos con ellos. Si est\u00e1s preparado para dejarte seducir por la filosof\u00eda Subaru, qu\u00e9date con nosotros.\",\"publisher\":{\"@id\":\"https:\\\/\\\/www.subaru.es\\\/blog\\\/#organization\"},\"potentialAction\":[{\"@type\":\"SearchAction\",\"target\":{\"@type\":\"EntryPoint\",\"urlTemplate\":\"https:\\\/\\\/www.subaru.es\\\/blog\\\/?s={search_term_string}\"},\"query-input\":{\"@type\":\"PropertyValueSpecification\",\"valueRequired\":true,\"valueName\":\"search_term_string\"}}],\"inLanguage\":\"es\"},{\"@type\":\"Organization\",\"@id\":\"https:\\\/\\\/www.subaru.es\\\/blog\\\/#organization\",\"name\":\"Subaru Espa\u00f1a S.A.\",\"url\":\"https:\\\/\\\/www.subaru.es\\\/blog\\\/\",\"logo\":{\"@type\":\"ImageObject\",\"inLanguage\":\"es\",\"@id\":\"https:\\\/\\\/www.subaru.es\\\/blog\\\/#\\\/schema\\\/logo\\\/image\\\/\",\"url\":\"https:\\\/\\\/www.subaru.es\\\/blog\\\/wp-content\\\/uploads\\\/2016\\\/12\\\/Logo-Subaru-TypeV_C300-scaled.jpg\",\"contentUrl\":\"https:\\\/\\\/www.subaru.es\\\/blog\\\/wp-content\\\/uploads\\\/2016\\\/12\\\/Logo-Subaru-TypeV_C300-scaled.jpg\",\"width\":2560,\"height\":1864,\"caption\":\"Subaru Espa\u00f1a S.A.\"},\"image\":{\"@id\":\"https:\\\/\\\/www.subaru.es\\\/blog\\\/#\\\/schema\\\/logo\\\/image\\\/\"},\"sameAs\":[\"https:\\\/\\\/www.facebook.com\\\/subaruespana\",\"https:\\\/\\\/www.instagram.com\\\/subarues\\\/\",\"https:\\\/\\\/www.youtube.com\\\/user\\\/subaruespana\"]},{\"@type\":\"Person\",\"@id\":\"https:\\\/\\\/www.subaru.es\\\/blog\\\/#\\\/schema\\\/person\\\/19a90b892230b8e0ec752704ddf4aa10\",\"name\":\"Subaru\",\"url\":\"https:\\\/\\\/www.subaru.es\\\/blog\\\/author\\\/subaria\\\/\"}]}<\/script>\n<!-- \/ Yoast SEO plugin. -->","yoast_head_json":{"title":"Corre contra el abandono en la carrera solidaria Perrot\u00f3n 2018 - Universo Subaru","robots":{"index":"index","follow":"follow","max-snippet":"max-snippet:-1","max-image-preview":"max-image-preview:large","max-video-preview":"max-video-preview:-1"},"canonical":"https:\/\/www.subaru.es\/blog\/pet-lovers\/perroton-madrid-2018\/","og_locale":"es_ES","og_type":"article","og_title":"Corre contra el abandono en la carrera solidaria Perrot\u00f3n 2018 - Universo Subaru","og_description":"El 14 de octubre se celebra la VII Edici\u00f3n de Perrot\u00f3n Madrid con el apoyo de Subaru y \u00a1las inscripciones ya est\u00e1n abiertas! Cada a\u00f1o, al llegar octubre, los perros se convierten por un d\u00eda en los reyes de La Castellana. Es cuando se celebra Perrot\u00f3n, la carrera por la adopci\u00f3n y tenencia responsable de [&hellip;]","og_url":"https:\/\/www.subaru.es\/blog\/pet-lovers\/perroton-madrid-2018\/","og_site_name":"Universo Subaru","article_publisher":"https:\/\/www.facebook.com\/subaruespana","article_published_time":"2018-07-20T07:34:53+00:00","article_modified_time":"2022-12-16T09:51:50+00:00","og_image":[{"width":1550,"height":520,"url":"https:\/\/www.subaru.es\/blog\/wp-content\/uploads\/2018\/07\/Portada_Blog.Perrot\u00f3n.png","type":"image\/png"}],"author":"Subaru","twitter_card":"summary_large_image","twitter_misc":{"Escrito por":"Subaru","Tiempo de lectura":"3 minutos"},"schema":{"@context":"https:\/\/schema.org","@graph":[{"@type":"Article","@id":"https:\/\/www.subaru.es\/blog\/pet-lovers\/perroton-madrid-2018\/#article","isPartOf":{"@id":"https:\/\/www.subaru.es\/blog\/pet-lovers\/perroton-madrid-2018\/"},"author":{"name":"Subaru","@id":"https:\/\/www.subaru.es\/blog\/#\/schema\/person\/19a90b892230b8e0ec752704ddf4aa10"},"headline":"Corre contra el abandono en la carrera solidaria Perrot\u00f3n 2018","datePublished":"2018-07-20T07:34:53+00:00","dateModified":"2022-12-16T09:51:50+00:00","mainEntityOfPage":{"@id":"https:\/\/www.subaru.es\/blog\/pet-lovers\/perroton-madrid-2018\/"},"wordCount":620,"publisher":{"@id":"https:\/\/www.subaru.es\/blog\/#organization"},"image":{"@id":"https:\/\/www.subaru.es\/blog\/pet-lovers\/perroton-madrid-2018\/#primaryimage"},"thumbnailUrl":"https:\/\/www.subaru.es\/blog\/wp-content\/uploads\/2018\/07\/Portada_Blog.Perrot\u00f3n.png","keywords":["amigos de los animales","coche petfriendly","corre con tu mascota","corre contra el abandono","marca petfriendly","Mascotas","no compres adopta","ocio con mascotas","perro","perros","Perrot\u00f3n","perrot\u00f3n 2018","perroton espa\u00f1a","Perrot\u00f3n Madrid","perrotones","petfiendly","petlover","petlovers","planes con mascotas","Subaru PetLover"],"articleSection":["Pet lovers","Subaru LifeStyle"],"inLanguage":"es"},{"@type":"WebPage","@id":"https:\/\/www.subaru.es\/blog\/pet-lovers\/perroton-madrid-2018\/","url":"https:\/\/www.subaru.es\/blog\/pet-lovers\/perroton-madrid-2018\/","name":"Corre contra el abandono en la carrera solidaria Perrot\u00f3n 2018 - Universo Subaru","isPartOf":{"@id":"https:\/\/www.subaru.es\/blog\/#website"},"primaryImageOfPage":{"@id":"https:\/\/www.subaru.es\/blog\/pet-lovers\/perroton-madrid-2018\/#primaryimage"},"image":{"@id":"https:\/\/www.subaru.es\/blog\/pet-lovers\/perroton-madrid-2018\/#primaryimage"},"thumbnailUrl":"https:\/\/www.subaru.es\/blog\/wp-content\/uploads\/2018\/07\/Portada_Blog.Perrot\u00f3n.png","datePublished":"2018-07-20T07:34:53+00:00","dateModified":"2022-12-16T09:51:50+00:00","breadcrumb":{"@id":"https:\/\/www.subaru.es\/blog\/pet-lovers\/perroton-madrid-2018\/#breadcrumb"},"inLanguage":"es","potentialAction":[{"@type":"ReadAction","target":["https:\/\/www.subaru.es\/blog\/pet-lovers\/perroton-madrid-2018\/"]}]},{"@type":"ImageObject","inLanguage":"es","@id":"https:\/\/www.subaru.es\/blog\/pet-lovers\/perroton-madrid-2018\/#primaryimage","url":"https:\/\/www.subaru.es\/blog\/wp-content\/uploads\/2018\/07\/Portada_Blog.Perrot\u00f3n.png","contentUrl":"https:\/\/www.subaru.es\/blog\/wp-content\/uploads\/2018\/07\/Portada_Blog.Perrot\u00f3n.png","width":1550,"height":520},{"@type":"BreadcrumbList","@id":"https:\/\/www.subaru.es\/blog\/pet-lovers\/perroton-madrid-2018\/#breadcrumb","itemListElement":[{"@type":"ListItem","position":1,"name":"Portada","item":"https:\/\/www.subaru.es\/blog\/"},{"@type":"ListItem","position":2,"name":"Corre contra el abandono en la carrera solidaria Perrot\u00f3n 2018"}]},{"@type":"WebSite","@id":"https:\/\/www.subaru.es\/blog\/#website","url":"https:\/\/www.subaru.es\/blog\/","name":"Universo Subaru","description":"Descubre este apasionante espacio de Subaru donde vas a conocer todo sobre nuestros coches y las experiencias que vivimos con ellos. Si est\u00e1s preparado para dejarte seducir por la filosof\u00eda Subaru, qu\u00e9date con nosotros.","publisher":{"@id":"https:\/\/www.subaru.es\/blog\/#organization"},"potentialAction":[{"@type":"SearchAction","target":{"@type":"EntryPoint","urlTemplate":"https:\/\/www.subaru.es\/blog\/?s={search_term_string}"},"query-input":{"@type":"PropertyValueSpecification","valueRequired":true,"valueName":"search_term_string"}}],"inLanguage":"es"},{"@type":"Organization","@id":"https:\/\/www.subaru.es\/blog\/#organization","name":"Subaru Espa\u00f1a S.A.","url":"https:\/\/www.subaru.es\/blog\/","logo":{"@type":"ImageObject","inLanguage":"es","@id":"https:\/\/www.subaru.es\/blog\/#\/schema\/logo\/image\/","url":"https:\/\/www.subaru.es\/blog\/wp-content\/uploads\/2016\/12\/Logo-Subaru-TypeV_C300-scaled.jpg","contentUrl":"https:\/\/www.subaru.es\/blog\/wp-content\/uploads\/2016\/12\/Logo-Subaru-TypeV_C300-scaled.jpg","width":2560,"height":1864,"caption":"Subaru Espa\u00f1a S.A."},"image":{"@id":"https:\/\/www.subaru.es\/blog\/#\/schema\/logo\/image\/"},"sameAs":["https:\/\/www.facebook.com\/subaruespana","https:\/\/www.instagram.com\/subarues\/","https:\/\/www.youtube.com\/user\/subaruespana"]},{"@type":"Person","@id":"https:\/\/www.subaru.es\/blog\/#\/schema\/person\/19a90b892230b8e0ec752704ddf4aa10","name":"Subaru","url":"https:\/\/www.subaru.es\/blog\/author\/subaria\/"}]}},"_links":{"self":[{"href":"https:\/\/www.subaru.es\/blog\/wp-json\/wp\/v2\/posts\/19636","targetHints":{"allow":["GET"]}}],"collection":[{"href":"https:\/\/www.subaru.es\/blog\/wp-json\/wp\/v2\/posts"}],"about":[{"href":"https:\/\/www.subaru.es\/blog\/wp-json\/wp\/v2\/types\/post"}],"author":[{"embeddable":true,"href":"https:\/\/www.subaru.es\/blog\/wp-json\/wp\/v2\/users\/21"}],"replies":[{"embeddable":true,"href":"https:\/\/www.subaru.es\/blog\/wp-json\/wp\/v2\/comments?post=19636"}],"version-history":[{"count":12,"href":"https:\/\/www.subaru.es\/blog\/wp-json\/wp\/v2\/posts\/19636\/revisions"}],"predecessor-version":[{"id":22159,"href":"https:\/\/www.subaru.es\/blog\/wp-json\/wp\/v2\/posts\/19636\/revisions\/22159"}],"wp:featuredmedia":[{"embeddable":true,"href":"https:\/\/www.subaru.es\/blog\/wp-json\/wp\/v2\/media\/19645"}],"wp:attachment":[{"href":"https:\/\/www.subaru.es\/blog\/wp-json\/wp\/v2\/media?parent=19636"}],"wp:term":[{"taxonomy":"category","embeddable":true,"href":"https:\/\/www.subaru.es\/blog\/wp-json\/wp\/v2\/categories?post=19636"},{"taxonomy":"post_tag","embeddable":true,"href":"https:\/\/www.subaru.es\/blog\/wp-json\/wp\/v2\/tags?post=19636"}],"curies":[{"name":"wp","href":"https:\/\/api.w.org\/{rel}","templated":true}]}}