{"id":19610,"date":"2018-07-17T13:11:09","date_gmt":"2018-07-17T11:11:09","guid":{"rendered":"https:\/\/www.subaru.es\/blog\/?p=19610"},"modified":"2018-07-17T13:11:09","modified_gmt":"2018-07-17T11:11:09","slug":"la-historia-de-javier-medina","status":"publish","type":"post","link":"https:\/\/www.subaru.es\/blog\/subaru-lifestyle\/la-historia-de-javier-medina\/","title":{"rendered":"Caminos alternativos"},"content":{"rendered":"<p>Creo que siempre estuvo en mi cabeza la <strong>idea de salir de lo establecido<\/strong>, de apostar por algo que de verdad me apasiona: el trabajo con mis propias manos; dar otra oportunidad a oficios ya casi en proceso de extinci\u00f3n.<\/p>\n<p>Siempre me ha llamado la atenci\u00f3n todo aquello relacionado con la creatividad, m\u00e1s concretamente lo referente al mundo de la decoraci\u00f3n y el dise\u00f1o. Bien sea pintar aquello que me inspire, o reproducir con mis manos cualquier tipo de objeto de manera completamente autodidacta, siempre con un enfoque artesanal. Por eso, decid\u00ed trabajar con fibras naturales, al estilo m\u00e1s cl\u00e1sico del oficio, pero adapt\u00e1ndolo siempre a la actualidad y las tendencias.<\/p>\n<p><img decoding=\"async\" width=\"560\" height=\"700\" class=\"aligncenter size-medium wp-image-19624 lazyload\" data-src=\"https:\/\/www.subaru.es\/blog\/wp-content\/uploads\/2018\/07\/Rodaje-J-S-Medina-17-560x700.jpg\" alt=\"\" data-srcset=\"https:\/\/www.subaru.es\/blog\/wp-content\/uploads\/2018\/07\/Rodaje-J-S-Medina-17-560x700.jpg 560w, https:\/\/www.subaru.es\/blog\/wp-content\/uploads\/2018\/07\/Rodaje-J-S-Medina-17-1440x1800.jpg 1440w, https:\/\/www.subaru.es\/blog\/wp-content\/uploads\/2018\/07\/Rodaje-J-S-Medina-17-768x960.jpg 768w, https:\/\/www.subaru.es\/blog\/wp-content\/uploads\/2018\/07\/Rodaje-J-S-Medina-17-1229x1536.jpg 1229w, https:\/\/www.subaru.es\/blog\/wp-content\/uploads\/2018\/07\/Rodaje-J-S-Medina-17-1638x2048.jpg 1638w, https:\/\/www.subaru.es\/blog\/wp-content\/uploads\/2018\/07\/Rodaje-J-S-Medina-17-scaled.jpg 2048w\" data-sizes=\"(max-width: 560px) 100vw, 560px\" src=\"data:image\/svg+xml;base64,PHN2ZyB3aWR0aD0iMSIgaGVpZ2h0PSIxIiB4bWxucz0iaHR0cDovL3d3dy53My5vcmcvMjAwMC9zdmciPjwvc3ZnPg==\" style=\"--smush-placeholder-width: 560px; --smush-placeholder-aspect-ratio: 560\/700;\" \/><\/p>\n<p>Soy extreme\u00f1o, de Badajoz, all\u00ed, a\u00fan hoy, es posible encontrar gente que se dedique a este tipo de profesiones artesanales que originalmente estaban destinadas \u00fanicamente a su desarrollo en el campo. Me imagino que esto ha influido mucho en mi manera de ver la decoraci\u00f3n y el dise\u00f1o. Sin embargo, parece que, siendo de provincia, crecemos con la idea de que tenemos que estudiar una carrera con salidas que nos aseguren un futuro s\u00f3lido, independientemente de si te apasiona o no; en definitiva, <strong>la vieja idea de no salirse del camino<\/strong> establecido para que todo vaya sobre ruedas.<\/p>\n<p>Siempre me ha interesado mucho el deporte, al que dediqu\u00e9 muchos a\u00f1os de mi vida, intentando que fuera una salida de futuro. Me form\u00e9 para ello e incluso empec\u00e9 a opositar para conseguir esa estabilidad tan valorada hoy en d\u00eda. Pero nunca llegu\u00e9 a sentirme realizado.<\/p>\n<p>As\u00ed que le ech\u00e9 valor. Cargu\u00e9 mi <a href=\"http:\/\/www.subaru.es\" target=\"_blank\" rel=\"noopener\">Subaru<\/a> lleno de sue\u00f1os y, sin pensarlo dos veces, me vine a Madrid a <strong>buscar lo que siempre he querido hacer.<\/strong> Cuando a\u00f1os atr\u00e1s tom\u00e9 esa decisi\u00f3n, fue un momento muy transgresor en mi vida de provincia de aquel entonces. Yo siempre he sido una persona muy tranquila, pero dentro de m\u00ed sent\u00eda que ten\u00eda que <strong>ir un poco m\u00e1s all\u00e1<\/strong>, que <a href=\"https:\/\/www.subaru.es\/blog\/subaru-offroaders\/filosofia-subaruoffroaders\/\" target=\"_blank\" rel=\"noopener\"><strong>huir de mi zona de confort<\/strong><\/a>\u2026 Aunque irme a Madrid no fuera la soluci\u00f3n a todo, s\u00ed se convirti\u00f3 en el primer paso para salir de la norma, de lo que se espera de ti.<\/p>\n<p><img decoding=\"async\" width=\"560\" height=\"840\" class=\"aligncenter size-medium wp-image-19627 lazyload\" data-src=\"https:\/\/www.subaru.es\/blog\/wp-content\/uploads\/2018\/07\/Javier-S-Medina-11_sin-matricula-560x840.jpg\" alt=\"\" data-srcset=\"https:\/\/www.subaru.es\/blog\/wp-content\/uploads\/2018\/07\/Javier-S-Medina-11_sin-matricula-560x840.jpg 560w, https:\/\/www.subaru.es\/blog\/wp-content\/uploads\/2018\/07\/Javier-S-Medina-11_sin-matricula-1440x2160.jpg 1440w, https:\/\/www.subaru.es\/blog\/wp-content\/uploads\/2018\/07\/Javier-S-Medina-11_sin-matricula-768x1152.jpg 768w, https:\/\/www.subaru.es\/blog\/wp-content\/uploads\/2018\/07\/Javier-S-Medina-11_sin-matricula-1024x1536.jpg 1024w, https:\/\/www.subaru.es\/blog\/wp-content\/uploads\/2018\/07\/Javier-S-Medina-11_sin-matricula-1365x2048.jpg 1365w, https:\/\/www.subaru.es\/blog\/wp-content\/uploads\/2018\/07\/Javier-S-Medina-11_sin-matricula-scaled.jpg 1707w\" data-sizes=\"(max-width: 560px) 100vw, 560px\" src=\"data:image\/svg+xml;base64,PHN2ZyB3aWR0aD0iMSIgaGVpZ2h0PSIxIiB4bWxucz0iaHR0cDovL3d3dy53My5vcmcvMjAwMC9zdmciPjwvc3ZnPg==\" style=\"--smush-placeholder-width: 560px; --smush-placeholder-aspect-ratio: 560\/840;\" \/><\/p>\n<p>Una vez en Madrid, tuve la sensaci\u00f3n de que <strong>todo lo que ve\u00eda era muy inspirador,<\/strong> me di cuenta de que lo que realmente llamaba mi atenci\u00f3n eran esos espacios castizos, tradicionales y hechos a mano que conservaban la esencia de lo que hab\u00edan sido a\u00f1os atr\u00e1s: restaurantes de moda, tiendas de ropa\u2026 que en su decoraci\u00f3n respetaban la esencia artesanal del local original, todo aquello que, reformadas o no, contaran una historia, en definitiva.<\/p>\n<p>Fue as\u00ed como empec\u00e9 a buscar un espacio donde poder llevar a cabo todas mis ideas y dar salida y defender esos viejos oficios artesanales, como en mi caso la esparter\u00eda.<\/p>\n<p>Es curioso. Despu\u00e9s de los a\u00f1os, el espacio de trabajo que he creado en medio de una gran ciudad como Madrid, tiene ese esp\u00edritu tradicional, apacible y artesanal tan caracter\u00edstico de aquella \u00e9poca en la que, aunque sent\u00eda que necesitaba ir un poco m\u00e1s all\u00e1, todo era acogedor y estaba cuidado con mucho cari\u00f1o.<\/p>\n<p><img decoding=\"async\" width=\"560\" height=\"373\" class=\"aligncenter size-medium wp-image-19625 lazyload\" data-src=\"https:\/\/www.subaru.es\/blog\/wp-content\/uploads\/2018\/07\/Rodaje-J-S-Medina-20-560x373.jpg\" alt=\"\" data-srcset=\"https:\/\/www.subaru.es\/blog\/wp-content\/uploads\/2018\/07\/Rodaje-J-S-Medina-20-560x373.jpg 560w, https:\/\/www.subaru.es\/blog\/wp-content\/uploads\/2018\/07\/Rodaje-J-S-Medina-20-1440x960.jpg 1440w, https:\/\/www.subaru.es\/blog\/wp-content\/uploads\/2018\/07\/Rodaje-J-S-Medina-20-768x512.jpg 768w, https:\/\/www.subaru.es\/blog\/wp-content\/uploads\/2018\/07\/Rodaje-J-S-Medina-20-1536x1024.jpg 1536w, https:\/\/www.subaru.es\/blog\/wp-content\/uploads\/2018\/07\/Rodaje-J-S-Medina-20-2048x1365.jpg 2048w\" data-sizes=\"(max-width: 560px) 100vw, 560px\" src=\"data:image\/svg+xml;base64,PHN2ZyB3aWR0aD0iMSIgaGVpZ2h0PSIxIiB4bWxucz0iaHR0cDovL3d3dy53My5vcmcvMjAwMC9zdmciPjwvc3ZnPg==\" style=\"--smush-placeholder-width: 560px; --smush-placeholder-aspect-ratio: 560\/373;\" \/><\/p>\n<p>Hoy por hoy, puedo afirmar que <strong>salirse de lo establecido merece la pena<\/strong>, siempre y cuando creas en lo que quieres hacer y apuestes por ello. Pero esto no queda aqu\u00ed; ahora tengo otra asignatura pendiente\u2026 y, a\u00fan mantengo ese <a href=\"https:\/\/www.subaru.es\/blog\/subaru-offroaders\/asi-es-la-nueva-generacion-subaruoffroaders\/\" target=\"_blank\" rel=\"noopener\"><strong>esp\u00edritu <em>OffRoader<\/em><\/strong><\/a> que, qui\u00e9n sabe si me llevar\u00e1 a mi pr\u00f3ximo destino\u2026<\/p>\n","protected":false},"excerpt":{"rendered":"<p>Creo que siempre estuvo en mi cabeza la idea de salir de lo establecido, de apostar por algo que de verdad me apasiona: el trabajo con mis propias manos; dar otra oportunidad a oficios ya casi en proceso de extinci\u00f3n. Siempre me ha llamado la atenci\u00f3n todo aquello relacionado con la creatividad, m\u00e1s concretamente lo [&hellip;]<\/p>\n","protected":false},"author":27,"featured_media":19613,"comment_status":"open","ping_status":"closed","sticky":false,"template":"","format":"standard","meta":{"_acf_changed":false,"_eb_attr":"","inline_featured_image":false,"footnotes":""},"categories":[4520],"tags":[4709,4710,4712,1595,4609,735,4532,4651,4713,4707,4708,4545,4349,2552,64,4398,4437,4711,4531,4530],"class_list":["post-19610","post","type-post","status-publish","format-standard","has-post-thumbnail","hentry","category-subaru-lifestyle","tag-artesania","tag-artesano","tag-decoracion","tag-diseno","tag-disruptivo","tag-estilo-de-vida","tag-filosofia-subaru","tag-filosofia-subaruoffroaders","tag-hecho-a-mano","tag-historias-subaruoffroaders","tag-javier-s-medina","tag-momentos-subaru","tag-subarista","tag-subaristas","tag-subaru-espana","tag-subaru-xv","tag-subaruoffroaders","tag-taller-artesania","tag-valores-subaru","tag-vida-subaru"],"acf":[],"yoast_head":"<!-- This site is optimized with the Yoast SEO plugin v27.3 - https:\/\/yoast.com\/product\/yoast-seo-wordpress\/ -->\n<title>Caminos alternativos - Universo Subaru<\/title>\n<meta name=\"robots\" content=\"index, follow, max-snippet:-1, max-image-preview:large, max-video-preview:-1\" \/>\n<link rel=\"canonical\" href=\"https:\/\/www.subaru.es\/blog\/subaru-lifestyle\/la-historia-de-javier-medina\/\" \/>\n<meta property=\"og:locale\" content=\"es_ES\" \/>\n<meta property=\"og:type\" content=\"article\" \/>\n<meta property=\"og:title\" content=\"Caminos alternativos - Universo Subaru\" \/>\n<meta property=\"og:description\" content=\"Creo que siempre estuvo en mi cabeza la idea de salir de lo establecido, de apostar por algo que de verdad me apasiona: el trabajo con mis propias manos; dar otra oportunidad a oficios ya casi en proceso de extinci\u00f3n. Siempre me ha llamado la atenci\u00f3n todo aquello relacionado con la creatividad, m\u00e1s concretamente lo [&hellip;]\" \/>\n<meta property=\"og:url\" content=\"https:\/\/www.subaru.es\/blog\/subaru-lifestyle\/la-historia-de-javier-medina\/\" \/>\n<meta property=\"og:site_name\" content=\"Universo Subaru\" \/>\n<meta property=\"article:publisher\" content=\"https:\/\/www.facebook.com\/subaruespana\" \/>\n<meta property=\"article:published_time\" content=\"2018-07-17T11:11:09+00:00\" \/>\n<meta property=\"og:image\" content=\"https:\/\/www.subaru.es\/blog\/wp-content\/uploads\/2018\/07\/cabecera_blog_offroaders_javier_medina.png\" \/>\n\t<meta property=\"og:image:width\" content=\"1550\" \/>\n\t<meta property=\"og:image:height\" content=\"520\" \/>\n\t<meta property=\"og:image:type\" content=\"image\/png\" \/>\n<meta name=\"author\" content=\"Javier S Medina\" \/>\n<meta name=\"twitter:card\" content=\"summary_large_image\" \/>\n<meta name=\"twitter:label1\" content=\"Escrito por\" \/>\n\t<meta name=\"twitter:data1\" content=\"Javier S Medina\" \/>\n\t<meta name=\"twitter:label2\" content=\"Tiempo de lectura\" \/>\n\t<meta name=\"twitter:data2\" content=\"3 minutos\" \/>\n<script type=\"application\/ld+json\" class=\"yoast-schema-graph\">{\"@context\":\"https:\\\/\\\/schema.org\",\"@graph\":[{\"@type\":\"Article\",\"@id\":\"https:\\\/\\\/www.subaru.es\\\/blog\\\/subaru-lifestyle\\\/la-historia-de-javier-medina\\\/#article\",\"isPartOf\":{\"@id\":\"https:\\\/\\\/www.subaru.es\\\/blog\\\/subaru-lifestyle\\\/la-historia-de-javier-medina\\\/\"},\"author\":{\"name\":\"Javier S Medina\",\"@id\":\"https:\\\/\\\/www.subaru.es\\\/blog\\\/#\\\/schema\\\/person\\\/3cfbe43a6fd4c042c9e3586f790a2a78\"},\"headline\":\"Caminos alternativos\",\"datePublished\":\"2018-07-17T11:11:09+00:00\",\"mainEntityOfPage\":{\"@id\":\"https:\\\/\\\/www.subaru.es\\\/blog\\\/subaru-lifestyle\\\/la-historia-de-javier-medina\\\/\"},\"wordCount\":615,\"commentCount\":0,\"publisher\":{\"@id\":\"https:\\\/\\\/www.subaru.es\\\/blog\\\/#organization\"},\"image\":{\"@id\":\"https:\\\/\\\/www.subaru.es\\\/blog\\\/subaru-lifestyle\\\/la-historia-de-javier-medina\\\/#primaryimage\"},\"thumbnailUrl\":\"https:\\\/\\\/www.subaru.es\\\/blog\\\/wp-content\\\/uploads\\\/2018\\\/07\\\/cabecera_blog_offroaders_javier_medina.png\",\"keywords\":[\"artesan\u00eda\",\"artesano\",\"decoraci\u00f3n\",\"dise\u00f1o\",\"disruptivo\",\"estilo de vida\",\"Filosof\u00eda Subaru\",\"Filosof\u00eda SubaruOffRoaders\",\"hecho a mano\",\"historias SubaruOffRoaders\",\"Javier S Medina\",\"Momentos Subaru\",\"subarista\",\"subaristas\",\"subaru espa\u00f1a\",\"Subaru XV\",\"SubaruOffroaders\",\"taller artesania\",\"Valores Subaru\",\"Vida Subaru\"],\"articleSection\":[\"Subaru LifeStyle\"],\"inLanguage\":\"es\",\"potentialAction\":[{\"@type\":\"CommentAction\",\"name\":\"Comment\",\"target\":[\"https:\\\/\\\/www.subaru.es\\\/blog\\\/subaru-lifestyle\\\/la-historia-de-javier-medina\\\/#respond\"]}]},{\"@type\":\"WebPage\",\"@id\":\"https:\\\/\\\/www.subaru.es\\\/blog\\\/subaru-lifestyle\\\/la-historia-de-javier-medina\\\/\",\"url\":\"https:\\\/\\\/www.subaru.es\\\/blog\\\/subaru-lifestyle\\\/la-historia-de-javier-medina\\\/\",\"name\":\"Caminos alternativos - Universo Subaru\",\"isPartOf\":{\"@id\":\"https:\\\/\\\/www.subaru.es\\\/blog\\\/#website\"},\"primaryImageOfPage\":{\"@id\":\"https:\\\/\\\/www.subaru.es\\\/blog\\\/subaru-lifestyle\\\/la-historia-de-javier-medina\\\/#primaryimage\"},\"image\":{\"@id\":\"https:\\\/\\\/www.subaru.es\\\/blog\\\/subaru-lifestyle\\\/la-historia-de-javier-medina\\\/#primaryimage\"},\"thumbnailUrl\":\"https:\\\/\\\/www.subaru.es\\\/blog\\\/wp-content\\\/uploads\\\/2018\\\/07\\\/cabecera_blog_offroaders_javier_medina.png\",\"datePublished\":\"2018-07-17T11:11:09+00:00\",\"breadcrumb\":{\"@id\":\"https:\\\/\\\/www.subaru.es\\\/blog\\\/subaru-lifestyle\\\/la-historia-de-javier-medina\\\/#breadcrumb\"},\"inLanguage\":\"es\",\"potentialAction\":[{\"@type\":\"ReadAction\",\"target\":[\"https:\\\/\\\/www.subaru.es\\\/blog\\\/subaru-lifestyle\\\/la-historia-de-javier-medina\\\/\"]}]},{\"@type\":\"ImageObject\",\"inLanguage\":\"es\",\"@id\":\"https:\\\/\\\/www.subaru.es\\\/blog\\\/subaru-lifestyle\\\/la-historia-de-javier-medina\\\/#primaryimage\",\"url\":\"https:\\\/\\\/www.subaru.es\\\/blog\\\/wp-content\\\/uploads\\\/2018\\\/07\\\/cabecera_blog_offroaders_javier_medina.png\",\"contentUrl\":\"https:\\\/\\\/www.subaru.es\\\/blog\\\/wp-content\\\/uploads\\\/2018\\\/07\\\/cabecera_blog_offroaders_javier_medina.png\",\"width\":1550,\"height\":520},{\"@type\":\"BreadcrumbList\",\"@id\":\"https:\\\/\\\/www.subaru.es\\\/blog\\\/subaru-lifestyle\\\/la-historia-de-javier-medina\\\/#breadcrumb\",\"itemListElement\":[{\"@type\":\"ListItem\",\"position\":1,\"name\":\"Portada\",\"item\":\"https:\\\/\\\/www.subaru.es\\\/blog\\\/\"},{\"@type\":\"ListItem\",\"position\":2,\"name\":\"Caminos alternativos\"}]},{\"@type\":\"WebSite\",\"@id\":\"https:\\\/\\\/www.subaru.es\\\/blog\\\/#website\",\"url\":\"https:\\\/\\\/www.subaru.es\\\/blog\\\/\",\"name\":\"Universo Subaru\",\"description\":\"Descubre este apasionante espacio de Subaru donde vas a conocer todo sobre nuestros coches y las experiencias que vivimos con ellos. Si est\u00e1s preparado para dejarte seducir por la filosof\u00eda Subaru, qu\u00e9date con nosotros.\",\"publisher\":{\"@id\":\"https:\\\/\\\/www.subaru.es\\\/blog\\\/#organization\"},\"potentialAction\":[{\"@type\":\"SearchAction\",\"target\":{\"@type\":\"EntryPoint\",\"urlTemplate\":\"https:\\\/\\\/www.subaru.es\\\/blog\\\/?s={search_term_string}\"},\"query-input\":{\"@type\":\"PropertyValueSpecification\",\"valueRequired\":true,\"valueName\":\"search_term_string\"}}],\"inLanguage\":\"es\"},{\"@type\":\"Organization\",\"@id\":\"https:\\\/\\\/www.subaru.es\\\/blog\\\/#organization\",\"name\":\"Subaru Espa\u00f1a S.A.\",\"url\":\"https:\\\/\\\/www.subaru.es\\\/blog\\\/\",\"logo\":{\"@type\":\"ImageObject\",\"inLanguage\":\"es\",\"@id\":\"https:\\\/\\\/www.subaru.es\\\/blog\\\/#\\\/schema\\\/logo\\\/image\\\/\",\"url\":\"https:\\\/\\\/www.subaru.es\\\/blog\\\/wp-content\\\/uploads\\\/2016\\\/12\\\/Logo-Subaru-TypeV_C300-scaled.jpg\",\"contentUrl\":\"https:\\\/\\\/www.subaru.es\\\/blog\\\/wp-content\\\/uploads\\\/2016\\\/12\\\/Logo-Subaru-TypeV_C300-scaled.jpg\",\"width\":2560,\"height\":1864,\"caption\":\"Subaru Espa\u00f1a S.A.\"},\"image\":{\"@id\":\"https:\\\/\\\/www.subaru.es\\\/blog\\\/#\\\/schema\\\/logo\\\/image\\\/\"},\"sameAs\":[\"https:\\\/\\\/www.facebook.com\\\/subaruespana\",\"https:\\\/\\\/www.instagram.com\\\/subarues\\\/\",\"https:\\\/\\\/www.youtube.com\\\/user\\\/subaruespana\"]},{\"@type\":\"Person\",\"@id\":\"https:\\\/\\\/www.subaru.es\\\/blog\\\/#\\\/schema\\\/person\\\/3cfbe43a6fd4c042c9e3586f790a2a78\",\"name\":\"Javier S Medina\",\"url\":\"https:\\\/\\\/www.subaru.es\\\/blog\\\/author\\\/javier-medina\\\/\"}]}<\/script>\n<!-- \/ Yoast SEO plugin. -->","yoast_head_json":{"title":"Caminos alternativos - Universo Subaru","robots":{"index":"index","follow":"follow","max-snippet":"max-snippet:-1","max-image-preview":"max-image-preview:large","max-video-preview":"max-video-preview:-1"},"canonical":"https:\/\/www.subaru.es\/blog\/subaru-lifestyle\/la-historia-de-javier-medina\/","og_locale":"es_ES","og_type":"article","og_title":"Caminos alternativos - Universo Subaru","og_description":"Creo que siempre estuvo en mi cabeza la idea de salir de lo establecido, de apostar por algo que de verdad me apasiona: el trabajo con mis propias manos; dar otra oportunidad a oficios ya casi en proceso de extinci\u00f3n. Siempre me ha llamado la atenci\u00f3n todo aquello relacionado con la creatividad, m\u00e1s concretamente lo [&hellip;]","og_url":"https:\/\/www.subaru.es\/blog\/subaru-lifestyle\/la-historia-de-javier-medina\/","og_site_name":"Universo Subaru","article_publisher":"https:\/\/www.facebook.com\/subaruespana","article_published_time":"2018-07-17T11:11:09+00:00","og_image":[{"width":1550,"height":520,"url":"https:\/\/www.subaru.es\/blog\/wp-content\/uploads\/2018\/07\/cabecera_blog_offroaders_javier_medina.png","type":"image\/png"}],"author":"Javier S Medina","twitter_card":"summary_large_image","twitter_misc":{"Escrito por":"Javier S Medina","Tiempo de lectura":"3 minutos"},"schema":{"@context":"https:\/\/schema.org","@graph":[{"@type":"Article","@id":"https:\/\/www.subaru.es\/blog\/subaru-lifestyle\/la-historia-de-javier-medina\/#article","isPartOf":{"@id":"https:\/\/www.subaru.es\/blog\/subaru-lifestyle\/la-historia-de-javier-medina\/"},"author":{"name":"Javier S Medina","@id":"https:\/\/www.subaru.es\/blog\/#\/schema\/person\/3cfbe43a6fd4c042c9e3586f790a2a78"},"headline":"Caminos alternativos","datePublished":"2018-07-17T11:11:09+00:00","mainEntityOfPage":{"@id":"https:\/\/www.subaru.es\/blog\/subaru-lifestyle\/la-historia-de-javier-medina\/"},"wordCount":615,"commentCount":0,"publisher":{"@id":"https:\/\/www.subaru.es\/blog\/#organization"},"image":{"@id":"https:\/\/www.subaru.es\/blog\/subaru-lifestyle\/la-historia-de-javier-medina\/#primaryimage"},"thumbnailUrl":"https:\/\/www.subaru.es\/blog\/wp-content\/uploads\/2018\/07\/cabecera_blog_offroaders_javier_medina.png","keywords":["artesan\u00eda","artesano","decoraci\u00f3n","dise\u00f1o","disruptivo","estilo de vida","Filosof\u00eda Subaru","Filosof\u00eda SubaruOffRoaders","hecho a mano","historias SubaruOffRoaders","Javier S Medina","Momentos Subaru","subarista","subaristas","subaru espa\u00f1a","Subaru XV","SubaruOffroaders","taller artesania","Valores Subaru","Vida Subaru"],"articleSection":["Subaru LifeStyle"],"inLanguage":"es","potentialAction":[{"@type":"CommentAction","name":"Comment","target":["https:\/\/www.subaru.es\/blog\/subaru-lifestyle\/la-historia-de-javier-medina\/#respond"]}]},{"@type":"WebPage","@id":"https:\/\/www.subaru.es\/blog\/subaru-lifestyle\/la-historia-de-javier-medina\/","url":"https:\/\/www.subaru.es\/blog\/subaru-lifestyle\/la-historia-de-javier-medina\/","name":"Caminos alternativos - Universo Subaru","isPartOf":{"@id":"https:\/\/www.subaru.es\/blog\/#website"},"primaryImageOfPage":{"@id":"https:\/\/www.subaru.es\/blog\/subaru-lifestyle\/la-historia-de-javier-medina\/#primaryimage"},"image":{"@id":"https:\/\/www.subaru.es\/blog\/subaru-lifestyle\/la-historia-de-javier-medina\/#primaryimage"},"thumbnailUrl":"https:\/\/www.subaru.es\/blog\/wp-content\/uploads\/2018\/07\/cabecera_blog_offroaders_javier_medina.png","datePublished":"2018-07-17T11:11:09+00:00","breadcrumb":{"@id":"https:\/\/www.subaru.es\/blog\/subaru-lifestyle\/la-historia-de-javier-medina\/#breadcrumb"},"inLanguage":"es","potentialAction":[{"@type":"ReadAction","target":["https:\/\/www.subaru.es\/blog\/subaru-lifestyle\/la-historia-de-javier-medina\/"]}]},{"@type":"ImageObject","inLanguage":"es","@id":"https:\/\/www.subaru.es\/blog\/subaru-lifestyle\/la-historia-de-javier-medina\/#primaryimage","url":"https:\/\/www.subaru.es\/blog\/wp-content\/uploads\/2018\/07\/cabecera_blog_offroaders_javier_medina.png","contentUrl":"https:\/\/www.subaru.es\/blog\/wp-content\/uploads\/2018\/07\/cabecera_blog_offroaders_javier_medina.png","width":1550,"height":520},{"@type":"BreadcrumbList","@id":"https:\/\/www.subaru.es\/blog\/subaru-lifestyle\/la-historia-de-javier-medina\/#breadcrumb","itemListElement":[{"@type":"ListItem","position":1,"name":"Portada","item":"https:\/\/www.subaru.es\/blog\/"},{"@type":"ListItem","position":2,"name":"Caminos alternativos"}]},{"@type":"WebSite","@id":"https:\/\/www.subaru.es\/blog\/#website","url":"https:\/\/www.subaru.es\/blog\/","name":"Universo Subaru","description":"Descubre este apasionante espacio de Subaru donde vas a conocer todo sobre nuestros coches y las experiencias que vivimos con ellos. Si est\u00e1s preparado para dejarte seducir por la filosof\u00eda Subaru, qu\u00e9date con nosotros.","publisher":{"@id":"https:\/\/www.subaru.es\/blog\/#organization"},"potentialAction":[{"@type":"SearchAction","target":{"@type":"EntryPoint","urlTemplate":"https:\/\/www.subaru.es\/blog\/?s={search_term_string}"},"query-input":{"@type":"PropertyValueSpecification","valueRequired":true,"valueName":"search_term_string"}}],"inLanguage":"es"},{"@type":"Organization","@id":"https:\/\/www.subaru.es\/blog\/#organization","name":"Subaru Espa\u00f1a S.A.","url":"https:\/\/www.subaru.es\/blog\/","logo":{"@type":"ImageObject","inLanguage":"es","@id":"https:\/\/www.subaru.es\/blog\/#\/schema\/logo\/image\/","url":"https:\/\/www.subaru.es\/blog\/wp-content\/uploads\/2016\/12\/Logo-Subaru-TypeV_C300-scaled.jpg","contentUrl":"https:\/\/www.subaru.es\/blog\/wp-content\/uploads\/2016\/12\/Logo-Subaru-TypeV_C300-scaled.jpg","width":2560,"height":1864,"caption":"Subaru Espa\u00f1a S.A."},"image":{"@id":"https:\/\/www.subaru.es\/blog\/#\/schema\/logo\/image\/"},"sameAs":["https:\/\/www.facebook.com\/subaruespana","https:\/\/www.instagram.com\/subarues\/","https:\/\/www.youtube.com\/user\/subaruespana"]},{"@type":"Person","@id":"https:\/\/www.subaru.es\/blog\/#\/schema\/person\/3cfbe43a6fd4c042c9e3586f790a2a78","name":"Javier S Medina","url":"https:\/\/www.subaru.es\/blog\/author\/javier-medina\/"}]}},"_links":{"self":[{"href":"https:\/\/www.subaru.es\/blog\/wp-json\/wp\/v2\/posts\/19610","targetHints":{"allow":["GET"]}}],"collection":[{"href":"https:\/\/www.subaru.es\/blog\/wp-json\/wp\/v2\/posts"}],"about":[{"href":"https:\/\/www.subaru.es\/blog\/wp-json\/wp\/v2\/types\/post"}],"author":[{"embeddable":true,"href":"https:\/\/www.subaru.es\/blog\/wp-json\/wp\/v2\/users\/27"}],"replies":[{"embeddable":true,"href":"https:\/\/www.subaru.es\/blog\/wp-json\/wp\/v2\/comments?post=19610"}],"version-history":[{"count":8,"href":"https:\/\/www.subaru.es\/blog\/wp-json\/wp\/v2\/posts\/19610\/revisions"}],"predecessor-version":[{"id":19631,"href":"https:\/\/www.subaru.es\/blog\/wp-json\/wp\/v2\/posts\/19610\/revisions\/19631"}],"wp:featuredmedia":[{"embeddable":true,"href":"https:\/\/www.subaru.es\/blog\/wp-json\/wp\/v2\/media\/19613"}],"wp:attachment":[{"href":"https:\/\/www.subaru.es\/blog\/wp-json\/wp\/v2\/media?parent=19610"}],"wp:term":[{"taxonomy":"category","embeddable":true,"href":"https:\/\/www.subaru.es\/blog\/wp-json\/wp\/v2\/categories?post=19610"},{"taxonomy":"post_tag","embeddable":true,"href":"https:\/\/www.subaru.es\/blog\/wp-json\/wp\/v2\/tags?post=19610"}],"curies":[{"name":"wp","href":"https:\/\/api.w.org\/{rel}","templated":true}]}}