{"id":1949,"date":"2009-05-10T09:07:56","date_gmt":"2009-05-10T07:07:56","guid":{"rendered":"http:\/\/subaru.preproduccion.com\/blog\/wp-content\/2009\/05\/10\/la-fiabilidad-del-forester-destacada-en-alemania\/"},"modified":"2020-08-06T11:41:45","modified_gmt":"2020-08-06T09:41:45","slug":"la-fiabilidad-del-forester-destacada-en-alemania","status":"publish","type":"post","link":"https:\/\/www.subaru.es\/blog\/nuestra-marca\/la-fiabilidad-del-forester-destacada-en-alemania\/","title":{"rendered":"La fiabilidad del Forester, destacada en Alemania"},"content":{"rendered":"<p><center><img data-src='https:\/\/www.subaru.es\/blog\/wp-content\/uploads\/2009\/03\/0subaru-forester-2009-oficial-1.jpg' src='data:image\/svg+xml;base64,PHN2ZyB3aWR0aD0iMSIgaGVpZ2h0PSIxIiB4bWxucz0iaHR0cDovL3d3dy53My5vcmcvMjAwMC9zdmciPjwvc3ZnPg==' class='lazyload' style='--smush-placeholder-width: 450px; --smush-placeholder-aspect-ratio: 450\/291;' \/><\/center><\/p>\n<p>Una nueva noticia que hace referencia a la seguridad de los modelos de Subaru, que en este caso nos llega desde Alemania: el T\u00dcV, organismo equivalente a la ITV de nuestro pa\u00eds, ha querido destacar al <strong>Subaru Forester<\/strong> como uno de los modelos con \u00edndice de defectos m\u00e1s bajos de su categor\u00eda.<\/p>\n<p>Con una puntuaci\u00f3n de 3,7 (cuando el promedio de seguridad de los veh\u00edculos se dispara hasta el 9,3), <strong>el Forester se destaca como el tercer coche m\u00e1s fiable del mercado<\/strong>, seg\u00fan este organismo alem\u00e1n. En comunicado de prensa de Subaru, destacan que <strong>\u00abEl Subaru Forester tiene una larga vida y es perfecto para largos viajes y cualquier terreno\u00bb<\/strong> o que \u00abCualquier persona que lo conoce, lo aconseja\u00bb.<\/p>\n<p>Cabe destacar que <strong>este informe hace referencia, por supuesto, a las revisiones de veh\u00edculos usados<\/strong>. Dicha tercera plaza de fiabilidad se aplica a los Forester con entre seis y siete a\u00f1os de antig\u00fcedad (tasa de defecto de 6,4, con un promedio de 14,0), mientras que en el rango de veh\u00edculos de ocho a nueve a\u00f1os de antig\u00fcedad, ocupan la sexta posici\u00f3n y en el de dos a tres a\u00f1os, la s\u00e9ptima, de todos los veh\u00edculos testados (casi todo el parque automovil\u00edstico alem\u00e1n, m\u00e1s de 200 modelos y siete millones de utilitarios).<\/p>\n<p>Cabe destacar tambi\u00e9n que <strong>todos los modelos de Subaru est\u00e1n por debajo de la media de fiabilidad<\/strong> establecida por la ITV germana.<\/p>\n","protected":false},"excerpt":{"rendered":"<p>Una nueva noticia que hace referencia a la seguridad de los modelos de Subaru, que en este caso nos llega desde Alemania: el T\u00dcV, organismo equivalente a la ITV de nuestro pa\u00eds, ha querido destacar al Subaru Forester como uno de los modelos con \u00edndice de defectos m\u00e1s bajos de su categor\u00eda. Con una puntuaci\u00f3n [&hellip;]<\/p>\n","protected":false},"author":21,"featured_media":1948,"comment_status":"open","ping_status":"open","sticky":false,"template":"","format":"standard","meta":{"_acf_changed":false,"_eb_attr":"","inline_featured_image":false,"footnotes":""},"categories":[4401],"tags":[1065,13],"class_list":["post-1949","post","type-post","status-publish","format-standard","has-post-thumbnail","hentry","category-nuestra-marca","tag-alemania","tag-forester"],"acf":[],"yoast_head":"<!-- This site is optimized with the Yoast SEO plugin v27.3 - https:\/\/yoast.com\/product\/yoast-seo-wordpress\/ -->\n<title>La fiabilidad del Forester, destacada en Alemania - Universo Subaru<\/title>\n<meta name=\"robots\" content=\"index, follow, max-snippet:-1, max-image-preview:large, max-video-preview:-1\" \/>\n<link rel=\"canonical\" href=\"https:\/\/www.subaru.es\/blog\/nuestra-marca\/la-fiabilidad-del-forester-destacada-en-alemania\/\" \/>\n<meta property=\"og:locale\" content=\"es_ES\" \/>\n<meta property=\"og:type\" content=\"article\" \/>\n<meta property=\"og:title\" content=\"La fiabilidad del Forester, destacada en Alemania - Universo Subaru\" \/>\n<meta property=\"og:description\" content=\"Una nueva noticia que hace referencia a la seguridad de los modelos de Subaru, que en este caso nos llega desde Alemania: el T\u00dcV, organismo equivalente a la ITV de nuestro pa\u00eds, ha querido destacar al Subaru Forester como uno de los modelos con \u00edndice de defectos m\u00e1s bajos de su categor\u00eda. Con una puntuaci\u00f3n [&hellip;]\" \/>\n<meta property=\"og:url\" content=\"https:\/\/www.subaru.es\/blog\/nuestra-marca\/la-fiabilidad-del-forester-destacada-en-alemania\/\" \/>\n<meta property=\"og:site_name\" content=\"Universo Subaru\" \/>\n<meta property=\"article:publisher\" content=\"https:\/\/www.facebook.com\/subaruespana\" \/>\n<meta property=\"article:published_time\" content=\"2009-05-10T07:07:56+00:00\" \/>\n<meta property=\"article:modified_time\" content=\"2020-08-06T09:41:45+00:00\" \/>\n<meta property=\"og:image\" content=\"https:\/\/www.subaru.es\/blog\/wp-content\/uploads\/2009\/03\/0subaru-forester-2009-oficial-1.jpg\" \/>\n\t<meta property=\"og:image:width\" content=\"450\" \/>\n\t<meta property=\"og:image:height\" content=\"291\" \/>\n\t<meta property=\"og:image:type\" content=\"image\/jpeg\" \/>\n<meta name=\"author\" content=\"Subaru\" \/>\n<meta name=\"twitter:card\" content=\"summary_large_image\" \/>\n<meta name=\"twitter:label1\" content=\"Escrito por\" \/>\n\t<meta name=\"twitter:data1\" content=\"Subaru\" \/>\n\t<meta name=\"twitter:label2\" content=\"Tiempo de lectura\" \/>\n\t<meta name=\"twitter:data2\" content=\"1 minuto\" \/>\n<script type=\"application\/ld+json\" class=\"yoast-schema-graph\">{\"@context\":\"https:\\\/\\\/schema.org\",\"@graph\":[{\"@type\":\"Article\",\"@id\":\"https:\\\/\\\/www.subaru.es\\\/blog\\\/nuestra-marca\\\/la-fiabilidad-del-forester-destacada-en-alemania\\\/#article\",\"isPartOf\":{\"@id\":\"https:\\\/\\\/www.subaru.es\\\/blog\\\/nuestra-marca\\\/la-fiabilidad-del-forester-destacada-en-alemania\\\/\"},\"author\":{\"name\":\"Subaru\",\"@id\":\"https:\\\/\\\/www.subaru.es\\\/blog\\\/#\\\/schema\\\/person\\\/19a90b892230b8e0ec752704ddf4aa10\"},\"headline\":\"La fiabilidad del Forester, destacada en Alemania\",\"datePublished\":\"2009-05-10T07:07:56+00:00\",\"dateModified\":\"2020-08-06T09:41:45+00:00\",\"mainEntityOfPage\":{\"@id\":\"https:\\\/\\\/www.subaru.es\\\/blog\\\/nuestra-marca\\\/la-fiabilidad-del-forester-destacada-en-alemania\\\/\"},\"wordCount\":258,\"commentCount\":0,\"publisher\":{\"@id\":\"https:\\\/\\\/www.subaru.es\\\/blog\\\/#organization\"},\"image\":{\"@id\":\"https:\\\/\\\/www.subaru.es\\\/blog\\\/nuestra-marca\\\/la-fiabilidad-del-forester-destacada-en-alemania\\\/#primaryimage\"},\"thumbnailUrl\":\"https:\\\/\\\/www.subaru.es\\\/blog\\\/wp-content\\\/uploads\\\/2009\\\/03\\\/0subaru-forester-2009-oficial-1.jpg\",\"keywords\":[\"alemania\",\"forester\"],\"articleSection\":[\"Nuestra marca\"],\"inLanguage\":\"es\",\"potentialAction\":[{\"@type\":\"CommentAction\",\"name\":\"Comment\",\"target\":[\"https:\\\/\\\/www.subaru.es\\\/blog\\\/nuestra-marca\\\/la-fiabilidad-del-forester-destacada-en-alemania\\\/#respond\"]}]},{\"@type\":\"WebPage\",\"@id\":\"https:\\\/\\\/www.subaru.es\\\/blog\\\/nuestra-marca\\\/la-fiabilidad-del-forester-destacada-en-alemania\\\/\",\"url\":\"https:\\\/\\\/www.subaru.es\\\/blog\\\/nuestra-marca\\\/la-fiabilidad-del-forester-destacada-en-alemania\\\/\",\"name\":\"La fiabilidad del Forester, destacada en Alemania - Universo Subaru\",\"isPartOf\":{\"@id\":\"https:\\\/\\\/www.subaru.es\\\/blog\\\/#website\"},\"primaryImageOfPage\":{\"@id\":\"https:\\\/\\\/www.subaru.es\\\/blog\\\/nuestra-marca\\\/la-fiabilidad-del-forester-destacada-en-alemania\\\/#primaryimage\"},\"image\":{\"@id\":\"https:\\\/\\\/www.subaru.es\\\/blog\\\/nuestra-marca\\\/la-fiabilidad-del-forester-destacada-en-alemania\\\/#primaryimage\"},\"thumbnailUrl\":\"https:\\\/\\\/www.subaru.es\\\/blog\\\/wp-content\\\/uploads\\\/2009\\\/03\\\/0subaru-forester-2009-oficial-1.jpg\",\"datePublished\":\"2009-05-10T07:07:56+00:00\",\"dateModified\":\"2020-08-06T09:41:45+00:00\",\"breadcrumb\":{\"@id\":\"https:\\\/\\\/www.subaru.es\\\/blog\\\/nuestra-marca\\\/la-fiabilidad-del-forester-destacada-en-alemania\\\/#breadcrumb\"},\"inLanguage\":\"es\",\"potentialAction\":[{\"@type\":\"ReadAction\",\"target\":[\"https:\\\/\\\/www.subaru.es\\\/blog\\\/nuestra-marca\\\/la-fiabilidad-del-forester-destacada-en-alemania\\\/\"]}]},{\"@type\":\"ImageObject\",\"inLanguage\":\"es\",\"@id\":\"https:\\\/\\\/www.subaru.es\\\/blog\\\/nuestra-marca\\\/la-fiabilidad-del-forester-destacada-en-alemania\\\/#primaryimage\",\"url\":\"https:\\\/\\\/www.subaru.es\\\/blog\\\/wp-content\\\/uploads\\\/2009\\\/03\\\/0subaru-forester-2009-oficial-1.jpg\",\"contentUrl\":\"https:\\\/\\\/www.subaru.es\\\/blog\\\/wp-content\\\/uploads\\\/2009\\\/03\\\/0subaru-forester-2009-oficial-1.jpg\",\"width\":450,\"height\":291},{\"@type\":\"BreadcrumbList\",\"@id\":\"https:\\\/\\\/www.subaru.es\\\/blog\\\/nuestra-marca\\\/la-fiabilidad-del-forester-destacada-en-alemania\\\/#breadcrumb\",\"itemListElement\":[{\"@type\":\"ListItem\",\"position\":1,\"name\":\"Portada\",\"item\":\"https:\\\/\\\/www.subaru.es\\\/blog\\\/\"},{\"@type\":\"ListItem\",\"position\":2,\"name\":\"La fiabilidad del Forester, destacada en Alemania\"}]},{\"@type\":\"WebSite\",\"@id\":\"https:\\\/\\\/www.subaru.es\\\/blog\\\/#website\",\"url\":\"https:\\\/\\\/www.subaru.es\\\/blog\\\/\",\"name\":\"Universo Subaru\",\"description\":\"Descubre este apasionante espacio de Subaru donde vas a conocer todo sobre nuestros coches y las experiencias que vivimos con ellos. Si est\u00e1s preparado para dejarte seducir por la filosof\u00eda Subaru, qu\u00e9date con nosotros.\",\"publisher\":{\"@id\":\"https:\\\/\\\/www.subaru.es\\\/blog\\\/#organization\"},\"potentialAction\":[{\"@type\":\"SearchAction\",\"target\":{\"@type\":\"EntryPoint\",\"urlTemplate\":\"https:\\\/\\\/www.subaru.es\\\/blog\\\/?s={search_term_string}\"},\"query-input\":{\"@type\":\"PropertyValueSpecification\",\"valueRequired\":true,\"valueName\":\"search_term_string\"}}],\"inLanguage\":\"es\"},{\"@type\":\"Organization\",\"@id\":\"https:\\\/\\\/www.subaru.es\\\/blog\\\/#organization\",\"name\":\"Subaru Espa\u00f1a S.A.\",\"url\":\"https:\\\/\\\/www.subaru.es\\\/blog\\\/\",\"logo\":{\"@type\":\"ImageObject\",\"inLanguage\":\"es\",\"@id\":\"https:\\\/\\\/www.subaru.es\\\/blog\\\/#\\\/schema\\\/logo\\\/image\\\/\",\"url\":\"https:\\\/\\\/www.subaru.es\\\/blog\\\/wp-content\\\/uploads\\\/2016\\\/12\\\/Logo-Subaru-TypeV_C300-scaled.jpg\",\"contentUrl\":\"https:\\\/\\\/www.subaru.es\\\/blog\\\/wp-content\\\/uploads\\\/2016\\\/12\\\/Logo-Subaru-TypeV_C300-scaled.jpg\",\"width\":2560,\"height\":1864,\"caption\":\"Subaru Espa\u00f1a S.A.\"},\"image\":{\"@id\":\"https:\\\/\\\/www.subaru.es\\\/blog\\\/#\\\/schema\\\/logo\\\/image\\\/\"},\"sameAs\":[\"https:\\\/\\\/www.facebook.com\\\/subaruespana\",\"https:\\\/\\\/www.instagram.com\\\/subarues\\\/\",\"https:\\\/\\\/www.youtube.com\\\/user\\\/subaruespana\"]},{\"@type\":\"Person\",\"@id\":\"https:\\\/\\\/www.subaru.es\\\/blog\\\/#\\\/schema\\\/person\\\/19a90b892230b8e0ec752704ddf4aa10\",\"name\":\"Subaru\",\"url\":\"https:\\\/\\\/www.subaru.es\\\/blog\\\/author\\\/subaria\\\/\"}]}<\/script>\n<!-- \/ Yoast SEO plugin. -->","yoast_head_json":{"title":"La fiabilidad del Forester, destacada en Alemania - Universo Subaru","robots":{"index":"index","follow":"follow","max-snippet":"max-snippet:-1","max-image-preview":"max-image-preview:large","max-video-preview":"max-video-preview:-1"},"canonical":"https:\/\/www.subaru.es\/blog\/nuestra-marca\/la-fiabilidad-del-forester-destacada-en-alemania\/","og_locale":"es_ES","og_type":"article","og_title":"La fiabilidad del Forester, destacada en Alemania - Universo Subaru","og_description":"Una nueva noticia que hace referencia a la seguridad de los modelos de Subaru, que en este caso nos llega desde Alemania: el T\u00dcV, organismo equivalente a la ITV de nuestro pa\u00eds, ha querido destacar al Subaru Forester como uno de los modelos con \u00edndice de defectos m\u00e1s bajos de su categor\u00eda. Con una puntuaci\u00f3n [&hellip;]","og_url":"https:\/\/www.subaru.es\/blog\/nuestra-marca\/la-fiabilidad-del-forester-destacada-en-alemania\/","og_site_name":"Universo Subaru","article_publisher":"https:\/\/www.facebook.com\/subaruespana","article_published_time":"2009-05-10T07:07:56+00:00","article_modified_time":"2020-08-06T09:41:45+00:00","og_image":[{"width":450,"height":291,"url":"https:\/\/www.subaru.es\/blog\/wp-content\/uploads\/2009\/03\/0subaru-forester-2009-oficial-1.jpg","type":"image\/jpeg"}],"author":"Subaru","twitter_card":"summary_large_image","twitter_misc":{"Escrito por":"Subaru","Tiempo de lectura":"1 minuto"},"schema":{"@context":"https:\/\/schema.org","@graph":[{"@type":"Article","@id":"https:\/\/www.subaru.es\/blog\/nuestra-marca\/la-fiabilidad-del-forester-destacada-en-alemania\/#article","isPartOf":{"@id":"https:\/\/www.subaru.es\/blog\/nuestra-marca\/la-fiabilidad-del-forester-destacada-en-alemania\/"},"author":{"name":"Subaru","@id":"https:\/\/www.subaru.es\/blog\/#\/schema\/person\/19a90b892230b8e0ec752704ddf4aa10"},"headline":"La fiabilidad del Forester, destacada en Alemania","datePublished":"2009-05-10T07:07:56+00:00","dateModified":"2020-08-06T09:41:45+00:00","mainEntityOfPage":{"@id":"https:\/\/www.subaru.es\/blog\/nuestra-marca\/la-fiabilidad-del-forester-destacada-en-alemania\/"},"wordCount":258,"commentCount":0,"publisher":{"@id":"https:\/\/www.subaru.es\/blog\/#organization"},"image":{"@id":"https:\/\/www.subaru.es\/blog\/nuestra-marca\/la-fiabilidad-del-forester-destacada-en-alemania\/#primaryimage"},"thumbnailUrl":"https:\/\/www.subaru.es\/blog\/wp-content\/uploads\/2009\/03\/0subaru-forester-2009-oficial-1.jpg","keywords":["alemania","forester"],"articleSection":["Nuestra marca"],"inLanguage":"es","potentialAction":[{"@type":"CommentAction","name":"Comment","target":["https:\/\/www.subaru.es\/blog\/nuestra-marca\/la-fiabilidad-del-forester-destacada-en-alemania\/#respond"]}]},{"@type":"WebPage","@id":"https:\/\/www.subaru.es\/blog\/nuestra-marca\/la-fiabilidad-del-forester-destacada-en-alemania\/","url":"https:\/\/www.subaru.es\/blog\/nuestra-marca\/la-fiabilidad-del-forester-destacada-en-alemania\/","name":"La fiabilidad del Forester, destacada en Alemania - Universo Subaru","isPartOf":{"@id":"https:\/\/www.subaru.es\/blog\/#website"},"primaryImageOfPage":{"@id":"https:\/\/www.subaru.es\/blog\/nuestra-marca\/la-fiabilidad-del-forester-destacada-en-alemania\/#primaryimage"},"image":{"@id":"https:\/\/www.subaru.es\/blog\/nuestra-marca\/la-fiabilidad-del-forester-destacada-en-alemania\/#primaryimage"},"thumbnailUrl":"https:\/\/www.subaru.es\/blog\/wp-content\/uploads\/2009\/03\/0subaru-forester-2009-oficial-1.jpg","datePublished":"2009-05-10T07:07:56+00:00","dateModified":"2020-08-06T09:41:45+00:00","breadcrumb":{"@id":"https:\/\/www.subaru.es\/blog\/nuestra-marca\/la-fiabilidad-del-forester-destacada-en-alemania\/#breadcrumb"},"inLanguage":"es","potentialAction":[{"@type":"ReadAction","target":["https:\/\/www.subaru.es\/blog\/nuestra-marca\/la-fiabilidad-del-forester-destacada-en-alemania\/"]}]},{"@type":"ImageObject","inLanguage":"es","@id":"https:\/\/www.subaru.es\/blog\/nuestra-marca\/la-fiabilidad-del-forester-destacada-en-alemania\/#primaryimage","url":"https:\/\/www.subaru.es\/blog\/wp-content\/uploads\/2009\/03\/0subaru-forester-2009-oficial-1.jpg","contentUrl":"https:\/\/www.subaru.es\/blog\/wp-content\/uploads\/2009\/03\/0subaru-forester-2009-oficial-1.jpg","width":450,"height":291},{"@type":"BreadcrumbList","@id":"https:\/\/www.subaru.es\/blog\/nuestra-marca\/la-fiabilidad-del-forester-destacada-en-alemania\/#breadcrumb","itemListElement":[{"@type":"ListItem","position":1,"name":"Portada","item":"https:\/\/www.subaru.es\/blog\/"},{"@type":"ListItem","position":2,"name":"La fiabilidad del Forester, destacada en Alemania"}]},{"@type":"WebSite","@id":"https:\/\/www.subaru.es\/blog\/#website","url":"https:\/\/www.subaru.es\/blog\/","name":"Universo Subaru","description":"Descubre este apasionante espacio de Subaru donde vas a conocer todo sobre nuestros coches y las experiencias que vivimos con ellos. Si est\u00e1s preparado para dejarte seducir por la filosof\u00eda Subaru, qu\u00e9date con nosotros.","publisher":{"@id":"https:\/\/www.subaru.es\/blog\/#organization"},"potentialAction":[{"@type":"SearchAction","target":{"@type":"EntryPoint","urlTemplate":"https:\/\/www.subaru.es\/blog\/?s={search_term_string}"},"query-input":{"@type":"PropertyValueSpecification","valueRequired":true,"valueName":"search_term_string"}}],"inLanguage":"es"},{"@type":"Organization","@id":"https:\/\/www.subaru.es\/blog\/#organization","name":"Subaru Espa\u00f1a S.A.","url":"https:\/\/www.subaru.es\/blog\/","logo":{"@type":"ImageObject","inLanguage":"es","@id":"https:\/\/www.subaru.es\/blog\/#\/schema\/logo\/image\/","url":"https:\/\/www.subaru.es\/blog\/wp-content\/uploads\/2016\/12\/Logo-Subaru-TypeV_C300-scaled.jpg","contentUrl":"https:\/\/www.subaru.es\/blog\/wp-content\/uploads\/2016\/12\/Logo-Subaru-TypeV_C300-scaled.jpg","width":2560,"height":1864,"caption":"Subaru Espa\u00f1a S.A."},"image":{"@id":"https:\/\/www.subaru.es\/blog\/#\/schema\/logo\/image\/"},"sameAs":["https:\/\/www.facebook.com\/subaruespana","https:\/\/www.instagram.com\/subarues\/","https:\/\/www.youtube.com\/user\/subaruespana"]},{"@type":"Person","@id":"https:\/\/www.subaru.es\/blog\/#\/schema\/person\/19a90b892230b8e0ec752704ddf4aa10","name":"Subaru","url":"https:\/\/www.subaru.es\/blog\/author\/subaria\/"}]}},"_links":{"self":[{"href":"https:\/\/www.subaru.es\/blog\/wp-json\/wp\/v2\/posts\/1949","targetHints":{"allow":["GET"]}}],"collection":[{"href":"https:\/\/www.subaru.es\/blog\/wp-json\/wp\/v2\/posts"}],"about":[{"href":"https:\/\/www.subaru.es\/blog\/wp-json\/wp\/v2\/types\/post"}],"author":[{"embeddable":true,"href":"https:\/\/www.subaru.es\/blog\/wp-json\/wp\/v2\/users\/21"}],"replies":[{"embeddable":true,"href":"https:\/\/www.subaru.es\/blog\/wp-json\/wp\/v2\/comments?post=1949"}],"version-history":[{"count":1,"href":"https:\/\/www.subaru.es\/blog\/wp-json\/wp\/v2\/posts\/1949\/revisions"}],"predecessor-version":[{"id":15223,"href":"https:\/\/www.subaru.es\/blog\/wp-json\/wp\/v2\/posts\/1949\/revisions\/15223"}],"wp:featuredmedia":[{"embeddable":true,"href":"https:\/\/www.subaru.es\/blog\/wp-json\/wp\/v2\/media\/1948"}],"wp:attachment":[{"href":"https:\/\/www.subaru.es\/blog\/wp-json\/wp\/v2\/media?parent=1949"}],"wp:term":[{"taxonomy":"category","embeddable":true,"href":"https:\/\/www.subaru.es\/blog\/wp-json\/wp\/v2\/categories?post=1949"},{"taxonomy":"post_tag","embeddable":true,"href":"https:\/\/www.subaru.es\/blog\/wp-json\/wp\/v2\/tags?post=1949"}],"curies":[{"name":"wp","href":"https:\/\/api.w.org\/{rel}","templated":true}]}}