{"id":19437,"date":"2018-06-26T19:02:43","date_gmt":"2018-06-26T17:02:43","guid":{"rendered":"https:\/\/www.subaru.es\/blog\/?p=19437"},"modified":"2018-07-03T16:42:24","modified_gmt":"2018-07-03T14:42:24","slug":"historia-de-subaru-anos-70","status":"publish","type":"post","link":"https:\/\/www.subaru.es\/blog\/nuestra-marca\/historia-de-subaru-anos-70\/","title":{"rendered":"Historia de Subaru: as\u00ed naci\u00f3 la tracci\u00f3n 4WD"},"content":{"rendered":"<p><a href=\"https:\/\/www.subaru.es\/tecnologia\" target=\"_blank\" rel=\"noopener\">La tecnolog\u00eda manda actualmente<\/a>, pero no era as\u00ed en los a\u00f1os 70. En vez de GPS, llev\u00e1bamos mapas en la guantera; y en lugar de <a href=\"https:\/\/youtu.be\/btG3lEtRvu0\" target=\"_blank\" rel=\"noopener\">c\u00e1mara de visi\u00f3n trasera<\/a>, nuestro copiloto asomaba la cabeza por la ventanilla para ayudarnos en los aparcamientos m\u00e1s complicados. Eran otros tiempos, pero en <a href=\"http:\/\/www.subaru.es\" target=\"_blank\" rel=\"noopener\">Subaru<\/a> comenz\u00e1bamos a incluirla en nuestros utilitarios.<\/p>\n<p><strong><u>CRONOLOG\u00cdA A\u00d1OS 70<\/u><\/strong><\/p>\n<ul>\n<li><strong>1971 | Junio &#8211; Lanzamiento del Leone coup\u00e9.<\/strong><\/li>\n<li><strong>1972 | Febrero &#8211; Lanzamiento del Leone sed\u00e1n de 4 puertas<\/strong><\/li>\n<li><strong>1972 | Julio &#8211; Lanzamiento del Subaru Rex.<\/strong><\/li>\n<li><strong>1972 | Septiembre &#8211; Lanzamiento del Station Wagon Leone 4WD<\/strong><\/li>\n<li><strong>1973 | Febrero &#8211; Lanzamiento Goriki Sambar<\/strong><\/li>\n<li><strong>1973 | Junio &#8211; Lanzamiento del modelo Leone hard-top<\/strong><\/li>\n<li><strong>1973 | Octubre &#8211; Lanzamiento Subaru Rex de 4 tiempos<\/strong><\/li>\n<li><strong>1975 | Diciembre &#8211; Lanzamiento Subaru SEEC-T<\/strong><\/li>\n<li><strong>1976 | Mayo &#8211; Lanzamiento del Rex 5<\/strong><\/li>\n<li><strong>1976 | Mayo &#8211; Lanzamiento del Sambar 5<\/strong><\/li>\n<li><strong>1977 | Mayo &#8211; Lanzamiento del Rex 550<\/strong><\/li>\n<li><strong>1977 | Mayo &#8211; Lanzamiento del Sambar 550<\/strong><\/li>\n<li><strong>1977 | Octubre &#8211; Introducci\u00f3n del Subaru BRAT<\/strong><\/li>\n<li><strong>1979 | Junio &#8211; Lanzamiento del Nuevo Leone Sedan<\/strong><\/li>\n<li><strong>1979 | Julio &#8211; Lanzamiento del Nuevo Leone hard-top<\/strong><\/li>\n<li><strong>1979 | Octubre &#8211; Lanzamiento del Sambar High Roof, primer Van de habit\u00e1culo liviano<\/strong><\/li>\n<li><strong>1979 | Octubre &#8211; Lanzamiento del Swingback, 4WD<\/strong><\/li>\n<li><strong>1980 | Noviembre &#8211; Lanzamiento del Sambar 4WD<\/strong><\/li>\n<li><strong>1981 | Noviembre &#8211; Lanzamiento del modelo Leone 4WD AT (Primer modelo MP-T del mundo)<\/strong><\/li>\n<\/ul>\n<p>&nbsp;<\/p>\n<p><strong><u>LLEGA LA 4WD<\/u><\/strong><\/p>\n<p>Desvincul\u00e1ndose de lo que dictase la mayor\u00eda, Subaru comienza a <a href=\"https:\/\/www.subaru.es\/tecnologia\" target=\"_blank\" rel=\"noopener\">despuntar a nivel tecnol\u00f3gico<\/a>, especialmente gracias a su tracci\u00f3n. Hasta ese momento, la tracci\u00f3n a las 4 ruedas se limitaba a los coches todo terreno, pero nosotros rompimos con esa norma no escrita y fuimos los primeros en incluir la variante <a href=\"https:\/\/www.subaru.es\/tecnologia\/symmetical-awd\" target=\"_blank\" rel=\"noopener\"><strong>4WD Symmetrical All-Wheel Drive<\/strong><\/a> en veh\u00edculos normales de pasajeros producidos en masa, como el <a href=\"https:\/\/www.subaru.es\/blog\/nuestra-marca\/subaru-leone-el-abuelo-sigue-en-forma\/\" target=\"_blank\" rel=\"noopener\"><strong>Subaru Leone<\/strong><strong> Coupe<\/strong><\/a> (1971). Por entonces, el auge de los deportes al aire libre y la capacidad de <a href=\"https:\/\/youtu.be\/Xl51tD4lpDw\" target=\"_blank\" rel=\"noopener\">avanzar sobre cualquier superficie<\/a>, convirti\u00f3 al Subaru Leone en el coche m\u00e1s vendido con 4WD del momento. A\u00f1os m\u00e1s tarde, en 1977, lanzar\u00edamos el <a href=\"https:\/\/www.subaru.es\/blog\/nuestra-marca\/subaru-brat-mito\/\" target=\"_blank\" rel=\"noopener\"><strong>Subaru Brat<\/strong><\/a>. Se basaba en el Leone 4WD, pero era un veh\u00edculo recreativo dise\u00f1ado en exclusiva para el mercado de Am\u00e9rica del Norte; con dos plazas y un compartimento de carga en la parte trasera.<\/p>\n<p><img decoding=\"async\" width=\"560\" height=\"450\" class=\"aligncenter size-medium wp-image-19441 lazyload\" data-src=\"https:\/\/www.subaru.es\/blog\/wp-content\/uploads\/2018\/06\/1972LEONE_0020HP-560x450.jpg\" alt=\"\" data-srcset=\"https:\/\/www.subaru.es\/blog\/wp-content\/uploads\/2018\/06\/1972LEONE_0020HP-560x450.jpg 560w, https:\/\/www.subaru.es\/blog\/wp-content\/uploads\/2018\/06\/1972LEONE_0020HP-1440x1158.jpg 1440w, https:\/\/www.subaru.es\/blog\/wp-content\/uploads\/2018\/06\/1972LEONE_0020HP-768x618.jpg 768w, https:\/\/www.subaru.es\/blog\/wp-content\/uploads\/2018\/06\/1972LEONE_0020HP-1536x1236.jpg 1536w, https:\/\/www.subaru.es\/blog\/wp-content\/uploads\/2018\/06\/1972LEONE_0020HP-2048x1647.jpg 2048w\" data-sizes=\"(max-width: 560px) 100vw, 560px\" src=\"data:image\/svg+xml;base64,PHN2ZyB3aWR0aD0iMSIgaGVpZ2h0PSIxIiB4bWxucz0iaHR0cDovL3d3dy53My5vcmcvMjAwMC9zdmciPjwvc3ZnPg==\" style=\"--smush-placeholder-width: 560px; --smush-placeholder-aspect-ratio: 560\/450;\" \/><\/p>\n<p><img decoding=\"async\" width=\"560\" height=\"375\" class=\"aligncenter size-medium wp-image-19443 lazyload\" data-src=\"https:\/\/www.subaru.es\/blog\/wp-content\/uploads\/2018\/06\/1977BRAT_0010HP-560x375.jpg\" alt=\"\" data-srcset=\"https:\/\/www.subaru.es\/blog\/wp-content\/uploads\/2018\/06\/1977BRAT_0010HP-560x375.jpg 560w, https:\/\/www.subaru.es\/blog\/wp-content\/uploads\/2018\/06\/1977BRAT_0010HP-768x514.jpg 768w, https:\/\/www.subaru.es\/blog\/wp-content\/uploads\/2018\/06\/1977BRAT_0010HP.jpg 800w\" data-sizes=\"(max-width: 560px) 100vw, 560px\" src=\"data:image\/svg+xml;base64,PHN2ZyB3aWR0aD0iMSIgaGVpZ2h0PSIxIiB4bWxucz0iaHR0cDovL3d3dy53My5vcmcvMjAwMC9zdmciPjwvc3ZnPg==\" style=\"--smush-placeholder-width: 560px; --smush-placeholder-aspect-ratio: 560\/375;\" \/><\/p>\n<p>Un a\u00f1o m\u00e1s tarde, lanzamos el <a href=\"https:\/\/www.subaru.es\/blog\/nuestra-marca\/subaru-rex\/\" target=\"_blank\" rel=\"noopener\"><strong>Subaru Rex<\/strong><\/a> (1972), destinado a suceder al mini sed\u00e1n <a href=\"https:\/\/en.wikipedia.org\/wiki\/Subaru_R-2\" target=\"_blank\" rel=\"noopener\"><strong>Subaru R2<\/strong>.<\/a> Su tama\u00f1o y su aire divertido triunfaba entre la juventud. Adem\u00e1s de un dise\u00f1o acorde a los gustos m\u00e1s desenfadados, los conductores valoraban su manejo, la estabilidad de conducci\u00f3n que proporcionaba y \u00a1la econom\u00eda de combustible!<\/p>\n<p><img decoding=\"async\" width=\"560\" height=\"446\" class=\"aligncenter size-medium wp-image-19442 lazyload\" data-src=\"https:\/\/www.subaru.es\/blog\/wp-content\/uploads\/2018\/06\/1972REX_0010HP-560x446.jpg\" alt=\"\" data-srcset=\"https:\/\/www.subaru.es\/blog\/wp-content\/uploads\/2018\/06\/1972REX_0010HP-560x446.jpg 560w, https:\/\/www.subaru.es\/blog\/wp-content\/uploads\/2018\/06\/1972REX_0010HP-768x612.jpg 768w, https:\/\/www.subaru.es\/blog\/wp-content\/uploads\/2018\/06\/1972REX_0010HP.jpg 800w\" data-sizes=\"(max-width: 560px) 100vw, 560px\" src=\"data:image\/svg+xml;base64,PHN2ZyB3aWR0aD0iMSIgaGVpZ2h0PSIxIiB4bWxucz0iaHR0cDovL3d3dy53My5vcmcvMjAwMC9zdmciPjwvc3ZnPg==\" style=\"--smush-placeholder-width: 560px; --smush-placeholder-aspect-ratio: 560\/446;\" \/><\/p>\n<p>&nbsp;<\/p>\n<p><strong><u>SAMBAR, TERCERA GENERACI\u00d3N<\/u><\/strong><\/p>\n<p>El primer modelo se hab\u00eda basado en el dise\u00f1o de <a href=\"https:\/\/www.subaru.es\/blog\/nuestra-marca\/360-primer-subaru-pasajeros\/\" target=\"_blank\" rel=\"noopener\"><strong>Subaru 360<\/strong><\/a>, pero la nueva <strong>Sambar<\/strong> desarrollaba su propia personalidad en la tercera generaci\u00f3n. Su principal novedad fue que cambiamos el motor enfriado por aire, por uno refrigerado por agua. Adem\u00e1s, a nivel est\u00e9tico, la versi\u00f3n <strong>Sambar<\/strong> \u00ab<strong>Custom L<\/strong>\u00bb cont\u00f3 con un limpiaparabrisas operado electr\u00f3nicamente por primera vez y la luz de posici\u00f3n cambi\u00f3 a indicadores traseros de color naranja, independiente de las luces de freno traseras. Desde 1976 a 1980, lanzamos diferentes modelos de Sambar, pero destacaron dos. En 1979, la <strong>Sambar High Roof<\/strong> ten\u00eda habit\u00e1culo liviano y la <strong>Sambar 4WD,<\/strong> en 1980, inclu\u00eda ya nuestra m\u00edtica tracci\u00f3n total.<\/p>\n<p><img decoding=\"async\" class=\"aligncenter wp-image-19450 lazyload\" data-src=\"https:\/\/www.subaru.es\/blog\/wp-content\/uploads\/2018\/06\/Goriki_Sambar.jpg\" alt=\"\" width=\"545\" height=\"401\" src=\"data:image\/svg+xml;base64,PHN2ZyB3aWR0aD0iMSIgaGVpZ2h0PSIxIiB4bWxucz0iaHR0cDovL3d3dy53My5vcmcvMjAwMC9zdmciPjwvc3ZnPg==\" style=\"--smush-placeholder-width: 545px; --smush-placeholder-aspect-ratio: 545\/401;\" \/><\/p>\n<p><strong><u>EL DUAL RANGE DEL SUBARU LEONE<\/u><\/strong><\/p>\n<p>Viendo el \u00e9xito que hab\u00eda tenido la tracci\u00f3n 4WD en la primera versi\u00f3n del Leone, las mejoras para la segunda generaci\u00f3n las dirigimos a mejorar el control de la tracci\u00f3n y permitir conducir mejor en caminos en mal estado. Por eso, el modelo <strong>Subaru Leone 1.8L 4WD<\/strong> estaba equipado con un sistema de caja de cambios con Dual Range, con transmisi\u00f3n manual de 4 velocidades y 8 cambios en marcha adelante y 2 en marcha atr\u00e1s.<\/p>\n<p><img decoding=\"async\" class=\"aligncenter wp-image-19456 lazyload\" data-src=\"https:\/\/www.subaru.es\/blog\/wp-content\/uploads\/2018\/06\/SunaruLeone.jpg\" alt=\"\" width=\"560\" height=\"399\" src=\"data:image\/svg+xml;base64,PHN2ZyB3aWR0aD0iMSIgaGVpZ2h0PSIxIiB4bWxucz0iaHR0cDovL3d3dy53My5vcmcvMjAwMC9zdmciPjwvc3ZnPg==\" style=\"--smush-placeholder-width: 560px; --smush-placeholder-aspect-ratio: 560\/399;\" \/><\/p>\n<p>Hasta aqu\u00ed la historia Subaru entre los a\u00f1os 70 <a href=\"https:\/\/youtu.be\/Kb39BnaieE8\" target=\"_blank\" rel=\"noopener\">inspiraci\u00f3n All Around Safety.<\/a> Si te has quedado con ganas de m\u00e1s, estamos seguros de que si, muy atento ya que muy pronto hablaremos de las pr\u00f3ximas d\u00e9cadas. Y si a\u00fan no has le\u00eddo lo qu\u00e9 ocurri\u00f3 entre <a href=\"https:\/\/www.subaru.es\/blog\/nuestra-marca\/historia-de-subaru\/\" target=\"_blank\" rel=\"noopener\">los 60 y 70<\/a> te invitamos hacerlo. \u00a1Te esperamos!<\/p>\n","protected":false},"excerpt":{"rendered":"<p>La tecnolog\u00eda manda actualmente, pero no era as\u00ed en los a\u00f1os 70. En vez de GPS, llev\u00e1bamos mapas en la guantera; y en lugar de c\u00e1mara de visi\u00f3n trasera, nuestro copiloto asomaba la cabeza por la ventanilla para ayudarnos en los aparcamientos m\u00e1s complicados. Eran otros tiempos, pero en Subaru comenz\u00e1bamos a incluirla en nuestros [&hellip;]<\/p>\n","protected":false},"author":21,"featured_media":19455,"comment_status":"open","ping_status":"closed","sticky":false,"template":"","format":"standard","meta":{"_acf_changed":false,"_eb_attr":"","inline_featured_image":false,"footnotes":""},"categories":[4401],"tags":[4405,2715,17,4670,4618,4667,4622,4668,4623,835,4665,4671,2423,2532,4628,4669,4626,4631,4599,1407],"class_list":["post-19437","post","type-post","status-publish","format-standard","has-post-thumbnail","hentry","category-nuestra-marca","tag-all-around-safety","tag-all-wheel-drive","tag-awd","tag-clasicos-subaru","tag-historia-subaru","tag-innovacion-subaru","tag-lanzamientos-subaru","tag-modelos-subaru","tag-prototipos-subaru","tag-subaru-360","tag-subaru-anos-70","tag-subaru-domingo","tag-subaru-justy","tag-subaru-leone","tag-subaru-r2","tag-subaru-rex","tag-subaru-sambar","tag-subaru-vintage","tag-subaru-xt","tag-symmetrical-all-wheel-drive"],"acf":[],"yoast_head":"<!-- This site is optimized with the Yoast SEO plugin v27.3 - https:\/\/yoast.com\/product\/yoast-seo-wordpress\/ -->\n<title>Historia de Subaru: as\u00ed naci\u00f3 la tracci\u00f3n 4WD - Universo Subaru<\/title>\n<meta name=\"robots\" content=\"index, follow, max-snippet:-1, max-image-preview:large, max-video-preview:-1\" \/>\n<link rel=\"canonical\" href=\"https:\/\/www.subaru.es\/blog\/nuestra-marca\/historia-de-subaru-anos-70\/\" \/>\n<meta property=\"og:locale\" content=\"es_ES\" \/>\n<meta property=\"og:type\" content=\"article\" \/>\n<meta property=\"og:title\" content=\"Historia de Subaru: as\u00ed naci\u00f3 la tracci\u00f3n 4WD - Universo Subaru\" \/>\n<meta property=\"og:description\" content=\"La tecnolog\u00eda manda actualmente, pero no era as\u00ed en los a\u00f1os 70. En vez de GPS, llev\u00e1bamos mapas en la guantera; y en lugar de c\u00e1mara de visi\u00f3n trasera, nuestro copiloto asomaba la cabeza por la ventanilla para ayudarnos en los aparcamientos m\u00e1s complicados. Eran otros tiempos, pero en Subaru comenz\u00e1bamos a incluirla en nuestros [&hellip;]\" \/>\n<meta property=\"og:url\" content=\"https:\/\/www.subaru.es\/blog\/nuestra-marca\/historia-de-subaru-anos-70\/\" \/>\n<meta property=\"og:site_name\" content=\"Universo Subaru\" \/>\n<meta property=\"article:publisher\" content=\"https:\/\/www.facebook.com\/subaruespana\" \/>\n<meta property=\"article:published_time\" content=\"2018-06-26T17:02:43+00:00\" \/>\n<meta property=\"article:modified_time\" content=\"2018-07-03T14:42:24+00:00\" \/>\n<meta property=\"og:image\" content=\"https:\/\/www.subaru.es\/blog\/wp-content\/uploads\/2018\/06\/Portada_Blog2-1.png\" \/>\n\t<meta property=\"og:image:width\" content=\"1550\" \/>\n\t<meta property=\"og:image:height\" content=\"520\" \/>\n\t<meta property=\"og:image:type\" content=\"image\/png\" \/>\n<meta name=\"author\" content=\"Subaru\" \/>\n<meta name=\"twitter:card\" content=\"summary_large_image\" \/>\n<meta name=\"twitter:label1\" content=\"Escrito por\" \/>\n\t<meta name=\"twitter:data1\" content=\"Subaru\" \/>\n\t<meta name=\"twitter:label2\" content=\"Tiempo de lectura\" \/>\n\t<meta name=\"twitter:data2\" content=\"3 minutos\" \/>\n<script type=\"application\/ld+json\" class=\"yoast-schema-graph\">{\"@context\":\"https:\\\/\\\/schema.org\",\"@graph\":[{\"@type\":\"Article\",\"@id\":\"https:\\\/\\\/www.subaru.es\\\/blog\\\/nuestra-marca\\\/historia-de-subaru-anos-70\\\/#article\",\"isPartOf\":{\"@id\":\"https:\\\/\\\/www.subaru.es\\\/blog\\\/nuestra-marca\\\/historia-de-subaru-anos-70\\\/\"},\"author\":{\"name\":\"Subaru\",\"@id\":\"https:\\\/\\\/www.subaru.es\\\/blog\\\/#\\\/schema\\\/person\\\/19a90b892230b8e0ec752704ddf4aa10\"},\"headline\":\"Historia de Subaru: as\u00ed naci\u00f3 la tracci\u00f3n 4WD\",\"datePublished\":\"2018-06-26T17:02:43+00:00\",\"dateModified\":\"2018-07-03T14:42:24+00:00\",\"mainEntityOfPage\":{\"@id\":\"https:\\\/\\\/www.subaru.es\\\/blog\\\/nuestra-marca\\\/historia-de-subaru-anos-70\\\/\"},\"wordCount\":693,\"commentCount\":0,\"publisher\":{\"@id\":\"https:\\\/\\\/www.subaru.es\\\/blog\\\/#organization\"},\"image\":{\"@id\":\"https:\\\/\\\/www.subaru.es\\\/blog\\\/nuestra-marca\\\/historia-de-subaru-anos-70\\\/#primaryimage\"},\"thumbnailUrl\":\"https:\\\/\\\/www.subaru.es\\\/blog\\\/wp-content\\\/uploads\\\/2018\\\/06\\\/Portada_Blog2-1.png\",\"keywords\":[\"all around safety\",\"All-Wheel Drive\",\"awd\",\"cl\u00e1sicos Subaru\",\"historia subaru\",\"innovaci\u00f3n Subaru\",\"lanzamientos subaru\",\"modelos Subaru\",\"prototipos subaru\",\"Subaru 360\",\"Subaru a\u00f1os 70\",\"Subaru Domingo\",\"Subaru Justy\",\"subaru leone\",\"subaru R2\",\"Subaru Rex\",\"subaru sambar\",\"subaru vintage\",\"Subaru XT\",\"symmetrical all wheel drive\"],\"articleSection\":[\"Nuestra marca\"],\"inLanguage\":\"es\",\"potentialAction\":[{\"@type\":\"CommentAction\",\"name\":\"Comment\",\"target\":[\"https:\\\/\\\/www.subaru.es\\\/blog\\\/nuestra-marca\\\/historia-de-subaru-anos-70\\\/#respond\"]}]},{\"@type\":\"WebPage\",\"@id\":\"https:\\\/\\\/www.subaru.es\\\/blog\\\/nuestra-marca\\\/historia-de-subaru-anos-70\\\/\",\"url\":\"https:\\\/\\\/www.subaru.es\\\/blog\\\/nuestra-marca\\\/historia-de-subaru-anos-70\\\/\",\"name\":\"Historia de Subaru: as\u00ed naci\u00f3 la tracci\u00f3n 4WD - Universo Subaru\",\"isPartOf\":{\"@id\":\"https:\\\/\\\/www.subaru.es\\\/blog\\\/#website\"},\"primaryImageOfPage\":{\"@id\":\"https:\\\/\\\/www.subaru.es\\\/blog\\\/nuestra-marca\\\/historia-de-subaru-anos-70\\\/#primaryimage\"},\"image\":{\"@id\":\"https:\\\/\\\/www.subaru.es\\\/blog\\\/nuestra-marca\\\/historia-de-subaru-anos-70\\\/#primaryimage\"},\"thumbnailUrl\":\"https:\\\/\\\/www.subaru.es\\\/blog\\\/wp-content\\\/uploads\\\/2018\\\/06\\\/Portada_Blog2-1.png\",\"datePublished\":\"2018-06-26T17:02:43+00:00\",\"dateModified\":\"2018-07-03T14:42:24+00:00\",\"breadcrumb\":{\"@id\":\"https:\\\/\\\/www.subaru.es\\\/blog\\\/nuestra-marca\\\/historia-de-subaru-anos-70\\\/#breadcrumb\"},\"inLanguage\":\"es\",\"potentialAction\":[{\"@type\":\"ReadAction\",\"target\":[\"https:\\\/\\\/www.subaru.es\\\/blog\\\/nuestra-marca\\\/historia-de-subaru-anos-70\\\/\"]}]},{\"@type\":\"ImageObject\",\"inLanguage\":\"es\",\"@id\":\"https:\\\/\\\/www.subaru.es\\\/blog\\\/nuestra-marca\\\/historia-de-subaru-anos-70\\\/#primaryimage\",\"url\":\"https:\\\/\\\/www.subaru.es\\\/blog\\\/wp-content\\\/uploads\\\/2018\\\/06\\\/Portada_Blog2-1.png\",\"contentUrl\":\"https:\\\/\\\/www.subaru.es\\\/blog\\\/wp-content\\\/uploads\\\/2018\\\/06\\\/Portada_Blog2-1.png\",\"width\":1550,\"height\":520},{\"@type\":\"BreadcrumbList\",\"@id\":\"https:\\\/\\\/www.subaru.es\\\/blog\\\/nuestra-marca\\\/historia-de-subaru-anos-70\\\/#breadcrumb\",\"itemListElement\":[{\"@type\":\"ListItem\",\"position\":1,\"name\":\"Portada\",\"item\":\"https:\\\/\\\/www.subaru.es\\\/blog\\\/\"},{\"@type\":\"ListItem\",\"position\":2,\"name\":\"Historia de Subaru: as\u00ed naci\u00f3 la tracci\u00f3n 4WD\"}]},{\"@type\":\"WebSite\",\"@id\":\"https:\\\/\\\/www.subaru.es\\\/blog\\\/#website\",\"url\":\"https:\\\/\\\/www.subaru.es\\\/blog\\\/\",\"name\":\"Universo Subaru\",\"description\":\"Descubre este apasionante espacio de Subaru donde vas a conocer todo sobre nuestros coches y las experiencias que vivimos con ellos. Si est\u00e1s preparado para dejarte seducir por la filosof\u00eda Subaru, qu\u00e9date con nosotros.\",\"publisher\":{\"@id\":\"https:\\\/\\\/www.subaru.es\\\/blog\\\/#organization\"},\"potentialAction\":[{\"@type\":\"SearchAction\",\"target\":{\"@type\":\"EntryPoint\",\"urlTemplate\":\"https:\\\/\\\/www.subaru.es\\\/blog\\\/?s={search_term_string}\"},\"query-input\":{\"@type\":\"PropertyValueSpecification\",\"valueRequired\":true,\"valueName\":\"search_term_string\"}}],\"inLanguage\":\"es\"},{\"@type\":\"Organization\",\"@id\":\"https:\\\/\\\/www.subaru.es\\\/blog\\\/#organization\",\"name\":\"Subaru Espa\u00f1a S.A.\",\"url\":\"https:\\\/\\\/www.subaru.es\\\/blog\\\/\",\"logo\":{\"@type\":\"ImageObject\",\"inLanguage\":\"es\",\"@id\":\"https:\\\/\\\/www.subaru.es\\\/blog\\\/#\\\/schema\\\/logo\\\/image\\\/\",\"url\":\"https:\\\/\\\/www.subaru.es\\\/blog\\\/wp-content\\\/uploads\\\/2016\\\/12\\\/Logo-Subaru-TypeV_C300-scaled.jpg\",\"contentUrl\":\"https:\\\/\\\/www.subaru.es\\\/blog\\\/wp-content\\\/uploads\\\/2016\\\/12\\\/Logo-Subaru-TypeV_C300-scaled.jpg\",\"width\":2560,\"height\":1864,\"caption\":\"Subaru Espa\u00f1a S.A.\"},\"image\":{\"@id\":\"https:\\\/\\\/www.subaru.es\\\/blog\\\/#\\\/schema\\\/logo\\\/image\\\/\"},\"sameAs\":[\"https:\\\/\\\/www.facebook.com\\\/subaruespana\",\"https:\\\/\\\/www.instagram.com\\\/subarues\\\/\",\"https:\\\/\\\/www.youtube.com\\\/user\\\/subaruespana\"]},{\"@type\":\"Person\",\"@id\":\"https:\\\/\\\/www.subaru.es\\\/blog\\\/#\\\/schema\\\/person\\\/19a90b892230b8e0ec752704ddf4aa10\",\"name\":\"Subaru\",\"url\":\"https:\\\/\\\/www.subaru.es\\\/blog\\\/author\\\/subaria\\\/\"}]}<\/script>\n<!-- \/ Yoast SEO plugin. -->","yoast_head_json":{"title":"Historia de Subaru: as\u00ed naci\u00f3 la tracci\u00f3n 4WD - Universo Subaru","robots":{"index":"index","follow":"follow","max-snippet":"max-snippet:-1","max-image-preview":"max-image-preview:large","max-video-preview":"max-video-preview:-1"},"canonical":"https:\/\/www.subaru.es\/blog\/nuestra-marca\/historia-de-subaru-anos-70\/","og_locale":"es_ES","og_type":"article","og_title":"Historia de Subaru: as\u00ed naci\u00f3 la tracci\u00f3n 4WD - Universo Subaru","og_description":"La tecnolog\u00eda manda actualmente, pero no era as\u00ed en los a\u00f1os 70. En vez de GPS, llev\u00e1bamos mapas en la guantera; y en lugar de c\u00e1mara de visi\u00f3n trasera, nuestro copiloto asomaba la cabeza por la ventanilla para ayudarnos en los aparcamientos m\u00e1s complicados. Eran otros tiempos, pero en Subaru comenz\u00e1bamos a incluirla en nuestros [&hellip;]","og_url":"https:\/\/www.subaru.es\/blog\/nuestra-marca\/historia-de-subaru-anos-70\/","og_site_name":"Universo Subaru","article_publisher":"https:\/\/www.facebook.com\/subaruespana","article_published_time":"2018-06-26T17:02:43+00:00","article_modified_time":"2018-07-03T14:42:24+00:00","og_image":[{"width":1550,"height":520,"url":"https:\/\/www.subaru.es\/blog\/wp-content\/uploads\/2018\/06\/Portada_Blog2-1.png","type":"image\/png"}],"author":"Subaru","twitter_card":"summary_large_image","twitter_misc":{"Escrito por":"Subaru","Tiempo de lectura":"3 minutos"},"schema":{"@context":"https:\/\/schema.org","@graph":[{"@type":"Article","@id":"https:\/\/www.subaru.es\/blog\/nuestra-marca\/historia-de-subaru-anos-70\/#article","isPartOf":{"@id":"https:\/\/www.subaru.es\/blog\/nuestra-marca\/historia-de-subaru-anos-70\/"},"author":{"name":"Subaru","@id":"https:\/\/www.subaru.es\/blog\/#\/schema\/person\/19a90b892230b8e0ec752704ddf4aa10"},"headline":"Historia de Subaru: as\u00ed naci\u00f3 la tracci\u00f3n 4WD","datePublished":"2018-06-26T17:02:43+00:00","dateModified":"2018-07-03T14:42:24+00:00","mainEntityOfPage":{"@id":"https:\/\/www.subaru.es\/blog\/nuestra-marca\/historia-de-subaru-anos-70\/"},"wordCount":693,"commentCount":0,"publisher":{"@id":"https:\/\/www.subaru.es\/blog\/#organization"},"image":{"@id":"https:\/\/www.subaru.es\/blog\/nuestra-marca\/historia-de-subaru-anos-70\/#primaryimage"},"thumbnailUrl":"https:\/\/www.subaru.es\/blog\/wp-content\/uploads\/2018\/06\/Portada_Blog2-1.png","keywords":["all around safety","All-Wheel Drive","awd","cl\u00e1sicos Subaru","historia subaru","innovaci\u00f3n Subaru","lanzamientos subaru","modelos Subaru","prototipos subaru","Subaru 360","Subaru a\u00f1os 70","Subaru Domingo","Subaru Justy","subaru leone","subaru R2","Subaru Rex","subaru sambar","subaru vintage","Subaru XT","symmetrical all wheel drive"],"articleSection":["Nuestra marca"],"inLanguage":"es","potentialAction":[{"@type":"CommentAction","name":"Comment","target":["https:\/\/www.subaru.es\/blog\/nuestra-marca\/historia-de-subaru-anos-70\/#respond"]}]},{"@type":"WebPage","@id":"https:\/\/www.subaru.es\/blog\/nuestra-marca\/historia-de-subaru-anos-70\/","url":"https:\/\/www.subaru.es\/blog\/nuestra-marca\/historia-de-subaru-anos-70\/","name":"Historia de Subaru: as\u00ed naci\u00f3 la tracci\u00f3n 4WD - Universo Subaru","isPartOf":{"@id":"https:\/\/www.subaru.es\/blog\/#website"},"primaryImageOfPage":{"@id":"https:\/\/www.subaru.es\/blog\/nuestra-marca\/historia-de-subaru-anos-70\/#primaryimage"},"image":{"@id":"https:\/\/www.subaru.es\/blog\/nuestra-marca\/historia-de-subaru-anos-70\/#primaryimage"},"thumbnailUrl":"https:\/\/www.subaru.es\/blog\/wp-content\/uploads\/2018\/06\/Portada_Blog2-1.png","datePublished":"2018-06-26T17:02:43+00:00","dateModified":"2018-07-03T14:42:24+00:00","breadcrumb":{"@id":"https:\/\/www.subaru.es\/blog\/nuestra-marca\/historia-de-subaru-anos-70\/#breadcrumb"},"inLanguage":"es","potentialAction":[{"@type":"ReadAction","target":["https:\/\/www.subaru.es\/blog\/nuestra-marca\/historia-de-subaru-anos-70\/"]}]},{"@type":"ImageObject","inLanguage":"es","@id":"https:\/\/www.subaru.es\/blog\/nuestra-marca\/historia-de-subaru-anos-70\/#primaryimage","url":"https:\/\/www.subaru.es\/blog\/wp-content\/uploads\/2018\/06\/Portada_Blog2-1.png","contentUrl":"https:\/\/www.subaru.es\/blog\/wp-content\/uploads\/2018\/06\/Portada_Blog2-1.png","width":1550,"height":520},{"@type":"BreadcrumbList","@id":"https:\/\/www.subaru.es\/blog\/nuestra-marca\/historia-de-subaru-anos-70\/#breadcrumb","itemListElement":[{"@type":"ListItem","position":1,"name":"Portada","item":"https:\/\/www.subaru.es\/blog\/"},{"@type":"ListItem","position":2,"name":"Historia de Subaru: as\u00ed naci\u00f3 la tracci\u00f3n 4WD"}]},{"@type":"WebSite","@id":"https:\/\/www.subaru.es\/blog\/#website","url":"https:\/\/www.subaru.es\/blog\/","name":"Universo Subaru","description":"Descubre este apasionante espacio de Subaru donde vas a conocer todo sobre nuestros coches y las experiencias que vivimos con ellos. Si est\u00e1s preparado para dejarte seducir por la filosof\u00eda Subaru, qu\u00e9date con nosotros.","publisher":{"@id":"https:\/\/www.subaru.es\/blog\/#organization"},"potentialAction":[{"@type":"SearchAction","target":{"@type":"EntryPoint","urlTemplate":"https:\/\/www.subaru.es\/blog\/?s={search_term_string}"},"query-input":{"@type":"PropertyValueSpecification","valueRequired":true,"valueName":"search_term_string"}}],"inLanguage":"es"},{"@type":"Organization","@id":"https:\/\/www.subaru.es\/blog\/#organization","name":"Subaru Espa\u00f1a S.A.","url":"https:\/\/www.subaru.es\/blog\/","logo":{"@type":"ImageObject","inLanguage":"es","@id":"https:\/\/www.subaru.es\/blog\/#\/schema\/logo\/image\/","url":"https:\/\/www.subaru.es\/blog\/wp-content\/uploads\/2016\/12\/Logo-Subaru-TypeV_C300-scaled.jpg","contentUrl":"https:\/\/www.subaru.es\/blog\/wp-content\/uploads\/2016\/12\/Logo-Subaru-TypeV_C300-scaled.jpg","width":2560,"height":1864,"caption":"Subaru Espa\u00f1a S.A."},"image":{"@id":"https:\/\/www.subaru.es\/blog\/#\/schema\/logo\/image\/"},"sameAs":["https:\/\/www.facebook.com\/subaruespana","https:\/\/www.instagram.com\/subarues\/","https:\/\/www.youtube.com\/user\/subaruespana"]},{"@type":"Person","@id":"https:\/\/www.subaru.es\/blog\/#\/schema\/person\/19a90b892230b8e0ec752704ddf4aa10","name":"Subaru","url":"https:\/\/www.subaru.es\/blog\/author\/subaria\/"}]}},"_links":{"self":[{"href":"https:\/\/www.subaru.es\/blog\/wp-json\/wp\/v2\/posts\/19437","targetHints":{"allow":["GET"]}}],"collection":[{"href":"https:\/\/www.subaru.es\/blog\/wp-json\/wp\/v2\/posts"}],"about":[{"href":"https:\/\/www.subaru.es\/blog\/wp-json\/wp\/v2\/types\/post"}],"author":[{"embeddable":true,"href":"https:\/\/www.subaru.es\/blog\/wp-json\/wp\/v2\/users\/21"}],"replies":[{"embeddable":true,"href":"https:\/\/www.subaru.es\/blog\/wp-json\/wp\/v2\/comments?post=19437"}],"version-history":[{"count":13,"href":"https:\/\/www.subaru.es\/blog\/wp-json\/wp\/v2\/posts\/19437\/revisions"}],"predecessor-version":[{"id":19464,"href":"https:\/\/www.subaru.es\/blog\/wp-json\/wp\/v2\/posts\/19437\/revisions\/19464"}],"wp:featuredmedia":[{"embeddable":true,"href":"https:\/\/www.subaru.es\/blog\/wp-json\/wp\/v2\/media\/19455"}],"wp:attachment":[{"href":"https:\/\/www.subaru.es\/blog\/wp-json\/wp\/v2\/media?parent=19437"}],"wp:term":[{"taxonomy":"category","embeddable":true,"href":"https:\/\/www.subaru.es\/blog\/wp-json\/wp\/v2\/categories?post=19437"},{"taxonomy":"post_tag","embeddable":true,"href":"https:\/\/www.subaru.es\/blog\/wp-json\/wp\/v2\/tags?post=19437"}],"curies":[{"name":"wp","href":"https:\/\/api.w.org\/{rel}","templated":true}]}}