{"id":1938,"date":"2009-03-17T10:36:00","date_gmt":"2009-03-17T08:36:00","guid":{"rendered":"http:\/\/subaru.preproduccion.com\/blog\/wp-content\/2009\/03\/17\/confirmado-gronholm-vuelve-con-subaru\/"},"modified":"2020-08-06T11:44:16","modified_gmt":"2020-08-06T09:44:16","slug":"confirmado-gronholm-vuelve-con-subaru","status":"publish","type":"post","link":"https:\/\/www.subaru.es\/blog\/nuestra-marca\/confirmado-gronholm-vuelve-con-subaru\/","title":{"rendered":"Confirmado: Gronholm vuelve con Subaru"},"content":{"rendered":"<p><a href='https:\/\/www.subaru.es\/blog\/wp-content\/uploads\/2008\/12\/marcus-gronholm.jpg' title='Marcus Gr\u00f6nholm'><img data-src='https:\/\/www.subaru.es\/blog\/wp-content\/uploads\/2008\/12\/marcus-gronholm.jpg' alt='Marcus Gr\u00f6nholm' src='data:image\/svg+xml;base64,PHN2ZyB3aWR0aD0iMSIgaGVpZ2h0PSIxIiB4bWxucz0iaHR0cDovL3d3dy53My5vcmcvMjAwMC9zdmciPjwvc3ZnPg==' class='lazyload' style='--smush-placeholder-width: 400px; --smush-placeholder-aspect-ratio: 400\/443;' \/><\/a><br \/>\n<strong>Marcus Gronholm<\/strong>, <strong>bicampe\u00f3n del mundo de rallies<\/strong>, va a volver a participar en una prueba del mundial, despu\u00e9s de que se retirara a finales de 2007 tras disputar el <strong>rally en Gales<\/strong>. Y ser\u00e1 a los mandos de un <strong>Subaru Impreza WRC <\/strong>en el <strong>rally de Portugal <\/strong>en abril. Un aliciente para un campeonato que no pasa por su mejor momento.<\/p>\n<p>El <strong>Subaru <\/strong>con el que participar\u00e1 ser\u00e1 un <strong>Impreza <\/strong>de 2008 con ciertas evoluciones, por la imposibilidad de homologar un coche que sea cien por cien de 2009.<\/p>\n<p><strong>Gronholm <\/strong>llevaba tiempo pensando en volver a competir. Y ya <a href=\"https:\/\/www.subaru.es\/blog\/2008\/09\/29\/subaru-se-interesa-por-la-vuelta-de-gronholm\/\">hab\u00edamos adelantado<\/a> que pod\u00eda volver, y con <strong>Subaru<\/strong>. El objetivo de <strong>Gronholm <\/strong>no ser\u00e1 ganar, sino que tratar\u00e1 de <strong>comparar su velocidad <\/strong>con los pilotos actuales y, por supuesto, <strong>divertirse<\/strong>. La de este a\u00f1o ser\u00e1 la tercera participaci\u00f3n de <strong>Gronholm <\/strong>en <strong>Portugal<\/strong>. <\/p>\n<p>Como copiloto, <strong>Gronholm <\/strong>contar\u00e1 con <strong>Timo Rautiainen<\/strong>, que acompa\u00f1a a su compatriota desde 1995. El <strong>piloto finland\u00e9s, de 41 a\u00f1os<\/strong>, tratar\u00e1 de hacer un buen papel en <strong>Portugal <\/strong>y, por qu\u00e9 no, conseguir su <strong>31\u00aa victoria en el WRC<\/strong>. <\/p>\n","protected":false},"excerpt":{"rendered":"<p>Marcus Gronholm, bicampe\u00f3n del mundo de rallies, va a volver a participar en una prueba del mundial, despu\u00e9s de que se retirara a finales de 2007 tras disputar el rally en Gales. Y ser\u00e1 a los mandos de un Subaru Impreza WRC en el rally de Portugal en abril. Un aliciente para un campeonato que [&hellip;]<\/p>\n","protected":false},"author":21,"featured_media":0,"comment_status":"open","ping_status":"open","sticky":false,"template":"","format":"standard","meta":{"_acf_changed":false,"_eb_attr":"","inline_featured_image":false,"footnotes":""},"categories":[4401],"tags":[782,124,2088,2072,2089,1234,43,2087,349,122,4390,691,2090,206,1018],"class_list":["post-1938","post","type-post","status-publish","format-standard","hentry","category-nuestra-marca","tag-campeon","tag-copiloto","tag-finlandes","tag-gales","tag-ganar","tag-marcus-gronholm","tag-rally","tag-rally-de-portugal","tag-rallyes","tag-retirada","tag-subaru","tag-subaru-impreza-wrc","tag-timo-rautiainen","tag-velocidad","tag-vuelta"],"acf":[],"yoast_head":"<!-- This site is optimized with the Yoast SEO plugin v27.3 - https:\/\/yoast.com\/product\/yoast-seo-wordpress\/ -->\n<title>Confirmado: Gronholm vuelve con Subaru - Universo Subaru<\/title>\n<meta name=\"robots\" content=\"index, follow, max-snippet:-1, max-image-preview:large, max-video-preview:-1\" \/>\n<link rel=\"canonical\" href=\"https:\/\/www.subaru.es\/blog\/nuestra-marca\/confirmado-gronholm-vuelve-con-subaru\/\" \/>\n<meta property=\"og:locale\" content=\"es_ES\" \/>\n<meta property=\"og:type\" content=\"article\" \/>\n<meta property=\"og:title\" content=\"Confirmado: Gronholm vuelve con Subaru - Universo Subaru\" \/>\n<meta property=\"og:description\" content=\"Marcus Gronholm, bicampe\u00f3n del mundo de rallies, va a volver a participar en una prueba del mundial, despu\u00e9s de que se retirara a finales de 2007 tras disputar el rally en Gales. Y ser\u00e1 a los mandos de un Subaru Impreza WRC en el rally de Portugal en abril. Un aliciente para un campeonato que [&hellip;]\" \/>\n<meta property=\"og:url\" content=\"https:\/\/www.subaru.es\/blog\/nuestra-marca\/confirmado-gronholm-vuelve-con-subaru\/\" \/>\n<meta property=\"og:site_name\" content=\"Universo Subaru\" \/>\n<meta property=\"article:publisher\" content=\"https:\/\/www.facebook.com\/subaruespana\" \/>\n<meta property=\"article:published_time\" content=\"2009-03-17T08:36:00+00:00\" \/>\n<meta property=\"article:modified_time\" content=\"2020-08-06T09:44:16+00:00\" \/>\n<meta property=\"og:image\" content=\"https:\/\/www.subaru.es\/blog\/wp-content\/uploads\/2008\/12\/marcus-gronholm.jpg\" \/>\n<meta name=\"author\" content=\"Subaru\" \/>\n<meta name=\"twitter:card\" content=\"summary_large_image\" \/>\n<meta name=\"twitter:label1\" content=\"Escrito por\" \/>\n\t<meta name=\"twitter:data1\" content=\"Subaru\" \/>\n\t<meta name=\"twitter:label2\" content=\"Tiempo de lectura\" \/>\n\t<meta name=\"twitter:data2\" content=\"1 minuto\" \/>\n<script type=\"application\/ld+json\" class=\"yoast-schema-graph\">{\"@context\":\"https:\\\/\\\/schema.org\",\"@graph\":[{\"@type\":\"Article\",\"@id\":\"https:\\\/\\\/www.subaru.es\\\/blog\\\/nuestra-marca\\\/confirmado-gronholm-vuelve-con-subaru\\\/#article\",\"isPartOf\":{\"@id\":\"https:\\\/\\\/www.subaru.es\\\/blog\\\/nuestra-marca\\\/confirmado-gronholm-vuelve-con-subaru\\\/\"},\"author\":{\"name\":\"Subaru\",\"@id\":\"https:\\\/\\\/www.subaru.es\\\/blog\\\/#\\\/schema\\\/person\\\/19a90b892230b8e0ec752704ddf4aa10\"},\"headline\":\"Confirmado: Gronholm vuelve con Subaru\",\"datePublished\":\"2009-03-17T08:36:00+00:00\",\"dateModified\":\"2020-08-06T09:44:16+00:00\",\"mainEntityOfPage\":{\"@id\":\"https:\\\/\\\/www.subaru.es\\\/blog\\\/nuestra-marca\\\/confirmado-gronholm-vuelve-con-subaru\\\/\"},\"wordCount\":188,\"commentCount\":0,\"publisher\":{\"@id\":\"https:\\\/\\\/www.subaru.es\\\/blog\\\/#organization\"},\"image\":{\"@id\":\"https:\\\/\\\/www.subaru.es\\\/blog\\\/nuestra-marca\\\/confirmado-gronholm-vuelve-con-subaru\\\/#primaryimage\"},\"thumbnailUrl\":\"https:\\\/\\\/www.subaru.es\\\/blog\\\/wp-content\\\/uploads\\\/2008\\\/12\\\/marcus-gronholm.jpg\",\"keywords\":[\"campe\u00f3n\",\"copiloto\",\"finland\u00e9s\",\"Gales\",\"ganar\",\"Marcus Gr\u00f6nholm\",\"rally\",\"rally de Portugal\",\"rallyes\",\"retirada\",\"Subaru\",\"subaru impreza wrc\",\"Timo Rautiainen\",\"velocidad\",\"vuelta\"],\"articleSection\":[\"Nuestra marca\"],\"inLanguage\":\"es\",\"potentialAction\":[{\"@type\":\"CommentAction\",\"name\":\"Comment\",\"target\":[\"https:\\\/\\\/www.subaru.es\\\/blog\\\/nuestra-marca\\\/confirmado-gronholm-vuelve-con-subaru\\\/#respond\"]}]},{\"@type\":\"WebPage\",\"@id\":\"https:\\\/\\\/www.subaru.es\\\/blog\\\/nuestra-marca\\\/confirmado-gronholm-vuelve-con-subaru\\\/\",\"url\":\"https:\\\/\\\/www.subaru.es\\\/blog\\\/nuestra-marca\\\/confirmado-gronholm-vuelve-con-subaru\\\/\",\"name\":\"Confirmado: Gronholm vuelve con Subaru - Universo Subaru\",\"isPartOf\":{\"@id\":\"https:\\\/\\\/www.subaru.es\\\/blog\\\/#website\"},\"primaryImageOfPage\":{\"@id\":\"https:\\\/\\\/www.subaru.es\\\/blog\\\/nuestra-marca\\\/confirmado-gronholm-vuelve-con-subaru\\\/#primaryimage\"},\"image\":{\"@id\":\"https:\\\/\\\/www.subaru.es\\\/blog\\\/nuestra-marca\\\/confirmado-gronholm-vuelve-con-subaru\\\/#primaryimage\"},\"thumbnailUrl\":\"https:\\\/\\\/www.subaru.es\\\/blog\\\/wp-content\\\/uploads\\\/2008\\\/12\\\/marcus-gronholm.jpg\",\"datePublished\":\"2009-03-17T08:36:00+00:00\",\"dateModified\":\"2020-08-06T09:44:16+00:00\",\"breadcrumb\":{\"@id\":\"https:\\\/\\\/www.subaru.es\\\/blog\\\/nuestra-marca\\\/confirmado-gronholm-vuelve-con-subaru\\\/#breadcrumb\"},\"inLanguage\":\"es\",\"potentialAction\":[{\"@type\":\"ReadAction\",\"target\":[\"https:\\\/\\\/www.subaru.es\\\/blog\\\/nuestra-marca\\\/confirmado-gronholm-vuelve-con-subaru\\\/\"]}]},{\"@type\":\"ImageObject\",\"inLanguage\":\"es\",\"@id\":\"https:\\\/\\\/www.subaru.es\\\/blog\\\/nuestra-marca\\\/confirmado-gronholm-vuelve-con-subaru\\\/#primaryimage\",\"url\":\"https:\\\/\\\/www.subaru.es\\\/blog\\\/wp-content\\\/uploads\\\/2008\\\/12\\\/marcus-gronholm.jpg\",\"contentUrl\":\"https:\\\/\\\/www.subaru.es\\\/blog\\\/wp-content\\\/uploads\\\/2008\\\/12\\\/marcus-gronholm.jpg\",\"width\":400,\"height\":443},{\"@type\":\"BreadcrumbList\",\"@id\":\"https:\\\/\\\/www.subaru.es\\\/blog\\\/nuestra-marca\\\/confirmado-gronholm-vuelve-con-subaru\\\/#breadcrumb\",\"itemListElement\":[{\"@type\":\"ListItem\",\"position\":1,\"name\":\"Portada\",\"item\":\"https:\\\/\\\/www.subaru.es\\\/blog\\\/\"},{\"@type\":\"ListItem\",\"position\":2,\"name\":\"Confirmado: Gronholm vuelve con Subaru\"}]},{\"@type\":\"WebSite\",\"@id\":\"https:\\\/\\\/www.subaru.es\\\/blog\\\/#website\",\"url\":\"https:\\\/\\\/www.subaru.es\\\/blog\\\/\",\"name\":\"Universo Subaru\",\"description\":\"Descubre este apasionante espacio de Subaru donde vas a conocer todo sobre nuestros coches y las experiencias que vivimos con ellos. Si est\u00e1s preparado para dejarte seducir por la filosof\u00eda Subaru, qu\u00e9date con nosotros.\",\"publisher\":{\"@id\":\"https:\\\/\\\/www.subaru.es\\\/blog\\\/#organization\"},\"potentialAction\":[{\"@type\":\"SearchAction\",\"target\":{\"@type\":\"EntryPoint\",\"urlTemplate\":\"https:\\\/\\\/www.subaru.es\\\/blog\\\/?s={search_term_string}\"},\"query-input\":{\"@type\":\"PropertyValueSpecification\",\"valueRequired\":true,\"valueName\":\"search_term_string\"}}],\"inLanguage\":\"es\"},{\"@type\":\"Organization\",\"@id\":\"https:\\\/\\\/www.subaru.es\\\/blog\\\/#organization\",\"name\":\"Subaru Espa\u00f1a S.A.\",\"url\":\"https:\\\/\\\/www.subaru.es\\\/blog\\\/\",\"logo\":{\"@type\":\"ImageObject\",\"inLanguage\":\"es\",\"@id\":\"https:\\\/\\\/www.subaru.es\\\/blog\\\/#\\\/schema\\\/logo\\\/image\\\/\",\"url\":\"https:\\\/\\\/www.subaru.es\\\/blog\\\/wp-content\\\/uploads\\\/2016\\\/12\\\/Logo-Subaru-TypeV_C300-scaled.jpg\",\"contentUrl\":\"https:\\\/\\\/www.subaru.es\\\/blog\\\/wp-content\\\/uploads\\\/2016\\\/12\\\/Logo-Subaru-TypeV_C300-scaled.jpg\",\"width\":2560,\"height\":1864,\"caption\":\"Subaru Espa\u00f1a S.A.\"},\"image\":{\"@id\":\"https:\\\/\\\/www.subaru.es\\\/blog\\\/#\\\/schema\\\/logo\\\/image\\\/\"},\"sameAs\":[\"https:\\\/\\\/www.facebook.com\\\/subaruespana\",\"https:\\\/\\\/www.instagram.com\\\/subarues\\\/\",\"https:\\\/\\\/www.youtube.com\\\/user\\\/subaruespana\"]},{\"@type\":\"Person\",\"@id\":\"https:\\\/\\\/www.subaru.es\\\/blog\\\/#\\\/schema\\\/person\\\/19a90b892230b8e0ec752704ddf4aa10\",\"name\":\"Subaru\",\"url\":\"https:\\\/\\\/www.subaru.es\\\/blog\\\/author\\\/subaria\\\/\"}]}<\/script>\n<!-- \/ Yoast SEO plugin. -->","yoast_head_json":{"title":"Confirmado: Gronholm vuelve con Subaru - Universo Subaru","robots":{"index":"index","follow":"follow","max-snippet":"max-snippet:-1","max-image-preview":"max-image-preview:large","max-video-preview":"max-video-preview:-1"},"canonical":"https:\/\/www.subaru.es\/blog\/nuestra-marca\/confirmado-gronholm-vuelve-con-subaru\/","og_locale":"es_ES","og_type":"article","og_title":"Confirmado: Gronholm vuelve con Subaru - Universo Subaru","og_description":"Marcus Gronholm, bicampe\u00f3n del mundo de rallies, va a volver a participar en una prueba del mundial, despu\u00e9s de que se retirara a finales de 2007 tras disputar el rally en Gales. Y ser\u00e1 a los mandos de un Subaru Impreza WRC en el rally de Portugal en abril. Un aliciente para un campeonato que [&hellip;]","og_url":"https:\/\/www.subaru.es\/blog\/nuestra-marca\/confirmado-gronholm-vuelve-con-subaru\/","og_site_name":"Universo Subaru","article_publisher":"https:\/\/www.facebook.com\/subaruespana","article_published_time":"2009-03-17T08:36:00+00:00","article_modified_time":"2020-08-06T09:44:16+00:00","og_image":[{"url":"https:\/\/www.subaru.es\/blog\/wp-content\/uploads\/2008\/12\/marcus-gronholm.jpg","type":"","width":"","height":""}],"author":"Subaru","twitter_card":"summary_large_image","twitter_misc":{"Escrito por":"Subaru","Tiempo de lectura":"1 minuto"},"schema":{"@context":"https:\/\/schema.org","@graph":[{"@type":"Article","@id":"https:\/\/www.subaru.es\/blog\/nuestra-marca\/confirmado-gronholm-vuelve-con-subaru\/#article","isPartOf":{"@id":"https:\/\/www.subaru.es\/blog\/nuestra-marca\/confirmado-gronholm-vuelve-con-subaru\/"},"author":{"name":"Subaru","@id":"https:\/\/www.subaru.es\/blog\/#\/schema\/person\/19a90b892230b8e0ec752704ddf4aa10"},"headline":"Confirmado: Gronholm vuelve con Subaru","datePublished":"2009-03-17T08:36:00+00:00","dateModified":"2020-08-06T09:44:16+00:00","mainEntityOfPage":{"@id":"https:\/\/www.subaru.es\/blog\/nuestra-marca\/confirmado-gronholm-vuelve-con-subaru\/"},"wordCount":188,"commentCount":0,"publisher":{"@id":"https:\/\/www.subaru.es\/blog\/#organization"},"image":{"@id":"https:\/\/www.subaru.es\/blog\/nuestra-marca\/confirmado-gronholm-vuelve-con-subaru\/#primaryimage"},"thumbnailUrl":"https:\/\/www.subaru.es\/blog\/wp-content\/uploads\/2008\/12\/marcus-gronholm.jpg","keywords":["campe\u00f3n","copiloto","finland\u00e9s","Gales","ganar","Marcus Gr\u00f6nholm","rally","rally de Portugal","rallyes","retirada","Subaru","subaru impreza wrc","Timo Rautiainen","velocidad","vuelta"],"articleSection":["Nuestra marca"],"inLanguage":"es","potentialAction":[{"@type":"CommentAction","name":"Comment","target":["https:\/\/www.subaru.es\/blog\/nuestra-marca\/confirmado-gronholm-vuelve-con-subaru\/#respond"]}]},{"@type":"WebPage","@id":"https:\/\/www.subaru.es\/blog\/nuestra-marca\/confirmado-gronholm-vuelve-con-subaru\/","url":"https:\/\/www.subaru.es\/blog\/nuestra-marca\/confirmado-gronholm-vuelve-con-subaru\/","name":"Confirmado: Gronholm vuelve con Subaru - Universo Subaru","isPartOf":{"@id":"https:\/\/www.subaru.es\/blog\/#website"},"primaryImageOfPage":{"@id":"https:\/\/www.subaru.es\/blog\/nuestra-marca\/confirmado-gronholm-vuelve-con-subaru\/#primaryimage"},"image":{"@id":"https:\/\/www.subaru.es\/blog\/nuestra-marca\/confirmado-gronholm-vuelve-con-subaru\/#primaryimage"},"thumbnailUrl":"https:\/\/www.subaru.es\/blog\/wp-content\/uploads\/2008\/12\/marcus-gronholm.jpg","datePublished":"2009-03-17T08:36:00+00:00","dateModified":"2020-08-06T09:44:16+00:00","breadcrumb":{"@id":"https:\/\/www.subaru.es\/blog\/nuestra-marca\/confirmado-gronholm-vuelve-con-subaru\/#breadcrumb"},"inLanguage":"es","potentialAction":[{"@type":"ReadAction","target":["https:\/\/www.subaru.es\/blog\/nuestra-marca\/confirmado-gronholm-vuelve-con-subaru\/"]}]},{"@type":"ImageObject","inLanguage":"es","@id":"https:\/\/www.subaru.es\/blog\/nuestra-marca\/confirmado-gronholm-vuelve-con-subaru\/#primaryimage","url":"https:\/\/www.subaru.es\/blog\/wp-content\/uploads\/2008\/12\/marcus-gronholm.jpg","contentUrl":"https:\/\/www.subaru.es\/blog\/wp-content\/uploads\/2008\/12\/marcus-gronholm.jpg","width":400,"height":443},{"@type":"BreadcrumbList","@id":"https:\/\/www.subaru.es\/blog\/nuestra-marca\/confirmado-gronholm-vuelve-con-subaru\/#breadcrumb","itemListElement":[{"@type":"ListItem","position":1,"name":"Portada","item":"https:\/\/www.subaru.es\/blog\/"},{"@type":"ListItem","position":2,"name":"Confirmado: Gronholm vuelve con Subaru"}]},{"@type":"WebSite","@id":"https:\/\/www.subaru.es\/blog\/#website","url":"https:\/\/www.subaru.es\/blog\/","name":"Universo Subaru","description":"Descubre este apasionante espacio de Subaru donde vas a conocer todo sobre nuestros coches y las experiencias que vivimos con ellos. Si est\u00e1s preparado para dejarte seducir por la filosof\u00eda Subaru, qu\u00e9date con nosotros.","publisher":{"@id":"https:\/\/www.subaru.es\/blog\/#organization"},"potentialAction":[{"@type":"SearchAction","target":{"@type":"EntryPoint","urlTemplate":"https:\/\/www.subaru.es\/blog\/?s={search_term_string}"},"query-input":{"@type":"PropertyValueSpecification","valueRequired":true,"valueName":"search_term_string"}}],"inLanguage":"es"},{"@type":"Organization","@id":"https:\/\/www.subaru.es\/blog\/#organization","name":"Subaru Espa\u00f1a S.A.","url":"https:\/\/www.subaru.es\/blog\/","logo":{"@type":"ImageObject","inLanguage":"es","@id":"https:\/\/www.subaru.es\/blog\/#\/schema\/logo\/image\/","url":"https:\/\/www.subaru.es\/blog\/wp-content\/uploads\/2016\/12\/Logo-Subaru-TypeV_C300-scaled.jpg","contentUrl":"https:\/\/www.subaru.es\/blog\/wp-content\/uploads\/2016\/12\/Logo-Subaru-TypeV_C300-scaled.jpg","width":2560,"height":1864,"caption":"Subaru Espa\u00f1a S.A."},"image":{"@id":"https:\/\/www.subaru.es\/blog\/#\/schema\/logo\/image\/"},"sameAs":["https:\/\/www.facebook.com\/subaruespana","https:\/\/www.instagram.com\/subarues\/","https:\/\/www.youtube.com\/user\/subaruespana"]},{"@type":"Person","@id":"https:\/\/www.subaru.es\/blog\/#\/schema\/person\/19a90b892230b8e0ec752704ddf4aa10","name":"Subaru","url":"https:\/\/www.subaru.es\/blog\/author\/subaria\/"}]}},"_links":{"self":[{"href":"https:\/\/www.subaru.es\/blog\/wp-json\/wp\/v2\/posts\/1938","targetHints":{"allow":["GET"]}}],"collection":[{"href":"https:\/\/www.subaru.es\/blog\/wp-json\/wp\/v2\/posts"}],"about":[{"href":"https:\/\/www.subaru.es\/blog\/wp-json\/wp\/v2\/types\/post"}],"author":[{"embeddable":true,"href":"https:\/\/www.subaru.es\/blog\/wp-json\/wp\/v2\/users\/21"}],"replies":[{"embeddable":true,"href":"https:\/\/www.subaru.es\/blog\/wp-json\/wp\/v2\/comments?post=1938"}],"version-history":[{"count":1,"href":"https:\/\/www.subaru.es\/blog\/wp-json\/wp\/v2\/posts\/1938\/revisions"}],"predecessor-version":[{"id":15257,"href":"https:\/\/www.subaru.es\/blog\/wp-json\/wp\/v2\/posts\/1938\/revisions\/15257"}],"wp:attachment":[{"href":"https:\/\/www.subaru.es\/blog\/wp-json\/wp\/v2\/media?parent=1938"}],"wp:term":[{"taxonomy":"category","embeddable":true,"href":"https:\/\/www.subaru.es\/blog\/wp-json\/wp\/v2\/categories?post=1938"},{"taxonomy":"post_tag","embeddable":true,"href":"https:\/\/www.subaru.es\/blog\/wp-json\/wp\/v2\/tags?post=1938"}],"curies":[{"name":"wp","href":"https:\/\/api.w.org\/{rel}","templated":true}]}}