{"id":1937,"date":"2009-03-19T11:39:25","date_gmt":"2009-03-19T09:39:25","guid":{"rendered":"http:\/\/subaru.preproduccion.com\/blog\/wp-content\/2009\/03\/19\/monlau-competicion-vs-subaru-rally-team-spain\/"},"modified":"2020-08-06T11:44:16","modified_gmt":"2020-08-06T09:44:16","slug":"monlau-competicion-vs-subaru-rally-team-spain","status":"publish","type":"post","link":"https:\/\/www.subaru.es\/blog\/nuestra-marca\/monlau-competicion-vs-subaru-rally-team-spain\/","title":{"rendered":"Monlau Competici\u00f3n vs Subaru Rally Team Spain"},"content":{"rendered":"<p><a href='https:\/\/www.subaru.es\/blog\/wp-content\/uploads\/2009\/02\/esp-rasf_4127.jpg' title='Los ocho alumnos de Monlau Competici\u00f3n'><img data-src='https:\/\/www.subaru.es\/blog\/wp-content\/uploads\/2009\/02\/esp-rasf_4127.jpg' alt='Los ocho alumnos de Monlau Competici\u00f3n' src='data:image\/svg+xml;base64,PHN2ZyB3aWR0aD0iMSIgaGVpZ2h0PSIxIiB4bWxucz0iaHR0cDovL3d3dy53My5vcmcvMjAwMC9zdmciPjwvc3ZnPg==' class='lazyload' style='--smush-placeholder-width: 480px; --smush-placeholder-aspect-ratio: 480\/345;' \/><\/a><br \/>\nEl proyecto escolar de <strong>rallies de Monlau Competici\u00f3n para 2009 <\/strong>va a estar focalizado en el equipo <strong><a href=\"https:\/\/www.subaru.es\/blog\/?p=1902\">Subaru Rally Team Spain<\/a><\/strong>. Y es que, gracias a \u00e9l, ocho <strong>alumnos de la escuela de mec\u00e1nica de competici\u00f3n <\/strong>realizaran sus pr\u00e1cticas en los rallies donde participe el equipo: la reci\u00e9n presentada formaci\u00f3n tiene como punta de lanza al vigente campe\u00f3n nacional de <strong>rallies de asfalto <\/strong><strong>Enrique Garc\u00eda Ojeda<\/strong>, todo un reto para estos pupilos.<\/p>\n<p>Estos ocho <strong>alumnos-mec\u00e1nicos <\/strong>van a poder aprender as\u00ed de primera mano la <strong>din\u00e1mica del nacional de rallies<\/strong>, de mano de uno de los equipos m\u00e1s profesionales y reconocidos. Todos ellos van a estar guiados por el equipo t\u00e9cnico de <strong>KRS Motor Events<\/strong>, por lo que ser\u00e1 una gran oportunidad para los alumnos seleccionados, que trabajar\u00e1n codo con codo con los t\u00e9cnicos m\u00e1s especializados del panorama nacional y descubrir el alto nivel tecnol\u00f3gico de la <strong>especialidad de los rallies<\/strong>. <\/p>\n<p>El programa incluye la participaci\u00f3n en los dos <strong>cert\u00e1menes nacionales de rallies<\/strong>, as\u00ed como un par de participaciones fuera de las fronteras espa\u00f1olas. <\/p>\n<p><strong>Emilio Jos\u00e9 V\u00e1zquez, Santiago Garc\u00eda, Guillermo Velasco, Alberto Hidalgo, Alejandro Torres, Jordi Mataro, Joan Miquel Alcober y Josep Oriol Fabre<\/strong>, los futuros compa\u00f1eros de viaje del SRTS, tuvieron la oportunidad de conocer a <strong>Enrique Garc\u00eda Ojeda y Jordi Barrab\u00e9s<\/strong>, su copiloto, en la presentaci\u00f3n que \u00e9stos realizaron en las aulas de <strong>Monlau Competici\u00f3n<\/strong>. Los alumnos intercambiaron opiniones e inquietudes con los pilotos sobre la temporada, que arrancar\u00e1 el pr\u00f3ximo 14 de marzo en <strong>Palma del R\u00edo<\/strong>. <\/p>\n","protected":false},"excerpt":{"rendered":"<p>El proyecto escolar de rallies de Monlau Competici\u00f3n para 2009 va a estar focalizado en el equipo Subaru Rally Team Spain. Y es que, gracias a \u00e9l, ocho alumnos de la escuela de mec\u00e1nica de competici\u00f3n realizaran sus pr\u00e1cticas en los rallies donde participe el equipo: la reci\u00e9n presentada formaci\u00f3n tiene como punta de lanza [&hellip;]<\/p>\n","protected":false},"author":21,"featured_media":1941,"comment_status":"open","ping_status":"open","sticky":false,"template":"","format":"standard","meta":{"_acf_changed":false,"_eb_attr":"","inline_featured_image":false,"footnotes":""},"categories":[4401],"tags":[2081,2082,828,2078,1994,2077,2080,2084,2086,2083,2085,1997,864,2075,2076,1927,460,43,2079,4390,1986],"class_list":["post-1937","post","type-post","status-publish","format-standard","has-post-thumbnail","hentry","category-nuestra-marca","tag-alberto-hidalgo","tag-alejandro-torres","tag-asfalto","tag-emilio-jose-vazquez","tag-enrique-garcia-ojeda","tag-escuela","tag-guillermo-velasco","tag-joan-miquel-alcober","tag-jordi-barrabes","tag-jordi-mataro","tag-josep-oriol-fabre","tag-krs-motor-events","tag-mecanica","tag-monlau-competicion","tag-ocho-alumnos","tag-palma-del-rio","tag-rallies","tag-rally","tag-santiago-garcia","tag-subaru","tag-subaru-rally-team-spain"],"acf":[],"yoast_head":"<!-- This site is optimized with the Yoast SEO plugin v27.3 - https:\/\/yoast.com\/product\/yoast-seo-wordpress\/ -->\n<title>Monlau Competici\u00f3n vs Subaru Rally Team Spain - Universo Subaru<\/title>\n<meta name=\"robots\" content=\"index, follow, max-snippet:-1, max-image-preview:large, max-video-preview:-1\" \/>\n<link rel=\"canonical\" href=\"https:\/\/www.subaru.es\/blog\/nuestra-marca\/monlau-competicion-vs-subaru-rally-team-spain\/\" \/>\n<meta property=\"og:locale\" content=\"es_ES\" \/>\n<meta property=\"og:type\" content=\"article\" \/>\n<meta property=\"og:title\" content=\"Monlau Competici\u00f3n vs Subaru Rally Team Spain - Universo Subaru\" \/>\n<meta property=\"og:description\" content=\"El proyecto escolar de rallies de Monlau Competici\u00f3n para 2009 va a estar focalizado en el equipo Subaru Rally Team Spain. Y es que, gracias a \u00e9l, ocho alumnos de la escuela de mec\u00e1nica de competici\u00f3n realizaran sus pr\u00e1cticas en los rallies donde participe el equipo: la reci\u00e9n presentada formaci\u00f3n tiene como punta de lanza [&hellip;]\" \/>\n<meta property=\"og:url\" content=\"https:\/\/www.subaru.es\/blog\/nuestra-marca\/monlau-competicion-vs-subaru-rally-team-spain\/\" \/>\n<meta property=\"og:site_name\" content=\"Universo Subaru\" \/>\n<meta property=\"article:publisher\" content=\"https:\/\/www.facebook.com\/subaruespana\" \/>\n<meta property=\"article:published_time\" content=\"2009-03-19T09:39:25+00:00\" \/>\n<meta property=\"article:modified_time\" content=\"2020-08-06T09:44:16+00:00\" \/>\n<meta property=\"og:image\" content=\"https:\/\/www.subaru.es\/blog\/wp-content\/uploads\/2009\/02\/esp-rasf_4127.jpg\" \/>\n\t<meta property=\"og:image:width\" content=\"480\" \/>\n\t<meta property=\"og:image:height\" content=\"345\" \/>\n\t<meta property=\"og:image:type\" content=\"image\/jpeg\" \/>\n<meta name=\"author\" content=\"Subaru\" \/>\n<meta name=\"twitter:card\" content=\"summary_large_image\" \/>\n<meta name=\"twitter:label1\" content=\"Escrito por\" \/>\n\t<meta name=\"twitter:data1\" content=\"Subaru\" \/>\n\t<meta name=\"twitter:label2\" content=\"Tiempo de lectura\" \/>\n\t<meta name=\"twitter:data2\" content=\"1 minuto\" \/>\n<script type=\"application\/ld+json\" class=\"yoast-schema-graph\">{\"@context\":\"https:\\\/\\\/schema.org\",\"@graph\":[{\"@type\":\"Article\",\"@id\":\"https:\\\/\\\/www.subaru.es\\\/blog\\\/nuestra-marca\\\/monlau-competicion-vs-subaru-rally-team-spain\\\/#article\",\"isPartOf\":{\"@id\":\"https:\\\/\\\/www.subaru.es\\\/blog\\\/nuestra-marca\\\/monlau-competicion-vs-subaru-rally-team-spain\\\/\"},\"author\":{\"name\":\"Subaru\",\"@id\":\"https:\\\/\\\/www.subaru.es\\\/blog\\\/#\\\/schema\\\/person\\\/19a90b892230b8e0ec752704ddf4aa10\"},\"headline\":\"Monlau Competici\u00f3n vs Subaru Rally Team Spain\",\"datePublished\":\"2009-03-19T09:39:25+00:00\",\"dateModified\":\"2020-08-06T09:44:16+00:00\",\"mainEntityOfPage\":{\"@id\":\"https:\\\/\\\/www.subaru.es\\\/blog\\\/nuestra-marca\\\/monlau-competicion-vs-subaru-rally-team-spain\\\/\"},\"wordCount\":283,\"commentCount\":0,\"publisher\":{\"@id\":\"https:\\\/\\\/www.subaru.es\\\/blog\\\/#organization\"},\"image\":{\"@id\":\"https:\\\/\\\/www.subaru.es\\\/blog\\\/nuestra-marca\\\/monlau-competicion-vs-subaru-rally-team-spain\\\/#primaryimage\"},\"thumbnailUrl\":\"https:\\\/\\\/www.subaru.es\\\/blog\\\/wp-content\\\/uploads\\\/2009\\\/02\\\/esp-rasf_4127.jpg\",\"keywords\":[\"Alberto Hidalgo\",\"Alejandro Torres\",\"asfalto\",\"Emilio Jos\u00e9 V\u00e1zquez\",\"Enrique Garc\u00eda Ojeda\",\"escuela\",\"Guillermo Velasco\",\"Joan Miquel Alcober\",\"Jordi Barrab\u00e9s\",\"Jordi Mataro\",\"Josep Oriol Fabre\",\"KRS Motor Events\",\"mec\u00e1nica\",\"Monlau Competici\u00f3n\",\"ocho alumnos\",\"Palma del R\u00edo\",\"rallies\",\"rally\",\"Santiago Garc\u00eda\",\"Subaru\",\"Subaru Rally Team Spain\"],\"articleSection\":[\"Nuestra marca\"],\"inLanguage\":\"es\",\"potentialAction\":[{\"@type\":\"CommentAction\",\"name\":\"Comment\",\"target\":[\"https:\\\/\\\/www.subaru.es\\\/blog\\\/nuestra-marca\\\/monlau-competicion-vs-subaru-rally-team-spain\\\/#respond\"]}]},{\"@type\":\"WebPage\",\"@id\":\"https:\\\/\\\/www.subaru.es\\\/blog\\\/nuestra-marca\\\/monlau-competicion-vs-subaru-rally-team-spain\\\/\",\"url\":\"https:\\\/\\\/www.subaru.es\\\/blog\\\/nuestra-marca\\\/monlau-competicion-vs-subaru-rally-team-spain\\\/\",\"name\":\"Monlau Competici\u00f3n vs Subaru Rally Team Spain - Universo Subaru\",\"isPartOf\":{\"@id\":\"https:\\\/\\\/www.subaru.es\\\/blog\\\/#website\"},\"primaryImageOfPage\":{\"@id\":\"https:\\\/\\\/www.subaru.es\\\/blog\\\/nuestra-marca\\\/monlau-competicion-vs-subaru-rally-team-spain\\\/#primaryimage\"},\"image\":{\"@id\":\"https:\\\/\\\/www.subaru.es\\\/blog\\\/nuestra-marca\\\/monlau-competicion-vs-subaru-rally-team-spain\\\/#primaryimage\"},\"thumbnailUrl\":\"https:\\\/\\\/www.subaru.es\\\/blog\\\/wp-content\\\/uploads\\\/2009\\\/02\\\/esp-rasf_4127.jpg\",\"datePublished\":\"2009-03-19T09:39:25+00:00\",\"dateModified\":\"2020-08-06T09:44:16+00:00\",\"breadcrumb\":{\"@id\":\"https:\\\/\\\/www.subaru.es\\\/blog\\\/nuestra-marca\\\/monlau-competicion-vs-subaru-rally-team-spain\\\/#breadcrumb\"},\"inLanguage\":\"es\",\"potentialAction\":[{\"@type\":\"ReadAction\",\"target\":[\"https:\\\/\\\/www.subaru.es\\\/blog\\\/nuestra-marca\\\/monlau-competicion-vs-subaru-rally-team-spain\\\/\"]}]},{\"@type\":\"ImageObject\",\"inLanguage\":\"es\",\"@id\":\"https:\\\/\\\/www.subaru.es\\\/blog\\\/nuestra-marca\\\/monlau-competicion-vs-subaru-rally-team-spain\\\/#primaryimage\",\"url\":\"https:\\\/\\\/www.subaru.es\\\/blog\\\/wp-content\\\/uploads\\\/2009\\\/02\\\/esp-rasf_4127.jpg\",\"contentUrl\":\"https:\\\/\\\/www.subaru.es\\\/blog\\\/wp-content\\\/uploads\\\/2009\\\/02\\\/esp-rasf_4127.jpg\",\"width\":480,\"height\":345},{\"@type\":\"BreadcrumbList\",\"@id\":\"https:\\\/\\\/www.subaru.es\\\/blog\\\/nuestra-marca\\\/monlau-competicion-vs-subaru-rally-team-spain\\\/#breadcrumb\",\"itemListElement\":[{\"@type\":\"ListItem\",\"position\":1,\"name\":\"Portada\",\"item\":\"https:\\\/\\\/www.subaru.es\\\/blog\\\/\"},{\"@type\":\"ListItem\",\"position\":2,\"name\":\"Monlau Competici\u00f3n vs Subaru Rally Team Spain\"}]},{\"@type\":\"WebSite\",\"@id\":\"https:\\\/\\\/www.subaru.es\\\/blog\\\/#website\",\"url\":\"https:\\\/\\\/www.subaru.es\\\/blog\\\/\",\"name\":\"Universo Subaru\",\"description\":\"Descubre este apasionante espacio de Subaru donde vas a conocer todo sobre nuestros coches y las experiencias que vivimos con ellos. Si est\u00e1s preparado para dejarte seducir por la filosof\u00eda Subaru, qu\u00e9date con nosotros.\",\"publisher\":{\"@id\":\"https:\\\/\\\/www.subaru.es\\\/blog\\\/#organization\"},\"potentialAction\":[{\"@type\":\"SearchAction\",\"target\":{\"@type\":\"EntryPoint\",\"urlTemplate\":\"https:\\\/\\\/www.subaru.es\\\/blog\\\/?s={search_term_string}\"},\"query-input\":{\"@type\":\"PropertyValueSpecification\",\"valueRequired\":true,\"valueName\":\"search_term_string\"}}],\"inLanguage\":\"es\"},{\"@type\":\"Organization\",\"@id\":\"https:\\\/\\\/www.subaru.es\\\/blog\\\/#organization\",\"name\":\"Subaru Espa\u00f1a S.A.\",\"url\":\"https:\\\/\\\/www.subaru.es\\\/blog\\\/\",\"logo\":{\"@type\":\"ImageObject\",\"inLanguage\":\"es\",\"@id\":\"https:\\\/\\\/www.subaru.es\\\/blog\\\/#\\\/schema\\\/logo\\\/image\\\/\",\"url\":\"https:\\\/\\\/www.subaru.es\\\/blog\\\/wp-content\\\/uploads\\\/2016\\\/12\\\/Logo-Subaru-TypeV_C300-scaled.jpg\",\"contentUrl\":\"https:\\\/\\\/www.subaru.es\\\/blog\\\/wp-content\\\/uploads\\\/2016\\\/12\\\/Logo-Subaru-TypeV_C300-scaled.jpg\",\"width\":2560,\"height\":1864,\"caption\":\"Subaru Espa\u00f1a S.A.\"},\"image\":{\"@id\":\"https:\\\/\\\/www.subaru.es\\\/blog\\\/#\\\/schema\\\/logo\\\/image\\\/\"},\"sameAs\":[\"https:\\\/\\\/www.facebook.com\\\/subaruespana\",\"https:\\\/\\\/www.instagram.com\\\/subarues\\\/\",\"https:\\\/\\\/www.youtube.com\\\/user\\\/subaruespana\"]},{\"@type\":\"Person\",\"@id\":\"https:\\\/\\\/www.subaru.es\\\/blog\\\/#\\\/schema\\\/person\\\/19a90b892230b8e0ec752704ddf4aa10\",\"name\":\"Subaru\",\"url\":\"https:\\\/\\\/www.subaru.es\\\/blog\\\/author\\\/subaria\\\/\"}]}<\/script>\n<!-- \/ Yoast SEO plugin. -->","yoast_head_json":{"title":"Monlau Competici\u00f3n vs Subaru Rally Team Spain - Universo Subaru","robots":{"index":"index","follow":"follow","max-snippet":"max-snippet:-1","max-image-preview":"max-image-preview:large","max-video-preview":"max-video-preview:-1"},"canonical":"https:\/\/www.subaru.es\/blog\/nuestra-marca\/monlau-competicion-vs-subaru-rally-team-spain\/","og_locale":"es_ES","og_type":"article","og_title":"Monlau Competici\u00f3n vs Subaru Rally Team Spain - Universo Subaru","og_description":"El proyecto escolar de rallies de Monlau Competici\u00f3n para 2009 va a estar focalizado en el equipo Subaru Rally Team Spain. Y es que, gracias a \u00e9l, ocho alumnos de la escuela de mec\u00e1nica de competici\u00f3n realizaran sus pr\u00e1cticas en los rallies donde participe el equipo: la reci\u00e9n presentada formaci\u00f3n tiene como punta de lanza [&hellip;]","og_url":"https:\/\/www.subaru.es\/blog\/nuestra-marca\/monlau-competicion-vs-subaru-rally-team-spain\/","og_site_name":"Universo Subaru","article_publisher":"https:\/\/www.facebook.com\/subaruespana","article_published_time":"2009-03-19T09:39:25+00:00","article_modified_time":"2020-08-06T09:44:16+00:00","og_image":[{"width":480,"height":345,"url":"https:\/\/www.subaru.es\/blog\/wp-content\/uploads\/2009\/02\/esp-rasf_4127.jpg","type":"image\/jpeg"}],"author":"Subaru","twitter_card":"summary_large_image","twitter_misc":{"Escrito por":"Subaru","Tiempo de lectura":"1 minuto"},"schema":{"@context":"https:\/\/schema.org","@graph":[{"@type":"Article","@id":"https:\/\/www.subaru.es\/blog\/nuestra-marca\/monlau-competicion-vs-subaru-rally-team-spain\/#article","isPartOf":{"@id":"https:\/\/www.subaru.es\/blog\/nuestra-marca\/monlau-competicion-vs-subaru-rally-team-spain\/"},"author":{"name":"Subaru","@id":"https:\/\/www.subaru.es\/blog\/#\/schema\/person\/19a90b892230b8e0ec752704ddf4aa10"},"headline":"Monlau Competici\u00f3n vs Subaru Rally Team Spain","datePublished":"2009-03-19T09:39:25+00:00","dateModified":"2020-08-06T09:44:16+00:00","mainEntityOfPage":{"@id":"https:\/\/www.subaru.es\/blog\/nuestra-marca\/monlau-competicion-vs-subaru-rally-team-spain\/"},"wordCount":283,"commentCount":0,"publisher":{"@id":"https:\/\/www.subaru.es\/blog\/#organization"},"image":{"@id":"https:\/\/www.subaru.es\/blog\/nuestra-marca\/monlau-competicion-vs-subaru-rally-team-spain\/#primaryimage"},"thumbnailUrl":"https:\/\/www.subaru.es\/blog\/wp-content\/uploads\/2009\/02\/esp-rasf_4127.jpg","keywords":["Alberto Hidalgo","Alejandro Torres","asfalto","Emilio Jos\u00e9 V\u00e1zquez","Enrique Garc\u00eda Ojeda","escuela","Guillermo Velasco","Joan Miquel Alcober","Jordi Barrab\u00e9s","Jordi Mataro","Josep Oriol Fabre","KRS Motor Events","mec\u00e1nica","Monlau Competici\u00f3n","ocho alumnos","Palma del R\u00edo","rallies","rally","Santiago Garc\u00eda","Subaru","Subaru Rally Team Spain"],"articleSection":["Nuestra marca"],"inLanguage":"es","potentialAction":[{"@type":"CommentAction","name":"Comment","target":["https:\/\/www.subaru.es\/blog\/nuestra-marca\/monlau-competicion-vs-subaru-rally-team-spain\/#respond"]}]},{"@type":"WebPage","@id":"https:\/\/www.subaru.es\/blog\/nuestra-marca\/monlau-competicion-vs-subaru-rally-team-spain\/","url":"https:\/\/www.subaru.es\/blog\/nuestra-marca\/monlau-competicion-vs-subaru-rally-team-spain\/","name":"Monlau Competici\u00f3n vs Subaru Rally Team Spain - Universo Subaru","isPartOf":{"@id":"https:\/\/www.subaru.es\/blog\/#website"},"primaryImageOfPage":{"@id":"https:\/\/www.subaru.es\/blog\/nuestra-marca\/monlau-competicion-vs-subaru-rally-team-spain\/#primaryimage"},"image":{"@id":"https:\/\/www.subaru.es\/blog\/nuestra-marca\/monlau-competicion-vs-subaru-rally-team-spain\/#primaryimage"},"thumbnailUrl":"https:\/\/www.subaru.es\/blog\/wp-content\/uploads\/2009\/02\/esp-rasf_4127.jpg","datePublished":"2009-03-19T09:39:25+00:00","dateModified":"2020-08-06T09:44:16+00:00","breadcrumb":{"@id":"https:\/\/www.subaru.es\/blog\/nuestra-marca\/monlau-competicion-vs-subaru-rally-team-spain\/#breadcrumb"},"inLanguage":"es","potentialAction":[{"@type":"ReadAction","target":["https:\/\/www.subaru.es\/blog\/nuestra-marca\/monlau-competicion-vs-subaru-rally-team-spain\/"]}]},{"@type":"ImageObject","inLanguage":"es","@id":"https:\/\/www.subaru.es\/blog\/nuestra-marca\/monlau-competicion-vs-subaru-rally-team-spain\/#primaryimage","url":"https:\/\/www.subaru.es\/blog\/wp-content\/uploads\/2009\/02\/esp-rasf_4127.jpg","contentUrl":"https:\/\/www.subaru.es\/blog\/wp-content\/uploads\/2009\/02\/esp-rasf_4127.jpg","width":480,"height":345},{"@type":"BreadcrumbList","@id":"https:\/\/www.subaru.es\/blog\/nuestra-marca\/monlau-competicion-vs-subaru-rally-team-spain\/#breadcrumb","itemListElement":[{"@type":"ListItem","position":1,"name":"Portada","item":"https:\/\/www.subaru.es\/blog\/"},{"@type":"ListItem","position":2,"name":"Monlau Competici\u00f3n vs Subaru Rally Team Spain"}]},{"@type":"WebSite","@id":"https:\/\/www.subaru.es\/blog\/#website","url":"https:\/\/www.subaru.es\/blog\/","name":"Universo Subaru","description":"Descubre este apasionante espacio de Subaru donde vas a conocer todo sobre nuestros coches y las experiencias que vivimos con ellos. Si est\u00e1s preparado para dejarte seducir por la filosof\u00eda Subaru, qu\u00e9date con nosotros.","publisher":{"@id":"https:\/\/www.subaru.es\/blog\/#organization"},"potentialAction":[{"@type":"SearchAction","target":{"@type":"EntryPoint","urlTemplate":"https:\/\/www.subaru.es\/blog\/?s={search_term_string}"},"query-input":{"@type":"PropertyValueSpecification","valueRequired":true,"valueName":"search_term_string"}}],"inLanguage":"es"},{"@type":"Organization","@id":"https:\/\/www.subaru.es\/blog\/#organization","name":"Subaru Espa\u00f1a S.A.","url":"https:\/\/www.subaru.es\/blog\/","logo":{"@type":"ImageObject","inLanguage":"es","@id":"https:\/\/www.subaru.es\/blog\/#\/schema\/logo\/image\/","url":"https:\/\/www.subaru.es\/blog\/wp-content\/uploads\/2016\/12\/Logo-Subaru-TypeV_C300-scaled.jpg","contentUrl":"https:\/\/www.subaru.es\/blog\/wp-content\/uploads\/2016\/12\/Logo-Subaru-TypeV_C300-scaled.jpg","width":2560,"height":1864,"caption":"Subaru Espa\u00f1a S.A."},"image":{"@id":"https:\/\/www.subaru.es\/blog\/#\/schema\/logo\/image\/"},"sameAs":["https:\/\/www.facebook.com\/subaruespana","https:\/\/www.instagram.com\/subarues\/","https:\/\/www.youtube.com\/user\/subaruespana"]},{"@type":"Person","@id":"https:\/\/www.subaru.es\/blog\/#\/schema\/person\/19a90b892230b8e0ec752704ddf4aa10","name":"Subaru","url":"https:\/\/www.subaru.es\/blog\/author\/subaria\/"}]}},"_links":{"self":[{"href":"https:\/\/www.subaru.es\/blog\/wp-json\/wp\/v2\/posts\/1937","targetHints":{"allow":["GET"]}}],"collection":[{"href":"https:\/\/www.subaru.es\/blog\/wp-json\/wp\/v2\/posts"}],"about":[{"href":"https:\/\/www.subaru.es\/blog\/wp-json\/wp\/v2\/types\/post"}],"author":[{"embeddable":true,"href":"https:\/\/www.subaru.es\/blog\/wp-json\/wp\/v2\/users\/21"}],"replies":[{"embeddable":true,"href":"https:\/\/www.subaru.es\/blog\/wp-json\/wp\/v2\/comments?post=1937"}],"version-history":[{"count":1,"href":"https:\/\/www.subaru.es\/blog\/wp-json\/wp\/v2\/posts\/1937\/revisions"}],"predecessor-version":[{"id":15254,"href":"https:\/\/www.subaru.es\/blog\/wp-json\/wp\/v2\/posts\/1937\/revisions\/15254"}],"wp:featuredmedia":[{"embeddable":true,"href":"https:\/\/www.subaru.es\/blog\/wp-json\/wp\/v2\/media\/1941"}],"wp:attachment":[{"href":"https:\/\/www.subaru.es\/blog\/wp-json\/wp\/v2\/media?parent=1937"}],"wp:term":[{"taxonomy":"category","embeddable":true,"href":"https:\/\/www.subaru.es\/blog\/wp-json\/wp\/v2\/categories?post=1937"},{"taxonomy":"post_tag","embeddable":true,"href":"https:\/\/www.subaru.es\/blog\/wp-json\/wp\/v2\/tags?post=1937"}],"curies":[{"name":"wp","href":"https:\/\/api.w.org\/{rel}","templated":true}]}}