{"id":19028,"date":"2018-05-14T12:52:56","date_gmt":"2018-05-14T10:52:56","guid":{"rendered":"https:\/\/www.subaru.es\/blog\/?p=19028"},"modified":"2020-08-06T11:50:50","modified_gmt":"2020-08-06T09:50:50","slug":"subaru-gana-las-24h-nurburgring","status":"publish","type":"post","link":"https:\/\/www.subaru.es\/blog\/nuestra-marca\/subaru-gana-las-24h-nurburgring\/","title":{"rendered":"Subaru gana la categor\u00eda SP3T en las 24H de N\u00fcrburgring"},"content":{"rendered":"<p><strong>El <a href=\"http:\/\/www.subaru-global.com\/special\/about_nbr\/index.html\" target=\"_blank\" rel=\"noopener noreferrer\">\u201cSubaru WRX STI NBR Challenge 2018\u201d<\/a>,<\/strong> un coche de carreras basado en el WRX STI de calle, desarrollado por su equipo de competici\u00f3n Subaru T\u00e9cnica Internacional, ha alcanzado una <strong>nueva victoria en la 46\u00aa edici\u00f3n de las 24 Horas de N\u00fcrburgring.<\/strong><\/p>\n<p>Aunque el equipo arranc\u00f3 desde la primera posici\u00f3n en su categor\u00eda, los problemas mec\u00e1nicos aparecieron en el arranque de la prueba, siendo superados por algunos de sus rivales. En todo caso, <strong><a href=\"https:\/\/www.subaru.es\/blog\/motor\/wrx-sti-luchara-quinta-victoria-nurburgring\/\" target=\"_blank\" rel=\"noopener noreferrer\">el equipo t\u00e9cnico<\/a>, que como suele ser habitual contaba con 6 mec\u00e1nicos seleccionados entre la red de concesionarios oficiales de Subaru en Jap\u00f3n<\/strong>, resolvi\u00f3 con rapidez el problema, y el coche volvi\u00f3 a la pista para iniciar la remontada. Desde ese momento, los 4 pilotos, Carlo van Dam (Holanda), Tim Schrick (Alemania), Hideki Yamauchi (Jap\u00f3n) y Takuto Iguchi (Jap\u00f3n), comenzaron a reducir distancias con el l\u00edder, y transcurridas 10 horas desde el arranque de la prueba, retomaron la primera posici\u00f3n.<\/p>\n<p><img decoding=\"async\" width=\"560\" height=\"373\" class=\"aligncenter size-medium wp-image-19031 lazyload\" data-src=\"https:\/\/www.subaru.es\/blog\/wp-content\/uploads\/2018\/05\/STI_Nur_QF1-560x373.jpg\" alt=\"Subaru WRX STI N\u00fcrburgring\" data-srcset=\"https:\/\/www.subaru.es\/blog\/wp-content\/uploads\/2018\/05\/STI_Nur_QF1-560x373.jpg 560w, https:\/\/www.subaru.es\/blog\/wp-content\/uploads\/2018\/05\/STI_Nur_QF1-1440x960.jpg 1440w, https:\/\/www.subaru.es\/blog\/wp-content\/uploads\/2018\/05\/STI_Nur_QF1-768x512.jpg 768w, https:\/\/www.subaru.es\/blog\/wp-content\/uploads\/2018\/05\/STI_Nur_QF1-1536x1024.jpg 1536w, https:\/\/www.subaru.es\/blog\/wp-content\/uploads\/2018\/05\/STI_Nur_QF1-2048x1365.jpg 2048w\" data-sizes=\"(max-width: 560px) 100vw, 560px\" src=\"data:image\/svg+xml;base64,PHN2ZyB3aWR0aD0iMSIgaGVpZ2h0PSIxIiB4bWxucz0iaHR0cDovL3d3dy53My5vcmcvMjAwMC9zdmciPjwvc3ZnPg==\" style=\"--smush-placeholder-width: 560px; --smush-placeholder-aspect-ratio: 560\/373;\" \/><\/p>\n<p>Mediada la carrera, las condiciones meteorol\u00f3gicas comenzaron a empeorar y con la lluvia como protagonista, <strong>la tracci\u00f3n<a href=\"https:\/\/www.subaru.es\/tecnologia\" target=\"_blank\" rel=\"noopener noreferrer\"> Symmetrical AWD <\/a>del <a href=\"https:\/\/www.subaru.es\/vehiculos\/wrx\" target=\"_blank\" rel=\"noopener noreferrer\">WRX STI<\/a> <\/strong>contribuy\u00f3 en gran medida a que el equipo no solo afianzase su liderato, sino tambi\u00e9n, comenzase a superar a competidores de categor\u00edas superiores.<\/p>\n<p>Desafortunadamente, un peque\u00f1o problema de motor, oblig\u00f3 a volver a boxes una hora antes de la conclusi\u00f3n de la carrera, pero el coche pudo retornar nuevamente a pista para <strong>conseguir la victoria tras completar 112 vueltas y m\u00e1s de 2.800 kil\u00f3metros de distancia<\/strong>, en una prueba marcada por la intensa lluvia nocturna y la densa niebla, que obligaron a la organizaci\u00f3n a mostrar bandera roja, a falta de 3 horas para cumplirse las 24 establecidas.<\/p>\n<p><img decoding=\"async\" width=\"560\" height=\"373\" class=\"aligncenter size-medium wp-image-19035 lazyload\" data-src=\"https:\/\/www.subaru.es\/blog\/wp-content\/uploads\/2018\/05\/STI_Nur_QF6-560x373.jpg\" alt=\"Subaru WRX STI N\u00fcrburgring 2018\" data-srcset=\"https:\/\/www.subaru.es\/blog\/wp-content\/uploads\/2018\/05\/STI_Nur_QF6-560x373.jpg 560w, https:\/\/www.subaru.es\/blog\/wp-content\/uploads\/2018\/05\/STI_Nur_QF6-1440x960.jpg 1440w, https:\/\/www.subaru.es\/blog\/wp-content\/uploads\/2018\/05\/STI_Nur_QF6-768x512.jpg 768w, https:\/\/www.subaru.es\/blog\/wp-content\/uploads\/2018\/05\/STI_Nur_QF6-1536x1024.jpg 1536w, https:\/\/www.subaru.es\/blog\/wp-content\/uploads\/2018\/05\/STI_Nur_QF6-2048x1365.jpg 2048w\" data-sizes=\"(max-width: 560px) 100vw, 560px\" src=\"data:image\/svg+xml;base64,PHN2ZyB3aWR0aD0iMSIgaGVpZ2h0PSIxIiB4bWxucz0iaHR0cDovL3d3dy53My5vcmcvMjAwMC9zdmciPjwvc3ZnPg==\" style=\"--smush-placeholder-width: 560px; --smush-placeholder-aspect-ratio: 560\/373;\" \/><\/p>\n<p><strong>Este resultado representa el quinto primer puesto en SP3T para Subaru<\/strong> en 11 participaciones <strong>en las 24 horas de N\u00fcrburgring<\/strong>, y la oportunidad de resarcirse del resultado del pasado a\u00f1o, en el que el equipo no pudo alcanzar la meta. <strong><a href=\"https:\/\/www.subaru.es\/vehiculos\/wrx\" target=\"_blank\" rel=\"noopener noreferrer\">El WRX STI<\/a> complet\u00f3 112 vueltas, m\u00e1s de 2.800 kil\u00f3metros.<\/strong><\/p>\n<p><img decoding=\"async\" width=\"560\" height=\"373\" class=\"aligncenter size-medium wp-image-19034 lazyload\" data-src=\"https:\/\/www.subaru.es\/blog\/wp-content\/uploads\/2018\/05\/2018-2-28-NBR-TEST_023--560x373.jpg\" alt=\"\" data-srcset=\"https:\/\/www.subaru.es\/blog\/wp-content\/uploads\/2018\/05\/2018-2-28-NBR-TEST_023--560x373.jpg 560w, https:\/\/www.subaru.es\/blog\/wp-content\/uploads\/2018\/05\/2018-2-28-NBR-TEST_023--1440x960.jpg 1440w, https:\/\/www.subaru.es\/blog\/wp-content\/uploads\/2018\/05\/2018-2-28-NBR-TEST_023--768x512.jpg 768w, https:\/\/www.subaru.es\/blog\/wp-content\/uploads\/2018\/05\/2018-2-28-NBR-TEST_023--1536x1024.jpg 1536w, https:\/\/www.subaru.es\/blog\/wp-content\/uploads\/2018\/05\/2018-2-28-NBR-TEST_023--2048x1365.jpg 2048w\" data-sizes=\"(max-width: 560px) 100vw, 560px\" src=\"data:image\/svg+xml;base64,PHN2ZyB3aWR0aD0iMSIgaGVpZ2h0PSIxIiB4bWxucz0iaHR0cDovL3d3dy53My5vcmcvMjAwMC9zdmciPjwvc3ZnPg==\" style=\"--smush-placeholder-width: 560px; --smush-placeholder-aspect-ratio: 560\/373;\" \/><\/p>\n<p>La victoria, es una demostraci\u00f3n de que <strong><a href=\"https:\/\/www.subaru.es\/configurador\/wrx\" target=\"_blank\" rel=\"noopener noreferrer\">el Subaru WRX STI <\/a>es capaz de explotar al m\u00e1ximo las virtudes de la legendaria tracci\u00f3n integral sim\u00e9trica, de los motores b\u00f3xer de bajo centro de gravedad, y de un chasis enormemente r\u00edgido, que pone de manifiesto la efectividad de las <a href=\"https:\/\/www.subaru.es\/tecnologia\" target=\"_blank\" rel=\"noopener noreferrer\">tecnolog\u00edas propias de Subaru<\/a>,<\/strong> ofreciendo a los pilotos un coche muy equilibrado y seguro en toda clase de superficies y condiciones, y tremendamente efectivo para atacar con confianza las curvas, del infierno verde, uno de los trazados m\u00e1s exigentes de mundo.<\/p>\n<p>A trav\u00e9s de las actividades de su departamento de competici\u00f3n STI, Subaru seguir\u00e1 desarrollando su ingenier\u00eda, y mejorando sus tecnolog\u00edas diferenciales para ofrecer los <a href=\"https:\/\/www.subaru.es\/seguridad\" target=\"_blank\" rel=\"noopener noreferrer\">coches de calle m\u00e1s seguros<\/a>, divertidos de conducir y fiables.<\/p>\n","protected":false},"excerpt":{"rendered":"<p>El \u201cSubaru WRX STI NBR Challenge 2018\u201d, un coche de carreras basado en el WRX STI de calle, desarrollado por su equipo de competici\u00f3n Subaru T\u00e9cnica Internacional, ha alcanzado una nueva victoria en la 46\u00aa edici\u00f3n de las 24 Horas de N\u00fcrburgring. Aunque el equipo arranc\u00f3 desde la primera posici\u00f3n en su categor\u00eda, los problemas [&hellip;]<\/p>\n","protected":false},"author":21,"featured_media":19040,"comment_status":"open","ping_status":"closed","sticky":false,"template":"","format":"standard","meta":{"_acf_changed":false,"_eb_attr":"","inline_featured_image":false,"footnotes":""},"categories":[4401],"tags":[4606,4392,4605,22,293,1735,4464,243],"class_list":["post-19028","post","type-post","status-publish","format-standard","has-post-thumbnail","hentry","category-nuestra-marca","tag-24h-nurburgring","tag-competicion","tag-infierno-verde","tag-motor","tag-motor-boxer","tag-subaru-wrx-sti","tag-traccion-total-simetrica","tag-wrx-sti"],"acf":[],"yoast_head":"<!-- This site is optimized with the Yoast SEO plugin v27.3 - https:\/\/yoast.com\/product\/yoast-seo-wordpress\/ -->\n<title>Subaru gana la categor\u00eda SP3T en las 24H de N\u00fcrburgring - Universo Subaru<\/title>\n<meta name=\"robots\" content=\"index, follow, max-snippet:-1, max-image-preview:large, max-video-preview:-1\" \/>\n<link rel=\"canonical\" href=\"https:\/\/www.subaru.es\/blog\/nuestra-marca\/subaru-gana-las-24h-nurburgring\/\" \/>\n<meta property=\"og:locale\" content=\"es_ES\" \/>\n<meta property=\"og:type\" content=\"article\" \/>\n<meta property=\"og:title\" content=\"Subaru gana la categor\u00eda SP3T en las 24H de N\u00fcrburgring - Universo Subaru\" \/>\n<meta property=\"og:description\" content=\"El \u201cSubaru WRX STI NBR Challenge 2018\u201d, un coche de carreras basado en el WRX STI de calle, desarrollado por su equipo de competici\u00f3n Subaru T\u00e9cnica Internacional, ha alcanzado una nueva victoria en la 46\u00aa edici\u00f3n de las 24 Horas de N\u00fcrburgring. Aunque el equipo arranc\u00f3 desde la primera posici\u00f3n en su categor\u00eda, los problemas [&hellip;]\" \/>\n<meta property=\"og:url\" content=\"https:\/\/www.subaru.es\/blog\/nuestra-marca\/subaru-gana-las-24h-nurburgring\/\" \/>\n<meta property=\"og:site_name\" content=\"Universo Subaru\" \/>\n<meta property=\"article:publisher\" content=\"https:\/\/www.facebook.com\/subaruespana\" \/>\n<meta property=\"article:published_time\" content=\"2018-05-14T10:52:56+00:00\" \/>\n<meta property=\"article:modified_time\" content=\"2020-08-06T09:50:50+00:00\" \/>\n<meta name=\"author\" content=\"Subaru\" \/>\n<meta name=\"twitter:card\" content=\"summary_large_image\" \/>\n<meta name=\"twitter:image\" content=\"https:\/\/www.subaru.es\/blog\/wp-content\/uploads\/2018\/05\/portada_blog_nurburgring2.png\" \/>\n<meta name=\"twitter:label1\" content=\"Escrito por\" \/>\n\t<meta name=\"twitter:data1\" content=\"Subaru\" \/>\n\t<meta name=\"twitter:label2\" content=\"Tiempo de lectura\" \/>\n\t<meta name=\"twitter:data2\" content=\"2 minutos\" \/>\n<script type=\"application\/ld+json\" class=\"yoast-schema-graph\">{\"@context\":\"https:\\\/\\\/schema.org\",\"@graph\":[{\"@type\":\"Article\",\"@id\":\"https:\\\/\\\/www.subaru.es\\\/blog\\\/nuestra-marca\\\/subaru-gana-las-24h-nurburgring\\\/#article\",\"isPartOf\":{\"@id\":\"https:\\\/\\\/www.subaru.es\\\/blog\\\/nuestra-marca\\\/subaru-gana-las-24h-nurburgring\\\/\"},\"author\":{\"name\":\"Subaru\",\"@id\":\"https:\\\/\\\/www.subaru.es\\\/blog\\\/#\\\/schema\\\/person\\\/19a90b892230b8e0ec752704ddf4aa10\"},\"headline\":\"Subaru gana la categor\u00eda SP3T en las 24H de N\u00fcrburgring\",\"datePublished\":\"2018-05-14T10:52:56+00:00\",\"dateModified\":\"2020-08-06T09:50:50+00:00\",\"mainEntityOfPage\":{\"@id\":\"https:\\\/\\\/www.subaru.es\\\/blog\\\/nuestra-marca\\\/subaru-gana-las-24h-nurburgring\\\/\"},\"wordCount\":486,\"commentCount\":0,\"publisher\":{\"@id\":\"https:\\\/\\\/www.subaru.es\\\/blog\\\/#organization\"},\"image\":{\"@id\":\"https:\\\/\\\/www.subaru.es\\\/blog\\\/nuestra-marca\\\/subaru-gana-las-24h-nurburgring\\\/#primaryimage\"},\"thumbnailUrl\":\"https:\\\/\\\/www.subaru.es\\\/blog\\\/wp-content\\\/uploads\\\/2018\\\/05\\\/portada_blog_nurburgring2.png\",\"keywords\":[\"24h N\u00fcrburgring\",\"Competici\u00f3n\",\"Infierno Verde\",\"motor\",\"motor boxer\",\"Subaru WRX STI\",\"Traccion Total Simetrica\",\"wrx sti\"],\"articleSection\":[\"Nuestra marca\"],\"inLanguage\":\"es\",\"potentialAction\":[{\"@type\":\"CommentAction\",\"name\":\"Comment\",\"target\":[\"https:\\\/\\\/www.subaru.es\\\/blog\\\/nuestra-marca\\\/subaru-gana-las-24h-nurburgring\\\/#respond\"]}]},{\"@type\":\"WebPage\",\"@id\":\"https:\\\/\\\/www.subaru.es\\\/blog\\\/nuestra-marca\\\/subaru-gana-las-24h-nurburgring\\\/\",\"url\":\"https:\\\/\\\/www.subaru.es\\\/blog\\\/nuestra-marca\\\/subaru-gana-las-24h-nurburgring\\\/\",\"name\":\"Subaru gana la categor\u00eda SP3T en las 24H de N\u00fcrburgring - Universo Subaru\",\"isPartOf\":{\"@id\":\"https:\\\/\\\/www.subaru.es\\\/blog\\\/#website\"},\"primaryImageOfPage\":{\"@id\":\"https:\\\/\\\/www.subaru.es\\\/blog\\\/nuestra-marca\\\/subaru-gana-las-24h-nurburgring\\\/#primaryimage\"},\"image\":{\"@id\":\"https:\\\/\\\/www.subaru.es\\\/blog\\\/nuestra-marca\\\/subaru-gana-las-24h-nurburgring\\\/#primaryimage\"},\"thumbnailUrl\":\"https:\\\/\\\/www.subaru.es\\\/blog\\\/wp-content\\\/uploads\\\/2018\\\/05\\\/portada_blog_nurburgring2.png\",\"datePublished\":\"2018-05-14T10:52:56+00:00\",\"dateModified\":\"2020-08-06T09:50:50+00:00\",\"breadcrumb\":{\"@id\":\"https:\\\/\\\/www.subaru.es\\\/blog\\\/nuestra-marca\\\/subaru-gana-las-24h-nurburgring\\\/#breadcrumb\"},\"inLanguage\":\"es\",\"potentialAction\":[{\"@type\":\"ReadAction\",\"target\":[\"https:\\\/\\\/www.subaru.es\\\/blog\\\/nuestra-marca\\\/subaru-gana-las-24h-nurburgring\\\/\"]}]},{\"@type\":\"ImageObject\",\"inLanguage\":\"es\",\"@id\":\"https:\\\/\\\/www.subaru.es\\\/blog\\\/nuestra-marca\\\/subaru-gana-las-24h-nurburgring\\\/#primaryimage\",\"url\":\"https:\\\/\\\/www.subaru.es\\\/blog\\\/wp-content\\\/uploads\\\/2018\\\/05\\\/portada_blog_nurburgring2.png\",\"contentUrl\":\"https:\\\/\\\/www.subaru.es\\\/blog\\\/wp-content\\\/uploads\\\/2018\\\/05\\\/portada_blog_nurburgring2.png\",\"width\":1550,\"height\":520},{\"@type\":\"BreadcrumbList\",\"@id\":\"https:\\\/\\\/www.subaru.es\\\/blog\\\/nuestra-marca\\\/subaru-gana-las-24h-nurburgring\\\/#breadcrumb\",\"itemListElement\":[{\"@type\":\"ListItem\",\"position\":1,\"name\":\"Portada\",\"item\":\"https:\\\/\\\/www.subaru.es\\\/blog\\\/\"},{\"@type\":\"ListItem\",\"position\":2,\"name\":\"Subaru gana la categor\u00eda SP3T en las 24H de N\u00fcrburgring\"}]},{\"@type\":\"WebSite\",\"@id\":\"https:\\\/\\\/www.subaru.es\\\/blog\\\/#website\",\"url\":\"https:\\\/\\\/www.subaru.es\\\/blog\\\/\",\"name\":\"Universo Subaru\",\"description\":\"Descubre este apasionante espacio de Subaru donde vas a conocer todo sobre nuestros coches y las experiencias que vivimos con ellos. Si est\u00e1s preparado para dejarte seducir por la filosof\u00eda Subaru, qu\u00e9date con nosotros.\",\"publisher\":{\"@id\":\"https:\\\/\\\/www.subaru.es\\\/blog\\\/#organization\"},\"potentialAction\":[{\"@type\":\"SearchAction\",\"target\":{\"@type\":\"EntryPoint\",\"urlTemplate\":\"https:\\\/\\\/www.subaru.es\\\/blog\\\/?s={search_term_string}\"},\"query-input\":{\"@type\":\"PropertyValueSpecification\",\"valueRequired\":true,\"valueName\":\"search_term_string\"}}],\"inLanguage\":\"es\"},{\"@type\":\"Organization\",\"@id\":\"https:\\\/\\\/www.subaru.es\\\/blog\\\/#organization\",\"name\":\"Subaru Espa\u00f1a S.A.\",\"url\":\"https:\\\/\\\/www.subaru.es\\\/blog\\\/\",\"logo\":{\"@type\":\"ImageObject\",\"inLanguage\":\"es\",\"@id\":\"https:\\\/\\\/www.subaru.es\\\/blog\\\/#\\\/schema\\\/logo\\\/image\\\/\",\"url\":\"https:\\\/\\\/www.subaru.es\\\/blog\\\/wp-content\\\/uploads\\\/2016\\\/12\\\/Logo-Subaru-TypeV_C300-scaled.jpg\",\"contentUrl\":\"https:\\\/\\\/www.subaru.es\\\/blog\\\/wp-content\\\/uploads\\\/2016\\\/12\\\/Logo-Subaru-TypeV_C300-scaled.jpg\",\"width\":2560,\"height\":1864,\"caption\":\"Subaru Espa\u00f1a S.A.\"},\"image\":{\"@id\":\"https:\\\/\\\/www.subaru.es\\\/blog\\\/#\\\/schema\\\/logo\\\/image\\\/\"},\"sameAs\":[\"https:\\\/\\\/www.facebook.com\\\/subaruespana\",\"https:\\\/\\\/www.instagram.com\\\/subarues\\\/\",\"https:\\\/\\\/www.youtube.com\\\/user\\\/subaruespana\"]},{\"@type\":\"Person\",\"@id\":\"https:\\\/\\\/www.subaru.es\\\/blog\\\/#\\\/schema\\\/person\\\/19a90b892230b8e0ec752704ddf4aa10\",\"name\":\"Subaru\",\"url\":\"https:\\\/\\\/www.subaru.es\\\/blog\\\/author\\\/subaria\\\/\"}]}<\/script>\n<!-- \/ Yoast SEO plugin. -->","yoast_head_json":{"title":"Subaru gana la categor\u00eda SP3T en las 24H de N\u00fcrburgring - Universo Subaru","robots":{"index":"index","follow":"follow","max-snippet":"max-snippet:-1","max-image-preview":"max-image-preview:large","max-video-preview":"max-video-preview:-1"},"canonical":"https:\/\/www.subaru.es\/blog\/nuestra-marca\/subaru-gana-las-24h-nurburgring\/","og_locale":"es_ES","og_type":"article","og_title":"Subaru gana la categor\u00eda SP3T en las 24H de N\u00fcrburgring - Universo Subaru","og_description":"El \u201cSubaru WRX STI NBR Challenge 2018\u201d, un coche de carreras basado en el WRX STI de calle, desarrollado por su equipo de competici\u00f3n Subaru T\u00e9cnica Internacional, ha alcanzado una nueva victoria en la 46\u00aa edici\u00f3n de las 24 Horas de N\u00fcrburgring. Aunque el equipo arranc\u00f3 desde la primera posici\u00f3n en su categor\u00eda, los problemas [&hellip;]","og_url":"https:\/\/www.subaru.es\/blog\/nuestra-marca\/subaru-gana-las-24h-nurburgring\/","og_site_name":"Universo Subaru","article_publisher":"https:\/\/www.facebook.com\/subaruespana","article_published_time":"2018-05-14T10:52:56+00:00","article_modified_time":"2020-08-06T09:50:50+00:00","author":"Subaru","twitter_card":"summary_large_image","twitter_image":"https:\/\/www.subaru.es\/blog\/wp-content\/uploads\/2018\/05\/portada_blog_nurburgring2.png","twitter_misc":{"Escrito por":"Subaru","Tiempo de lectura":"2 minutos"},"schema":{"@context":"https:\/\/schema.org","@graph":[{"@type":"Article","@id":"https:\/\/www.subaru.es\/blog\/nuestra-marca\/subaru-gana-las-24h-nurburgring\/#article","isPartOf":{"@id":"https:\/\/www.subaru.es\/blog\/nuestra-marca\/subaru-gana-las-24h-nurburgring\/"},"author":{"name":"Subaru","@id":"https:\/\/www.subaru.es\/blog\/#\/schema\/person\/19a90b892230b8e0ec752704ddf4aa10"},"headline":"Subaru gana la categor\u00eda SP3T en las 24H de N\u00fcrburgring","datePublished":"2018-05-14T10:52:56+00:00","dateModified":"2020-08-06T09:50:50+00:00","mainEntityOfPage":{"@id":"https:\/\/www.subaru.es\/blog\/nuestra-marca\/subaru-gana-las-24h-nurburgring\/"},"wordCount":486,"commentCount":0,"publisher":{"@id":"https:\/\/www.subaru.es\/blog\/#organization"},"image":{"@id":"https:\/\/www.subaru.es\/blog\/nuestra-marca\/subaru-gana-las-24h-nurburgring\/#primaryimage"},"thumbnailUrl":"https:\/\/www.subaru.es\/blog\/wp-content\/uploads\/2018\/05\/portada_blog_nurburgring2.png","keywords":["24h N\u00fcrburgring","Competici\u00f3n","Infierno Verde","motor","motor boxer","Subaru WRX STI","Traccion Total Simetrica","wrx sti"],"articleSection":["Nuestra marca"],"inLanguage":"es","potentialAction":[{"@type":"CommentAction","name":"Comment","target":["https:\/\/www.subaru.es\/blog\/nuestra-marca\/subaru-gana-las-24h-nurburgring\/#respond"]}]},{"@type":"WebPage","@id":"https:\/\/www.subaru.es\/blog\/nuestra-marca\/subaru-gana-las-24h-nurburgring\/","url":"https:\/\/www.subaru.es\/blog\/nuestra-marca\/subaru-gana-las-24h-nurburgring\/","name":"Subaru gana la categor\u00eda SP3T en las 24H de N\u00fcrburgring - Universo Subaru","isPartOf":{"@id":"https:\/\/www.subaru.es\/blog\/#website"},"primaryImageOfPage":{"@id":"https:\/\/www.subaru.es\/blog\/nuestra-marca\/subaru-gana-las-24h-nurburgring\/#primaryimage"},"image":{"@id":"https:\/\/www.subaru.es\/blog\/nuestra-marca\/subaru-gana-las-24h-nurburgring\/#primaryimage"},"thumbnailUrl":"https:\/\/www.subaru.es\/blog\/wp-content\/uploads\/2018\/05\/portada_blog_nurburgring2.png","datePublished":"2018-05-14T10:52:56+00:00","dateModified":"2020-08-06T09:50:50+00:00","breadcrumb":{"@id":"https:\/\/www.subaru.es\/blog\/nuestra-marca\/subaru-gana-las-24h-nurburgring\/#breadcrumb"},"inLanguage":"es","potentialAction":[{"@type":"ReadAction","target":["https:\/\/www.subaru.es\/blog\/nuestra-marca\/subaru-gana-las-24h-nurburgring\/"]}]},{"@type":"ImageObject","inLanguage":"es","@id":"https:\/\/www.subaru.es\/blog\/nuestra-marca\/subaru-gana-las-24h-nurburgring\/#primaryimage","url":"https:\/\/www.subaru.es\/blog\/wp-content\/uploads\/2018\/05\/portada_blog_nurburgring2.png","contentUrl":"https:\/\/www.subaru.es\/blog\/wp-content\/uploads\/2018\/05\/portada_blog_nurburgring2.png","width":1550,"height":520},{"@type":"BreadcrumbList","@id":"https:\/\/www.subaru.es\/blog\/nuestra-marca\/subaru-gana-las-24h-nurburgring\/#breadcrumb","itemListElement":[{"@type":"ListItem","position":1,"name":"Portada","item":"https:\/\/www.subaru.es\/blog\/"},{"@type":"ListItem","position":2,"name":"Subaru gana la categor\u00eda SP3T en las 24H de N\u00fcrburgring"}]},{"@type":"WebSite","@id":"https:\/\/www.subaru.es\/blog\/#website","url":"https:\/\/www.subaru.es\/blog\/","name":"Universo Subaru","description":"Descubre este apasionante espacio de Subaru donde vas a conocer todo sobre nuestros coches y las experiencias que vivimos con ellos. Si est\u00e1s preparado para dejarte seducir por la filosof\u00eda Subaru, qu\u00e9date con nosotros.","publisher":{"@id":"https:\/\/www.subaru.es\/blog\/#organization"},"potentialAction":[{"@type":"SearchAction","target":{"@type":"EntryPoint","urlTemplate":"https:\/\/www.subaru.es\/blog\/?s={search_term_string}"},"query-input":{"@type":"PropertyValueSpecification","valueRequired":true,"valueName":"search_term_string"}}],"inLanguage":"es"},{"@type":"Organization","@id":"https:\/\/www.subaru.es\/blog\/#organization","name":"Subaru Espa\u00f1a S.A.","url":"https:\/\/www.subaru.es\/blog\/","logo":{"@type":"ImageObject","inLanguage":"es","@id":"https:\/\/www.subaru.es\/blog\/#\/schema\/logo\/image\/","url":"https:\/\/www.subaru.es\/blog\/wp-content\/uploads\/2016\/12\/Logo-Subaru-TypeV_C300-scaled.jpg","contentUrl":"https:\/\/www.subaru.es\/blog\/wp-content\/uploads\/2016\/12\/Logo-Subaru-TypeV_C300-scaled.jpg","width":2560,"height":1864,"caption":"Subaru Espa\u00f1a S.A."},"image":{"@id":"https:\/\/www.subaru.es\/blog\/#\/schema\/logo\/image\/"},"sameAs":["https:\/\/www.facebook.com\/subaruespana","https:\/\/www.instagram.com\/subarues\/","https:\/\/www.youtube.com\/user\/subaruespana"]},{"@type":"Person","@id":"https:\/\/www.subaru.es\/blog\/#\/schema\/person\/19a90b892230b8e0ec752704ddf4aa10","name":"Subaru","url":"https:\/\/www.subaru.es\/blog\/author\/subaria\/"}]}},"_links":{"self":[{"href":"https:\/\/www.subaru.es\/blog\/wp-json\/wp\/v2\/posts\/19028","targetHints":{"allow":["GET"]}}],"collection":[{"href":"https:\/\/www.subaru.es\/blog\/wp-json\/wp\/v2\/posts"}],"about":[{"href":"https:\/\/www.subaru.es\/blog\/wp-json\/wp\/v2\/types\/post"}],"author":[{"embeddable":true,"href":"https:\/\/www.subaru.es\/blog\/wp-json\/wp\/v2\/users\/21"}],"replies":[{"embeddable":true,"href":"https:\/\/www.subaru.es\/blog\/wp-json\/wp\/v2\/comments?post=19028"}],"version-history":[{"count":9,"href":"https:\/\/www.subaru.es\/blog\/wp-json\/wp\/v2\/posts\/19028\/revisions"}],"predecessor-version":[{"id":22076,"href":"https:\/\/www.subaru.es\/blog\/wp-json\/wp\/v2\/posts\/19028\/revisions\/22076"}],"wp:featuredmedia":[{"embeddable":true,"href":"https:\/\/www.subaru.es\/blog\/wp-json\/wp\/v2\/media\/19040"}],"wp:attachment":[{"href":"https:\/\/www.subaru.es\/blog\/wp-json\/wp\/v2\/media?parent=19028"}],"wp:term":[{"taxonomy":"category","embeddable":true,"href":"https:\/\/www.subaru.es\/blog\/wp-json\/wp\/v2\/categories?post=19028"},{"taxonomy":"post_tag","embeddable":true,"href":"https:\/\/www.subaru.es\/blog\/wp-json\/wp\/v2\/tags?post=19028"}],"curies":[{"name":"wp","href":"https:\/\/api.w.org\/{rel}","templated":true}]}}