{"id":1900,"date":"2009-03-05T16:12:53","date_gmt":"2009-03-05T14:12:53","guid":{"rendered":"http:\/\/subaru.preproduccion.com\/blog\/wp-content\/2009\/03\/05\/nueva-web-de-coches-de-direccion-de-subaru\/"},"modified":"2020-08-12T13:14:47","modified_gmt":"2020-08-12T11:14:47","slug":"nueva-web-de-coches-de-direccion-de-subaru","status":"publish","type":"post","link":"https:\/\/www.subaru.es\/blog\/nuestra-marca\/nueva-web-de-coches-de-direccion-de-subaru\/","title":{"rendered":"Nueva web de coches de direcci\u00f3n de Subaru"},"content":{"rendered":"<p><a href=\"https:\/\/www.subaru.es\/blog\/wp-content\/uploads\/2009\/02\/ik2zfwsgrhjd.jpg\" title=\"Pantallazo de la web\"><img decoding=\"async\" data-src=\"https:\/\/www.subaru.es\/blog\/wp-content\/uploads\/2009\/02\/ik2zfwsgrhjd.jpg\" alt=\"Pantallazo de la web\" src=\"data:image\/svg+xml;base64,PHN2ZyB3aWR0aD0iMSIgaGVpZ2h0PSIxIiB4bWxucz0iaHR0cDovL3d3dy53My5vcmcvMjAwMC9zdmciPjwvc3ZnPg==\" class=\"lazyload\" style=\"--smush-placeholder-width: 384px; --smush-placeholder-aspect-ratio: 384\/231;\"><\/a><br \/>\nLa p\u00e1gina online, cuyo nombre no pod\u00eda ser otro que <a href=\"http:\/\/www.subaru.es-es.r66.co.uk\/Results.aspx?SearchType=National&amp;SearchSubType=Cars_Of_The_Day&amp;Approved=False&amp;Country_Id=30&amp;Language_Id=12&amp;Manufacturers=27739&amp;Sort_Order=ASC&amp;Sort_Column=Title\"><strong>Subaru Constelaci\u00f3n<\/strong><\/a>, contiene todos los coches de las flotas de <strong>Subaru Espa\u00f1a<\/strong>.<\/p>\n<p>As\u00ed, dentro de la web de la <strong>delegaci\u00f3n espa\u00f1ola de Subaru <\/strong>se encuentra el enlace a esta nueva p\u00e1gina de coches de direcci\u00f3n de la flota de la importadora en nuestro pa\u00eds.<\/p>\n<p>Este nuevo apartado de <a href=\"www.subaru.es \">www.subaru.es <\/a>comienza a abastecerse de los coches <strong>de la flota de Subaru Espa\u00f1a<\/strong>, aunque poco a poco incluir\u00e1 <strong>veh\u00edculos de los concesionarios de la red<\/strong>. El <strong>objetivo <\/strong>es <strong>fortalecer la estrategia del veh\u00edculo de ocasi\u00f3n<\/strong> de la marca en <strong>Espa\u00f1a <\/strong>y en sus concesionarios.<\/p>\n","protected":false},"excerpt":{"rendered":"<p>La p\u00e1gina online, cuyo nombre no pod\u00eda ser otro que Subaru Constelaci\u00f3n, contiene todos los coches de las flotas de Subaru Espa\u00f1a. As\u00ed, dentro de la web de la delegaci\u00f3n espa\u00f1ola de Subaru se encuentra el enlace a esta nueva p\u00e1gina de coches de direcci\u00f3n de la flota de la importadora en nuestro pa\u00eds. Este [&hellip;]<\/p>\n","protected":false},"author":21,"featured_media":1918,"comment_status":"open","ping_status":"open","sticky":false,"template":"","format":"standard","meta":{"_acf_changed":false,"_eb_attr":"","inline_featured_image":false,"footnotes":""},"categories":[4401],"tags":[40,4395,808,2000,51,2002,1999,4390,2001],"class_list":["post-1900","post","type-post","status-publish","format-standard","has-post-thumbnail","hentry","category-nuestra-marca","tag-coches","tag-concesionarios","tag-constelacion","tag-delegacion-espanola","tag-espana","tag-estrategia","tag-flotas","tag-subaru","tag-vehiculo-de-ocasion"],"acf":[],"yoast_head":"<!-- This site is optimized with the Yoast SEO plugin v27.3 - https:\/\/yoast.com\/product\/yoast-seo-wordpress\/ -->\n<title>Nueva web de coches de direcci\u00f3n de Subaru - Universo Subaru<\/title>\n<meta name=\"robots\" content=\"index, follow, max-snippet:-1, max-image-preview:large, max-video-preview:-1\" \/>\n<link rel=\"canonical\" href=\"https:\/\/www.subaru.es\/blog\/nuestra-marca\/nueva-web-de-coches-de-direccion-de-subaru\/\" \/>\n<meta property=\"og:locale\" content=\"es_ES\" \/>\n<meta property=\"og:type\" content=\"article\" \/>\n<meta property=\"og:title\" content=\"Nueva web de coches de direcci\u00f3n de Subaru - Universo Subaru\" \/>\n<meta property=\"og:description\" content=\"La p\u00e1gina online, cuyo nombre no pod\u00eda ser otro que Subaru Constelaci\u00f3n, contiene todos los coches de las flotas de Subaru Espa\u00f1a. As\u00ed, dentro de la web de la delegaci\u00f3n espa\u00f1ola de Subaru se encuentra el enlace a esta nueva p\u00e1gina de coches de direcci\u00f3n de la flota de la importadora en nuestro pa\u00eds. Este [&hellip;]\" \/>\n<meta property=\"og:url\" content=\"https:\/\/www.subaru.es\/blog\/nuestra-marca\/nueva-web-de-coches-de-direccion-de-subaru\/\" \/>\n<meta property=\"og:site_name\" content=\"Universo Subaru\" \/>\n<meta property=\"article:publisher\" content=\"https:\/\/www.facebook.com\/subaruespana\" \/>\n<meta property=\"article:published_time\" content=\"2009-03-05T14:12:53+00:00\" \/>\n<meta property=\"article:modified_time\" content=\"2020-08-12T11:14:47+00:00\" \/>\n<meta property=\"og:image\" content=\"https:\/\/www.subaru.es\/blog\/wp-content\/uploads\/2009\/02\/ik2zfwsgrhjd.jpg\" \/>\n\t<meta property=\"og:image:width\" content=\"384\" \/>\n\t<meta property=\"og:image:height\" content=\"231\" \/>\n\t<meta property=\"og:image:type\" content=\"image\/jpeg\" \/>\n<meta name=\"author\" content=\"Subaru\" \/>\n<meta name=\"twitter:card\" content=\"summary_large_image\" \/>\n<meta name=\"twitter:label1\" content=\"Escrito por\" \/>\n\t<meta name=\"twitter:data1\" content=\"Subaru\" \/>\n\t<meta name=\"twitter:label2\" content=\"Tiempo de lectura\" \/>\n\t<meta name=\"twitter:data2\" content=\"1 minuto\" \/>\n<script type=\"application\/ld+json\" class=\"yoast-schema-graph\">{\"@context\":\"https:\\\/\\\/schema.org\",\"@graph\":[{\"@type\":\"Article\",\"@id\":\"https:\\\/\\\/www.subaru.es\\\/blog\\\/nuestra-marca\\\/nueva-web-de-coches-de-direccion-de-subaru\\\/#article\",\"isPartOf\":{\"@id\":\"https:\\\/\\\/www.subaru.es\\\/blog\\\/nuestra-marca\\\/nueva-web-de-coches-de-direccion-de-subaru\\\/\"},\"author\":{\"name\":\"Subaru\",\"@id\":\"https:\\\/\\\/www.subaru.es\\\/blog\\\/#\\\/schema\\\/person\\\/19a90b892230b8e0ec752704ddf4aa10\"},\"headline\":\"Nueva web de coches de direcci\u00f3n de Subaru\",\"datePublished\":\"2009-03-05T14:12:53+00:00\",\"dateModified\":\"2020-08-12T11:14:47+00:00\",\"mainEntityOfPage\":{\"@id\":\"https:\\\/\\\/www.subaru.es\\\/blog\\\/nuestra-marca\\\/nueva-web-de-coches-de-direccion-de-subaru\\\/\"},\"wordCount\":127,\"commentCount\":0,\"publisher\":{\"@id\":\"https:\\\/\\\/www.subaru.es\\\/blog\\\/#organization\"},\"image\":{\"@id\":\"https:\\\/\\\/www.subaru.es\\\/blog\\\/nuestra-marca\\\/nueva-web-de-coches-de-direccion-de-subaru\\\/#primaryimage\"},\"thumbnailUrl\":\"https:\\\/\\\/www.subaru.es\\\/blog\\\/wp-content\\\/uploads\\\/2009\\\/02\\\/ik2zfwsgrhjd.jpg\",\"keywords\":[\"coches\",\"concesionarios\",\"constelaci\u00f3n\",\"delegaci\u00f3n espa\u00f1ola\",\"espa\u00f1a\",\"estrategia\",\"flotas\",\"Subaru\",\"veh\u00edculo de ocasi\u00f3n\"],\"articleSection\":[\"Nuestra marca\"],\"inLanguage\":\"es\",\"potentialAction\":[{\"@type\":\"CommentAction\",\"name\":\"Comment\",\"target\":[\"https:\\\/\\\/www.subaru.es\\\/blog\\\/nuestra-marca\\\/nueva-web-de-coches-de-direccion-de-subaru\\\/#respond\"]}]},{\"@type\":\"WebPage\",\"@id\":\"https:\\\/\\\/www.subaru.es\\\/blog\\\/nuestra-marca\\\/nueva-web-de-coches-de-direccion-de-subaru\\\/\",\"url\":\"https:\\\/\\\/www.subaru.es\\\/blog\\\/nuestra-marca\\\/nueva-web-de-coches-de-direccion-de-subaru\\\/\",\"name\":\"Nueva web de coches de direcci\u00f3n de Subaru - Universo Subaru\",\"isPartOf\":{\"@id\":\"https:\\\/\\\/www.subaru.es\\\/blog\\\/#website\"},\"primaryImageOfPage\":{\"@id\":\"https:\\\/\\\/www.subaru.es\\\/blog\\\/nuestra-marca\\\/nueva-web-de-coches-de-direccion-de-subaru\\\/#primaryimage\"},\"image\":{\"@id\":\"https:\\\/\\\/www.subaru.es\\\/blog\\\/nuestra-marca\\\/nueva-web-de-coches-de-direccion-de-subaru\\\/#primaryimage\"},\"thumbnailUrl\":\"https:\\\/\\\/www.subaru.es\\\/blog\\\/wp-content\\\/uploads\\\/2009\\\/02\\\/ik2zfwsgrhjd.jpg\",\"datePublished\":\"2009-03-05T14:12:53+00:00\",\"dateModified\":\"2020-08-12T11:14:47+00:00\",\"breadcrumb\":{\"@id\":\"https:\\\/\\\/www.subaru.es\\\/blog\\\/nuestra-marca\\\/nueva-web-de-coches-de-direccion-de-subaru\\\/#breadcrumb\"},\"inLanguage\":\"es\",\"potentialAction\":[{\"@type\":\"ReadAction\",\"target\":[\"https:\\\/\\\/www.subaru.es\\\/blog\\\/nuestra-marca\\\/nueva-web-de-coches-de-direccion-de-subaru\\\/\"]}]},{\"@type\":\"ImageObject\",\"inLanguage\":\"es\",\"@id\":\"https:\\\/\\\/www.subaru.es\\\/blog\\\/nuestra-marca\\\/nueva-web-de-coches-de-direccion-de-subaru\\\/#primaryimage\",\"url\":\"https:\\\/\\\/www.subaru.es\\\/blog\\\/wp-content\\\/uploads\\\/2009\\\/02\\\/ik2zfwsgrhjd.jpg\",\"contentUrl\":\"https:\\\/\\\/www.subaru.es\\\/blog\\\/wp-content\\\/uploads\\\/2009\\\/02\\\/ik2zfwsgrhjd.jpg\",\"width\":384,\"height\":231},{\"@type\":\"BreadcrumbList\",\"@id\":\"https:\\\/\\\/www.subaru.es\\\/blog\\\/nuestra-marca\\\/nueva-web-de-coches-de-direccion-de-subaru\\\/#breadcrumb\",\"itemListElement\":[{\"@type\":\"ListItem\",\"position\":1,\"name\":\"Portada\",\"item\":\"https:\\\/\\\/www.subaru.es\\\/blog\\\/\"},{\"@type\":\"ListItem\",\"position\":2,\"name\":\"Nueva web de coches de direcci\u00f3n de Subaru\"}]},{\"@type\":\"WebSite\",\"@id\":\"https:\\\/\\\/www.subaru.es\\\/blog\\\/#website\",\"url\":\"https:\\\/\\\/www.subaru.es\\\/blog\\\/\",\"name\":\"Universo Subaru\",\"description\":\"Descubre este apasionante espacio de Subaru donde vas a conocer todo sobre nuestros coches y las experiencias que vivimos con ellos. Si est\u00e1s preparado para dejarte seducir por la filosof\u00eda Subaru, qu\u00e9date con nosotros.\",\"publisher\":{\"@id\":\"https:\\\/\\\/www.subaru.es\\\/blog\\\/#organization\"},\"potentialAction\":[{\"@type\":\"SearchAction\",\"target\":{\"@type\":\"EntryPoint\",\"urlTemplate\":\"https:\\\/\\\/www.subaru.es\\\/blog\\\/?s={search_term_string}\"},\"query-input\":{\"@type\":\"PropertyValueSpecification\",\"valueRequired\":true,\"valueName\":\"search_term_string\"}}],\"inLanguage\":\"es\"},{\"@type\":\"Organization\",\"@id\":\"https:\\\/\\\/www.subaru.es\\\/blog\\\/#organization\",\"name\":\"Subaru Espa\u00f1a S.A.\",\"url\":\"https:\\\/\\\/www.subaru.es\\\/blog\\\/\",\"logo\":{\"@type\":\"ImageObject\",\"inLanguage\":\"es\",\"@id\":\"https:\\\/\\\/www.subaru.es\\\/blog\\\/#\\\/schema\\\/logo\\\/image\\\/\",\"url\":\"https:\\\/\\\/www.subaru.es\\\/blog\\\/wp-content\\\/uploads\\\/2016\\\/12\\\/Logo-Subaru-TypeV_C300-scaled.jpg\",\"contentUrl\":\"https:\\\/\\\/www.subaru.es\\\/blog\\\/wp-content\\\/uploads\\\/2016\\\/12\\\/Logo-Subaru-TypeV_C300-scaled.jpg\",\"width\":2560,\"height\":1864,\"caption\":\"Subaru Espa\u00f1a S.A.\"},\"image\":{\"@id\":\"https:\\\/\\\/www.subaru.es\\\/blog\\\/#\\\/schema\\\/logo\\\/image\\\/\"},\"sameAs\":[\"https:\\\/\\\/www.facebook.com\\\/subaruespana\",\"https:\\\/\\\/www.instagram.com\\\/subarues\\\/\",\"https:\\\/\\\/www.youtube.com\\\/user\\\/subaruespana\"]},{\"@type\":\"Person\",\"@id\":\"https:\\\/\\\/www.subaru.es\\\/blog\\\/#\\\/schema\\\/person\\\/19a90b892230b8e0ec752704ddf4aa10\",\"name\":\"Subaru\",\"url\":\"https:\\\/\\\/www.subaru.es\\\/blog\\\/author\\\/subaria\\\/\"}]}<\/script>\n<!-- \/ Yoast SEO plugin. -->","yoast_head_json":{"title":"Nueva web de coches de direcci\u00f3n de Subaru - Universo Subaru","robots":{"index":"index","follow":"follow","max-snippet":"max-snippet:-1","max-image-preview":"max-image-preview:large","max-video-preview":"max-video-preview:-1"},"canonical":"https:\/\/www.subaru.es\/blog\/nuestra-marca\/nueva-web-de-coches-de-direccion-de-subaru\/","og_locale":"es_ES","og_type":"article","og_title":"Nueva web de coches de direcci\u00f3n de Subaru - Universo Subaru","og_description":"La p\u00e1gina online, cuyo nombre no pod\u00eda ser otro que Subaru Constelaci\u00f3n, contiene todos los coches de las flotas de Subaru Espa\u00f1a. As\u00ed, dentro de la web de la delegaci\u00f3n espa\u00f1ola de Subaru se encuentra el enlace a esta nueva p\u00e1gina de coches de direcci\u00f3n de la flota de la importadora en nuestro pa\u00eds. Este [&hellip;]","og_url":"https:\/\/www.subaru.es\/blog\/nuestra-marca\/nueva-web-de-coches-de-direccion-de-subaru\/","og_site_name":"Universo Subaru","article_publisher":"https:\/\/www.facebook.com\/subaruespana","article_published_time":"2009-03-05T14:12:53+00:00","article_modified_time":"2020-08-12T11:14:47+00:00","og_image":[{"width":384,"height":231,"url":"https:\/\/www.subaru.es\/blog\/wp-content\/uploads\/2009\/02\/ik2zfwsgrhjd.jpg","type":"image\/jpeg"}],"author":"Subaru","twitter_card":"summary_large_image","twitter_misc":{"Escrito por":"Subaru","Tiempo de lectura":"1 minuto"},"schema":{"@context":"https:\/\/schema.org","@graph":[{"@type":"Article","@id":"https:\/\/www.subaru.es\/blog\/nuestra-marca\/nueva-web-de-coches-de-direccion-de-subaru\/#article","isPartOf":{"@id":"https:\/\/www.subaru.es\/blog\/nuestra-marca\/nueva-web-de-coches-de-direccion-de-subaru\/"},"author":{"name":"Subaru","@id":"https:\/\/www.subaru.es\/blog\/#\/schema\/person\/19a90b892230b8e0ec752704ddf4aa10"},"headline":"Nueva web de coches de direcci\u00f3n de Subaru","datePublished":"2009-03-05T14:12:53+00:00","dateModified":"2020-08-12T11:14:47+00:00","mainEntityOfPage":{"@id":"https:\/\/www.subaru.es\/blog\/nuestra-marca\/nueva-web-de-coches-de-direccion-de-subaru\/"},"wordCount":127,"commentCount":0,"publisher":{"@id":"https:\/\/www.subaru.es\/blog\/#organization"},"image":{"@id":"https:\/\/www.subaru.es\/blog\/nuestra-marca\/nueva-web-de-coches-de-direccion-de-subaru\/#primaryimage"},"thumbnailUrl":"https:\/\/www.subaru.es\/blog\/wp-content\/uploads\/2009\/02\/ik2zfwsgrhjd.jpg","keywords":["coches","concesionarios","constelaci\u00f3n","delegaci\u00f3n espa\u00f1ola","espa\u00f1a","estrategia","flotas","Subaru","veh\u00edculo de ocasi\u00f3n"],"articleSection":["Nuestra marca"],"inLanguage":"es","potentialAction":[{"@type":"CommentAction","name":"Comment","target":["https:\/\/www.subaru.es\/blog\/nuestra-marca\/nueva-web-de-coches-de-direccion-de-subaru\/#respond"]}]},{"@type":"WebPage","@id":"https:\/\/www.subaru.es\/blog\/nuestra-marca\/nueva-web-de-coches-de-direccion-de-subaru\/","url":"https:\/\/www.subaru.es\/blog\/nuestra-marca\/nueva-web-de-coches-de-direccion-de-subaru\/","name":"Nueva web de coches de direcci\u00f3n de Subaru - Universo Subaru","isPartOf":{"@id":"https:\/\/www.subaru.es\/blog\/#website"},"primaryImageOfPage":{"@id":"https:\/\/www.subaru.es\/blog\/nuestra-marca\/nueva-web-de-coches-de-direccion-de-subaru\/#primaryimage"},"image":{"@id":"https:\/\/www.subaru.es\/blog\/nuestra-marca\/nueva-web-de-coches-de-direccion-de-subaru\/#primaryimage"},"thumbnailUrl":"https:\/\/www.subaru.es\/blog\/wp-content\/uploads\/2009\/02\/ik2zfwsgrhjd.jpg","datePublished":"2009-03-05T14:12:53+00:00","dateModified":"2020-08-12T11:14:47+00:00","breadcrumb":{"@id":"https:\/\/www.subaru.es\/blog\/nuestra-marca\/nueva-web-de-coches-de-direccion-de-subaru\/#breadcrumb"},"inLanguage":"es","potentialAction":[{"@type":"ReadAction","target":["https:\/\/www.subaru.es\/blog\/nuestra-marca\/nueva-web-de-coches-de-direccion-de-subaru\/"]}]},{"@type":"ImageObject","inLanguage":"es","@id":"https:\/\/www.subaru.es\/blog\/nuestra-marca\/nueva-web-de-coches-de-direccion-de-subaru\/#primaryimage","url":"https:\/\/www.subaru.es\/blog\/wp-content\/uploads\/2009\/02\/ik2zfwsgrhjd.jpg","contentUrl":"https:\/\/www.subaru.es\/blog\/wp-content\/uploads\/2009\/02\/ik2zfwsgrhjd.jpg","width":384,"height":231},{"@type":"BreadcrumbList","@id":"https:\/\/www.subaru.es\/blog\/nuestra-marca\/nueva-web-de-coches-de-direccion-de-subaru\/#breadcrumb","itemListElement":[{"@type":"ListItem","position":1,"name":"Portada","item":"https:\/\/www.subaru.es\/blog\/"},{"@type":"ListItem","position":2,"name":"Nueva web de coches de direcci\u00f3n de Subaru"}]},{"@type":"WebSite","@id":"https:\/\/www.subaru.es\/blog\/#website","url":"https:\/\/www.subaru.es\/blog\/","name":"Universo Subaru","description":"Descubre este apasionante espacio de Subaru donde vas a conocer todo sobre nuestros coches y las experiencias que vivimos con ellos. Si est\u00e1s preparado para dejarte seducir por la filosof\u00eda Subaru, qu\u00e9date con nosotros.","publisher":{"@id":"https:\/\/www.subaru.es\/blog\/#organization"},"potentialAction":[{"@type":"SearchAction","target":{"@type":"EntryPoint","urlTemplate":"https:\/\/www.subaru.es\/blog\/?s={search_term_string}"},"query-input":{"@type":"PropertyValueSpecification","valueRequired":true,"valueName":"search_term_string"}}],"inLanguage":"es"},{"@type":"Organization","@id":"https:\/\/www.subaru.es\/blog\/#organization","name":"Subaru Espa\u00f1a S.A.","url":"https:\/\/www.subaru.es\/blog\/","logo":{"@type":"ImageObject","inLanguage":"es","@id":"https:\/\/www.subaru.es\/blog\/#\/schema\/logo\/image\/","url":"https:\/\/www.subaru.es\/blog\/wp-content\/uploads\/2016\/12\/Logo-Subaru-TypeV_C300-scaled.jpg","contentUrl":"https:\/\/www.subaru.es\/blog\/wp-content\/uploads\/2016\/12\/Logo-Subaru-TypeV_C300-scaled.jpg","width":2560,"height":1864,"caption":"Subaru Espa\u00f1a S.A."},"image":{"@id":"https:\/\/www.subaru.es\/blog\/#\/schema\/logo\/image\/"},"sameAs":["https:\/\/www.facebook.com\/subaruespana","https:\/\/www.instagram.com\/subarues\/","https:\/\/www.youtube.com\/user\/subaruespana"]},{"@type":"Person","@id":"https:\/\/www.subaru.es\/blog\/#\/schema\/person\/19a90b892230b8e0ec752704ddf4aa10","name":"Subaru","url":"https:\/\/www.subaru.es\/blog\/author\/subaria\/"}]}},"_links":{"self":[{"href":"https:\/\/www.subaru.es\/blog\/wp-json\/wp\/v2\/posts\/1900","targetHints":{"allow":["GET"]}}],"collection":[{"href":"https:\/\/www.subaru.es\/blog\/wp-json\/wp\/v2\/posts"}],"about":[{"href":"https:\/\/www.subaru.es\/blog\/wp-json\/wp\/v2\/types\/post"}],"author":[{"embeddable":true,"href":"https:\/\/www.subaru.es\/blog\/wp-json\/wp\/v2\/users\/21"}],"replies":[{"embeddable":true,"href":"https:\/\/www.subaru.es\/blog\/wp-json\/wp\/v2\/comments?post=1900"}],"version-history":[{"count":2,"href":"https:\/\/www.subaru.es\/blog\/wp-json\/wp\/v2\/posts\/1900\/revisions"}],"predecessor-version":[{"id":22310,"href":"https:\/\/www.subaru.es\/blog\/wp-json\/wp\/v2\/posts\/1900\/revisions\/22310"}],"wp:featuredmedia":[{"embeddable":true,"href":"https:\/\/www.subaru.es\/blog\/wp-json\/wp\/v2\/media\/1918"}],"wp:attachment":[{"href":"https:\/\/www.subaru.es\/blog\/wp-json\/wp\/v2\/media?parent=1900"}],"wp:term":[{"taxonomy":"category","embeddable":true,"href":"https:\/\/www.subaru.es\/blog\/wp-json\/wp\/v2\/categories?post=1900"},{"taxonomy":"post_tag","embeddable":true,"href":"https:\/\/www.subaru.es\/blog\/wp-json\/wp\/v2\/tags?post=1900"}],"curies":[{"name":"wp","href":"https:\/\/api.w.org\/{rel}","templated":true}]}}