{"id":190,"date":"2007-10-03T10:08:23","date_gmt":"2007-10-03T08:08:23","guid":{"rendered":"http:\/\/subaru.preproduccion.com\/blog\/wp-content\/2007\/10\/03\/subaru-con-el-deporte-espanol\/"},"modified":"2016-10-17T15:09:28","modified_gmt":"2016-10-17T13:09:28","slug":"subaru-con-el-deporte-espanol","status":"publish","type":"post","link":"https:\/\/www.subaru.es\/blog\/nuestra-marca\/subaru-con-el-deporte-espanol\/","title":{"rendered":"Subaru con el deporte espa\u00f1ol"},"content":{"rendered":"<p>Hace ya un a\u00f1o que <strong>el deporte espa\u00f1ol, el deporte ol\u00edmpico, recibe el apoyo de Subaru<\/strong>, una relaci\u00f3n satisfactoria que realza la imagen de Subaru entre la sociedad espa\u00f1ola y que a los deportistas espa\u00f1oles les posibilita unos veh\u00edculos de primer nivel cuando est\u00e1n compitiendo.<\/p>\n<p>El <a href=\"http:\/\/www.sportsciences.com\/noticias\/index.php?news=6248\">acuerdo<\/a> se alcanz\u00f3 en septiembre de 2006, entre Subaru Espa\u00f1a, a trav\u00e9s de su Presidente, <strong>C\u00e9sar Niembro<\/strong> y el directivo del C.O.E., (Comit\u00e9 Ol\u00edmpico Espa\u00f1ol)  <strong>Alejandro Blanco<\/strong>.<\/p>\n<p>Mediante este <a href=\"http:\/\/www.coe.es\/web\/Noticias.nsf\/VListaNoticiasHisCOE\/A1718C3B86AEE64CC12571E3002EC044?opendocument&#038;Query=NOTICIAS*1*-3(2006)9\">acuerdo<\/a> Subaru se convert\u00eda as\u00ed en el <strong>coche oficial del C.O.E<\/strong>, durante los dos pr\u00f3ximos a\u00f1os.<\/p>\n<p><img data-src='https:\/\/www.subaru.es\/blog\/wp-content\/uploads\/2007\/10\/tribeca.jpg' alt='tribeca' src='data:image\/svg+xml;base64,PHN2ZyB3aWR0aD0iMSIgaGVpZ2h0PSIxIiB4bWxucz0iaHR0cDovL3d3dy53My5vcmcvMjAwMC9zdmciPjwvc3ZnPg==' class='lazyload' style='--smush-placeholder-width: 450px; --smush-placeholder-aspect-ratio: 450\/299;' \/><br \/>\n<center><strong>Los mejores veh\u00edculos de Subaru a disposici\u00f3n de los deportistas olimpicos espa\u00f1oles<\/strong><\/center> <\/p>\n<p>El acuerdo consiste en que <strong>Subaru dotar\u00e1 al C.O.E. de veh\u00edculos oficiales de la marca<\/strong>. Por deseo del COE, este acuerdo alcanza tambi\u00e9n a las Federaciones Deportivas Espa\u00f1olas, que podr\u00e1n contar con coches oficiales de la marca en aquellos campeonatos de repercusi\u00f3n nacional. <\/p>\n<p>Por su parte, el Comit\u00e9 Ol\u00edmpico Espa\u00f1ol otorga a Subaru la condici\u00f3n de \u00abProveedor Oficial de veh\u00edculos del Comit\u00e9 Ol\u00edmpico Espa\u00f1ol\u00bb y se compromete a difundir esta colaboraci\u00f3n en cuantas acciones publicitarias e institucionales emprenda la marca automovil\u00edstica.<\/p>\n<p>Subaru se reserva el derecho a incluir publicidad est\u00e1tica de su marca en aquellos eventos deportivos e institucionales en los que hubiese prestado sus veh\u00edculos. <\/p>\n","protected":false},"excerpt":{"rendered":"<p>Hace ya un a\u00f1o que el deporte espa\u00f1ol, el deporte ol\u00edmpico, recibe el apoyo de Subaru, una relaci\u00f3n satisfactoria que realza la imagen de Subaru entre la sociedad espa\u00f1ola y que a los deportistas espa\u00f1oles les posibilita unos veh\u00edculos de primer nivel cuando est\u00e1n compitiendo. El acuerdo se alcanz\u00f3 en septiembre de 2006, entre Subaru [&hellip;]<\/p>\n","protected":false},"author":21,"featured_media":191,"comment_status":"open","ping_status":"open","sticky":false,"template":"","format":"standard","meta":{"_acf_changed":false,"_eb_attr":"","inline_featured_image":false,"footnotes":""},"categories":[4401],"tags":[],"class_list":["post-190","post","type-post","status-publish","format-standard","has-post-thumbnail","hentry","category-nuestra-marca"],"acf":[],"yoast_head":"<!-- This site is optimized with the Yoast SEO plugin v27.3 - https:\/\/yoast.com\/product\/yoast-seo-wordpress\/ -->\n<title>Subaru con el deporte espa\u00f1ol - Universo Subaru<\/title>\n<meta name=\"robots\" content=\"index, follow, max-snippet:-1, max-image-preview:large, max-video-preview:-1\" \/>\n<link rel=\"canonical\" href=\"https:\/\/www.subaru.es\/blog\/nuestra-marca\/subaru-con-el-deporte-espanol\/\" \/>\n<meta property=\"og:locale\" content=\"es_ES\" \/>\n<meta property=\"og:type\" content=\"article\" \/>\n<meta property=\"og:title\" content=\"Subaru con el deporte espa\u00f1ol - Universo Subaru\" \/>\n<meta property=\"og:description\" content=\"Hace ya un a\u00f1o que el deporte espa\u00f1ol, el deporte ol\u00edmpico, recibe el apoyo de Subaru, una relaci\u00f3n satisfactoria que realza la imagen de Subaru entre la sociedad espa\u00f1ola y que a los deportistas espa\u00f1oles les posibilita unos veh\u00edculos de primer nivel cuando est\u00e1n compitiendo. El acuerdo se alcanz\u00f3 en septiembre de 2006, entre Subaru [&hellip;]\" \/>\n<meta property=\"og:url\" content=\"https:\/\/www.subaru.es\/blog\/nuestra-marca\/subaru-con-el-deporte-espanol\/\" \/>\n<meta property=\"og:site_name\" content=\"Universo Subaru\" \/>\n<meta property=\"article:publisher\" content=\"https:\/\/www.facebook.com\/subaruespana\" \/>\n<meta property=\"article:published_time\" content=\"2007-10-03T08:08:23+00:00\" \/>\n<meta property=\"article:modified_time\" content=\"2016-10-17T13:09:28+00:00\" \/>\n<meta property=\"og:image\" content=\"https:\/\/www.subaru.es\/blog\/wp-content\/uploads\/2007\/09\/subaruparadeporte.jpg\" \/>\n\t<meta property=\"og:image:width\" content=\"350\" \/>\n\t<meta property=\"og:image:height\" content=\"266\" \/>\n\t<meta property=\"og:image:type\" content=\"image\/jpeg\" \/>\n<meta name=\"author\" content=\"Subaru\" \/>\n<meta name=\"twitter:card\" content=\"summary_large_image\" \/>\n<meta name=\"twitter:label1\" content=\"Escrito por\" \/>\n\t<meta name=\"twitter:data1\" content=\"Subaru\" \/>\n\t<meta name=\"twitter:label2\" content=\"Tiempo de lectura\" \/>\n\t<meta name=\"twitter:data2\" content=\"1 minuto\" \/>\n<script type=\"application\/ld+json\" class=\"yoast-schema-graph\">{\"@context\":\"https:\\\/\\\/schema.org\",\"@graph\":[{\"@type\":\"Article\",\"@id\":\"https:\\\/\\\/www.subaru.es\\\/blog\\\/nuestra-marca\\\/subaru-con-el-deporte-espanol\\\/#article\",\"isPartOf\":{\"@id\":\"https:\\\/\\\/www.subaru.es\\\/blog\\\/nuestra-marca\\\/subaru-con-el-deporte-espanol\\\/\"},\"author\":{\"name\":\"Subaru\",\"@id\":\"https:\\\/\\\/www.subaru.es\\\/blog\\\/#\\\/schema\\\/person\\\/19a90b892230b8e0ec752704ddf4aa10\"},\"headline\":\"Subaru con el deporte espa\u00f1ol\",\"datePublished\":\"2007-10-03T08:08:23+00:00\",\"dateModified\":\"2016-10-17T13:09:28+00:00\",\"mainEntityOfPage\":{\"@id\":\"https:\\\/\\\/www.subaru.es\\\/blog\\\/nuestra-marca\\\/subaru-con-el-deporte-espanol\\\/\"},\"wordCount\":254,\"commentCount\":0,\"publisher\":{\"@id\":\"https:\\\/\\\/www.subaru.es\\\/blog\\\/#organization\"},\"image\":{\"@id\":\"https:\\\/\\\/www.subaru.es\\\/blog\\\/nuestra-marca\\\/subaru-con-el-deporte-espanol\\\/#primaryimage\"},\"thumbnailUrl\":\"https:\\\/\\\/www.subaru.es\\\/blog\\\/wp-content\\\/uploads\\\/2007\\\/09\\\/subaruparadeporte.jpg\",\"articleSection\":[\"Nuestra marca\"],\"inLanguage\":\"es\",\"potentialAction\":[{\"@type\":\"CommentAction\",\"name\":\"Comment\",\"target\":[\"https:\\\/\\\/www.subaru.es\\\/blog\\\/nuestra-marca\\\/subaru-con-el-deporte-espanol\\\/#respond\"]}]},{\"@type\":\"WebPage\",\"@id\":\"https:\\\/\\\/www.subaru.es\\\/blog\\\/nuestra-marca\\\/subaru-con-el-deporte-espanol\\\/\",\"url\":\"https:\\\/\\\/www.subaru.es\\\/blog\\\/nuestra-marca\\\/subaru-con-el-deporte-espanol\\\/\",\"name\":\"Subaru con el deporte espa\u00f1ol - Universo Subaru\",\"isPartOf\":{\"@id\":\"https:\\\/\\\/www.subaru.es\\\/blog\\\/#website\"},\"primaryImageOfPage\":{\"@id\":\"https:\\\/\\\/www.subaru.es\\\/blog\\\/nuestra-marca\\\/subaru-con-el-deporte-espanol\\\/#primaryimage\"},\"image\":{\"@id\":\"https:\\\/\\\/www.subaru.es\\\/blog\\\/nuestra-marca\\\/subaru-con-el-deporte-espanol\\\/#primaryimage\"},\"thumbnailUrl\":\"https:\\\/\\\/www.subaru.es\\\/blog\\\/wp-content\\\/uploads\\\/2007\\\/09\\\/subaruparadeporte.jpg\",\"datePublished\":\"2007-10-03T08:08:23+00:00\",\"dateModified\":\"2016-10-17T13:09:28+00:00\",\"breadcrumb\":{\"@id\":\"https:\\\/\\\/www.subaru.es\\\/blog\\\/nuestra-marca\\\/subaru-con-el-deporte-espanol\\\/#breadcrumb\"},\"inLanguage\":\"es\",\"potentialAction\":[{\"@type\":\"ReadAction\",\"target\":[\"https:\\\/\\\/www.subaru.es\\\/blog\\\/nuestra-marca\\\/subaru-con-el-deporte-espanol\\\/\"]}]},{\"@type\":\"ImageObject\",\"inLanguage\":\"es\",\"@id\":\"https:\\\/\\\/www.subaru.es\\\/blog\\\/nuestra-marca\\\/subaru-con-el-deporte-espanol\\\/#primaryimage\",\"url\":\"https:\\\/\\\/www.subaru.es\\\/blog\\\/wp-content\\\/uploads\\\/2007\\\/09\\\/subaruparadeporte.jpg\",\"contentUrl\":\"https:\\\/\\\/www.subaru.es\\\/blog\\\/wp-content\\\/uploads\\\/2007\\\/09\\\/subaruparadeporte.jpg\",\"width\":350,\"height\":266},{\"@type\":\"BreadcrumbList\",\"@id\":\"https:\\\/\\\/www.subaru.es\\\/blog\\\/nuestra-marca\\\/subaru-con-el-deporte-espanol\\\/#breadcrumb\",\"itemListElement\":[{\"@type\":\"ListItem\",\"position\":1,\"name\":\"Portada\",\"item\":\"https:\\\/\\\/www.subaru.es\\\/blog\\\/\"},{\"@type\":\"ListItem\",\"position\":2,\"name\":\"Subaru con el deporte espa\u00f1ol\"}]},{\"@type\":\"WebSite\",\"@id\":\"https:\\\/\\\/www.subaru.es\\\/blog\\\/#website\",\"url\":\"https:\\\/\\\/www.subaru.es\\\/blog\\\/\",\"name\":\"Universo Subaru\",\"description\":\"Descubre este apasionante espacio de Subaru donde vas a conocer todo sobre nuestros coches y las experiencias que vivimos con ellos. Si est\u00e1s preparado para dejarte seducir por la filosof\u00eda Subaru, qu\u00e9date con nosotros.\",\"publisher\":{\"@id\":\"https:\\\/\\\/www.subaru.es\\\/blog\\\/#organization\"},\"potentialAction\":[{\"@type\":\"SearchAction\",\"target\":{\"@type\":\"EntryPoint\",\"urlTemplate\":\"https:\\\/\\\/www.subaru.es\\\/blog\\\/?s={search_term_string}\"},\"query-input\":{\"@type\":\"PropertyValueSpecification\",\"valueRequired\":true,\"valueName\":\"search_term_string\"}}],\"inLanguage\":\"es\"},{\"@type\":\"Organization\",\"@id\":\"https:\\\/\\\/www.subaru.es\\\/blog\\\/#organization\",\"name\":\"Subaru Espa\u00f1a S.A.\",\"url\":\"https:\\\/\\\/www.subaru.es\\\/blog\\\/\",\"logo\":{\"@type\":\"ImageObject\",\"inLanguage\":\"es\",\"@id\":\"https:\\\/\\\/www.subaru.es\\\/blog\\\/#\\\/schema\\\/logo\\\/image\\\/\",\"url\":\"https:\\\/\\\/www.subaru.es\\\/blog\\\/wp-content\\\/uploads\\\/2016\\\/12\\\/Logo-Subaru-TypeV_C300-scaled.jpg\",\"contentUrl\":\"https:\\\/\\\/www.subaru.es\\\/blog\\\/wp-content\\\/uploads\\\/2016\\\/12\\\/Logo-Subaru-TypeV_C300-scaled.jpg\",\"width\":2560,\"height\":1864,\"caption\":\"Subaru Espa\u00f1a S.A.\"},\"image\":{\"@id\":\"https:\\\/\\\/www.subaru.es\\\/blog\\\/#\\\/schema\\\/logo\\\/image\\\/\"},\"sameAs\":[\"https:\\\/\\\/www.facebook.com\\\/subaruespana\",\"https:\\\/\\\/www.instagram.com\\\/subarues\\\/\",\"https:\\\/\\\/www.youtube.com\\\/user\\\/subaruespana\"]},{\"@type\":\"Person\",\"@id\":\"https:\\\/\\\/www.subaru.es\\\/blog\\\/#\\\/schema\\\/person\\\/19a90b892230b8e0ec752704ddf4aa10\",\"name\":\"Subaru\",\"url\":\"https:\\\/\\\/www.subaru.es\\\/blog\\\/author\\\/subaria\\\/\"}]}<\/script>\n<!-- \/ Yoast SEO plugin. -->","yoast_head_json":{"title":"Subaru con el deporte espa\u00f1ol - Universo Subaru","robots":{"index":"index","follow":"follow","max-snippet":"max-snippet:-1","max-image-preview":"max-image-preview:large","max-video-preview":"max-video-preview:-1"},"canonical":"https:\/\/www.subaru.es\/blog\/nuestra-marca\/subaru-con-el-deporte-espanol\/","og_locale":"es_ES","og_type":"article","og_title":"Subaru con el deporte espa\u00f1ol - Universo Subaru","og_description":"Hace ya un a\u00f1o que el deporte espa\u00f1ol, el deporte ol\u00edmpico, recibe el apoyo de Subaru, una relaci\u00f3n satisfactoria que realza la imagen de Subaru entre la sociedad espa\u00f1ola y que a los deportistas espa\u00f1oles les posibilita unos veh\u00edculos de primer nivel cuando est\u00e1n compitiendo. El acuerdo se alcanz\u00f3 en septiembre de 2006, entre Subaru [&hellip;]","og_url":"https:\/\/www.subaru.es\/blog\/nuestra-marca\/subaru-con-el-deporte-espanol\/","og_site_name":"Universo Subaru","article_publisher":"https:\/\/www.facebook.com\/subaruespana","article_published_time":"2007-10-03T08:08:23+00:00","article_modified_time":"2016-10-17T13:09:28+00:00","og_image":[{"width":350,"height":266,"url":"https:\/\/www.subaru.es\/blog\/wp-content\/uploads\/2007\/09\/subaruparadeporte.jpg","type":"image\/jpeg"}],"author":"Subaru","twitter_card":"summary_large_image","twitter_misc":{"Escrito por":"Subaru","Tiempo de lectura":"1 minuto"},"schema":{"@context":"https:\/\/schema.org","@graph":[{"@type":"Article","@id":"https:\/\/www.subaru.es\/blog\/nuestra-marca\/subaru-con-el-deporte-espanol\/#article","isPartOf":{"@id":"https:\/\/www.subaru.es\/blog\/nuestra-marca\/subaru-con-el-deporte-espanol\/"},"author":{"name":"Subaru","@id":"https:\/\/www.subaru.es\/blog\/#\/schema\/person\/19a90b892230b8e0ec752704ddf4aa10"},"headline":"Subaru con el deporte espa\u00f1ol","datePublished":"2007-10-03T08:08:23+00:00","dateModified":"2016-10-17T13:09:28+00:00","mainEntityOfPage":{"@id":"https:\/\/www.subaru.es\/blog\/nuestra-marca\/subaru-con-el-deporte-espanol\/"},"wordCount":254,"commentCount":0,"publisher":{"@id":"https:\/\/www.subaru.es\/blog\/#organization"},"image":{"@id":"https:\/\/www.subaru.es\/blog\/nuestra-marca\/subaru-con-el-deporte-espanol\/#primaryimage"},"thumbnailUrl":"https:\/\/www.subaru.es\/blog\/wp-content\/uploads\/2007\/09\/subaruparadeporte.jpg","articleSection":["Nuestra marca"],"inLanguage":"es","potentialAction":[{"@type":"CommentAction","name":"Comment","target":["https:\/\/www.subaru.es\/blog\/nuestra-marca\/subaru-con-el-deporte-espanol\/#respond"]}]},{"@type":"WebPage","@id":"https:\/\/www.subaru.es\/blog\/nuestra-marca\/subaru-con-el-deporte-espanol\/","url":"https:\/\/www.subaru.es\/blog\/nuestra-marca\/subaru-con-el-deporte-espanol\/","name":"Subaru con el deporte espa\u00f1ol - Universo Subaru","isPartOf":{"@id":"https:\/\/www.subaru.es\/blog\/#website"},"primaryImageOfPage":{"@id":"https:\/\/www.subaru.es\/blog\/nuestra-marca\/subaru-con-el-deporte-espanol\/#primaryimage"},"image":{"@id":"https:\/\/www.subaru.es\/blog\/nuestra-marca\/subaru-con-el-deporte-espanol\/#primaryimage"},"thumbnailUrl":"https:\/\/www.subaru.es\/blog\/wp-content\/uploads\/2007\/09\/subaruparadeporte.jpg","datePublished":"2007-10-03T08:08:23+00:00","dateModified":"2016-10-17T13:09:28+00:00","breadcrumb":{"@id":"https:\/\/www.subaru.es\/blog\/nuestra-marca\/subaru-con-el-deporte-espanol\/#breadcrumb"},"inLanguage":"es","potentialAction":[{"@type":"ReadAction","target":["https:\/\/www.subaru.es\/blog\/nuestra-marca\/subaru-con-el-deporte-espanol\/"]}]},{"@type":"ImageObject","inLanguage":"es","@id":"https:\/\/www.subaru.es\/blog\/nuestra-marca\/subaru-con-el-deporte-espanol\/#primaryimage","url":"https:\/\/www.subaru.es\/blog\/wp-content\/uploads\/2007\/09\/subaruparadeporte.jpg","contentUrl":"https:\/\/www.subaru.es\/blog\/wp-content\/uploads\/2007\/09\/subaruparadeporte.jpg","width":350,"height":266},{"@type":"BreadcrumbList","@id":"https:\/\/www.subaru.es\/blog\/nuestra-marca\/subaru-con-el-deporte-espanol\/#breadcrumb","itemListElement":[{"@type":"ListItem","position":1,"name":"Portada","item":"https:\/\/www.subaru.es\/blog\/"},{"@type":"ListItem","position":2,"name":"Subaru con el deporte espa\u00f1ol"}]},{"@type":"WebSite","@id":"https:\/\/www.subaru.es\/blog\/#website","url":"https:\/\/www.subaru.es\/blog\/","name":"Universo Subaru","description":"Descubre este apasionante espacio de Subaru donde vas a conocer todo sobre nuestros coches y las experiencias que vivimos con ellos. Si est\u00e1s preparado para dejarte seducir por la filosof\u00eda Subaru, qu\u00e9date con nosotros.","publisher":{"@id":"https:\/\/www.subaru.es\/blog\/#organization"},"potentialAction":[{"@type":"SearchAction","target":{"@type":"EntryPoint","urlTemplate":"https:\/\/www.subaru.es\/blog\/?s={search_term_string}"},"query-input":{"@type":"PropertyValueSpecification","valueRequired":true,"valueName":"search_term_string"}}],"inLanguage":"es"},{"@type":"Organization","@id":"https:\/\/www.subaru.es\/blog\/#organization","name":"Subaru Espa\u00f1a S.A.","url":"https:\/\/www.subaru.es\/blog\/","logo":{"@type":"ImageObject","inLanguage":"es","@id":"https:\/\/www.subaru.es\/blog\/#\/schema\/logo\/image\/","url":"https:\/\/www.subaru.es\/blog\/wp-content\/uploads\/2016\/12\/Logo-Subaru-TypeV_C300-scaled.jpg","contentUrl":"https:\/\/www.subaru.es\/blog\/wp-content\/uploads\/2016\/12\/Logo-Subaru-TypeV_C300-scaled.jpg","width":2560,"height":1864,"caption":"Subaru Espa\u00f1a S.A."},"image":{"@id":"https:\/\/www.subaru.es\/blog\/#\/schema\/logo\/image\/"},"sameAs":["https:\/\/www.facebook.com\/subaruespana","https:\/\/www.instagram.com\/subarues\/","https:\/\/www.youtube.com\/user\/subaruespana"]},{"@type":"Person","@id":"https:\/\/www.subaru.es\/blog\/#\/schema\/person\/19a90b892230b8e0ec752704ddf4aa10","name":"Subaru","url":"https:\/\/www.subaru.es\/blog\/author\/subaria\/"}]}},"_links":{"self":[{"href":"https:\/\/www.subaru.es\/blog\/wp-json\/wp\/v2\/posts\/190","targetHints":{"allow":["GET"]}}],"collection":[{"href":"https:\/\/www.subaru.es\/blog\/wp-json\/wp\/v2\/posts"}],"about":[{"href":"https:\/\/www.subaru.es\/blog\/wp-json\/wp\/v2\/types\/post"}],"author":[{"embeddable":true,"href":"https:\/\/www.subaru.es\/blog\/wp-json\/wp\/v2\/users\/21"}],"replies":[{"embeddable":true,"href":"https:\/\/www.subaru.es\/blog\/wp-json\/wp\/v2\/comments?post=190"}],"version-history":[{"count":1,"href":"https:\/\/www.subaru.es\/blog\/wp-json\/wp\/v2\/posts\/190\/revisions"}],"predecessor-version":[{"id":15787,"href":"https:\/\/www.subaru.es\/blog\/wp-json\/wp\/v2\/posts\/190\/revisions\/15787"}],"wp:featuredmedia":[{"embeddable":true,"href":"https:\/\/www.subaru.es\/blog\/wp-json\/wp\/v2\/media\/191"}],"wp:attachment":[{"href":"https:\/\/www.subaru.es\/blog\/wp-json\/wp\/v2\/media?parent=190"}],"wp:term":[{"taxonomy":"category","embeddable":true,"href":"https:\/\/www.subaru.es\/blog\/wp-json\/wp\/v2\/categories?post=190"},{"taxonomy":"post_tag","embeddable":true,"href":"https:\/\/www.subaru.es\/blog\/wp-json\/wp\/v2\/tags?post=190"}],"curies":[{"name":"wp","href":"https:\/\/api.w.org\/{rel}","templated":true}]}}