{"id":18974,"date":"2018-05-10T18:28:14","date_gmt":"2018-05-10T16:28:14","guid":{"rendered":"https:\/\/www.subaru.es\/blog\/?p=18974"},"modified":"2018-05-10T18:28:14","modified_gmt":"2018-05-10T16:28:14","slug":"subaru-en-el-geom-index","status":"publish","type":"post","link":"https:\/\/www.subaru.es\/blog\/nuestra-marca\/subaru-en-el-geom-index\/","title":{"rendered":"Subaru entra en el TOP FIVE de marcas mejor valoradas en el GEOM Index"},"content":{"rendered":"<p><strong>El nuevo <\/strong><a href=\"https:\/\/www.subaru.es\/vehiculos\/impreza\" target=\"_blank\" rel=\"noopener\"><strong>Subaru Impreza<\/strong><\/a><strong> se convierte en el segundo veh\u00edculo que mayor inter\u00e9s despierta en los internautas, tras solo 14 d\u00edas de su presentaci\u00f3n en el mercado.<\/strong><\/p>\n<p>Durante el mes de abril, <a href=\"https:\/\/www.subaru.es\/\" target=\"_blank\" rel=\"noopener\">Subaru<\/a> logra un ascenso mete\u00f3rico en el ranking <a href=\"https:\/\/www.geomindex.com\/site\/geom.html\" target=\"_blank\" rel=\"noopener\">GEOM Index<\/a>. Se confirma as\u00ed la tendencia positiva con el que arrancamos el 2018 y que seguimos manteniendo y superando.<\/p>\n<p><img decoding=\"async\" width=\"560\" height=\"374\" class=\"aligncenter size-medium wp-image-19004 lazyload\" data-src=\"https:\/\/www.subaru.es\/blog\/wp-content\/uploads\/2018\/05\/Captura-de-pantalla-2018-05-10-a-las-18.20.50-copia_def-560x374.png\" alt=\"\" data-srcset=\"https:\/\/www.subaru.es\/blog\/wp-content\/uploads\/2018\/05\/Captura-de-pantalla-2018-05-10-a-las-18.20.50-copia_def-560x374.png 560w, https:\/\/www.subaru.es\/blog\/wp-content\/uploads\/2018\/05\/Captura-de-pantalla-2018-05-10-a-las-18.20.50-copia_def-1440x960.png 1440w, https:\/\/www.subaru.es\/blog\/wp-content\/uploads\/2018\/05\/Captura-de-pantalla-2018-05-10-a-las-18.20.50-copia_def-768x512.png 768w, https:\/\/www.subaru.es\/blog\/wp-content\/uploads\/2018\/05\/Captura-de-pantalla-2018-05-10-a-las-18.20.50-copia_def-1536x1025.png 1536w, https:\/\/www.subaru.es\/blog\/wp-content\/uploads\/2018\/05\/Captura-de-pantalla-2018-05-10-a-las-18.20.50-copia_def.png 2030w\" data-sizes=\"(max-width: 560px) 100vw, 560px\" src=\"data:image\/svg+xml;base64,PHN2ZyB3aWR0aD0iMSIgaGVpZ2h0PSIxIiB4bWxucz0iaHR0cDovL3d3dy53My5vcmcvMjAwMC9zdmciPjwvc3ZnPg==\" style=\"--smush-placeholder-width: 560px; --smush-placeholder-aspect-ratio: 560\/374;\" \/><\/p>\n<p>Desde <strong>enero de 2018, Subaru ha ido subiendo posiciones en la valoraci\u00f3n que tienen los internautas sobre ella<\/strong>. En enero, Subaru parti\u00f3 de una 30\u00aa posici\u00f3n, logr\u00f3 una 18\u00aa en febrero y una 14\u00aa en marzo. Datos, a todas luces muy positivos, que han saltado por los aires al llegar abril donde <strong>nos hemos situado en el TOP FIVE de marcas mejor valoradas<\/strong>. Una 5\u00aa posici\u00f3n general, en la que compiten coches del sector lujo y generalistas. De hecho, atendiendo a nuestro <strong>segmento de veh\u00edculos generalistas, somos la 2\u00aa marca mejor valorada<\/strong> y solo estamos a una d\u00e9cima de la primera.<\/p>\n<p><img decoding=\"async\" width=\"560\" height=\"360\" class=\"aligncenter size-medium wp-image-19003 lazyload\" data-src=\"https:\/\/www.subaru.es\/blog\/wp-content\/uploads\/2018\/05\/Captura-de-pantalla-2018-05-10-a-las-18.15.14-560x360.png\" alt=\"\" data-srcset=\"https:\/\/www.subaru.es\/blog\/wp-content\/uploads\/2018\/05\/Captura-de-pantalla-2018-05-10-a-las-18.15.14-560x360.png 560w, https:\/\/www.subaru.es\/blog\/wp-content\/uploads\/2018\/05\/Captura-de-pantalla-2018-05-10-a-las-18.15.14-768x494.png 768w, https:\/\/www.subaru.es\/blog\/wp-content\/uploads\/2018\/05\/Captura-de-pantalla-2018-05-10-a-las-18.15.14.png 1047w\" data-sizes=\"(max-width: 560px) 100vw, 560px\" src=\"data:image\/svg+xml;base64,PHN2ZyB3aWR0aD0iMSIgaGVpZ2h0PSIxIiB4bWxucz0iaHR0cDovL3d3dy53My5vcmcvMjAwMC9zdmciPjwvc3ZnPg==\" style=\"--smush-placeholder-width: 560px; --smush-placeholder-aspect-ratio: 560\/360;\" \/><\/p>\n<p>&nbsp;<\/p>\n<p>Este ascenso global, est\u00e1 reforzado tambi\u00e9n por el <strong>lanzamiento del nuevo <\/strong><a href=\"https:\/\/www.subaru.es\/blog\/nuestra-marca\/nuevo-subaru-impreza\/\" target=\"_blank\" rel=\"noopener\"><strong>Subaru Impreza<\/strong><\/a> que tuvo lugar el pasado 16, 17 y 18 de abril y que es, por derecho, uno de los buques insignia de Subaru. La nueva generaci\u00f3n de Impreza ha logrado 5 estrellas, la m\u00e1xima calificaci\u00f3n, en los <a href=\"https:\/\/www.youtube.com\/watch?v=EOX3uEqBaKY&amp;index=2&amp;list=PL6D60DFA95D12F600\" target=\"_blank\" rel=\"noopener\">rigurosos test de choque de EuroNCAP<\/a> y es la <strong>materializaci\u00f3n del <a href=\"https:\/\/www.subaru.es\/seguridad\" target=\"_blank\" rel=\"noopener\">All Around Safety<\/a><\/strong>, principio por el que nos regimos en Subaru al poner la seguridad por delante. El Sistema de Seguridad <a href=\"https:\/\/www.subaru.es\/tecnologia\/eyesight\" target=\"_blank\" rel=\"noopener\">Subaru Eyesight<\/a>, con ocho asistentes a la conducci\u00f3n, y el <a href=\"https:\/\/www.youtube.com\/watch?v=btG3lEtRvu0&amp;list=PL6D60DFA95D12F600&amp;index=1\" target=\"_blank\" rel=\"noopener\">Rear Vehicle Dectection<\/a>, incorporado en la versi\u00f3n Executive del nuevo Impreza, son la materializaci\u00f3n de esa b\u00fasqueda por la seguridad integral.<\/p>\n<p><img decoding=\"async\" width=\"560\" height=\"374\" class=\"aligncenter size-medium wp-image-18977 lazyload\" data-src=\"https:\/\/www.subaru.es\/blog\/wp-content\/uploads\/2018\/05\/DSC1663_LR-560x374.jpg\" alt=\"\" data-srcset=\"https:\/\/www.subaru.es\/blog\/wp-content\/uploads\/2018\/05\/DSC1663_LR-560x374.jpg 560w, https:\/\/www.subaru.es\/blog\/wp-content\/uploads\/2018\/05\/DSC1663_LR-768x512.jpg 768w, https:\/\/www.subaru.es\/blog\/wp-content\/uploads\/2018\/05\/DSC1663_LR.jpg 1325w\" data-sizes=\"(max-width: 560px) 100vw, 560px\" src=\"data:image\/svg+xml;base64,PHN2ZyB3aWR0aD0iMSIgaGVpZ2h0PSIxIiB4bWxucz0iaHR0cDovL3d3dy53My5vcmcvMjAwMC9zdmciPjwvc3ZnPg==\" style=\"--smush-placeholder-width: 560px; --smush-placeholder-aspect-ratio: 560\/374;\" \/><\/p>\n<p><strong>\u00bfQU\u00c9 ES EL GEOM INDEX?<\/strong><\/p>\n<p><strong>GEOM Index<\/strong> es una <a href=\"https:\/\/www.geomindex.com\/site\/geom.html\" target=\"_blank\" rel=\"noopener\"><strong>herramienta especializada en el sector automovil\u00edstico <\/strong><\/a>que analiza las opiniones de los usuarios en Internet para determinar el valor de las marcas y sus productos en tiempo real.<\/p>\n<p>A trav\u00e9s de algoritmos, GEOM Index proces\u00f3 para elaborar el ranking del mes de abril de 2018 un total de <strong>77.176 textos publicados<\/strong> en las principales p\u00e1ginas web espa\u00f1olas, blogs, foros dedicadas al mundo del motor y tambi\u00e9n de los perfiles que las marcas, medios de comunicaci\u00f3n y periodistas tienen en las redes sociales. El 64 % de estos textos conten\u00edan menciones a las marcas y modelos.<\/p>\n<p>A partir de estos comentarios, <strong>la consultora es capaz de determinar la valoraci\u00f3n que los usuarios le dan a las diferentes marcas y sus modelos, y la notoriedad<\/strong> que tiene cada fabricante en internet, gracias una herramienta de procesamiento sem\u00e1ntico-ling\u00fc\u00edstico. Por primera vez GEOM Index ha superado en un a\u00f1o el mill\u00f3n de textos procesados.<\/p>\n<p><img decoding=\"async\" width=\"560\" height=\"370\" class=\"aligncenter size-medium wp-image-19005 lazyload\" data-src=\"https:\/\/www.subaru.es\/blog\/wp-content\/uploads\/2018\/05\/Captura-de-pantalla-2018-05-10-a-las-18.25.12-copia-560x370.png\" alt=\"\" data-srcset=\"https:\/\/www.subaru.es\/blog\/wp-content\/uploads\/2018\/05\/Captura-de-pantalla-2018-05-10-a-las-18.25.12-copia-560x370.png 560w, https:\/\/www.subaru.es\/blog\/wp-content\/uploads\/2018\/05\/Captura-de-pantalla-2018-05-10-a-las-18.25.12-copia-1440x951.png 1440w, https:\/\/www.subaru.es\/blog\/wp-content\/uploads\/2018\/05\/Captura-de-pantalla-2018-05-10-a-las-18.25.12-copia-768x507.png 768w, https:\/\/www.subaru.es\/blog\/wp-content\/uploads\/2018\/05\/Captura-de-pantalla-2018-05-10-a-las-18.25.12-copia-1536x1015.png 1536w, https:\/\/www.subaru.es\/blog\/wp-content\/uploads\/2018\/05\/Captura-de-pantalla-2018-05-10-a-las-18.25.12-copia-2048x1353.png 2048w\" data-sizes=\"(max-width: 560px) 100vw, 560px\" src=\"data:image\/svg+xml;base64,PHN2ZyB3aWR0aD0iMSIgaGVpZ2h0PSIxIiB4bWxucz0iaHR0cDovL3d3dy53My5vcmcvMjAwMC9zdmciPjwvc3ZnPg==\" style=\"--smush-placeholder-width: 560px; --smush-placeholder-aspect-ratio: 560\/370;\" \/><\/p>\n<p>Estos datos, que nos sit\u00faan entre los grandes (a pesar de que ellas tengan mayor volumen y m\u00e1s gama disponible) nos supone un orgullo y AUMENTA a\u00fan m\u00e1s nuestras ganas de seguir trabajando para <a href=\"https:\/\/www.youtube.com\/watch?v=zMAx7nSEg8E\" target=\"_blank\" rel=\"noopener\"><strong>ofrecer a los ya Subaristas, y a los que est\u00e1n por llegar, su coche perfecto.<\/strong><\/a><\/p>\n<p>\u00a1Gracias a todos! \u00a1Seguimos trabajando!<\/p>\n","protected":false},"excerpt":{"rendered":"<p>El nuevo Subaru Impreza se convierte en el segundo veh\u00edculo que mayor inter\u00e9s despierta en los internautas, tras solo 14 d\u00edas de su presentaci\u00f3n en el mercado. Durante el mes de abril, Subaru logra un ascenso mete\u00f3rico en el ranking GEOM Index. Se confirma as\u00ed la tendencia positiva con el que arrancamos el 2018 y [&hellip;]<\/p>\n","protected":false},"author":21,"featured_media":18984,"comment_status":"open","ping_status":"closed","sticky":false,"template":"","format":"standard","meta":{"_acf_changed":false,"_eb_attr":"","inline_featured_image":false,"footnotes":""},"categories":[4401],"tags":[4405,4600,10,4602,4603,1144,4575,2552,4390,117,4521,4601,4604],"class_list":["post-18974","post","type-post","status-publish","format-standard","has-post-thumbnail","hentry","category-nuestra-marca","tag-all-around-safety","tag-geom-index","tag-impreza","tag-impreza-2018","tag-opinion-subaru","tag-sector-automovil","tag-seguridad-subaru","tag-subaristas","tag-subaru","tag-subaru-impreza","tag-subaru-seguridad","tag-valoracion-impreza","tag-valoracion-subaru"],"acf":[],"yoast_head":"<!-- This site is optimized with the Yoast SEO plugin v27.3 - https:\/\/yoast.com\/product\/yoast-seo-wordpress\/ -->\n<title>Subaru entra en el TOP FIVE de marcas mejor valoradas en el GEOM Index - Universo Subaru<\/title>\n<meta name=\"robots\" content=\"index, follow, max-snippet:-1, max-image-preview:large, max-video-preview:-1\" \/>\n<link rel=\"canonical\" href=\"https:\/\/www.subaru.es\/blog\/nuestra-marca\/subaru-en-el-geom-index\/\" \/>\n<meta property=\"og:locale\" content=\"es_ES\" \/>\n<meta property=\"og:type\" content=\"article\" \/>\n<meta property=\"og:title\" content=\"Subaru entra en el TOP FIVE de marcas mejor valoradas en el GEOM Index - Universo Subaru\" \/>\n<meta property=\"og:description\" content=\"El nuevo Subaru Impreza se convierte en el segundo veh\u00edculo que mayor inter\u00e9s despierta en los internautas, tras solo 14 d\u00edas de su presentaci\u00f3n en el mercado. Durante el mes de abril, Subaru logra un ascenso mete\u00f3rico en el ranking GEOM Index. Se confirma as\u00ed la tendencia positiva con el que arrancamos el 2018 y [&hellip;]\" \/>\n<meta property=\"og:url\" content=\"https:\/\/www.subaru.es\/blog\/nuestra-marca\/subaru-en-el-geom-index\/\" \/>\n<meta property=\"og:site_name\" content=\"Universo Subaru\" \/>\n<meta property=\"article:publisher\" content=\"https:\/\/www.facebook.com\/subaruespana\" \/>\n<meta property=\"article:published_time\" content=\"2018-05-10T16:28:14+00:00\" \/>\n<meta property=\"og:image\" content=\"https:\/\/www.subaru.es\/blog\/wp-content\/uploads\/2018\/05\/cabecera.jpg\" \/>\n\t<meta property=\"og:image:width\" content=\"1550\" \/>\n\t<meta property=\"og:image:height\" content=\"520\" \/>\n\t<meta property=\"og:image:type\" content=\"image\/jpeg\" \/>\n<meta name=\"author\" content=\"Subaru\" \/>\n<meta name=\"twitter:card\" content=\"summary_large_image\" \/>\n<meta name=\"twitter:label1\" content=\"Escrito por\" \/>\n\t<meta name=\"twitter:data1\" content=\"Subaru\" \/>\n\t<meta name=\"twitter:label2\" content=\"Tiempo de lectura\" \/>\n\t<meta name=\"twitter:data2\" content=\"3 minutos\" \/>\n<script type=\"application\/ld+json\" class=\"yoast-schema-graph\">{\"@context\":\"https:\\\/\\\/schema.org\",\"@graph\":[{\"@type\":\"Article\",\"@id\":\"https:\\\/\\\/www.subaru.es\\\/blog\\\/nuestra-marca\\\/subaru-en-el-geom-index\\\/#article\",\"isPartOf\":{\"@id\":\"https:\\\/\\\/www.subaru.es\\\/blog\\\/nuestra-marca\\\/subaru-en-el-geom-index\\\/\"},\"author\":{\"name\":\"Subaru\",\"@id\":\"https:\\\/\\\/www.subaru.es\\\/blog\\\/#\\\/schema\\\/person\\\/19a90b892230b8e0ec752704ddf4aa10\"},\"headline\":\"Subaru entra en el TOP FIVE de marcas mejor valoradas en el GEOM Index\",\"datePublished\":\"2018-05-10T16:28:14+00:00\",\"mainEntityOfPage\":{\"@id\":\"https:\\\/\\\/www.subaru.es\\\/blog\\\/nuestra-marca\\\/subaru-en-el-geom-index\\\/\"},\"wordCount\":522,\"commentCount\":0,\"publisher\":{\"@id\":\"https:\\\/\\\/www.subaru.es\\\/blog\\\/#organization\"},\"image\":{\"@id\":\"https:\\\/\\\/www.subaru.es\\\/blog\\\/nuestra-marca\\\/subaru-en-el-geom-index\\\/#primaryimage\"},\"thumbnailUrl\":\"https:\\\/\\\/www.subaru.es\\\/blog\\\/wp-content\\\/uploads\\\/2018\\\/05\\\/cabecera.jpg\",\"keywords\":[\"all around safety\",\"geom index\",\"impreza\",\"impreza 2018\",\"opinion subaru\",\"sector autom\u00f3vil\",\"Seguridad Subaru\",\"subaristas\",\"Subaru\",\"subaru impreza\",\"Subaru seguridad\",\"valoraci\u00f3n impreza\",\"valoraci\u00f3n subaru\"],\"articleSection\":[\"Nuestra marca\"],\"inLanguage\":\"es\",\"potentialAction\":[{\"@type\":\"CommentAction\",\"name\":\"Comment\",\"target\":[\"https:\\\/\\\/www.subaru.es\\\/blog\\\/nuestra-marca\\\/subaru-en-el-geom-index\\\/#respond\"]}]},{\"@type\":\"WebPage\",\"@id\":\"https:\\\/\\\/www.subaru.es\\\/blog\\\/nuestra-marca\\\/subaru-en-el-geom-index\\\/\",\"url\":\"https:\\\/\\\/www.subaru.es\\\/blog\\\/nuestra-marca\\\/subaru-en-el-geom-index\\\/\",\"name\":\"Subaru entra en el TOP FIVE de marcas mejor valoradas en el GEOM Index - Universo Subaru\",\"isPartOf\":{\"@id\":\"https:\\\/\\\/www.subaru.es\\\/blog\\\/#website\"},\"primaryImageOfPage\":{\"@id\":\"https:\\\/\\\/www.subaru.es\\\/blog\\\/nuestra-marca\\\/subaru-en-el-geom-index\\\/#primaryimage\"},\"image\":{\"@id\":\"https:\\\/\\\/www.subaru.es\\\/blog\\\/nuestra-marca\\\/subaru-en-el-geom-index\\\/#primaryimage\"},\"thumbnailUrl\":\"https:\\\/\\\/www.subaru.es\\\/blog\\\/wp-content\\\/uploads\\\/2018\\\/05\\\/cabecera.jpg\",\"datePublished\":\"2018-05-10T16:28:14+00:00\",\"breadcrumb\":{\"@id\":\"https:\\\/\\\/www.subaru.es\\\/blog\\\/nuestra-marca\\\/subaru-en-el-geom-index\\\/#breadcrumb\"},\"inLanguage\":\"es\",\"potentialAction\":[{\"@type\":\"ReadAction\",\"target\":[\"https:\\\/\\\/www.subaru.es\\\/blog\\\/nuestra-marca\\\/subaru-en-el-geom-index\\\/\"]}]},{\"@type\":\"ImageObject\",\"inLanguage\":\"es\",\"@id\":\"https:\\\/\\\/www.subaru.es\\\/blog\\\/nuestra-marca\\\/subaru-en-el-geom-index\\\/#primaryimage\",\"url\":\"https:\\\/\\\/www.subaru.es\\\/blog\\\/wp-content\\\/uploads\\\/2018\\\/05\\\/cabecera.jpg\",\"contentUrl\":\"https:\\\/\\\/www.subaru.es\\\/blog\\\/wp-content\\\/uploads\\\/2018\\\/05\\\/cabecera.jpg\",\"width\":1550,\"height\":520},{\"@type\":\"BreadcrumbList\",\"@id\":\"https:\\\/\\\/www.subaru.es\\\/blog\\\/nuestra-marca\\\/subaru-en-el-geom-index\\\/#breadcrumb\",\"itemListElement\":[{\"@type\":\"ListItem\",\"position\":1,\"name\":\"Portada\",\"item\":\"https:\\\/\\\/www.subaru.es\\\/blog\\\/\"},{\"@type\":\"ListItem\",\"position\":2,\"name\":\"Subaru entra en el TOP FIVE de marcas mejor valoradas en el GEOM Index\"}]},{\"@type\":\"WebSite\",\"@id\":\"https:\\\/\\\/www.subaru.es\\\/blog\\\/#website\",\"url\":\"https:\\\/\\\/www.subaru.es\\\/blog\\\/\",\"name\":\"Universo Subaru\",\"description\":\"Descubre este apasionante espacio de Subaru donde vas a conocer todo sobre nuestros coches y las experiencias que vivimos con ellos. Si est\u00e1s preparado para dejarte seducir por la filosof\u00eda Subaru, qu\u00e9date con nosotros.\",\"publisher\":{\"@id\":\"https:\\\/\\\/www.subaru.es\\\/blog\\\/#organization\"},\"potentialAction\":[{\"@type\":\"SearchAction\",\"target\":{\"@type\":\"EntryPoint\",\"urlTemplate\":\"https:\\\/\\\/www.subaru.es\\\/blog\\\/?s={search_term_string}\"},\"query-input\":{\"@type\":\"PropertyValueSpecification\",\"valueRequired\":true,\"valueName\":\"search_term_string\"}}],\"inLanguage\":\"es\"},{\"@type\":\"Organization\",\"@id\":\"https:\\\/\\\/www.subaru.es\\\/blog\\\/#organization\",\"name\":\"Subaru Espa\u00f1a S.A.\",\"url\":\"https:\\\/\\\/www.subaru.es\\\/blog\\\/\",\"logo\":{\"@type\":\"ImageObject\",\"inLanguage\":\"es\",\"@id\":\"https:\\\/\\\/www.subaru.es\\\/blog\\\/#\\\/schema\\\/logo\\\/image\\\/\",\"url\":\"https:\\\/\\\/www.subaru.es\\\/blog\\\/wp-content\\\/uploads\\\/2016\\\/12\\\/Logo-Subaru-TypeV_C300-scaled.jpg\",\"contentUrl\":\"https:\\\/\\\/www.subaru.es\\\/blog\\\/wp-content\\\/uploads\\\/2016\\\/12\\\/Logo-Subaru-TypeV_C300-scaled.jpg\",\"width\":2560,\"height\":1864,\"caption\":\"Subaru Espa\u00f1a S.A.\"},\"image\":{\"@id\":\"https:\\\/\\\/www.subaru.es\\\/blog\\\/#\\\/schema\\\/logo\\\/image\\\/\"},\"sameAs\":[\"https:\\\/\\\/www.facebook.com\\\/subaruespana\",\"https:\\\/\\\/www.instagram.com\\\/subarues\\\/\",\"https:\\\/\\\/www.youtube.com\\\/user\\\/subaruespana\"]},{\"@type\":\"Person\",\"@id\":\"https:\\\/\\\/www.subaru.es\\\/blog\\\/#\\\/schema\\\/person\\\/19a90b892230b8e0ec752704ddf4aa10\",\"name\":\"Subaru\",\"url\":\"https:\\\/\\\/www.subaru.es\\\/blog\\\/author\\\/subaria\\\/\"}]}<\/script>\n<!-- \/ Yoast SEO plugin. -->","yoast_head_json":{"title":"Subaru entra en el TOP FIVE de marcas mejor valoradas en el GEOM Index - Universo Subaru","robots":{"index":"index","follow":"follow","max-snippet":"max-snippet:-1","max-image-preview":"max-image-preview:large","max-video-preview":"max-video-preview:-1"},"canonical":"https:\/\/www.subaru.es\/blog\/nuestra-marca\/subaru-en-el-geom-index\/","og_locale":"es_ES","og_type":"article","og_title":"Subaru entra en el TOP FIVE de marcas mejor valoradas en el GEOM Index - Universo Subaru","og_description":"El nuevo Subaru Impreza se convierte en el segundo veh\u00edculo que mayor inter\u00e9s despierta en los internautas, tras solo 14 d\u00edas de su presentaci\u00f3n en el mercado. Durante el mes de abril, Subaru logra un ascenso mete\u00f3rico en el ranking GEOM Index. Se confirma as\u00ed la tendencia positiva con el que arrancamos el 2018 y [&hellip;]","og_url":"https:\/\/www.subaru.es\/blog\/nuestra-marca\/subaru-en-el-geom-index\/","og_site_name":"Universo Subaru","article_publisher":"https:\/\/www.facebook.com\/subaruespana","article_published_time":"2018-05-10T16:28:14+00:00","og_image":[{"width":1550,"height":520,"url":"https:\/\/www.subaru.es\/blog\/wp-content\/uploads\/2018\/05\/cabecera.jpg","type":"image\/jpeg"}],"author":"Subaru","twitter_card":"summary_large_image","twitter_misc":{"Escrito por":"Subaru","Tiempo de lectura":"3 minutos"},"schema":{"@context":"https:\/\/schema.org","@graph":[{"@type":"Article","@id":"https:\/\/www.subaru.es\/blog\/nuestra-marca\/subaru-en-el-geom-index\/#article","isPartOf":{"@id":"https:\/\/www.subaru.es\/blog\/nuestra-marca\/subaru-en-el-geom-index\/"},"author":{"name":"Subaru","@id":"https:\/\/www.subaru.es\/blog\/#\/schema\/person\/19a90b892230b8e0ec752704ddf4aa10"},"headline":"Subaru entra en el TOP FIVE de marcas mejor valoradas en el GEOM Index","datePublished":"2018-05-10T16:28:14+00:00","mainEntityOfPage":{"@id":"https:\/\/www.subaru.es\/blog\/nuestra-marca\/subaru-en-el-geom-index\/"},"wordCount":522,"commentCount":0,"publisher":{"@id":"https:\/\/www.subaru.es\/blog\/#organization"},"image":{"@id":"https:\/\/www.subaru.es\/blog\/nuestra-marca\/subaru-en-el-geom-index\/#primaryimage"},"thumbnailUrl":"https:\/\/www.subaru.es\/blog\/wp-content\/uploads\/2018\/05\/cabecera.jpg","keywords":["all around safety","geom index","impreza","impreza 2018","opinion subaru","sector autom\u00f3vil","Seguridad Subaru","subaristas","Subaru","subaru impreza","Subaru seguridad","valoraci\u00f3n impreza","valoraci\u00f3n subaru"],"articleSection":["Nuestra marca"],"inLanguage":"es","potentialAction":[{"@type":"CommentAction","name":"Comment","target":["https:\/\/www.subaru.es\/blog\/nuestra-marca\/subaru-en-el-geom-index\/#respond"]}]},{"@type":"WebPage","@id":"https:\/\/www.subaru.es\/blog\/nuestra-marca\/subaru-en-el-geom-index\/","url":"https:\/\/www.subaru.es\/blog\/nuestra-marca\/subaru-en-el-geom-index\/","name":"Subaru entra en el TOP FIVE de marcas mejor valoradas en el GEOM Index - Universo Subaru","isPartOf":{"@id":"https:\/\/www.subaru.es\/blog\/#website"},"primaryImageOfPage":{"@id":"https:\/\/www.subaru.es\/blog\/nuestra-marca\/subaru-en-el-geom-index\/#primaryimage"},"image":{"@id":"https:\/\/www.subaru.es\/blog\/nuestra-marca\/subaru-en-el-geom-index\/#primaryimage"},"thumbnailUrl":"https:\/\/www.subaru.es\/blog\/wp-content\/uploads\/2018\/05\/cabecera.jpg","datePublished":"2018-05-10T16:28:14+00:00","breadcrumb":{"@id":"https:\/\/www.subaru.es\/blog\/nuestra-marca\/subaru-en-el-geom-index\/#breadcrumb"},"inLanguage":"es","potentialAction":[{"@type":"ReadAction","target":["https:\/\/www.subaru.es\/blog\/nuestra-marca\/subaru-en-el-geom-index\/"]}]},{"@type":"ImageObject","inLanguage":"es","@id":"https:\/\/www.subaru.es\/blog\/nuestra-marca\/subaru-en-el-geom-index\/#primaryimage","url":"https:\/\/www.subaru.es\/blog\/wp-content\/uploads\/2018\/05\/cabecera.jpg","contentUrl":"https:\/\/www.subaru.es\/blog\/wp-content\/uploads\/2018\/05\/cabecera.jpg","width":1550,"height":520},{"@type":"BreadcrumbList","@id":"https:\/\/www.subaru.es\/blog\/nuestra-marca\/subaru-en-el-geom-index\/#breadcrumb","itemListElement":[{"@type":"ListItem","position":1,"name":"Portada","item":"https:\/\/www.subaru.es\/blog\/"},{"@type":"ListItem","position":2,"name":"Subaru entra en el TOP FIVE de marcas mejor valoradas en el GEOM Index"}]},{"@type":"WebSite","@id":"https:\/\/www.subaru.es\/blog\/#website","url":"https:\/\/www.subaru.es\/blog\/","name":"Universo Subaru","description":"Descubre este apasionante espacio de Subaru donde vas a conocer todo sobre nuestros coches y las experiencias que vivimos con ellos. Si est\u00e1s preparado para dejarte seducir por la filosof\u00eda Subaru, qu\u00e9date con nosotros.","publisher":{"@id":"https:\/\/www.subaru.es\/blog\/#organization"},"potentialAction":[{"@type":"SearchAction","target":{"@type":"EntryPoint","urlTemplate":"https:\/\/www.subaru.es\/blog\/?s={search_term_string}"},"query-input":{"@type":"PropertyValueSpecification","valueRequired":true,"valueName":"search_term_string"}}],"inLanguage":"es"},{"@type":"Organization","@id":"https:\/\/www.subaru.es\/blog\/#organization","name":"Subaru Espa\u00f1a S.A.","url":"https:\/\/www.subaru.es\/blog\/","logo":{"@type":"ImageObject","inLanguage":"es","@id":"https:\/\/www.subaru.es\/blog\/#\/schema\/logo\/image\/","url":"https:\/\/www.subaru.es\/blog\/wp-content\/uploads\/2016\/12\/Logo-Subaru-TypeV_C300-scaled.jpg","contentUrl":"https:\/\/www.subaru.es\/blog\/wp-content\/uploads\/2016\/12\/Logo-Subaru-TypeV_C300-scaled.jpg","width":2560,"height":1864,"caption":"Subaru Espa\u00f1a S.A."},"image":{"@id":"https:\/\/www.subaru.es\/blog\/#\/schema\/logo\/image\/"},"sameAs":["https:\/\/www.facebook.com\/subaruespana","https:\/\/www.instagram.com\/subarues\/","https:\/\/www.youtube.com\/user\/subaruespana"]},{"@type":"Person","@id":"https:\/\/www.subaru.es\/blog\/#\/schema\/person\/19a90b892230b8e0ec752704ddf4aa10","name":"Subaru","url":"https:\/\/www.subaru.es\/blog\/author\/subaria\/"}]}},"_links":{"self":[{"href":"https:\/\/www.subaru.es\/blog\/wp-json\/wp\/v2\/posts\/18974","targetHints":{"allow":["GET"]}}],"collection":[{"href":"https:\/\/www.subaru.es\/blog\/wp-json\/wp\/v2\/posts"}],"about":[{"href":"https:\/\/www.subaru.es\/blog\/wp-json\/wp\/v2\/types\/post"}],"author":[{"embeddable":true,"href":"https:\/\/www.subaru.es\/blog\/wp-json\/wp\/v2\/users\/21"}],"replies":[{"embeddable":true,"href":"https:\/\/www.subaru.es\/blog\/wp-json\/wp\/v2\/comments?post=18974"}],"version-history":[{"count":8,"href":"https:\/\/www.subaru.es\/blog\/wp-json\/wp\/v2\/posts\/18974\/revisions"}],"predecessor-version":[{"id":19006,"href":"https:\/\/www.subaru.es\/blog\/wp-json\/wp\/v2\/posts\/18974\/revisions\/19006"}],"wp:featuredmedia":[{"embeddable":true,"href":"https:\/\/www.subaru.es\/blog\/wp-json\/wp\/v2\/media\/18984"}],"wp:attachment":[{"href":"https:\/\/www.subaru.es\/blog\/wp-json\/wp\/v2\/media?parent=18974"}],"wp:term":[{"taxonomy":"category","embeddable":true,"href":"https:\/\/www.subaru.es\/blog\/wp-json\/wp\/v2\/categories?post=18974"},{"taxonomy":"post_tag","embeddable":true,"href":"https:\/\/www.subaru.es\/blog\/wp-json\/wp\/v2\/tags?post=18974"}],"curies":[{"name":"wp","href":"https:\/\/api.w.org\/{rel}","templated":true}]}}