{"id":1887,"date":"2009-05-11T17:07:11","date_gmt":"2009-05-11T15:07:11","guid":{"rendered":"http:\/\/subaru.preproduccion.com\/blog\/wp-content\/2009\/05\/11\/subaru-se-resiste-a-sucumbir-a-la-crisis\/"},"modified":"2016-10-17T15:08:52","modified_gmt":"2016-10-17T13:08:52","slug":"subaru-se-resiste-a-sucumbir-a-la-crisis","status":"publish","type":"post","link":"https:\/\/www.subaru.es\/blog\/nuestra-marca\/subaru-se-resiste-a-sucumbir-a-la-crisis\/","title":{"rendered":"Subaru se resiste a sucumbir a la crisis"},"content":{"rendered":"<p><a href='https:\/\/www.subaru.es\/blog\/wp-content\/uploads\/2008\/12\/446314682_1ccf72a331.jpg' title='446314682_1ccf72a331.jpg'><img data-src='https:\/\/www.subaru.es\/blog\/wp-content\/uploads\/2008\/12\/446314682_1ccf72a331.jpg' alt='446314682_1ccf72a331.jpg' src='data:image\/svg+xml;base64,PHN2ZyB3aWR0aD0iMSIgaGVpZ2h0PSIxIiB4bWxucz0iaHR0cDovL3d3dy53My5vcmcvMjAwMC9zdmciPjwvc3ZnPg==' class='lazyload' style='--smush-placeholder-width: 500px; --smush-placeholder-aspect-ratio: 500\/333;' \/><\/a><br \/>\nYa tenemos los datos de enero: las <strong>ventas de veh\u00edculos <\/strong>nuevos en <strong>Estados Unidos <\/strong>han <strong>ca\u00eddo <\/strong>por cuarto mes consecutivo, hasta niveles de hace 30 a\u00f1os. En total, fueron un <strong>35 por ciento menores<\/strong>, por lo que, de continuar esta tendencia, este a\u00f1o podr\u00eda cerrar con ventas inferiores a los 10 <strong>millones de unidades<\/strong>.<\/p>\n<p>Pero entre tanto dato oscuro hay que decir que <strong>Subaru <\/strong>aporta la luz al sector: y es que la firma nipona se apart\u00f3 de las reducciones por segundo mes al anunciar un <strong>aumento de sus ventas <\/strong>en este pa\u00eds del <strong>8 por ciento<\/strong>.<\/p>\n<p>Las estad\u00edsticas de <strong>AutoInfoBank de Ward <\/strong>indican que el volumen neto interanual de ventas del mes de enero en <strong>Estados Unidos <\/strong>ha sido similar a la obtenida en agosto de <strong>1982<\/strong>, cuando alcanz\u00f3 los 9,9 millones. Una fecha en la que el pa\u00eds tambi\u00e9n pasaba por una <strong>recesi\u00f3n econ\u00f3mica<\/strong>.<\/p>\n<p>Los problemas de las empresas automotrices locales y extranjeras se han complicado en los \u00faltimos meses en <strong>Estados Unidos<\/strong>, donde imperan un ambiente de <strong>desempleo<\/strong>, una <strong>menor confianza del consumidor <\/strong>y m\u00e1s <strong>dificultades para la obtenci\u00f3n de cr\u00e9ditos<\/strong>.<\/p>\n","protected":false},"excerpt":{"rendered":"<p>Ya tenemos los datos de enero: las ventas de veh\u00edculos nuevos en Estados Unidos han ca\u00eddo por cuarto mes consecutivo, hasta niveles de hace 30 a\u00f1os. En total, fueron un 35 por ciento menores, por lo que, de continuar esta tendencia, este a\u00f1o podr\u00eda cerrar con ventas inferiores a los 10 millones de unidades. Pero [&hellip;]<\/p>\n","protected":false},"author":21,"featured_media":0,"comment_status":"open","ping_status":"open","sticky":false,"template":"","format":"standard","meta":{"_acf_changed":false,"_eb_attr":"","inline_featured_image":false,"footnotes":""},"categories":[4401],"tags":[1914,426,861,1913,690,1912,4390,1915],"class_list":["post-1887","post","type-post","status-publish","format-standard","hentry","category-nuestra-marca","tag-autoinfobank","tag-crecimiento","tag-crisis","tag-enero","tag-estados-unidos","tag-recesion","tag-subaru","tag-ward"],"acf":[],"yoast_head":"<!-- This site is optimized with the Yoast SEO plugin v27.3 - https:\/\/yoast.com\/product\/yoast-seo-wordpress\/ -->\n<title>Subaru se resiste a sucumbir a la crisis - Universo Subaru<\/title>\n<meta name=\"robots\" content=\"index, follow, max-snippet:-1, max-image-preview:large, max-video-preview:-1\" \/>\n<link rel=\"canonical\" href=\"https:\/\/www.subaru.es\/blog\/nuestra-marca\/subaru-se-resiste-a-sucumbir-a-la-crisis\/\" \/>\n<meta property=\"og:locale\" content=\"es_ES\" \/>\n<meta property=\"og:type\" content=\"article\" \/>\n<meta property=\"og:title\" content=\"Subaru se resiste a sucumbir a la crisis - Universo Subaru\" \/>\n<meta property=\"og:description\" content=\"Ya tenemos los datos de enero: las ventas de veh\u00edculos nuevos en Estados Unidos han ca\u00eddo por cuarto mes consecutivo, hasta niveles de hace 30 a\u00f1os. En total, fueron un 35 por ciento menores, por lo que, de continuar esta tendencia, este a\u00f1o podr\u00eda cerrar con ventas inferiores a los 10 millones de unidades. Pero [&hellip;]\" \/>\n<meta property=\"og:url\" content=\"https:\/\/www.subaru.es\/blog\/nuestra-marca\/subaru-se-resiste-a-sucumbir-a-la-crisis\/\" \/>\n<meta property=\"og:site_name\" content=\"Universo Subaru\" \/>\n<meta property=\"article:publisher\" content=\"https:\/\/www.facebook.com\/subaruespana\" \/>\n<meta property=\"article:published_time\" content=\"2009-05-11T15:07:11+00:00\" \/>\n<meta property=\"article:modified_time\" content=\"2016-10-17T13:08:52+00:00\" \/>\n<meta property=\"og:image\" content=\"https:\/\/www.subaru.es\/blog\/wp-content\/uploads\/2008\/12\/446314682_1ccf72a331.jpg\" \/>\n<meta name=\"author\" content=\"Subaru\" \/>\n<meta name=\"twitter:card\" content=\"summary_large_image\" \/>\n<meta name=\"twitter:label1\" content=\"Escrito por\" \/>\n\t<meta name=\"twitter:data1\" content=\"Subaru\" \/>\n\t<meta name=\"twitter:label2\" content=\"Tiempo de lectura\" \/>\n\t<meta name=\"twitter:data2\" content=\"1 minuto\" \/>\n<script type=\"application\/ld+json\" class=\"yoast-schema-graph\">{\"@context\":\"https:\\\/\\\/schema.org\",\"@graph\":[{\"@type\":\"Article\",\"@id\":\"https:\\\/\\\/www.subaru.es\\\/blog\\\/nuestra-marca\\\/subaru-se-resiste-a-sucumbir-a-la-crisis\\\/#article\",\"isPartOf\":{\"@id\":\"https:\\\/\\\/www.subaru.es\\\/blog\\\/nuestra-marca\\\/subaru-se-resiste-a-sucumbir-a-la-crisis\\\/\"},\"author\":{\"name\":\"Subaru\",\"@id\":\"https:\\\/\\\/www.subaru.es\\\/blog\\\/#\\\/schema\\\/person\\\/19a90b892230b8e0ec752704ddf4aa10\"},\"headline\":\"Subaru se resiste a sucumbir a la crisis\",\"datePublished\":\"2009-05-11T15:07:11+00:00\",\"dateModified\":\"2016-10-17T13:08:52+00:00\",\"mainEntityOfPage\":{\"@id\":\"https:\\\/\\\/www.subaru.es\\\/blog\\\/nuestra-marca\\\/subaru-se-resiste-a-sucumbir-a-la-crisis\\\/\"},\"wordCount\":200,\"commentCount\":0,\"publisher\":{\"@id\":\"https:\\\/\\\/www.subaru.es\\\/blog\\\/#organization\"},\"image\":{\"@id\":\"https:\\\/\\\/www.subaru.es\\\/blog\\\/nuestra-marca\\\/subaru-se-resiste-a-sucumbir-a-la-crisis\\\/#primaryimage\"},\"thumbnailUrl\":\"https:\\\/\\\/www.subaru.es\\\/blog\\\/wp-content\\\/uploads\\\/2008\\\/12\\\/446314682_1ccf72a331.jpg\",\"keywords\":[\"AutoInfoBank\",\"crecimiento\",\"crisis\",\"enero\",\"estados unidos\",\"recesi\u00f3n\",\"Subaru\",\"Ward\"],\"articleSection\":[\"Nuestra marca\"],\"inLanguage\":\"es\",\"potentialAction\":[{\"@type\":\"CommentAction\",\"name\":\"Comment\",\"target\":[\"https:\\\/\\\/www.subaru.es\\\/blog\\\/nuestra-marca\\\/subaru-se-resiste-a-sucumbir-a-la-crisis\\\/#respond\"]}]},{\"@type\":\"WebPage\",\"@id\":\"https:\\\/\\\/www.subaru.es\\\/blog\\\/nuestra-marca\\\/subaru-se-resiste-a-sucumbir-a-la-crisis\\\/\",\"url\":\"https:\\\/\\\/www.subaru.es\\\/blog\\\/nuestra-marca\\\/subaru-se-resiste-a-sucumbir-a-la-crisis\\\/\",\"name\":\"Subaru se resiste a sucumbir a la crisis - Universo Subaru\",\"isPartOf\":{\"@id\":\"https:\\\/\\\/www.subaru.es\\\/blog\\\/#website\"},\"primaryImageOfPage\":{\"@id\":\"https:\\\/\\\/www.subaru.es\\\/blog\\\/nuestra-marca\\\/subaru-se-resiste-a-sucumbir-a-la-crisis\\\/#primaryimage\"},\"image\":{\"@id\":\"https:\\\/\\\/www.subaru.es\\\/blog\\\/nuestra-marca\\\/subaru-se-resiste-a-sucumbir-a-la-crisis\\\/#primaryimage\"},\"thumbnailUrl\":\"https:\\\/\\\/www.subaru.es\\\/blog\\\/wp-content\\\/uploads\\\/2008\\\/12\\\/446314682_1ccf72a331.jpg\",\"datePublished\":\"2009-05-11T15:07:11+00:00\",\"dateModified\":\"2016-10-17T13:08:52+00:00\",\"breadcrumb\":{\"@id\":\"https:\\\/\\\/www.subaru.es\\\/blog\\\/nuestra-marca\\\/subaru-se-resiste-a-sucumbir-a-la-crisis\\\/#breadcrumb\"},\"inLanguage\":\"es\",\"potentialAction\":[{\"@type\":\"ReadAction\",\"target\":[\"https:\\\/\\\/www.subaru.es\\\/blog\\\/nuestra-marca\\\/subaru-se-resiste-a-sucumbir-a-la-crisis\\\/\"]}]},{\"@type\":\"ImageObject\",\"inLanguage\":\"es\",\"@id\":\"https:\\\/\\\/www.subaru.es\\\/blog\\\/nuestra-marca\\\/subaru-se-resiste-a-sucumbir-a-la-crisis\\\/#primaryimage\",\"url\":\"https:\\\/\\\/www.subaru.es\\\/blog\\\/wp-content\\\/uploads\\\/2008\\\/12\\\/446314682_1ccf72a331.jpg\",\"contentUrl\":\"https:\\\/\\\/www.subaru.es\\\/blog\\\/wp-content\\\/uploads\\\/2008\\\/12\\\/446314682_1ccf72a331.jpg\",\"width\":500,\"height\":333},{\"@type\":\"BreadcrumbList\",\"@id\":\"https:\\\/\\\/www.subaru.es\\\/blog\\\/nuestra-marca\\\/subaru-se-resiste-a-sucumbir-a-la-crisis\\\/#breadcrumb\",\"itemListElement\":[{\"@type\":\"ListItem\",\"position\":1,\"name\":\"Portada\",\"item\":\"https:\\\/\\\/www.subaru.es\\\/blog\\\/\"},{\"@type\":\"ListItem\",\"position\":2,\"name\":\"Subaru se resiste a sucumbir a la crisis\"}]},{\"@type\":\"WebSite\",\"@id\":\"https:\\\/\\\/www.subaru.es\\\/blog\\\/#website\",\"url\":\"https:\\\/\\\/www.subaru.es\\\/blog\\\/\",\"name\":\"Universo Subaru\",\"description\":\"Descubre este apasionante espacio de Subaru donde vas a conocer todo sobre nuestros coches y las experiencias que vivimos con ellos. Si est\u00e1s preparado para dejarte seducir por la filosof\u00eda Subaru, qu\u00e9date con nosotros.\",\"publisher\":{\"@id\":\"https:\\\/\\\/www.subaru.es\\\/blog\\\/#organization\"},\"potentialAction\":[{\"@type\":\"SearchAction\",\"target\":{\"@type\":\"EntryPoint\",\"urlTemplate\":\"https:\\\/\\\/www.subaru.es\\\/blog\\\/?s={search_term_string}\"},\"query-input\":{\"@type\":\"PropertyValueSpecification\",\"valueRequired\":true,\"valueName\":\"search_term_string\"}}],\"inLanguage\":\"es\"},{\"@type\":\"Organization\",\"@id\":\"https:\\\/\\\/www.subaru.es\\\/blog\\\/#organization\",\"name\":\"Subaru Espa\u00f1a S.A.\",\"url\":\"https:\\\/\\\/www.subaru.es\\\/blog\\\/\",\"logo\":{\"@type\":\"ImageObject\",\"inLanguage\":\"es\",\"@id\":\"https:\\\/\\\/www.subaru.es\\\/blog\\\/#\\\/schema\\\/logo\\\/image\\\/\",\"url\":\"https:\\\/\\\/www.subaru.es\\\/blog\\\/wp-content\\\/uploads\\\/2016\\\/12\\\/Logo-Subaru-TypeV_C300-scaled.jpg\",\"contentUrl\":\"https:\\\/\\\/www.subaru.es\\\/blog\\\/wp-content\\\/uploads\\\/2016\\\/12\\\/Logo-Subaru-TypeV_C300-scaled.jpg\",\"width\":2560,\"height\":1864,\"caption\":\"Subaru Espa\u00f1a S.A.\"},\"image\":{\"@id\":\"https:\\\/\\\/www.subaru.es\\\/blog\\\/#\\\/schema\\\/logo\\\/image\\\/\"},\"sameAs\":[\"https:\\\/\\\/www.facebook.com\\\/subaruespana\",\"https:\\\/\\\/www.instagram.com\\\/subarues\\\/\",\"https:\\\/\\\/www.youtube.com\\\/user\\\/subaruespana\"]},{\"@type\":\"Person\",\"@id\":\"https:\\\/\\\/www.subaru.es\\\/blog\\\/#\\\/schema\\\/person\\\/19a90b892230b8e0ec752704ddf4aa10\",\"name\":\"Subaru\",\"url\":\"https:\\\/\\\/www.subaru.es\\\/blog\\\/author\\\/subaria\\\/\"}]}<\/script>\n<!-- \/ Yoast SEO plugin. -->","yoast_head_json":{"title":"Subaru se resiste a sucumbir a la crisis - Universo Subaru","robots":{"index":"index","follow":"follow","max-snippet":"max-snippet:-1","max-image-preview":"max-image-preview:large","max-video-preview":"max-video-preview:-1"},"canonical":"https:\/\/www.subaru.es\/blog\/nuestra-marca\/subaru-se-resiste-a-sucumbir-a-la-crisis\/","og_locale":"es_ES","og_type":"article","og_title":"Subaru se resiste a sucumbir a la crisis - Universo Subaru","og_description":"Ya tenemos los datos de enero: las ventas de veh\u00edculos nuevos en Estados Unidos han ca\u00eddo por cuarto mes consecutivo, hasta niveles de hace 30 a\u00f1os. En total, fueron un 35 por ciento menores, por lo que, de continuar esta tendencia, este a\u00f1o podr\u00eda cerrar con ventas inferiores a los 10 millones de unidades. Pero [&hellip;]","og_url":"https:\/\/www.subaru.es\/blog\/nuestra-marca\/subaru-se-resiste-a-sucumbir-a-la-crisis\/","og_site_name":"Universo Subaru","article_publisher":"https:\/\/www.facebook.com\/subaruespana","article_published_time":"2009-05-11T15:07:11+00:00","article_modified_time":"2016-10-17T13:08:52+00:00","og_image":[{"url":"https:\/\/www.subaru.es\/blog\/wp-content\/uploads\/2008\/12\/446314682_1ccf72a331.jpg","type":"","width":"","height":""}],"author":"Subaru","twitter_card":"summary_large_image","twitter_misc":{"Escrito por":"Subaru","Tiempo de lectura":"1 minuto"},"schema":{"@context":"https:\/\/schema.org","@graph":[{"@type":"Article","@id":"https:\/\/www.subaru.es\/blog\/nuestra-marca\/subaru-se-resiste-a-sucumbir-a-la-crisis\/#article","isPartOf":{"@id":"https:\/\/www.subaru.es\/blog\/nuestra-marca\/subaru-se-resiste-a-sucumbir-a-la-crisis\/"},"author":{"name":"Subaru","@id":"https:\/\/www.subaru.es\/blog\/#\/schema\/person\/19a90b892230b8e0ec752704ddf4aa10"},"headline":"Subaru se resiste a sucumbir a la crisis","datePublished":"2009-05-11T15:07:11+00:00","dateModified":"2016-10-17T13:08:52+00:00","mainEntityOfPage":{"@id":"https:\/\/www.subaru.es\/blog\/nuestra-marca\/subaru-se-resiste-a-sucumbir-a-la-crisis\/"},"wordCount":200,"commentCount":0,"publisher":{"@id":"https:\/\/www.subaru.es\/blog\/#organization"},"image":{"@id":"https:\/\/www.subaru.es\/blog\/nuestra-marca\/subaru-se-resiste-a-sucumbir-a-la-crisis\/#primaryimage"},"thumbnailUrl":"https:\/\/www.subaru.es\/blog\/wp-content\/uploads\/2008\/12\/446314682_1ccf72a331.jpg","keywords":["AutoInfoBank","crecimiento","crisis","enero","estados unidos","recesi\u00f3n","Subaru","Ward"],"articleSection":["Nuestra marca"],"inLanguage":"es","potentialAction":[{"@type":"CommentAction","name":"Comment","target":["https:\/\/www.subaru.es\/blog\/nuestra-marca\/subaru-se-resiste-a-sucumbir-a-la-crisis\/#respond"]}]},{"@type":"WebPage","@id":"https:\/\/www.subaru.es\/blog\/nuestra-marca\/subaru-se-resiste-a-sucumbir-a-la-crisis\/","url":"https:\/\/www.subaru.es\/blog\/nuestra-marca\/subaru-se-resiste-a-sucumbir-a-la-crisis\/","name":"Subaru se resiste a sucumbir a la crisis - Universo Subaru","isPartOf":{"@id":"https:\/\/www.subaru.es\/blog\/#website"},"primaryImageOfPage":{"@id":"https:\/\/www.subaru.es\/blog\/nuestra-marca\/subaru-se-resiste-a-sucumbir-a-la-crisis\/#primaryimage"},"image":{"@id":"https:\/\/www.subaru.es\/blog\/nuestra-marca\/subaru-se-resiste-a-sucumbir-a-la-crisis\/#primaryimage"},"thumbnailUrl":"https:\/\/www.subaru.es\/blog\/wp-content\/uploads\/2008\/12\/446314682_1ccf72a331.jpg","datePublished":"2009-05-11T15:07:11+00:00","dateModified":"2016-10-17T13:08:52+00:00","breadcrumb":{"@id":"https:\/\/www.subaru.es\/blog\/nuestra-marca\/subaru-se-resiste-a-sucumbir-a-la-crisis\/#breadcrumb"},"inLanguage":"es","potentialAction":[{"@type":"ReadAction","target":["https:\/\/www.subaru.es\/blog\/nuestra-marca\/subaru-se-resiste-a-sucumbir-a-la-crisis\/"]}]},{"@type":"ImageObject","inLanguage":"es","@id":"https:\/\/www.subaru.es\/blog\/nuestra-marca\/subaru-se-resiste-a-sucumbir-a-la-crisis\/#primaryimage","url":"https:\/\/www.subaru.es\/blog\/wp-content\/uploads\/2008\/12\/446314682_1ccf72a331.jpg","contentUrl":"https:\/\/www.subaru.es\/blog\/wp-content\/uploads\/2008\/12\/446314682_1ccf72a331.jpg","width":500,"height":333},{"@type":"BreadcrumbList","@id":"https:\/\/www.subaru.es\/blog\/nuestra-marca\/subaru-se-resiste-a-sucumbir-a-la-crisis\/#breadcrumb","itemListElement":[{"@type":"ListItem","position":1,"name":"Portada","item":"https:\/\/www.subaru.es\/blog\/"},{"@type":"ListItem","position":2,"name":"Subaru se resiste a sucumbir a la crisis"}]},{"@type":"WebSite","@id":"https:\/\/www.subaru.es\/blog\/#website","url":"https:\/\/www.subaru.es\/blog\/","name":"Universo Subaru","description":"Descubre este apasionante espacio de Subaru donde vas a conocer todo sobre nuestros coches y las experiencias que vivimos con ellos. Si est\u00e1s preparado para dejarte seducir por la filosof\u00eda Subaru, qu\u00e9date con nosotros.","publisher":{"@id":"https:\/\/www.subaru.es\/blog\/#organization"},"potentialAction":[{"@type":"SearchAction","target":{"@type":"EntryPoint","urlTemplate":"https:\/\/www.subaru.es\/blog\/?s={search_term_string}"},"query-input":{"@type":"PropertyValueSpecification","valueRequired":true,"valueName":"search_term_string"}}],"inLanguage":"es"},{"@type":"Organization","@id":"https:\/\/www.subaru.es\/blog\/#organization","name":"Subaru Espa\u00f1a S.A.","url":"https:\/\/www.subaru.es\/blog\/","logo":{"@type":"ImageObject","inLanguage":"es","@id":"https:\/\/www.subaru.es\/blog\/#\/schema\/logo\/image\/","url":"https:\/\/www.subaru.es\/blog\/wp-content\/uploads\/2016\/12\/Logo-Subaru-TypeV_C300-scaled.jpg","contentUrl":"https:\/\/www.subaru.es\/blog\/wp-content\/uploads\/2016\/12\/Logo-Subaru-TypeV_C300-scaled.jpg","width":2560,"height":1864,"caption":"Subaru Espa\u00f1a S.A."},"image":{"@id":"https:\/\/www.subaru.es\/blog\/#\/schema\/logo\/image\/"},"sameAs":["https:\/\/www.facebook.com\/subaruespana","https:\/\/www.instagram.com\/subarues\/","https:\/\/www.youtube.com\/user\/subaruespana"]},{"@type":"Person","@id":"https:\/\/www.subaru.es\/blog\/#\/schema\/person\/19a90b892230b8e0ec752704ddf4aa10","name":"Subaru","url":"https:\/\/www.subaru.es\/blog\/author\/subaria\/"}]}},"_links":{"self":[{"href":"https:\/\/www.subaru.es\/blog\/wp-json\/wp\/v2\/posts\/1887","targetHints":{"allow":["GET"]}}],"collection":[{"href":"https:\/\/www.subaru.es\/blog\/wp-json\/wp\/v2\/posts"}],"about":[{"href":"https:\/\/www.subaru.es\/blog\/wp-json\/wp\/v2\/types\/post"}],"author":[{"embeddable":true,"href":"https:\/\/www.subaru.es\/blog\/wp-json\/wp\/v2\/users\/21"}],"replies":[{"embeddable":true,"href":"https:\/\/www.subaru.es\/blog\/wp-json\/wp\/v2\/comments?post=1887"}],"version-history":[{"count":1,"href":"https:\/\/www.subaru.es\/blog\/wp-json\/wp\/v2\/posts\/1887\/revisions"}],"predecessor-version":[{"id":15221,"href":"https:\/\/www.subaru.es\/blog\/wp-json\/wp\/v2\/posts\/1887\/revisions\/15221"}],"wp:attachment":[{"href":"https:\/\/www.subaru.es\/blog\/wp-json\/wp\/v2\/media?parent=1887"}],"wp:term":[{"taxonomy":"category","embeddable":true,"href":"https:\/\/www.subaru.es\/blog\/wp-json\/wp\/v2\/categories?post=1887"},{"taxonomy":"post_tag","embeddable":true,"href":"https:\/\/www.subaru.es\/blog\/wp-json\/wp\/v2\/tags?post=1887"}],"curies":[{"name":"wp","href":"https:\/\/api.w.org\/{rel}","templated":true}]}}