{"id":18819,"date":"2018-04-12T18:19:36","date_gmt":"2018-04-12T16:19:36","guid":{"rendered":"https:\/\/www.subaru.es\/blog\/?p=18819"},"modified":"2018-04-12T18:19:36","modified_gmt":"2018-04-12T16:19:36","slug":"historia-de-javi-10-subaru","status":"publish","type":"post","link":"https:\/\/www.subaru.es\/blog\/subaru-lifestyle\/historia-de-javi-10-subaru\/","title":{"rendered":"La historia de Javi y sus 10 Subarus"},"content":{"rendered":"<p><strong>Javi Cano Mar\u00edn es el orgulloso propietario de 10 Subaru que marcaron una \u00e9poca de 1986 a 1993.<\/strong><\/p>\n<p>Cuando tienes una pasi\u00f3n, cuando un sue\u00f1o se convierte en la gasolina para vivir nuevas experiencias, conocer nuevos amigos, emprender viajes y embarcarte en proyectos inmensos y, absolutamente enloquecedores, es que est\u00e1s hecho de otra pasta, es que eres un <a href=\"https:\/\/www.subaru.es\/blog\/subaru-offroaders\/filosofia-subaruoffroaders\/\" target=\"_blank\" rel=\"noopener\"><strong>Subaru OffRoaders<\/strong><\/a>. <strong>Esta es la historia real de Javi Cano Mar\u00edn, el orgulloso propietario que ha recuperado y rescatado una decena de veh\u00edculos <a href=\"https:\/\/www.subaru.es\" target=\"_blank\" rel=\"noopener\">Subaru<\/a>.<\/strong><\/p>\n<p><img decoding=\"async\" width=\"560\" height=\"374\" class=\"aligncenter size-medium wp-image-18830 lazyload\" data-src=\"https:\/\/www.subaru.es\/blog\/wp-content\/uploads\/2018\/04\/VIAJE-XT-fin-560x374.jpg\" alt=\"\" data-srcset=\"https:\/\/www.subaru.es\/blog\/wp-content\/uploads\/2018\/04\/VIAJE-XT-fin-560x374.jpg 560w, https:\/\/www.subaru.es\/blog\/wp-content\/uploads\/2018\/04\/VIAJE-XT-fin-768x512.jpg 768w, https:\/\/www.subaru.es\/blog\/wp-content\/uploads\/2018\/04\/VIAJE-XT-fin.jpg 1024w\" data-sizes=\"(max-width: 560px) 100vw, 560px\" src=\"data:image\/svg+xml;base64,PHN2ZyB3aWR0aD0iMSIgaGVpZ2h0PSIxIiB4bWxucz0iaHR0cDovL3d3dy53My5vcmcvMjAwMC9zdmciPjwvc3ZnPg==\" style=\"--smush-placeholder-width: 560px; --smush-placeholder-aspect-ratio: 560\/374;\" \/><\/p>\n<p>Javi era un adolescente, no ten\u00eda m\u00e1s de 15 a\u00f1os, cuando le pidieron hacer un fotomontaje como trabajo en el instituto. \u201cRecordaba haber visto una imagen de un coche de faros escamoteables y extra\u00f1o dise\u00f1o, muy ochentero y de la caracter\u00edstica visi\u00f3n futurista y angulosa de dicha d\u00e9cada.\u00a0 No sab\u00eda lo que era, pero decid\u00ed que ese ser\u00eda el motivo a emplear en mi composici\u00f3n\u201d, comenta Javier. \u201cPensaba que era un prototipo, pero descubr\u00ed que era un <a href=\"https:\/\/www.subaru.es\/blog\/nuestra-marca\/subaru-alcyone-la-belleza-de-un-mito\/\" target=\"_blank\" rel=\"noopener\"><strong>Subaru Alcyone<\/strong><\/a> Turbo (o XT\/Vortex seg\u00fan el pa\u00eds), y que, para mi sorpresa, fue un modelo producido en serie. Tuve claro que aquel fotomontaje de un XT, en la parcela de la casa de mis padres, ser\u00eda una realidad pocos a\u00f1os m\u00e1s tarde\u201d.<\/p>\n<p><img decoding=\"async\" width=\"560\" height=\"373\" class=\"aligncenter size-medium wp-image-18825 lazyload\" data-src=\"https:\/\/www.subaru.es\/blog\/wp-content\/uploads\/2018\/04\/2-SEGUNDO-XT-puesto-en-marcha-2-560x373.jpg\" alt=\"\" data-srcset=\"https:\/\/www.subaru.es\/blog\/wp-content\/uploads\/2018\/04\/2-SEGUNDO-XT-puesto-en-marcha-2-560x373.jpg 560w, https:\/\/www.subaru.es\/blog\/wp-content\/uploads\/2018\/04\/2-SEGUNDO-XT-puesto-en-marcha-2-768x512.jpg 768w, https:\/\/www.subaru.es\/blog\/wp-content\/uploads\/2018\/04\/2-SEGUNDO-XT-puesto-en-marcha-2.jpg 800w\" data-sizes=\"(max-width: 560px) 100vw, 560px\" src=\"data:image\/svg+xml;base64,PHN2ZyB3aWR0aD0iMSIgaGVpZ2h0PSIxIiB4bWxucz0iaHR0cDovL3d3dy53My5vcmcvMjAwMC9zdmciPjwvc3ZnPg==\" style=\"--smush-placeholder-width: 560px; --smush-placeholder-aspect-ratio: 560\/373;\" \/><\/p>\n<p><strong>SUS PRIMEROS SUBARUS<\/strong><\/p>\n<p>El <strong>Subaru XT Turbo full time 4wd (1988, color blanco) <\/strong>fue su primer Subaru. \u201cFuncionaba, pero hab\u00eda mucho por hacer, sobretodo est\u00e9ticamente. Vicente, su m\u00e1s que buen due\u00f1o anterior, tuvo la enorme consideraci\u00f3n de permitirme pag\u00e1rselo a plazos, un \u00abpacto de caballeros\u00bb como bien dijo\u201d, recuerda Javier. A\u00fan no lo sab\u00eda, pero esa pasi\u00f3n solo acaba de comenzar. \u201cA pesar de tener mi ansiado XT, segu\u00eda con el gusanillo de conseguir una primera serie, con todas sus diferencias (paragolpes delantero, asientos y tapizados, tracci\u00f3n a las 4 ruedas conectable con su bot\u00f3n rojo en la palanca de cambios&#8230; y m\u00e1s detalles)\u201d, especifica.<\/p>\n<p>Lleg\u00f3 entonces el <strong>Subaru XT\u00a0Turbo 4wd (1987, color blanco)<\/strong>. \u201cLo compr\u00e9 en una chatarrer\u00eda, en muy mal estado y sin funcionar. Estuvo 10 a\u00f1os tirado en un campo antes de ser mandado a la chatarra. Una aut\u00e9ntica odisea traerlo&#8230; \u201c, nos comenta.<\/p>\n<p>Habr\u00eda m\u00e1s retos a los que enfrentarse cuando consigui\u00f3 la <a href=\"https:\/\/www.subaru.es\/blog\/motor\/historia-subaru-pantalla-8\/\" target=\"_blank\" rel=\"noopener\"><strong>Subaru Libero<\/strong><\/a><strong> 4wd,\u00a0(1988, color gris). <\/strong>\u201cLa compr\u00e9 desmontada, oxidada y con el motor tambi\u00e9n roto. Su interior estaba tan sucio y en mal estado que fue preferible cambiarlo por completo\u201d. A pesar de su rid\u00edculo precio (250 euros), el vendedor lleg\u00f3 a decirle que no la comprase porque estaba muy mal, nos comenta como an\u00e9cdota.<\/p>\n<p><img decoding=\"async\" width=\"560\" height=\"420\" class=\"aligncenter size-medium wp-image-18829 lazyload\" data-src=\"https:\/\/www.subaru.es\/blog\/wp-content\/uploads\/2018\/04\/VIAJE-LIBERO-copia-560x420.jpg\" alt=\"\" data-srcset=\"https:\/\/www.subaru.es\/blog\/wp-content\/uploads\/2018\/04\/VIAJE-LIBERO-copia-560x420.jpg 560w, https:\/\/www.subaru.es\/blog\/wp-content\/uploads\/2018\/04\/VIAJE-LIBERO-copia-768x576.jpg 768w, https:\/\/www.subaru.es\/blog\/wp-content\/uploads\/2018\/04\/VIAJE-LIBERO-copia.jpg 800w\" data-sizes=\"(max-width: 560px) 100vw, 560px\" src=\"data:image\/svg+xml;base64,PHN2ZyB3aWR0aD0iMSIgaGVpZ2h0PSIxIiB4bWxucz0iaHR0cDovL3d3dy53My5vcmcvMjAwMC9zdmciPjwvc3ZnPg==\" style=\"--smush-placeholder-width: 560px; --smush-placeholder-aspect-ratio: 560\/420;\" \/><\/p>\n<p><strong>LA FAMILIA CRECE<\/strong><\/p>\n<p>A estas alturas, Javi incorporar\u00eda nuevos XT a su \u201ccolecci\u00f3n\u201d. Lleg\u00f3 el turno del <strong>Subaru XT Turbo 4wd, azul (1987, color azul).<\/strong> \u201cEstaba tirado junto a un outlet a las afueras de una ciudad, en estado de abandono. Un chico que lo divis\u00f3 y sab\u00eda de mi afici\u00f3n por el modelo (Abel, ahora buen amigo gracias a ello), me avis\u00f3. Gracias a \u00e9l y su comprensivo propietario, pude adquirirlo y reacondicionarlo\u201d.<\/p>\n<p>\u00a1Suma un <strong>Subaru XT Turbo full time 4wd (1990, color gris plata) <\/strong>y sigue!<strong> \u201c<\/strong>Este XT estaba en la calle, muy desmejorado y con aspecto de abandono, abierto, con un cristal roto tapado con pl\u00e1sticos, sin un retrovisor&#8230; Y con cartel de se vende. El coche ya ni arrancaba, pero con una bomba de gasolina nueva y una escolta de amigos, pude llevarlo a la base de transportes donde me lo traer\u00edan a casa\u201d.<\/p>\n<p>Sin embargo, una de sus capturas que m\u00e1s esfuerzo requerir\u00eda estar\u00eda a punto de llegar. Fue la del <a href=\"https:\/\/www.subaru.es\/blog\/nuestra-marca\/nuevo-subaru-justy-el-compacto-que-sorprende\/\" target=\"_blank\" rel=\"noopener\"><strong>Subaru Justy<\/strong><\/a><strong> 4wd (1987, bitono azul-gris)<\/strong>. \u201cEl coche estaba mal anunciado y con fotos de otro modelo. Estaba a m\u00e1s de 500 km de m\u00ed y al llegar, me dijeron que no funcionaba. Por suerte, mi amigo Alfonso y yo lo hicimos funcionar para traerlo\u201d.<\/p>\n<p><strong>\u00bfAdivin\u00e1is?<\/strong> \u00a1El sexto coche que conseguir\u00eda fue otro XT! En esta ocasi\u00f3n, un <strong>Subaru XT Turbo 4wd, (1986, color rojo).<\/strong> \u201cEstaba a unos 100 km de distancia, ten\u00eda problemas de suspensi\u00f3n, sin cristal trasero, mal de pintura, lleno de golpes y pegatinas, con neum\u00e1ticos de tacos y defensas soldadas&#8230; A\u00f1os m\u00e1s tarde y por azares del destino, un chico que se hizo con \u00e9l, decidi\u00f3 venderlo tras un tiempo. No lo lleg\u00f3 a tocar el tiempo que lo tuvo, pero esos a\u00f1os le sentaron muy mal al coche, que fue m\u00e1s golpeado y pas\u00f3 gran parte del tiempo en un campo expuesto a los elementos y sirviendo de cobijo a los gatos\u201d, nos comenta.<\/p>\n<p><img decoding=\"async\" width=\"534\" height=\"800\" class=\"aligncenter size-full wp-image-18828 lazyload\" data-src=\"https:\/\/www.subaru.es\/blog\/wp-content\/uploads\/2018\/04\/5-XT-gris-adecentado-2.jpg\" alt=\"\" src=\"data:image\/svg+xml;base64,PHN2ZyB3aWR0aD0iMSIgaGVpZ2h0PSIxIiB4bWxucz0iaHR0cDovL3d3dy53My5vcmcvMjAwMC9zdmciPjwvc3ZnPg==\" style=\"--smush-placeholder-width: 534px; --smush-placeholder-aspect-ratio: 534\/800;\" \/><\/p>\n<p><strong>LOS \u00daLTIMOS EN LLEGAR<\/strong><\/p>\n<p>Los tres \u00faltimos Subaru (por el momento) que llegar\u00edan a su vida fueron el Legacy y dos 1800. El <a href=\"https:\/\/www.subaru.es\/blog\/nuestra-marca\/el-subaru-legacy-y-la-historia-del-record-de-los-100-000-km\/\" target=\"_blank\" rel=\"noopener\"><strong>Subaru Legacy<\/strong><\/a><strong> sed\u00e1n turbo (1993, color granate)<\/strong> \u201cestaba en un aparcamiento subterr\u00e1neo privado, por lo que al verlo durante varios meses en la calle un amigo decidi\u00f3 dejarle una nota. Los propietarios accedieron a venderlo, y pude hacerme con \u00e9l. Aprovecho para darle de nuevo las gracias por todo, \u00a1grande Fran!\u201d.<\/p>\n<p>En cuanto al <strong>Subaru 1800 coup\u00e9 turbo full time 4wd, (1989, color rojo), <\/strong>Javi comenta que \u201cha sido una compra reciente. Acababa de comprar unos altavoces de \u00e9poca y el particular que me los vendi\u00f3 pregunt\u00f3 d\u00f3nde ten\u00eda pensado colocarlos. Al responder que seguramente en un Subaru XT, me respondi\u00f3 que un amigo suyo ten\u00eda un viejo Subaru coup\u00e9 y estaba pensando en despiezarlo. R\u00e1pidamente me puse en contacto y lo adquir\u00ed completo; har\u00e9 todo lo que pueda por dejarlo de nuevo como se merece\u201d.<\/p>\n<p>El \u00faltimo en llegar a la \u201ccolecci\u00f3n\u201d de Javier ha sido el <strong>Subaru 1800 wagon 4wd, (1987, color gris)<\/strong>. \u201cUna compra del mes pasado, tal cual. Gracias a una cadena de casualidades y amigos, una buena ma\u00f1ana me lleg\u00f3 un mensaje avisando de que iban a mandar un coche al desguace. Gracias a Max, quien dio con \u00e9l en el garaje de la casa y que quiso evitar que acabase en el desguace, pude hacerme con \u00e9l. Llevaba ah\u00ed m\u00e1s de 10 a\u00f1os, incluso le hab\u00edan pintado los cristales, faros y matr\u00edculas con pintura de pared&#8230; No he podido resistir ponerme manos a la obra con \u00e9l, y ya est\u00e1 funcionando a falta de algunos detalles\u201d, culmina.<\/p>\n<p>Cuando le preguntamos sobre cu\u00e1l de la decena de Subarus es su favorito, no duda al responder. \u201cTeniendo 5 Subaru XT, mentir\u00eda si dijera que no es un modelo especial para m\u00ed. Incluso el primero, que es objetivamente el menos interesante; nunca olvidar\u00e9 la sensaci\u00f3n que tuve cuando qued\u00e9 con el due\u00f1o y lo vi llegar con \u00e9l, fue algo indescriptible\u201d, destaca.<\/p>\n<p><strong>\u00bfY AHORA QU\u00c9\u2026?<\/strong><\/p>\n<p>Javi explica que entre sus pr\u00f3ximos planes est\u00e1 ponerle al completo los accesorios originales al Subaru Justy, su deseo de completar la gama de los a\u00f1os 80 y la dificultad de encontrar amortiguadores de aire. Tambi\u00e9n habla de su inter\u00e9s por lograr un <a href=\"https:\/\/www.subaru.es\/blog\/nuestra-marca\/360-primer-subaru-pasajeros\/\" target=\"_blank\" rel=\"noopener\"><strong>Subaru 360<\/strong><\/a>, de su <strong>experiencia positiva a lo largo de estos a\u00f1os con Subaru<\/strong> y su atracci\u00f3n por modelos m\u00e1s actuales, como el <a href=\"https:\/\/www.subaru.es\/vehiculos\/wrx\" target=\"_blank\" rel=\"noopener\"><strong>Subaru WRX<\/strong><\/a> o el <a href=\"https:\/\/www.subaru.es\/vehiculos\/levorg\" target=\"_blank\" rel=\"noopener\"><strong>Subaru Levorg<\/strong><\/a>.<\/p>\n<p>Todo es interesante y cada an\u00e9cdota da lugar a una nueva aventura, pero eso ya es otra historia&#8230;<\/p>\n<p>CONTINUAR\u00c1&#8230;.<\/p>\n<p><strong>*Gracias a Javi por su dedicaci\u00f3n en contarnos su apasionante historia. \u00a1Un gran Subarista y todo un #SubaruOffRoaders!<\/strong><\/p>\n<p>&nbsp;<\/p>\n","protected":false},"excerpt":{"rendered":"<p>Javi Cano Mar\u00edn es el orgulloso propietario de 10 Subaru que marcaron una \u00e9poca de 1986 a 1993. Cuando tienes una pasi\u00f3n, cuando un sue\u00f1o se convierte en la gasolina para vivir nuevas experiencias, conocer nuevos amigos, emprender viajes y embarcarte en proyectos inmensos y, absolutamente enloquecedores, es que est\u00e1s hecho de otra pasta, es [&hellip;]<\/p>\n","protected":false},"author":21,"featured_media":18838,"comment_status":"open","ping_status":"closed","sticky":false,"template":"","format":"standard","meta":{"_acf_changed":false,"_eb_attr":"","inline_featured_image":false,"footnotes":""},"categories":[4520],"tags":[4582,4474,4583,64,2423,4239,4580,4584,4579,4437,4581,4585],"class_list":["post-18819","post","type-post","status-publish","format-standard","has-post-thumbnail","hentry","category-subaru-lifestyle","tag-subaru-1800","tag-subaru-alcyone","tag-subaru-coupe","tag-subaru-espana","tag-subaru-justy","tag-subaru-levorg","tag-subaru-libero","tag-subaru-wagon","tag-subaru-xt-turbo","tag-subaruoffroaders","tag-subary-legacy","tag-subary-wrx"],"acf":[],"yoast_head":"<!-- This site is optimized with the Yoast SEO plugin v27.3 - https:\/\/yoast.com\/product\/yoast-seo-wordpress\/ -->\n<title>La historia de Javi y sus 10 Subarus - Universo Subaru<\/title>\n<meta name=\"description\" content=\"Javi Cano Mar\u00edn es el orgulloso propietario de 10 Subaru que marcaron una \u00e9poca de 1986 a 1993.\" \/>\n<meta name=\"robots\" content=\"index, follow, max-snippet:-1, max-image-preview:large, max-video-preview:-1\" \/>\n<link rel=\"canonical\" href=\"https:\/\/www.subaru.es\/blog\/subaru-lifestyle\/historia-de-javi-10-subaru\/\" \/>\n<meta property=\"og:locale\" content=\"es_ES\" \/>\n<meta property=\"og:type\" content=\"article\" \/>\n<meta property=\"og:title\" content=\"La historia de Javi y sus 10 Subarus - Universo Subaru\" \/>\n<meta property=\"og:description\" content=\"Javi Cano Mar\u00edn es el orgulloso propietario de 10 Subaru que marcaron una \u00e9poca de 1986 a 1993.\" \/>\n<meta property=\"og:url\" content=\"https:\/\/www.subaru.es\/blog\/subaru-lifestyle\/historia-de-javi-10-subaru\/\" \/>\n<meta property=\"og:site_name\" content=\"Universo Subaru\" \/>\n<meta property=\"article:publisher\" content=\"https:\/\/www.facebook.com\/subaruespana\" \/>\n<meta property=\"article:published_time\" content=\"2018-04-12T16:19:36+00:00\" \/>\n<meta property=\"og:image\" content=\"https:\/\/www.subaru.es\/blog\/wp-content\/uploads\/2018\/04\/con_persona2.png\" \/>\n\t<meta property=\"og:image:width\" content=\"1034\" \/>\n\t<meta property=\"og:image:height\" content=\"347\" \/>\n\t<meta property=\"og:image:type\" content=\"image\/png\" \/>\n<meta name=\"author\" content=\"Subaru\" \/>\n<meta name=\"twitter:card\" content=\"summary_large_image\" \/>\n<meta name=\"twitter:label1\" content=\"Escrito por\" \/>\n\t<meta name=\"twitter:data1\" content=\"Subaru\" \/>\n\t<meta name=\"twitter:label2\" content=\"Tiempo de lectura\" \/>\n\t<meta name=\"twitter:data2\" content=\"6 minutos\" \/>\n<script type=\"application\/ld+json\" class=\"yoast-schema-graph\">{\"@context\":\"https:\\\/\\\/schema.org\",\"@graph\":[{\"@type\":\"Article\",\"@id\":\"https:\\\/\\\/www.subaru.es\\\/blog\\\/subaru-lifestyle\\\/historia-de-javi-10-subaru\\\/#article\",\"isPartOf\":{\"@id\":\"https:\\\/\\\/www.subaru.es\\\/blog\\\/subaru-lifestyle\\\/historia-de-javi-10-subaru\\\/\"},\"author\":{\"name\":\"Subaru\",\"@id\":\"https:\\\/\\\/www.subaru.es\\\/blog\\\/#\\\/schema\\\/person\\\/19a90b892230b8e0ec752704ddf4aa10\"},\"headline\":\"La historia de Javi y sus 10 Subarus\",\"datePublished\":\"2018-04-12T16:19:36+00:00\",\"mainEntityOfPage\":{\"@id\":\"https:\\\/\\\/www.subaru.es\\\/blog\\\/subaru-lifestyle\\\/historia-de-javi-10-subaru\\\/\"},\"wordCount\":1262,\"commentCount\":3,\"publisher\":{\"@id\":\"https:\\\/\\\/www.subaru.es\\\/blog\\\/#organization\"},\"image\":{\"@id\":\"https:\\\/\\\/www.subaru.es\\\/blog\\\/subaru-lifestyle\\\/historia-de-javi-10-subaru\\\/#primaryimage\"},\"thumbnailUrl\":\"https:\\\/\\\/www.subaru.es\\\/blog\\\/wp-content\\\/uploads\\\/2018\\\/04\\\/con_persona2.png\",\"keywords\":[\"Subaru 1800\",\"Subaru Alcyone\",\"Subaru coupe\",\"subaru espa\u00f1a\",\"Subaru Justy\",\"Subaru Levorg\",\"Subaru Libero\",\"Subaru wagon\",\"subaru XT Turbo\",\"SubaruOffroaders\",\"Subary Legacy\",\"Subary WRX\"],\"articleSection\":[\"Subaru LifeStyle\"],\"inLanguage\":\"es\",\"potentialAction\":[{\"@type\":\"CommentAction\",\"name\":\"Comment\",\"target\":[\"https:\\\/\\\/www.subaru.es\\\/blog\\\/subaru-lifestyle\\\/historia-de-javi-10-subaru\\\/#respond\"]}]},{\"@type\":\"WebPage\",\"@id\":\"https:\\\/\\\/www.subaru.es\\\/blog\\\/subaru-lifestyle\\\/historia-de-javi-10-subaru\\\/\",\"url\":\"https:\\\/\\\/www.subaru.es\\\/blog\\\/subaru-lifestyle\\\/historia-de-javi-10-subaru\\\/\",\"name\":\"La historia de Javi y sus 10 Subarus - Universo Subaru\",\"isPartOf\":{\"@id\":\"https:\\\/\\\/www.subaru.es\\\/blog\\\/#website\"},\"primaryImageOfPage\":{\"@id\":\"https:\\\/\\\/www.subaru.es\\\/blog\\\/subaru-lifestyle\\\/historia-de-javi-10-subaru\\\/#primaryimage\"},\"image\":{\"@id\":\"https:\\\/\\\/www.subaru.es\\\/blog\\\/subaru-lifestyle\\\/historia-de-javi-10-subaru\\\/#primaryimage\"},\"thumbnailUrl\":\"https:\\\/\\\/www.subaru.es\\\/blog\\\/wp-content\\\/uploads\\\/2018\\\/04\\\/con_persona2.png\",\"datePublished\":\"2018-04-12T16:19:36+00:00\",\"description\":\"Javi Cano Mar\u00edn es el orgulloso propietario de 10 Subaru que marcaron una \u00e9poca de 1986 a 1993.\",\"breadcrumb\":{\"@id\":\"https:\\\/\\\/www.subaru.es\\\/blog\\\/subaru-lifestyle\\\/historia-de-javi-10-subaru\\\/#breadcrumb\"},\"inLanguage\":\"es\",\"potentialAction\":[{\"@type\":\"ReadAction\",\"target\":[\"https:\\\/\\\/www.subaru.es\\\/blog\\\/subaru-lifestyle\\\/historia-de-javi-10-subaru\\\/\"]}]},{\"@type\":\"ImageObject\",\"inLanguage\":\"es\",\"@id\":\"https:\\\/\\\/www.subaru.es\\\/blog\\\/subaru-lifestyle\\\/historia-de-javi-10-subaru\\\/#primaryimage\",\"url\":\"https:\\\/\\\/www.subaru.es\\\/blog\\\/wp-content\\\/uploads\\\/2018\\\/04\\\/con_persona2.png\",\"contentUrl\":\"https:\\\/\\\/www.subaru.es\\\/blog\\\/wp-content\\\/uploads\\\/2018\\\/04\\\/con_persona2.png\",\"width\":1034,\"height\":347},{\"@type\":\"BreadcrumbList\",\"@id\":\"https:\\\/\\\/www.subaru.es\\\/blog\\\/subaru-lifestyle\\\/historia-de-javi-10-subaru\\\/#breadcrumb\",\"itemListElement\":[{\"@type\":\"ListItem\",\"position\":1,\"name\":\"Portada\",\"item\":\"https:\\\/\\\/www.subaru.es\\\/blog\\\/\"},{\"@type\":\"ListItem\",\"position\":2,\"name\":\"La historia de Javi y sus 10 Subarus\"}]},{\"@type\":\"WebSite\",\"@id\":\"https:\\\/\\\/www.subaru.es\\\/blog\\\/#website\",\"url\":\"https:\\\/\\\/www.subaru.es\\\/blog\\\/\",\"name\":\"Universo Subaru\",\"description\":\"Descubre este apasionante espacio de Subaru donde vas a conocer todo sobre nuestros coches y las experiencias que vivimos con ellos. Si est\u00e1s preparado para dejarte seducir por la filosof\u00eda Subaru, qu\u00e9date con nosotros.\",\"publisher\":{\"@id\":\"https:\\\/\\\/www.subaru.es\\\/blog\\\/#organization\"},\"potentialAction\":[{\"@type\":\"SearchAction\",\"target\":{\"@type\":\"EntryPoint\",\"urlTemplate\":\"https:\\\/\\\/www.subaru.es\\\/blog\\\/?s={search_term_string}\"},\"query-input\":{\"@type\":\"PropertyValueSpecification\",\"valueRequired\":true,\"valueName\":\"search_term_string\"}}],\"inLanguage\":\"es\"},{\"@type\":\"Organization\",\"@id\":\"https:\\\/\\\/www.subaru.es\\\/blog\\\/#organization\",\"name\":\"Subaru Espa\u00f1a S.A.\",\"url\":\"https:\\\/\\\/www.subaru.es\\\/blog\\\/\",\"logo\":{\"@type\":\"ImageObject\",\"inLanguage\":\"es\",\"@id\":\"https:\\\/\\\/www.subaru.es\\\/blog\\\/#\\\/schema\\\/logo\\\/image\\\/\",\"url\":\"https:\\\/\\\/www.subaru.es\\\/blog\\\/wp-content\\\/uploads\\\/2016\\\/12\\\/Logo-Subaru-TypeV_C300-scaled.jpg\",\"contentUrl\":\"https:\\\/\\\/www.subaru.es\\\/blog\\\/wp-content\\\/uploads\\\/2016\\\/12\\\/Logo-Subaru-TypeV_C300-scaled.jpg\",\"width\":2560,\"height\":1864,\"caption\":\"Subaru Espa\u00f1a S.A.\"},\"image\":{\"@id\":\"https:\\\/\\\/www.subaru.es\\\/blog\\\/#\\\/schema\\\/logo\\\/image\\\/\"},\"sameAs\":[\"https:\\\/\\\/www.facebook.com\\\/subaruespana\",\"https:\\\/\\\/www.instagram.com\\\/subarues\\\/\",\"https:\\\/\\\/www.youtube.com\\\/user\\\/subaruespana\"]},{\"@type\":\"Person\",\"@id\":\"https:\\\/\\\/www.subaru.es\\\/blog\\\/#\\\/schema\\\/person\\\/19a90b892230b8e0ec752704ddf4aa10\",\"name\":\"Subaru\",\"url\":\"https:\\\/\\\/www.subaru.es\\\/blog\\\/author\\\/subaria\\\/\"}]}<\/script>\n<!-- \/ Yoast SEO plugin. -->","yoast_head_json":{"title":"La historia de Javi y sus 10 Subarus - Universo Subaru","description":"Javi Cano Mar\u00edn es el orgulloso propietario de 10 Subaru que marcaron una \u00e9poca de 1986 a 1993.","robots":{"index":"index","follow":"follow","max-snippet":"max-snippet:-1","max-image-preview":"max-image-preview:large","max-video-preview":"max-video-preview:-1"},"canonical":"https:\/\/www.subaru.es\/blog\/subaru-lifestyle\/historia-de-javi-10-subaru\/","og_locale":"es_ES","og_type":"article","og_title":"La historia de Javi y sus 10 Subarus - Universo Subaru","og_description":"Javi Cano Mar\u00edn es el orgulloso propietario de 10 Subaru que marcaron una \u00e9poca de 1986 a 1993.","og_url":"https:\/\/www.subaru.es\/blog\/subaru-lifestyle\/historia-de-javi-10-subaru\/","og_site_name":"Universo Subaru","article_publisher":"https:\/\/www.facebook.com\/subaruespana","article_published_time":"2018-04-12T16:19:36+00:00","og_image":[{"width":1034,"height":347,"url":"https:\/\/www.subaru.es\/blog\/wp-content\/uploads\/2018\/04\/con_persona2.png","type":"image\/png"}],"author":"Subaru","twitter_card":"summary_large_image","twitter_misc":{"Escrito por":"Subaru","Tiempo de lectura":"6 minutos"},"schema":{"@context":"https:\/\/schema.org","@graph":[{"@type":"Article","@id":"https:\/\/www.subaru.es\/blog\/subaru-lifestyle\/historia-de-javi-10-subaru\/#article","isPartOf":{"@id":"https:\/\/www.subaru.es\/blog\/subaru-lifestyle\/historia-de-javi-10-subaru\/"},"author":{"name":"Subaru","@id":"https:\/\/www.subaru.es\/blog\/#\/schema\/person\/19a90b892230b8e0ec752704ddf4aa10"},"headline":"La historia de Javi y sus 10 Subarus","datePublished":"2018-04-12T16:19:36+00:00","mainEntityOfPage":{"@id":"https:\/\/www.subaru.es\/blog\/subaru-lifestyle\/historia-de-javi-10-subaru\/"},"wordCount":1262,"commentCount":3,"publisher":{"@id":"https:\/\/www.subaru.es\/blog\/#organization"},"image":{"@id":"https:\/\/www.subaru.es\/blog\/subaru-lifestyle\/historia-de-javi-10-subaru\/#primaryimage"},"thumbnailUrl":"https:\/\/www.subaru.es\/blog\/wp-content\/uploads\/2018\/04\/con_persona2.png","keywords":["Subaru 1800","Subaru Alcyone","Subaru coupe","subaru espa\u00f1a","Subaru Justy","Subaru Levorg","Subaru Libero","Subaru wagon","subaru XT Turbo","SubaruOffroaders","Subary Legacy","Subary WRX"],"articleSection":["Subaru LifeStyle"],"inLanguage":"es","potentialAction":[{"@type":"CommentAction","name":"Comment","target":["https:\/\/www.subaru.es\/blog\/subaru-lifestyle\/historia-de-javi-10-subaru\/#respond"]}]},{"@type":"WebPage","@id":"https:\/\/www.subaru.es\/blog\/subaru-lifestyle\/historia-de-javi-10-subaru\/","url":"https:\/\/www.subaru.es\/blog\/subaru-lifestyle\/historia-de-javi-10-subaru\/","name":"La historia de Javi y sus 10 Subarus - Universo Subaru","isPartOf":{"@id":"https:\/\/www.subaru.es\/blog\/#website"},"primaryImageOfPage":{"@id":"https:\/\/www.subaru.es\/blog\/subaru-lifestyle\/historia-de-javi-10-subaru\/#primaryimage"},"image":{"@id":"https:\/\/www.subaru.es\/blog\/subaru-lifestyle\/historia-de-javi-10-subaru\/#primaryimage"},"thumbnailUrl":"https:\/\/www.subaru.es\/blog\/wp-content\/uploads\/2018\/04\/con_persona2.png","datePublished":"2018-04-12T16:19:36+00:00","description":"Javi Cano Mar\u00edn es el orgulloso propietario de 10 Subaru que marcaron una \u00e9poca de 1986 a 1993.","breadcrumb":{"@id":"https:\/\/www.subaru.es\/blog\/subaru-lifestyle\/historia-de-javi-10-subaru\/#breadcrumb"},"inLanguage":"es","potentialAction":[{"@type":"ReadAction","target":["https:\/\/www.subaru.es\/blog\/subaru-lifestyle\/historia-de-javi-10-subaru\/"]}]},{"@type":"ImageObject","inLanguage":"es","@id":"https:\/\/www.subaru.es\/blog\/subaru-lifestyle\/historia-de-javi-10-subaru\/#primaryimage","url":"https:\/\/www.subaru.es\/blog\/wp-content\/uploads\/2018\/04\/con_persona2.png","contentUrl":"https:\/\/www.subaru.es\/blog\/wp-content\/uploads\/2018\/04\/con_persona2.png","width":1034,"height":347},{"@type":"BreadcrumbList","@id":"https:\/\/www.subaru.es\/blog\/subaru-lifestyle\/historia-de-javi-10-subaru\/#breadcrumb","itemListElement":[{"@type":"ListItem","position":1,"name":"Portada","item":"https:\/\/www.subaru.es\/blog\/"},{"@type":"ListItem","position":2,"name":"La historia de Javi y sus 10 Subarus"}]},{"@type":"WebSite","@id":"https:\/\/www.subaru.es\/blog\/#website","url":"https:\/\/www.subaru.es\/blog\/","name":"Universo Subaru","description":"Descubre este apasionante espacio de Subaru donde vas a conocer todo sobre nuestros coches y las experiencias que vivimos con ellos. Si est\u00e1s preparado para dejarte seducir por la filosof\u00eda Subaru, qu\u00e9date con nosotros.","publisher":{"@id":"https:\/\/www.subaru.es\/blog\/#organization"},"potentialAction":[{"@type":"SearchAction","target":{"@type":"EntryPoint","urlTemplate":"https:\/\/www.subaru.es\/blog\/?s={search_term_string}"},"query-input":{"@type":"PropertyValueSpecification","valueRequired":true,"valueName":"search_term_string"}}],"inLanguage":"es"},{"@type":"Organization","@id":"https:\/\/www.subaru.es\/blog\/#organization","name":"Subaru Espa\u00f1a S.A.","url":"https:\/\/www.subaru.es\/blog\/","logo":{"@type":"ImageObject","inLanguage":"es","@id":"https:\/\/www.subaru.es\/blog\/#\/schema\/logo\/image\/","url":"https:\/\/www.subaru.es\/blog\/wp-content\/uploads\/2016\/12\/Logo-Subaru-TypeV_C300-scaled.jpg","contentUrl":"https:\/\/www.subaru.es\/blog\/wp-content\/uploads\/2016\/12\/Logo-Subaru-TypeV_C300-scaled.jpg","width":2560,"height":1864,"caption":"Subaru Espa\u00f1a S.A."},"image":{"@id":"https:\/\/www.subaru.es\/blog\/#\/schema\/logo\/image\/"},"sameAs":["https:\/\/www.facebook.com\/subaruespana","https:\/\/www.instagram.com\/subarues\/","https:\/\/www.youtube.com\/user\/subaruespana"]},{"@type":"Person","@id":"https:\/\/www.subaru.es\/blog\/#\/schema\/person\/19a90b892230b8e0ec752704ddf4aa10","name":"Subaru","url":"https:\/\/www.subaru.es\/blog\/author\/subaria\/"}]}},"_links":{"self":[{"href":"https:\/\/www.subaru.es\/blog\/wp-json\/wp\/v2\/posts\/18819","targetHints":{"allow":["GET"]}}],"collection":[{"href":"https:\/\/www.subaru.es\/blog\/wp-json\/wp\/v2\/posts"}],"about":[{"href":"https:\/\/www.subaru.es\/blog\/wp-json\/wp\/v2\/types\/post"}],"author":[{"embeddable":true,"href":"https:\/\/www.subaru.es\/blog\/wp-json\/wp\/v2\/users\/21"}],"replies":[{"embeddable":true,"href":"https:\/\/www.subaru.es\/blog\/wp-json\/wp\/v2\/comments?post=18819"}],"version-history":[{"count":18,"href":"https:\/\/www.subaru.es\/blog\/wp-json\/wp\/v2\/posts\/18819\/revisions"}],"predecessor-version":[{"id":18849,"href":"https:\/\/www.subaru.es\/blog\/wp-json\/wp\/v2\/posts\/18819\/revisions\/18849"}],"wp:featuredmedia":[{"embeddable":true,"href":"https:\/\/www.subaru.es\/blog\/wp-json\/wp\/v2\/media\/18838"}],"wp:attachment":[{"href":"https:\/\/www.subaru.es\/blog\/wp-json\/wp\/v2\/media?parent=18819"}],"wp:term":[{"taxonomy":"category","embeddable":true,"href":"https:\/\/www.subaru.es\/blog\/wp-json\/wp\/v2\/categories?post=18819"},{"taxonomy":"post_tag","embeddable":true,"href":"https:\/\/www.subaru.es\/blog\/wp-json\/wp\/v2\/tags?post=18819"}],"curies":[{"name":"wp","href":"https:\/\/api.w.org\/{rel}","templated":true}]}}