{"id":1881,"date":"2009-05-09T11:03:11","date_gmt":"2009-05-09T09:03:11","guid":{"rendered":"http:\/\/subaru.preproduccion.com\/blog\/wp-content\/2009\/05\/09\/el-subaru-brat-de-ronald-reagan\/"},"modified":"2020-08-12T13:09:27","modified_gmt":"2020-08-12T11:09:27","slug":"el-subaru-brat-de-ronald-reagan","status":"publish","type":"post","link":"https:\/\/www.subaru.es\/blog\/nuestra-marca\/el-subaru-brat-de-ronald-reagan\/","title":{"rendered":"El Subaru Brat de Ronald Reagan"},"content":{"rendered":"<p><center><a href=\"https:\/\/www.subaru.es\/blog\/wp-content\/uploads\/2009\/02\/subaru_brat_ronald_reagan-560x418.jpg\" title=\"subaru_brat_ronald_reagan-560x418.jpg\"><img decoding=\"async\" data-src=\"https:\/\/www.subaru.es\/blog\/wp-content\/uploads\/2009\/02\/subaru_brat_ronald_reagan-560x418.jpg\" width=\"450\" src=\"data:image\/svg+xml;base64,PHN2ZyB3aWR0aD0iMSIgaGVpZ2h0PSIxIiB4bWxucz0iaHR0cDovL3d3dy53My5vcmcvMjAwMC9zdmciPjwvc3ZnPg==\" class=\"lazyload\" style=\"--smush-placeholder-width: 560px; --smush-placeholder-aspect-ratio: 560\/418;\"><\/a><\/center><\/p>\n<p>Vamos a dedicar otro peque\u00f1o espacio en el blog a la Nostalgia. Otra mirada al pasado. Fijamos de nuevo nuestro objetivo en el cl\u00e1sico <strong>Subaru Brat<\/strong>, la <a href=\"https:\/\/www.subaru.es\/blog\/2007\/09\/14\/subaru-brat-mito\/\">m\u00edtica ranchera<\/a> que Subaru cre\u00f3 con la mirada puesta en el mercado norteamericano, tan amante de los coches potentes, largos y con mucha clase, y que ya sabemos que forma parte intransferible de la <a href=\"https:\/\/www.subaru.es\/blog\/2008\/07\/31\/el-coche-de-me-llamo-earl\/\">cultura popular norteamericana<\/a>.<\/p>\n<p>En este caso nos hemos enterado, a trav\u00e9s de la revista <a href=\"http:\/\/www.drive.subaru.com\/Win09\/Win09_BRAT.htm\"><em>Drive<\/em><\/a> que edita el grupo Subaru, de que <strong>Ronald Reagan, todo un presidente de los Estados Unidos, conduc\u00eda en su tiempo libre el flamante Subaru Brat de 1978 que veis en la imagen<\/strong>. Lo guardaba con celo en su rancho de vacaciones, el Rancho Del Cielo, en Santa Barbara (California), y encontramos un reportaje al respecto en la web de Drive, repleto de fotos y detalles t\u00e9cnicos del que han dado en llamar <strong>\u00abEl Brat Presidencial\u00bb<\/strong>.<\/p>\n<p>Tal y como nos cuentan en el reportaje, m\u00e1s all\u00e1 del detalle curioso de que la persona m\u00e1s c\u00e9lebre del mundo durante 8 a\u00f1os conduc\u00eda un coche de la marca Subaru, el <strong>Subaru Presidencial est\u00e1 de actualidad<\/strong> debido a que acaba de ser <strong>restaurado y puesto a punto<\/strong> por un equipo de especialistas, The Westside Group, recuperando su estado inicial, ya que se encontraba en desuso, destartalado y envejecido tras miles de kil\u00f3metros transportando a su ilustre (y hoy en d\u00eda gravemente enfermo) propietario.<\/p>\n<p>Toda la informaci\u00f3n y montones de fotos, <a href=\"http:\/\/www.drive.subaru.com\/Win09\/Win09_BRAT.htm\">en este reportaje de invierno de 2009 de la revista <em>Drive<\/em><\/a>.<\/p>\n","protected":false},"excerpt":{"rendered":"<p>Vamos a dedicar otro peque\u00f1o espacio en el blog a la Nostalgia. Otra mirada al pasado. Fijamos de nuevo nuestro objetivo en el cl\u00e1sico Subaru Brat, la m\u00edtica ranchera que Subaru cre\u00f3 con la mirada puesta en el mercado norteamericano, tan amante de los coches potentes, largos y con mucha clase, y que ya sabemos [&hellip;]<\/p>\n","protected":false},"author":21,"featured_media":1882,"comment_status":"open","ping_status":"open","sticky":false,"template":"","format":"standard","meta":{"_acf_changed":false,"_eb_attr":"","inline_featured_image":false,"footnotes":""},"categories":[4401],"tags":[1274,2356,2355],"class_list":["post-1881","post","type-post","status-publish","format-standard","has-post-thumbnail","hentry","category-nuestra-marca","tag-brat","tag-reagan","tag-ronald"],"acf":[],"yoast_head":"<!-- This site is optimized with the Yoast SEO plugin v27.3 - https:\/\/yoast.com\/product\/yoast-seo-wordpress\/ -->\n<title>El Subaru Brat de Ronald Reagan - Universo Subaru<\/title>\n<meta name=\"robots\" content=\"index, follow, max-snippet:-1, max-image-preview:large, max-video-preview:-1\" \/>\n<link rel=\"canonical\" href=\"https:\/\/www.subaru.es\/blog\/nuestra-marca\/el-subaru-brat-de-ronald-reagan\/\" \/>\n<meta property=\"og:locale\" content=\"es_ES\" \/>\n<meta property=\"og:type\" content=\"article\" \/>\n<meta property=\"og:title\" content=\"El Subaru Brat de Ronald Reagan - Universo Subaru\" \/>\n<meta property=\"og:description\" content=\"Vamos a dedicar otro peque\u00f1o espacio en el blog a la Nostalgia. Otra mirada al pasado. Fijamos de nuevo nuestro objetivo en el cl\u00e1sico Subaru Brat, la m\u00edtica ranchera que Subaru cre\u00f3 con la mirada puesta en el mercado norteamericano, tan amante de los coches potentes, largos y con mucha clase, y que ya sabemos [&hellip;]\" \/>\n<meta property=\"og:url\" content=\"https:\/\/www.subaru.es\/blog\/nuestra-marca\/el-subaru-brat-de-ronald-reagan\/\" \/>\n<meta property=\"og:site_name\" content=\"Universo Subaru\" \/>\n<meta property=\"article:publisher\" content=\"https:\/\/www.facebook.com\/subaruespana\" \/>\n<meta property=\"article:published_time\" content=\"2009-05-09T09:03:11+00:00\" \/>\n<meta property=\"article:modified_time\" content=\"2020-08-12T11:09:27+00:00\" \/>\n<meta property=\"og:image\" content=\"https:\/\/www.subaru.es\/blog\/wp-content\/uploads\/2009\/02\/subaru_brat_ronald_reagan-560x418.jpg\" \/>\n\t<meta property=\"og:image:width\" content=\"560\" \/>\n\t<meta property=\"og:image:height\" content=\"418\" \/>\n\t<meta property=\"og:image:type\" content=\"image\/jpeg\" \/>\n<meta name=\"author\" content=\"Subaru\" \/>\n<meta name=\"twitter:card\" content=\"summary_large_image\" \/>\n<meta name=\"twitter:label1\" content=\"Escrito por\" \/>\n\t<meta name=\"twitter:data1\" content=\"Subaru\" \/>\n\t<meta name=\"twitter:label2\" content=\"Tiempo de lectura\" \/>\n\t<meta name=\"twitter:data2\" content=\"1 minuto\" \/>\n<script type=\"application\/ld+json\" class=\"yoast-schema-graph\">{\"@context\":\"https:\\\/\\\/schema.org\",\"@graph\":[{\"@type\":\"Article\",\"@id\":\"https:\\\/\\\/www.subaru.es\\\/blog\\\/nuestra-marca\\\/el-subaru-brat-de-ronald-reagan\\\/#article\",\"isPartOf\":{\"@id\":\"https:\\\/\\\/www.subaru.es\\\/blog\\\/nuestra-marca\\\/el-subaru-brat-de-ronald-reagan\\\/\"},\"author\":{\"name\":\"Subaru\",\"@id\":\"https:\\\/\\\/www.subaru.es\\\/blog\\\/#\\\/schema\\\/person\\\/19a90b892230b8e0ec752704ddf4aa10\"},\"headline\":\"El Subaru Brat de Ronald Reagan\",\"datePublished\":\"2009-05-09T09:03:11+00:00\",\"dateModified\":\"2020-08-12T11:09:27+00:00\",\"mainEntityOfPage\":{\"@id\":\"https:\\\/\\\/www.subaru.es\\\/blog\\\/nuestra-marca\\\/el-subaru-brat-de-ronald-reagan\\\/\"},\"wordCount\":270,\"commentCount\":3,\"publisher\":{\"@id\":\"https:\\\/\\\/www.subaru.es\\\/blog\\\/#organization\"},\"image\":{\"@id\":\"https:\\\/\\\/www.subaru.es\\\/blog\\\/nuestra-marca\\\/el-subaru-brat-de-ronald-reagan\\\/#primaryimage\"},\"thumbnailUrl\":\"https:\\\/\\\/www.subaru.es\\\/blog\\\/wp-content\\\/uploads\\\/2009\\\/02\\\/subaru_brat_ronald_reagan-560x418.jpg\",\"keywords\":[\"Brat\",\"reagan\",\"ronald\"],\"articleSection\":[\"Nuestra marca\"],\"inLanguage\":\"es\",\"potentialAction\":[{\"@type\":\"CommentAction\",\"name\":\"Comment\",\"target\":[\"https:\\\/\\\/www.subaru.es\\\/blog\\\/nuestra-marca\\\/el-subaru-brat-de-ronald-reagan\\\/#respond\"]}]},{\"@type\":\"WebPage\",\"@id\":\"https:\\\/\\\/www.subaru.es\\\/blog\\\/nuestra-marca\\\/el-subaru-brat-de-ronald-reagan\\\/\",\"url\":\"https:\\\/\\\/www.subaru.es\\\/blog\\\/nuestra-marca\\\/el-subaru-brat-de-ronald-reagan\\\/\",\"name\":\"El Subaru Brat de Ronald Reagan - Universo Subaru\",\"isPartOf\":{\"@id\":\"https:\\\/\\\/www.subaru.es\\\/blog\\\/#website\"},\"primaryImageOfPage\":{\"@id\":\"https:\\\/\\\/www.subaru.es\\\/blog\\\/nuestra-marca\\\/el-subaru-brat-de-ronald-reagan\\\/#primaryimage\"},\"image\":{\"@id\":\"https:\\\/\\\/www.subaru.es\\\/blog\\\/nuestra-marca\\\/el-subaru-brat-de-ronald-reagan\\\/#primaryimage\"},\"thumbnailUrl\":\"https:\\\/\\\/www.subaru.es\\\/blog\\\/wp-content\\\/uploads\\\/2009\\\/02\\\/subaru_brat_ronald_reagan-560x418.jpg\",\"datePublished\":\"2009-05-09T09:03:11+00:00\",\"dateModified\":\"2020-08-12T11:09:27+00:00\",\"breadcrumb\":{\"@id\":\"https:\\\/\\\/www.subaru.es\\\/blog\\\/nuestra-marca\\\/el-subaru-brat-de-ronald-reagan\\\/#breadcrumb\"},\"inLanguage\":\"es\",\"potentialAction\":[{\"@type\":\"ReadAction\",\"target\":[\"https:\\\/\\\/www.subaru.es\\\/blog\\\/nuestra-marca\\\/el-subaru-brat-de-ronald-reagan\\\/\"]}]},{\"@type\":\"ImageObject\",\"inLanguage\":\"es\",\"@id\":\"https:\\\/\\\/www.subaru.es\\\/blog\\\/nuestra-marca\\\/el-subaru-brat-de-ronald-reagan\\\/#primaryimage\",\"url\":\"https:\\\/\\\/www.subaru.es\\\/blog\\\/wp-content\\\/uploads\\\/2009\\\/02\\\/subaru_brat_ronald_reagan-560x418.jpg\",\"contentUrl\":\"https:\\\/\\\/www.subaru.es\\\/blog\\\/wp-content\\\/uploads\\\/2009\\\/02\\\/subaru_brat_ronald_reagan-560x418.jpg\",\"width\":560,\"height\":418},{\"@type\":\"BreadcrumbList\",\"@id\":\"https:\\\/\\\/www.subaru.es\\\/blog\\\/nuestra-marca\\\/el-subaru-brat-de-ronald-reagan\\\/#breadcrumb\",\"itemListElement\":[{\"@type\":\"ListItem\",\"position\":1,\"name\":\"Portada\",\"item\":\"https:\\\/\\\/www.subaru.es\\\/blog\\\/\"},{\"@type\":\"ListItem\",\"position\":2,\"name\":\"El Subaru Brat de Ronald Reagan\"}]},{\"@type\":\"WebSite\",\"@id\":\"https:\\\/\\\/www.subaru.es\\\/blog\\\/#website\",\"url\":\"https:\\\/\\\/www.subaru.es\\\/blog\\\/\",\"name\":\"Universo Subaru\",\"description\":\"Descubre este apasionante espacio de Subaru donde vas a conocer todo sobre nuestros coches y las experiencias que vivimos con ellos. Si est\u00e1s preparado para dejarte seducir por la filosof\u00eda Subaru, qu\u00e9date con nosotros.\",\"publisher\":{\"@id\":\"https:\\\/\\\/www.subaru.es\\\/blog\\\/#organization\"},\"potentialAction\":[{\"@type\":\"SearchAction\",\"target\":{\"@type\":\"EntryPoint\",\"urlTemplate\":\"https:\\\/\\\/www.subaru.es\\\/blog\\\/?s={search_term_string}\"},\"query-input\":{\"@type\":\"PropertyValueSpecification\",\"valueRequired\":true,\"valueName\":\"search_term_string\"}}],\"inLanguage\":\"es\"},{\"@type\":\"Organization\",\"@id\":\"https:\\\/\\\/www.subaru.es\\\/blog\\\/#organization\",\"name\":\"Subaru Espa\u00f1a S.A.\",\"url\":\"https:\\\/\\\/www.subaru.es\\\/blog\\\/\",\"logo\":{\"@type\":\"ImageObject\",\"inLanguage\":\"es\",\"@id\":\"https:\\\/\\\/www.subaru.es\\\/blog\\\/#\\\/schema\\\/logo\\\/image\\\/\",\"url\":\"https:\\\/\\\/www.subaru.es\\\/blog\\\/wp-content\\\/uploads\\\/2016\\\/12\\\/Logo-Subaru-TypeV_C300-scaled.jpg\",\"contentUrl\":\"https:\\\/\\\/www.subaru.es\\\/blog\\\/wp-content\\\/uploads\\\/2016\\\/12\\\/Logo-Subaru-TypeV_C300-scaled.jpg\",\"width\":2560,\"height\":1864,\"caption\":\"Subaru Espa\u00f1a S.A.\"},\"image\":{\"@id\":\"https:\\\/\\\/www.subaru.es\\\/blog\\\/#\\\/schema\\\/logo\\\/image\\\/\"},\"sameAs\":[\"https:\\\/\\\/www.facebook.com\\\/subaruespana\",\"https:\\\/\\\/www.instagram.com\\\/subarues\\\/\",\"https:\\\/\\\/www.youtube.com\\\/user\\\/subaruespana\"]},{\"@type\":\"Person\",\"@id\":\"https:\\\/\\\/www.subaru.es\\\/blog\\\/#\\\/schema\\\/person\\\/19a90b892230b8e0ec752704ddf4aa10\",\"name\":\"Subaru\",\"url\":\"https:\\\/\\\/www.subaru.es\\\/blog\\\/author\\\/subaria\\\/\"}]}<\/script>\n<!-- \/ Yoast SEO plugin. -->","yoast_head_json":{"title":"El Subaru Brat de Ronald Reagan - Universo Subaru","robots":{"index":"index","follow":"follow","max-snippet":"max-snippet:-1","max-image-preview":"max-image-preview:large","max-video-preview":"max-video-preview:-1"},"canonical":"https:\/\/www.subaru.es\/blog\/nuestra-marca\/el-subaru-brat-de-ronald-reagan\/","og_locale":"es_ES","og_type":"article","og_title":"El Subaru Brat de Ronald Reagan - Universo Subaru","og_description":"Vamos a dedicar otro peque\u00f1o espacio en el blog a la Nostalgia. Otra mirada al pasado. Fijamos de nuevo nuestro objetivo en el cl\u00e1sico Subaru Brat, la m\u00edtica ranchera que Subaru cre\u00f3 con la mirada puesta en el mercado norteamericano, tan amante de los coches potentes, largos y con mucha clase, y que ya sabemos [&hellip;]","og_url":"https:\/\/www.subaru.es\/blog\/nuestra-marca\/el-subaru-brat-de-ronald-reagan\/","og_site_name":"Universo Subaru","article_publisher":"https:\/\/www.facebook.com\/subaruespana","article_published_time":"2009-05-09T09:03:11+00:00","article_modified_time":"2020-08-12T11:09:27+00:00","og_image":[{"width":560,"height":418,"url":"https:\/\/www.subaru.es\/blog\/wp-content\/uploads\/2009\/02\/subaru_brat_ronald_reagan-560x418.jpg","type":"image\/jpeg"}],"author":"Subaru","twitter_card":"summary_large_image","twitter_misc":{"Escrito por":"Subaru","Tiempo de lectura":"1 minuto"},"schema":{"@context":"https:\/\/schema.org","@graph":[{"@type":"Article","@id":"https:\/\/www.subaru.es\/blog\/nuestra-marca\/el-subaru-brat-de-ronald-reagan\/#article","isPartOf":{"@id":"https:\/\/www.subaru.es\/blog\/nuestra-marca\/el-subaru-brat-de-ronald-reagan\/"},"author":{"name":"Subaru","@id":"https:\/\/www.subaru.es\/blog\/#\/schema\/person\/19a90b892230b8e0ec752704ddf4aa10"},"headline":"El Subaru Brat de Ronald Reagan","datePublished":"2009-05-09T09:03:11+00:00","dateModified":"2020-08-12T11:09:27+00:00","mainEntityOfPage":{"@id":"https:\/\/www.subaru.es\/blog\/nuestra-marca\/el-subaru-brat-de-ronald-reagan\/"},"wordCount":270,"commentCount":3,"publisher":{"@id":"https:\/\/www.subaru.es\/blog\/#organization"},"image":{"@id":"https:\/\/www.subaru.es\/blog\/nuestra-marca\/el-subaru-brat-de-ronald-reagan\/#primaryimage"},"thumbnailUrl":"https:\/\/www.subaru.es\/blog\/wp-content\/uploads\/2009\/02\/subaru_brat_ronald_reagan-560x418.jpg","keywords":["Brat","reagan","ronald"],"articleSection":["Nuestra marca"],"inLanguage":"es","potentialAction":[{"@type":"CommentAction","name":"Comment","target":["https:\/\/www.subaru.es\/blog\/nuestra-marca\/el-subaru-brat-de-ronald-reagan\/#respond"]}]},{"@type":"WebPage","@id":"https:\/\/www.subaru.es\/blog\/nuestra-marca\/el-subaru-brat-de-ronald-reagan\/","url":"https:\/\/www.subaru.es\/blog\/nuestra-marca\/el-subaru-brat-de-ronald-reagan\/","name":"El Subaru Brat de Ronald Reagan - Universo Subaru","isPartOf":{"@id":"https:\/\/www.subaru.es\/blog\/#website"},"primaryImageOfPage":{"@id":"https:\/\/www.subaru.es\/blog\/nuestra-marca\/el-subaru-brat-de-ronald-reagan\/#primaryimage"},"image":{"@id":"https:\/\/www.subaru.es\/blog\/nuestra-marca\/el-subaru-brat-de-ronald-reagan\/#primaryimage"},"thumbnailUrl":"https:\/\/www.subaru.es\/blog\/wp-content\/uploads\/2009\/02\/subaru_brat_ronald_reagan-560x418.jpg","datePublished":"2009-05-09T09:03:11+00:00","dateModified":"2020-08-12T11:09:27+00:00","breadcrumb":{"@id":"https:\/\/www.subaru.es\/blog\/nuestra-marca\/el-subaru-brat-de-ronald-reagan\/#breadcrumb"},"inLanguage":"es","potentialAction":[{"@type":"ReadAction","target":["https:\/\/www.subaru.es\/blog\/nuestra-marca\/el-subaru-brat-de-ronald-reagan\/"]}]},{"@type":"ImageObject","inLanguage":"es","@id":"https:\/\/www.subaru.es\/blog\/nuestra-marca\/el-subaru-brat-de-ronald-reagan\/#primaryimage","url":"https:\/\/www.subaru.es\/blog\/wp-content\/uploads\/2009\/02\/subaru_brat_ronald_reagan-560x418.jpg","contentUrl":"https:\/\/www.subaru.es\/blog\/wp-content\/uploads\/2009\/02\/subaru_brat_ronald_reagan-560x418.jpg","width":560,"height":418},{"@type":"BreadcrumbList","@id":"https:\/\/www.subaru.es\/blog\/nuestra-marca\/el-subaru-brat-de-ronald-reagan\/#breadcrumb","itemListElement":[{"@type":"ListItem","position":1,"name":"Portada","item":"https:\/\/www.subaru.es\/blog\/"},{"@type":"ListItem","position":2,"name":"El Subaru Brat de Ronald Reagan"}]},{"@type":"WebSite","@id":"https:\/\/www.subaru.es\/blog\/#website","url":"https:\/\/www.subaru.es\/blog\/","name":"Universo Subaru","description":"Descubre este apasionante espacio de Subaru donde vas a conocer todo sobre nuestros coches y las experiencias que vivimos con ellos. Si est\u00e1s preparado para dejarte seducir por la filosof\u00eda Subaru, qu\u00e9date con nosotros.","publisher":{"@id":"https:\/\/www.subaru.es\/blog\/#organization"},"potentialAction":[{"@type":"SearchAction","target":{"@type":"EntryPoint","urlTemplate":"https:\/\/www.subaru.es\/blog\/?s={search_term_string}"},"query-input":{"@type":"PropertyValueSpecification","valueRequired":true,"valueName":"search_term_string"}}],"inLanguage":"es"},{"@type":"Organization","@id":"https:\/\/www.subaru.es\/blog\/#organization","name":"Subaru Espa\u00f1a S.A.","url":"https:\/\/www.subaru.es\/blog\/","logo":{"@type":"ImageObject","inLanguage":"es","@id":"https:\/\/www.subaru.es\/blog\/#\/schema\/logo\/image\/","url":"https:\/\/www.subaru.es\/blog\/wp-content\/uploads\/2016\/12\/Logo-Subaru-TypeV_C300-scaled.jpg","contentUrl":"https:\/\/www.subaru.es\/blog\/wp-content\/uploads\/2016\/12\/Logo-Subaru-TypeV_C300-scaled.jpg","width":2560,"height":1864,"caption":"Subaru Espa\u00f1a S.A."},"image":{"@id":"https:\/\/www.subaru.es\/blog\/#\/schema\/logo\/image\/"},"sameAs":["https:\/\/www.facebook.com\/subaruespana","https:\/\/www.instagram.com\/subarues\/","https:\/\/www.youtube.com\/user\/subaruespana"]},{"@type":"Person","@id":"https:\/\/www.subaru.es\/blog\/#\/schema\/person\/19a90b892230b8e0ec752704ddf4aa10","name":"Subaru","url":"https:\/\/www.subaru.es\/blog\/author\/subaria\/"}]}},"_links":{"self":[{"href":"https:\/\/www.subaru.es\/blog\/wp-json\/wp\/v2\/posts\/1881","targetHints":{"allow":["GET"]}}],"collection":[{"href":"https:\/\/www.subaru.es\/blog\/wp-json\/wp\/v2\/posts"}],"about":[{"href":"https:\/\/www.subaru.es\/blog\/wp-json\/wp\/v2\/types\/post"}],"author":[{"embeddable":true,"href":"https:\/\/www.subaru.es\/blog\/wp-json\/wp\/v2\/users\/21"}],"replies":[{"embeddable":true,"href":"https:\/\/www.subaru.es\/blog\/wp-json\/wp\/v2\/comments?post=1881"}],"version-history":[{"count":2,"href":"https:\/\/www.subaru.es\/blog\/wp-json\/wp\/v2\/posts\/1881\/revisions"}],"predecessor-version":[{"id":22298,"href":"https:\/\/www.subaru.es\/blog\/wp-json\/wp\/v2\/posts\/1881\/revisions\/22298"}],"wp:featuredmedia":[{"embeddable":true,"href":"https:\/\/www.subaru.es\/blog\/wp-json\/wp\/v2\/media\/1882"}],"wp:attachment":[{"href":"https:\/\/www.subaru.es\/blog\/wp-json\/wp\/v2\/media?parent=1881"}],"wp:term":[{"taxonomy":"category","embeddable":true,"href":"https:\/\/www.subaru.es\/blog\/wp-json\/wp\/v2\/categories?post=1881"},{"taxonomy":"post_tag","embeddable":true,"href":"https:\/\/www.subaru.es\/blog\/wp-json\/wp\/v2\/tags?post=1881"}],"curies":[{"name":"wp","href":"https:\/\/api.w.org\/{rel}","templated":true}]}}