{"id":1874,"date":"2009-04-29T14:03:47","date_gmt":"2009-04-29T12:03:47","guid":{"rendered":"http:\/\/subaru.preproduccion.com\/blog\/wp-content\/2009\/04\/29\/el-impreza-un-ano-mas-candidato-a-los-wcoty\/"},"modified":"2020-08-06T11:41:46","modified_gmt":"2020-08-06T09:41:46","slug":"el-impreza-un-ano-mas-candidato-a-los-wcoty","status":"publish","type":"post","link":"https:\/\/www.subaru.es\/blog\/nuestra-marca\/el-impreza-un-ano-mas-candidato-a-los-wcoty\/","title":{"rendered":"El Impreza, un a\u00f1o m\u00e1s, candidato a los WCOTY"},"content":{"rendered":"<p><center><img data-src='https:\/\/www.subaru.es\/blog\/wp-content\/uploads\/2009\/02\/wcoty.png' src='data:image\/svg+xml;base64,PHN2ZyB3aWR0aD0iMSIgaGVpZ2h0PSIxIiB4bWxucz0iaHR0cDovL3d3dy53My5vcmcvMjAwMC9zdmciPjwvc3ZnPg==' class='lazyload' style='--smush-placeholder-width: 214px; --smush-placeholder-aspect-ratio: 214\/291;' \/><\/center><\/p>\n<p><a href=\"http:\/\/www.wcoty.com\/2009\/\">WCOTY<\/a> (siglas de World Car Of The Year, o \u00abcoche del a\u00f1o en el mundo\u00bb) es una organizaci\u00f3n formada por 59 cr\u00edticos y periodistas del mundo del motor a nivel mundial, que entrega cada a\u00f1o un premio al veh\u00edculo con mayores prestaciones (World Performance Car).<\/p>\n<p>Y como no pod\u00eda ser de otra manera, nuestro querido <strong>Subaru Impreza WRX STI<\/strong>, habitual en la categor\u00eda de \u00abmayores prestaciones\u00bb, est\u00e1 entre los 10 candidatos a recibirlo.<\/p>\n<p>Se trata de un premio que se concede desde 2003, organizada sin \u00e1nimo de lucro y ajena a cualquier otro premio anual del motor de este tipo, de cuantos se entregan por estas fechas, entre los cuales, por cierto, <strong>Subaru es un invitado habitual<\/strong>, optando a premios bien a sus caracter\u00edsticas tecnol\u00f3gicas, a su conciencia ecol\u00f3gica, a su dise\u00f1o o a su seguridad. Concretamente, estos World Car Of The Year se entregar\u00e1n a lo largo del mes de marzo, durante el Sal\u00f3n de New York.<\/p>\n","protected":false},"excerpt":{"rendered":"<p>WCOTY (siglas de World Car Of The Year, o \u00abcoche del a\u00f1o en el mundo\u00bb) es una organizaci\u00f3n formada por 59 cr\u00edticos y periodistas del mundo del motor a nivel mundial, que entrega cada a\u00f1o un premio al veh\u00edculo con mayores prestaciones (World Performance Car). Y como no pod\u00eda ser de otra manera, nuestro querido [&hellip;]<\/p>\n","protected":false},"author":21,"featured_media":1875,"comment_status":"open","ping_status":"open","sticky":false,"template":"","format":"standard","meta":{"_acf_changed":false,"_eb_attr":"","inline_featured_image":false,"footnotes":""},"categories":[4401],"tags":[],"class_list":["post-1874","post","type-post","status-publish","format-standard","has-post-thumbnail","hentry","category-nuestra-marca"],"acf":[],"yoast_head":"<!-- This site is optimized with the Yoast SEO plugin v27.3 - https:\/\/yoast.com\/product\/yoast-seo-wordpress\/ -->\n<title>El Impreza, un a\u00f1o m\u00e1s, candidato a los WCOTY - Universo Subaru<\/title>\n<meta name=\"robots\" content=\"index, follow, max-snippet:-1, max-image-preview:large, max-video-preview:-1\" \/>\n<link rel=\"canonical\" href=\"https:\/\/www.subaru.es\/blog\/nuestra-marca\/el-impreza-un-ano-mas-candidato-a-los-wcoty\/\" \/>\n<meta property=\"og:locale\" content=\"es_ES\" \/>\n<meta property=\"og:type\" content=\"article\" \/>\n<meta property=\"og:title\" content=\"El Impreza, un a\u00f1o m\u00e1s, candidato a los WCOTY - Universo Subaru\" \/>\n<meta property=\"og:description\" content=\"WCOTY (siglas de World Car Of The Year, o \u00abcoche del a\u00f1o en el mundo\u00bb) es una organizaci\u00f3n formada por 59 cr\u00edticos y periodistas del mundo del motor a nivel mundial, que entrega cada a\u00f1o un premio al veh\u00edculo con mayores prestaciones (World Performance Car). Y como no pod\u00eda ser de otra manera, nuestro querido [&hellip;]\" \/>\n<meta property=\"og:url\" content=\"https:\/\/www.subaru.es\/blog\/nuestra-marca\/el-impreza-un-ano-mas-candidato-a-los-wcoty\/\" \/>\n<meta property=\"og:site_name\" content=\"Universo Subaru\" \/>\n<meta property=\"article:publisher\" content=\"https:\/\/www.facebook.com\/subaruespana\" \/>\n<meta property=\"article:published_time\" content=\"2009-04-29T12:03:47+00:00\" \/>\n<meta property=\"article:modified_time\" content=\"2020-08-06T09:41:46+00:00\" \/>\n<meta property=\"og:image\" content=\"https:\/\/www.subaru.es\/blog\/wp-content\/uploads\/2009\/02\/wcoty.png\" \/>\n\t<meta property=\"og:image:width\" content=\"214\" \/>\n\t<meta property=\"og:image:height\" content=\"291\" \/>\n\t<meta property=\"og:image:type\" content=\"image\/png\" \/>\n<meta name=\"author\" content=\"Subaru\" \/>\n<meta name=\"twitter:card\" content=\"summary_large_image\" \/>\n<meta name=\"twitter:label1\" content=\"Escrito por\" \/>\n\t<meta name=\"twitter:data1\" content=\"Subaru\" \/>\n\t<meta name=\"twitter:label2\" content=\"Tiempo de lectura\" \/>\n\t<meta name=\"twitter:data2\" content=\"1 minuto\" \/>\n<script type=\"application\/ld+json\" class=\"yoast-schema-graph\">{\"@context\":\"https:\\\/\\\/schema.org\",\"@graph\":[{\"@type\":\"Article\",\"@id\":\"https:\\\/\\\/www.subaru.es\\\/blog\\\/nuestra-marca\\\/el-impreza-un-ano-mas-candidato-a-los-wcoty\\\/#article\",\"isPartOf\":{\"@id\":\"https:\\\/\\\/www.subaru.es\\\/blog\\\/nuestra-marca\\\/el-impreza-un-ano-mas-candidato-a-los-wcoty\\\/\"},\"author\":{\"name\":\"Subaru\",\"@id\":\"https:\\\/\\\/www.subaru.es\\\/blog\\\/#\\\/schema\\\/person\\\/19a90b892230b8e0ec752704ddf4aa10\"},\"headline\":\"El Impreza, un a\u00f1o m\u00e1s, candidato a los WCOTY\",\"datePublished\":\"2009-04-29T12:03:47+00:00\",\"dateModified\":\"2020-08-06T09:41:46+00:00\",\"mainEntityOfPage\":{\"@id\":\"https:\\\/\\\/www.subaru.es\\\/blog\\\/nuestra-marca\\\/el-impreza-un-ano-mas-candidato-a-los-wcoty\\\/\"},\"wordCount\":179,\"commentCount\":0,\"publisher\":{\"@id\":\"https:\\\/\\\/www.subaru.es\\\/blog\\\/#organization\"},\"image\":{\"@id\":\"https:\\\/\\\/www.subaru.es\\\/blog\\\/nuestra-marca\\\/el-impreza-un-ano-mas-candidato-a-los-wcoty\\\/#primaryimage\"},\"thumbnailUrl\":\"https:\\\/\\\/www.subaru.es\\\/blog\\\/wp-content\\\/uploads\\\/2009\\\/02\\\/wcoty.png\",\"articleSection\":[\"Nuestra marca\"],\"inLanguage\":\"es\",\"potentialAction\":[{\"@type\":\"CommentAction\",\"name\":\"Comment\",\"target\":[\"https:\\\/\\\/www.subaru.es\\\/blog\\\/nuestra-marca\\\/el-impreza-un-ano-mas-candidato-a-los-wcoty\\\/#respond\"]}]},{\"@type\":\"WebPage\",\"@id\":\"https:\\\/\\\/www.subaru.es\\\/blog\\\/nuestra-marca\\\/el-impreza-un-ano-mas-candidato-a-los-wcoty\\\/\",\"url\":\"https:\\\/\\\/www.subaru.es\\\/blog\\\/nuestra-marca\\\/el-impreza-un-ano-mas-candidato-a-los-wcoty\\\/\",\"name\":\"El Impreza, un a\u00f1o m\u00e1s, candidato a los WCOTY - Universo Subaru\",\"isPartOf\":{\"@id\":\"https:\\\/\\\/www.subaru.es\\\/blog\\\/#website\"},\"primaryImageOfPage\":{\"@id\":\"https:\\\/\\\/www.subaru.es\\\/blog\\\/nuestra-marca\\\/el-impreza-un-ano-mas-candidato-a-los-wcoty\\\/#primaryimage\"},\"image\":{\"@id\":\"https:\\\/\\\/www.subaru.es\\\/blog\\\/nuestra-marca\\\/el-impreza-un-ano-mas-candidato-a-los-wcoty\\\/#primaryimage\"},\"thumbnailUrl\":\"https:\\\/\\\/www.subaru.es\\\/blog\\\/wp-content\\\/uploads\\\/2009\\\/02\\\/wcoty.png\",\"datePublished\":\"2009-04-29T12:03:47+00:00\",\"dateModified\":\"2020-08-06T09:41:46+00:00\",\"breadcrumb\":{\"@id\":\"https:\\\/\\\/www.subaru.es\\\/blog\\\/nuestra-marca\\\/el-impreza-un-ano-mas-candidato-a-los-wcoty\\\/#breadcrumb\"},\"inLanguage\":\"es\",\"potentialAction\":[{\"@type\":\"ReadAction\",\"target\":[\"https:\\\/\\\/www.subaru.es\\\/blog\\\/nuestra-marca\\\/el-impreza-un-ano-mas-candidato-a-los-wcoty\\\/\"]}]},{\"@type\":\"ImageObject\",\"inLanguage\":\"es\",\"@id\":\"https:\\\/\\\/www.subaru.es\\\/blog\\\/nuestra-marca\\\/el-impreza-un-ano-mas-candidato-a-los-wcoty\\\/#primaryimage\",\"url\":\"https:\\\/\\\/www.subaru.es\\\/blog\\\/wp-content\\\/uploads\\\/2009\\\/02\\\/wcoty.png\",\"contentUrl\":\"https:\\\/\\\/www.subaru.es\\\/blog\\\/wp-content\\\/uploads\\\/2009\\\/02\\\/wcoty.png\",\"width\":214,\"height\":291},{\"@type\":\"BreadcrumbList\",\"@id\":\"https:\\\/\\\/www.subaru.es\\\/blog\\\/nuestra-marca\\\/el-impreza-un-ano-mas-candidato-a-los-wcoty\\\/#breadcrumb\",\"itemListElement\":[{\"@type\":\"ListItem\",\"position\":1,\"name\":\"Portada\",\"item\":\"https:\\\/\\\/www.subaru.es\\\/blog\\\/\"},{\"@type\":\"ListItem\",\"position\":2,\"name\":\"El Impreza, un a\u00f1o m\u00e1s, candidato a los WCOTY\"}]},{\"@type\":\"WebSite\",\"@id\":\"https:\\\/\\\/www.subaru.es\\\/blog\\\/#website\",\"url\":\"https:\\\/\\\/www.subaru.es\\\/blog\\\/\",\"name\":\"Universo Subaru\",\"description\":\"Descubre este apasionante espacio de Subaru donde vas a conocer todo sobre nuestros coches y las experiencias que vivimos con ellos. Si est\u00e1s preparado para dejarte seducir por la filosof\u00eda Subaru, qu\u00e9date con nosotros.\",\"publisher\":{\"@id\":\"https:\\\/\\\/www.subaru.es\\\/blog\\\/#organization\"},\"potentialAction\":[{\"@type\":\"SearchAction\",\"target\":{\"@type\":\"EntryPoint\",\"urlTemplate\":\"https:\\\/\\\/www.subaru.es\\\/blog\\\/?s={search_term_string}\"},\"query-input\":{\"@type\":\"PropertyValueSpecification\",\"valueRequired\":true,\"valueName\":\"search_term_string\"}}],\"inLanguage\":\"es\"},{\"@type\":\"Organization\",\"@id\":\"https:\\\/\\\/www.subaru.es\\\/blog\\\/#organization\",\"name\":\"Subaru Espa\u00f1a S.A.\",\"url\":\"https:\\\/\\\/www.subaru.es\\\/blog\\\/\",\"logo\":{\"@type\":\"ImageObject\",\"inLanguage\":\"es\",\"@id\":\"https:\\\/\\\/www.subaru.es\\\/blog\\\/#\\\/schema\\\/logo\\\/image\\\/\",\"url\":\"https:\\\/\\\/www.subaru.es\\\/blog\\\/wp-content\\\/uploads\\\/2016\\\/12\\\/Logo-Subaru-TypeV_C300-scaled.jpg\",\"contentUrl\":\"https:\\\/\\\/www.subaru.es\\\/blog\\\/wp-content\\\/uploads\\\/2016\\\/12\\\/Logo-Subaru-TypeV_C300-scaled.jpg\",\"width\":2560,\"height\":1864,\"caption\":\"Subaru Espa\u00f1a S.A.\"},\"image\":{\"@id\":\"https:\\\/\\\/www.subaru.es\\\/blog\\\/#\\\/schema\\\/logo\\\/image\\\/\"},\"sameAs\":[\"https:\\\/\\\/www.facebook.com\\\/subaruespana\",\"https:\\\/\\\/www.instagram.com\\\/subarues\\\/\",\"https:\\\/\\\/www.youtube.com\\\/user\\\/subaruespana\"]},{\"@type\":\"Person\",\"@id\":\"https:\\\/\\\/www.subaru.es\\\/blog\\\/#\\\/schema\\\/person\\\/19a90b892230b8e0ec752704ddf4aa10\",\"name\":\"Subaru\",\"url\":\"https:\\\/\\\/www.subaru.es\\\/blog\\\/author\\\/subaria\\\/\"}]}<\/script>\n<!-- \/ Yoast SEO plugin. -->","yoast_head_json":{"title":"El Impreza, un a\u00f1o m\u00e1s, candidato a los WCOTY - Universo Subaru","robots":{"index":"index","follow":"follow","max-snippet":"max-snippet:-1","max-image-preview":"max-image-preview:large","max-video-preview":"max-video-preview:-1"},"canonical":"https:\/\/www.subaru.es\/blog\/nuestra-marca\/el-impreza-un-ano-mas-candidato-a-los-wcoty\/","og_locale":"es_ES","og_type":"article","og_title":"El Impreza, un a\u00f1o m\u00e1s, candidato a los WCOTY - Universo Subaru","og_description":"WCOTY (siglas de World Car Of The Year, o \u00abcoche del a\u00f1o en el mundo\u00bb) es una organizaci\u00f3n formada por 59 cr\u00edticos y periodistas del mundo del motor a nivel mundial, que entrega cada a\u00f1o un premio al veh\u00edculo con mayores prestaciones (World Performance Car). Y como no pod\u00eda ser de otra manera, nuestro querido [&hellip;]","og_url":"https:\/\/www.subaru.es\/blog\/nuestra-marca\/el-impreza-un-ano-mas-candidato-a-los-wcoty\/","og_site_name":"Universo Subaru","article_publisher":"https:\/\/www.facebook.com\/subaruespana","article_published_time":"2009-04-29T12:03:47+00:00","article_modified_time":"2020-08-06T09:41:46+00:00","og_image":[{"width":214,"height":291,"url":"https:\/\/www.subaru.es\/blog\/wp-content\/uploads\/2009\/02\/wcoty.png","type":"image\/png"}],"author":"Subaru","twitter_card":"summary_large_image","twitter_misc":{"Escrito por":"Subaru","Tiempo de lectura":"1 minuto"},"schema":{"@context":"https:\/\/schema.org","@graph":[{"@type":"Article","@id":"https:\/\/www.subaru.es\/blog\/nuestra-marca\/el-impreza-un-ano-mas-candidato-a-los-wcoty\/#article","isPartOf":{"@id":"https:\/\/www.subaru.es\/blog\/nuestra-marca\/el-impreza-un-ano-mas-candidato-a-los-wcoty\/"},"author":{"name":"Subaru","@id":"https:\/\/www.subaru.es\/blog\/#\/schema\/person\/19a90b892230b8e0ec752704ddf4aa10"},"headline":"El Impreza, un a\u00f1o m\u00e1s, candidato a los WCOTY","datePublished":"2009-04-29T12:03:47+00:00","dateModified":"2020-08-06T09:41:46+00:00","mainEntityOfPage":{"@id":"https:\/\/www.subaru.es\/blog\/nuestra-marca\/el-impreza-un-ano-mas-candidato-a-los-wcoty\/"},"wordCount":179,"commentCount":0,"publisher":{"@id":"https:\/\/www.subaru.es\/blog\/#organization"},"image":{"@id":"https:\/\/www.subaru.es\/blog\/nuestra-marca\/el-impreza-un-ano-mas-candidato-a-los-wcoty\/#primaryimage"},"thumbnailUrl":"https:\/\/www.subaru.es\/blog\/wp-content\/uploads\/2009\/02\/wcoty.png","articleSection":["Nuestra marca"],"inLanguage":"es","potentialAction":[{"@type":"CommentAction","name":"Comment","target":["https:\/\/www.subaru.es\/blog\/nuestra-marca\/el-impreza-un-ano-mas-candidato-a-los-wcoty\/#respond"]}]},{"@type":"WebPage","@id":"https:\/\/www.subaru.es\/blog\/nuestra-marca\/el-impreza-un-ano-mas-candidato-a-los-wcoty\/","url":"https:\/\/www.subaru.es\/blog\/nuestra-marca\/el-impreza-un-ano-mas-candidato-a-los-wcoty\/","name":"El Impreza, un a\u00f1o m\u00e1s, candidato a los WCOTY - Universo Subaru","isPartOf":{"@id":"https:\/\/www.subaru.es\/blog\/#website"},"primaryImageOfPage":{"@id":"https:\/\/www.subaru.es\/blog\/nuestra-marca\/el-impreza-un-ano-mas-candidato-a-los-wcoty\/#primaryimage"},"image":{"@id":"https:\/\/www.subaru.es\/blog\/nuestra-marca\/el-impreza-un-ano-mas-candidato-a-los-wcoty\/#primaryimage"},"thumbnailUrl":"https:\/\/www.subaru.es\/blog\/wp-content\/uploads\/2009\/02\/wcoty.png","datePublished":"2009-04-29T12:03:47+00:00","dateModified":"2020-08-06T09:41:46+00:00","breadcrumb":{"@id":"https:\/\/www.subaru.es\/blog\/nuestra-marca\/el-impreza-un-ano-mas-candidato-a-los-wcoty\/#breadcrumb"},"inLanguage":"es","potentialAction":[{"@type":"ReadAction","target":["https:\/\/www.subaru.es\/blog\/nuestra-marca\/el-impreza-un-ano-mas-candidato-a-los-wcoty\/"]}]},{"@type":"ImageObject","inLanguage":"es","@id":"https:\/\/www.subaru.es\/blog\/nuestra-marca\/el-impreza-un-ano-mas-candidato-a-los-wcoty\/#primaryimage","url":"https:\/\/www.subaru.es\/blog\/wp-content\/uploads\/2009\/02\/wcoty.png","contentUrl":"https:\/\/www.subaru.es\/blog\/wp-content\/uploads\/2009\/02\/wcoty.png","width":214,"height":291},{"@type":"BreadcrumbList","@id":"https:\/\/www.subaru.es\/blog\/nuestra-marca\/el-impreza-un-ano-mas-candidato-a-los-wcoty\/#breadcrumb","itemListElement":[{"@type":"ListItem","position":1,"name":"Portada","item":"https:\/\/www.subaru.es\/blog\/"},{"@type":"ListItem","position":2,"name":"El Impreza, un a\u00f1o m\u00e1s, candidato a los WCOTY"}]},{"@type":"WebSite","@id":"https:\/\/www.subaru.es\/blog\/#website","url":"https:\/\/www.subaru.es\/blog\/","name":"Universo Subaru","description":"Descubre este apasionante espacio de Subaru donde vas a conocer todo sobre nuestros coches y las experiencias que vivimos con ellos. Si est\u00e1s preparado para dejarte seducir por la filosof\u00eda Subaru, qu\u00e9date con nosotros.","publisher":{"@id":"https:\/\/www.subaru.es\/blog\/#organization"},"potentialAction":[{"@type":"SearchAction","target":{"@type":"EntryPoint","urlTemplate":"https:\/\/www.subaru.es\/blog\/?s={search_term_string}"},"query-input":{"@type":"PropertyValueSpecification","valueRequired":true,"valueName":"search_term_string"}}],"inLanguage":"es"},{"@type":"Organization","@id":"https:\/\/www.subaru.es\/blog\/#organization","name":"Subaru Espa\u00f1a S.A.","url":"https:\/\/www.subaru.es\/blog\/","logo":{"@type":"ImageObject","inLanguage":"es","@id":"https:\/\/www.subaru.es\/blog\/#\/schema\/logo\/image\/","url":"https:\/\/www.subaru.es\/blog\/wp-content\/uploads\/2016\/12\/Logo-Subaru-TypeV_C300-scaled.jpg","contentUrl":"https:\/\/www.subaru.es\/blog\/wp-content\/uploads\/2016\/12\/Logo-Subaru-TypeV_C300-scaled.jpg","width":2560,"height":1864,"caption":"Subaru Espa\u00f1a S.A."},"image":{"@id":"https:\/\/www.subaru.es\/blog\/#\/schema\/logo\/image\/"},"sameAs":["https:\/\/www.facebook.com\/subaruespana","https:\/\/www.instagram.com\/subarues\/","https:\/\/www.youtube.com\/user\/subaruespana"]},{"@type":"Person","@id":"https:\/\/www.subaru.es\/blog\/#\/schema\/person\/19a90b892230b8e0ec752704ddf4aa10","name":"Subaru","url":"https:\/\/www.subaru.es\/blog\/author\/subaria\/"}]}},"_links":{"self":[{"href":"https:\/\/www.subaru.es\/blog\/wp-json\/wp\/v2\/posts\/1874","targetHints":{"allow":["GET"]}}],"collection":[{"href":"https:\/\/www.subaru.es\/blog\/wp-json\/wp\/v2\/posts"}],"about":[{"href":"https:\/\/www.subaru.es\/blog\/wp-json\/wp\/v2\/types\/post"}],"author":[{"embeddable":true,"href":"https:\/\/www.subaru.es\/blog\/wp-json\/wp\/v2\/users\/21"}],"replies":[{"embeddable":true,"href":"https:\/\/www.subaru.es\/blog\/wp-json\/wp\/v2\/comments?post=1874"}],"version-history":[{"count":1,"href":"https:\/\/www.subaru.es\/blog\/wp-json\/wp\/v2\/posts\/1874\/revisions"}],"predecessor-version":[{"id":15240,"href":"https:\/\/www.subaru.es\/blog\/wp-json\/wp\/v2\/posts\/1874\/revisions\/15240"}],"wp:featuredmedia":[{"embeddable":true,"href":"https:\/\/www.subaru.es\/blog\/wp-json\/wp\/v2\/media\/1875"}],"wp:attachment":[{"href":"https:\/\/www.subaru.es\/blog\/wp-json\/wp\/v2\/media?parent=1874"}],"wp:term":[{"taxonomy":"category","embeddable":true,"href":"https:\/\/www.subaru.es\/blog\/wp-json\/wp\/v2\/categories?post=1874"},{"taxonomy":"post_tag","embeddable":true,"href":"https:\/\/www.subaru.es\/blog\/wp-json\/wp\/v2\/tags?post=1874"}],"curies":[{"name":"wp","href":"https:\/\/api.w.org\/{rel}","templated":true}]}}