{"id":18701,"date":"2018-03-22T19:55:59","date_gmt":"2018-03-22T17:55:59","guid":{"rendered":"https:\/\/www.subaru.es\/blog\/?p=18701"},"modified":"2018-04-12T16:18:01","modified_gmt":"2018-04-12T14:18:01","slug":"subaru-svx-amarillo-historiarubenfidalgo","status":"publish","type":"post","link":"https:\/\/www.subaru.es\/blog\/subaru-lifestyle\/subaru-svx-amarillo-historiarubenfidalgo\/","title":{"rendered":"Descubre la historia del \u00fanico Subaru SVX amarillo en Espa\u00f1a"},"content":{"rendered":"<p>Un d\u00eda, por casualidad, ves un coche y el flechazo es instant\u00e1neo. Es sencillamente perfecto, hecho a tu medida. Pero, como en la vida, hay relaciones que se toman su tiempo, que necesitan esfuerzo, valent\u00eda y trabajado duro para que se hagan realidad.<\/p>\n<p><strong>Esta es la historia de Jos\u00e9 y Rub\u00e9n Fidalgo, padre e hijo, y de su pasi\u00f3n por un Subaru SVX.<\/strong><\/p>\n<p>El pasado 10 de marzo, durante la <a href=\"https:\/\/www.subaru.es\/blog\/motor\/presentacion-de-temporada-de-8000vueltas\/\" target=\"_blank\" rel=\"noopener\"><strong>presentaci\u00f3n de la temporada de 8000vueltas<\/strong><\/a>, pudimos ver muchos Subarus \u00fanicos. Espera, \u00bfes que alg\u00fan <a href=\"https:\/\/www.subaru.es\/\" target=\"_blank\" rel=\"noopener\"><strong>Subaru<\/strong><\/a> no lo es? Sin embargo, de entre todos, <strong>un Subaru SVX amarillo llamaba la atenci\u00f3n con especial fuerza. No es para menos. Es el \u00fanico en Espa\u00f1a.<\/strong><\/p>\n<p><img decoding=\"async\" class=\"aligncenter wp-image-18729 size-medium lazyload\" data-src=\"https:\/\/www.subaru.es\/blog\/wp-content\/uploads\/2018\/03\/DSCN0598-560x373.jpg\" alt=\"\" width=\"560\" height=\"373\" data-srcset=\"https:\/\/www.subaru.es\/blog\/wp-content\/uploads\/2018\/03\/DSCN0598-560x373.jpg 560w, https:\/\/www.subaru.es\/blog\/wp-content\/uploads\/2018\/03\/DSCN0598-1440x960.jpg 1440w, https:\/\/www.subaru.es\/blog\/wp-content\/uploads\/2018\/03\/DSCN0598-768x512.jpg 768w, https:\/\/www.subaru.es\/blog\/wp-content\/uploads\/2018\/03\/DSCN0598.jpg 1500w\" data-sizes=\"(max-width: 560px) 100vw, 560px\" src=\"data:image\/svg+xml;base64,PHN2ZyB3aWR0aD0iMSIgaGVpZ2h0PSIxIiB4bWxucz0iaHR0cDovL3d3dy53My5vcmcvMjAwMC9zdmciPjwvc3ZnPg==\" style=\"--smush-placeholder-width: 560px; --smush-placeholder-aspect-ratio: 560\/373;\" \/><\/p>\n<p>\u00bfY c\u00f3mo llega uno a hacerse con un coche tan m\u00edtico? Valen tres palabras\u00a0para responder: <strong>tiempo, pasi\u00f3n y valent\u00eda.<\/strong> Todo comenz\u00f3 en 1991. Rub\u00e9n y su padre Jos\u00e9 vieron el Subaru SVX en una revista por primera vez y les hechiz\u00f3. Volver\u00edan a encontrarse con \u00e9l en 1993, en el n\u00famero 181 de la <a href=\"http:\/\/www.autopista.es\/coches\/subaru\" target=\"_blank\" rel=\"noopener\"><strong>revista Autom\u00f3vil<\/strong><\/a>, y pudieron comprobar que la realidad supera a cualquier imagen cuando se encontraron el coche en las calles de A Coru\u00f1a, en 1995. \u201cSuponemos que era de Luis Moya, que por aquel entonces <a href=\"https:\/\/www.subaru.es\/blog\/motor\/1995-subaru-rallyes\/\" target=\"_blank\" rel=\"noopener\"><strong>corr\u00eda con Carlos Sainz en Subaru<\/strong><\/a>\u201d, se\u00f1ala Rub\u00e9n.<\/p>\n<p>Cada vez que ve\u00edan el Subaru SVX parec\u00eda que el destino quer\u00eda decirles algo. Sab\u00edan que ser\u00eda un reto conseguirlo, que habr\u00eda que recorrer muchos caminos, que tendr\u00edan que armarse de paciencia y pasi\u00f3n a partes iguales, que habr\u00eda piezas por buscar para ponerlo a punto y que no ser\u00eda f\u00e1cil \u2026<\/p>\n<p>Pero, \u00bfqu\u00e9 m\u00e1s da eso cu\u00e1ndo est\u00e1s persiguiendo un sue\u00f1o junto a tu padre? <strong>Un <a href=\"https:\/\/www.subaru.es\/blog\/subaru-offroaders\/filosofia-subaruoffroaders\/\" target=\"_blank\" rel=\"noopener\">#SubaruOffRoaders <\/a>nunca se rinde y ellos lo son.<\/strong><\/p>\n<p><img decoding=\"async\" width=\"560\" height=\"373\" class=\"aligncenter size-medium wp-image-18732 lazyload\" data-src=\"https:\/\/www.subaru.es\/blog\/wp-content\/uploads\/2018\/03\/10000651888-560x373.jpg\" alt=\"\" data-srcset=\"https:\/\/www.subaru.es\/blog\/wp-content\/uploads\/2018\/03\/10000651888-560x373.jpg 560w, https:\/\/www.subaru.es\/blog\/wp-content\/uploads\/2018\/03\/10000651888-1440x960.jpg 1440w, https:\/\/www.subaru.es\/blog\/wp-content\/uploads\/2018\/03\/10000651888-768x512.jpg 768w, https:\/\/www.subaru.es\/blog\/wp-content\/uploads\/2018\/03\/10000651888.jpg 1500w\" data-sizes=\"(max-width: 560px) 100vw, 560px\" src=\"data:image\/svg+xml;base64,PHN2ZyB3aWR0aD0iMSIgaGVpZ2h0PSIxIiB4bWxucz0iaHR0cDovL3d3dy53My5vcmcvMjAwMC9zdmciPjwvc3ZnPg==\" style=\"--smush-placeholder-width: 560px; --smush-placeholder-aspect-ratio: 560\/373;\" \/><\/p>\n<p>Rub\u00e9n y Jos\u00e9 no encontraron su SVX a la primera. Mientras no desist\u00edan en su b\u00fasqueda, Rub\u00e9n le\u00eda todo lo que ca\u00eda en sus manos sobre el coche. \u201cTengo todas las revistas publicadas en Espa\u00f1a con pruebas del SVX\u201d, menciona. \u201cAntes de comprarlo ya sab\u00edamos sus puntos d\u00e9biles. Salvo la caja de cambios (que es cara de reparar), los otros defectos son menores y subsanables. As\u00ed que, \u00bfpor qu\u00e9 no?\u201d, apuntilla.<\/p>\n<p>Fue en 2007 cuando consiguieron el <a href=\"https:\/\/www.subaru.es\/blog\/nuestra-marca\/son-estos-los-mejores-subaru-de-la-historia\/\" target=\"_blank\" rel=\"noopener\"><strong>Subaru SVX<\/strong><\/a> amarillo. \u201cVi un anuncio en una revista. Avis\u00e9 a mi padre y fuimos a verlo. Se enamor\u00f3 de \u00e9l. As\u00ed que vendimos un coche que ten\u00eda y compramos el Subaru SVX\u201d, comenta Rub\u00e9n. \u201cTen\u00eda una vibraci\u00f3n en la transmisi\u00f3n, no funcionaban los mandos de los elevalunas y alguna cosilla m\u00e1s\u201d, recuerda.<\/p>\n<p>Aunque los arreglos no eran demasiado complicados para dos expertos del motor -Jos\u00e9 fue electromec\u00e1nico de la Renfe y Jos\u00e9, ingeniero industrial, asesor t\u00e9cnico y probador de coches- hallar las piezas que requer\u00edan era otra dificultad a\u00f1adida. Por eso, cuando encontraron otro SVX decidieron comprarlo tambi\u00e9n para usarlo como donante. \u201cLo compramos y luego nos dio pena desguazarlo. Al final, conseguimos una caja de cambios en Alemania por Ebay, la reparamos y la montamos. Desde entonces, lo que hemos hecho\u00a0ha sido poner en el SVX amarillo aquellos elementos que estaban en mejor estado y algunos accesorios, como el spoiler original\u201d.<\/p>\n<p><img decoding=\"async\" width=\"560\" height=\"373\" class=\"aligncenter size-medium wp-image-18734 lazyload\" data-src=\"https:\/\/www.subaru.es\/blog\/wp-content\/uploads\/2018\/03\/P1030086_2-560x373.jpg\" alt=\"\" data-srcset=\"https:\/\/www.subaru.es\/blog\/wp-content\/uploads\/2018\/03\/P1030086_2-560x373.jpg 560w, https:\/\/www.subaru.es\/blog\/wp-content\/uploads\/2018\/03\/P1030086_2-1440x960.jpg 1440w, https:\/\/www.subaru.es\/blog\/wp-content\/uploads\/2018\/03\/P1030086_2-768x512.jpg 768w, https:\/\/www.subaru.es\/blog\/wp-content\/uploads\/2018\/03\/P1030086_2.jpg 1500w\" data-sizes=\"(max-width: 560px) 100vw, 560px\" src=\"data:image\/svg+xml;base64,PHN2ZyB3aWR0aD0iMSIgaGVpZ2h0PSIxIiB4bWxucz0iaHR0cDovL3d3dy53My5vcmcvMjAwMC9zdmciPjwvc3ZnPg==\" style=\"--smush-placeholder-width: 560px; --smush-placeholder-aspect-ratio: 560\/373;\" \/><\/p>\n<p><strong>SVX AMARILLO<\/strong><\/p>\n<p>Que el Subaru SVX tuviese la carrocer\u00eda amarilla fue obra del destino caprichoso, puesto que no era un color que buscaban. \u201cCuando vi el SVX amarillo en el anuncio no pens\u00e9 que fuese nacional sino importado. Resulta que, aunque se trata de un coche destinado al mercado alem\u00e1n, se import\u00f3 nuevo a Espa\u00f1a en 1996 como un pedido especial. De hecho, ya no estaba en los cat\u00e1logos espa\u00f1oles, pero un arquitecto de Le\u00f3n se encaprich\u00f3 y consigui\u00f3 que le importasen un ejemplar. <strong>Nuestro SVX es el \u00faltimo que se ha matriculado en Espa\u00f1a<\/strong>\u201d, dice.<\/p>\n<p>Desde su compra, el Subaru SVX ha requerido mimos y atenci\u00f3n, y lo sigue haciendo. \u201cNos ha costado mucho encontrar la bomba de agua y seguimos intentando encontrar el m\u00f3dulo que controla el encendido de la luz de cortes\u00eda interior. Hay dos tipos de m\u00f3dulos. El normal, y el del nuestro que tiene un apagado retardado y con un peculiar sistema de apertura de puertas (se pueden desbloquear sin llave mediante un c\u00f3digo de seguridad con morse)\u201d, explica Rub\u00e9n.<\/p>\n<p><img decoding=\"async\" width=\"560\" height=\"420\" class=\"aligncenter size-medium wp-image-18735 lazyload\" data-src=\"https:\/\/www.subaru.es\/blog\/wp-content\/uploads\/2018\/03\/Subaru-SVX-motor-6-cilindros-b\u00f3xer-560x420.jpg\" alt=\"\" data-srcset=\"https:\/\/www.subaru.es\/blog\/wp-content\/uploads\/2018\/03\/Subaru-SVX-motor-6-cilindros-b\u00f3xer-560x420.jpg 560w, https:\/\/www.subaru.es\/blog\/wp-content\/uploads\/2018\/03\/Subaru-SVX-motor-6-cilindros-b\u00f3xer-768x576.jpg 768w, https:\/\/www.subaru.es\/blog\/wp-content\/uploads\/2018\/03\/Subaru-SVX-motor-6-cilindros-b\u00f3xer.jpg 900w\" data-sizes=\"(max-width: 560px) 100vw, 560px\" src=\"data:image\/svg+xml;base64,PHN2ZyB3aWR0aD0iMSIgaGVpZ2h0PSIxIiB4bWxucz0iaHR0cDovL3d3dy53My5vcmcvMjAwMC9zdmciPjwvc3ZnPg==\" style=\"--smush-placeholder-width: 560px; --smush-placeholder-aspect-ratio: 560\/420;\" \/><\/p>\n<p><strong>Como Subaristas y aut\u00e9nticos #SubaruOffroaders, Rub\u00e9n y Jos\u00e9 no se conforman con tener el coche en el garaje.<\/strong> Cuando le preguntamos si su padre, superados los 80 a\u00f1os, contin\u00faa conduciendo, Rub\u00e9n comenta orgulloso: \u201cPor supuesto&#8230; pr\u00e1cticamente es su coche de diario. Nos parece un buen coche para los viajes que hace mi padre de A Coru\u00f1a a Le\u00f3n. <strong>El cambio autom\u00e1tico y los asientos hacen que sea comod\u00edsimo.<\/strong> <strong>El <a href=\"https:\/\/www.youtube.com\/watch?v=Dj-7U9A3B-w&amp;t=2s\" target=\"_blank\" rel=\"noopener\">motor b\u00f3xer<\/a> es una delicia y la <a href=\"https:\/\/www.subaru.es\/tecnologia\/symmetrical_all_wheel_drive\" target=\"_blank\" rel=\"noopener\">tracci\u00f3n total integral<\/a> \u201cno viene mal\u201d en un recorrido en el que la lluvia y la nieve son frecuentes.<\/strong> Es impresionante lo bien fabricado que est\u00e1. Pese a tener casi 300.000 kms encima y 22 a\u00f1os, no tiene ni un solo grillo en el interior y su aerodin\u00e1mica hace que puedas ir a velocidades elevadas sin escuchar turbulencias. No nos gustan los uniformes y \u00e9ste se sale de lo normal y es un buen coche\u201d, comenta.<\/p>\n<p>En su b\u00fasqueda por encontrar coches diferentes, Rub\u00e9n habla de Subaru. \u201c<strong>Es una marca apasionante. Desde siempre ha seguido su propio camino y no se parece a los dem\u00e1s.<\/strong> Solo por eso ya se merece una atenci\u00f3n especial. S\u00ed, me entusiasma el mundo del autom\u00f3vil y en general me gustan la mayor\u00eda de los coches, pero que en realidad me apasionen hay muy pocos&#8230; cada vez menos. Por ejemplo, un modelo de Subaru que me encantar\u00eda conseguir es el peque\u00f1o <a href=\"https:\/\/www.subaru.es\/blog\/nuestra-marca\/360-primer-subaru-pasajeros\/\" target=\"_blank\" rel=\"noopener\"><strong>Subaru 360<\/strong><\/a>, me parece una joya del ingenio y tiene personalidad\u201d, culmina.<\/p>\n<p>*Gracias a Jos\u00e9 y a Rub\u00e9n por contarnos cada detalle del Subaru SVX amarillo que forma parte de la historia de Subaru, pero tambi\u00e9n de la suya.<\/p>\n<div id='gallery-1' class='gallery galleryid-18701 gallery-columns-3 gallery-size-medium'><figure class='gallery-item'>\n\t\t\t<div class='gallery-icon landscape'>\n\t\t\t\t<a href='https:\/\/www.subaru.es\/blog\/wp-content\/uploads\/2018\/03\/DSCN0599.jpg'><img decoding=\"async\" width=\"560\" height=\"373\" data-src=\"https:\/\/www.subaru.es\/blog\/wp-content\/uploads\/2018\/03\/DSCN0599-560x373.jpg\" class=\"attachment-medium size-medium lazyload\" alt=\"\" data-srcset=\"https:\/\/www.subaru.es\/blog\/wp-content\/uploads\/2018\/03\/DSCN0599-560x373.jpg 560w, https:\/\/www.subaru.es\/blog\/wp-content\/uploads\/2018\/03\/DSCN0599-1440x960.jpg 1440w, https:\/\/www.subaru.es\/blog\/wp-content\/uploads\/2018\/03\/DSCN0599-768x512.jpg 768w, https:\/\/www.subaru.es\/blog\/wp-content\/uploads\/2018\/03\/DSCN0599.jpg 1500w\" data-sizes=\"(max-width: 560px) 100vw, 560px\" src=\"data:image\/svg+xml;base64,PHN2ZyB3aWR0aD0iMSIgaGVpZ2h0PSIxIiB4bWxucz0iaHR0cDovL3d3dy53My5vcmcvMjAwMC9zdmciPjwvc3ZnPg==\" style=\"--smush-placeholder-width: 560px; --smush-placeholder-aspect-ratio: 560\/373;\" \/><\/a>\n\t\t\t<\/div><\/figure><figure class='gallery-item'>\n\t\t\t<div class='gallery-icon landscape'>\n\t\t\t\t<a href='https:\/\/www.subaru.es\/blog\/wp-content\/uploads\/2018\/03\/P1020921_2.jpg'><img decoding=\"async\" width=\"560\" height=\"373\" data-src=\"https:\/\/www.subaru.es\/blog\/wp-content\/uploads\/2018\/03\/P1020921_2-560x373.jpg\" class=\"attachment-medium size-medium lazyload\" alt=\"\" data-srcset=\"https:\/\/www.subaru.es\/blog\/wp-content\/uploads\/2018\/03\/P1020921_2-560x373.jpg 560w, https:\/\/www.subaru.es\/blog\/wp-content\/uploads\/2018\/03\/P1020921_2-768x512.jpg 768w, https:\/\/www.subaru.es\/blog\/wp-content\/uploads\/2018\/03\/P1020921_2.jpg 1240w\" data-sizes=\"(max-width: 560px) 100vw, 560px\" src=\"data:image\/svg+xml;base64,PHN2ZyB3aWR0aD0iMSIgaGVpZ2h0PSIxIiB4bWxucz0iaHR0cDovL3d3dy53My5vcmcvMjAwMC9zdmciPjwvc3ZnPg==\" style=\"--smush-placeholder-width: 560px; --smush-placeholder-aspect-ratio: 560\/373;\" \/><\/a>\n\t\t\t<\/div><\/figure><figure class='gallery-item'>\n\t\t\t<div class='gallery-icon landscape'>\n\t\t\t\t<a href='https:\/\/www.subaru.es\/blog\/wp-content\/uploads\/2018\/03\/Motores-Boxer-Subaru-BRZ-SVX_2.jpg'><img decoding=\"async\" width=\"560\" height=\"420\" data-src=\"https:\/\/www.subaru.es\/blog\/wp-content\/uploads\/2018\/03\/Motores-Boxer-Subaru-BRZ-SVX_2-560x420.jpg\" class=\"attachment-medium size-medium lazyload\" alt=\"\" data-srcset=\"https:\/\/www.subaru.es\/blog\/wp-content\/uploads\/2018\/03\/Motores-Boxer-Subaru-BRZ-SVX_2-560x420.jpg 560w, https:\/\/www.subaru.es\/blog\/wp-content\/uploads\/2018\/03\/Motores-Boxer-Subaru-BRZ-SVX_2-768x576.jpg 768w, https:\/\/www.subaru.es\/blog\/wp-content\/uploads\/2018\/03\/Motores-Boxer-Subaru-BRZ-SVX_2.jpg 900w\" data-sizes=\"(max-width: 560px) 100vw, 560px\" src=\"data:image\/svg+xml;base64,PHN2ZyB3aWR0aD0iMSIgaGVpZ2h0PSIxIiB4bWxucz0iaHR0cDovL3d3dy53My5vcmcvMjAwMC9zdmciPjwvc3ZnPg==\" style=\"--smush-placeholder-width: 560px; --smush-placeholder-aspect-ratio: 560\/420;\" \/><\/a>\n\t\t\t<\/div><\/figure><figure class='gallery-item'>\n\t\t\t<div class='gallery-icon landscape'>\n\t\t\t\t<a href='https:\/\/www.subaru.es\/blog\/wp-content\/uploads\/2018\/03\/Subaru-BRZ-y-SVX_2.jpg'><img decoding=\"async\" width=\"560\" height=\"420\" data-src=\"https:\/\/www.subaru.es\/blog\/wp-content\/uploads\/2018\/03\/Subaru-BRZ-y-SVX_2-560x420.jpg\" class=\"attachment-medium size-medium lazyload\" alt=\"\" data-srcset=\"https:\/\/www.subaru.es\/blog\/wp-content\/uploads\/2018\/03\/Subaru-BRZ-y-SVX_2-560x420.jpg 560w, https:\/\/www.subaru.es\/blog\/wp-content\/uploads\/2018\/03\/Subaru-BRZ-y-SVX_2-768x576.jpg 768w, https:\/\/www.subaru.es\/blog\/wp-content\/uploads\/2018\/03\/Subaru-BRZ-y-SVX_2.jpg 900w\" data-sizes=\"(max-width: 560px) 100vw, 560px\" src=\"data:image\/svg+xml;base64,PHN2ZyB3aWR0aD0iMSIgaGVpZ2h0PSIxIiB4bWxucz0iaHR0cDovL3d3dy53My5vcmcvMjAwMC9zdmciPjwvc3ZnPg==\" style=\"--smush-placeholder-width: 560px; --smush-placeholder-aspect-ratio: 560\/420;\" \/><\/a>\n\t\t\t<\/div><\/figure><figure class='gallery-item'>\n\t\t\t<div class='gallery-icon landscape'>\n\t\t\t\t<a href='https:\/\/www.subaru.es\/blog\/wp-content\/uploads\/2018\/03\/DSCN0586.jpg'><img decoding=\"async\" width=\"560\" height=\"373\" data-src=\"https:\/\/www.subaru.es\/blog\/wp-content\/uploads\/2018\/03\/DSCN0586-560x373.jpg\" class=\"attachment-medium size-medium lazyload\" alt=\"\" data-srcset=\"https:\/\/www.subaru.es\/blog\/wp-content\/uploads\/2018\/03\/DSCN0586-560x373.jpg 560w, https:\/\/www.subaru.es\/blog\/wp-content\/uploads\/2018\/03\/DSCN0586-1440x960.jpg 1440w, https:\/\/www.subaru.es\/blog\/wp-content\/uploads\/2018\/03\/DSCN0586-768x512.jpg 768w, https:\/\/www.subaru.es\/blog\/wp-content\/uploads\/2018\/03\/DSCN0586.jpg 1500w\" data-sizes=\"(max-width: 560px) 100vw, 560px\" src=\"data:image\/svg+xml;base64,PHN2ZyB3aWR0aD0iMSIgaGVpZ2h0PSIxIiB4bWxucz0iaHR0cDovL3d3dy53My5vcmcvMjAwMC9zdmciPjwvc3ZnPg==\" style=\"--smush-placeholder-width: 560px; --smush-placeholder-aspect-ratio: 560\/373;\" \/><\/a>\n\t\t\t<\/div><\/figure><figure class='gallery-item'>\n\t\t\t<div class='gallery-icon landscape'>\n\t\t\t\t<a href='https:\/\/www.subaru.es\/blog\/wp-content\/uploads\/2018\/03\/DSCN0579.jpg'><img decoding=\"async\" width=\"560\" height=\"373\" data-src=\"https:\/\/www.subaru.es\/blog\/wp-content\/uploads\/2018\/03\/DSCN0579-560x373.jpg\" class=\"attachment-medium size-medium lazyload\" alt=\"\" data-srcset=\"https:\/\/www.subaru.es\/blog\/wp-content\/uploads\/2018\/03\/DSCN0579-560x373.jpg 560w, https:\/\/www.subaru.es\/blog\/wp-content\/uploads\/2018\/03\/DSCN0579-1440x960.jpg 1440w, https:\/\/www.subaru.es\/blog\/wp-content\/uploads\/2018\/03\/DSCN0579-768x512.jpg 768w, https:\/\/www.subaru.es\/blog\/wp-content\/uploads\/2018\/03\/DSCN0579.jpg 1500w\" data-sizes=\"(max-width: 560px) 100vw, 560px\" src=\"data:image\/svg+xml;base64,PHN2ZyB3aWR0aD0iMSIgaGVpZ2h0PSIxIiB4bWxucz0iaHR0cDovL3d3dy53My5vcmcvMjAwMC9zdmciPjwvc3ZnPg==\" style=\"--smush-placeholder-width: 560px; --smush-placeholder-aspect-ratio: 560\/373;\" \/><\/a>\n\t\t\t<\/div><\/figure><figure class='gallery-item'>\n\t\t\t<div class='gallery-icon landscape'>\n\t\t\t\t<a href='https:\/\/www.subaru.es\/blog\/wp-content\/uploads\/2018\/03\/DSCN0588.jpg'><img decoding=\"async\" width=\"560\" height=\"420\" data-src=\"https:\/\/www.subaru.es\/blog\/wp-content\/uploads\/2018\/03\/DSCN0588-560x420.jpg\" class=\"attachment-medium size-medium lazyload\" alt=\"\" data-srcset=\"https:\/\/www.subaru.es\/blog\/wp-content\/uploads\/2018\/03\/DSCN0588-560x420.jpg 560w, https:\/\/www.subaru.es\/blog\/wp-content\/uploads\/2018\/03\/DSCN0588-1440x1080.jpg 1440w, https:\/\/www.subaru.es\/blog\/wp-content\/uploads\/2018\/03\/DSCN0588-768x576.jpg 768w, https:\/\/www.subaru.es\/blog\/wp-content\/uploads\/2018\/03\/DSCN0588.jpg 1500w\" data-sizes=\"(max-width: 560px) 100vw, 560px\" src=\"data:image\/svg+xml;base64,PHN2ZyB3aWR0aD0iMSIgaGVpZ2h0PSIxIiB4bWxucz0iaHR0cDovL3d3dy53My5vcmcvMjAwMC9zdmciPjwvc3ZnPg==\" style=\"--smush-placeholder-width: 560px; --smush-placeholder-aspect-ratio: 560\/420;\" \/><\/a>\n\t\t\t<\/div><\/figure><figure class='gallery-item'>\n\t\t\t<div class='gallery-icon landscape'>\n\t\t\t\t<a href='https:\/\/www.subaru.es\/blog\/wp-content\/uploads\/2018\/03\/P1030140.jpg'><img decoding=\"async\" width=\"560\" height=\"420\" data-src=\"https:\/\/www.subaru.es\/blog\/wp-content\/uploads\/2018\/03\/P1030140-560x420.jpg\" class=\"attachment-medium size-medium lazyload\" alt=\"\" data-srcset=\"https:\/\/www.subaru.es\/blog\/wp-content\/uploads\/2018\/03\/P1030140-560x420.jpg 560w, https:\/\/www.subaru.es\/blog\/wp-content\/uploads\/2018\/03\/P1030140-768x576.jpg 768w, https:\/\/www.subaru.es\/blog\/wp-content\/uploads\/2018\/03\/P1030140.jpg 1200w\" data-sizes=\"(max-width: 560px) 100vw, 560px\" src=\"data:image\/svg+xml;base64,PHN2ZyB3aWR0aD0iMSIgaGVpZ2h0PSIxIiB4bWxucz0iaHR0cDovL3d3dy53My5vcmcvMjAwMC9zdmciPjwvc3ZnPg==\" style=\"--smush-placeholder-width: 560px; --smush-placeholder-aspect-ratio: 560\/420;\" \/><\/a>\n\t\t\t<\/div><\/figure>\n\t\t<\/div>\n\n","protected":false},"excerpt":{"rendered":"<p>Un d\u00eda, por casualidad, ves un coche y el flechazo es instant\u00e1neo. Es sencillamente perfecto, hecho a tu medida. Pero, como en la vida, hay relaciones que se toman su tiempo, que necesitan esfuerzo, valent\u00eda y trabajado duro para que se hagan realidad. Esta es la historia de Jos\u00e9 y Rub\u00e9n Fidalgo, padre e hijo, [&hellip;]<\/p>\n","protected":false},"author":21,"featured_media":18728,"comment_status":"open","ping_status":"closed","sticky":false,"template":"","format":"standard","meta":{"_acf_changed":false,"_eb_attr":"","inline_featured_image":false,"footnotes":""},"categories":[4520],"tags":[4356,293,2552,835,4570,4437,4569],"class_list":["post-18701","post","type-post","status-publish","format-standard","has-post-thumbnail","hentry","category-subaru-lifestyle","tag-8000vueltas","tag-motor-boxer","tag-subaristas","tag-subaru-360","tag-subaru-svx-amarillo","tag-subaruoffroaders","tag-svx"],"acf":[],"yoast_head":"<!-- This site is optimized with the Yoast SEO plugin v27.3 - https:\/\/yoast.com\/product\/yoast-seo-wordpress\/ -->\n<title>Descubre la historia del \u00fanico Subaru SVX amarillo en Espa\u00f1a - Universo Subaru<\/title>\n<meta name=\"description\" content=\"Fue en 2007 cuando consiguieron el Subaru SVX amarillo. \u201cVi un anuncio en una revista. Avis\u00e9 a mi padre y fuimos a verlo.\" \/>\n<meta name=\"robots\" content=\"index, follow, max-snippet:-1, max-image-preview:large, max-video-preview:-1\" \/>\n<link rel=\"canonical\" href=\"https:\/\/www.subaru.es\/blog\/subaru-lifestyle\/subaru-svx-amarillo-historiarubenfidalgo\/\" \/>\n<meta property=\"og:locale\" content=\"es_ES\" \/>\n<meta property=\"og:type\" content=\"article\" \/>\n<meta property=\"og:title\" content=\"Descubre la historia del \u00fanico Subaru SVX amarillo en Espa\u00f1a - Universo Subaru\" \/>\n<meta property=\"og:description\" content=\"Fue en 2007 cuando consiguieron el Subaru SVX amarillo. \u201cVi un anuncio en una revista. Avis\u00e9 a mi padre y fuimos a verlo.\" \/>\n<meta property=\"og:url\" content=\"https:\/\/www.subaru.es\/blog\/subaru-lifestyle\/subaru-svx-amarillo-historiarubenfidalgo\/\" \/>\n<meta property=\"og:site_name\" content=\"Universo Subaru\" \/>\n<meta property=\"article:publisher\" content=\"https:\/\/www.facebook.com\/subaruespana\" \/>\n<meta property=\"article:published_time\" content=\"2018-03-22T17:55:59+00:00\" \/>\n<meta property=\"article:modified_time\" content=\"2018-04-12T14:18:01+00:00\" \/>\n<meta property=\"og:image\" content=\"https:\/\/www.subaru.es\/blog\/wp-content\/uploads\/2018\/03\/PORTADA_P1020914-e1521722975694.jpg\" \/>\n\t<meta property=\"og:image:width\" content=\"1240\" \/>\n\t<meta property=\"og:image:height\" content=\"461\" \/>\n\t<meta property=\"og:image:type\" content=\"image\/jpeg\" \/>\n<meta name=\"author\" content=\"Subaru\" \/>\n<meta name=\"twitter:card\" content=\"summary_large_image\" \/>\n<meta name=\"twitter:label1\" content=\"Escrito por\" \/>\n\t<meta name=\"twitter:data1\" content=\"Subaru\" \/>\n\t<meta name=\"twitter:label2\" content=\"Tiempo de lectura\" \/>\n\t<meta name=\"twitter:data2\" content=\"5 minutos\" \/>\n<script type=\"application\/ld+json\" class=\"yoast-schema-graph\">{\"@context\":\"https:\\\/\\\/schema.org\",\"@graph\":[{\"@type\":\"Article\",\"@id\":\"https:\\\/\\\/www.subaru.es\\\/blog\\\/subaru-lifestyle\\\/subaru-svx-amarillo-historiarubenfidalgo\\\/#article\",\"isPartOf\":{\"@id\":\"https:\\\/\\\/www.subaru.es\\\/blog\\\/subaru-lifestyle\\\/subaru-svx-amarillo-historiarubenfidalgo\\\/\"},\"author\":{\"name\":\"Subaru\",\"@id\":\"https:\\\/\\\/www.subaru.es\\\/blog\\\/#\\\/schema\\\/person\\\/19a90b892230b8e0ec752704ddf4aa10\"},\"headline\":\"Descubre la historia del \u00fanico Subaru SVX amarillo en Espa\u00f1a\",\"datePublished\":\"2018-03-22T17:55:59+00:00\",\"dateModified\":\"2018-04-12T14:18:01+00:00\",\"mainEntityOfPage\":{\"@id\":\"https:\\\/\\\/www.subaru.es\\\/blog\\\/subaru-lifestyle\\\/subaru-svx-amarillo-historiarubenfidalgo\\\/\"},\"wordCount\":1061,\"commentCount\":0,\"publisher\":{\"@id\":\"https:\\\/\\\/www.subaru.es\\\/blog\\\/#organization\"},\"image\":{\"@id\":\"https:\\\/\\\/www.subaru.es\\\/blog\\\/subaru-lifestyle\\\/subaru-svx-amarillo-historiarubenfidalgo\\\/#primaryimage\"},\"thumbnailUrl\":\"https:\\\/\\\/www.subaru.es\\\/blog\\\/wp-content\\\/uploads\\\/2018\\\/03\\\/PORTADA_P1020914-e1521722975694.jpg\",\"keywords\":[\"8000vueltas\",\"motor boxer\",\"subaristas\",\"Subaru 360\",\"Subaru SVX amarillo\",\"SubaruOffroaders\",\"SVX\"],\"articleSection\":[\"Subaru LifeStyle\"],\"inLanguage\":\"es\",\"potentialAction\":[{\"@type\":\"CommentAction\",\"name\":\"Comment\",\"target\":[\"https:\\\/\\\/www.subaru.es\\\/blog\\\/subaru-lifestyle\\\/subaru-svx-amarillo-historiarubenfidalgo\\\/#respond\"]}]},{\"@type\":\"WebPage\",\"@id\":\"https:\\\/\\\/www.subaru.es\\\/blog\\\/subaru-lifestyle\\\/subaru-svx-amarillo-historiarubenfidalgo\\\/\",\"url\":\"https:\\\/\\\/www.subaru.es\\\/blog\\\/subaru-lifestyle\\\/subaru-svx-amarillo-historiarubenfidalgo\\\/\",\"name\":\"Descubre la historia del \u00fanico Subaru SVX amarillo en Espa\u00f1a - Universo Subaru\",\"isPartOf\":{\"@id\":\"https:\\\/\\\/www.subaru.es\\\/blog\\\/#website\"},\"primaryImageOfPage\":{\"@id\":\"https:\\\/\\\/www.subaru.es\\\/blog\\\/subaru-lifestyle\\\/subaru-svx-amarillo-historiarubenfidalgo\\\/#primaryimage\"},\"image\":{\"@id\":\"https:\\\/\\\/www.subaru.es\\\/blog\\\/subaru-lifestyle\\\/subaru-svx-amarillo-historiarubenfidalgo\\\/#primaryimage\"},\"thumbnailUrl\":\"https:\\\/\\\/www.subaru.es\\\/blog\\\/wp-content\\\/uploads\\\/2018\\\/03\\\/PORTADA_P1020914-e1521722975694.jpg\",\"datePublished\":\"2018-03-22T17:55:59+00:00\",\"dateModified\":\"2018-04-12T14:18:01+00:00\",\"description\":\"Fue en 2007 cuando consiguieron el Subaru SVX amarillo. \u201cVi un anuncio en una revista. Avis\u00e9 a mi padre y fuimos a verlo.\",\"breadcrumb\":{\"@id\":\"https:\\\/\\\/www.subaru.es\\\/blog\\\/subaru-lifestyle\\\/subaru-svx-amarillo-historiarubenfidalgo\\\/#breadcrumb\"},\"inLanguage\":\"es\",\"potentialAction\":[{\"@type\":\"ReadAction\",\"target\":[\"https:\\\/\\\/www.subaru.es\\\/blog\\\/subaru-lifestyle\\\/subaru-svx-amarillo-historiarubenfidalgo\\\/\"]}]},{\"@type\":\"ImageObject\",\"inLanguage\":\"es\",\"@id\":\"https:\\\/\\\/www.subaru.es\\\/blog\\\/subaru-lifestyle\\\/subaru-svx-amarillo-historiarubenfidalgo\\\/#primaryimage\",\"url\":\"https:\\\/\\\/www.subaru.es\\\/blog\\\/wp-content\\\/uploads\\\/2018\\\/03\\\/PORTADA_P1020914-e1521722975694.jpg\",\"contentUrl\":\"https:\\\/\\\/www.subaru.es\\\/blog\\\/wp-content\\\/uploads\\\/2018\\\/03\\\/PORTADA_P1020914-e1521722975694.jpg\",\"width\":1240,\"height\":461},{\"@type\":\"BreadcrumbList\",\"@id\":\"https:\\\/\\\/www.subaru.es\\\/blog\\\/subaru-lifestyle\\\/subaru-svx-amarillo-historiarubenfidalgo\\\/#breadcrumb\",\"itemListElement\":[{\"@type\":\"ListItem\",\"position\":1,\"name\":\"Portada\",\"item\":\"https:\\\/\\\/www.subaru.es\\\/blog\\\/\"},{\"@type\":\"ListItem\",\"position\":2,\"name\":\"Descubre la historia del \u00fanico Subaru SVX amarillo en Espa\u00f1a\"}]},{\"@type\":\"WebSite\",\"@id\":\"https:\\\/\\\/www.subaru.es\\\/blog\\\/#website\",\"url\":\"https:\\\/\\\/www.subaru.es\\\/blog\\\/\",\"name\":\"Universo Subaru\",\"description\":\"Descubre este apasionante espacio de Subaru donde vas a conocer todo sobre nuestros coches y las experiencias que vivimos con ellos. Si est\u00e1s preparado para dejarte seducir por la filosof\u00eda Subaru, qu\u00e9date con nosotros.\",\"publisher\":{\"@id\":\"https:\\\/\\\/www.subaru.es\\\/blog\\\/#organization\"},\"potentialAction\":[{\"@type\":\"SearchAction\",\"target\":{\"@type\":\"EntryPoint\",\"urlTemplate\":\"https:\\\/\\\/www.subaru.es\\\/blog\\\/?s={search_term_string}\"},\"query-input\":{\"@type\":\"PropertyValueSpecification\",\"valueRequired\":true,\"valueName\":\"search_term_string\"}}],\"inLanguage\":\"es\"},{\"@type\":\"Organization\",\"@id\":\"https:\\\/\\\/www.subaru.es\\\/blog\\\/#organization\",\"name\":\"Subaru Espa\u00f1a S.A.\",\"url\":\"https:\\\/\\\/www.subaru.es\\\/blog\\\/\",\"logo\":{\"@type\":\"ImageObject\",\"inLanguage\":\"es\",\"@id\":\"https:\\\/\\\/www.subaru.es\\\/blog\\\/#\\\/schema\\\/logo\\\/image\\\/\",\"url\":\"https:\\\/\\\/www.subaru.es\\\/blog\\\/wp-content\\\/uploads\\\/2016\\\/12\\\/Logo-Subaru-TypeV_C300-scaled.jpg\",\"contentUrl\":\"https:\\\/\\\/www.subaru.es\\\/blog\\\/wp-content\\\/uploads\\\/2016\\\/12\\\/Logo-Subaru-TypeV_C300-scaled.jpg\",\"width\":2560,\"height\":1864,\"caption\":\"Subaru Espa\u00f1a S.A.\"},\"image\":{\"@id\":\"https:\\\/\\\/www.subaru.es\\\/blog\\\/#\\\/schema\\\/logo\\\/image\\\/\"},\"sameAs\":[\"https:\\\/\\\/www.facebook.com\\\/subaruespana\",\"https:\\\/\\\/www.instagram.com\\\/subarues\\\/\",\"https:\\\/\\\/www.youtube.com\\\/user\\\/subaruespana\"]},{\"@type\":\"Person\",\"@id\":\"https:\\\/\\\/www.subaru.es\\\/blog\\\/#\\\/schema\\\/person\\\/19a90b892230b8e0ec752704ddf4aa10\",\"name\":\"Subaru\",\"url\":\"https:\\\/\\\/www.subaru.es\\\/blog\\\/author\\\/subaria\\\/\"}]}<\/script>\n<!-- \/ Yoast SEO plugin. -->","yoast_head_json":{"title":"Descubre la historia del \u00fanico Subaru SVX amarillo en Espa\u00f1a - Universo Subaru","description":"Fue en 2007 cuando consiguieron el Subaru SVX amarillo. \u201cVi un anuncio en una revista. Avis\u00e9 a mi padre y fuimos a verlo.","robots":{"index":"index","follow":"follow","max-snippet":"max-snippet:-1","max-image-preview":"max-image-preview:large","max-video-preview":"max-video-preview:-1"},"canonical":"https:\/\/www.subaru.es\/blog\/subaru-lifestyle\/subaru-svx-amarillo-historiarubenfidalgo\/","og_locale":"es_ES","og_type":"article","og_title":"Descubre la historia del \u00fanico Subaru SVX amarillo en Espa\u00f1a - Universo Subaru","og_description":"Fue en 2007 cuando consiguieron el Subaru SVX amarillo. \u201cVi un anuncio en una revista. Avis\u00e9 a mi padre y fuimos a verlo.","og_url":"https:\/\/www.subaru.es\/blog\/subaru-lifestyle\/subaru-svx-amarillo-historiarubenfidalgo\/","og_site_name":"Universo Subaru","article_publisher":"https:\/\/www.facebook.com\/subaruespana","article_published_time":"2018-03-22T17:55:59+00:00","article_modified_time":"2018-04-12T14:18:01+00:00","og_image":[{"width":1240,"height":461,"url":"https:\/\/www.subaru.es\/blog\/wp-content\/uploads\/2018\/03\/PORTADA_P1020914-e1521722975694.jpg","type":"image\/jpeg"}],"author":"Subaru","twitter_card":"summary_large_image","twitter_misc":{"Escrito por":"Subaru","Tiempo de lectura":"5 minutos"},"schema":{"@context":"https:\/\/schema.org","@graph":[{"@type":"Article","@id":"https:\/\/www.subaru.es\/blog\/subaru-lifestyle\/subaru-svx-amarillo-historiarubenfidalgo\/#article","isPartOf":{"@id":"https:\/\/www.subaru.es\/blog\/subaru-lifestyle\/subaru-svx-amarillo-historiarubenfidalgo\/"},"author":{"name":"Subaru","@id":"https:\/\/www.subaru.es\/blog\/#\/schema\/person\/19a90b892230b8e0ec752704ddf4aa10"},"headline":"Descubre la historia del \u00fanico Subaru SVX amarillo en Espa\u00f1a","datePublished":"2018-03-22T17:55:59+00:00","dateModified":"2018-04-12T14:18:01+00:00","mainEntityOfPage":{"@id":"https:\/\/www.subaru.es\/blog\/subaru-lifestyle\/subaru-svx-amarillo-historiarubenfidalgo\/"},"wordCount":1061,"commentCount":0,"publisher":{"@id":"https:\/\/www.subaru.es\/blog\/#organization"},"image":{"@id":"https:\/\/www.subaru.es\/blog\/subaru-lifestyle\/subaru-svx-amarillo-historiarubenfidalgo\/#primaryimage"},"thumbnailUrl":"https:\/\/www.subaru.es\/blog\/wp-content\/uploads\/2018\/03\/PORTADA_P1020914-e1521722975694.jpg","keywords":["8000vueltas","motor boxer","subaristas","Subaru 360","Subaru SVX amarillo","SubaruOffroaders","SVX"],"articleSection":["Subaru LifeStyle"],"inLanguage":"es","potentialAction":[{"@type":"CommentAction","name":"Comment","target":["https:\/\/www.subaru.es\/blog\/subaru-lifestyle\/subaru-svx-amarillo-historiarubenfidalgo\/#respond"]}]},{"@type":"WebPage","@id":"https:\/\/www.subaru.es\/blog\/subaru-lifestyle\/subaru-svx-amarillo-historiarubenfidalgo\/","url":"https:\/\/www.subaru.es\/blog\/subaru-lifestyle\/subaru-svx-amarillo-historiarubenfidalgo\/","name":"Descubre la historia del \u00fanico Subaru SVX amarillo en Espa\u00f1a - Universo Subaru","isPartOf":{"@id":"https:\/\/www.subaru.es\/blog\/#website"},"primaryImageOfPage":{"@id":"https:\/\/www.subaru.es\/blog\/subaru-lifestyle\/subaru-svx-amarillo-historiarubenfidalgo\/#primaryimage"},"image":{"@id":"https:\/\/www.subaru.es\/blog\/subaru-lifestyle\/subaru-svx-amarillo-historiarubenfidalgo\/#primaryimage"},"thumbnailUrl":"https:\/\/www.subaru.es\/blog\/wp-content\/uploads\/2018\/03\/PORTADA_P1020914-e1521722975694.jpg","datePublished":"2018-03-22T17:55:59+00:00","dateModified":"2018-04-12T14:18:01+00:00","description":"Fue en 2007 cuando consiguieron el Subaru SVX amarillo. \u201cVi un anuncio en una revista. Avis\u00e9 a mi padre y fuimos a verlo.","breadcrumb":{"@id":"https:\/\/www.subaru.es\/blog\/subaru-lifestyle\/subaru-svx-amarillo-historiarubenfidalgo\/#breadcrumb"},"inLanguage":"es","potentialAction":[{"@type":"ReadAction","target":["https:\/\/www.subaru.es\/blog\/subaru-lifestyle\/subaru-svx-amarillo-historiarubenfidalgo\/"]}]},{"@type":"ImageObject","inLanguage":"es","@id":"https:\/\/www.subaru.es\/blog\/subaru-lifestyle\/subaru-svx-amarillo-historiarubenfidalgo\/#primaryimage","url":"https:\/\/www.subaru.es\/blog\/wp-content\/uploads\/2018\/03\/PORTADA_P1020914-e1521722975694.jpg","contentUrl":"https:\/\/www.subaru.es\/blog\/wp-content\/uploads\/2018\/03\/PORTADA_P1020914-e1521722975694.jpg","width":1240,"height":461},{"@type":"BreadcrumbList","@id":"https:\/\/www.subaru.es\/blog\/subaru-lifestyle\/subaru-svx-amarillo-historiarubenfidalgo\/#breadcrumb","itemListElement":[{"@type":"ListItem","position":1,"name":"Portada","item":"https:\/\/www.subaru.es\/blog\/"},{"@type":"ListItem","position":2,"name":"Descubre la historia del \u00fanico Subaru SVX amarillo en Espa\u00f1a"}]},{"@type":"WebSite","@id":"https:\/\/www.subaru.es\/blog\/#website","url":"https:\/\/www.subaru.es\/blog\/","name":"Universo Subaru","description":"Descubre este apasionante espacio de Subaru donde vas a conocer todo sobre nuestros coches y las experiencias que vivimos con ellos. Si est\u00e1s preparado para dejarte seducir por la filosof\u00eda Subaru, qu\u00e9date con nosotros.","publisher":{"@id":"https:\/\/www.subaru.es\/blog\/#organization"},"potentialAction":[{"@type":"SearchAction","target":{"@type":"EntryPoint","urlTemplate":"https:\/\/www.subaru.es\/blog\/?s={search_term_string}"},"query-input":{"@type":"PropertyValueSpecification","valueRequired":true,"valueName":"search_term_string"}}],"inLanguage":"es"},{"@type":"Organization","@id":"https:\/\/www.subaru.es\/blog\/#organization","name":"Subaru Espa\u00f1a S.A.","url":"https:\/\/www.subaru.es\/blog\/","logo":{"@type":"ImageObject","inLanguage":"es","@id":"https:\/\/www.subaru.es\/blog\/#\/schema\/logo\/image\/","url":"https:\/\/www.subaru.es\/blog\/wp-content\/uploads\/2016\/12\/Logo-Subaru-TypeV_C300-scaled.jpg","contentUrl":"https:\/\/www.subaru.es\/blog\/wp-content\/uploads\/2016\/12\/Logo-Subaru-TypeV_C300-scaled.jpg","width":2560,"height":1864,"caption":"Subaru Espa\u00f1a S.A."},"image":{"@id":"https:\/\/www.subaru.es\/blog\/#\/schema\/logo\/image\/"},"sameAs":["https:\/\/www.facebook.com\/subaruespana","https:\/\/www.instagram.com\/subarues\/","https:\/\/www.youtube.com\/user\/subaruespana"]},{"@type":"Person","@id":"https:\/\/www.subaru.es\/blog\/#\/schema\/person\/19a90b892230b8e0ec752704ddf4aa10","name":"Subaru","url":"https:\/\/www.subaru.es\/blog\/author\/subaria\/"}]}},"_links":{"self":[{"href":"https:\/\/www.subaru.es\/blog\/wp-json\/wp\/v2\/posts\/18701","targetHints":{"allow":["GET"]}}],"collection":[{"href":"https:\/\/www.subaru.es\/blog\/wp-json\/wp\/v2\/posts"}],"about":[{"href":"https:\/\/www.subaru.es\/blog\/wp-json\/wp\/v2\/types\/post"}],"author":[{"embeddable":true,"href":"https:\/\/www.subaru.es\/blog\/wp-json\/wp\/v2\/users\/21"}],"replies":[{"embeddable":true,"href":"https:\/\/www.subaru.es\/blog\/wp-json\/wp\/v2\/comments?post=18701"}],"version-history":[{"count":15,"href":"https:\/\/www.subaru.es\/blog\/wp-json\/wp\/v2\/posts\/18701\/revisions"}],"predecessor-version":[{"id":18844,"href":"https:\/\/www.subaru.es\/blog\/wp-json\/wp\/v2\/posts\/18701\/revisions\/18844"}],"wp:featuredmedia":[{"embeddable":true,"href":"https:\/\/www.subaru.es\/blog\/wp-json\/wp\/v2\/media\/18728"}],"wp:attachment":[{"href":"https:\/\/www.subaru.es\/blog\/wp-json\/wp\/v2\/media?parent=18701"}],"wp:term":[{"taxonomy":"category","embeddable":true,"href":"https:\/\/www.subaru.es\/blog\/wp-json\/wp\/v2\/categories?post=18701"},{"taxonomy":"post_tag","embeddable":true,"href":"https:\/\/www.subaru.es\/blog\/wp-json\/wp\/v2\/tags?post=18701"}],"curies":[{"name":"wp","href":"https:\/\/api.w.org\/{rel}","templated":true}]}}