{"id":18681,"date":"2018-03-13T19:01:19","date_gmt":"2018-03-13T17:01:19","guid":{"rendered":"https:\/\/www.subaru.es\/blog\/?p=18681"},"modified":"2020-08-06T11:50:51","modified_gmt":"2020-08-06T09:50:51","slug":"presentacion-de-temporada-de-8000vueltas","status":"publish","type":"post","link":"https:\/\/www.subaru.es\/blog\/nuestra-marca\/presentacion-de-temporada-de-8000vueltas\/","title":{"rendered":"Subaristas en la tormenta, as\u00ed fue 8000vueltas 2018"},"content":{"rendered":"<p>Ni el cielo gris, ni la lluvia, ni el fr\u00edo. Nada detuvo el pasado s\u00e1bado a los aficionados de <a href=\"https:\/\/www.subaru.es\/\" target=\"_blank\" rel=\"noopener noreferrer\">Subaru<\/a> que esperaban disfrutar <strong>la presentaci\u00f3n de temporada de <a href=\"http:\/\/8000vueltas.com\/\" target=\"_blank\" rel=\"noopener noreferrer\">8000vueltas<\/a><\/strong> como agua de mayo, o en este caso, como agua de marzo.<\/p>\n<p><img decoding=\"async\" width=\"560\" height=\"373\" class=\"aligncenter size-medium wp-image-18682 lazyload\" data-src=\"https:\/\/www.subaru.es\/blog\/wp-content\/uploads\/2018\/03\/Presentacion-de-temporada-2018-8000vueltas.com-Subaru-2-560x373.jpg\" alt=\"\" data-srcset=\"https:\/\/www.subaru.es\/blog\/wp-content\/uploads\/2018\/03\/Presentacion-de-temporada-2018-8000vueltas.com-Subaru-2-560x373.jpg 560w, https:\/\/www.subaru.es\/blog\/wp-content\/uploads\/2018\/03\/Presentacion-de-temporada-2018-8000vueltas.com-Subaru-2-1440x960.jpg 1440w, https:\/\/www.subaru.es\/blog\/wp-content\/uploads\/2018\/03\/Presentacion-de-temporada-2018-8000vueltas.com-Subaru-2-768x512.jpg 768w, https:\/\/www.subaru.es\/blog\/wp-content\/uploads\/2018\/03\/Presentacion-de-temporada-2018-8000vueltas.com-Subaru-2-1536x1024.jpg 1536w, https:\/\/www.subaru.es\/blog\/wp-content\/uploads\/2018\/03\/Presentacion-de-temporada-2018-8000vueltas.com-Subaru-2-2048x1366.jpg 2048w\" data-sizes=\"(max-width: 560px) 100vw, 560px\" src=\"data:image\/svg+xml;base64,PHN2ZyB3aWR0aD0iMSIgaGVpZ2h0PSIxIiB4bWxucz0iaHR0cDovL3d3dy53My5vcmcvMjAwMC9zdmciPjwvc3ZnPg==\" style=\"--smush-placeholder-width: 560px; --smush-placeholder-aspect-ratio: 560\/373;\" \/><\/p>\n<p>Nada m\u00e1s acceder al circuito del Jarama, en la zona del paddock, uno entraba en el universo Subaru. <strong>WRX STI, WRX, GT Turbo, Legacy, BRZ, Forester Turbo, SVX<\/strong> de todas las \u00e9pocas daban la bienvenida, a aficionados y Subaristas, que se acercaban para comentarlos de cerca, hablar de sus experiencias al volante y hacerse fotos.<\/p>\n<p><img decoding=\"async\" width=\"560\" height=\"373\" class=\"aligncenter size-medium wp-image-18683 lazyload\" data-src=\"https:\/\/www.subaru.es\/blog\/wp-content\/uploads\/2018\/03\/Presentacion-de-temporada-2018-8000vueltas.com-Subaru-6-560x373.jpg\" alt=\"\" data-srcset=\"https:\/\/www.subaru.es\/blog\/wp-content\/uploads\/2018\/03\/Presentacion-de-temporada-2018-8000vueltas.com-Subaru-6-560x373.jpg 560w, https:\/\/www.subaru.es\/blog\/wp-content\/uploads\/2018\/03\/Presentacion-de-temporada-2018-8000vueltas.com-Subaru-6-1440x960.jpg 1440w, https:\/\/www.subaru.es\/blog\/wp-content\/uploads\/2018\/03\/Presentacion-de-temporada-2018-8000vueltas.com-Subaru-6-768x512.jpg 768w, https:\/\/www.subaru.es\/blog\/wp-content\/uploads\/2018\/03\/Presentacion-de-temporada-2018-8000vueltas.com-Subaru-6-1536x1024.jpg 1536w, https:\/\/www.subaru.es\/blog\/wp-content\/uploads\/2018\/03\/Presentacion-de-temporada-2018-8000vueltas.com-Subaru-6-2048x1366.jpg 2048w\" data-sizes=\"(max-width: 560px) 100vw, 560px\" src=\"data:image\/svg+xml;base64,PHN2ZyB3aWR0aD0iMSIgaGVpZ2h0PSIxIiB4bWxucz0iaHR0cDovL3d3dy53My5vcmcvMjAwMC9zdmciPjwvc3ZnPg==\" style=\"--smush-placeholder-width: 560px; --smush-placeholder-aspect-ratio: 560\/373;\" \/><\/p>\n<p>Por nuestra parte, y para saciar la curiosidad de todos, llevamos para la ocasi\u00f3n nuestra gama completa de veh\u00edculos nuevos: <strong>WRX STI, BRZ y Levorg<\/strong>. Expusimos un SVX amarillo \u00fanico, el BRZ Pentacar del preparador Eficar, el Impreza WRX STI del equipo Promotion especializado en Subaru, un Impreza GT de rallies y un Subaru P1 azul. La prensa que acudi\u00f3 tambi\u00e9n se divirti\u00f3 al volante rodando en nuestros <a href=\"https:\/\/www.subaru.es\/vehiculos\/wrx\" target=\"_blank\" rel=\"noopener noreferrer\">Subaru WRX STI<\/a>, <a href=\"https:\/\/www.subaru.es\/vehiculos\/brz\" target=\"_blank\" rel=\"noopener noreferrer\">Subaru BRZ<\/a> y <a href=\"https:\/\/www.subaru.es\/vehiculos\/levorg\" target=\"_blank\" rel=\"noopener noreferrer\">Subaru Levorg<\/a>.<\/p>\n<p><img decoding=\"async\" width=\"560\" height=\"373\" class=\"aligncenter size-medium wp-image-18696 lazyload\" data-src=\"https:\/\/www.subaru.es\/blog\/wp-content\/uploads\/2018\/03\/Presentacion-de-temporada-2018-8000vueltas.com-Subaru-4-560x373.jpg\" alt=\"\" data-srcset=\"https:\/\/www.subaru.es\/blog\/wp-content\/uploads\/2018\/03\/Presentacion-de-temporada-2018-8000vueltas.com-Subaru-4-560x373.jpg 560w, https:\/\/www.subaru.es\/blog\/wp-content\/uploads\/2018\/03\/Presentacion-de-temporada-2018-8000vueltas.com-Subaru-4-1440x960.jpg 1440w, https:\/\/www.subaru.es\/blog\/wp-content\/uploads\/2018\/03\/Presentacion-de-temporada-2018-8000vueltas.com-Subaru-4-768x512.jpg 768w, https:\/\/www.subaru.es\/blog\/wp-content\/uploads\/2018\/03\/Presentacion-de-temporada-2018-8000vueltas.com-Subaru-4-1536x1024.jpg 1536w, https:\/\/www.subaru.es\/blog\/wp-content\/uploads\/2018\/03\/Presentacion-de-temporada-2018-8000vueltas.com-Subaru-4-2048x1366.jpg 2048w\" data-sizes=\"(max-width: 560px) 100vw, 560px\" src=\"data:image\/svg+xml;base64,PHN2ZyB3aWR0aD0iMSIgaGVpZ2h0PSIxIiB4bWxucz0iaHR0cDovL3d3dy53My5vcmcvMjAwMC9zdmciPjwvc3ZnPg==\" style=\"--smush-placeholder-width: 560px; --smush-placeholder-aspect-ratio: 560\/373;\" \/><\/p>\n<p>Adem\u00e1s de los veh\u00edculos, <strong>los Subaristas y los amigos del <a href=\"https:\/\/www.clubsubaru.es\/smf\/\" target=\"_blank\" rel=\"noopener noreferrer\">Club Subaru<\/a> fueron tambi\u00e9n protagonistas de la jornada.<\/strong> Acudiendo desde distintos puntos de la geograf\u00eda espa\u00f1ola, los m\u00e1s de 200 pilotos que se hab\u00edan inscrito esperaban su momento para saltar a la pista y recorrer la trazada del Jarama. Todos con su Subaru, pero todos diferentes entre s\u00ed. Desde el que iba customizado como en los gloriosos a\u00f1os de Colin McRae, hasta el que luc\u00eda un aler\u00f3n del tama\u00f1o de una Vela Mayor.<\/p>\n<p><img decoding=\"async\" width=\"560\" height=\"373\" class=\"aligncenter size-medium wp-image-18685 lazyload\" data-src=\"https:\/\/www.subaru.es\/blog\/wp-content\/uploads\/2018\/03\/Presentacion-de-temporada-2018-8000vueltas.com-Subaru-23-560x373.jpg\" alt=\"\" data-srcset=\"https:\/\/www.subaru.es\/blog\/wp-content\/uploads\/2018\/03\/Presentacion-de-temporada-2018-8000vueltas.com-Subaru-23-560x373.jpg 560w, https:\/\/www.subaru.es\/blog\/wp-content\/uploads\/2018\/03\/Presentacion-de-temporada-2018-8000vueltas.com-Subaru-23-1440x960.jpg 1440w, https:\/\/www.subaru.es\/blog\/wp-content\/uploads\/2018\/03\/Presentacion-de-temporada-2018-8000vueltas.com-Subaru-23-768x512.jpg 768w, https:\/\/www.subaru.es\/blog\/wp-content\/uploads\/2018\/03\/Presentacion-de-temporada-2018-8000vueltas.com-Subaru-23-1536x1024.jpg 1536w, https:\/\/www.subaru.es\/blog\/wp-content\/uploads\/2018\/03\/Presentacion-de-temporada-2018-8000vueltas.com-Subaru-23-2048x1366.jpg 2048w\" data-sizes=\"(max-width: 560px) 100vw, 560px\" src=\"data:image\/svg+xml;base64,PHN2ZyB3aWR0aD0iMSIgaGVpZ2h0PSIxIiB4bWxucz0iaHR0cDovL3d3dy53My5vcmcvMjAwMC9zdmciPjwvc3ZnPg==\" style=\"--smush-placeholder-width: 560px; --smush-placeholder-aspect-ratio: 560\/373;\" \/><\/p>\n<p>La lluvia no dio tregua. Los 3.850 metros del Jarama parec\u00edan a veces una pista de patinaje; otras un r\u00edo gris a punto de desbordarse. Suma y sigue. El circuito de Handling, el de simuladores, las conversaciones con el piloto Luis Villamil y con otros tantos Subaristas compartiendo su pasi\u00f3n\u2026 <strong>Hab\u00eda tantas actividades y tanto que disfrutar que el tiempo pasaba volando.<\/strong><\/p>\n<p><img decoding=\"async\" width=\"560\" height=\"373\" class=\"aligncenter size-medium wp-image-18687 lazyload\" data-src=\"https:\/\/www.subaru.es\/blog\/wp-content\/uploads\/2018\/03\/Presentacion-de-temporada-2018-8000vueltas.com-Subaru-5-560x373.jpg\" alt=\"\" data-srcset=\"https:\/\/www.subaru.es\/blog\/wp-content\/uploads\/2018\/03\/Presentacion-de-temporada-2018-8000vueltas.com-Subaru-5-560x373.jpg 560w, https:\/\/www.subaru.es\/blog\/wp-content\/uploads\/2018\/03\/Presentacion-de-temporada-2018-8000vueltas.com-Subaru-5-1440x960.jpg 1440w, https:\/\/www.subaru.es\/blog\/wp-content\/uploads\/2018\/03\/Presentacion-de-temporada-2018-8000vueltas.com-Subaru-5-768x512.jpg 768w, https:\/\/www.subaru.es\/blog\/wp-content\/uploads\/2018\/03\/Presentacion-de-temporada-2018-8000vueltas.com-Subaru-5-1536x1024.jpg 1536w, https:\/\/www.subaru.es\/blog\/wp-content\/uploads\/2018\/03\/Presentacion-de-temporada-2018-8000vueltas.com-Subaru-5-2048x1366.jpg 2048w\" data-sizes=\"(max-width: 560px) 100vw, 560px\" src=\"data:image\/svg+xml;base64,PHN2ZyB3aWR0aD0iMSIgaGVpZ2h0PSIxIiB4bWxucz0iaHR0cDovL3d3dy53My5vcmcvMjAwMC9zdmciPjwvc3ZnPg==\" style=\"--smush-placeholder-width: 560px; --smush-placeholder-aspect-ratio: 560\/373;\" \/><\/p>\n<p>Ning\u00fan Subaru se qued\u00f3 sin su paseo glorioso gracias a las 2 horas de pista en exclusiva que ten\u00edamos para gozar. Recorriendo las pendientes y tomando las curvas peraltadas, como jinetes en la tormenta. Los Subaristas cabalgaron sin problemas. Con <a href=\"https:\/\/www.subaru.es\/seguridad\" target=\"_blank\" rel=\"noopener noreferrer\">seguridad<\/a>, dando un uso magistral a la tracci\u00f3n <a href=\"https:\/\/www.subaru.es\/tecnologia\" target=\"_blank\" rel=\"noopener noreferrer\">Symmetrical All-Wheel Drive<\/a>, logrando el m\u00e1ximo control del volante y presumiendo de estabilidad y de fuerza con el <a href=\"https:\/\/www.subaru.es\/blog\/nuestra-marca\/el-motor-boxer-de-subaru-cumple-50-anos\/\" target=\"_blank\" rel=\"noopener noreferrer\">motor b\u00f3xer<\/a>, aunque la lluvia fuerte no cesara.<\/p>\n<p><strong>\u00a1Emoci\u00f3n y diversi\u00f3n a partes iguales!<\/strong><\/p>\n<p><img decoding=\"async\" width=\"560\" height=\"373\" class=\"aligncenter size-medium wp-image-18686 lazyload\" data-src=\"https:\/\/www.subaru.es\/blog\/wp-content\/uploads\/2018\/03\/Presentacion-de-temporada-2018-8000vueltas.com-Subaru-17-560x373.jpg\" alt=\"\" data-srcset=\"https:\/\/www.subaru.es\/blog\/wp-content\/uploads\/2018\/03\/Presentacion-de-temporada-2018-8000vueltas.com-Subaru-17-560x373.jpg 560w, https:\/\/www.subaru.es\/blog\/wp-content\/uploads\/2018\/03\/Presentacion-de-temporada-2018-8000vueltas.com-Subaru-17-1440x960.jpg 1440w, https:\/\/www.subaru.es\/blog\/wp-content\/uploads\/2018\/03\/Presentacion-de-temporada-2018-8000vueltas.com-Subaru-17-768x512.jpg 768w, https:\/\/www.subaru.es\/blog\/wp-content\/uploads\/2018\/03\/Presentacion-de-temporada-2018-8000vueltas.com-Subaru-17-1536x1024.jpg 1536w, https:\/\/www.subaru.es\/blog\/wp-content\/uploads\/2018\/03\/Presentacion-de-temporada-2018-8000vueltas.com-Subaru-17-2048x1366.jpg 2048w\" data-sizes=\"(max-width: 560px) 100vw, 560px\" src=\"data:image\/svg+xml;base64,PHN2ZyB3aWR0aD0iMSIgaGVpZ2h0PSIxIiB4bWxucz0iaHR0cDovL3d3dy53My5vcmcvMjAwMC9zdmciPjwvc3ZnPg==\" style=\"--smush-placeholder-width: 560px; --smush-placeholder-aspect-ratio: 560\/373;\" \/><\/p>\n<p>Lo que disfrutamos todos, el pasado s\u00e1bado, ser\u00e1 dif\u00edcil de olvidar. <strong>\u00a1Pero ya estamos preparados para la siguiente gran cita Subarista!<\/strong> Si no has podido venir a esta, <strong>el pr\u00f3ximo 9 y 10 de junio<\/strong> celebraremos la mayor concentraci\u00f3n nacional de Subaru de la historia, despu\u00e9s de la vivida en Zaragoza hace dos a\u00f1os. Id despejando vuestras agendas y encerando vuestro Subaru\u2026 <strong>\u00a1Ser\u00e1 \u00e9pico!<\/strong><\/p>\n","protected":false},"excerpt":{"rendered":"<p>Ni el cielo gris, ni la lluvia, ni el fr\u00edo. Nada detuvo el pasado s\u00e1bado a los aficionados de Subaru que esperaban disfrutar la presentaci\u00f3n de temporada de 8000vueltas como agua de mayo, o en este caso, como agua de marzo. Nada m\u00e1s acceder al circuito del Jarama, en la zona del paddock, uno entraba [&hellip;]<\/p>\n","protected":false},"author":21,"featured_media":18688,"comment_status":"open","ping_status":"closed","sticky":false,"template":"","format":"standard","meta":{"_acf_changed":false,"_eb_attr":"","inline_featured_image":false,"footnotes":""},"categories":[4401],"tags":[4356,3900,4568,4567,134,4414,2552,4566,4569,62,243],"class_list":["post-18681","post","type-post","status-publish","format-standard","has-post-thumbnail","hentry","category-nuestra-marca","tag-8000vueltas","tag-brz","tag-forester-turbo","tag-gt-turbo","tag-legacy","tag-levorg","tag-subaristas","tag-subaru-motor","tag-svx","tag-wrx","tag-wrx-sti"],"acf":[],"yoast_head":"<!-- This site is optimized with the Yoast SEO plugin v27.3 - https:\/\/yoast.com\/product\/yoast-seo-wordpress\/ -->\n<title>Subaristas en la tormenta, as\u00ed fue 8000vueltas 2018 - Universo Subaru<\/title>\n<meta name=\"robots\" content=\"index, follow, max-snippet:-1, max-image-preview:large, max-video-preview:-1\" \/>\n<link rel=\"canonical\" href=\"https:\/\/www.subaru.es\/blog\/nuestra-marca\/presentacion-de-temporada-de-8000vueltas\/\" \/>\n<meta property=\"og:locale\" content=\"es_ES\" \/>\n<meta property=\"og:type\" content=\"article\" \/>\n<meta property=\"og:title\" content=\"Subaristas en la tormenta, as\u00ed fue 8000vueltas 2018 - Universo Subaru\" \/>\n<meta property=\"og:description\" content=\"Ni el cielo gris, ni la lluvia, ni el fr\u00edo. Nada detuvo el pasado s\u00e1bado a los aficionados de Subaru que esperaban disfrutar la presentaci\u00f3n de temporada de 8000vueltas como agua de mayo, o en este caso, como agua de marzo. Nada m\u00e1s acceder al circuito del Jarama, en la zona del paddock, uno entraba [&hellip;]\" \/>\n<meta property=\"og:url\" content=\"https:\/\/www.subaru.es\/blog\/nuestra-marca\/presentacion-de-temporada-de-8000vueltas\/\" \/>\n<meta property=\"og:site_name\" content=\"Universo Subaru\" \/>\n<meta property=\"article:publisher\" content=\"https:\/\/www.facebook.com\/subaruespana\" \/>\n<meta property=\"article:published_time\" content=\"2018-03-13T17:01:19+00:00\" \/>\n<meta property=\"article:modified_time\" content=\"2020-08-06T09:50:51+00:00\" \/>\n<meta property=\"og:image\" content=\"https:\/\/www.subaru.es\/blog\/wp-content\/uploads\/2018\/03\/Presentacion-de-temporada-2018-8000vueltas.com-Subaru-10.jpg\" \/>\n\t<meta property=\"og:image:width\" content=\"2500\" \/>\n\t<meta property=\"og:image:height\" content=\"1667\" \/>\n\t<meta property=\"og:image:type\" content=\"image\/jpeg\" \/>\n<meta name=\"author\" content=\"Subaru\" \/>\n<meta name=\"twitter:card\" content=\"summary_large_image\" \/>\n<meta name=\"twitter:label1\" content=\"Escrito por\" \/>\n\t<meta name=\"twitter:data1\" content=\"Subaru\" \/>\n\t<meta name=\"twitter:label2\" content=\"Tiempo de lectura\" \/>\n\t<meta name=\"twitter:data2\" content=\"2 minutos\" \/>\n<script type=\"application\/ld+json\" class=\"yoast-schema-graph\">{\"@context\":\"https:\\\/\\\/schema.org\",\"@graph\":[{\"@type\":\"Article\",\"@id\":\"https:\\\/\\\/www.subaru.es\\\/blog\\\/nuestra-marca\\\/presentacion-de-temporada-de-8000vueltas\\\/#article\",\"isPartOf\":{\"@id\":\"https:\\\/\\\/www.subaru.es\\\/blog\\\/nuestra-marca\\\/presentacion-de-temporada-de-8000vueltas\\\/\"},\"author\":{\"name\":\"Subaru\",\"@id\":\"https:\\\/\\\/www.subaru.es\\\/blog\\\/#\\\/schema\\\/person\\\/19a90b892230b8e0ec752704ddf4aa10\"},\"headline\":\"Subaristas en la tormenta, as\u00ed fue 8000vueltas 2018\",\"datePublished\":\"2018-03-13T17:01:19+00:00\",\"dateModified\":\"2020-08-06T09:50:51+00:00\",\"mainEntityOfPage\":{\"@id\":\"https:\\\/\\\/www.subaru.es\\\/blog\\\/nuestra-marca\\\/presentacion-de-temporada-de-8000vueltas\\\/\"},\"wordCount\":498,\"commentCount\":0,\"publisher\":{\"@id\":\"https:\\\/\\\/www.subaru.es\\\/blog\\\/#organization\"},\"image\":{\"@id\":\"https:\\\/\\\/www.subaru.es\\\/blog\\\/nuestra-marca\\\/presentacion-de-temporada-de-8000vueltas\\\/#primaryimage\"},\"thumbnailUrl\":\"https:\\\/\\\/www.subaru.es\\\/blog\\\/wp-content\\\/uploads\\\/2018\\\/03\\\/Presentacion-de-temporada-2018-8000vueltas.com-Subaru-10.jpg\",\"keywords\":[\"8000vueltas\",\"BRZ\",\"Forester Turbo\",\"GT Turbo\",\"legacy\",\"Levorg\",\"subaristas\",\"Subaru motor\",\"SVX\",\"wrx\",\"wrx sti\"],\"articleSection\":[\"Nuestra marca\"],\"inLanguage\":\"es\",\"potentialAction\":[{\"@type\":\"CommentAction\",\"name\":\"Comment\",\"target\":[\"https:\\\/\\\/www.subaru.es\\\/blog\\\/nuestra-marca\\\/presentacion-de-temporada-de-8000vueltas\\\/#respond\"]}]},{\"@type\":\"WebPage\",\"@id\":\"https:\\\/\\\/www.subaru.es\\\/blog\\\/nuestra-marca\\\/presentacion-de-temporada-de-8000vueltas\\\/\",\"url\":\"https:\\\/\\\/www.subaru.es\\\/blog\\\/nuestra-marca\\\/presentacion-de-temporada-de-8000vueltas\\\/\",\"name\":\"Subaristas en la tormenta, as\u00ed fue 8000vueltas 2018 - Universo Subaru\",\"isPartOf\":{\"@id\":\"https:\\\/\\\/www.subaru.es\\\/blog\\\/#website\"},\"primaryImageOfPage\":{\"@id\":\"https:\\\/\\\/www.subaru.es\\\/blog\\\/nuestra-marca\\\/presentacion-de-temporada-de-8000vueltas\\\/#primaryimage\"},\"image\":{\"@id\":\"https:\\\/\\\/www.subaru.es\\\/blog\\\/nuestra-marca\\\/presentacion-de-temporada-de-8000vueltas\\\/#primaryimage\"},\"thumbnailUrl\":\"https:\\\/\\\/www.subaru.es\\\/blog\\\/wp-content\\\/uploads\\\/2018\\\/03\\\/Presentacion-de-temporada-2018-8000vueltas.com-Subaru-10.jpg\",\"datePublished\":\"2018-03-13T17:01:19+00:00\",\"dateModified\":\"2020-08-06T09:50:51+00:00\",\"breadcrumb\":{\"@id\":\"https:\\\/\\\/www.subaru.es\\\/blog\\\/nuestra-marca\\\/presentacion-de-temporada-de-8000vueltas\\\/#breadcrumb\"},\"inLanguage\":\"es\",\"potentialAction\":[{\"@type\":\"ReadAction\",\"target\":[\"https:\\\/\\\/www.subaru.es\\\/blog\\\/nuestra-marca\\\/presentacion-de-temporada-de-8000vueltas\\\/\"]}]},{\"@type\":\"ImageObject\",\"inLanguage\":\"es\",\"@id\":\"https:\\\/\\\/www.subaru.es\\\/blog\\\/nuestra-marca\\\/presentacion-de-temporada-de-8000vueltas\\\/#primaryimage\",\"url\":\"https:\\\/\\\/www.subaru.es\\\/blog\\\/wp-content\\\/uploads\\\/2018\\\/03\\\/Presentacion-de-temporada-2018-8000vueltas.com-Subaru-10.jpg\",\"contentUrl\":\"https:\\\/\\\/www.subaru.es\\\/blog\\\/wp-content\\\/uploads\\\/2018\\\/03\\\/Presentacion-de-temporada-2018-8000vueltas.com-Subaru-10.jpg\",\"width\":2500,\"height\":1667},{\"@type\":\"BreadcrumbList\",\"@id\":\"https:\\\/\\\/www.subaru.es\\\/blog\\\/nuestra-marca\\\/presentacion-de-temporada-de-8000vueltas\\\/#breadcrumb\",\"itemListElement\":[{\"@type\":\"ListItem\",\"position\":1,\"name\":\"Portada\",\"item\":\"https:\\\/\\\/www.subaru.es\\\/blog\\\/\"},{\"@type\":\"ListItem\",\"position\":2,\"name\":\"Subaristas en la tormenta, as\u00ed fue 8000vueltas 2018\"}]},{\"@type\":\"WebSite\",\"@id\":\"https:\\\/\\\/www.subaru.es\\\/blog\\\/#website\",\"url\":\"https:\\\/\\\/www.subaru.es\\\/blog\\\/\",\"name\":\"Universo Subaru\",\"description\":\"Descubre este apasionante espacio de Subaru donde vas a conocer todo sobre nuestros coches y las experiencias que vivimos con ellos. Si est\u00e1s preparado para dejarte seducir por la filosof\u00eda Subaru, qu\u00e9date con nosotros.\",\"publisher\":{\"@id\":\"https:\\\/\\\/www.subaru.es\\\/blog\\\/#organization\"},\"potentialAction\":[{\"@type\":\"SearchAction\",\"target\":{\"@type\":\"EntryPoint\",\"urlTemplate\":\"https:\\\/\\\/www.subaru.es\\\/blog\\\/?s={search_term_string}\"},\"query-input\":{\"@type\":\"PropertyValueSpecification\",\"valueRequired\":true,\"valueName\":\"search_term_string\"}}],\"inLanguage\":\"es\"},{\"@type\":\"Organization\",\"@id\":\"https:\\\/\\\/www.subaru.es\\\/blog\\\/#organization\",\"name\":\"Subaru Espa\u00f1a S.A.\",\"url\":\"https:\\\/\\\/www.subaru.es\\\/blog\\\/\",\"logo\":{\"@type\":\"ImageObject\",\"inLanguage\":\"es\",\"@id\":\"https:\\\/\\\/www.subaru.es\\\/blog\\\/#\\\/schema\\\/logo\\\/image\\\/\",\"url\":\"https:\\\/\\\/www.subaru.es\\\/blog\\\/wp-content\\\/uploads\\\/2016\\\/12\\\/Logo-Subaru-TypeV_C300-scaled.jpg\",\"contentUrl\":\"https:\\\/\\\/www.subaru.es\\\/blog\\\/wp-content\\\/uploads\\\/2016\\\/12\\\/Logo-Subaru-TypeV_C300-scaled.jpg\",\"width\":2560,\"height\":1864,\"caption\":\"Subaru Espa\u00f1a S.A.\"},\"image\":{\"@id\":\"https:\\\/\\\/www.subaru.es\\\/blog\\\/#\\\/schema\\\/logo\\\/image\\\/\"},\"sameAs\":[\"https:\\\/\\\/www.facebook.com\\\/subaruespana\",\"https:\\\/\\\/www.instagram.com\\\/subarues\\\/\",\"https:\\\/\\\/www.youtube.com\\\/user\\\/subaruespana\"]},{\"@type\":\"Person\",\"@id\":\"https:\\\/\\\/www.subaru.es\\\/blog\\\/#\\\/schema\\\/person\\\/19a90b892230b8e0ec752704ddf4aa10\",\"name\":\"Subaru\",\"url\":\"https:\\\/\\\/www.subaru.es\\\/blog\\\/author\\\/subaria\\\/\"}]}<\/script>\n<!-- \/ Yoast SEO plugin. -->","yoast_head_json":{"title":"Subaristas en la tormenta, as\u00ed fue 8000vueltas 2018 - Universo Subaru","robots":{"index":"index","follow":"follow","max-snippet":"max-snippet:-1","max-image-preview":"max-image-preview:large","max-video-preview":"max-video-preview:-1"},"canonical":"https:\/\/www.subaru.es\/blog\/nuestra-marca\/presentacion-de-temporada-de-8000vueltas\/","og_locale":"es_ES","og_type":"article","og_title":"Subaristas en la tormenta, as\u00ed fue 8000vueltas 2018 - Universo Subaru","og_description":"Ni el cielo gris, ni la lluvia, ni el fr\u00edo. Nada detuvo el pasado s\u00e1bado a los aficionados de Subaru que esperaban disfrutar la presentaci\u00f3n de temporada de 8000vueltas como agua de mayo, o en este caso, como agua de marzo. Nada m\u00e1s acceder al circuito del Jarama, en la zona del paddock, uno entraba [&hellip;]","og_url":"https:\/\/www.subaru.es\/blog\/nuestra-marca\/presentacion-de-temporada-de-8000vueltas\/","og_site_name":"Universo Subaru","article_publisher":"https:\/\/www.facebook.com\/subaruespana","article_published_time":"2018-03-13T17:01:19+00:00","article_modified_time":"2020-08-06T09:50:51+00:00","og_image":[{"width":2500,"height":1667,"url":"https:\/\/www.subaru.es\/blog\/wp-content\/uploads\/2018\/03\/Presentacion-de-temporada-2018-8000vueltas.com-Subaru-10.jpg","type":"image\/jpeg"}],"author":"Subaru","twitter_card":"summary_large_image","twitter_misc":{"Escrito por":"Subaru","Tiempo de lectura":"2 minutos"},"schema":{"@context":"https:\/\/schema.org","@graph":[{"@type":"Article","@id":"https:\/\/www.subaru.es\/blog\/nuestra-marca\/presentacion-de-temporada-de-8000vueltas\/#article","isPartOf":{"@id":"https:\/\/www.subaru.es\/blog\/nuestra-marca\/presentacion-de-temporada-de-8000vueltas\/"},"author":{"name":"Subaru","@id":"https:\/\/www.subaru.es\/blog\/#\/schema\/person\/19a90b892230b8e0ec752704ddf4aa10"},"headline":"Subaristas en la tormenta, as\u00ed fue 8000vueltas 2018","datePublished":"2018-03-13T17:01:19+00:00","dateModified":"2020-08-06T09:50:51+00:00","mainEntityOfPage":{"@id":"https:\/\/www.subaru.es\/blog\/nuestra-marca\/presentacion-de-temporada-de-8000vueltas\/"},"wordCount":498,"commentCount":0,"publisher":{"@id":"https:\/\/www.subaru.es\/blog\/#organization"},"image":{"@id":"https:\/\/www.subaru.es\/blog\/nuestra-marca\/presentacion-de-temporada-de-8000vueltas\/#primaryimage"},"thumbnailUrl":"https:\/\/www.subaru.es\/blog\/wp-content\/uploads\/2018\/03\/Presentacion-de-temporada-2018-8000vueltas.com-Subaru-10.jpg","keywords":["8000vueltas","BRZ","Forester Turbo","GT Turbo","legacy","Levorg","subaristas","Subaru motor","SVX","wrx","wrx sti"],"articleSection":["Nuestra marca"],"inLanguage":"es","potentialAction":[{"@type":"CommentAction","name":"Comment","target":["https:\/\/www.subaru.es\/blog\/nuestra-marca\/presentacion-de-temporada-de-8000vueltas\/#respond"]}]},{"@type":"WebPage","@id":"https:\/\/www.subaru.es\/blog\/nuestra-marca\/presentacion-de-temporada-de-8000vueltas\/","url":"https:\/\/www.subaru.es\/blog\/nuestra-marca\/presentacion-de-temporada-de-8000vueltas\/","name":"Subaristas en la tormenta, as\u00ed fue 8000vueltas 2018 - Universo Subaru","isPartOf":{"@id":"https:\/\/www.subaru.es\/blog\/#website"},"primaryImageOfPage":{"@id":"https:\/\/www.subaru.es\/blog\/nuestra-marca\/presentacion-de-temporada-de-8000vueltas\/#primaryimage"},"image":{"@id":"https:\/\/www.subaru.es\/blog\/nuestra-marca\/presentacion-de-temporada-de-8000vueltas\/#primaryimage"},"thumbnailUrl":"https:\/\/www.subaru.es\/blog\/wp-content\/uploads\/2018\/03\/Presentacion-de-temporada-2018-8000vueltas.com-Subaru-10.jpg","datePublished":"2018-03-13T17:01:19+00:00","dateModified":"2020-08-06T09:50:51+00:00","breadcrumb":{"@id":"https:\/\/www.subaru.es\/blog\/nuestra-marca\/presentacion-de-temporada-de-8000vueltas\/#breadcrumb"},"inLanguage":"es","potentialAction":[{"@type":"ReadAction","target":["https:\/\/www.subaru.es\/blog\/nuestra-marca\/presentacion-de-temporada-de-8000vueltas\/"]}]},{"@type":"ImageObject","inLanguage":"es","@id":"https:\/\/www.subaru.es\/blog\/nuestra-marca\/presentacion-de-temporada-de-8000vueltas\/#primaryimage","url":"https:\/\/www.subaru.es\/blog\/wp-content\/uploads\/2018\/03\/Presentacion-de-temporada-2018-8000vueltas.com-Subaru-10.jpg","contentUrl":"https:\/\/www.subaru.es\/blog\/wp-content\/uploads\/2018\/03\/Presentacion-de-temporada-2018-8000vueltas.com-Subaru-10.jpg","width":2500,"height":1667},{"@type":"BreadcrumbList","@id":"https:\/\/www.subaru.es\/blog\/nuestra-marca\/presentacion-de-temporada-de-8000vueltas\/#breadcrumb","itemListElement":[{"@type":"ListItem","position":1,"name":"Portada","item":"https:\/\/www.subaru.es\/blog\/"},{"@type":"ListItem","position":2,"name":"Subaristas en la tormenta, as\u00ed fue 8000vueltas 2018"}]},{"@type":"WebSite","@id":"https:\/\/www.subaru.es\/blog\/#website","url":"https:\/\/www.subaru.es\/blog\/","name":"Universo Subaru","description":"Descubre este apasionante espacio de Subaru donde vas a conocer todo sobre nuestros coches y las experiencias que vivimos con ellos. Si est\u00e1s preparado para dejarte seducir por la filosof\u00eda Subaru, qu\u00e9date con nosotros.","publisher":{"@id":"https:\/\/www.subaru.es\/blog\/#organization"},"potentialAction":[{"@type":"SearchAction","target":{"@type":"EntryPoint","urlTemplate":"https:\/\/www.subaru.es\/blog\/?s={search_term_string}"},"query-input":{"@type":"PropertyValueSpecification","valueRequired":true,"valueName":"search_term_string"}}],"inLanguage":"es"},{"@type":"Organization","@id":"https:\/\/www.subaru.es\/blog\/#organization","name":"Subaru Espa\u00f1a S.A.","url":"https:\/\/www.subaru.es\/blog\/","logo":{"@type":"ImageObject","inLanguage":"es","@id":"https:\/\/www.subaru.es\/blog\/#\/schema\/logo\/image\/","url":"https:\/\/www.subaru.es\/blog\/wp-content\/uploads\/2016\/12\/Logo-Subaru-TypeV_C300-scaled.jpg","contentUrl":"https:\/\/www.subaru.es\/blog\/wp-content\/uploads\/2016\/12\/Logo-Subaru-TypeV_C300-scaled.jpg","width":2560,"height":1864,"caption":"Subaru Espa\u00f1a S.A."},"image":{"@id":"https:\/\/www.subaru.es\/blog\/#\/schema\/logo\/image\/"},"sameAs":["https:\/\/www.facebook.com\/subaruespana","https:\/\/www.instagram.com\/subarues\/","https:\/\/www.youtube.com\/user\/subaruespana"]},{"@type":"Person","@id":"https:\/\/www.subaru.es\/blog\/#\/schema\/person\/19a90b892230b8e0ec752704ddf4aa10","name":"Subaru","url":"https:\/\/www.subaru.es\/blog\/author\/subaria\/"}]}},"_links":{"self":[{"href":"https:\/\/www.subaru.es\/blog\/wp-json\/wp\/v2\/posts\/18681","targetHints":{"allow":["GET"]}}],"collection":[{"href":"https:\/\/www.subaru.es\/blog\/wp-json\/wp\/v2\/posts"}],"about":[{"href":"https:\/\/www.subaru.es\/blog\/wp-json\/wp\/v2\/types\/post"}],"author":[{"embeddable":true,"href":"https:\/\/www.subaru.es\/blog\/wp-json\/wp\/v2\/users\/21"}],"replies":[{"embeddable":true,"href":"https:\/\/www.subaru.es\/blog\/wp-json\/wp\/v2\/comments?post=18681"}],"version-history":[{"count":10,"href":"https:\/\/www.subaru.es\/blog\/wp-json\/wp\/v2\/posts\/18681\/revisions"}],"predecessor-version":[{"id":22078,"href":"https:\/\/www.subaru.es\/blog\/wp-json\/wp\/v2\/posts\/18681\/revisions\/22078"}],"wp:featuredmedia":[{"embeddable":true,"href":"https:\/\/www.subaru.es\/blog\/wp-json\/wp\/v2\/media\/18688"}],"wp:attachment":[{"href":"https:\/\/www.subaru.es\/blog\/wp-json\/wp\/v2\/media?parent=18681"}],"wp:term":[{"taxonomy":"category","embeddable":true,"href":"https:\/\/www.subaru.es\/blog\/wp-json\/wp\/v2\/categories?post=18681"},{"taxonomy":"post_tag","embeddable":true,"href":"https:\/\/www.subaru.es\/blog\/wp-json\/wp\/v2\/tags?post=18681"}],"curies":[{"name":"wp","href":"https:\/\/api.w.org\/{rel}","templated":true}]}}