{"id":1868,"date":"2009-05-01T09:07:43","date_gmt":"2009-05-01T07:07:43","guid":{"rendered":"http:\/\/subaru.preproduccion.com\/blog\/wp-content\/2009\/05\/01\/subaru-impreza-al-precio-de-hace-15-anos\/"},"modified":"2016-10-17T15:08:53","modified_gmt":"2016-10-17T13:08:53","slug":"subaru-impreza-al-precio-de-hace-15-anos","status":"publish","type":"post","link":"https:\/\/www.subaru.es\/blog\/nuestra-marca\/subaru-impreza-al-precio-de-hace-15-anos\/","title":{"rendered":"Subaru Impreza, al precio de hace 15 a\u00f1os"},"content":{"rendered":"<p><img data-src='https:\/\/www.subaru.es\/blog\/wp-content\/uploads\/2009\/02\/subaru-impreza2008-17.jpg' width=\"450\" src=\"data:image\/svg+xml;base64,PHN2ZyB3aWR0aD0iMSIgaGVpZ2h0PSIxIiB4bWxucz0iaHR0cDovL3d3dy53My5vcmcvMjAwMC9zdmciPjwvc3ZnPg==\" class=\"lazyload\" style=\"--smush-placeholder-width: 590px; --smush-placeholder-aspect-ratio: 590\/393;\" \/><\/p>\n<p>Este a\u00f1o que apenas acaba de comenzar, se cumple el <strong>15\u00ba aniversario del lanzamiento del Subaru Impreza<\/strong>, el deportivo joya de la corona de la marca japonesa. Y para festejarlo, la secci\u00f3n inglesa de Subaru ha decidido ponerlo a la venta, por supuesto en su versi\u00f3n Turbo actual, <strong>al precio que marcaba el d\u00eda de su lanzamiento, all\u00e1 por 1994<\/strong>.<\/p>\n<p>Como dicen en <a href=\"http:\/\/www.actualidadmotor.com\/2009\/02\/03\/subaru-vende-el-impreza-turbo-al-mismo-precio-que-quince-anos-atras\/\">Actualidad Motor<\/a>, es lo m\u00e1s parecido a hacer un <strong>viaje en el tiempo<\/strong>, 15 a\u00f1os atr\u00e1s, y traerse desde all\u00ed una oferta, de cuando las cosas ten\u00edan otro precio. El precio de salida, en 1994, del Subaru Impreza Turbo, era de \u00a317,998 (\u20ac19,969).<\/p>\n<p>Si esto no es una gran iniciativa para el bolsillo, decidme qu\u00e9 lo es.<\/p>\n<p>Fuente: <\/p>\n","protected":false},"excerpt":{"rendered":"<p>Este a\u00f1o que apenas acaba de comenzar, se cumple el 15\u00ba aniversario del lanzamiento del Subaru Impreza, el deportivo joya de la corona de la marca japonesa. Y para festejarlo, la secci\u00f3n inglesa de Subaru ha decidido ponerlo a la venta, por supuesto en su versi\u00f3n Turbo actual, al precio que marcaba el d\u00eda de [&hellip;]<\/p>\n","protected":false},"author":21,"featured_media":1869,"comment_status":"open","ping_status":"open","sticky":false,"template":"","format":"standard","meta":{"_acf_changed":false,"_eb_attr":"","inline_featured_image":false,"footnotes":""},"categories":[4401],"tags":[],"class_list":["post-1868","post","type-post","status-publish","format-standard","has-post-thumbnail","hentry","category-nuestra-marca"],"acf":[],"yoast_head":"<!-- This site is optimized with the Yoast SEO plugin v27.3 - https:\/\/yoast.com\/product\/yoast-seo-wordpress\/ -->\n<title>Subaru Impreza, al precio de hace 15 a\u00f1os - Universo Subaru<\/title>\n<meta name=\"robots\" content=\"index, follow, max-snippet:-1, max-image-preview:large, max-video-preview:-1\" \/>\n<link rel=\"canonical\" href=\"https:\/\/www.subaru.es\/blog\/nuestra-marca\/subaru-impreza-al-precio-de-hace-15-anos\/\" \/>\n<meta property=\"og:locale\" content=\"es_ES\" \/>\n<meta property=\"og:type\" content=\"article\" \/>\n<meta property=\"og:title\" content=\"Subaru Impreza, al precio de hace 15 a\u00f1os - Universo Subaru\" \/>\n<meta property=\"og:description\" content=\"Este a\u00f1o que apenas acaba de comenzar, se cumple el 15\u00ba aniversario del lanzamiento del Subaru Impreza, el deportivo joya de la corona de la marca japonesa. Y para festejarlo, la secci\u00f3n inglesa de Subaru ha decidido ponerlo a la venta, por supuesto en su versi\u00f3n Turbo actual, al precio que marcaba el d\u00eda de [&hellip;]\" \/>\n<meta property=\"og:url\" content=\"https:\/\/www.subaru.es\/blog\/nuestra-marca\/subaru-impreza-al-precio-de-hace-15-anos\/\" \/>\n<meta property=\"og:site_name\" content=\"Universo Subaru\" \/>\n<meta property=\"article:publisher\" content=\"https:\/\/www.facebook.com\/subaruespana\" \/>\n<meta property=\"article:published_time\" content=\"2009-05-01T07:07:43+00:00\" \/>\n<meta property=\"article:modified_time\" content=\"2016-10-17T13:08:53+00:00\" \/>\n<meta property=\"og:image\" content=\"https:\/\/www.subaru.es\/blog\/wp-content\/uploads\/2009\/02\/subaru-impreza2008-17.jpg\" \/>\n\t<meta property=\"og:image:width\" content=\"590\" \/>\n\t<meta property=\"og:image:height\" content=\"393\" \/>\n\t<meta property=\"og:image:type\" content=\"image\/jpeg\" \/>\n<meta name=\"author\" content=\"Subaru\" \/>\n<meta name=\"twitter:card\" content=\"summary_large_image\" \/>\n<meta name=\"twitter:label1\" content=\"Escrito por\" \/>\n\t<meta name=\"twitter:data1\" content=\"Subaru\" \/>\n\t<meta name=\"twitter:label2\" content=\"Tiempo de lectura\" \/>\n\t<meta name=\"twitter:data2\" content=\"1 minuto\" \/>\n<script type=\"application\/ld+json\" class=\"yoast-schema-graph\">{\"@context\":\"https:\\\/\\\/schema.org\",\"@graph\":[{\"@type\":\"Article\",\"@id\":\"https:\\\/\\\/www.subaru.es\\\/blog\\\/nuestra-marca\\\/subaru-impreza-al-precio-de-hace-15-anos\\\/#article\",\"isPartOf\":{\"@id\":\"https:\\\/\\\/www.subaru.es\\\/blog\\\/nuestra-marca\\\/subaru-impreza-al-precio-de-hace-15-anos\\\/\"},\"author\":{\"name\":\"Subaru\",\"@id\":\"https:\\\/\\\/www.subaru.es\\\/blog\\\/#\\\/schema\\\/person\\\/19a90b892230b8e0ec752704ddf4aa10\"},\"headline\":\"Subaru Impreza, al precio de hace 15 a\u00f1os\",\"datePublished\":\"2009-05-01T07:07:43+00:00\",\"dateModified\":\"2016-10-17T13:08:53+00:00\",\"mainEntityOfPage\":{\"@id\":\"https:\\\/\\\/www.subaru.es\\\/blog\\\/nuestra-marca\\\/subaru-impreza-al-precio-de-hace-15-anos\\\/\"},\"wordCount\":131,\"commentCount\":0,\"publisher\":{\"@id\":\"https:\\\/\\\/www.subaru.es\\\/blog\\\/#organization\"},\"image\":{\"@id\":\"https:\\\/\\\/www.subaru.es\\\/blog\\\/nuestra-marca\\\/subaru-impreza-al-precio-de-hace-15-anos\\\/#primaryimage\"},\"thumbnailUrl\":\"https:\\\/\\\/www.subaru.es\\\/blog\\\/wp-content\\\/uploads\\\/2009\\\/02\\\/subaru-impreza2008-17.jpg\",\"articleSection\":[\"Nuestra marca\"],\"inLanguage\":\"es\",\"potentialAction\":[{\"@type\":\"CommentAction\",\"name\":\"Comment\",\"target\":[\"https:\\\/\\\/www.subaru.es\\\/blog\\\/nuestra-marca\\\/subaru-impreza-al-precio-de-hace-15-anos\\\/#respond\"]}]},{\"@type\":\"WebPage\",\"@id\":\"https:\\\/\\\/www.subaru.es\\\/blog\\\/nuestra-marca\\\/subaru-impreza-al-precio-de-hace-15-anos\\\/\",\"url\":\"https:\\\/\\\/www.subaru.es\\\/blog\\\/nuestra-marca\\\/subaru-impreza-al-precio-de-hace-15-anos\\\/\",\"name\":\"Subaru Impreza, al precio de hace 15 a\u00f1os - Universo Subaru\",\"isPartOf\":{\"@id\":\"https:\\\/\\\/www.subaru.es\\\/blog\\\/#website\"},\"primaryImageOfPage\":{\"@id\":\"https:\\\/\\\/www.subaru.es\\\/blog\\\/nuestra-marca\\\/subaru-impreza-al-precio-de-hace-15-anos\\\/#primaryimage\"},\"image\":{\"@id\":\"https:\\\/\\\/www.subaru.es\\\/blog\\\/nuestra-marca\\\/subaru-impreza-al-precio-de-hace-15-anos\\\/#primaryimage\"},\"thumbnailUrl\":\"https:\\\/\\\/www.subaru.es\\\/blog\\\/wp-content\\\/uploads\\\/2009\\\/02\\\/subaru-impreza2008-17.jpg\",\"datePublished\":\"2009-05-01T07:07:43+00:00\",\"dateModified\":\"2016-10-17T13:08:53+00:00\",\"breadcrumb\":{\"@id\":\"https:\\\/\\\/www.subaru.es\\\/blog\\\/nuestra-marca\\\/subaru-impreza-al-precio-de-hace-15-anos\\\/#breadcrumb\"},\"inLanguage\":\"es\",\"potentialAction\":[{\"@type\":\"ReadAction\",\"target\":[\"https:\\\/\\\/www.subaru.es\\\/blog\\\/nuestra-marca\\\/subaru-impreza-al-precio-de-hace-15-anos\\\/\"]}]},{\"@type\":\"ImageObject\",\"inLanguage\":\"es\",\"@id\":\"https:\\\/\\\/www.subaru.es\\\/blog\\\/nuestra-marca\\\/subaru-impreza-al-precio-de-hace-15-anos\\\/#primaryimage\",\"url\":\"https:\\\/\\\/www.subaru.es\\\/blog\\\/wp-content\\\/uploads\\\/2009\\\/02\\\/subaru-impreza2008-17.jpg\",\"contentUrl\":\"https:\\\/\\\/www.subaru.es\\\/blog\\\/wp-content\\\/uploads\\\/2009\\\/02\\\/subaru-impreza2008-17.jpg\",\"width\":590,\"height\":393},{\"@type\":\"BreadcrumbList\",\"@id\":\"https:\\\/\\\/www.subaru.es\\\/blog\\\/nuestra-marca\\\/subaru-impreza-al-precio-de-hace-15-anos\\\/#breadcrumb\",\"itemListElement\":[{\"@type\":\"ListItem\",\"position\":1,\"name\":\"Portada\",\"item\":\"https:\\\/\\\/www.subaru.es\\\/blog\\\/\"},{\"@type\":\"ListItem\",\"position\":2,\"name\":\"Subaru Impreza, al precio de hace 15 a\u00f1os\"}]},{\"@type\":\"WebSite\",\"@id\":\"https:\\\/\\\/www.subaru.es\\\/blog\\\/#website\",\"url\":\"https:\\\/\\\/www.subaru.es\\\/blog\\\/\",\"name\":\"Universo Subaru\",\"description\":\"Descubre este apasionante espacio de Subaru donde vas a conocer todo sobre nuestros coches y las experiencias que vivimos con ellos. Si est\u00e1s preparado para dejarte seducir por la filosof\u00eda Subaru, qu\u00e9date con nosotros.\",\"publisher\":{\"@id\":\"https:\\\/\\\/www.subaru.es\\\/blog\\\/#organization\"},\"potentialAction\":[{\"@type\":\"SearchAction\",\"target\":{\"@type\":\"EntryPoint\",\"urlTemplate\":\"https:\\\/\\\/www.subaru.es\\\/blog\\\/?s={search_term_string}\"},\"query-input\":{\"@type\":\"PropertyValueSpecification\",\"valueRequired\":true,\"valueName\":\"search_term_string\"}}],\"inLanguage\":\"es\"},{\"@type\":\"Organization\",\"@id\":\"https:\\\/\\\/www.subaru.es\\\/blog\\\/#organization\",\"name\":\"Subaru Espa\u00f1a S.A.\",\"url\":\"https:\\\/\\\/www.subaru.es\\\/blog\\\/\",\"logo\":{\"@type\":\"ImageObject\",\"inLanguage\":\"es\",\"@id\":\"https:\\\/\\\/www.subaru.es\\\/blog\\\/#\\\/schema\\\/logo\\\/image\\\/\",\"url\":\"https:\\\/\\\/www.subaru.es\\\/blog\\\/wp-content\\\/uploads\\\/2016\\\/12\\\/Logo-Subaru-TypeV_C300-scaled.jpg\",\"contentUrl\":\"https:\\\/\\\/www.subaru.es\\\/blog\\\/wp-content\\\/uploads\\\/2016\\\/12\\\/Logo-Subaru-TypeV_C300-scaled.jpg\",\"width\":2560,\"height\":1864,\"caption\":\"Subaru Espa\u00f1a S.A.\"},\"image\":{\"@id\":\"https:\\\/\\\/www.subaru.es\\\/blog\\\/#\\\/schema\\\/logo\\\/image\\\/\"},\"sameAs\":[\"https:\\\/\\\/www.facebook.com\\\/subaruespana\",\"https:\\\/\\\/www.instagram.com\\\/subarues\\\/\",\"https:\\\/\\\/www.youtube.com\\\/user\\\/subaruespana\"]},{\"@type\":\"Person\",\"@id\":\"https:\\\/\\\/www.subaru.es\\\/blog\\\/#\\\/schema\\\/person\\\/19a90b892230b8e0ec752704ddf4aa10\",\"name\":\"Subaru\",\"url\":\"https:\\\/\\\/www.subaru.es\\\/blog\\\/author\\\/subaria\\\/\"}]}<\/script>\n<!-- \/ Yoast SEO plugin. -->","yoast_head_json":{"title":"Subaru Impreza, al precio de hace 15 a\u00f1os - Universo Subaru","robots":{"index":"index","follow":"follow","max-snippet":"max-snippet:-1","max-image-preview":"max-image-preview:large","max-video-preview":"max-video-preview:-1"},"canonical":"https:\/\/www.subaru.es\/blog\/nuestra-marca\/subaru-impreza-al-precio-de-hace-15-anos\/","og_locale":"es_ES","og_type":"article","og_title":"Subaru Impreza, al precio de hace 15 a\u00f1os - Universo Subaru","og_description":"Este a\u00f1o que apenas acaba de comenzar, se cumple el 15\u00ba aniversario del lanzamiento del Subaru Impreza, el deportivo joya de la corona de la marca japonesa. Y para festejarlo, la secci\u00f3n inglesa de Subaru ha decidido ponerlo a la venta, por supuesto en su versi\u00f3n Turbo actual, al precio que marcaba el d\u00eda de [&hellip;]","og_url":"https:\/\/www.subaru.es\/blog\/nuestra-marca\/subaru-impreza-al-precio-de-hace-15-anos\/","og_site_name":"Universo Subaru","article_publisher":"https:\/\/www.facebook.com\/subaruespana","article_published_time":"2009-05-01T07:07:43+00:00","article_modified_time":"2016-10-17T13:08:53+00:00","og_image":[{"width":590,"height":393,"url":"https:\/\/www.subaru.es\/blog\/wp-content\/uploads\/2009\/02\/subaru-impreza2008-17.jpg","type":"image\/jpeg"}],"author":"Subaru","twitter_card":"summary_large_image","twitter_misc":{"Escrito por":"Subaru","Tiempo de lectura":"1 minuto"},"schema":{"@context":"https:\/\/schema.org","@graph":[{"@type":"Article","@id":"https:\/\/www.subaru.es\/blog\/nuestra-marca\/subaru-impreza-al-precio-de-hace-15-anos\/#article","isPartOf":{"@id":"https:\/\/www.subaru.es\/blog\/nuestra-marca\/subaru-impreza-al-precio-de-hace-15-anos\/"},"author":{"name":"Subaru","@id":"https:\/\/www.subaru.es\/blog\/#\/schema\/person\/19a90b892230b8e0ec752704ddf4aa10"},"headline":"Subaru Impreza, al precio de hace 15 a\u00f1os","datePublished":"2009-05-01T07:07:43+00:00","dateModified":"2016-10-17T13:08:53+00:00","mainEntityOfPage":{"@id":"https:\/\/www.subaru.es\/blog\/nuestra-marca\/subaru-impreza-al-precio-de-hace-15-anos\/"},"wordCount":131,"commentCount":0,"publisher":{"@id":"https:\/\/www.subaru.es\/blog\/#organization"},"image":{"@id":"https:\/\/www.subaru.es\/blog\/nuestra-marca\/subaru-impreza-al-precio-de-hace-15-anos\/#primaryimage"},"thumbnailUrl":"https:\/\/www.subaru.es\/blog\/wp-content\/uploads\/2009\/02\/subaru-impreza2008-17.jpg","articleSection":["Nuestra marca"],"inLanguage":"es","potentialAction":[{"@type":"CommentAction","name":"Comment","target":["https:\/\/www.subaru.es\/blog\/nuestra-marca\/subaru-impreza-al-precio-de-hace-15-anos\/#respond"]}]},{"@type":"WebPage","@id":"https:\/\/www.subaru.es\/blog\/nuestra-marca\/subaru-impreza-al-precio-de-hace-15-anos\/","url":"https:\/\/www.subaru.es\/blog\/nuestra-marca\/subaru-impreza-al-precio-de-hace-15-anos\/","name":"Subaru Impreza, al precio de hace 15 a\u00f1os - Universo Subaru","isPartOf":{"@id":"https:\/\/www.subaru.es\/blog\/#website"},"primaryImageOfPage":{"@id":"https:\/\/www.subaru.es\/blog\/nuestra-marca\/subaru-impreza-al-precio-de-hace-15-anos\/#primaryimage"},"image":{"@id":"https:\/\/www.subaru.es\/blog\/nuestra-marca\/subaru-impreza-al-precio-de-hace-15-anos\/#primaryimage"},"thumbnailUrl":"https:\/\/www.subaru.es\/blog\/wp-content\/uploads\/2009\/02\/subaru-impreza2008-17.jpg","datePublished":"2009-05-01T07:07:43+00:00","dateModified":"2016-10-17T13:08:53+00:00","breadcrumb":{"@id":"https:\/\/www.subaru.es\/blog\/nuestra-marca\/subaru-impreza-al-precio-de-hace-15-anos\/#breadcrumb"},"inLanguage":"es","potentialAction":[{"@type":"ReadAction","target":["https:\/\/www.subaru.es\/blog\/nuestra-marca\/subaru-impreza-al-precio-de-hace-15-anos\/"]}]},{"@type":"ImageObject","inLanguage":"es","@id":"https:\/\/www.subaru.es\/blog\/nuestra-marca\/subaru-impreza-al-precio-de-hace-15-anos\/#primaryimage","url":"https:\/\/www.subaru.es\/blog\/wp-content\/uploads\/2009\/02\/subaru-impreza2008-17.jpg","contentUrl":"https:\/\/www.subaru.es\/blog\/wp-content\/uploads\/2009\/02\/subaru-impreza2008-17.jpg","width":590,"height":393},{"@type":"BreadcrumbList","@id":"https:\/\/www.subaru.es\/blog\/nuestra-marca\/subaru-impreza-al-precio-de-hace-15-anos\/#breadcrumb","itemListElement":[{"@type":"ListItem","position":1,"name":"Portada","item":"https:\/\/www.subaru.es\/blog\/"},{"@type":"ListItem","position":2,"name":"Subaru Impreza, al precio de hace 15 a\u00f1os"}]},{"@type":"WebSite","@id":"https:\/\/www.subaru.es\/blog\/#website","url":"https:\/\/www.subaru.es\/blog\/","name":"Universo Subaru","description":"Descubre este apasionante espacio de Subaru donde vas a conocer todo sobre nuestros coches y las experiencias que vivimos con ellos. Si est\u00e1s preparado para dejarte seducir por la filosof\u00eda Subaru, qu\u00e9date con nosotros.","publisher":{"@id":"https:\/\/www.subaru.es\/blog\/#organization"},"potentialAction":[{"@type":"SearchAction","target":{"@type":"EntryPoint","urlTemplate":"https:\/\/www.subaru.es\/blog\/?s={search_term_string}"},"query-input":{"@type":"PropertyValueSpecification","valueRequired":true,"valueName":"search_term_string"}}],"inLanguage":"es"},{"@type":"Organization","@id":"https:\/\/www.subaru.es\/blog\/#organization","name":"Subaru Espa\u00f1a S.A.","url":"https:\/\/www.subaru.es\/blog\/","logo":{"@type":"ImageObject","inLanguage":"es","@id":"https:\/\/www.subaru.es\/blog\/#\/schema\/logo\/image\/","url":"https:\/\/www.subaru.es\/blog\/wp-content\/uploads\/2016\/12\/Logo-Subaru-TypeV_C300-scaled.jpg","contentUrl":"https:\/\/www.subaru.es\/blog\/wp-content\/uploads\/2016\/12\/Logo-Subaru-TypeV_C300-scaled.jpg","width":2560,"height":1864,"caption":"Subaru Espa\u00f1a S.A."},"image":{"@id":"https:\/\/www.subaru.es\/blog\/#\/schema\/logo\/image\/"},"sameAs":["https:\/\/www.facebook.com\/subaruespana","https:\/\/www.instagram.com\/subarues\/","https:\/\/www.youtube.com\/user\/subaruespana"]},{"@type":"Person","@id":"https:\/\/www.subaru.es\/blog\/#\/schema\/person\/19a90b892230b8e0ec752704ddf4aa10","name":"Subaru","url":"https:\/\/www.subaru.es\/blog\/author\/subaria\/"}]}},"_links":{"self":[{"href":"https:\/\/www.subaru.es\/blog\/wp-json\/wp\/v2\/posts\/1868","targetHints":{"allow":["GET"]}}],"collection":[{"href":"https:\/\/www.subaru.es\/blog\/wp-json\/wp\/v2\/posts"}],"about":[{"href":"https:\/\/www.subaru.es\/blog\/wp-json\/wp\/v2\/types\/post"}],"author":[{"embeddable":true,"href":"https:\/\/www.subaru.es\/blog\/wp-json\/wp\/v2\/users\/21"}],"replies":[{"embeddable":true,"href":"https:\/\/www.subaru.es\/blog\/wp-json\/wp\/v2\/comments?post=1868"}],"version-history":[{"count":1,"href":"https:\/\/www.subaru.es\/blog\/wp-json\/wp\/v2\/posts\/1868\/revisions"}],"predecessor-version":[{"id":15235,"href":"https:\/\/www.subaru.es\/blog\/wp-json\/wp\/v2\/posts\/1868\/revisions\/15235"}],"wp:featuredmedia":[{"embeddable":true,"href":"https:\/\/www.subaru.es\/blog\/wp-json\/wp\/v2\/media\/1869"}],"wp:attachment":[{"href":"https:\/\/www.subaru.es\/blog\/wp-json\/wp\/v2\/media?parent=1868"}],"wp:term":[{"taxonomy":"category","embeddable":true,"href":"https:\/\/www.subaru.es\/blog\/wp-json\/wp\/v2\/categories?post=1868"},{"taxonomy":"post_tag","embeddable":true,"href":"https:\/\/www.subaru.es\/blog\/wp-json\/wp\/v2\/tags?post=1868"}],"curies":[{"name":"wp","href":"https:\/\/api.w.org\/{rel}","templated":true}]}}