{"id":1859,"date":"2009-04-29T13:18:24","date_gmt":"2009-04-29T11:18:24","guid":{"rendered":"http:\/\/subaru.preproduccion.com\/blog\/wp-content\/2009\/04\/29\/subaru-si-esta-en-el-wrc\/"},"modified":"2020-08-06T11:41:47","modified_gmt":"2020-08-06T09:41:47","slug":"subaru-si-esta-en-el-wrc","status":"publish","type":"post","link":"https:\/\/www.subaru.es\/blog\/nuestra-marca\/subaru-si-esta-en-el-wrc\/","title":{"rendered":"Subaru s\u00ed est\u00e1 en el WRC"},"content":{"rendered":"<p><a href='https:\/\/www.subaru.es\/blog\/wp-content\/uploads\/2009\/02\/eamonn-boland.jpg' title='Eamonn Boland'><img data-src='https:\/\/www.subaru.es\/blog\/wp-content\/uploads\/2009\/02\/eamonn-boland.jpg' alt='Eamonn Boland' src='data:image\/svg+xml;base64,PHN2ZyB3aWR0aD0iMSIgaGVpZ2h0PSIxIiB4bWxucz0iaHR0cDovL3d3dy53My5vcmcvMjAwMC9zdmciPjwvc3ZnPg==' class='lazyload' style='--smush-placeholder-width: 294px; --smush-placeholder-aspect-ratio: 294\/289;' \/><\/a><br \/>\nS\u00ed, como lo leen, aunque oficialmente la firma nipona se haya retirado de la competici\u00f3n, los pilotos <strong>Stephen Murphy, Tim McNulty, Eamonn Boland y el gal\u00e9s Gareth Jones<\/strong> han participado en el <strong><a href=\"http:\/\/www.rallyireland.org\/\">Rally de Irlanda <\/a><\/strong>a los mandos de sendos <strong>Subarus Impreza<\/strong>.<\/p>\n<p>Es m\u00e1s, el piloto local <strong>Eamonn Boland <\/strong>ha finalizado <strong>noveno con un Subaru Impreza privado<\/strong>. Al respecto, ha comentado que <\/p>\n<blockquote><p>\u201ces fant\u00e1stico ser el primer irland\u00e9s. Todo ha salido a la perfecci\u00f3n este a\u00f1o y es genial poder conseguir este resultado en Irlanda.\u201d<\/p><\/blockquote>\n<p>El <strong>Rally de Irlanda <\/strong>ha sido la primera de las dos citas de asfalto que tendr\u00e1n lugar esta temporada. El <strong>WRC 2009 <\/strong>consta de <strong>doce pruebas<\/strong>.<\/p>\n","protected":false},"excerpt":{"rendered":"<p>S\u00ed, como lo leen, aunque oficialmente la firma nipona se haya retirado de la competici\u00f3n, los pilotos Stephen Murphy, Tim McNulty, Eamonn Boland y el gal\u00e9s Gareth Jones han participado en el Rally de Irlanda a los mandos de sendos Subarus Impreza. Es m\u00e1s, el piloto local Eamonn Boland ha finalizado noveno con un Subaru [&hellip;]<\/p>\n","protected":false},"author":21,"featured_media":1860,"comment_status":"open","ping_status":"open","sticky":false,"template":"","format":"standard","meta":{"_acf_changed":false,"_eb_attr":"","inline_featured_image":false,"footnotes":""},"categories":[4401],"tags":[1834,1835,10,365,1836,1715,43,1832,4390,1833],"class_list":["post-1859","post","type-post","status-publish","format-standard","has-post-thumbnail","hentry","category-nuestra-marca","tag-eamonn-boland","tag-gareth-jones","tag-impreza","tag-irlanda","tag-privado","tag-rallie","tag-rally","tag-stephen-murphy","tag-subaru","tag-tim-mcnulty"],"acf":[],"yoast_head":"<!-- This site is optimized with the Yoast SEO plugin v27.3 - https:\/\/yoast.com\/product\/yoast-seo-wordpress\/ -->\n<title>Subaru s\u00ed est\u00e1 en el WRC - Universo Subaru<\/title>\n<meta name=\"robots\" content=\"index, follow, max-snippet:-1, max-image-preview:large, max-video-preview:-1\" \/>\n<link rel=\"canonical\" href=\"https:\/\/www.subaru.es\/blog\/nuestra-marca\/subaru-si-esta-en-el-wrc\/\" \/>\n<meta property=\"og:locale\" content=\"es_ES\" \/>\n<meta property=\"og:type\" content=\"article\" \/>\n<meta property=\"og:title\" content=\"Subaru s\u00ed est\u00e1 en el WRC - Universo Subaru\" \/>\n<meta property=\"og:description\" content=\"S\u00ed, como lo leen, aunque oficialmente la firma nipona se haya retirado de la competici\u00f3n, los pilotos Stephen Murphy, Tim McNulty, Eamonn Boland y el gal\u00e9s Gareth Jones han participado en el Rally de Irlanda a los mandos de sendos Subarus Impreza. Es m\u00e1s, el piloto local Eamonn Boland ha finalizado noveno con un Subaru [&hellip;]\" \/>\n<meta property=\"og:url\" content=\"https:\/\/www.subaru.es\/blog\/nuestra-marca\/subaru-si-esta-en-el-wrc\/\" \/>\n<meta property=\"og:site_name\" content=\"Universo Subaru\" \/>\n<meta property=\"article:publisher\" content=\"https:\/\/www.facebook.com\/subaruespana\" \/>\n<meta property=\"article:published_time\" content=\"2009-04-29T11:18:24+00:00\" \/>\n<meta property=\"article:modified_time\" content=\"2020-08-06T09:41:47+00:00\" \/>\n<meta property=\"og:image\" content=\"https:\/\/www.subaru.es\/blog\/wp-content\/uploads\/2009\/02\/eamonn-boland.jpg\" \/>\n\t<meta property=\"og:image:width\" content=\"294\" \/>\n\t<meta property=\"og:image:height\" content=\"289\" \/>\n\t<meta property=\"og:image:type\" content=\"image\/jpeg\" \/>\n<meta name=\"author\" content=\"Subaru\" \/>\n<meta name=\"twitter:card\" content=\"summary_large_image\" \/>\n<meta name=\"twitter:label1\" content=\"Escrito por\" \/>\n\t<meta name=\"twitter:data1\" content=\"Subaru\" \/>\n\t<meta name=\"twitter:label2\" content=\"Tiempo de lectura\" \/>\n\t<meta name=\"twitter:data2\" content=\"1 minuto\" \/>\n<script type=\"application\/ld+json\" class=\"yoast-schema-graph\">{\"@context\":\"https:\\\/\\\/schema.org\",\"@graph\":[{\"@type\":\"Article\",\"@id\":\"https:\\\/\\\/www.subaru.es\\\/blog\\\/nuestra-marca\\\/subaru-si-esta-en-el-wrc\\\/#article\",\"isPartOf\":{\"@id\":\"https:\\\/\\\/www.subaru.es\\\/blog\\\/nuestra-marca\\\/subaru-si-esta-en-el-wrc\\\/\"},\"author\":{\"name\":\"Subaru\",\"@id\":\"https:\\\/\\\/www.subaru.es\\\/blog\\\/#\\\/schema\\\/person\\\/19a90b892230b8e0ec752704ddf4aa10\"},\"headline\":\"Subaru s\u00ed est\u00e1 en el WRC\",\"datePublished\":\"2009-04-29T11:18:24+00:00\",\"dateModified\":\"2020-08-06T09:41:47+00:00\",\"mainEntityOfPage\":{\"@id\":\"https:\\\/\\\/www.subaru.es\\\/blog\\\/nuestra-marca\\\/subaru-si-esta-en-el-wrc\\\/\"},\"wordCount\":124,\"commentCount\":0,\"publisher\":{\"@id\":\"https:\\\/\\\/www.subaru.es\\\/blog\\\/#organization\"},\"image\":{\"@id\":\"https:\\\/\\\/www.subaru.es\\\/blog\\\/nuestra-marca\\\/subaru-si-esta-en-el-wrc\\\/#primaryimage\"},\"thumbnailUrl\":\"https:\\\/\\\/www.subaru.es\\\/blog\\\/wp-content\\\/uploads\\\/2009\\\/02\\\/eamonn-boland.jpg\",\"keywords\":[\"Eamonn Boland\",\"Gareth Jones\",\"impreza\",\"irlanda\",\"privado\",\"rallie\",\"rally\",\"Stephen Murphy\",\"Subaru\",\"Tim McNulty\"],\"articleSection\":[\"Nuestra marca\"],\"inLanguage\":\"es\",\"potentialAction\":[{\"@type\":\"CommentAction\",\"name\":\"Comment\",\"target\":[\"https:\\\/\\\/www.subaru.es\\\/blog\\\/nuestra-marca\\\/subaru-si-esta-en-el-wrc\\\/#respond\"]}]},{\"@type\":\"WebPage\",\"@id\":\"https:\\\/\\\/www.subaru.es\\\/blog\\\/nuestra-marca\\\/subaru-si-esta-en-el-wrc\\\/\",\"url\":\"https:\\\/\\\/www.subaru.es\\\/blog\\\/nuestra-marca\\\/subaru-si-esta-en-el-wrc\\\/\",\"name\":\"Subaru s\u00ed est\u00e1 en el WRC - Universo Subaru\",\"isPartOf\":{\"@id\":\"https:\\\/\\\/www.subaru.es\\\/blog\\\/#website\"},\"primaryImageOfPage\":{\"@id\":\"https:\\\/\\\/www.subaru.es\\\/blog\\\/nuestra-marca\\\/subaru-si-esta-en-el-wrc\\\/#primaryimage\"},\"image\":{\"@id\":\"https:\\\/\\\/www.subaru.es\\\/blog\\\/nuestra-marca\\\/subaru-si-esta-en-el-wrc\\\/#primaryimage\"},\"thumbnailUrl\":\"https:\\\/\\\/www.subaru.es\\\/blog\\\/wp-content\\\/uploads\\\/2009\\\/02\\\/eamonn-boland.jpg\",\"datePublished\":\"2009-04-29T11:18:24+00:00\",\"dateModified\":\"2020-08-06T09:41:47+00:00\",\"breadcrumb\":{\"@id\":\"https:\\\/\\\/www.subaru.es\\\/blog\\\/nuestra-marca\\\/subaru-si-esta-en-el-wrc\\\/#breadcrumb\"},\"inLanguage\":\"es\",\"potentialAction\":[{\"@type\":\"ReadAction\",\"target\":[\"https:\\\/\\\/www.subaru.es\\\/blog\\\/nuestra-marca\\\/subaru-si-esta-en-el-wrc\\\/\"]}]},{\"@type\":\"ImageObject\",\"inLanguage\":\"es\",\"@id\":\"https:\\\/\\\/www.subaru.es\\\/blog\\\/nuestra-marca\\\/subaru-si-esta-en-el-wrc\\\/#primaryimage\",\"url\":\"https:\\\/\\\/www.subaru.es\\\/blog\\\/wp-content\\\/uploads\\\/2009\\\/02\\\/eamonn-boland.jpg\",\"contentUrl\":\"https:\\\/\\\/www.subaru.es\\\/blog\\\/wp-content\\\/uploads\\\/2009\\\/02\\\/eamonn-boland.jpg\",\"width\":294,\"height\":289},{\"@type\":\"BreadcrumbList\",\"@id\":\"https:\\\/\\\/www.subaru.es\\\/blog\\\/nuestra-marca\\\/subaru-si-esta-en-el-wrc\\\/#breadcrumb\",\"itemListElement\":[{\"@type\":\"ListItem\",\"position\":1,\"name\":\"Portada\",\"item\":\"https:\\\/\\\/www.subaru.es\\\/blog\\\/\"},{\"@type\":\"ListItem\",\"position\":2,\"name\":\"Subaru s\u00ed est\u00e1 en el WRC\"}]},{\"@type\":\"WebSite\",\"@id\":\"https:\\\/\\\/www.subaru.es\\\/blog\\\/#website\",\"url\":\"https:\\\/\\\/www.subaru.es\\\/blog\\\/\",\"name\":\"Universo Subaru\",\"description\":\"Descubre este apasionante espacio de Subaru donde vas a conocer todo sobre nuestros coches y las experiencias que vivimos con ellos. Si est\u00e1s preparado para dejarte seducir por la filosof\u00eda Subaru, qu\u00e9date con nosotros.\",\"publisher\":{\"@id\":\"https:\\\/\\\/www.subaru.es\\\/blog\\\/#organization\"},\"potentialAction\":[{\"@type\":\"SearchAction\",\"target\":{\"@type\":\"EntryPoint\",\"urlTemplate\":\"https:\\\/\\\/www.subaru.es\\\/blog\\\/?s={search_term_string}\"},\"query-input\":{\"@type\":\"PropertyValueSpecification\",\"valueRequired\":true,\"valueName\":\"search_term_string\"}}],\"inLanguage\":\"es\"},{\"@type\":\"Organization\",\"@id\":\"https:\\\/\\\/www.subaru.es\\\/blog\\\/#organization\",\"name\":\"Subaru Espa\u00f1a S.A.\",\"url\":\"https:\\\/\\\/www.subaru.es\\\/blog\\\/\",\"logo\":{\"@type\":\"ImageObject\",\"inLanguage\":\"es\",\"@id\":\"https:\\\/\\\/www.subaru.es\\\/blog\\\/#\\\/schema\\\/logo\\\/image\\\/\",\"url\":\"https:\\\/\\\/www.subaru.es\\\/blog\\\/wp-content\\\/uploads\\\/2016\\\/12\\\/Logo-Subaru-TypeV_C300-scaled.jpg\",\"contentUrl\":\"https:\\\/\\\/www.subaru.es\\\/blog\\\/wp-content\\\/uploads\\\/2016\\\/12\\\/Logo-Subaru-TypeV_C300-scaled.jpg\",\"width\":2560,\"height\":1864,\"caption\":\"Subaru Espa\u00f1a S.A.\"},\"image\":{\"@id\":\"https:\\\/\\\/www.subaru.es\\\/blog\\\/#\\\/schema\\\/logo\\\/image\\\/\"},\"sameAs\":[\"https:\\\/\\\/www.facebook.com\\\/subaruespana\",\"https:\\\/\\\/www.instagram.com\\\/subarues\\\/\",\"https:\\\/\\\/www.youtube.com\\\/user\\\/subaruespana\"]},{\"@type\":\"Person\",\"@id\":\"https:\\\/\\\/www.subaru.es\\\/blog\\\/#\\\/schema\\\/person\\\/19a90b892230b8e0ec752704ddf4aa10\",\"name\":\"Subaru\",\"url\":\"https:\\\/\\\/www.subaru.es\\\/blog\\\/author\\\/subaria\\\/\"}]}<\/script>\n<!-- \/ Yoast SEO plugin. -->","yoast_head_json":{"title":"Subaru s\u00ed est\u00e1 en el WRC - Universo Subaru","robots":{"index":"index","follow":"follow","max-snippet":"max-snippet:-1","max-image-preview":"max-image-preview:large","max-video-preview":"max-video-preview:-1"},"canonical":"https:\/\/www.subaru.es\/blog\/nuestra-marca\/subaru-si-esta-en-el-wrc\/","og_locale":"es_ES","og_type":"article","og_title":"Subaru s\u00ed est\u00e1 en el WRC - Universo Subaru","og_description":"S\u00ed, como lo leen, aunque oficialmente la firma nipona se haya retirado de la competici\u00f3n, los pilotos Stephen Murphy, Tim McNulty, Eamonn Boland y el gal\u00e9s Gareth Jones han participado en el Rally de Irlanda a los mandos de sendos Subarus Impreza. Es m\u00e1s, el piloto local Eamonn Boland ha finalizado noveno con un Subaru [&hellip;]","og_url":"https:\/\/www.subaru.es\/blog\/nuestra-marca\/subaru-si-esta-en-el-wrc\/","og_site_name":"Universo Subaru","article_publisher":"https:\/\/www.facebook.com\/subaruespana","article_published_time":"2009-04-29T11:18:24+00:00","article_modified_time":"2020-08-06T09:41:47+00:00","og_image":[{"width":294,"height":289,"url":"https:\/\/www.subaru.es\/blog\/wp-content\/uploads\/2009\/02\/eamonn-boland.jpg","type":"image\/jpeg"}],"author":"Subaru","twitter_card":"summary_large_image","twitter_misc":{"Escrito por":"Subaru","Tiempo de lectura":"1 minuto"},"schema":{"@context":"https:\/\/schema.org","@graph":[{"@type":"Article","@id":"https:\/\/www.subaru.es\/blog\/nuestra-marca\/subaru-si-esta-en-el-wrc\/#article","isPartOf":{"@id":"https:\/\/www.subaru.es\/blog\/nuestra-marca\/subaru-si-esta-en-el-wrc\/"},"author":{"name":"Subaru","@id":"https:\/\/www.subaru.es\/blog\/#\/schema\/person\/19a90b892230b8e0ec752704ddf4aa10"},"headline":"Subaru s\u00ed est\u00e1 en el WRC","datePublished":"2009-04-29T11:18:24+00:00","dateModified":"2020-08-06T09:41:47+00:00","mainEntityOfPage":{"@id":"https:\/\/www.subaru.es\/blog\/nuestra-marca\/subaru-si-esta-en-el-wrc\/"},"wordCount":124,"commentCount":0,"publisher":{"@id":"https:\/\/www.subaru.es\/blog\/#organization"},"image":{"@id":"https:\/\/www.subaru.es\/blog\/nuestra-marca\/subaru-si-esta-en-el-wrc\/#primaryimage"},"thumbnailUrl":"https:\/\/www.subaru.es\/blog\/wp-content\/uploads\/2009\/02\/eamonn-boland.jpg","keywords":["Eamonn Boland","Gareth Jones","impreza","irlanda","privado","rallie","rally","Stephen Murphy","Subaru","Tim McNulty"],"articleSection":["Nuestra marca"],"inLanguage":"es","potentialAction":[{"@type":"CommentAction","name":"Comment","target":["https:\/\/www.subaru.es\/blog\/nuestra-marca\/subaru-si-esta-en-el-wrc\/#respond"]}]},{"@type":"WebPage","@id":"https:\/\/www.subaru.es\/blog\/nuestra-marca\/subaru-si-esta-en-el-wrc\/","url":"https:\/\/www.subaru.es\/blog\/nuestra-marca\/subaru-si-esta-en-el-wrc\/","name":"Subaru s\u00ed est\u00e1 en el WRC - Universo Subaru","isPartOf":{"@id":"https:\/\/www.subaru.es\/blog\/#website"},"primaryImageOfPage":{"@id":"https:\/\/www.subaru.es\/blog\/nuestra-marca\/subaru-si-esta-en-el-wrc\/#primaryimage"},"image":{"@id":"https:\/\/www.subaru.es\/blog\/nuestra-marca\/subaru-si-esta-en-el-wrc\/#primaryimage"},"thumbnailUrl":"https:\/\/www.subaru.es\/blog\/wp-content\/uploads\/2009\/02\/eamonn-boland.jpg","datePublished":"2009-04-29T11:18:24+00:00","dateModified":"2020-08-06T09:41:47+00:00","breadcrumb":{"@id":"https:\/\/www.subaru.es\/blog\/nuestra-marca\/subaru-si-esta-en-el-wrc\/#breadcrumb"},"inLanguage":"es","potentialAction":[{"@type":"ReadAction","target":["https:\/\/www.subaru.es\/blog\/nuestra-marca\/subaru-si-esta-en-el-wrc\/"]}]},{"@type":"ImageObject","inLanguage":"es","@id":"https:\/\/www.subaru.es\/blog\/nuestra-marca\/subaru-si-esta-en-el-wrc\/#primaryimage","url":"https:\/\/www.subaru.es\/blog\/wp-content\/uploads\/2009\/02\/eamonn-boland.jpg","contentUrl":"https:\/\/www.subaru.es\/blog\/wp-content\/uploads\/2009\/02\/eamonn-boland.jpg","width":294,"height":289},{"@type":"BreadcrumbList","@id":"https:\/\/www.subaru.es\/blog\/nuestra-marca\/subaru-si-esta-en-el-wrc\/#breadcrumb","itemListElement":[{"@type":"ListItem","position":1,"name":"Portada","item":"https:\/\/www.subaru.es\/blog\/"},{"@type":"ListItem","position":2,"name":"Subaru s\u00ed est\u00e1 en el WRC"}]},{"@type":"WebSite","@id":"https:\/\/www.subaru.es\/blog\/#website","url":"https:\/\/www.subaru.es\/blog\/","name":"Universo Subaru","description":"Descubre este apasionante espacio de Subaru donde vas a conocer todo sobre nuestros coches y las experiencias que vivimos con ellos. Si est\u00e1s preparado para dejarte seducir por la filosof\u00eda Subaru, qu\u00e9date con nosotros.","publisher":{"@id":"https:\/\/www.subaru.es\/blog\/#organization"},"potentialAction":[{"@type":"SearchAction","target":{"@type":"EntryPoint","urlTemplate":"https:\/\/www.subaru.es\/blog\/?s={search_term_string}"},"query-input":{"@type":"PropertyValueSpecification","valueRequired":true,"valueName":"search_term_string"}}],"inLanguage":"es"},{"@type":"Organization","@id":"https:\/\/www.subaru.es\/blog\/#organization","name":"Subaru Espa\u00f1a S.A.","url":"https:\/\/www.subaru.es\/blog\/","logo":{"@type":"ImageObject","inLanguage":"es","@id":"https:\/\/www.subaru.es\/blog\/#\/schema\/logo\/image\/","url":"https:\/\/www.subaru.es\/blog\/wp-content\/uploads\/2016\/12\/Logo-Subaru-TypeV_C300-scaled.jpg","contentUrl":"https:\/\/www.subaru.es\/blog\/wp-content\/uploads\/2016\/12\/Logo-Subaru-TypeV_C300-scaled.jpg","width":2560,"height":1864,"caption":"Subaru Espa\u00f1a S.A."},"image":{"@id":"https:\/\/www.subaru.es\/blog\/#\/schema\/logo\/image\/"},"sameAs":["https:\/\/www.facebook.com\/subaruespana","https:\/\/www.instagram.com\/subarues\/","https:\/\/www.youtube.com\/user\/subaruespana"]},{"@type":"Person","@id":"https:\/\/www.subaru.es\/blog\/#\/schema\/person\/19a90b892230b8e0ec752704ddf4aa10","name":"Subaru","url":"https:\/\/www.subaru.es\/blog\/author\/subaria\/"}]}},"_links":{"self":[{"href":"https:\/\/www.subaru.es\/blog\/wp-json\/wp\/v2\/posts\/1859","targetHints":{"allow":["GET"]}}],"collection":[{"href":"https:\/\/www.subaru.es\/blog\/wp-json\/wp\/v2\/posts"}],"about":[{"href":"https:\/\/www.subaru.es\/blog\/wp-json\/wp\/v2\/types\/post"}],"author":[{"embeddable":true,"href":"https:\/\/www.subaru.es\/blog\/wp-json\/wp\/v2\/users\/21"}],"replies":[{"embeddable":true,"href":"https:\/\/www.subaru.es\/blog\/wp-json\/wp\/v2\/comments?post=1859"}],"version-history":[{"count":1,"href":"https:\/\/www.subaru.es\/blog\/wp-json\/wp\/v2\/posts\/1859\/revisions"}],"predecessor-version":[{"id":15241,"href":"https:\/\/www.subaru.es\/blog\/wp-json\/wp\/v2\/posts\/1859\/revisions\/15241"}],"wp:featuredmedia":[{"embeddable":true,"href":"https:\/\/www.subaru.es\/blog\/wp-json\/wp\/v2\/media\/1860"}],"wp:attachment":[{"href":"https:\/\/www.subaru.es\/blog\/wp-json\/wp\/v2\/media?parent=1859"}],"wp:term":[{"taxonomy":"category","embeddable":true,"href":"https:\/\/www.subaru.es\/blog\/wp-json\/wp\/v2\/categories?post=1859"},{"taxonomy":"post_tag","embeddable":true,"href":"https:\/\/www.subaru.es\/blog\/wp-json\/wp\/v2\/tags?post=1859"}],"curies":[{"name":"wp","href":"https:\/\/api.w.org\/{rel}","templated":true}]}}