{"id":18554,"date":"2018-02-07T17:56:14","date_gmt":"2018-02-07T15:56:14","guid":{"rendered":"http:\/\/www.subaru.es\/blog\/?p=18554"},"modified":"2018-06-12T10:51:09","modified_gmt":"2018-06-12T08:51:09","slug":"subaru-forester-seguridad","status":"publish","type":"post","link":"https:\/\/www.subaru.es\/blog\/nuestra-marca\/subaru-forester-seguridad\/","title":{"rendered":"El nuevo Subaru Forester, l\u00edder en seguridad"},"content":{"rendered":"<p>M\u00e1s <a href=\"https:\/\/www.subaru.es\/seguridad\" target=\"_blank\" rel=\"noopener\">seguro<\/a>, m\u00e1s equipamiento, m\u00e1s Subaru que nunca. El <strong>nuevo Forester<\/strong>\u00a0ya est\u00e1 en Espa\u00f1a. El SUV 4WD trae consigo destacadas novedades destinadas a mejorar la experiencia de conducci\u00f3n y a ofrecer mayor seguridad dentro y fuera del asfalto.<\/p>\n<p><a href=\"https:\/\/www.subaru.es\/blog\/nuestra-marca\/nuevo-subaru-xv-euroncap-2017\/\" target=\"_blank\" rel=\"noopener\">L\u00edder en seguridad integral<\/a>, -y al igual que ya sucede con el <a href=\"https:\/\/www.subaru.es\/vehiculos\/xv\" target=\"_blank\" rel=\"noopener\">Subaru XV<\/a>, <a href=\"https:\/\/www.subaru.es\/vehiculos\/levorg\" target=\"_blank\" rel=\"noopener\">Subaru Levorg<\/a> y <a href=\"https:\/\/www.subaru.es\/vehiculos\/outback\" target=\"_blank\" rel=\"noopener\">Subaru Outback<\/a>-, en el <strong>Subaru Forester<\/strong>\u00a0incorporamos de serie la tercera generaci\u00f3n del sistema de seguridad\u00a0<a href=\"https:\/\/www.subaru.es\/tecnologia\" target=\"_blank\" rel=\"noopener\"><strong>Subaru EyeSight <\/strong><\/a>en todos sus versiones con motor de gasolina.<\/p>\n<p>Nuestro sistema de seguridad\u00a0<a href=\"https:\/\/www.subaru.es\/blog\/nuestra-marca\/ventas-coches-subaru-con-eyesight-suman-un-millon\/\" target=\"_blank\" rel=\"noopener\">EyeSight<\/a> monitoriza los datos de conducci\u00f3n del veh\u00edculo, advirtiendo al conductor en caso de que se detecte un peligro inminente. A trav\u00e9s de c\u00e1maras estereosc\u00f3picas ubicadas a los lados del espejo retrovisor interior, el Forester reconoce los objetos que hay en la carretera y eval\u00faa los riesgos potenciales asociados a cada uno de ellos.<\/p>\n<p><img decoding=\"async\" width=\"560\" height=\"373\" class=\"aligncenter size-medium wp-image-18558 lazyload\" data-src=\"https:\/\/www.subaru.es\/blog\/wp-content\/uploads\/2018\/02\/Subaru-Forester-2018-EyeSight-2-560x373.jpg\" alt=\"\" data-srcset=\"https:\/\/www.subaru.es\/blog\/wp-content\/uploads\/2018\/02\/Subaru-Forester-2018-EyeSight-2-560x373.jpg 560w, https:\/\/www.subaru.es\/blog\/wp-content\/uploads\/2018\/02\/Subaru-Forester-2018-EyeSight-2-1440x960.jpg 1440w, https:\/\/www.subaru.es\/blog\/wp-content\/uploads\/2018\/02\/Subaru-Forester-2018-EyeSight-2-768x512.jpg 768w, https:\/\/www.subaru.es\/blog\/wp-content\/uploads\/2018\/02\/Subaru-Forester-2018-EyeSight-2-1536x1024.jpg 1536w, https:\/\/www.subaru.es\/blog\/wp-content\/uploads\/2018\/02\/Subaru-Forester-2018-EyeSight-2-2048x1365.jpg 2048w\" data-sizes=\"(max-width: 560px) 100vw, 560px\" src=\"data:image\/svg+xml;base64,PHN2ZyB3aWR0aD0iMSIgaGVpZ2h0PSIxIiB4bWxucz0iaHR0cDovL3d3dy53My5vcmcvMjAwMC9zdmciPjwvc3ZnPg==\" style=\"--smush-placeholder-width: 560px; --smush-placeholder-aspect-ratio: 560\/373;\" \/><\/p>\n<p><strong>Si el sistema advierte un potencial riesgo de sufrir un accidente, entra en acci\u00f3n<\/strong>. Primero, con una alerta visual. A continuaci\u00f3n, ofrece un aviso sonoro y, finalmente, act\u00faa en caso de que el conductor no reaccione ante los avisos. Para ello, el sistema de seguridad\u00a0<a href=\"https:\/\/www.subaru.es\/tecnologia\" target=\"_blank\" rel=\"noopener\"><strong>Subaru EyeSight<\/strong> <\/a>incorpora 8 funciones de asistencia a la conducci\u00f3n: frenada pre-colisi\u00f3n, asistencia a la frenada pre-colisi\u00f3n, control de crucero adaptativo, aviso de salida del carril, asistente para la permanencia en el carril, control del acelerador, aviso de derrapado, y aviso de salida de coche delantero. Todas ellas se manejan c\u00f3modamente desde los mandos ubicados a la derecha del volante multifunci\u00f3n que tambi\u00e9n hemos redise\u00f1ado en esta \u00faltima versi\u00f3n.<\/p>\n<p><img decoding=\"async\" width=\"560\" height=\"358\" class=\"aligncenter size-medium wp-image-18557 lazyload\" data-src=\"https:\/\/www.subaru.es\/blog\/wp-content\/uploads\/2018\/02\/Subaru-Forester-2018-6-560x358.jpg\" alt=\"\" data-srcset=\"https:\/\/www.subaru.es\/blog\/wp-content\/uploads\/2018\/02\/Subaru-Forester-2018-6-560x358.jpg 560w, https:\/\/www.subaru.es\/blog\/wp-content\/uploads\/2018\/02\/Subaru-Forester-2018-6-1440x921.jpg 1440w, https:\/\/www.subaru.es\/blog\/wp-content\/uploads\/2018\/02\/Subaru-Forester-2018-6-768x491.jpg 768w, https:\/\/www.subaru.es\/blog\/wp-content\/uploads\/2018\/02\/Subaru-Forester-2018-6-1536x983.jpg 1536w, https:\/\/www.subaru.es\/blog\/wp-content\/uploads\/2018\/02\/Subaru-Forester-2018-6-2048x1310.jpg 2048w\" data-sizes=\"(max-width: 560px) 100vw, 560px\" src=\"data:image\/svg+xml;base64,PHN2ZyB3aWR0aD0iMSIgaGVpZ2h0PSIxIiB4bWxucz0iaHR0cDovL3d3dy53My5vcmcvMjAwMC9zdmciPjwvc3ZnPg==\" style=\"--smush-placeholder-width: 560px; --smush-placeholder-aspect-ratio: 560\/358;\" \/><\/p>\n<p><strong>M\u00c1S EQUIPAMIENTO<\/strong><\/p>\n<p>Para las versiones Executive y Executive Plus, sea cual sea su motorizaci\u00f3n,\u00a0<a href=\"https:\/\/www.subaru.com\/es\/vehicles\/forester\/index.html\" target=\"_blank\" rel=\"noopener\">Subaru Forester<\/a>\u00a0incluye <strong>dos nuevos sistemas de seguridad<\/strong>.<\/p>\n<p>&#8211;<strong>Subaru Rear Vehicle Dectection:<\/strong> A trav\u00e9s de sensores de radar, colocados en la parte trasera del Forester, el sistema avisa de la presencia de veh\u00edculos en los puntos ciegos traseros y cambios de carril. Adem\u00e1s, una luz de aviso en los espejos retrovisores exteriores y un indicador gu\u00edan al conductor al maniobrar marcha atr\u00e1s.<\/p>\n<p>&#8211;<strong>Side View Monitor<\/strong>: Para aumentar la visibilidad y la seguridad en las maniobras de baja velocidad, este sistema muestra el \u00e1ngulo muerto lateral. A trav\u00e9s de una c\u00e1mara situada en la parte inferior del espejo retrovisor del lado del acompa\u00f1ante muestra, en la pantalla central, aquello que el conductor no puede ver al maniobrar.<\/p>\n<p>Otros elementos de seguridad son los faros con tecnolog\u00eda led con la <strong>funci\u00f3n SRH &#8211; Steering Responsive Headlights<\/strong>, que dirigen el haz de luz delantero adapt\u00e1ndolo al giro del coche para mejorar la visibilidad en las curvas, as\u00ed como nuevos limpiaparabrisas delanteros con difusor de agua en el brazo que mejora la limpieza en la zona de las c\u00e1maras del reci\u00e9n incorporado sistema de seguridad\u00a0<strong>EyeSight<\/strong>.<\/p>\n<p><img decoding=\"async\" width=\"560\" height=\"373\" class=\"aligncenter size-medium wp-image-18571 lazyload\" data-src=\"https:\/\/www.subaru.es\/blog\/wp-content\/uploads\/2018\/02\/Subaru-Forester-2018-18-560x373.jpg\" alt=\"\" data-srcset=\"https:\/\/www.subaru.es\/blog\/wp-content\/uploads\/2018\/02\/Subaru-Forester-2018-18-560x373.jpg 560w, https:\/\/www.subaru.es\/blog\/wp-content\/uploads\/2018\/02\/Subaru-Forester-2018-18-1440x960.jpg 1440w, https:\/\/www.subaru.es\/blog\/wp-content\/uploads\/2018\/02\/Subaru-Forester-2018-18-768x512.jpg 768w, https:\/\/www.subaru.es\/blog\/wp-content\/uploads\/2018\/02\/Subaru-Forester-2018-18-1536x1024.jpg 1536w, https:\/\/www.subaru.es\/blog\/wp-content\/uploads\/2018\/02\/Subaru-Forester-2018-18-2048x1365.jpg 2048w\" data-sizes=\"(max-width: 560px) 100vw, 560px\" src=\"data:image\/svg+xml;base64,PHN2ZyB3aWR0aD0iMSIgaGVpZ2h0PSIxIiB4bWxucz0iaHR0cDovL3d3dy53My5vcmcvMjAwMC9zdmciPjwvc3ZnPg==\" style=\"--smush-placeholder-width: 560px; --smush-placeholder-aspect-ratio: 560\/373;\" \/><\/p>\n<p><strong>VIVENCIAS OFFROAD<\/strong><\/p>\n<p>En cuanto a sus condiciones OffRoad, <strong>Subaru Forester<\/strong>\u00a0sigue siendo un fuera de serie lejos del asfalto, ofreciendo de serie 22 cent\u00edmetros de altura libre al suelo. Por su parte, el <a href=\"https:\/\/www.subaru.es\/blog\/nuestra-marca\/subaru-lab-x-mode-para-ir-comodamente-por-cualquier-terreno\/\" target=\"_blank\" rel=\"noopener\"><strong>sistema Xmode <\/strong><\/a>asegura la mejor adherencia con un c\u00f3modo asistente de ascenso y descenso de pendientes, y optimiza su tracci\u00f3n a las 4 ruedas permanente actuando sobre la misma, el cambio, el motor y los frenos.<\/p>\n<p><img decoding=\"async\" width=\"560\" height=\"373\" class=\"aligncenter size-medium wp-image-18570 lazyload\" data-src=\"https:\/\/www.subaru.es\/blog\/wp-content\/uploads\/2018\/02\/Subaru-Forester-2018-12-560x373.jpg\" alt=\"\" data-srcset=\"https:\/\/www.subaru.es\/blog\/wp-content\/uploads\/2018\/02\/Subaru-Forester-2018-12-560x373.jpg 560w, https:\/\/www.subaru.es\/blog\/wp-content\/uploads\/2018\/02\/Subaru-Forester-2018-12-1440x960.jpg 1440w, https:\/\/www.subaru.es\/blog\/wp-content\/uploads\/2018\/02\/Subaru-Forester-2018-12-768x512.jpg 768w, https:\/\/www.subaru.es\/blog\/wp-content\/uploads\/2018\/02\/Subaru-Forester-2018-12-1536x1024.jpg 1536w, https:\/\/www.subaru.es\/blog\/wp-content\/uploads\/2018\/02\/Subaru-Forester-2018-12-2048x1365.jpg 2048w\" data-sizes=\"(max-width: 560px) 100vw, 560px\" src=\"data:image\/svg+xml;base64,PHN2ZyB3aWR0aD0iMSIgaGVpZ2h0PSIxIiB4bWxucz0iaHR0cDovL3d3dy53My5vcmcvMjAwMC9zdmciPjwvc3ZnPg==\" style=\"--smush-placeholder-width: 560px; --smush-placeholder-aspect-ratio: 560\/373;\" \/><\/p>\n<p>Respecto al interior, se mantienen los materiales y su confortabilidad con la calidad, durabilidad y funcionalidad que siempre han caracterizado a nuestro SUV mediano, y se pone al d\u00eda con diversas actualizaciones. Entre ellas, gr\u00e1ficos mejorados en la pantalla superior LCD a color y una actualizaci\u00f3n en el sistema de audio al que hemos a\u00f1adido la radio digital DAB+.<\/p>\n<p>Por \u00faltimo, el nuevo Forester incluye nuestra aplicaci\u00f3n <a href=\"https:\/\/www.subaru.es\/tecnologia\" target=\"_blank\" rel=\"noopener\"><strong>Subaru Starlink<\/strong><\/a>, un sistema de informaci\u00f3n y entretenimiento que te permite estar conectado cuando est\u00e1s en la carretera con <strong>Bluetooth*3<\/strong>, reconocimiento por voz <strong>Siri Eyes Free*1.<\/strong><\/p>\n<p>Adem\u00e1s de las novedades incorporadas al modelo 2018, Subaru Forester mantiene las se\u00f1as de identidad que le han convertido en un referente a nivel mundial y lo han posicionado, durante el a\u00f1o 2017, como el segundo modelo m\u00e1s vendido de nuestra marca, tras el <a href=\"https:\/\/www.subaru.es\/vehiculos\/xv\" target=\"_blank\" rel=\"noopener\">Subaru XV<\/a>. Tracci\u00f3n a las 4 ruedas permanente Symmetrical-AWD, motor b\u00f3xer de bajo centro de gravedad y cambio autom\u00e1tico Lineartronic.<\/p>\n<p>Si a\u00fan tienes dudas, es el momento de que lo pruebes en directo. Ya puedes solicitar <a href=\"https:\/\/www.subaru.es\/servicios\/testdrive\" target=\"_blank\" rel=\"noopener\">aqu\u00ed tu Test Drive<\/a>. Vive la experiencia Subaru.<\/p>\n","protected":false},"excerpt":{"rendered":"<p>M\u00e1s seguro, m\u00e1s equipamiento, m\u00e1s Subaru que nunca. El nuevo Forester\u00a0ya est\u00e1 en Espa\u00f1a. El SUV 4WD trae consigo destacadas novedades destinadas a mejorar la experiencia de conducci\u00f3n y a ofrecer mayor seguridad dentro y fuera del asfalto. L\u00edder en seguridad integral, -y al igual que ya sucede con el Subaru XV, Subaru Levorg y [&hellip;]<\/p>\n","protected":false},"author":21,"featured_media":18568,"comment_status":"open","ping_status":"closed","sticky":false,"template":"","format":"standard","meta":{"_acf_changed":false,"_eb_attr":"","inline_featured_image":false,"footnotes":""},"categories":[4401],"tags":[4394,4539,4540,4537,4538,4521,4541,4542],"class_list":["post-18554","post","type-post","status-publish","format-standard","has-post-thumbnail","hentry","category-nuestra-marca","tag-eyesight","tag-side-view-monitor","tag-sistema-xmode","tag-subaru-forester-2018","tag-subaru-rear-vehicle-detection","tag-subaru-seguridad","tag-subaru-starlink","tag-subaru-test-drive"],"acf":[],"yoast_head":"<!-- This site is optimized with the Yoast SEO plugin v27.3 - https:\/\/yoast.com\/product\/yoast-seo-wordpress\/ -->\n<title>El nuevo Subaru Forester, l\u00edder en seguridad - Universo Subaru<\/title>\n<meta name=\"robots\" content=\"index, follow, max-snippet:-1, max-image-preview:large, max-video-preview:-1\" \/>\n<link rel=\"canonical\" href=\"https:\/\/www.subaru.es\/blog\/nuestra-marca\/subaru-forester-seguridad\/\" \/>\n<meta property=\"og:locale\" content=\"es_ES\" \/>\n<meta property=\"og:type\" content=\"article\" \/>\n<meta property=\"og:title\" content=\"El nuevo Subaru Forester, l\u00edder en seguridad - Universo Subaru\" \/>\n<meta property=\"og:description\" content=\"M\u00e1s seguro, m\u00e1s equipamiento, m\u00e1s Subaru que nunca. El nuevo Forester\u00a0ya est\u00e1 en Espa\u00f1a. El SUV 4WD trae consigo destacadas novedades destinadas a mejorar la experiencia de conducci\u00f3n y a ofrecer mayor seguridad dentro y fuera del asfalto. L\u00edder en seguridad integral, -y al igual que ya sucede con el Subaru XV, Subaru Levorg y [&hellip;]\" \/>\n<meta property=\"og:url\" content=\"https:\/\/www.subaru.es\/blog\/nuestra-marca\/subaru-forester-seguridad\/\" \/>\n<meta property=\"og:site_name\" content=\"Universo Subaru\" \/>\n<meta property=\"article:publisher\" content=\"https:\/\/www.facebook.com\/subaruespana\" \/>\n<meta property=\"article:published_time\" content=\"2018-02-07T15:56:14+00:00\" \/>\n<meta property=\"article:modified_time\" content=\"2018-06-12T08:51:09+00:00\" \/>\n<meta property=\"og:image\" content=\"https:\/\/www.subaru.es\/blog\/wp-content\/uploads\/2018\/02\/Subaru-Forester-2018-14-1-e1518023800788-1440x629.jpg\" \/>\n\t<meta property=\"og:image:width\" content=\"1440\" \/>\n\t<meta property=\"og:image:height\" content=\"629\" \/>\n\t<meta property=\"og:image:type\" content=\"image\/jpeg\" \/>\n<meta name=\"author\" content=\"Subaru\" \/>\n<meta name=\"twitter:card\" content=\"summary_large_image\" \/>\n<meta name=\"twitter:label1\" content=\"Escrito por\" \/>\n\t<meta name=\"twitter:data1\" content=\"Subaru\" \/>\n\t<meta name=\"twitter:label2\" content=\"Tiempo de lectura\" \/>\n\t<meta name=\"twitter:data2\" content=\"4 minutos\" \/>\n<script type=\"application\/ld+json\" class=\"yoast-schema-graph\">{\"@context\":\"https:\\\/\\\/schema.org\",\"@graph\":[{\"@type\":\"Article\",\"@id\":\"https:\\\/\\\/www.subaru.es\\\/blog\\\/nuestra-marca\\\/subaru-forester-seguridad\\\/#article\",\"isPartOf\":{\"@id\":\"https:\\\/\\\/www.subaru.es\\\/blog\\\/nuestra-marca\\\/subaru-forester-seguridad\\\/\"},\"author\":{\"name\":\"Subaru\",\"@id\":\"https:\\\/\\\/www.subaru.es\\\/blog\\\/#\\\/schema\\\/person\\\/19a90b892230b8e0ec752704ddf4aa10\"},\"headline\":\"El nuevo Subaru Forester, l\u00edder en seguridad\",\"datePublished\":\"2018-02-07T15:56:14+00:00\",\"dateModified\":\"2018-06-12T08:51:09+00:00\",\"mainEntityOfPage\":{\"@id\":\"https:\\\/\\\/www.subaru.es\\\/blog\\\/nuestra-marca\\\/subaru-forester-seguridad\\\/\"},\"wordCount\":759,\"commentCount\":10,\"publisher\":{\"@id\":\"https:\\\/\\\/www.subaru.es\\\/blog\\\/#organization\"},\"image\":{\"@id\":\"https:\\\/\\\/www.subaru.es\\\/blog\\\/nuestra-marca\\\/subaru-forester-seguridad\\\/#primaryimage\"},\"thumbnailUrl\":\"https:\\\/\\\/www.subaru.es\\\/blog\\\/wp-content\\\/uploads\\\/2018\\\/02\\\/Subaru-Forester-2018-14-1-e1518023800788-scaled.jpg\",\"keywords\":[\"EyeSight\",\"side view monitor\",\"sistema xmode\",\"subaru forester 2018\",\"subaru rear vehicle detection\",\"Subaru seguridad\",\"subaru starlink\",\"subaru test drive\"],\"articleSection\":[\"Nuestra marca\"],\"inLanguage\":\"es\",\"potentialAction\":[{\"@type\":\"CommentAction\",\"name\":\"Comment\",\"target\":[\"https:\\\/\\\/www.subaru.es\\\/blog\\\/nuestra-marca\\\/subaru-forester-seguridad\\\/#respond\"]}]},{\"@type\":\"WebPage\",\"@id\":\"https:\\\/\\\/www.subaru.es\\\/blog\\\/nuestra-marca\\\/subaru-forester-seguridad\\\/\",\"url\":\"https:\\\/\\\/www.subaru.es\\\/blog\\\/nuestra-marca\\\/subaru-forester-seguridad\\\/\",\"name\":\"El nuevo Subaru Forester, l\u00edder en seguridad - Universo Subaru\",\"isPartOf\":{\"@id\":\"https:\\\/\\\/www.subaru.es\\\/blog\\\/#website\"},\"primaryImageOfPage\":{\"@id\":\"https:\\\/\\\/www.subaru.es\\\/blog\\\/nuestra-marca\\\/subaru-forester-seguridad\\\/#primaryimage\"},\"image\":{\"@id\":\"https:\\\/\\\/www.subaru.es\\\/blog\\\/nuestra-marca\\\/subaru-forester-seguridad\\\/#primaryimage\"},\"thumbnailUrl\":\"https:\\\/\\\/www.subaru.es\\\/blog\\\/wp-content\\\/uploads\\\/2018\\\/02\\\/Subaru-Forester-2018-14-1-e1518023800788-scaled.jpg\",\"datePublished\":\"2018-02-07T15:56:14+00:00\",\"dateModified\":\"2018-06-12T08:51:09+00:00\",\"breadcrumb\":{\"@id\":\"https:\\\/\\\/www.subaru.es\\\/blog\\\/nuestra-marca\\\/subaru-forester-seguridad\\\/#breadcrumb\"},\"inLanguage\":\"es\",\"potentialAction\":[{\"@type\":\"ReadAction\",\"target\":[\"https:\\\/\\\/www.subaru.es\\\/blog\\\/nuestra-marca\\\/subaru-forester-seguridad\\\/\"]}]},{\"@type\":\"ImageObject\",\"inLanguage\":\"es\",\"@id\":\"https:\\\/\\\/www.subaru.es\\\/blog\\\/nuestra-marca\\\/subaru-forester-seguridad\\\/#primaryimage\",\"url\":\"https:\\\/\\\/www.subaru.es\\\/blog\\\/wp-content\\\/uploads\\\/2018\\\/02\\\/Subaru-Forester-2018-14-1-e1518023800788-scaled.jpg\",\"contentUrl\":\"https:\\\/\\\/www.subaru.es\\\/blog\\\/wp-content\\\/uploads\\\/2018\\\/02\\\/Subaru-Forester-2018-14-1-e1518023800788-scaled.jpg\",\"width\":2560,\"height\":1118},{\"@type\":\"BreadcrumbList\",\"@id\":\"https:\\\/\\\/www.subaru.es\\\/blog\\\/nuestra-marca\\\/subaru-forester-seguridad\\\/#breadcrumb\",\"itemListElement\":[{\"@type\":\"ListItem\",\"position\":1,\"name\":\"Portada\",\"item\":\"https:\\\/\\\/www.subaru.es\\\/blog\\\/\"},{\"@type\":\"ListItem\",\"position\":2,\"name\":\"El nuevo Subaru Forester, l\u00edder en seguridad\"}]},{\"@type\":\"WebSite\",\"@id\":\"https:\\\/\\\/www.subaru.es\\\/blog\\\/#website\",\"url\":\"https:\\\/\\\/www.subaru.es\\\/blog\\\/\",\"name\":\"Universo Subaru\",\"description\":\"Descubre este apasionante espacio de Subaru donde vas a conocer todo sobre nuestros coches y las experiencias que vivimos con ellos. Si est\u00e1s preparado para dejarte seducir por la filosof\u00eda Subaru, qu\u00e9date con nosotros.\",\"publisher\":{\"@id\":\"https:\\\/\\\/www.subaru.es\\\/blog\\\/#organization\"},\"potentialAction\":[{\"@type\":\"SearchAction\",\"target\":{\"@type\":\"EntryPoint\",\"urlTemplate\":\"https:\\\/\\\/www.subaru.es\\\/blog\\\/?s={search_term_string}\"},\"query-input\":{\"@type\":\"PropertyValueSpecification\",\"valueRequired\":true,\"valueName\":\"search_term_string\"}}],\"inLanguage\":\"es\"},{\"@type\":\"Organization\",\"@id\":\"https:\\\/\\\/www.subaru.es\\\/blog\\\/#organization\",\"name\":\"Subaru Espa\u00f1a S.A.\",\"url\":\"https:\\\/\\\/www.subaru.es\\\/blog\\\/\",\"logo\":{\"@type\":\"ImageObject\",\"inLanguage\":\"es\",\"@id\":\"https:\\\/\\\/www.subaru.es\\\/blog\\\/#\\\/schema\\\/logo\\\/image\\\/\",\"url\":\"https:\\\/\\\/www.subaru.es\\\/blog\\\/wp-content\\\/uploads\\\/2016\\\/12\\\/Logo-Subaru-TypeV_C300-scaled.jpg\",\"contentUrl\":\"https:\\\/\\\/www.subaru.es\\\/blog\\\/wp-content\\\/uploads\\\/2016\\\/12\\\/Logo-Subaru-TypeV_C300-scaled.jpg\",\"width\":2560,\"height\":1864,\"caption\":\"Subaru Espa\u00f1a S.A.\"},\"image\":{\"@id\":\"https:\\\/\\\/www.subaru.es\\\/blog\\\/#\\\/schema\\\/logo\\\/image\\\/\"},\"sameAs\":[\"https:\\\/\\\/www.facebook.com\\\/subaruespana\",\"https:\\\/\\\/www.instagram.com\\\/subarues\\\/\",\"https:\\\/\\\/www.youtube.com\\\/user\\\/subaruespana\"]},{\"@type\":\"Person\",\"@id\":\"https:\\\/\\\/www.subaru.es\\\/blog\\\/#\\\/schema\\\/person\\\/19a90b892230b8e0ec752704ddf4aa10\",\"name\":\"Subaru\",\"url\":\"https:\\\/\\\/www.subaru.es\\\/blog\\\/author\\\/subaria\\\/\"}]}<\/script>\n<!-- \/ Yoast SEO plugin. -->","yoast_head_json":{"title":"El nuevo Subaru Forester, l\u00edder en seguridad - Universo Subaru","robots":{"index":"index","follow":"follow","max-snippet":"max-snippet:-1","max-image-preview":"max-image-preview:large","max-video-preview":"max-video-preview:-1"},"canonical":"https:\/\/www.subaru.es\/blog\/nuestra-marca\/subaru-forester-seguridad\/","og_locale":"es_ES","og_type":"article","og_title":"El nuevo Subaru Forester, l\u00edder en seguridad - Universo Subaru","og_description":"M\u00e1s seguro, m\u00e1s equipamiento, m\u00e1s Subaru que nunca. El nuevo Forester\u00a0ya est\u00e1 en Espa\u00f1a. El SUV 4WD trae consigo destacadas novedades destinadas a mejorar la experiencia de conducci\u00f3n y a ofrecer mayor seguridad dentro y fuera del asfalto. L\u00edder en seguridad integral, -y al igual que ya sucede con el Subaru XV, Subaru Levorg y [&hellip;]","og_url":"https:\/\/www.subaru.es\/blog\/nuestra-marca\/subaru-forester-seguridad\/","og_site_name":"Universo Subaru","article_publisher":"https:\/\/www.facebook.com\/subaruespana","article_published_time":"2018-02-07T15:56:14+00:00","article_modified_time":"2018-06-12T08:51:09+00:00","og_image":[{"width":1440,"height":629,"url":"https:\/\/www.subaru.es\/blog\/wp-content\/uploads\/2018\/02\/Subaru-Forester-2018-14-1-e1518023800788-1440x629.jpg","type":"image\/jpeg"}],"author":"Subaru","twitter_card":"summary_large_image","twitter_misc":{"Escrito por":"Subaru","Tiempo de lectura":"4 minutos"},"schema":{"@context":"https:\/\/schema.org","@graph":[{"@type":"Article","@id":"https:\/\/www.subaru.es\/blog\/nuestra-marca\/subaru-forester-seguridad\/#article","isPartOf":{"@id":"https:\/\/www.subaru.es\/blog\/nuestra-marca\/subaru-forester-seguridad\/"},"author":{"name":"Subaru","@id":"https:\/\/www.subaru.es\/blog\/#\/schema\/person\/19a90b892230b8e0ec752704ddf4aa10"},"headline":"El nuevo Subaru Forester, l\u00edder en seguridad","datePublished":"2018-02-07T15:56:14+00:00","dateModified":"2018-06-12T08:51:09+00:00","mainEntityOfPage":{"@id":"https:\/\/www.subaru.es\/blog\/nuestra-marca\/subaru-forester-seguridad\/"},"wordCount":759,"commentCount":10,"publisher":{"@id":"https:\/\/www.subaru.es\/blog\/#organization"},"image":{"@id":"https:\/\/www.subaru.es\/blog\/nuestra-marca\/subaru-forester-seguridad\/#primaryimage"},"thumbnailUrl":"https:\/\/www.subaru.es\/blog\/wp-content\/uploads\/2018\/02\/Subaru-Forester-2018-14-1-e1518023800788-scaled.jpg","keywords":["EyeSight","side view monitor","sistema xmode","subaru forester 2018","subaru rear vehicle detection","Subaru seguridad","subaru starlink","subaru test drive"],"articleSection":["Nuestra marca"],"inLanguage":"es","potentialAction":[{"@type":"CommentAction","name":"Comment","target":["https:\/\/www.subaru.es\/blog\/nuestra-marca\/subaru-forester-seguridad\/#respond"]}]},{"@type":"WebPage","@id":"https:\/\/www.subaru.es\/blog\/nuestra-marca\/subaru-forester-seguridad\/","url":"https:\/\/www.subaru.es\/blog\/nuestra-marca\/subaru-forester-seguridad\/","name":"El nuevo Subaru Forester, l\u00edder en seguridad - Universo Subaru","isPartOf":{"@id":"https:\/\/www.subaru.es\/blog\/#website"},"primaryImageOfPage":{"@id":"https:\/\/www.subaru.es\/blog\/nuestra-marca\/subaru-forester-seguridad\/#primaryimage"},"image":{"@id":"https:\/\/www.subaru.es\/blog\/nuestra-marca\/subaru-forester-seguridad\/#primaryimage"},"thumbnailUrl":"https:\/\/www.subaru.es\/blog\/wp-content\/uploads\/2018\/02\/Subaru-Forester-2018-14-1-e1518023800788-scaled.jpg","datePublished":"2018-02-07T15:56:14+00:00","dateModified":"2018-06-12T08:51:09+00:00","breadcrumb":{"@id":"https:\/\/www.subaru.es\/blog\/nuestra-marca\/subaru-forester-seguridad\/#breadcrumb"},"inLanguage":"es","potentialAction":[{"@type":"ReadAction","target":["https:\/\/www.subaru.es\/blog\/nuestra-marca\/subaru-forester-seguridad\/"]}]},{"@type":"ImageObject","inLanguage":"es","@id":"https:\/\/www.subaru.es\/blog\/nuestra-marca\/subaru-forester-seguridad\/#primaryimage","url":"https:\/\/www.subaru.es\/blog\/wp-content\/uploads\/2018\/02\/Subaru-Forester-2018-14-1-e1518023800788-scaled.jpg","contentUrl":"https:\/\/www.subaru.es\/blog\/wp-content\/uploads\/2018\/02\/Subaru-Forester-2018-14-1-e1518023800788-scaled.jpg","width":2560,"height":1118},{"@type":"BreadcrumbList","@id":"https:\/\/www.subaru.es\/blog\/nuestra-marca\/subaru-forester-seguridad\/#breadcrumb","itemListElement":[{"@type":"ListItem","position":1,"name":"Portada","item":"https:\/\/www.subaru.es\/blog\/"},{"@type":"ListItem","position":2,"name":"El nuevo Subaru Forester, l\u00edder en seguridad"}]},{"@type":"WebSite","@id":"https:\/\/www.subaru.es\/blog\/#website","url":"https:\/\/www.subaru.es\/blog\/","name":"Universo Subaru","description":"Descubre este apasionante espacio de Subaru donde vas a conocer todo sobre nuestros coches y las experiencias que vivimos con ellos. Si est\u00e1s preparado para dejarte seducir por la filosof\u00eda Subaru, qu\u00e9date con nosotros.","publisher":{"@id":"https:\/\/www.subaru.es\/blog\/#organization"},"potentialAction":[{"@type":"SearchAction","target":{"@type":"EntryPoint","urlTemplate":"https:\/\/www.subaru.es\/blog\/?s={search_term_string}"},"query-input":{"@type":"PropertyValueSpecification","valueRequired":true,"valueName":"search_term_string"}}],"inLanguage":"es"},{"@type":"Organization","@id":"https:\/\/www.subaru.es\/blog\/#organization","name":"Subaru Espa\u00f1a S.A.","url":"https:\/\/www.subaru.es\/blog\/","logo":{"@type":"ImageObject","inLanguage":"es","@id":"https:\/\/www.subaru.es\/blog\/#\/schema\/logo\/image\/","url":"https:\/\/www.subaru.es\/blog\/wp-content\/uploads\/2016\/12\/Logo-Subaru-TypeV_C300-scaled.jpg","contentUrl":"https:\/\/www.subaru.es\/blog\/wp-content\/uploads\/2016\/12\/Logo-Subaru-TypeV_C300-scaled.jpg","width":2560,"height":1864,"caption":"Subaru Espa\u00f1a S.A."},"image":{"@id":"https:\/\/www.subaru.es\/blog\/#\/schema\/logo\/image\/"},"sameAs":["https:\/\/www.facebook.com\/subaruespana","https:\/\/www.instagram.com\/subarues\/","https:\/\/www.youtube.com\/user\/subaruespana"]},{"@type":"Person","@id":"https:\/\/www.subaru.es\/blog\/#\/schema\/person\/19a90b892230b8e0ec752704ddf4aa10","name":"Subaru","url":"https:\/\/www.subaru.es\/blog\/author\/subaria\/"}]}},"_links":{"self":[{"href":"https:\/\/www.subaru.es\/blog\/wp-json\/wp\/v2\/posts\/18554","targetHints":{"allow":["GET"]}}],"collection":[{"href":"https:\/\/www.subaru.es\/blog\/wp-json\/wp\/v2\/posts"}],"about":[{"href":"https:\/\/www.subaru.es\/blog\/wp-json\/wp\/v2\/types\/post"}],"author":[{"embeddable":true,"href":"https:\/\/www.subaru.es\/blog\/wp-json\/wp\/v2\/users\/21"}],"replies":[{"embeddable":true,"href":"https:\/\/www.subaru.es\/blog\/wp-json\/wp\/v2\/comments?post=18554"}],"version-history":[{"count":20,"href":"https:\/\/www.subaru.es\/blog\/wp-json\/wp\/v2\/posts\/18554\/revisions"}],"predecessor-version":[{"id":19283,"href":"https:\/\/www.subaru.es\/blog\/wp-json\/wp\/v2\/posts\/18554\/revisions\/19283"}],"wp:featuredmedia":[{"embeddable":true,"href":"https:\/\/www.subaru.es\/blog\/wp-json\/wp\/v2\/media\/18568"}],"wp:attachment":[{"href":"https:\/\/www.subaru.es\/blog\/wp-json\/wp\/v2\/media?parent=18554"}],"wp:term":[{"taxonomy":"category","embeddable":true,"href":"https:\/\/www.subaru.es\/blog\/wp-json\/wp\/v2\/categories?post=18554"},{"taxonomy":"post_tag","embeddable":true,"href":"https:\/\/www.subaru.es\/blog\/wp-json\/wp\/v2\/tags?post=18554"}],"curies":[{"name":"wp","href":"https:\/\/api.w.org\/{rel}","templated":true}]}}