{"id":18508,"date":"2018-02-05T18:47:00","date_gmt":"2018-02-05T16:47:00","guid":{"rendered":"http:\/\/www.subaru.es\/blog\/?p=18508"},"modified":"2018-02-05T18:47:00","modified_gmt":"2018-02-05T16:47:00","slug":"360-primer-subaru-pasajeros","status":"publish","type":"post","link":"https:\/\/www.subaru.es\/blog\/nuestra-marca\/360-primer-subaru-pasajeros\/","title":{"rendered":"360, el primer Subaru de pasajeros cumple 60 a\u00f1os"},"content":{"rendered":"<p>Hace 60 a\u00f1os se cre\u00f3 la Comunidad Econ\u00f3mica Europea, naci\u00f3 Michael Jackson y los ni\u00f1os espa\u00f1oles descubrieron los Chupa Chups. Era 1958 y ese a\u00f1o, <strong>en Jap\u00f3n, creamos el primer veh\u00edculo de<\/strong> <strong>Subaru para pasajeros<\/strong>. Le bautizamos con el nombre de <strong>360<\/strong>.<\/p>\n<p><img decoding=\"async\" width=\"560\" height=\"439\" class=\"size-medium wp-image-18509 aligncenter lazyload\" data-src=\"https:\/\/www.subaru.es\/blog\/wp-content\/uploads\/2018\/01\/SUBARU360_foto1-560x439.jpg\" alt=\"\" data-srcset=\"https:\/\/www.subaru.es\/blog\/wp-content\/uploads\/2018\/01\/SUBARU360_foto1-560x439.jpg 560w, https:\/\/www.subaru.es\/blog\/wp-content\/uploads\/2018\/01\/SUBARU360_foto1-768x602.jpg 768w, https:\/\/www.subaru.es\/blog\/wp-content\/uploads\/2018\/01\/SUBARU360_foto1.jpg 922w\" data-sizes=\"(max-width: 560px) 100vw, 560px\" src=\"data:image\/svg+xml;base64,PHN2ZyB3aWR0aD0iMSIgaGVpZ2h0PSIxIiB4bWxucz0iaHR0cDovL3d3dy53My5vcmcvMjAwMC9zdmciPjwvc3ZnPg==\" style=\"--smush-placeholder-width: 560px; --smush-placeholder-aspect-ratio: 560\/439;\" \/><\/p>\n<p>El <a href=\"https:\/\/www.subaru.es\/blog\/nuestra-marca\/subaru-360-curiosidades-de-subaru\/\" target=\"_blank\" rel=\"noopener\">Subaru 360<\/a> era un veh\u00edculo peque\u00f1o y econ\u00f3mico, que respond\u00eda a las necesidades del momento. Tras la Segunda Guerra Mundial, los japoneses ten\u00edan presupuesto para comprar una motocicleta, pero no pod\u00edan permitirse un utilitario de gran tama\u00f1o. Por eso, y con intenci\u00f3n de motorizar a la poblaci\u00f3n, el gobierno japon\u00e9s cre\u00f3 la categor\u00eda fiscal de veh\u00edculos conocida como <a href=\"https:\/\/www.subaru.es\/blog\/japon\/que-son-los-kei-cars\/\" target=\"_blank\" rel=\"noopener\">\u201cKei Car\u201d<\/a>.<\/p>\n<p>Entre otras novedades, estos coches estaban exentos de la necesidad del certificado para aparcar y, por tanto, adem\u00e1s de emplearse para viajar c\u00f3modamente por la ciudad, pod\u00edan servir tambi\u00e9n para agilizar la movilidad de los comercios locales. De ah\u00ed su tama\u00f1o y las caracter\u00edsticas del motor.<\/p>\n<p><img decoding=\"async\" width=\"326\" height=\"493\" class=\"size-full wp-image-18510 aligncenter lazyload\" data-src=\"https:\/\/www.subaru.es\/blog\/wp-content\/uploads\/2018\/01\/SUBARU360_foto2.jpg\" alt=\"\" src=\"data:image\/svg+xml;base64,PHN2ZyB3aWR0aD0iMSIgaGVpZ2h0PSIxIiB4bWxucz0iaHR0cDovL3d3dy53My5vcmcvMjAwMC9zdmciPjwvc3ZnPg==\" style=\"--smush-placeholder-width: 326px; --smush-placeholder-aspect-ratio: 326\/493;\" \/><\/p>\n<p>Ya por aquel entonces, <strong>la <a href=\"https:\/\/www.subaru.es\/blog\/nuestra-marca\/nuevo-subaru-xv-euroncap-2017\/\" target=\"_blank\" rel=\"noopener\">seguridad<\/a> era uno de nuestros principales objetivos<\/strong>. En ese sentido, lo fabricamos con carrocer\u00eda monocasco \u2013ahora es lo habitual, pero entonces pocos lo ten\u00edan- y un tren de propulsi\u00f3n exclusivo. En lugar de nuestro emblem\u00e1tico <a href=\"https:\/\/www.subaru.es\/blog\/nuestra-marca\/el-motor-boxer-de-subaru-cumple-50-anos\/\" target=\"_blank\" rel=\"noopener\">motor b\u00f3xer<\/a> (faltaban a\u00f1os para desarrollarlo) le colocamos un motor refrigerado por aire, de dos cilindros y dos tiempos que estaba situado en la parte de atr\u00e1s.<\/p>\n<p>Para poner en funcionamiento el motor, era necesario que el aceite fuese premezclado con gas. <strong>\u00a1Y tuvimos que ponerle creatividad!<\/strong> En los primeros a\u00f1os, la tapa del tanque de combustible serv\u00eda como taza para medir y no ser\u00eda hasta 1964, cuando inventamos el sistema de lubricaci\u00f3n \u201cSubarumatic\u201d, que proporcionaba la mezcla autom\u00e1tica. <strong>\u00a1Toda una mejora!<\/strong><\/p>\n<p><img decoding=\"async\" width=\"560\" height=\"420\" class=\"size-medium wp-image-18511 aligncenter lazyload\" data-src=\"https:\/\/www.subaru.es\/blog\/wp-content\/uploads\/2018\/01\/SUBARU360_foto3-560x420.jpg\" alt=\"\" data-srcset=\"https:\/\/www.subaru.es\/blog\/wp-content\/uploads\/2018\/01\/SUBARU360_foto3-560x420.jpg 560w, https:\/\/www.subaru.es\/blog\/wp-content\/uploads\/2018\/01\/SUBARU360_foto3.jpg 600w\" data-sizes=\"(max-width: 560px) 100vw, 560px\" src=\"data:image\/svg+xml;base64,PHN2ZyB3aWR0aD0iMSIgaGVpZ2h0PSIxIiB4bWxucz0iaHR0cDovL3d3dy53My5vcmcvMjAwMC9zdmciPjwvc3ZnPg==\" style=\"--smush-placeholder-width: 560px; --smush-placeholder-aspect-ratio: 560\/420;\" \/><\/p>\n<p style=\"text-align: center;\">Fuente: Fierros Autos. En un 360 cab\u00edan 4 personas<\/p>\n<p>Adem\u00e1s del modelo original 360, seg\u00fan avanzaban los a\u00f1os, creamos nuevos dise\u00f1os como un Subaru 360 descapotable y 2 modelos deportivos:<\/p>\n<p>-Subaru Young S. Con un motor EK32 \u00abF\u00bb ligeramente mejorado respecto al Subaru 360, 4 marchas, asientos de cubo y un techo con dise\u00f1o a rayas en blanco y negro.<\/p>\n<p>-Subaru Young SS. Ten\u00eda las mejoras del Subaru Young S, pero el motor EK32 \u00abS\u00bb ten\u00eda cilindros cromados y carburador de doble cuerpo Mikuni Solex que alcanzaba los 100 caballos de potencia de frenado por litro. De nuevo, \u00a1la seguridad de una buena frenada era capital para nosotros!<\/p>\n<p><img decoding=\"async\" width=\"560\" height=\"554\" class=\"size-medium wp-image-18534 aligncenter lazyload\" data-src=\"https:\/\/www.subaru.es\/blog\/wp-content\/uploads\/2018\/02\/Subaru-360-pick-up-560x554.jpg\" alt=\"\" data-srcset=\"https:\/\/www.subaru.es\/blog\/wp-content\/uploads\/2018\/02\/Subaru-360-pick-up-560x554.jpg 560w, https:\/\/www.subaru.es\/blog\/wp-content\/uploads\/2018\/02\/Subaru-360-pick-up.jpg 600w\" data-sizes=\"(max-width: 560px) 100vw, 560px\" src=\"data:image\/svg+xml;base64,PHN2ZyB3aWR0aD0iMSIgaGVpZ2h0PSIxIiB4bWxucz0iaHR0cDovL3d3dy53My5vcmcvMjAwMC9zdmciPjwvc3ZnPg==\" style=\"--smush-placeholder-width: 560px; --smush-placeholder-aspect-ratio: 560\/554;\" \/><\/p>\n<p style=\"text-align: center;\">Fuente: <a href=\"https:\/\/www.flickr.com\/photos\/hugo90\/\" target=\"_blank\" rel=\"noopener\">Hugo90<\/a><\/p>\n<p>En 1961, y partiendo del motor del 360, lanzamos una pickup y una furgoneta. Ambas tuvieron especial \u00e9xito entre los comerciantes porque les permit\u00eda conducir por calles estrechas, ser r\u00e1pidos con una carga considerable y tener un bajo consumo de combustible.<\/p>\n<p>A pesar de ello, fue el Subaru 360 el que se quedar\u00eda como <strong>el favorito de los japoneses<\/strong>, llegando a conocerse como el \u201cauto del pueblo\u201d. Su tama\u00f1o, funcionalidad y accesibilidad lo convirtieron en uno de los coches m\u00e1s populares. En total, de 1958 y 1971, comercializamos 392.000 unidades y conseguimos exportarlo a EE. UU., \u00a1donde se vendieron 10.000 unidades!<\/p>\n<p><img decoding=\"async\" width=\"560\" height=\"396\" class=\"size-medium wp-image-18515 aligncenter lazyload\" data-src=\"https:\/\/www.subaru.es\/blog\/wp-content\/uploads\/2018\/01\/1958SUBARU360_0060HP-560x396.jpg\" alt=\"\" data-srcset=\"https:\/\/www.subaru.es\/blog\/wp-content\/uploads\/2018\/01\/1958SUBARU360_0060HP-560x396.jpg 560w, https:\/\/www.subaru.es\/blog\/wp-content\/uploads\/2018\/01\/1958SUBARU360_0060HP-1440x1018.jpg 1440w, https:\/\/www.subaru.es\/blog\/wp-content\/uploads\/2018\/01\/1958SUBARU360_0060HP-768x543.jpg 768w, https:\/\/www.subaru.es\/blog\/wp-content\/uploads\/2018\/01\/1958SUBARU360_0060HP-1536x1086.jpg 1536w, https:\/\/www.subaru.es\/blog\/wp-content\/uploads\/2018\/01\/1958SUBARU360_0060HP-2048x1448.jpg 2048w\" data-sizes=\"(max-width: 560px) 100vw, 560px\" src=\"data:image\/svg+xml;base64,PHN2ZyB3aWR0aD0iMSIgaGVpZ2h0PSIxIiB4bWxucz0iaHR0cDovL3d3dy53My5vcmcvMjAwMC9zdmciPjwvc3ZnPg==\" style=\"--smush-placeholder-width: 560px; --smush-placeholder-aspect-ratio: 560\/396;\" \/><\/p>\n<p>Ahora, este gran peque\u00f1o gigante, nos hace esbozar una sonrisa. Es imposible compararlo con uno de nuestros modernos y <a href=\"http:\/\/www.subaru.es\/seguridad\" target=\"_blank\" rel=\"noopener\">seguros<\/a>\u00a0modelos\u00a0<strong><a href=\"https:\/\/www.subaru.es\/blog\/nuestra-marca\/nuevo-subaru-brz\/\" target=\"_blank\" rel=\"noopener\">BRZ<\/a>, <a href=\"https:\/\/www.subaru.es\/blog\/nuestra-marca\/subaru-xv-2018\/\" target=\"_blank\" rel=\"noopener\">XV<\/a> o <a href=\"https:\/\/www.subaru.es\/blog\/nuestra-marca\/subaru-levorg-2018-ya-esta-la-venta\/\" target=\"_blank\" rel=\"noopener\">Levorg<\/a><\/strong>, pero sin \u00e9l no hubi\u00e9semos llegado al punto en el que estamos hoy. Fue nuestra primera vez. Nuestro primer sue\u00f1o y nuestro primer viaje en carretera. Vendr\u00edan muchos m\u00e1s, y mucho mejores. <strong>Pero ya se sabe, para ser grande, \u00a1primero hay que ser peque\u00f1o!<\/strong><\/p>\n<p>&nbsp;<\/p>\n","protected":false},"excerpt":{"rendered":"<p>Hace 60 a\u00f1os se cre\u00f3 la Comunidad Econ\u00f3mica Europea, naci\u00f3 Michael Jackson y los ni\u00f1os espa\u00f1oles descubrieron los Chupa Chups. Era 1958 y ese a\u00f1o, en Jap\u00f3n, creamos el primer veh\u00edculo de Subaru para pasajeros. Le bautizamos con el nombre de 360. El Subaru 360 era un veh\u00edculo peque\u00f1o y econ\u00f3mico, que respond\u00eda a las [&hellip;]<\/p>\n","protected":false},"author":21,"featured_media":18530,"comment_status":"open","ping_status":"closed","sticky":false,"template":"","format":"standard","meta":{"_acf_changed":false,"_eb_attr":"","inline_featured_image":false,"footnotes":""},"categories":[4401],"tags":[4390,835,4533,4536,4534,4535,4521],"class_list":["post-18508","post","type-post","status-publish","format-standard","has-post-thumbnail","hentry","category-nuestra-marca","tag-subaru","tag-subaru-360","tag-subaru-60-aniversario","tag-subaru-clasico","tag-subaru-historia","tag-subaru-retro","tag-subaru-seguridad"],"acf":[],"yoast_head":"<!-- This site is optimized with the Yoast SEO plugin v27.3 - https:\/\/yoast.com\/product\/yoast-seo-wordpress\/ -->\n<title>360, el primer Subaru de pasajeros cumple 60 a\u00f1os - Universo Subaru<\/title>\n<meta name=\"robots\" content=\"index, follow, max-snippet:-1, max-image-preview:large, max-video-preview:-1\" \/>\n<link rel=\"canonical\" href=\"https:\/\/www.subaru.es\/blog\/nuestra-marca\/360-primer-subaru-pasajeros\/\" \/>\n<meta property=\"og:locale\" content=\"es_ES\" \/>\n<meta property=\"og:type\" content=\"article\" \/>\n<meta property=\"og:title\" content=\"360, el primer Subaru de pasajeros cumple 60 a\u00f1os - Universo Subaru\" \/>\n<meta property=\"og:description\" content=\"Hace 60 a\u00f1os se cre\u00f3 la Comunidad Econ\u00f3mica Europea, naci\u00f3 Michael Jackson y los ni\u00f1os espa\u00f1oles descubrieron los Chupa Chups. Era 1958 y ese a\u00f1o, en Jap\u00f3n, creamos el primer veh\u00edculo de Subaru para pasajeros. Le bautizamos con el nombre de 360. El Subaru 360 era un veh\u00edculo peque\u00f1o y econ\u00f3mico, que respond\u00eda a las [&hellip;]\" \/>\n<meta property=\"og:url\" content=\"https:\/\/www.subaru.es\/blog\/nuestra-marca\/360-primer-subaru-pasajeros\/\" \/>\n<meta property=\"og:site_name\" content=\"Universo Subaru\" \/>\n<meta property=\"article:publisher\" content=\"https:\/\/www.facebook.com\/subaruespana\" \/>\n<meta property=\"article:published_time\" content=\"2018-02-05T16:47:00+00:00\" \/>\n<meta property=\"og:image\" content=\"https:\/\/www.subaru.es\/blog\/wp-content\/uploads\/2018\/02\/1958SUBARU360_0070HP_MOSCA4.jpg\" \/>\n\t<meta property=\"og:image:width\" content=\"2819\" \/>\n\t<meta property=\"og:image:height\" content=\"2257\" \/>\n\t<meta property=\"og:image:type\" content=\"image\/jpeg\" \/>\n<meta name=\"author\" content=\"Subaru\" \/>\n<meta name=\"twitter:card\" content=\"summary_large_image\" \/>\n<meta name=\"twitter:label1\" content=\"Escrito por\" \/>\n\t<meta name=\"twitter:data1\" content=\"Subaru\" \/>\n\t<meta name=\"twitter:label2\" content=\"Tiempo de lectura\" \/>\n\t<meta name=\"twitter:data2\" content=\"3 minutos\" \/>\n<script type=\"application\/ld+json\" class=\"yoast-schema-graph\">{\"@context\":\"https:\\\/\\\/schema.org\",\"@graph\":[{\"@type\":\"Article\",\"@id\":\"https:\\\/\\\/www.subaru.es\\\/blog\\\/nuestra-marca\\\/360-primer-subaru-pasajeros\\\/#article\",\"isPartOf\":{\"@id\":\"https:\\\/\\\/www.subaru.es\\\/blog\\\/nuestra-marca\\\/360-primer-subaru-pasajeros\\\/\"},\"author\":{\"name\":\"Subaru\",\"@id\":\"https:\\\/\\\/www.subaru.es\\\/blog\\\/#\\\/schema\\\/person\\\/19a90b892230b8e0ec752704ddf4aa10\"},\"headline\":\"360, el primer Subaru de pasajeros cumple 60 a\u00f1os\",\"datePublished\":\"2018-02-05T16:47:00+00:00\",\"mainEntityOfPage\":{\"@id\":\"https:\\\/\\\/www.subaru.es\\\/blog\\\/nuestra-marca\\\/360-primer-subaru-pasajeros\\\/\"},\"wordCount\":596,\"commentCount\":0,\"publisher\":{\"@id\":\"https:\\\/\\\/www.subaru.es\\\/blog\\\/#organization\"},\"image\":{\"@id\":\"https:\\\/\\\/www.subaru.es\\\/blog\\\/nuestra-marca\\\/360-primer-subaru-pasajeros\\\/#primaryimage\"},\"thumbnailUrl\":\"https:\\\/\\\/www.subaru.es\\\/blog\\\/wp-content\\\/uploads\\\/2018\\\/02\\\/1958SUBARU360_0070HP_MOSCA4-scaled.jpg\",\"keywords\":[\"Subaru\",\"Subaru 360\",\"Subaru 60 aniversario\",\"Subaru cl\u00e1sico\",\"Subaru historia\",\"Subaru retro\",\"Subaru seguridad\"],\"articleSection\":[\"Nuestra marca\"],\"inLanguage\":\"es\",\"potentialAction\":[{\"@type\":\"CommentAction\",\"name\":\"Comment\",\"target\":[\"https:\\\/\\\/www.subaru.es\\\/blog\\\/nuestra-marca\\\/360-primer-subaru-pasajeros\\\/#respond\"]}]},{\"@type\":\"WebPage\",\"@id\":\"https:\\\/\\\/www.subaru.es\\\/blog\\\/nuestra-marca\\\/360-primer-subaru-pasajeros\\\/\",\"url\":\"https:\\\/\\\/www.subaru.es\\\/blog\\\/nuestra-marca\\\/360-primer-subaru-pasajeros\\\/\",\"name\":\"360, el primer Subaru de pasajeros cumple 60 a\u00f1os - Universo Subaru\",\"isPartOf\":{\"@id\":\"https:\\\/\\\/www.subaru.es\\\/blog\\\/#website\"},\"primaryImageOfPage\":{\"@id\":\"https:\\\/\\\/www.subaru.es\\\/blog\\\/nuestra-marca\\\/360-primer-subaru-pasajeros\\\/#primaryimage\"},\"image\":{\"@id\":\"https:\\\/\\\/www.subaru.es\\\/blog\\\/nuestra-marca\\\/360-primer-subaru-pasajeros\\\/#primaryimage\"},\"thumbnailUrl\":\"https:\\\/\\\/www.subaru.es\\\/blog\\\/wp-content\\\/uploads\\\/2018\\\/02\\\/1958SUBARU360_0070HP_MOSCA4-scaled.jpg\",\"datePublished\":\"2018-02-05T16:47:00+00:00\",\"breadcrumb\":{\"@id\":\"https:\\\/\\\/www.subaru.es\\\/blog\\\/nuestra-marca\\\/360-primer-subaru-pasajeros\\\/#breadcrumb\"},\"inLanguage\":\"es\",\"potentialAction\":[{\"@type\":\"ReadAction\",\"target\":[\"https:\\\/\\\/www.subaru.es\\\/blog\\\/nuestra-marca\\\/360-primer-subaru-pasajeros\\\/\"]}]},{\"@type\":\"ImageObject\",\"inLanguage\":\"es\",\"@id\":\"https:\\\/\\\/www.subaru.es\\\/blog\\\/nuestra-marca\\\/360-primer-subaru-pasajeros\\\/#primaryimage\",\"url\":\"https:\\\/\\\/www.subaru.es\\\/blog\\\/wp-content\\\/uploads\\\/2018\\\/02\\\/1958SUBARU360_0070HP_MOSCA4-scaled.jpg\",\"contentUrl\":\"https:\\\/\\\/www.subaru.es\\\/blog\\\/wp-content\\\/uploads\\\/2018\\\/02\\\/1958SUBARU360_0070HP_MOSCA4-scaled.jpg\",\"width\":2560,\"height\":2050},{\"@type\":\"BreadcrumbList\",\"@id\":\"https:\\\/\\\/www.subaru.es\\\/blog\\\/nuestra-marca\\\/360-primer-subaru-pasajeros\\\/#breadcrumb\",\"itemListElement\":[{\"@type\":\"ListItem\",\"position\":1,\"name\":\"Portada\",\"item\":\"https:\\\/\\\/www.subaru.es\\\/blog\\\/\"},{\"@type\":\"ListItem\",\"position\":2,\"name\":\"360, el primer Subaru de pasajeros cumple 60 a\u00f1os\"}]},{\"@type\":\"WebSite\",\"@id\":\"https:\\\/\\\/www.subaru.es\\\/blog\\\/#website\",\"url\":\"https:\\\/\\\/www.subaru.es\\\/blog\\\/\",\"name\":\"Universo Subaru\",\"description\":\"Descubre este apasionante espacio de Subaru donde vas a conocer todo sobre nuestros coches y las experiencias que vivimos con ellos. Si est\u00e1s preparado para dejarte seducir por la filosof\u00eda Subaru, qu\u00e9date con nosotros.\",\"publisher\":{\"@id\":\"https:\\\/\\\/www.subaru.es\\\/blog\\\/#organization\"},\"potentialAction\":[{\"@type\":\"SearchAction\",\"target\":{\"@type\":\"EntryPoint\",\"urlTemplate\":\"https:\\\/\\\/www.subaru.es\\\/blog\\\/?s={search_term_string}\"},\"query-input\":{\"@type\":\"PropertyValueSpecification\",\"valueRequired\":true,\"valueName\":\"search_term_string\"}}],\"inLanguage\":\"es\"},{\"@type\":\"Organization\",\"@id\":\"https:\\\/\\\/www.subaru.es\\\/blog\\\/#organization\",\"name\":\"Subaru Espa\u00f1a S.A.\",\"url\":\"https:\\\/\\\/www.subaru.es\\\/blog\\\/\",\"logo\":{\"@type\":\"ImageObject\",\"inLanguage\":\"es\",\"@id\":\"https:\\\/\\\/www.subaru.es\\\/blog\\\/#\\\/schema\\\/logo\\\/image\\\/\",\"url\":\"https:\\\/\\\/www.subaru.es\\\/blog\\\/wp-content\\\/uploads\\\/2016\\\/12\\\/Logo-Subaru-TypeV_C300-scaled.jpg\",\"contentUrl\":\"https:\\\/\\\/www.subaru.es\\\/blog\\\/wp-content\\\/uploads\\\/2016\\\/12\\\/Logo-Subaru-TypeV_C300-scaled.jpg\",\"width\":2560,\"height\":1864,\"caption\":\"Subaru Espa\u00f1a S.A.\"},\"image\":{\"@id\":\"https:\\\/\\\/www.subaru.es\\\/blog\\\/#\\\/schema\\\/logo\\\/image\\\/\"},\"sameAs\":[\"https:\\\/\\\/www.facebook.com\\\/subaruespana\",\"https:\\\/\\\/www.instagram.com\\\/subarues\\\/\",\"https:\\\/\\\/www.youtube.com\\\/user\\\/subaruespana\"]},{\"@type\":\"Person\",\"@id\":\"https:\\\/\\\/www.subaru.es\\\/blog\\\/#\\\/schema\\\/person\\\/19a90b892230b8e0ec752704ddf4aa10\",\"name\":\"Subaru\",\"url\":\"https:\\\/\\\/www.subaru.es\\\/blog\\\/author\\\/subaria\\\/\"}]}<\/script>\n<!-- \/ Yoast SEO plugin. -->","yoast_head_json":{"title":"360, el primer Subaru de pasajeros cumple 60 a\u00f1os - Universo Subaru","robots":{"index":"index","follow":"follow","max-snippet":"max-snippet:-1","max-image-preview":"max-image-preview:large","max-video-preview":"max-video-preview:-1"},"canonical":"https:\/\/www.subaru.es\/blog\/nuestra-marca\/360-primer-subaru-pasajeros\/","og_locale":"es_ES","og_type":"article","og_title":"360, el primer Subaru de pasajeros cumple 60 a\u00f1os - Universo Subaru","og_description":"Hace 60 a\u00f1os se cre\u00f3 la Comunidad Econ\u00f3mica Europea, naci\u00f3 Michael Jackson y los ni\u00f1os espa\u00f1oles descubrieron los Chupa Chups. Era 1958 y ese a\u00f1o, en Jap\u00f3n, creamos el primer veh\u00edculo de Subaru para pasajeros. Le bautizamos con el nombre de 360. El Subaru 360 era un veh\u00edculo peque\u00f1o y econ\u00f3mico, que respond\u00eda a las [&hellip;]","og_url":"https:\/\/www.subaru.es\/blog\/nuestra-marca\/360-primer-subaru-pasajeros\/","og_site_name":"Universo Subaru","article_publisher":"https:\/\/www.facebook.com\/subaruespana","article_published_time":"2018-02-05T16:47:00+00:00","og_image":[{"width":2819,"height":2257,"url":"https:\/\/www.subaru.es\/blog\/wp-content\/uploads\/2018\/02\/1958SUBARU360_0070HP_MOSCA4.jpg","type":"image\/jpeg"}],"author":"Subaru","twitter_card":"summary_large_image","twitter_misc":{"Escrito por":"Subaru","Tiempo de lectura":"3 minutos"},"schema":{"@context":"https:\/\/schema.org","@graph":[{"@type":"Article","@id":"https:\/\/www.subaru.es\/blog\/nuestra-marca\/360-primer-subaru-pasajeros\/#article","isPartOf":{"@id":"https:\/\/www.subaru.es\/blog\/nuestra-marca\/360-primer-subaru-pasajeros\/"},"author":{"name":"Subaru","@id":"https:\/\/www.subaru.es\/blog\/#\/schema\/person\/19a90b892230b8e0ec752704ddf4aa10"},"headline":"360, el primer Subaru de pasajeros cumple 60 a\u00f1os","datePublished":"2018-02-05T16:47:00+00:00","mainEntityOfPage":{"@id":"https:\/\/www.subaru.es\/blog\/nuestra-marca\/360-primer-subaru-pasajeros\/"},"wordCount":596,"commentCount":0,"publisher":{"@id":"https:\/\/www.subaru.es\/blog\/#organization"},"image":{"@id":"https:\/\/www.subaru.es\/blog\/nuestra-marca\/360-primer-subaru-pasajeros\/#primaryimage"},"thumbnailUrl":"https:\/\/www.subaru.es\/blog\/wp-content\/uploads\/2018\/02\/1958SUBARU360_0070HP_MOSCA4-scaled.jpg","keywords":["Subaru","Subaru 360","Subaru 60 aniversario","Subaru cl\u00e1sico","Subaru historia","Subaru retro","Subaru seguridad"],"articleSection":["Nuestra marca"],"inLanguage":"es","potentialAction":[{"@type":"CommentAction","name":"Comment","target":["https:\/\/www.subaru.es\/blog\/nuestra-marca\/360-primer-subaru-pasajeros\/#respond"]}]},{"@type":"WebPage","@id":"https:\/\/www.subaru.es\/blog\/nuestra-marca\/360-primer-subaru-pasajeros\/","url":"https:\/\/www.subaru.es\/blog\/nuestra-marca\/360-primer-subaru-pasajeros\/","name":"360, el primer Subaru de pasajeros cumple 60 a\u00f1os - Universo Subaru","isPartOf":{"@id":"https:\/\/www.subaru.es\/blog\/#website"},"primaryImageOfPage":{"@id":"https:\/\/www.subaru.es\/blog\/nuestra-marca\/360-primer-subaru-pasajeros\/#primaryimage"},"image":{"@id":"https:\/\/www.subaru.es\/blog\/nuestra-marca\/360-primer-subaru-pasajeros\/#primaryimage"},"thumbnailUrl":"https:\/\/www.subaru.es\/blog\/wp-content\/uploads\/2018\/02\/1958SUBARU360_0070HP_MOSCA4-scaled.jpg","datePublished":"2018-02-05T16:47:00+00:00","breadcrumb":{"@id":"https:\/\/www.subaru.es\/blog\/nuestra-marca\/360-primer-subaru-pasajeros\/#breadcrumb"},"inLanguage":"es","potentialAction":[{"@type":"ReadAction","target":["https:\/\/www.subaru.es\/blog\/nuestra-marca\/360-primer-subaru-pasajeros\/"]}]},{"@type":"ImageObject","inLanguage":"es","@id":"https:\/\/www.subaru.es\/blog\/nuestra-marca\/360-primer-subaru-pasajeros\/#primaryimage","url":"https:\/\/www.subaru.es\/blog\/wp-content\/uploads\/2018\/02\/1958SUBARU360_0070HP_MOSCA4-scaled.jpg","contentUrl":"https:\/\/www.subaru.es\/blog\/wp-content\/uploads\/2018\/02\/1958SUBARU360_0070HP_MOSCA4-scaled.jpg","width":2560,"height":2050},{"@type":"BreadcrumbList","@id":"https:\/\/www.subaru.es\/blog\/nuestra-marca\/360-primer-subaru-pasajeros\/#breadcrumb","itemListElement":[{"@type":"ListItem","position":1,"name":"Portada","item":"https:\/\/www.subaru.es\/blog\/"},{"@type":"ListItem","position":2,"name":"360, el primer Subaru de pasajeros cumple 60 a\u00f1os"}]},{"@type":"WebSite","@id":"https:\/\/www.subaru.es\/blog\/#website","url":"https:\/\/www.subaru.es\/blog\/","name":"Universo Subaru","description":"Descubre este apasionante espacio de Subaru donde vas a conocer todo sobre nuestros coches y las experiencias que vivimos con ellos. Si est\u00e1s preparado para dejarte seducir por la filosof\u00eda Subaru, qu\u00e9date con nosotros.","publisher":{"@id":"https:\/\/www.subaru.es\/blog\/#organization"},"potentialAction":[{"@type":"SearchAction","target":{"@type":"EntryPoint","urlTemplate":"https:\/\/www.subaru.es\/blog\/?s={search_term_string}"},"query-input":{"@type":"PropertyValueSpecification","valueRequired":true,"valueName":"search_term_string"}}],"inLanguage":"es"},{"@type":"Organization","@id":"https:\/\/www.subaru.es\/blog\/#organization","name":"Subaru Espa\u00f1a S.A.","url":"https:\/\/www.subaru.es\/blog\/","logo":{"@type":"ImageObject","inLanguage":"es","@id":"https:\/\/www.subaru.es\/blog\/#\/schema\/logo\/image\/","url":"https:\/\/www.subaru.es\/blog\/wp-content\/uploads\/2016\/12\/Logo-Subaru-TypeV_C300-scaled.jpg","contentUrl":"https:\/\/www.subaru.es\/blog\/wp-content\/uploads\/2016\/12\/Logo-Subaru-TypeV_C300-scaled.jpg","width":2560,"height":1864,"caption":"Subaru Espa\u00f1a S.A."},"image":{"@id":"https:\/\/www.subaru.es\/blog\/#\/schema\/logo\/image\/"},"sameAs":["https:\/\/www.facebook.com\/subaruespana","https:\/\/www.instagram.com\/subarues\/","https:\/\/www.youtube.com\/user\/subaruespana"]},{"@type":"Person","@id":"https:\/\/www.subaru.es\/blog\/#\/schema\/person\/19a90b892230b8e0ec752704ddf4aa10","name":"Subaru","url":"https:\/\/www.subaru.es\/blog\/author\/subaria\/"}]}},"_links":{"self":[{"href":"https:\/\/www.subaru.es\/blog\/wp-json\/wp\/v2\/posts\/18508","targetHints":{"allow":["GET"]}}],"collection":[{"href":"https:\/\/www.subaru.es\/blog\/wp-json\/wp\/v2\/posts"}],"about":[{"href":"https:\/\/www.subaru.es\/blog\/wp-json\/wp\/v2\/types\/post"}],"author":[{"embeddable":true,"href":"https:\/\/www.subaru.es\/blog\/wp-json\/wp\/v2\/users\/21"}],"replies":[{"embeddable":true,"href":"https:\/\/www.subaru.es\/blog\/wp-json\/wp\/v2\/comments?post=18508"}],"version-history":[{"count":15,"href":"https:\/\/www.subaru.es\/blog\/wp-json\/wp\/v2\/posts\/18508\/revisions"}],"predecessor-version":[{"id":18542,"href":"https:\/\/www.subaru.es\/blog\/wp-json\/wp\/v2\/posts\/18508\/revisions\/18542"}],"wp:featuredmedia":[{"embeddable":true,"href":"https:\/\/www.subaru.es\/blog\/wp-json\/wp\/v2\/media\/18530"}],"wp:attachment":[{"href":"https:\/\/www.subaru.es\/blog\/wp-json\/wp\/v2\/media?parent=18508"}],"wp:term":[{"taxonomy":"category","embeddable":true,"href":"https:\/\/www.subaru.es\/blog\/wp-json\/wp\/v2\/categories?post=18508"},{"taxonomy":"post_tag","embeddable":true,"href":"https:\/\/www.subaru.es\/blog\/wp-json\/wp\/v2\/tags?post=18508"}],"curies":[{"name":"wp","href":"https:\/\/api.w.org\/{rel}","templated":true}]}}