{"id":18433,"date":"2017-12-19T01:38:42","date_gmt":"2017-12-18T23:38:42","guid":{"rendered":"http:\/\/www.subaru.es\/blog\/?p=18433"},"modified":"2018-03-13T11:01:53","modified_gmt":"2018-03-13T09:01:53","slug":"subaru-xv-seduce-prensa","status":"publish","type":"post","link":"https:\/\/www.subaru.es\/blog\/nuestra-marca\/subaru-xv-seduce-prensa\/","title":{"rendered":"\u00bfQu\u00e9 piensan los expertos del nuevo Subaru XV?"},"content":{"rendered":"<p><strong>El Nuevo <a href=\"https:\/\/www.subaru.es\/blog\/nuestra-marca\/subaru-xv-2018\/\">Subaru XV<\/a> ya es una realidad, y en <a href=\"http:\/\/www.subaru.es\/\">Subaru<\/a> Espa\u00f1a hemos querido que los conductores m\u00e1s cr\u00edticos, los periodistas especializados en pruebas de coches, lo valoren y ofrezcan sus opiniones a trav\u00e9s de sus medios. El resultado son cr\u00edticas muy positivas que recogemos en este post, donde recopilamos las valoraciones de ocho importantes publicaciones del motor.<\/strong><\/p>\n<p><strong>Casi 100 periodistas de medios de todo el pa\u00eds<\/strong>, desde prensa especializada en motor hasta agencias de comunicaci\u00f3n, peri\u00f3dicos de informaci\u00f3n general o televisiones, se han dado cita en la provincia de Toledo para ponerse a los mandos de la nueva generaci\u00f3n del <a href=\"http:\/\/www.subaru.es\/vehiculos\/xv\">Subaru XV<\/a>. Nuestro SUV compacto se ha renovado por completo para <strong>marcar el rumbo en su segmento por dise\u00f1o, <a href=\"http:\/\/www.subaru.es\/seguridad\">seguridad<\/a> y <a href=\"http:\/\/www.subaru.es\/tecnologia\">tecnolog\u00eda<\/a><\/strong>. Para ello ha apostado firmemente por el avanzado sistema de seguridad activa <strong><a href=\"https:\/\/www.subaru.es\/blog\/nuestra-marca\/subaru-da-un-paso-mas-en-materia-de-seguridad-preventiva-con-la-tercera-version-del-sistema-eyesight\/\">EyeSight<\/a><\/strong>, por nuestra m\u00edtica<strong> <a href=\"https:\/\/www.youtube.com\/watch?v=dmVGgyDRgO0\">tracci\u00f3n total sim\u00e9trica AWD<\/a><\/strong>, por la eficacia de nuestros reconocidos <strong><a href=\"https:\/\/www.youtube.com\/watch?v=5o_Be73XjyQ&amp;t=4s\">motores b\u00f3xer<\/a><\/strong> o por los avances en <strong>conectividad<\/strong> que ofrecen los sistemas <strong>Android Auto y Apple Car Play<\/strong>.<\/p>\n<p>En Subaru estamos convencidos de que el XV seguir\u00e1 siendo uno de los referentes en su categor\u00eda, pero hemos querido que sean los propios especialistas en pruebas de coches los encargados de hacer las valoraciones. As\u00ed queda la particular carpeta de prensa que hemos querido compartir con todos los seguidores y fan\u00e1ticos de nuestra marca.<\/p>\n<p><img decoding=\"async\" width=\"1200\" height=\"684\" class=\"aligncenter size-full wp-image-18443 lazyload\" data-src=\"https:\/\/www.subaru.es\/blog\/wp-content\/uploads\/2017\/12\/SUBARU_COMPO_1.jpg\" alt=\"\" data-srcset=\"https:\/\/www.subaru.es\/blog\/wp-content\/uploads\/2017\/12\/SUBARU_COMPO_1.jpg 1200w, https:\/\/www.subaru.es\/blog\/wp-content\/uploads\/2017\/12\/SUBARU_COMPO_1-560x319.jpg 560w, https:\/\/www.subaru.es\/blog\/wp-content\/uploads\/2017\/12\/SUBARU_COMPO_1-768x438.jpg 768w\" data-sizes=\"(max-width: 1200px) 100vw, 1200px\" src=\"data:image\/svg+xml;base64,PHN2ZyB3aWR0aD0iMSIgaGVpZ2h0PSIxIiB4bWxucz0iaHR0cDovL3d3dy53My5vcmcvMjAwMC9zdmciPjwvc3ZnPg==\" style=\"--smush-placeholder-width: 1200px; --smush-placeholder-aspect-ratio: 1200\/684;\" \/><\/p>\n<p><a href=\"http:\/\/www.abc.es\/motor\/pruebas\/abci-subaru-2018-diversion-y-seguridad-sobre-cualquier-terreno-201712112009_noticia.html\"><strong>ABC<\/strong><\/a> destaca en su titular que el XV garantiza \u201cdiversi\u00f3n y seguridad sobre cualquier terreno\u201d. Debido a las lluvias, la Finca Montealegre de Toledo, donde tuvo lugar la presentaci\u00f3n, se cubri\u00f3 de barro, una situaci\u00f3n ideal para comprobar las cualidades off-road de este modelo. Estas dif\u00edciles condiciones, seg\u00fan ABC, han sido determinantes \u201cpara demostrar que este todocamino tiene mucho que ofrecer en este segmento. Es un todo en uno: estabilidad y precisi\u00f3n en carretera, confort para viajar en autopista y <strong>una capacidad incre\u00edble para superar obst\u00e1culos que resultan insalvables para otros SUV<\/strong> cuando abandonan el asfalto\u201d.<\/p>\n<p>En el portal especialista\u00a0<a href=\"https:\/\/www.diariomotor.com\/noticia\/subaru-xv-2018-precio\/\"><strong>Diariomotor<\/strong><\/a>\u00a0comienzan describiendo la nueva generaci\u00f3n del Subaru XV, que ofrece una gama \u201ccon dos motores de gasolina, 1.6 atmosf\u00e9rico de 117 CV y 2.0 de 156 CV, cambio autom\u00e1tico Lineartronic (CVT) y tracci\u00f3n total a las cuatro ruedas\u201d. Posteriormente entran en valoraciones: sus expertos hablan de una configuraci\u00f3n t\u00e9cnica \u201cpensada por y para los que buscan un <strong>crossover con verdaderas cualidades todoterreno, pero sin renunciar al confort y suavidad<\/strong> que ofrece la combinaci\u00f3n de motor gasolina atmosf\u00e9rico y cambio por variador continuo\u201d.<\/p>\n<p>Una publicaci\u00f3n de referencia como <a href=\"http:\/\/www.autofacil.es\/subaru\/xv\/2017\/12\/13\/subaru-xv-renovacion-completa\/41828.html\"><strong>Autof\u00e1cil<\/strong><\/a> ha querido destacar el elevado grado de <a href=\"http:\/\/www.subaru.es\/seguridad\">seguridad<\/a> alcanzado por la segunda generaci\u00f3n del XV. Este medio pone el foco en <strong>\u201cdispositivos de seguridad activa como el Active Torque Vectoring\u201d o la funci\u00f3n <a href=\"https:\/\/www.youtube.com\/watch?v=vUdf-ZtrpY4\">X-Mode<\/a>,<\/strong> \u201cque mejora la tracci\u00f3n en condiciones de baja adherencia\u201d. Pero sobre todo hace hincapi\u00e9 en la eficacia de la tecnolog\u00eda EyeSight, que integra \u201cfunciones como la frenada precolisi\u00f3n, el control de crucero adaptativo o el asistente de mantenimiento de carril, entre otras\u201d.<\/p>\n<p><a href=\"https:\/\/www.autocasion.com\/actualidad\/pruebas\/nuevo-subaru-xv-prueba\"><strong>Autocasi\u00f3n<\/strong><\/a> tiene claro que, \u201ccon un precio de partida de 21.900 euros m\u00e1s descuentos, el nuevo modelo llega a un mercado repleto de rivales ante los que<strong> puede presumir de ser uno de los mejores en relaci\u00f3n precio\/producto\u201d<\/strong>. De hecho, contin\u00faa, \u201cel nuevo XV ahora es mucho m\u00e1s atractivo en todos los aspectos. En lo que se ve, entra m\u00e1s por los ojos, y en lo que no se ve, ha ganado en rigidez, est\u00e1 mejor acabado y resulta mucho m\u00e1s c\u00f3modo y utilizable gracias a la mayor amplitud que ofrece\u201d.<\/p>\n<p><img decoding=\"async\" width=\"1200\" height=\"756\" class=\"aligncenter size-full wp-image-18444 lazyload\" data-src=\"https:\/\/www.subaru.es\/blog\/wp-content\/uploads\/2017\/12\/SUBARU_COMPO_2.jpg\" alt=\"\" data-srcset=\"https:\/\/www.subaru.es\/blog\/wp-content\/uploads\/2017\/12\/SUBARU_COMPO_2.jpg 1200w, https:\/\/www.subaru.es\/blog\/wp-content\/uploads\/2017\/12\/SUBARU_COMPO_2-560x353.jpg 560w, https:\/\/www.subaru.es\/blog\/wp-content\/uploads\/2017\/12\/SUBARU_COMPO_2-768x484.jpg 768w\" data-sizes=\"(max-width: 1200px) 100vw, 1200px\" src=\"data:image\/svg+xml;base64,PHN2ZyB3aWR0aD0iMSIgaGVpZ2h0PSIxIiB4bWxucz0iaHR0cDovL3d3dy53My5vcmcvMjAwMC9zdmciPjwvc3ZnPg==\" style=\"--smush-placeholder-width: 1200px; --smush-placeholder-aspect-ratio: 1200\/756;\" \/><\/p>\n<p>Lorenzo Alcocer, de <strong><a href=\"http:\/\/www.autopista.es\/pruebas-de-coches\/articulo\/subaru-xv-2018-suv-opiniones-precios\">Autopista<\/a>,<\/strong> ha querido centrar la atenci\u00f3n de su art\u00edculo en la versatilidad y la calidad de marcha del nuevo Subaru. \u201cA lo largo de los cientos de kil\u00f3metros recorridos con el nuevo XV s\u00ed percibes una gran pisada, calidad de bacheo y sensaci\u00f3n de muy buen producto. <strong>En asfalto tiene un tacto m\u00e1s de berlina, pero en campo posiblemente sea el SUV m\u00e1s capaz del segmento\u201d<\/strong>. \u201cLa electr\u00f3nica\u201d, a\u00f1ade, \u201ctambi\u00e9n es part\u00edcipe de esta doble personalidad\u201d.<\/p>\n<p>David Arroyo, de <a href=\"http:\/\/www.marca.com\/motor\/ocio\/2017\/12\/07\/5a291ef022601d7c5e8b465f.html\"><strong>Marca<\/strong><\/a>, no oculta que \u201clos valores [de Subaru] de robustez, seguridad en carretera y diversi\u00f3n sin angustias en cualquier tipo de firmes se expresan de una manera muy clara en su nuevo XV\u201d. De hecho, para este periodista, <strong>\u201cel Subaru XV es uno de esos todocamino cuyas capacidades fuera del asfalto se acercan m\u00e1s a las de los aut\u00e9nticos todoterreno\u201d<\/strong>. Esta afirmaci\u00f3n es consecuencia, en gran parte, del trabajo que realiza la \u201ctracci\u00f3n integral permanente y el sistema electr\u00f3nico de ayuda a la tracci\u00f3n X-Mode para las carreteras m\u00e1s deslizantes y complicadas\u201d.<\/p>\n<p>En <a href=\"https:\/\/www.motor.es\/pruebas-coches\/prueba-subaru-xv-2018-201742031.html\"><strong>Motor.es<\/strong><\/a> han querido destacar el enorme salto de calidad que ha dado el <strong>habit\u00e1culo<\/strong> del nuevo XV. \u201cDe puertas para dentro notamos m\u00e1s cambios. El salpicadero es completamente nuevo, con nuevas formas y materiales.<strong> Ha ganado en calidad de acabados, hasta el punto de sorprender.<\/strong> Todo presenta buenos materiales al tacto y la sensaci\u00f3n de durabilidad es muy elevada. <strong>Est\u00e9ticamente hablando la evoluci\u00f3n es notable<\/strong>, menos sobriedad y m\u00e1s vistosidad. Me gustan los cambios, y sobre todos los detalles, con esas costuras en contraste. Un soplo de aire fresco\u201d.<\/p>\n<p>El especialista en motor del diario El Economista, a trav\u00e9s de su secci\u00f3n <a href=\"http:\/\/www.eleconomista.es\/ecomotor\/novedades\/noticias\/8804450\/12\/17\/Nuevo-Subaru-XV-la-verdadera-formula-del-SUV-la-tienen-en-Japon.html\"><strong>Ecomotor<\/strong><\/a>, destaca que el Subaru XV 2018 \u201cha subido un pelda\u00f1o de gigante y se ha convertido en un modelo bastante m\u00e1s interesante desde muchos puntos de vista\u201d. \u00bfLo m\u00e1s llamativo para este medio? Su excelente relaci\u00f3n calidad\/precio. <strong>\u201cEl nuevo XV ofrece m\u00e1s espacio, m\u00e1s calidad de rodadura, mejor presentaci\u00f3n\u2026 En fin, es m\u00e1s coche.<\/strong> Y lo mejor, lo que sin duda sabr\u00e1 apreciar su clientela potencial, es que su precio de partida supera por poco los 20.000 euros\u201d.<\/p>\n<p><img decoding=\"async\" width=\"1200\" height=\"587\" class=\"aligncenter size-full wp-image-18436 lazyload\" data-src=\"https:\/\/www.subaru.es\/blog\/wp-content\/uploads\/2017\/12\/subaru_xv2.jpg\" alt=\"Subaru XV 2018\" data-srcset=\"https:\/\/www.subaru.es\/blog\/wp-content\/uploads\/2017\/12\/subaru_xv2.jpg 1200w, https:\/\/www.subaru.es\/blog\/wp-content\/uploads\/2017\/12\/subaru_xv2-560x274.jpg 560w, https:\/\/www.subaru.es\/blog\/wp-content\/uploads\/2017\/12\/subaru_xv2-768x376.jpg 768w\" data-sizes=\"(max-width: 1200px) 100vw, 1200px\" src=\"data:image\/svg+xml;base64,PHN2ZyB3aWR0aD0iMSIgaGVpZ2h0PSIxIiB4bWxucz0iaHR0cDovL3d3dy53My5vcmcvMjAwMC9zdmciPjwvc3ZnPg==\" style=\"--smush-placeholder-width: 1200px; --smush-placeholder-aspect-ratio: 1200\/587;\" \/><\/p>\n","protected":false},"excerpt":{"rendered":"<p>El Nuevo Subaru XV ya es una realidad, y en Subaru Espa\u00f1a hemos querido que los conductores m\u00e1s cr\u00edticos, los periodistas especializados en pruebas de coches, lo valoren y ofrezcan sus opiniones a trav\u00e9s de sus medios. El resultado son cr\u00edticas muy positivas que recogemos en este post, donde recopilamos las valoraciones de ocho importantes [&hellip;]<\/p>\n","protected":false},"author":21,"featured_media":18435,"comment_status":"open","ping_status":"closed","sticky":false,"template":"","format":"standard","meta":{"_acf_changed":false,"_eb_attr":"","inline_featured_image":false,"footnotes":""},"categories":[4401],"tags":[193,4488,4398,4518,4120],"class_list":["post-18433","post","type-post","status-publish","format-standard","has-post-thumbnail","hentry","category-nuestra-marca","tag-prensa","tag-prensa-del-motor","tag-subaru-xv","tag-subaru-xv-2018","tag-xv"],"acf":[],"yoast_head":"<!-- This site is optimized with the Yoast SEO plugin v27.3 - https:\/\/yoast.com\/product\/yoast-seo-wordpress\/ -->\n<title>\u00bfQu\u00e9 piensan los expertos del nuevo Subaru XV? - Universo Subaru<\/title>\n<meta name=\"description\" content=\"Casi 100 periodistas de medios de todo el pa\u00eds se han dado cita en Toledo para ponerse a los mandos de la nueva generaci\u00f3n del Nuevo Subaru XV.\" \/>\n<meta name=\"robots\" content=\"index, follow, max-snippet:-1, max-image-preview:large, max-video-preview:-1\" \/>\n<link rel=\"canonical\" href=\"https:\/\/www.subaru.es\/blog\/nuestra-marca\/subaru-xv-seduce-prensa\/\" \/>\n<meta property=\"og:locale\" content=\"es_ES\" \/>\n<meta property=\"og:type\" content=\"article\" \/>\n<meta property=\"og:title\" content=\"\u00bfQu\u00e9 piensan los expertos del nuevo Subaru XV? - Universo Subaru\" \/>\n<meta property=\"og:description\" content=\"Casi 100 periodistas de medios de todo el pa\u00eds se han dado cita en Toledo para ponerse a los mandos de la nueva generaci\u00f3n del Nuevo Subaru XV.\" \/>\n<meta property=\"og:url\" content=\"https:\/\/www.subaru.es\/blog\/nuestra-marca\/subaru-xv-seduce-prensa\/\" \/>\n<meta property=\"og:site_name\" content=\"Universo Subaru\" \/>\n<meta property=\"article:publisher\" content=\"https:\/\/www.facebook.com\/subaruespana\" \/>\n<meta property=\"article:published_time\" content=\"2017-12-18T23:38:42+00:00\" \/>\n<meta property=\"article:modified_time\" content=\"2018-03-13T09:01:53+00:00\" \/>\n<meta property=\"og:image\" content=\"https:\/\/www.subaru.es\/blog\/wp-content\/uploads\/2017\/12\/subaru_xv.jpg\" \/>\n\t<meta property=\"og:image:width\" content=\"1200\" \/>\n\t<meta property=\"og:image:height\" content=\"410\" \/>\n\t<meta property=\"og:image:type\" content=\"image\/jpeg\" \/>\n<meta name=\"author\" content=\"Subaru\" \/>\n<meta name=\"twitter:card\" content=\"summary_large_image\" \/>\n<meta name=\"twitter:label1\" content=\"Escrito por\" \/>\n\t<meta name=\"twitter:data1\" content=\"Subaru\" \/>\n\t<meta name=\"twitter:label2\" content=\"Tiempo de lectura\" \/>\n\t<meta name=\"twitter:data2\" content=\"5 minutos\" \/>\n<script type=\"application\/ld+json\" class=\"yoast-schema-graph\">{\"@context\":\"https:\\\/\\\/schema.org\",\"@graph\":[{\"@type\":\"Article\",\"@id\":\"https:\\\/\\\/www.subaru.es\\\/blog\\\/nuestra-marca\\\/subaru-xv-seduce-prensa\\\/#article\",\"isPartOf\":{\"@id\":\"https:\\\/\\\/www.subaru.es\\\/blog\\\/nuestra-marca\\\/subaru-xv-seduce-prensa\\\/\"},\"author\":{\"name\":\"Subaru\",\"@id\":\"https:\\\/\\\/www.subaru.es\\\/blog\\\/#\\\/schema\\\/person\\\/19a90b892230b8e0ec752704ddf4aa10\"},\"headline\":\"\u00bfQu\u00e9 piensan los expertos del nuevo Subaru XV?\",\"datePublished\":\"2017-12-18T23:38:42+00:00\",\"dateModified\":\"2018-03-13T09:01:53+00:00\",\"mainEntityOfPage\":{\"@id\":\"https:\\\/\\\/www.subaru.es\\\/blog\\\/nuestra-marca\\\/subaru-xv-seduce-prensa\\\/\"},\"wordCount\":1020,\"commentCount\":1,\"publisher\":{\"@id\":\"https:\\\/\\\/www.subaru.es\\\/blog\\\/#organization\"},\"image\":{\"@id\":\"https:\\\/\\\/www.subaru.es\\\/blog\\\/nuestra-marca\\\/subaru-xv-seduce-prensa\\\/#primaryimage\"},\"thumbnailUrl\":\"https:\\\/\\\/www.subaru.es\\\/blog\\\/wp-content\\\/uploads\\\/2017\\\/12\\\/subaru_xv.jpg\",\"keywords\":[\"prensa\",\"prensa del motor\",\"Subaru XV\",\"Subaru XV 2018\",\"XV\"],\"articleSection\":[\"Nuestra marca\"],\"inLanguage\":\"es\",\"potentialAction\":[{\"@type\":\"CommentAction\",\"name\":\"Comment\",\"target\":[\"https:\\\/\\\/www.subaru.es\\\/blog\\\/nuestra-marca\\\/subaru-xv-seduce-prensa\\\/#respond\"]}]},{\"@type\":\"WebPage\",\"@id\":\"https:\\\/\\\/www.subaru.es\\\/blog\\\/nuestra-marca\\\/subaru-xv-seduce-prensa\\\/\",\"url\":\"https:\\\/\\\/www.subaru.es\\\/blog\\\/nuestra-marca\\\/subaru-xv-seduce-prensa\\\/\",\"name\":\"\u00bfQu\u00e9 piensan los expertos del nuevo Subaru XV? - Universo Subaru\",\"isPartOf\":{\"@id\":\"https:\\\/\\\/www.subaru.es\\\/blog\\\/#website\"},\"primaryImageOfPage\":{\"@id\":\"https:\\\/\\\/www.subaru.es\\\/blog\\\/nuestra-marca\\\/subaru-xv-seduce-prensa\\\/#primaryimage\"},\"image\":{\"@id\":\"https:\\\/\\\/www.subaru.es\\\/blog\\\/nuestra-marca\\\/subaru-xv-seduce-prensa\\\/#primaryimage\"},\"thumbnailUrl\":\"https:\\\/\\\/www.subaru.es\\\/blog\\\/wp-content\\\/uploads\\\/2017\\\/12\\\/subaru_xv.jpg\",\"datePublished\":\"2017-12-18T23:38:42+00:00\",\"dateModified\":\"2018-03-13T09:01:53+00:00\",\"description\":\"Casi 100 periodistas de medios de todo el pa\u00eds se han dado cita en Toledo para ponerse a los mandos de la nueva generaci\u00f3n del Nuevo Subaru XV.\",\"breadcrumb\":{\"@id\":\"https:\\\/\\\/www.subaru.es\\\/blog\\\/nuestra-marca\\\/subaru-xv-seduce-prensa\\\/#breadcrumb\"},\"inLanguage\":\"es\",\"potentialAction\":[{\"@type\":\"ReadAction\",\"target\":[\"https:\\\/\\\/www.subaru.es\\\/blog\\\/nuestra-marca\\\/subaru-xv-seduce-prensa\\\/\"]}]},{\"@type\":\"ImageObject\",\"inLanguage\":\"es\",\"@id\":\"https:\\\/\\\/www.subaru.es\\\/blog\\\/nuestra-marca\\\/subaru-xv-seduce-prensa\\\/#primaryimage\",\"url\":\"https:\\\/\\\/www.subaru.es\\\/blog\\\/wp-content\\\/uploads\\\/2017\\\/12\\\/subaru_xv.jpg\",\"contentUrl\":\"https:\\\/\\\/www.subaru.es\\\/blog\\\/wp-content\\\/uploads\\\/2017\\\/12\\\/subaru_xv.jpg\",\"width\":1200,\"height\":410,\"caption\":\"Subaru XV 2018\"},{\"@type\":\"BreadcrumbList\",\"@id\":\"https:\\\/\\\/www.subaru.es\\\/blog\\\/nuestra-marca\\\/subaru-xv-seduce-prensa\\\/#breadcrumb\",\"itemListElement\":[{\"@type\":\"ListItem\",\"position\":1,\"name\":\"Portada\",\"item\":\"https:\\\/\\\/www.subaru.es\\\/blog\\\/\"},{\"@type\":\"ListItem\",\"position\":2,\"name\":\"\u00bfQu\u00e9 piensan los expertos del nuevo Subaru XV?\"}]},{\"@type\":\"WebSite\",\"@id\":\"https:\\\/\\\/www.subaru.es\\\/blog\\\/#website\",\"url\":\"https:\\\/\\\/www.subaru.es\\\/blog\\\/\",\"name\":\"Universo Subaru\",\"description\":\"Descubre este apasionante espacio de Subaru donde vas a conocer todo sobre nuestros coches y las experiencias que vivimos con ellos. Si est\u00e1s preparado para dejarte seducir por la filosof\u00eda Subaru, qu\u00e9date con nosotros.\",\"publisher\":{\"@id\":\"https:\\\/\\\/www.subaru.es\\\/blog\\\/#organization\"},\"potentialAction\":[{\"@type\":\"SearchAction\",\"target\":{\"@type\":\"EntryPoint\",\"urlTemplate\":\"https:\\\/\\\/www.subaru.es\\\/blog\\\/?s={search_term_string}\"},\"query-input\":{\"@type\":\"PropertyValueSpecification\",\"valueRequired\":true,\"valueName\":\"search_term_string\"}}],\"inLanguage\":\"es\"},{\"@type\":\"Organization\",\"@id\":\"https:\\\/\\\/www.subaru.es\\\/blog\\\/#organization\",\"name\":\"Subaru Espa\u00f1a S.A.\",\"url\":\"https:\\\/\\\/www.subaru.es\\\/blog\\\/\",\"logo\":{\"@type\":\"ImageObject\",\"inLanguage\":\"es\",\"@id\":\"https:\\\/\\\/www.subaru.es\\\/blog\\\/#\\\/schema\\\/logo\\\/image\\\/\",\"url\":\"https:\\\/\\\/www.subaru.es\\\/blog\\\/wp-content\\\/uploads\\\/2016\\\/12\\\/Logo-Subaru-TypeV_C300-scaled.jpg\",\"contentUrl\":\"https:\\\/\\\/www.subaru.es\\\/blog\\\/wp-content\\\/uploads\\\/2016\\\/12\\\/Logo-Subaru-TypeV_C300-scaled.jpg\",\"width\":2560,\"height\":1864,\"caption\":\"Subaru Espa\u00f1a S.A.\"},\"image\":{\"@id\":\"https:\\\/\\\/www.subaru.es\\\/blog\\\/#\\\/schema\\\/logo\\\/image\\\/\"},\"sameAs\":[\"https:\\\/\\\/www.facebook.com\\\/subaruespana\",\"https:\\\/\\\/www.instagram.com\\\/subarues\\\/\",\"https:\\\/\\\/www.youtube.com\\\/user\\\/subaruespana\"]},{\"@type\":\"Person\",\"@id\":\"https:\\\/\\\/www.subaru.es\\\/blog\\\/#\\\/schema\\\/person\\\/19a90b892230b8e0ec752704ddf4aa10\",\"name\":\"Subaru\",\"url\":\"https:\\\/\\\/www.subaru.es\\\/blog\\\/author\\\/subaria\\\/\"}]}<\/script>\n<!-- \/ Yoast SEO plugin. -->","yoast_head_json":{"title":"\u00bfQu\u00e9 piensan los expertos del nuevo Subaru XV? - Universo Subaru","description":"Casi 100 periodistas de medios de todo el pa\u00eds se han dado cita en Toledo para ponerse a los mandos de la nueva generaci\u00f3n del Nuevo Subaru XV.","robots":{"index":"index","follow":"follow","max-snippet":"max-snippet:-1","max-image-preview":"max-image-preview:large","max-video-preview":"max-video-preview:-1"},"canonical":"https:\/\/www.subaru.es\/blog\/nuestra-marca\/subaru-xv-seduce-prensa\/","og_locale":"es_ES","og_type":"article","og_title":"\u00bfQu\u00e9 piensan los expertos del nuevo Subaru XV? - Universo Subaru","og_description":"Casi 100 periodistas de medios de todo el pa\u00eds se han dado cita en Toledo para ponerse a los mandos de la nueva generaci\u00f3n del Nuevo Subaru XV.","og_url":"https:\/\/www.subaru.es\/blog\/nuestra-marca\/subaru-xv-seduce-prensa\/","og_site_name":"Universo Subaru","article_publisher":"https:\/\/www.facebook.com\/subaruespana","article_published_time":"2017-12-18T23:38:42+00:00","article_modified_time":"2018-03-13T09:01:53+00:00","og_image":[{"width":1200,"height":410,"url":"https:\/\/www.subaru.es\/blog\/wp-content\/uploads\/2017\/12\/subaru_xv.jpg","type":"image\/jpeg"}],"author":"Subaru","twitter_card":"summary_large_image","twitter_misc":{"Escrito por":"Subaru","Tiempo de lectura":"5 minutos"},"schema":{"@context":"https:\/\/schema.org","@graph":[{"@type":"Article","@id":"https:\/\/www.subaru.es\/blog\/nuestra-marca\/subaru-xv-seduce-prensa\/#article","isPartOf":{"@id":"https:\/\/www.subaru.es\/blog\/nuestra-marca\/subaru-xv-seduce-prensa\/"},"author":{"name":"Subaru","@id":"https:\/\/www.subaru.es\/blog\/#\/schema\/person\/19a90b892230b8e0ec752704ddf4aa10"},"headline":"\u00bfQu\u00e9 piensan los expertos del nuevo Subaru XV?","datePublished":"2017-12-18T23:38:42+00:00","dateModified":"2018-03-13T09:01:53+00:00","mainEntityOfPage":{"@id":"https:\/\/www.subaru.es\/blog\/nuestra-marca\/subaru-xv-seduce-prensa\/"},"wordCount":1020,"commentCount":1,"publisher":{"@id":"https:\/\/www.subaru.es\/blog\/#organization"},"image":{"@id":"https:\/\/www.subaru.es\/blog\/nuestra-marca\/subaru-xv-seduce-prensa\/#primaryimage"},"thumbnailUrl":"https:\/\/www.subaru.es\/blog\/wp-content\/uploads\/2017\/12\/subaru_xv.jpg","keywords":["prensa","prensa del motor","Subaru XV","Subaru XV 2018","XV"],"articleSection":["Nuestra marca"],"inLanguage":"es","potentialAction":[{"@type":"CommentAction","name":"Comment","target":["https:\/\/www.subaru.es\/blog\/nuestra-marca\/subaru-xv-seduce-prensa\/#respond"]}]},{"@type":"WebPage","@id":"https:\/\/www.subaru.es\/blog\/nuestra-marca\/subaru-xv-seduce-prensa\/","url":"https:\/\/www.subaru.es\/blog\/nuestra-marca\/subaru-xv-seduce-prensa\/","name":"\u00bfQu\u00e9 piensan los expertos del nuevo Subaru XV? - Universo Subaru","isPartOf":{"@id":"https:\/\/www.subaru.es\/blog\/#website"},"primaryImageOfPage":{"@id":"https:\/\/www.subaru.es\/blog\/nuestra-marca\/subaru-xv-seduce-prensa\/#primaryimage"},"image":{"@id":"https:\/\/www.subaru.es\/blog\/nuestra-marca\/subaru-xv-seduce-prensa\/#primaryimage"},"thumbnailUrl":"https:\/\/www.subaru.es\/blog\/wp-content\/uploads\/2017\/12\/subaru_xv.jpg","datePublished":"2017-12-18T23:38:42+00:00","dateModified":"2018-03-13T09:01:53+00:00","description":"Casi 100 periodistas de medios de todo el pa\u00eds se han dado cita en Toledo para ponerse a los mandos de la nueva generaci\u00f3n del Nuevo Subaru XV.","breadcrumb":{"@id":"https:\/\/www.subaru.es\/blog\/nuestra-marca\/subaru-xv-seduce-prensa\/#breadcrumb"},"inLanguage":"es","potentialAction":[{"@type":"ReadAction","target":["https:\/\/www.subaru.es\/blog\/nuestra-marca\/subaru-xv-seduce-prensa\/"]}]},{"@type":"ImageObject","inLanguage":"es","@id":"https:\/\/www.subaru.es\/blog\/nuestra-marca\/subaru-xv-seduce-prensa\/#primaryimage","url":"https:\/\/www.subaru.es\/blog\/wp-content\/uploads\/2017\/12\/subaru_xv.jpg","contentUrl":"https:\/\/www.subaru.es\/blog\/wp-content\/uploads\/2017\/12\/subaru_xv.jpg","width":1200,"height":410,"caption":"Subaru XV 2018"},{"@type":"BreadcrumbList","@id":"https:\/\/www.subaru.es\/blog\/nuestra-marca\/subaru-xv-seduce-prensa\/#breadcrumb","itemListElement":[{"@type":"ListItem","position":1,"name":"Portada","item":"https:\/\/www.subaru.es\/blog\/"},{"@type":"ListItem","position":2,"name":"\u00bfQu\u00e9 piensan los expertos del nuevo Subaru XV?"}]},{"@type":"WebSite","@id":"https:\/\/www.subaru.es\/blog\/#website","url":"https:\/\/www.subaru.es\/blog\/","name":"Universo Subaru","description":"Descubre este apasionante espacio de Subaru donde vas a conocer todo sobre nuestros coches y las experiencias que vivimos con ellos. Si est\u00e1s preparado para dejarte seducir por la filosof\u00eda Subaru, qu\u00e9date con nosotros.","publisher":{"@id":"https:\/\/www.subaru.es\/blog\/#organization"},"potentialAction":[{"@type":"SearchAction","target":{"@type":"EntryPoint","urlTemplate":"https:\/\/www.subaru.es\/blog\/?s={search_term_string}"},"query-input":{"@type":"PropertyValueSpecification","valueRequired":true,"valueName":"search_term_string"}}],"inLanguage":"es"},{"@type":"Organization","@id":"https:\/\/www.subaru.es\/blog\/#organization","name":"Subaru Espa\u00f1a S.A.","url":"https:\/\/www.subaru.es\/blog\/","logo":{"@type":"ImageObject","inLanguage":"es","@id":"https:\/\/www.subaru.es\/blog\/#\/schema\/logo\/image\/","url":"https:\/\/www.subaru.es\/blog\/wp-content\/uploads\/2016\/12\/Logo-Subaru-TypeV_C300-scaled.jpg","contentUrl":"https:\/\/www.subaru.es\/blog\/wp-content\/uploads\/2016\/12\/Logo-Subaru-TypeV_C300-scaled.jpg","width":2560,"height":1864,"caption":"Subaru Espa\u00f1a S.A."},"image":{"@id":"https:\/\/www.subaru.es\/blog\/#\/schema\/logo\/image\/"},"sameAs":["https:\/\/www.facebook.com\/subaruespana","https:\/\/www.instagram.com\/subarues\/","https:\/\/www.youtube.com\/user\/subaruespana"]},{"@type":"Person","@id":"https:\/\/www.subaru.es\/blog\/#\/schema\/person\/19a90b892230b8e0ec752704ddf4aa10","name":"Subaru","url":"https:\/\/www.subaru.es\/blog\/author\/subaria\/"}]}},"_links":{"self":[{"href":"https:\/\/www.subaru.es\/blog\/wp-json\/wp\/v2\/posts\/18433","targetHints":{"allow":["GET"]}}],"collection":[{"href":"https:\/\/www.subaru.es\/blog\/wp-json\/wp\/v2\/posts"}],"about":[{"href":"https:\/\/www.subaru.es\/blog\/wp-json\/wp\/v2\/types\/post"}],"author":[{"embeddable":true,"href":"https:\/\/www.subaru.es\/blog\/wp-json\/wp\/v2\/users\/21"}],"replies":[{"embeddable":true,"href":"https:\/\/www.subaru.es\/blog\/wp-json\/wp\/v2\/comments?post=18433"}],"version-history":[{"count":14,"href":"https:\/\/www.subaru.es\/blog\/wp-json\/wp\/v2\/posts\/18433\/revisions"}],"predecessor-version":[{"id":18678,"href":"https:\/\/www.subaru.es\/blog\/wp-json\/wp\/v2\/posts\/18433\/revisions\/18678"}],"wp:featuredmedia":[{"embeddable":true,"href":"https:\/\/www.subaru.es\/blog\/wp-json\/wp\/v2\/media\/18435"}],"wp:attachment":[{"href":"https:\/\/www.subaru.es\/blog\/wp-json\/wp\/v2\/media?parent=18433"}],"wp:term":[{"taxonomy":"category","embeddable":true,"href":"https:\/\/www.subaru.es\/blog\/wp-json\/wp\/v2\/categories?post=18433"},{"taxonomy":"post_tag","embeddable":true,"href":"https:\/\/www.subaru.es\/blog\/wp-json\/wp\/v2\/tags?post=18433"}],"curies":[{"name":"wp","href":"https:\/\/api.w.org\/{rel}","templated":true}]}}