{"id":1841,"date":"2009-02-15T13:14:27","date_gmt":"2009-02-15T11:14:27","guid":{"rendered":"http:\/\/subaru.preproduccion.com\/blog\/wp-content\/2009\/02\/15\/subaru-es-elegido-vehiculo-oficial-de-arco-2009\/"},"modified":"2020-08-12T13:11:39","modified_gmt":"2020-08-12T11:11:39","slug":"subaru-es-elegido-vehiculo-oficial-de-arco-2009","status":"publish","type":"post","link":"https:\/\/www.subaru.es\/blog\/nuestra-marca\/subaru-es-elegido-vehiculo-oficial-de-arco-2009\/","title":{"rendered":"Subaru es elegido veh\u00edculo oficial de Arco 2009"},"content":{"rendered":"<p><a href=\"https:\/\/www.subaru.es\/blog\/wp-content\/uploads\/2009\/01\/arco2009.jpg\" title=\"Arco 2009\"><img decoding=\"async\" data-src=\"https:\/\/www.subaru.es\/blog\/wp-content\/uploads\/2009\/01\/arco2009.jpg\" alt=\"Arco 2009\" src=\"data:image\/svg+xml;base64,PHN2ZyB3aWR0aD0iMSIgaGVpZ2h0PSIxIiB4bWxucz0iaHR0cDovL3d3dy53My5vcmcvMjAwMC9zdmciPjwvc3ZnPg==\" class=\"lazyload\" style=\"--smush-placeholder-width: 389px; --smush-placeholder-aspect-ratio: 389\/219;\"><\/a><br \/>\nLa delegaci\u00f3n de la <strong>feria de arte contempor\u00e1neo m\u00e1s importante<\/strong> que se celebra en nuestro pa\u00eds ha seleccion\u00f3 a <strong>Subaru <\/strong>para ser <strong>\u2018Veh\u00edculo Oficial\u2019 <\/strong>en nuestro pa\u00eds.<\/p>\n<p><a href=\"http:\/\/www.ifema.es\/ferias\/arco\/es.html\"><strong>Arco 2009<\/strong><\/a>, cita anual con el mundo del arte, que se celebra en las instalaciones de <strong><a href=\"www.ifema.es\">IFEMA <\/a><\/strong>del 11 al 16 de febrero, ambos inclusive.<\/p>\n<p>De esta manera, el fabricante japon\u00e9s, a trav\u00e9s de <strong>Subaru Espa\u00f1a<\/strong>, va a poner a disposici\u00f3n del evento una flota de veh\u00edculos que ser\u00e1n utilizados para el traslado de los invitados.<\/p>\n<p><strong>Subaru Espa\u00f1a <\/strong>confirma, con esta acci\u00f3n, su <strong>v\u00ednculo con el mundo del arte<\/strong>.<\/p>\n","protected":false},"excerpt":{"rendered":"<p>La delegaci\u00f3n de la feria de arte contempor\u00e1neo m\u00e1s importante que se celebra en nuestro pa\u00eds ha seleccion\u00f3 a Subaru para ser \u2018Veh\u00edculo Oficial\u2019 en nuestro pa\u00eds. Arco 2009, cita anual con el mundo del arte, que se celebra en las instalaciones de IFEMA del 11 al 16 de febrero, ambos inclusive. De esta manera, [&hellip;]<\/p>\n","protected":false},"author":21,"featured_media":1842,"comment_status":"open","ping_status":"open","sticky":false,"template":"","format":"standard","meta":{"_acf_changed":false,"_eb_attr":"","inline_featured_image":false,"footnotes":""},"categories":[4401],"tags":[1749,1751,1752,882,1750,4390,1753],"class_list":["post-1841","post","type-post","status-publish","format-standard","has-post-thumbnail","hentry","category-nuestra-marca","tag-arco-2009","tag-arte-contemporaneo","tag-delegacion","tag-feria","tag-ifema","tag-subaru","tag-vehiculo-oficial"],"acf":[],"yoast_head":"<!-- This site is optimized with the Yoast SEO plugin v27.3 - https:\/\/yoast.com\/product\/yoast-seo-wordpress\/ -->\n<title>Subaru es elegido veh\u00edculo oficial de Arco 2009 - Universo Subaru<\/title>\n<meta name=\"robots\" content=\"index, follow, max-snippet:-1, max-image-preview:large, max-video-preview:-1\" \/>\n<link rel=\"canonical\" href=\"https:\/\/www.subaru.es\/blog\/nuestra-marca\/subaru-es-elegido-vehiculo-oficial-de-arco-2009\/\" \/>\n<meta property=\"og:locale\" content=\"es_ES\" \/>\n<meta property=\"og:type\" content=\"article\" \/>\n<meta property=\"og:title\" content=\"Subaru es elegido veh\u00edculo oficial de Arco 2009 - Universo Subaru\" \/>\n<meta property=\"og:description\" content=\"La delegaci\u00f3n de la feria de arte contempor\u00e1neo m\u00e1s importante que se celebra en nuestro pa\u00eds ha seleccion\u00f3 a Subaru para ser \u2018Veh\u00edculo Oficial\u2019 en nuestro pa\u00eds. Arco 2009, cita anual con el mundo del arte, que se celebra en las instalaciones de IFEMA del 11 al 16 de febrero, ambos inclusive. De esta manera, [&hellip;]\" \/>\n<meta property=\"og:url\" content=\"https:\/\/www.subaru.es\/blog\/nuestra-marca\/subaru-es-elegido-vehiculo-oficial-de-arco-2009\/\" \/>\n<meta property=\"og:site_name\" content=\"Universo Subaru\" \/>\n<meta property=\"article:publisher\" content=\"https:\/\/www.facebook.com\/subaruespana\" \/>\n<meta property=\"article:published_time\" content=\"2009-02-15T11:14:27+00:00\" \/>\n<meta property=\"article:modified_time\" content=\"2020-08-12T11:11:39+00:00\" \/>\n<meta property=\"og:image\" content=\"https:\/\/www.subaru.es\/blog\/wp-content\/uploads\/2009\/01\/arco2009.jpg\" \/>\n\t<meta property=\"og:image:width\" content=\"389\" \/>\n\t<meta property=\"og:image:height\" content=\"219\" \/>\n\t<meta property=\"og:image:type\" content=\"image\/jpeg\" \/>\n<meta name=\"author\" content=\"Subaru\" \/>\n<meta name=\"twitter:card\" content=\"summary_large_image\" \/>\n<meta name=\"twitter:label1\" content=\"Escrito por\" \/>\n\t<meta name=\"twitter:data1\" content=\"Subaru\" \/>\n\t<meta name=\"twitter:label2\" content=\"Tiempo de lectura\" \/>\n\t<meta name=\"twitter:data2\" content=\"1 minuto\" \/>\n<script type=\"application\/ld+json\" class=\"yoast-schema-graph\">{\"@context\":\"https:\\\/\\\/schema.org\",\"@graph\":[{\"@type\":\"Article\",\"@id\":\"https:\\\/\\\/www.subaru.es\\\/blog\\\/nuestra-marca\\\/subaru-es-elegido-vehiculo-oficial-de-arco-2009\\\/#article\",\"isPartOf\":{\"@id\":\"https:\\\/\\\/www.subaru.es\\\/blog\\\/nuestra-marca\\\/subaru-es-elegido-vehiculo-oficial-de-arco-2009\\\/\"},\"author\":{\"name\":\"Subaru\",\"@id\":\"https:\\\/\\\/www.subaru.es\\\/blog\\\/#\\\/schema\\\/person\\\/19a90b892230b8e0ec752704ddf4aa10\"},\"headline\":\"Subaru es elegido veh\u00edculo oficial de Arco 2009\",\"datePublished\":\"2009-02-15T11:14:27+00:00\",\"dateModified\":\"2020-08-12T11:11:39+00:00\",\"mainEntityOfPage\":{\"@id\":\"https:\\\/\\\/www.subaru.es\\\/blog\\\/nuestra-marca\\\/subaru-es-elegido-vehiculo-oficial-de-arco-2009\\\/\"},\"wordCount\":116,\"commentCount\":0,\"publisher\":{\"@id\":\"https:\\\/\\\/www.subaru.es\\\/blog\\\/#organization\"},\"image\":{\"@id\":\"https:\\\/\\\/www.subaru.es\\\/blog\\\/nuestra-marca\\\/subaru-es-elegido-vehiculo-oficial-de-arco-2009\\\/#primaryimage\"},\"thumbnailUrl\":\"https:\\\/\\\/www.subaru.es\\\/blog\\\/wp-content\\\/uploads\\\/2009\\\/01\\\/arco2009.jpg\",\"keywords\":[\"Arco 2009\",\"arte contempor\u00e1neo\",\"delegaci\u00f3n\",\"feria\",\"IFEMA\",\"Subaru\",\"veh\u00edculo oficial\"],\"articleSection\":[\"Nuestra marca\"],\"inLanguage\":\"es\",\"potentialAction\":[{\"@type\":\"CommentAction\",\"name\":\"Comment\",\"target\":[\"https:\\\/\\\/www.subaru.es\\\/blog\\\/nuestra-marca\\\/subaru-es-elegido-vehiculo-oficial-de-arco-2009\\\/#respond\"]}]},{\"@type\":\"WebPage\",\"@id\":\"https:\\\/\\\/www.subaru.es\\\/blog\\\/nuestra-marca\\\/subaru-es-elegido-vehiculo-oficial-de-arco-2009\\\/\",\"url\":\"https:\\\/\\\/www.subaru.es\\\/blog\\\/nuestra-marca\\\/subaru-es-elegido-vehiculo-oficial-de-arco-2009\\\/\",\"name\":\"Subaru es elegido veh\u00edculo oficial de Arco 2009 - Universo Subaru\",\"isPartOf\":{\"@id\":\"https:\\\/\\\/www.subaru.es\\\/blog\\\/#website\"},\"primaryImageOfPage\":{\"@id\":\"https:\\\/\\\/www.subaru.es\\\/blog\\\/nuestra-marca\\\/subaru-es-elegido-vehiculo-oficial-de-arco-2009\\\/#primaryimage\"},\"image\":{\"@id\":\"https:\\\/\\\/www.subaru.es\\\/blog\\\/nuestra-marca\\\/subaru-es-elegido-vehiculo-oficial-de-arco-2009\\\/#primaryimage\"},\"thumbnailUrl\":\"https:\\\/\\\/www.subaru.es\\\/blog\\\/wp-content\\\/uploads\\\/2009\\\/01\\\/arco2009.jpg\",\"datePublished\":\"2009-02-15T11:14:27+00:00\",\"dateModified\":\"2020-08-12T11:11:39+00:00\",\"breadcrumb\":{\"@id\":\"https:\\\/\\\/www.subaru.es\\\/blog\\\/nuestra-marca\\\/subaru-es-elegido-vehiculo-oficial-de-arco-2009\\\/#breadcrumb\"},\"inLanguage\":\"es\",\"potentialAction\":[{\"@type\":\"ReadAction\",\"target\":[\"https:\\\/\\\/www.subaru.es\\\/blog\\\/nuestra-marca\\\/subaru-es-elegido-vehiculo-oficial-de-arco-2009\\\/\"]}]},{\"@type\":\"ImageObject\",\"inLanguage\":\"es\",\"@id\":\"https:\\\/\\\/www.subaru.es\\\/blog\\\/nuestra-marca\\\/subaru-es-elegido-vehiculo-oficial-de-arco-2009\\\/#primaryimage\",\"url\":\"https:\\\/\\\/www.subaru.es\\\/blog\\\/wp-content\\\/uploads\\\/2009\\\/01\\\/arco2009.jpg\",\"contentUrl\":\"https:\\\/\\\/www.subaru.es\\\/blog\\\/wp-content\\\/uploads\\\/2009\\\/01\\\/arco2009.jpg\",\"width\":389,\"height\":219},{\"@type\":\"BreadcrumbList\",\"@id\":\"https:\\\/\\\/www.subaru.es\\\/blog\\\/nuestra-marca\\\/subaru-es-elegido-vehiculo-oficial-de-arco-2009\\\/#breadcrumb\",\"itemListElement\":[{\"@type\":\"ListItem\",\"position\":1,\"name\":\"Portada\",\"item\":\"https:\\\/\\\/www.subaru.es\\\/blog\\\/\"},{\"@type\":\"ListItem\",\"position\":2,\"name\":\"Subaru es elegido veh\u00edculo oficial de Arco 2009\"}]},{\"@type\":\"WebSite\",\"@id\":\"https:\\\/\\\/www.subaru.es\\\/blog\\\/#website\",\"url\":\"https:\\\/\\\/www.subaru.es\\\/blog\\\/\",\"name\":\"Universo Subaru\",\"description\":\"Descubre este apasionante espacio de Subaru donde vas a conocer todo sobre nuestros coches y las experiencias que vivimos con ellos. Si est\u00e1s preparado para dejarte seducir por la filosof\u00eda Subaru, qu\u00e9date con nosotros.\",\"publisher\":{\"@id\":\"https:\\\/\\\/www.subaru.es\\\/blog\\\/#organization\"},\"potentialAction\":[{\"@type\":\"SearchAction\",\"target\":{\"@type\":\"EntryPoint\",\"urlTemplate\":\"https:\\\/\\\/www.subaru.es\\\/blog\\\/?s={search_term_string}\"},\"query-input\":{\"@type\":\"PropertyValueSpecification\",\"valueRequired\":true,\"valueName\":\"search_term_string\"}}],\"inLanguage\":\"es\"},{\"@type\":\"Organization\",\"@id\":\"https:\\\/\\\/www.subaru.es\\\/blog\\\/#organization\",\"name\":\"Subaru Espa\u00f1a S.A.\",\"url\":\"https:\\\/\\\/www.subaru.es\\\/blog\\\/\",\"logo\":{\"@type\":\"ImageObject\",\"inLanguage\":\"es\",\"@id\":\"https:\\\/\\\/www.subaru.es\\\/blog\\\/#\\\/schema\\\/logo\\\/image\\\/\",\"url\":\"https:\\\/\\\/www.subaru.es\\\/blog\\\/wp-content\\\/uploads\\\/2016\\\/12\\\/Logo-Subaru-TypeV_C300-scaled.jpg\",\"contentUrl\":\"https:\\\/\\\/www.subaru.es\\\/blog\\\/wp-content\\\/uploads\\\/2016\\\/12\\\/Logo-Subaru-TypeV_C300-scaled.jpg\",\"width\":2560,\"height\":1864,\"caption\":\"Subaru Espa\u00f1a S.A.\"},\"image\":{\"@id\":\"https:\\\/\\\/www.subaru.es\\\/blog\\\/#\\\/schema\\\/logo\\\/image\\\/\"},\"sameAs\":[\"https:\\\/\\\/www.facebook.com\\\/subaruespana\",\"https:\\\/\\\/www.instagram.com\\\/subarues\\\/\",\"https:\\\/\\\/www.youtube.com\\\/user\\\/subaruespana\"]},{\"@type\":\"Person\",\"@id\":\"https:\\\/\\\/www.subaru.es\\\/blog\\\/#\\\/schema\\\/person\\\/19a90b892230b8e0ec752704ddf4aa10\",\"name\":\"Subaru\",\"url\":\"https:\\\/\\\/www.subaru.es\\\/blog\\\/author\\\/subaria\\\/\"}]}<\/script>\n<!-- \/ Yoast SEO plugin. -->","yoast_head_json":{"title":"Subaru es elegido veh\u00edculo oficial de Arco 2009 - Universo Subaru","robots":{"index":"index","follow":"follow","max-snippet":"max-snippet:-1","max-image-preview":"max-image-preview:large","max-video-preview":"max-video-preview:-1"},"canonical":"https:\/\/www.subaru.es\/blog\/nuestra-marca\/subaru-es-elegido-vehiculo-oficial-de-arco-2009\/","og_locale":"es_ES","og_type":"article","og_title":"Subaru es elegido veh\u00edculo oficial de Arco 2009 - Universo Subaru","og_description":"La delegaci\u00f3n de la feria de arte contempor\u00e1neo m\u00e1s importante que se celebra en nuestro pa\u00eds ha seleccion\u00f3 a Subaru para ser \u2018Veh\u00edculo Oficial\u2019 en nuestro pa\u00eds. Arco 2009, cita anual con el mundo del arte, que se celebra en las instalaciones de IFEMA del 11 al 16 de febrero, ambos inclusive. De esta manera, [&hellip;]","og_url":"https:\/\/www.subaru.es\/blog\/nuestra-marca\/subaru-es-elegido-vehiculo-oficial-de-arco-2009\/","og_site_name":"Universo Subaru","article_publisher":"https:\/\/www.facebook.com\/subaruespana","article_published_time":"2009-02-15T11:14:27+00:00","article_modified_time":"2020-08-12T11:11:39+00:00","og_image":[{"width":389,"height":219,"url":"https:\/\/www.subaru.es\/blog\/wp-content\/uploads\/2009\/01\/arco2009.jpg","type":"image\/jpeg"}],"author":"Subaru","twitter_card":"summary_large_image","twitter_misc":{"Escrito por":"Subaru","Tiempo de lectura":"1 minuto"},"schema":{"@context":"https:\/\/schema.org","@graph":[{"@type":"Article","@id":"https:\/\/www.subaru.es\/blog\/nuestra-marca\/subaru-es-elegido-vehiculo-oficial-de-arco-2009\/#article","isPartOf":{"@id":"https:\/\/www.subaru.es\/blog\/nuestra-marca\/subaru-es-elegido-vehiculo-oficial-de-arco-2009\/"},"author":{"name":"Subaru","@id":"https:\/\/www.subaru.es\/blog\/#\/schema\/person\/19a90b892230b8e0ec752704ddf4aa10"},"headline":"Subaru es elegido veh\u00edculo oficial de Arco 2009","datePublished":"2009-02-15T11:14:27+00:00","dateModified":"2020-08-12T11:11:39+00:00","mainEntityOfPage":{"@id":"https:\/\/www.subaru.es\/blog\/nuestra-marca\/subaru-es-elegido-vehiculo-oficial-de-arco-2009\/"},"wordCount":116,"commentCount":0,"publisher":{"@id":"https:\/\/www.subaru.es\/blog\/#organization"},"image":{"@id":"https:\/\/www.subaru.es\/blog\/nuestra-marca\/subaru-es-elegido-vehiculo-oficial-de-arco-2009\/#primaryimage"},"thumbnailUrl":"https:\/\/www.subaru.es\/blog\/wp-content\/uploads\/2009\/01\/arco2009.jpg","keywords":["Arco 2009","arte contempor\u00e1neo","delegaci\u00f3n","feria","IFEMA","Subaru","veh\u00edculo oficial"],"articleSection":["Nuestra marca"],"inLanguage":"es","potentialAction":[{"@type":"CommentAction","name":"Comment","target":["https:\/\/www.subaru.es\/blog\/nuestra-marca\/subaru-es-elegido-vehiculo-oficial-de-arco-2009\/#respond"]}]},{"@type":"WebPage","@id":"https:\/\/www.subaru.es\/blog\/nuestra-marca\/subaru-es-elegido-vehiculo-oficial-de-arco-2009\/","url":"https:\/\/www.subaru.es\/blog\/nuestra-marca\/subaru-es-elegido-vehiculo-oficial-de-arco-2009\/","name":"Subaru es elegido veh\u00edculo oficial de Arco 2009 - Universo Subaru","isPartOf":{"@id":"https:\/\/www.subaru.es\/blog\/#website"},"primaryImageOfPage":{"@id":"https:\/\/www.subaru.es\/blog\/nuestra-marca\/subaru-es-elegido-vehiculo-oficial-de-arco-2009\/#primaryimage"},"image":{"@id":"https:\/\/www.subaru.es\/blog\/nuestra-marca\/subaru-es-elegido-vehiculo-oficial-de-arco-2009\/#primaryimage"},"thumbnailUrl":"https:\/\/www.subaru.es\/blog\/wp-content\/uploads\/2009\/01\/arco2009.jpg","datePublished":"2009-02-15T11:14:27+00:00","dateModified":"2020-08-12T11:11:39+00:00","breadcrumb":{"@id":"https:\/\/www.subaru.es\/blog\/nuestra-marca\/subaru-es-elegido-vehiculo-oficial-de-arco-2009\/#breadcrumb"},"inLanguage":"es","potentialAction":[{"@type":"ReadAction","target":["https:\/\/www.subaru.es\/blog\/nuestra-marca\/subaru-es-elegido-vehiculo-oficial-de-arco-2009\/"]}]},{"@type":"ImageObject","inLanguage":"es","@id":"https:\/\/www.subaru.es\/blog\/nuestra-marca\/subaru-es-elegido-vehiculo-oficial-de-arco-2009\/#primaryimage","url":"https:\/\/www.subaru.es\/blog\/wp-content\/uploads\/2009\/01\/arco2009.jpg","contentUrl":"https:\/\/www.subaru.es\/blog\/wp-content\/uploads\/2009\/01\/arco2009.jpg","width":389,"height":219},{"@type":"BreadcrumbList","@id":"https:\/\/www.subaru.es\/blog\/nuestra-marca\/subaru-es-elegido-vehiculo-oficial-de-arco-2009\/#breadcrumb","itemListElement":[{"@type":"ListItem","position":1,"name":"Portada","item":"https:\/\/www.subaru.es\/blog\/"},{"@type":"ListItem","position":2,"name":"Subaru es elegido veh\u00edculo oficial de Arco 2009"}]},{"@type":"WebSite","@id":"https:\/\/www.subaru.es\/blog\/#website","url":"https:\/\/www.subaru.es\/blog\/","name":"Universo Subaru","description":"Descubre este apasionante espacio de Subaru donde vas a conocer todo sobre nuestros coches y las experiencias que vivimos con ellos. Si est\u00e1s preparado para dejarte seducir por la filosof\u00eda Subaru, qu\u00e9date con nosotros.","publisher":{"@id":"https:\/\/www.subaru.es\/blog\/#organization"},"potentialAction":[{"@type":"SearchAction","target":{"@type":"EntryPoint","urlTemplate":"https:\/\/www.subaru.es\/blog\/?s={search_term_string}"},"query-input":{"@type":"PropertyValueSpecification","valueRequired":true,"valueName":"search_term_string"}}],"inLanguage":"es"},{"@type":"Organization","@id":"https:\/\/www.subaru.es\/blog\/#organization","name":"Subaru Espa\u00f1a S.A.","url":"https:\/\/www.subaru.es\/blog\/","logo":{"@type":"ImageObject","inLanguage":"es","@id":"https:\/\/www.subaru.es\/blog\/#\/schema\/logo\/image\/","url":"https:\/\/www.subaru.es\/blog\/wp-content\/uploads\/2016\/12\/Logo-Subaru-TypeV_C300-scaled.jpg","contentUrl":"https:\/\/www.subaru.es\/blog\/wp-content\/uploads\/2016\/12\/Logo-Subaru-TypeV_C300-scaled.jpg","width":2560,"height":1864,"caption":"Subaru Espa\u00f1a S.A."},"image":{"@id":"https:\/\/www.subaru.es\/blog\/#\/schema\/logo\/image\/"},"sameAs":["https:\/\/www.facebook.com\/subaruespana","https:\/\/www.instagram.com\/subarues\/","https:\/\/www.youtube.com\/user\/subaruespana"]},{"@type":"Person","@id":"https:\/\/www.subaru.es\/blog\/#\/schema\/person\/19a90b892230b8e0ec752704ddf4aa10","name":"Subaru","url":"https:\/\/www.subaru.es\/blog\/author\/subaria\/"}]}},"_links":{"self":[{"href":"https:\/\/www.subaru.es\/blog\/wp-json\/wp\/v2\/posts\/1841","targetHints":{"allow":["GET"]}}],"collection":[{"href":"https:\/\/www.subaru.es\/blog\/wp-json\/wp\/v2\/posts"}],"about":[{"href":"https:\/\/www.subaru.es\/blog\/wp-json\/wp\/v2\/types\/post"}],"author":[{"embeddable":true,"href":"https:\/\/www.subaru.es\/blog\/wp-json\/wp\/v2\/users\/21"}],"replies":[{"embeddable":true,"href":"https:\/\/www.subaru.es\/blog\/wp-json\/wp\/v2\/comments?post=1841"}],"version-history":[{"count":2,"href":"https:\/\/www.subaru.es\/blog\/wp-json\/wp\/v2\/posts\/1841\/revisions"}],"predecessor-version":[{"id":22303,"href":"https:\/\/www.subaru.es\/blog\/wp-json\/wp\/v2\/posts\/1841\/revisions\/22303"}],"wp:featuredmedia":[{"embeddable":true,"href":"https:\/\/www.subaru.es\/blog\/wp-json\/wp\/v2\/media\/1842"}],"wp:attachment":[{"href":"https:\/\/www.subaru.es\/blog\/wp-json\/wp\/v2\/media?parent=1841"}],"wp:term":[{"taxonomy":"category","embeddable":true,"href":"https:\/\/www.subaru.es\/blog\/wp-json\/wp\/v2\/categories?post=1841"},{"taxonomy":"post_tag","embeddable":true,"href":"https:\/\/www.subaru.es\/blog\/wp-json\/wp\/v2\/tags?post=1841"}],"curies":[{"name":"wp","href":"https:\/\/api.w.org\/{rel}","templated":true}]}}