{"id":18267,"date":"2017-11-15T16:38:19","date_gmt":"2017-11-15T14:38:19","guid":{"rendered":"http:\/\/www.subaru.es\/blog\/?p=18267"},"modified":"2017-11-15T16:38:19","modified_gmt":"2017-11-15T14:38:19","slug":"subaru-impreza-gt-turbo-25-anos","status":"publish","type":"post","link":"https:\/\/www.subaru.es\/blog\/nuestra-marca\/subaru-impreza-gt-turbo-25-anos\/","title":{"rendered":"Subaru Impreza GT Turbo, el mito cumple 25 a\u00f1os"},"content":{"rendered":"<p><strong>A finales de 1992 nac\u00eda el modelo que cambiar\u00eda la historia de <a href=\"http:\/\/www.subaru.es\/\">Subaru<\/a> para siempre, el Subaru Impreza GT Turbo. Un deportivo de alto rendimiento que muchos consideran como un verdadero veh\u00edculo de rallies homologado para la calle. Las actuaciones de pilotos como Ari Vatanen, Carlos Sainz o <a href=\"https:\/\/www.subaru.es\/blog\/motor\/subaru-impreza-wrc-colin-mcrae-subasta\/\">Colin McRae<\/a> en el Campeonato del Mundo de Rallies acrecentaron la leyenda de su versi\u00f3n de competici\u00f3n.<\/strong><\/p>\n<p>Hay veh\u00edculos que marcan un antes y un despu\u00e9s en la industria del autom\u00f3vil y uno de ellos es el espectacular <strong>Subaru Impreza GT Turbo<\/strong>. A principios de los 90, nuestra marca trabajaba para buscar un sustituto de garant\u00edas para el Legacy en el Campeonato del Mundo de Rallies , hoy conocido como WRC (World Rally Championship, Campeonato del Mundo de Rallies). Pues bien: la divisi\u00f3n de competici\u00f3n de Subaru decidi\u00f3 apostar por el nuevo modelo que se iba a incorporar a la gama: el <a href=\"https:\/\/www.subaru.es\/blog\/nuestra-marca\/subaru-impreza-2018-salon-de-frankfurt\/\">Impreza<\/a>. Este nuevo modelo vio la luz en 1992. Y para conseguir la<strong> homologaci\u00f3n de Grupo A en el Mundial de Rallies<\/strong>, el reglamento obligaba a fabricar al menos 2.500 unidades del veh\u00edculo de producci\u00f3n del que derivar\u00eda la versi\u00f3n de carreras. As\u00ed es como naci\u00f3 en octubre de 1992, hace 25 a\u00f1os, uno de los deportivos m\u00e1s ic\u00f3nicos de los \u00faltimos tiempos.<\/p>\n<p>Conocido como Impreza GT Turbo en Europa y como WRX\u00a0(World Rally Experimental) en Jap\u00f3n \u2013denominaci\u00f3n que se extender\u00eda a nivel global en generaciones sucesivas\u2013, este mito del automovilismo sorprendi\u00f3 por sus excelentes prestaciones. Gracias a su <strong><a href=\"https:\/\/www.youtube.com\/watch?v=5o_Be73XjyQ&amp;t=1s\">motor b\u00f3xer<\/a> turbo<\/strong> y a su <a href=\"https:\/\/www.youtube.com\/watch?v=CzxgOzGEOOU&amp;t=13s\"><strong>tracci\u00f3n total permanente<\/strong><\/a>, ofrec\u00eda un rendimiento que seguir\u00eda destacando hoy en d\u00eda, 25 a\u00f1os despu\u00e9s. Bajo el cap\u00f3 descansaba un motor turboalimentado de dos litros y cuatro cilindros que entregaba una potencia de 211 CV, aunque poco despu\u00e9s de su lanzamiento la potencia subi\u00f3 hasta los <strong>218 CV a 6.000 rpm<\/strong>. Gracias a esta configuraci\u00f3n mec\u00e1nica \u2013y a <strong>un peso de poco m\u00e1s de 1.200 kilos\u2013<\/strong> era capaz de acelerar de 0 a 100 km\/h en apenas 5,4 segundos, unos registros espectaculares para la \u00e9poca.<\/p>\n<p><img decoding=\"async\" width=\"1400\" height=\"646\" class=\"aligncenter size-full wp-image-18271 lazyload\" data-src=\"https:\/\/www.subaru.es\/blog\/wp-content\/uploads\/2017\/11\/impreza_gt_turbo2.jpg\" alt=\"Subaru Impreza GT Turbo\" data-srcset=\"https:\/\/www.subaru.es\/blog\/wp-content\/uploads\/2017\/11\/impreza_gt_turbo2.jpg 1400w, https:\/\/www.subaru.es\/blog\/wp-content\/uploads\/2017\/11\/impreza_gt_turbo2-560x258.jpg 560w, https:\/\/www.subaru.es\/blog\/wp-content\/uploads\/2017\/11\/impreza_gt_turbo2-768x354.jpg 768w\" data-sizes=\"(max-width: 1400px) 100vw, 1400px\" src=\"data:image\/svg+xml;base64,PHN2ZyB3aWR0aD0iMSIgaGVpZ2h0PSIxIiB4bWxucz0iaHR0cDovL3d3dy53My5vcmcvMjAwMC9zdmciPjwvc3ZnPg==\" style=\"--smush-placeholder-width: 1400px; --smush-placeholder-aspect-ratio: 1400\/646;\" \/><\/p>\n<h3>LA LEYENDA: EL WRC<\/h3>\n<p>El Subaru Impreza GT Turbo de producci\u00f3n ten\u00eda como objetivo cumplir con los requerimientos para conseguir la homologaci\u00f3n en el Grupo A del Mundial de Rallies, campeonato donde la leyenda se acrecent\u00f3. La imagen del <strong>Impreza 555<\/strong> <strong>de color azul y amarillo<\/strong> conquistando victorias a lo largo y ancho del planeta increment\u00f3 la imagen de la marca de tal manera que todav\u00eda hoy son muchos los que asocian el campeonato con los colores del Subaru World Rally Team.<\/p>\n<p><strong>El m\u00edtico Impreza 555 desarrollado por Prodrive,<\/strong> primero de una exitosa saga, comenz\u00f3 su andadura en el mundial en 1993, cuando cogi\u00f3 el testigo del Legacy. Su primera victoria llegar\u00eda un a\u00f1o despu\u00e9s, en el rally de C\u00f3rcega. <strong>En 1995 tendr\u00eda lugar su consolidaci\u00f3n definitiva, cuando Subaru y Colin McRae se hicieron con los dos t\u00edtulos mundiales<\/strong>, el de constructores y el de pilotos. En 1996 este mismo coche conseguir\u00eda el segundo t\u00edtulo de constructores para Subaru, y en 1997 repetir\u00eda t\u00edtulo pero ya bajo la nueva reglamentaci\u00f3n WRC.<\/p>\n<p>El \u00e9xito de la marca y del Impreza 555 fue tan espectacular que el Impreza GT Turbo de producci\u00f3n se convirti\u00f3 en todo un \u00e9xito a nivel global. La competici\u00f3n demostr\u00f3 la capacidad de Subaru para fabricar coches fiables, de un elevado rendimiento y capaz de competir al m\u00e1s alto nivel. Mucho ayudaron las victorias, pero tambi\u00e9n la imagen de pilotos de leyenda como Carlos Sainz o Colin McRae \u2013el escoc\u00e9s protagoniz\u00f3 incluso su propio videojuego\u2013.<\/p>\n<p><img decoding=\"async\" width=\"1490\" height=\"637\" class=\"aligncenter size-full wp-image-18273 lazyload\" data-src=\"https:\/\/www.subaru.es\/blog\/wp-content\/uploads\/2017\/11\/impreza_gt_turbo3.jpg\" alt=\"Subaru Impreza STI de 1994\" data-srcset=\"https:\/\/www.subaru.es\/blog\/wp-content\/uploads\/2017\/11\/impreza_gt_turbo3.jpg 1490w, https:\/\/www.subaru.es\/blog\/wp-content\/uploads\/2017\/11\/impreza_gt_turbo3-560x239.jpg 560w, https:\/\/www.subaru.es\/blog\/wp-content\/uploads\/2017\/11\/impreza_gt_turbo3-1440x616.jpg 1440w, https:\/\/www.subaru.es\/blog\/wp-content\/uploads\/2017\/11\/impreza_gt_turbo3-768x328.jpg 768w\" data-sizes=\"(max-width: 1490px) 100vw, 1490px\" src=\"data:image\/svg+xml;base64,PHN2ZyB3aWR0aD0iMSIgaGVpZ2h0PSIxIiB4bWxucz0iaHR0cDovL3d3dy53My5vcmcvMjAwMC9zdmciPjwvc3ZnPg==\" style=\"--smush-placeholder-width: 1490px; --smush-placeholder-aspect-ratio: 1490\/637;\" \/><\/p>\n<h3>EL STI, UN MITO QUE LLEGA HASTA NUESTROS D\u00cdAS<\/h3>\n<p>El Subaru Impreza GT Turbo se convirti\u00f3 en todo un \u00e9xito desde su lanzamiento, por lo que la compa\u00f1\u00eda decidi\u00f3 desarrollar una versi\u00f3n m\u00e1s radical para aquellos conductores que exig\u00edan un mayor rendimiento. As\u00ed naci\u00f3, en 1994, el <strong>Impreza STI,<\/strong> concebido por la divisi\u00f3n deportiva de la marca: Subaru Tecnica International. Este modelo era una evoluci\u00f3n del WRX japon\u00e9s, con un turbocompresor m\u00e1s grande para conseguir una mayor entrega de potencia. <strong>Se comercializaba en dos versiones, de 250 y 280 CV.<\/strong><\/p>\n<p>En la actualidad, las siglas <a href=\"http:\/\/www.subaru.es\/vehiculos\/wrx\"><strong>WRX STI<\/strong><\/a> siguen estando ligadas al modelo m\u00e1s deportivo y prestacional de nuestra gama. Su \u00faltima versi\u00f3n la acabamos de conocer este mismo a\u00f1o, en el mes de septiembre, cuando hizo <a href=\"https:\/\/www.subaru.es\/blog\/nuestra-marca\/impreza-wrx-sti-prensa\/\">su debut en el Sal\u00f3n de Frankfurt<\/a>. All\u00ed conocimos tambi\u00e9n la nueva generaci\u00f3n del Impreza, un nombre que desde 1992 est\u00e1 fuertemente ligado al m\u00e1ximo rendimiento tanto dentro como fuera de las pistas.<\/p>\n<p>Aquel mito que naci\u00f3 hace 25 a\u00f1os es hoy en d\u00eda uno de los modelos de referencia para Subaru. Con un motor de 300 CV y toda la esencia de sus predecesores, el WRX STI mantiene las se\u00f1as de identidad de esta primera generaci\u00f3n, como su car\u00e1cter deportivo, su motor b\u00f3xer o su tracci\u00f3n total AWD. A esto tenemos que a\u00f1adir las \u00faltimas tecnolog\u00edas en seguridad de la marca, con el sistema <a href=\"https:\/\/www.youtube.com\/watch?v=JF-DSqHhijE\"><strong>EyeSight<\/strong><\/a> a la cabeza.<\/p>\n<p><img decoding=\"async\" width=\"1260\" height=\"469\" class=\"aligncenter size-full wp-image-18274 lazyload\" data-src=\"https:\/\/www.subaru.es\/blog\/wp-content\/uploads\/2017\/11\/wrx_sti_2018.jpg\" alt=\"Subaru WRX STI 2018\" data-srcset=\"https:\/\/www.subaru.es\/blog\/wp-content\/uploads\/2017\/11\/wrx_sti_2018.jpg 1260w, https:\/\/www.subaru.es\/blog\/wp-content\/uploads\/2017\/11\/wrx_sti_2018-560x208.jpg 560w, https:\/\/www.subaru.es\/blog\/wp-content\/uploads\/2017\/11\/wrx_sti_2018-768x286.jpg 768w\" data-sizes=\"(max-width: 1260px) 100vw, 1260px\" src=\"data:image\/svg+xml;base64,PHN2ZyB3aWR0aD0iMSIgaGVpZ2h0PSIxIiB4bWxucz0iaHR0cDovL3d3dy53My5vcmcvMjAwMC9zdmciPjwvc3ZnPg==\" style=\"--smush-placeholder-width: 1260px; --smush-placeholder-aspect-ratio: 1260\/469;\" \/><\/p>\n","protected":false},"excerpt":{"rendered":"<p>A finales de 1992 nac\u00eda el modelo que cambiar\u00eda la historia de Subaru para siempre, el Subaru Impreza GT Turbo. Un deportivo de alto rendimiento que muchos consideran como un verdadero veh\u00edculo de rallies homologado para la calle. Las actuaciones de pilotos como Ari Vatanen, Carlos Sainz o Colin McRae en el Campeonato del Mundo [&hellip;]<\/p>\n","protected":false},"author":21,"featured_media":18269,"comment_status":"open","ping_status":"closed","sticky":false,"template":"","format":"standard","meta":{"_acf_changed":false,"_eb_attr":"","inline_featured_image":false,"footnotes":""},"categories":[4401],"tags":[4509,117,4510],"class_list":["post-18267","post","type-post","status-publish","format-standard","has-post-thumbnail","hentry","category-nuestra-marca","tag-impreza-gt-turbo","tag-subaru-impreza","tag-subaru-impreza-gt-turbo"],"acf":[],"yoast_head":"<!-- This site is optimized with the Yoast SEO plugin v27.3 - https:\/\/yoast.com\/product\/yoast-seo-wordpress\/ -->\n<title>Subaru Impreza GT Turbo, el mito cumple 25 a\u00f1os - Universo Subaru<\/title>\n<meta name=\"description\" content=\"A finales de 1992 nac\u00eda el m\u00edtico Subaru Impreza GT Turbo. Un deportivo que muchos consideran como un verdadero veh\u00edculo de rallies homologado para la calle\" \/>\n<meta name=\"robots\" content=\"index, follow, max-snippet:-1, max-image-preview:large, max-video-preview:-1\" \/>\n<link rel=\"canonical\" href=\"https:\/\/www.subaru.es\/blog\/nuestra-marca\/subaru-impreza-gt-turbo-25-anos\/\" \/>\n<meta property=\"og:locale\" content=\"es_ES\" \/>\n<meta property=\"og:type\" content=\"article\" \/>\n<meta property=\"og:title\" content=\"Subaru Impreza GT Turbo, el mito cumple 25 a\u00f1os - Universo Subaru\" \/>\n<meta property=\"og:description\" content=\"A finales de 1992 nac\u00eda el m\u00edtico Subaru Impreza GT Turbo. Un deportivo que muchos consideran como un verdadero veh\u00edculo de rallies homologado para la calle\" \/>\n<meta property=\"og:url\" content=\"https:\/\/www.subaru.es\/blog\/nuestra-marca\/subaru-impreza-gt-turbo-25-anos\/\" \/>\n<meta property=\"og:site_name\" content=\"Universo Subaru\" \/>\n<meta property=\"article:publisher\" content=\"https:\/\/www.facebook.com\/subaruespana\" \/>\n<meta property=\"article:published_time\" content=\"2017-11-15T14:38:19+00:00\" \/>\n<meta property=\"og:image\" content=\"https:\/\/www.subaru.es\/blog\/wp-content\/uploads\/2017\/11\/impreza_gt_turbo.jpg\" \/>\n\t<meta property=\"og:image:width\" content=\"1655\" \/>\n\t<meta property=\"og:image:height\" content=\"621\" \/>\n\t<meta property=\"og:image:type\" content=\"image\/jpeg\" \/>\n<meta name=\"author\" content=\"Subaru\" \/>\n<meta name=\"twitter:card\" content=\"summary_large_image\" \/>\n<meta name=\"twitter:label1\" content=\"Escrito por\" \/>\n\t<meta name=\"twitter:data1\" content=\"Subaru\" \/>\n\t<meta name=\"twitter:label2\" content=\"Tiempo de lectura\" \/>\n\t<meta name=\"twitter:data2\" content=\"4 minutos\" \/>\n<script type=\"application\/ld+json\" class=\"yoast-schema-graph\">{\"@context\":\"https:\\\/\\\/schema.org\",\"@graph\":[{\"@type\":\"Article\",\"@id\":\"https:\\\/\\\/www.subaru.es\\\/blog\\\/nuestra-marca\\\/subaru-impreza-gt-turbo-25-anos\\\/#article\",\"isPartOf\":{\"@id\":\"https:\\\/\\\/www.subaru.es\\\/blog\\\/nuestra-marca\\\/subaru-impreza-gt-turbo-25-anos\\\/\"},\"author\":{\"name\":\"Subaru\",\"@id\":\"https:\\\/\\\/www.subaru.es\\\/blog\\\/#\\\/schema\\\/person\\\/19a90b892230b8e0ec752704ddf4aa10\"},\"headline\":\"Subaru Impreza GT Turbo, el mito cumple 25 a\u00f1os\",\"datePublished\":\"2017-11-15T14:38:19+00:00\",\"mainEntityOfPage\":{\"@id\":\"https:\\\/\\\/www.subaru.es\\\/blog\\\/nuestra-marca\\\/subaru-impreza-gt-turbo-25-anos\\\/\"},\"wordCount\":885,\"commentCount\":2,\"publisher\":{\"@id\":\"https:\\\/\\\/www.subaru.es\\\/blog\\\/#organization\"},\"image\":{\"@id\":\"https:\\\/\\\/www.subaru.es\\\/blog\\\/nuestra-marca\\\/subaru-impreza-gt-turbo-25-anos\\\/#primaryimage\"},\"thumbnailUrl\":\"https:\\\/\\\/www.subaru.es\\\/blog\\\/wp-content\\\/uploads\\\/2017\\\/11\\\/impreza_gt_turbo.jpg\",\"keywords\":[\"Impreza GT Turbo\",\"subaru impreza\",\"Subaru Impreza GT Turbo\"],\"articleSection\":[\"Nuestra marca\"],\"inLanguage\":\"es\",\"potentialAction\":[{\"@type\":\"CommentAction\",\"name\":\"Comment\",\"target\":[\"https:\\\/\\\/www.subaru.es\\\/blog\\\/nuestra-marca\\\/subaru-impreza-gt-turbo-25-anos\\\/#respond\"]}]},{\"@type\":\"WebPage\",\"@id\":\"https:\\\/\\\/www.subaru.es\\\/blog\\\/nuestra-marca\\\/subaru-impreza-gt-turbo-25-anos\\\/\",\"url\":\"https:\\\/\\\/www.subaru.es\\\/blog\\\/nuestra-marca\\\/subaru-impreza-gt-turbo-25-anos\\\/\",\"name\":\"Subaru Impreza GT Turbo, el mito cumple 25 a\u00f1os - Universo Subaru\",\"isPartOf\":{\"@id\":\"https:\\\/\\\/www.subaru.es\\\/blog\\\/#website\"},\"primaryImageOfPage\":{\"@id\":\"https:\\\/\\\/www.subaru.es\\\/blog\\\/nuestra-marca\\\/subaru-impreza-gt-turbo-25-anos\\\/#primaryimage\"},\"image\":{\"@id\":\"https:\\\/\\\/www.subaru.es\\\/blog\\\/nuestra-marca\\\/subaru-impreza-gt-turbo-25-anos\\\/#primaryimage\"},\"thumbnailUrl\":\"https:\\\/\\\/www.subaru.es\\\/blog\\\/wp-content\\\/uploads\\\/2017\\\/11\\\/impreza_gt_turbo.jpg\",\"datePublished\":\"2017-11-15T14:38:19+00:00\",\"description\":\"A finales de 1992 nac\u00eda el m\u00edtico Subaru Impreza GT Turbo. Un deportivo que muchos consideran como un verdadero veh\u00edculo de rallies homologado para la calle\",\"breadcrumb\":{\"@id\":\"https:\\\/\\\/www.subaru.es\\\/blog\\\/nuestra-marca\\\/subaru-impreza-gt-turbo-25-anos\\\/#breadcrumb\"},\"inLanguage\":\"es\",\"potentialAction\":[{\"@type\":\"ReadAction\",\"target\":[\"https:\\\/\\\/www.subaru.es\\\/blog\\\/nuestra-marca\\\/subaru-impreza-gt-turbo-25-anos\\\/\"]}]},{\"@type\":\"ImageObject\",\"inLanguage\":\"es\",\"@id\":\"https:\\\/\\\/www.subaru.es\\\/blog\\\/nuestra-marca\\\/subaru-impreza-gt-turbo-25-anos\\\/#primaryimage\",\"url\":\"https:\\\/\\\/www.subaru.es\\\/blog\\\/wp-content\\\/uploads\\\/2017\\\/11\\\/impreza_gt_turbo.jpg\",\"contentUrl\":\"https:\\\/\\\/www.subaru.es\\\/blog\\\/wp-content\\\/uploads\\\/2017\\\/11\\\/impreza_gt_turbo.jpg\",\"width\":1655,\"height\":621,\"caption\":\"Subaru Impreza GT Turbo\"},{\"@type\":\"BreadcrumbList\",\"@id\":\"https:\\\/\\\/www.subaru.es\\\/blog\\\/nuestra-marca\\\/subaru-impreza-gt-turbo-25-anos\\\/#breadcrumb\",\"itemListElement\":[{\"@type\":\"ListItem\",\"position\":1,\"name\":\"Portada\",\"item\":\"https:\\\/\\\/www.subaru.es\\\/blog\\\/\"},{\"@type\":\"ListItem\",\"position\":2,\"name\":\"Subaru Impreza GT Turbo, el mito cumple 25 a\u00f1os\"}]},{\"@type\":\"WebSite\",\"@id\":\"https:\\\/\\\/www.subaru.es\\\/blog\\\/#website\",\"url\":\"https:\\\/\\\/www.subaru.es\\\/blog\\\/\",\"name\":\"Universo Subaru\",\"description\":\"Descubre este apasionante espacio de Subaru donde vas a conocer todo sobre nuestros coches y las experiencias que vivimos con ellos. Si est\u00e1s preparado para dejarte seducir por la filosof\u00eda Subaru, qu\u00e9date con nosotros.\",\"publisher\":{\"@id\":\"https:\\\/\\\/www.subaru.es\\\/blog\\\/#organization\"},\"potentialAction\":[{\"@type\":\"SearchAction\",\"target\":{\"@type\":\"EntryPoint\",\"urlTemplate\":\"https:\\\/\\\/www.subaru.es\\\/blog\\\/?s={search_term_string}\"},\"query-input\":{\"@type\":\"PropertyValueSpecification\",\"valueRequired\":true,\"valueName\":\"search_term_string\"}}],\"inLanguage\":\"es\"},{\"@type\":\"Organization\",\"@id\":\"https:\\\/\\\/www.subaru.es\\\/blog\\\/#organization\",\"name\":\"Subaru Espa\u00f1a S.A.\",\"url\":\"https:\\\/\\\/www.subaru.es\\\/blog\\\/\",\"logo\":{\"@type\":\"ImageObject\",\"inLanguage\":\"es\",\"@id\":\"https:\\\/\\\/www.subaru.es\\\/blog\\\/#\\\/schema\\\/logo\\\/image\\\/\",\"url\":\"https:\\\/\\\/www.subaru.es\\\/blog\\\/wp-content\\\/uploads\\\/2016\\\/12\\\/Logo-Subaru-TypeV_C300-scaled.jpg\",\"contentUrl\":\"https:\\\/\\\/www.subaru.es\\\/blog\\\/wp-content\\\/uploads\\\/2016\\\/12\\\/Logo-Subaru-TypeV_C300-scaled.jpg\",\"width\":2560,\"height\":1864,\"caption\":\"Subaru Espa\u00f1a S.A.\"},\"image\":{\"@id\":\"https:\\\/\\\/www.subaru.es\\\/blog\\\/#\\\/schema\\\/logo\\\/image\\\/\"},\"sameAs\":[\"https:\\\/\\\/www.facebook.com\\\/subaruespana\",\"https:\\\/\\\/www.instagram.com\\\/subarues\\\/\",\"https:\\\/\\\/www.youtube.com\\\/user\\\/subaruespana\"]},{\"@type\":\"Person\",\"@id\":\"https:\\\/\\\/www.subaru.es\\\/blog\\\/#\\\/schema\\\/person\\\/19a90b892230b8e0ec752704ddf4aa10\",\"name\":\"Subaru\",\"url\":\"https:\\\/\\\/www.subaru.es\\\/blog\\\/author\\\/subaria\\\/\"}]}<\/script>\n<!-- \/ Yoast SEO plugin. -->","yoast_head_json":{"title":"Subaru Impreza GT Turbo, el mito cumple 25 a\u00f1os - Universo Subaru","description":"A finales de 1992 nac\u00eda el m\u00edtico Subaru Impreza GT Turbo. Un deportivo que muchos consideran como un verdadero veh\u00edculo de rallies homologado para la calle","robots":{"index":"index","follow":"follow","max-snippet":"max-snippet:-1","max-image-preview":"max-image-preview:large","max-video-preview":"max-video-preview:-1"},"canonical":"https:\/\/www.subaru.es\/blog\/nuestra-marca\/subaru-impreza-gt-turbo-25-anos\/","og_locale":"es_ES","og_type":"article","og_title":"Subaru Impreza GT Turbo, el mito cumple 25 a\u00f1os - Universo Subaru","og_description":"A finales de 1992 nac\u00eda el m\u00edtico Subaru Impreza GT Turbo. Un deportivo que muchos consideran como un verdadero veh\u00edculo de rallies homologado para la calle","og_url":"https:\/\/www.subaru.es\/blog\/nuestra-marca\/subaru-impreza-gt-turbo-25-anos\/","og_site_name":"Universo Subaru","article_publisher":"https:\/\/www.facebook.com\/subaruespana","article_published_time":"2017-11-15T14:38:19+00:00","og_image":[{"width":1655,"height":621,"url":"https:\/\/www.subaru.es\/blog\/wp-content\/uploads\/2017\/11\/impreza_gt_turbo.jpg","type":"image\/jpeg"}],"author":"Subaru","twitter_card":"summary_large_image","twitter_misc":{"Escrito por":"Subaru","Tiempo de lectura":"4 minutos"},"schema":{"@context":"https:\/\/schema.org","@graph":[{"@type":"Article","@id":"https:\/\/www.subaru.es\/blog\/nuestra-marca\/subaru-impreza-gt-turbo-25-anos\/#article","isPartOf":{"@id":"https:\/\/www.subaru.es\/blog\/nuestra-marca\/subaru-impreza-gt-turbo-25-anos\/"},"author":{"name":"Subaru","@id":"https:\/\/www.subaru.es\/blog\/#\/schema\/person\/19a90b892230b8e0ec752704ddf4aa10"},"headline":"Subaru Impreza GT Turbo, el mito cumple 25 a\u00f1os","datePublished":"2017-11-15T14:38:19+00:00","mainEntityOfPage":{"@id":"https:\/\/www.subaru.es\/blog\/nuestra-marca\/subaru-impreza-gt-turbo-25-anos\/"},"wordCount":885,"commentCount":2,"publisher":{"@id":"https:\/\/www.subaru.es\/blog\/#organization"},"image":{"@id":"https:\/\/www.subaru.es\/blog\/nuestra-marca\/subaru-impreza-gt-turbo-25-anos\/#primaryimage"},"thumbnailUrl":"https:\/\/www.subaru.es\/blog\/wp-content\/uploads\/2017\/11\/impreza_gt_turbo.jpg","keywords":["Impreza GT Turbo","subaru impreza","Subaru Impreza GT Turbo"],"articleSection":["Nuestra marca"],"inLanguage":"es","potentialAction":[{"@type":"CommentAction","name":"Comment","target":["https:\/\/www.subaru.es\/blog\/nuestra-marca\/subaru-impreza-gt-turbo-25-anos\/#respond"]}]},{"@type":"WebPage","@id":"https:\/\/www.subaru.es\/blog\/nuestra-marca\/subaru-impreza-gt-turbo-25-anos\/","url":"https:\/\/www.subaru.es\/blog\/nuestra-marca\/subaru-impreza-gt-turbo-25-anos\/","name":"Subaru Impreza GT Turbo, el mito cumple 25 a\u00f1os - Universo Subaru","isPartOf":{"@id":"https:\/\/www.subaru.es\/blog\/#website"},"primaryImageOfPage":{"@id":"https:\/\/www.subaru.es\/blog\/nuestra-marca\/subaru-impreza-gt-turbo-25-anos\/#primaryimage"},"image":{"@id":"https:\/\/www.subaru.es\/blog\/nuestra-marca\/subaru-impreza-gt-turbo-25-anos\/#primaryimage"},"thumbnailUrl":"https:\/\/www.subaru.es\/blog\/wp-content\/uploads\/2017\/11\/impreza_gt_turbo.jpg","datePublished":"2017-11-15T14:38:19+00:00","description":"A finales de 1992 nac\u00eda el m\u00edtico Subaru Impreza GT Turbo. Un deportivo que muchos consideran como un verdadero veh\u00edculo de rallies homologado para la calle","breadcrumb":{"@id":"https:\/\/www.subaru.es\/blog\/nuestra-marca\/subaru-impreza-gt-turbo-25-anos\/#breadcrumb"},"inLanguage":"es","potentialAction":[{"@type":"ReadAction","target":["https:\/\/www.subaru.es\/blog\/nuestra-marca\/subaru-impreza-gt-turbo-25-anos\/"]}]},{"@type":"ImageObject","inLanguage":"es","@id":"https:\/\/www.subaru.es\/blog\/nuestra-marca\/subaru-impreza-gt-turbo-25-anos\/#primaryimage","url":"https:\/\/www.subaru.es\/blog\/wp-content\/uploads\/2017\/11\/impreza_gt_turbo.jpg","contentUrl":"https:\/\/www.subaru.es\/blog\/wp-content\/uploads\/2017\/11\/impreza_gt_turbo.jpg","width":1655,"height":621,"caption":"Subaru Impreza GT Turbo"},{"@type":"BreadcrumbList","@id":"https:\/\/www.subaru.es\/blog\/nuestra-marca\/subaru-impreza-gt-turbo-25-anos\/#breadcrumb","itemListElement":[{"@type":"ListItem","position":1,"name":"Portada","item":"https:\/\/www.subaru.es\/blog\/"},{"@type":"ListItem","position":2,"name":"Subaru Impreza GT Turbo, el mito cumple 25 a\u00f1os"}]},{"@type":"WebSite","@id":"https:\/\/www.subaru.es\/blog\/#website","url":"https:\/\/www.subaru.es\/blog\/","name":"Universo Subaru","description":"Descubre este apasionante espacio de Subaru donde vas a conocer todo sobre nuestros coches y las experiencias que vivimos con ellos. Si est\u00e1s preparado para dejarte seducir por la filosof\u00eda Subaru, qu\u00e9date con nosotros.","publisher":{"@id":"https:\/\/www.subaru.es\/blog\/#organization"},"potentialAction":[{"@type":"SearchAction","target":{"@type":"EntryPoint","urlTemplate":"https:\/\/www.subaru.es\/blog\/?s={search_term_string}"},"query-input":{"@type":"PropertyValueSpecification","valueRequired":true,"valueName":"search_term_string"}}],"inLanguage":"es"},{"@type":"Organization","@id":"https:\/\/www.subaru.es\/blog\/#organization","name":"Subaru Espa\u00f1a S.A.","url":"https:\/\/www.subaru.es\/blog\/","logo":{"@type":"ImageObject","inLanguage":"es","@id":"https:\/\/www.subaru.es\/blog\/#\/schema\/logo\/image\/","url":"https:\/\/www.subaru.es\/blog\/wp-content\/uploads\/2016\/12\/Logo-Subaru-TypeV_C300-scaled.jpg","contentUrl":"https:\/\/www.subaru.es\/blog\/wp-content\/uploads\/2016\/12\/Logo-Subaru-TypeV_C300-scaled.jpg","width":2560,"height":1864,"caption":"Subaru Espa\u00f1a S.A."},"image":{"@id":"https:\/\/www.subaru.es\/blog\/#\/schema\/logo\/image\/"},"sameAs":["https:\/\/www.facebook.com\/subaruespana","https:\/\/www.instagram.com\/subarues\/","https:\/\/www.youtube.com\/user\/subaruespana"]},{"@type":"Person","@id":"https:\/\/www.subaru.es\/blog\/#\/schema\/person\/19a90b892230b8e0ec752704ddf4aa10","name":"Subaru","url":"https:\/\/www.subaru.es\/blog\/author\/subaria\/"}]}},"_links":{"self":[{"href":"https:\/\/www.subaru.es\/blog\/wp-json\/wp\/v2\/posts\/18267","targetHints":{"allow":["GET"]}}],"collection":[{"href":"https:\/\/www.subaru.es\/blog\/wp-json\/wp\/v2\/posts"}],"about":[{"href":"https:\/\/www.subaru.es\/blog\/wp-json\/wp\/v2\/types\/post"}],"author":[{"embeddable":true,"href":"https:\/\/www.subaru.es\/blog\/wp-json\/wp\/v2\/users\/21"}],"replies":[{"embeddable":true,"href":"https:\/\/www.subaru.es\/blog\/wp-json\/wp\/v2\/comments?post=18267"}],"version-history":[{"count":9,"href":"https:\/\/www.subaru.es\/blog\/wp-json\/wp\/v2\/posts\/18267\/revisions"}],"predecessor-version":[{"id":18283,"href":"https:\/\/www.subaru.es\/blog\/wp-json\/wp\/v2\/posts\/18267\/revisions\/18283"}],"wp:featuredmedia":[{"embeddable":true,"href":"https:\/\/www.subaru.es\/blog\/wp-json\/wp\/v2\/media\/18269"}],"wp:attachment":[{"href":"https:\/\/www.subaru.es\/blog\/wp-json\/wp\/v2\/media?parent=18267"}],"wp:term":[{"taxonomy":"category","embeddable":true,"href":"https:\/\/www.subaru.es\/blog\/wp-json\/wp\/v2\/categories?post=18267"},{"taxonomy":"post_tag","embeddable":true,"href":"https:\/\/www.subaru.es\/blog\/wp-json\/wp\/v2\/tags?post=18267"}],"curies":[{"name":"wp","href":"https:\/\/api.w.org\/{rel}","templated":true}]}}