{"id":1823,"date":"2009-02-18T13:08:08","date_gmt":"2009-02-18T11:08:08","guid":{"rendered":"http:\/\/subaru.preproduccion.com\/blog\/wp-content\/2009\/02\/18\/subaru-new-forester-exito-de-ventas-en-chile\/"},"modified":"2020-08-12T13:11:54","modified_gmt":"2020-08-12T11:11:54","slug":"subaru-new-forester-exito-de-ventas-en-chile","status":"publish","type":"post","link":"https:\/\/www.subaru.es\/blog\/nuestra-marca\/subaru-new-forester-exito-de-ventas-en-chile\/","title":{"rendered":"Subaru New Forester, \u00e9xito de ventas en Chile"},"content":{"rendered":"<p><img decoding=\"async\" data-src=\"https:\/\/www.subaru.es\/blog\/wp-content\/uploads\/2008\/09\/forester4.jpg\" width=\"475\" alt=\"\" src=\"data:image\/svg+xml;base64,PHN2ZyB3aWR0aD0iMSIgaGVpZ2h0PSIxIiB4bWxucz0iaHR0cDovL3d3dy53My5vcmcvMjAwMC9zdmciPjwvc3ZnPg==\" class=\"lazyload\" style=\"--smush-placeholder-width: 1200px; --smush-placeholder-aspect-ratio: 1200\/800;\"><\/p>\n<p><strong>El mejor SUV del a\u00f1o <\/strong>para los chilenos no es otro que el <strong>New Forester<\/strong>, todo un \u00e9xito de ventas en este pa\u00eds. <strong>Motor Trend<\/strong>, una de las principales revistas del sector en <strong>Estados Unidos<\/strong>, ya lo lo hab\u00eda reconocido, por delante de otros 12 veh\u00edculos, como el <a href=\"https:\/\/www.subaru.es\/blog\/2008\/11\/04\/forester-todoterreno-del-ano-para-motor-trend\/\">Mejor SUV del A\u00f1o <\/a>el pasado mes de octubre. Y ahora toca <strong>Chile<\/strong>.<\/p>\n<p>La superioridad de <strong>New Forester<\/strong>, que garantiza los <strong>m\u00e1ximos est\u00e1ndares de seguridad y performance<\/strong>, lo han vuelto a hacer merecedor de este <strong>premio<\/strong>, sobre todo por su \u00f3ptima relaci\u00f3n entre valor del modelo, motorizaciones vers\u00e1tiles y <strong>reducido consumo de combustible<\/strong>.<\/p>\n<p>El <strong>New Forester <\/strong> es c\u00f3modo en carretera y sorprendentemente competitivo en condiciones duras. Tambi\u00e9n hay que destacar su amplio espacio interior. No hay que olvidar tampoco las tecnolog\u00edas que icnorpora: <strong>Symmetrical All Wheel Drive + Motor Subaru Boxer + VDC (Control Electr\u00f3nico de Estabilidad) y Cinco Estrellas en Seguridad<\/strong>. Esto constituye la <strong>F\u00f3rmula Subaru<\/strong>: placer de conducir con seguridad y control total.<\/p>\n","protected":false},"excerpt":{"rendered":"<p>El mejor SUV del a\u00f1o para los chilenos no es otro que el New Forester, todo un \u00e9xito de ventas en este pa\u00eds. Motor Trend, una de las principales revistas del sector en Estados Unidos, ya lo lo hab\u00eda reconocido, por delante de otros 12 veh\u00edculos, como el Mejor SUV del A\u00f1o el pasado mes [&hellip;]<\/p>\n","protected":false},"author":21,"featured_media":0,"comment_status":"open","ping_status":"open","sticky":false,"template":"","format":"standard","meta":{"_acf_changed":false,"_eb_attr":"","inline_featured_image":false,"footnotes":""},"categories":[4401],"tags":[534,1720,1581,1721,1722,1339,1719,698,4390,1407,1723],"class_list":["post-1823","post","type-post","status-publish","format-standard","hentry","category-nuestra-marca","tag-chile","tag-chilenos","tag-cinco-estrellas-en-seguridad","tag-mejor-coche","tag-motor-subaru-boxer","tag-motor-trend","tag-new-forester","tag-premio","tag-subaru","tag-symmetrical-all-wheel-drive","tag-vdc-control-electronico-de-estabilidad"],"acf":[],"yoast_head":"<!-- This site is optimized with the Yoast SEO plugin v27.3 - https:\/\/yoast.com\/product\/yoast-seo-wordpress\/ -->\n<title>Subaru New Forester, \u00e9xito de ventas en Chile - Universo Subaru<\/title>\n<meta name=\"robots\" content=\"index, follow, max-snippet:-1, max-image-preview:large, max-video-preview:-1\" \/>\n<link rel=\"canonical\" href=\"https:\/\/www.subaru.es\/blog\/nuestra-marca\/subaru-new-forester-exito-de-ventas-en-chile\/\" \/>\n<meta property=\"og:locale\" content=\"es_ES\" \/>\n<meta property=\"og:type\" content=\"article\" \/>\n<meta property=\"og:title\" content=\"Subaru New Forester, \u00e9xito de ventas en Chile - Universo Subaru\" \/>\n<meta property=\"og:description\" content=\"El mejor SUV del a\u00f1o para los chilenos no es otro que el New Forester, todo un \u00e9xito de ventas en este pa\u00eds. Motor Trend, una de las principales revistas del sector en Estados Unidos, ya lo lo hab\u00eda reconocido, por delante de otros 12 veh\u00edculos, como el Mejor SUV del A\u00f1o el pasado mes [&hellip;]\" \/>\n<meta property=\"og:url\" content=\"https:\/\/www.subaru.es\/blog\/nuestra-marca\/subaru-new-forester-exito-de-ventas-en-chile\/\" \/>\n<meta property=\"og:site_name\" content=\"Universo Subaru\" \/>\n<meta property=\"article:publisher\" content=\"https:\/\/www.facebook.com\/subaruespana\" \/>\n<meta property=\"article:published_time\" content=\"2009-02-18T11:08:08+00:00\" \/>\n<meta property=\"article:modified_time\" content=\"2020-08-12T11:11:54+00:00\" \/>\n<meta property=\"og:image\" content=\"https:\/\/www.subaru.es\/blog\/wp-content\/uploads\/2008\/09\/forester4.jpg\" \/>\n<meta name=\"author\" content=\"Subaru\" \/>\n<meta name=\"twitter:card\" content=\"summary_large_image\" \/>\n<meta name=\"twitter:label1\" content=\"Escrito por\" \/>\n\t<meta name=\"twitter:data1\" content=\"Subaru\" \/>\n\t<meta name=\"twitter:label2\" content=\"Tiempo de lectura\" \/>\n\t<meta name=\"twitter:data2\" content=\"1 minuto\" \/>\n<script type=\"application\/ld+json\" class=\"yoast-schema-graph\">{\"@context\":\"https:\\\/\\\/schema.org\",\"@graph\":[{\"@type\":\"Article\",\"@id\":\"https:\\\/\\\/www.subaru.es\\\/blog\\\/nuestra-marca\\\/subaru-new-forester-exito-de-ventas-en-chile\\\/#article\",\"isPartOf\":{\"@id\":\"https:\\\/\\\/www.subaru.es\\\/blog\\\/nuestra-marca\\\/subaru-new-forester-exito-de-ventas-en-chile\\\/\"},\"author\":{\"name\":\"Subaru\",\"@id\":\"https:\\\/\\\/www.subaru.es\\\/blog\\\/#\\\/schema\\\/person\\\/19a90b892230b8e0ec752704ddf4aa10\"},\"headline\":\"Subaru New Forester, \u00e9xito de ventas en Chile\",\"datePublished\":\"2009-02-18T11:08:08+00:00\",\"dateModified\":\"2020-08-12T11:11:54+00:00\",\"mainEntityOfPage\":{\"@id\":\"https:\\\/\\\/www.subaru.es\\\/blog\\\/nuestra-marca\\\/subaru-new-forester-exito-de-ventas-en-chile\\\/\"},\"wordCount\":182,\"commentCount\":0,\"publisher\":{\"@id\":\"https:\\\/\\\/www.subaru.es\\\/blog\\\/#organization\"},\"image\":{\"@id\":\"https:\\\/\\\/www.subaru.es\\\/blog\\\/nuestra-marca\\\/subaru-new-forester-exito-de-ventas-en-chile\\\/#primaryimage\"},\"thumbnailUrl\":\"https:\\\/\\\/www.subaru.es\\\/blog\\\/wp-content\\\/uploads\\\/2008\\\/09\\\/forester4.jpg\",\"keywords\":[\"chile\",\"chilenos\",\"cinco estrellas en seguridad\",\"mejor coche\",\"Motor Subaru Boxer\",\"Motor Trend\",\"New Forester\",\"premio\",\"Subaru\",\"symmetrical all wheel drive\",\"VDC (Control Electr\u00f3nico de Estabilidad)\"],\"articleSection\":[\"Nuestra marca\"],\"inLanguage\":\"es\",\"potentialAction\":[{\"@type\":\"CommentAction\",\"name\":\"Comment\",\"target\":[\"https:\\\/\\\/www.subaru.es\\\/blog\\\/nuestra-marca\\\/subaru-new-forester-exito-de-ventas-en-chile\\\/#respond\"]}]},{\"@type\":\"WebPage\",\"@id\":\"https:\\\/\\\/www.subaru.es\\\/blog\\\/nuestra-marca\\\/subaru-new-forester-exito-de-ventas-en-chile\\\/\",\"url\":\"https:\\\/\\\/www.subaru.es\\\/blog\\\/nuestra-marca\\\/subaru-new-forester-exito-de-ventas-en-chile\\\/\",\"name\":\"Subaru New Forester, \u00e9xito de ventas en Chile - Universo Subaru\",\"isPartOf\":{\"@id\":\"https:\\\/\\\/www.subaru.es\\\/blog\\\/#website\"},\"primaryImageOfPage\":{\"@id\":\"https:\\\/\\\/www.subaru.es\\\/blog\\\/nuestra-marca\\\/subaru-new-forester-exito-de-ventas-en-chile\\\/#primaryimage\"},\"image\":{\"@id\":\"https:\\\/\\\/www.subaru.es\\\/blog\\\/nuestra-marca\\\/subaru-new-forester-exito-de-ventas-en-chile\\\/#primaryimage\"},\"thumbnailUrl\":\"https:\\\/\\\/www.subaru.es\\\/blog\\\/wp-content\\\/uploads\\\/2008\\\/09\\\/forester4.jpg\",\"datePublished\":\"2009-02-18T11:08:08+00:00\",\"dateModified\":\"2020-08-12T11:11:54+00:00\",\"breadcrumb\":{\"@id\":\"https:\\\/\\\/www.subaru.es\\\/blog\\\/nuestra-marca\\\/subaru-new-forester-exito-de-ventas-en-chile\\\/#breadcrumb\"},\"inLanguage\":\"es\",\"potentialAction\":[{\"@type\":\"ReadAction\",\"target\":[\"https:\\\/\\\/www.subaru.es\\\/blog\\\/nuestra-marca\\\/subaru-new-forester-exito-de-ventas-en-chile\\\/\"]}]},{\"@type\":\"ImageObject\",\"inLanguage\":\"es\",\"@id\":\"https:\\\/\\\/www.subaru.es\\\/blog\\\/nuestra-marca\\\/subaru-new-forester-exito-de-ventas-en-chile\\\/#primaryimage\",\"url\":\"https:\\\/\\\/www.subaru.es\\\/blog\\\/wp-content\\\/uploads\\\/2008\\\/09\\\/forester4.jpg\",\"contentUrl\":\"https:\\\/\\\/www.subaru.es\\\/blog\\\/wp-content\\\/uploads\\\/2008\\\/09\\\/forester4.jpg\",\"width\":1200,\"height\":800},{\"@type\":\"BreadcrumbList\",\"@id\":\"https:\\\/\\\/www.subaru.es\\\/blog\\\/nuestra-marca\\\/subaru-new-forester-exito-de-ventas-en-chile\\\/#breadcrumb\",\"itemListElement\":[{\"@type\":\"ListItem\",\"position\":1,\"name\":\"Portada\",\"item\":\"https:\\\/\\\/www.subaru.es\\\/blog\\\/\"},{\"@type\":\"ListItem\",\"position\":2,\"name\":\"Subaru New Forester, \u00e9xito de ventas en Chile\"}]},{\"@type\":\"WebSite\",\"@id\":\"https:\\\/\\\/www.subaru.es\\\/blog\\\/#website\",\"url\":\"https:\\\/\\\/www.subaru.es\\\/blog\\\/\",\"name\":\"Universo Subaru\",\"description\":\"Descubre este apasionante espacio de Subaru donde vas a conocer todo sobre nuestros coches y las experiencias que vivimos con ellos. Si est\u00e1s preparado para dejarte seducir por la filosof\u00eda Subaru, qu\u00e9date con nosotros.\",\"publisher\":{\"@id\":\"https:\\\/\\\/www.subaru.es\\\/blog\\\/#organization\"},\"potentialAction\":[{\"@type\":\"SearchAction\",\"target\":{\"@type\":\"EntryPoint\",\"urlTemplate\":\"https:\\\/\\\/www.subaru.es\\\/blog\\\/?s={search_term_string}\"},\"query-input\":{\"@type\":\"PropertyValueSpecification\",\"valueRequired\":true,\"valueName\":\"search_term_string\"}}],\"inLanguage\":\"es\"},{\"@type\":\"Organization\",\"@id\":\"https:\\\/\\\/www.subaru.es\\\/blog\\\/#organization\",\"name\":\"Subaru Espa\u00f1a S.A.\",\"url\":\"https:\\\/\\\/www.subaru.es\\\/blog\\\/\",\"logo\":{\"@type\":\"ImageObject\",\"inLanguage\":\"es\",\"@id\":\"https:\\\/\\\/www.subaru.es\\\/blog\\\/#\\\/schema\\\/logo\\\/image\\\/\",\"url\":\"https:\\\/\\\/www.subaru.es\\\/blog\\\/wp-content\\\/uploads\\\/2016\\\/12\\\/Logo-Subaru-TypeV_C300-scaled.jpg\",\"contentUrl\":\"https:\\\/\\\/www.subaru.es\\\/blog\\\/wp-content\\\/uploads\\\/2016\\\/12\\\/Logo-Subaru-TypeV_C300-scaled.jpg\",\"width\":2560,\"height\":1864,\"caption\":\"Subaru Espa\u00f1a S.A.\"},\"image\":{\"@id\":\"https:\\\/\\\/www.subaru.es\\\/blog\\\/#\\\/schema\\\/logo\\\/image\\\/\"},\"sameAs\":[\"https:\\\/\\\/www.facebook.com\\\/subaruespana\",\"https:\\\/\\\/www.instagram.com\\\/subarues\\\/\",\"https:\\\/\\\/www.youtube.com\\\/user\\\/subaruespana\"]},{\"@type\":\"Person\",\"@id\":\"https:\\\/\\\/www.subaru.es\\\/blog\\\/#\\\/schema\\\/person\\\/19a90b892230b8e0ec752704ddf4aa10\",\"name\":\"Subaru\",\"url\":\"https:\\\/\\\/www.subaru.es\\\/blog\\\/author\\\/subaria\\\/\"}]}<\/script>\n<!-- \/ Yoast SEO plugin. -->","yoast_head_json":{"title":"Subaru New Forester, \u00e9xito de ventas en Chile - Universo Subaru","robots":{"index":"index","follow":"follow","max-snippet":"max-snippet:-1","max-image-preview":"max-image-preview:large","max-video-preview":"max-video-preview:-1"},"canonical":"https:\/\/www.subaru.es\/blog\/nuestra-marca\/subaru-new-forester-exito-de-ventas-en-chile\/","og_locale":"es_ES","og_type":"article","og_title":"Subaru New Forester, \u00e9xito de ventas en Chile - Universo Subaru","og_description":"El mejor SUV del a\u00f1o para los chilenos no es otro que el New Forester, todo un \u00e9xito de ventas en este pa\u00eds. Motor Trend, una de las principales revistas del sector en Estados Unidos, ya lo lo hab\u00eda reconocido, por delante de otros 12 veh\u00edculos, como el Mejor SUV del A\u00f1o el pasado mes [&hellip;]","og_url":"https:\/\/www.subaru.es\/blog\/nuestra-marca\/subaru-new-forester-exito-de-ventas-en-chile\/","og_site_name":"Universo Subaru","article_publisher":"https:\/\/www.facebook.com\/subaruespana","article_published_time":"2009-02-18T11:08:08+00:00","article_modified_time":"2020-08-12T11:11:54+00:00","og_image":[{"url":"https:\/\/www.subaru.es\/blog\/wp-content\/uploads\/2008\/09\/forester4.jpg","type":"","width":"","height":""}],"author":"Subaru","twitter_card":"summary_large_image","twitter_misc":{"Escrito por":"Subaru","Tiempo de lectura":"1 minuto"},"schema":{"@context":"https:\/\/schema.org","@graph":[{"@type":"Article","@id":"https:\/\/www.subaru.es\/blog\/nuestra-marca\/subaru-new-forester-exito-de-ventas-en-chile\/#article","isPartOf":{"@id":"https:\/\/www.subaru.es\/blog\/nuestra-marca\/subaru-new-forester-exito-de-ventas-en-chile\/"},"author":{"name":"Subaru","@id":"https:\/\/www.subaru.es\/blog\/#\/schema\/person\/19a90b892230b8e0ec752704ddf4aa10"},"headline":"Subaru New Forester, \u00e9xito de ventas en Chile","datePublished":"2009-02-18T11:08:08+00:00","dateModified":"2020-08-12T11:11:54+00:00","mainEntityOfPage":{"@id":"https:\/\/www.subaru.es\/blog\/nuestra-marca\/subaru-new-forester-exito-de-ventas-en-chile\/"},"wordCount":182,"commentCount":0,"publisher":{"@id":"https:\/\/www.subaru.es\/blog\/#organization"},"image":{"@id":"https:\/\/www.subaru.es\/blog\/nuestra-marca\/subaru-new-forester-exito-de-ventas-en-chile\/#primaryimage"},"thumbnailUrl":"https:\/\/www.subaru.es\/blog\/wp-content\/uploads\/2008\/09\/forester4.jpg","keywords":["chile","chilenos","cinco estrellas en seguridad","mejor coche","Motor Subaru Boxer","Motor Trend","New Forester","premio","Subaru","symmetrical all wheel drive","VDC (Control Electr\u00f3nico de Estabilidad)"],"articleSection":["Nuestra marca"],"inLanguage":"es","potentialAction":[{"@type":"CommentAction","name":"Comment","target":["https:\/\/www.subaru.es\/blog\/nuestra-marca\/subaru-new-forester-exito-de-ventas-en-chile\/#respond"]}]},{"@type":"WebPage","@id":"https:\/\/www.subaru.es\/blog\/nuestra-marca\/subaru-new-forester-exito-de-ventas-en-chile\/","url":"https:\/\/www.subaru.es\/blog\/nuestra-marca\/subaru-new-forester-exito-de-ventas-en-chile\/","name":"Subaru New Forester, \u00e9xito de ventas en Chile - Universo Subaru","isPartOf":{"@id":"https:\/\/www.subaru.es\/blog\/#website"},"primaryImageOfPage":{"@id":"https:\/\/www.subaru.es\/blog\/nuestra-marca\/subaru-new-forester-exito-de-ventas-en-chile\/#primaryimage"},"image":{"@id":"https:\/\/www.subaru.es\/blog\/nuestra-marca\/subaru-new-forester-exito-de-ventas-en-chile\/#primaryimage"},"thumbnailUrl":"https:\/\/www.subaru.es\/blog\/wp-content\/uploads\/2008\/09\/forester4.jpg","datePublished":"2009-02-18T11:08:08+00:00","dateModified":"2020-08-12T11:11:54+00:00","breadcrumb":{"@id":"https:\/\/www.subaru.es\/blog\/nuestra-marca\/subaru-new-forester-exito-de-ventas-en-chile\/#breadcrumb"},"inLanguage":"es","potentialAction":[{"@type":"ReadAction","target":["https:\/\/www.subaru.es\/blog\/nuestra-marca\/subaru-new-forester-exito-de-ventas-en-chile\/"]}]},{"@type":"ImageObject","inLanguage":"es","@id":"https:\/\/www.subaru.es\/blog\/nuestra-marca\/subaru-new-forester-exito-de-ventas-en-chile\/#primaryimage","url":"https:\/\/www.subaru.es\/blog\/wp-content\/uploads\/2008\/09\/forester4.jpg","contentUrl":"https:\/\/www.subaru.es\/blog\/wp-content\/uploads\/2008\/09\/forester4.jpg","width":1200,"height":800},{"@type":"BreadcrumbList","@id":"https:\/\/www.subaru.es\/blog\/nuestra-marca\/subaru-new-forester-exito-de-ventas-en-chile\/#breadcrumb","itemListElement":[{"@type":"ListItem","position":1,"name":"Portada","item":"https:\/\/www.subaru.es\/blog\/"},{"@type":"ListItem","position":2,"name":"Subaru New Forester, \u00e9xito de ventas en Chile"}]},{"@type":"WebSite","@id":"https:\/\/www.subaru.es\/blog\/#website","url":"https:\/\/www.subaru.es\/blog\/","name":"Universo Subaru","description":"Descubre este apasionante espacio de Subaru donde vas a conocer todo sobre nuestros coches y las experiencias que vivimos con ellos. Si est\u00e1s preparado para dejarte seducir por la filosof\u00eda Subaru, qu\u00e9date con nosotros.","publisher":{"@id":"https:\/\/www.subaru.es\/blog\/#organization"},"potentialAction":[{"@type":"SearchAction","target":{"@type":"EntryPoint","urlTemplate":"https:\/\/www.subaru.es\/blog\/?s={search_term_string}"},"query-input":{"@type":"PropertyValueSpecification","valueRequired":true,"valueName":"search_term_string"}}],"inLanguage":"es"},{"@type":"Organization","@id":"https:\/\/www.subaru.es\/blog\/#organization","name":"Subaru Espa\u00f1a S.A.","url":"https:\/\/www.subaru.es\/blog\/","logo":{"@type":"ImageObject","inLanguage":"es","@id":"https:\/\/www.subaru.es\/blog\/#\/schema\/logo\/image\/","url":"https:\/\/www.subaru.es\/blog\/wp-content\/uploads\/2016\/12\/Logo-Subaru-TypeV_C300-scaled.jpg","contentUrl":"https:\/\/www.subaru.es\/blog\/wp-content\/uploads\/2016\/12\/Logo-Subaru-TypeV_C300-scaled.jpg","width":2560,"height":1864,"caption":"Subaru Espa\u00f1a S.A."},"image":{"@id":"https:\/\/www.subaru.es\/blog\/#\/schema\/logo\/image\/"},"sameAs":["https:\/\/www.facebook.com\/subaruespana","https:\/\/www.instagram.com\/subarues\/","https:\/\/www.youtube.com\/user\/subaruespana"]},{"@type":"Person","@id":"https:\/\/www.subaru.es\/blog\/#\/schema\/person\/19a90b892230b8e0ec752704ddf4aa10","name":"Subaru","url":"https:\/\/www.subaru.es\/blog\/author\/subaria\/"}]}},"_links":{"self":[{"href":"https:\/\/www.subaru.es\/blog\/wp-json\/wp\/v2\/posts\/1823","targetHints":{"allow":["GET"]}}],"collection":[{"href":"https:\/\/www.subaru.es\/blog\/wp-json\/wp\/v2\/posts"}],"about":[{"href":"https:\/\/www.subaru.es\/blog\/wp-json\/wp\/v2\/types\/post"}],"author":[{"embeddable":true,"href":"https:\/\/www.subaru.es\/blog\/wp-json\/wp\/v2\/users\/21"}],"replies":[{"embeddable":true,"href":"https:\/\/www.subaru.es\/blog\/wp-json\/wp\/v2\/comments?post=1823"}],"version-history":[{"count":2,"href":"https:\/\/www.subaru.es\/blog\/wp-json\/wp\/v2\/posts\/1823\/revisions"}],"predecessor-version":[{"id":22304,"href":"https:\/\/www.subaru.es\/blog\/wp-json\/wp\/v2\/posts\/1823\/revisions\/22304"}],"wp:attachment":[{"href":"https:\/\/www.subaru.es\/blog\/wp-json\/wp\/v2\/media?parent=1823"}],"wp:term":[{"taxonomy":"category","embeddable":true,"href":"https:\/\/www.subaru.es\/blog\/wp-json\/wp\/v2\/categories?post=1823"},{"taxonomy":"post_tag","embeddable":true,"href":"https:\/\/www.subaru.es\/blog\/wp-json\/wp\/v2\/tags?post=1823"}],"curies":[{"name":"wp","href":"https:\/\/api.w.org\/{rel}","templated":true}]}}