{"id":18069,"date":"2017-09-22T13:02:14","date_gmt":"2017-09-22T11:02:14","guid":{"rendered":"http:\/\/www.subaru.es\/blog\/?p=18069"},"modified":"2017-09-22T13:02:14","modified_gmt":"2017-09-22T11:02:14","slug":"impreza-wrx-sti-prensa","status":"publish","type":"post","link":"https:\/\/www.subaru.es\/blog\/nuestra-marca\/impreza-wrx-sti-prensa\/","title":{"rendered":"La prensa se hace eco de los nuevos Impreza y WRX STI"},"content":{"rendered":"<p><strong>En <a href=\"http:\/\/www.subaru.es\/\">Subaru<\/a> nos hemos propuesto dar un golpe sobre la mesa en el <a href=\"https:\/\/www.subaru.es\/blog\/nuestra-marca\/subaru-salon-frankfurt-2017\/\">Sal\u00f3n de Frankfurt<\/a> y lo hemos conseguido. La cantidad de informaciones aparecidas en la prensa demuestra la enorme expectaci\u00f3n que han creado en Espa\u00f1a y en el resto de Europa los \u00faltimos lanzamientos de la marca: la nueva generaci\u00f3n del <a href=\"https:\/\/www.subaru.es\/blog\/nuestra-marca\/subaru-impreza-2018-salon-de-frankfurt\/\">Impreza<\/a> y la versi\u00f3n renovada del <a href=\"http:\/\/www.subaru.es\/vehiculos\/wrx\">WRX STI<\/a>.<\/strong><\/p>\n<p>Si no has podido viajar a la ciudad alemana para disfrutar en directo de estas presentaciones, no te preocupes. A continuaci\u00f3n vamos a resumir <strong>lo que han dicho los principales medios de nuestro pa\u00eds<\/strong> acerca de estos dos modelos para que conozcas todos los detalles de ambos coches y los principales aspectos que han llamado la atenci\u00f3n de los expertos.<\/p>\n<p><img decoding=\"async\" width=\"1252\" height=\"818\" class=\"aligncenter size-full wp-image-18073 lazyload\" data-src=\"https:\/\/www.subaru.es\/blog\/wp-content\/uploads\/2017\/09\/impeza01.jpg\" alt=\"Subaru Impreza\" data-srcset=\"https:\/\/www.subaru.es\/blog\/wp-content\/uploads\/2017\/09\/impeza01.jpg 1252w, https:\/\/www.subaru.es\/blog\/wp-content\/uploads\/2017\/09\/impeza01-560x366.jpg 560w, https:\/\/www.subaru.es\/blog\/wp-content\/uploads\/2017\/09\/impeza01-768x502.jpg 768w\" data-sizes=\"(max-width: 1252px) 100vw, 1252px\" src=\"data:image\/svg+xml;base64,PHN2ZyB3aWR0aD0iMSIgaGVpZ2h0PSIxIiB4bWxucz0iaHR0cDovL3d3dy53My5vcmcvMjAwMC9zdmciPjwvc3ZnPg==\" style=\"--smush-placeholder-width: 1252px; --smush-placeholder-aspect-ratio: 1252\/818;\" \/><\/p>\n<h3>IMPREZA, UN COMPACTO DE \u00abGUSTO EUROPEO\u00bb<\/h3>\n<p>Una de las principales apuestas de Subaru de cara a 2018 es la quinta generaci\u00f3n del Impreza. Este compacto, seg\u00fan el diario <strong>Marca<\/strong>, llegar\u00e1 a los concesionarios con buenos augurios. No en vano, como recuerda este importante peri\u00f3dico,<strong> el Impreza \u201cfue declarado <a href=\"https:\/\/www.subaru.es\/blog\/nuestra-marca\/subaru-impreza-car-of-the-year-japon\/\">coche del a\u00f1o en Jap\u00f3n 2016-2017<\/a>,<\/strong> confirmando las buenas expectativas del sello asi\u00e1tico. Los motores <a href=\"https:\/\/www.youtube.com\/watch?v=5o_Be73XjyQ\">b\u00f3xer<\/a> y la <a href=\"https:\/\/www.youtube.com\/watch?v=XfWp4LomHUU\">tracci\u00f3n integral<\/a> contin\u00faan como sus se\u00f1as de identidad\u201d.<\/p>\n<p>Como destacan desde la revista <strong>Car&amp;Driver<\/strong>, el nuevo Impreza ha sido \u201ccocinado al gusto europeo pero con los ingredientes que le han llevado a convertirse en un icono\u201d. Al margen de la tecnolog\u00eda, este medio ha puesto especial hincapi\u00e9 en su <strong>habitabilidad<\/strong>, uno de los puntos fuertes de la nueva generaci\u00f3n. \u201cEl Impreza nos sorprende con una carrocer\u00eda de tipo hatchback pero <strong>con unas dimensiones superiores a la mayor\u00eda de compactos actuales.<\/strong> No en vano supera los 4,60 metros de largo y los 1,77 de ancho, algo que favorece tanto al espacio interior como al volumen de carga\u201d.<\/p>\n<p>Una publicaci\u00f3n de referencia como <strong>Autopista<\/strong> ha puesto el foco en el enorme <strong>trabajo realizado por la marca para mejorar la seguridad de los ocupantes<\/strong>. Un trabajo que ha comenzado con el desarrollo de una nueva plataforma que \u201caporta un 70 por ciento m\u00e1s de rigidez torsional y una mejor absorci\u00f3n de impactos en un 40 por ciento\u201d. Autopista tambi\u00e9n ha querido destacar los avances en seguridad activa que proporciona la <a href=\"https:\/\/www.subaru.es\/blog\/nuestra-marca\/subaru-da-un-paso-mas-en-materia-de-seguridad-preventiva-con-la-tercera-version-del-sistema-eyesight\/\"><strong>tecnolog\u00eda EyeSight<\/strong><\/a>, que \u201cincorporar\u00e1 al renovado compacto sistemas como el de frenada de emergencia, aviso de cambio involuntario de carril, control de crucero adaptativo, de luces adaptativas y otros muchos elementos\u201d.<\/p>\n<p><img decoding=\"async\" width=\"919\" height=\"734\" class=\"aligncenter size-full wp-image-18074 lazyload\" data-src=\"https:\/\/www.subaru.es\/blog\/wp-content\/uploads\/2017\/09\/impeza02.jpg\" alt=\"Subaru Impreza\" data-srcset=\"https:\/\/www.subaru.es\/blog\/wp-content\/uploads\/2017\/09\/impeza02.jpg 919w, https:\/\/www.subaru.es\/blog\/wp-content\/uploads\/2017\/09\/impeza02-560x447.jpg 560w, https:\/\/www.subaru.es\/blog\/wp-content\/uploads\/2017\/09\/impeza02-768x613.jpg 768w\" data-sizes=\"(max-width: 919px) 100vw, 919px\" src=\"data:image\/svg+xml;base64,PHN2ZyB3aWR0aD0iMSIgaGVpZ2h0PSIxIiB4bWxucz0iaHR0cDovL3d3dy53My5vcmcvMjAwMC9zdmciPjwvc3ZnPg==\" style=\"--smush-placeholder-width: 919px; --smush-placeholder-aspect-ratio: 919\/734;\" \/><\/p>\n<h3>\u00abUN SALTO CUALITATIVO EN EUROPA\u00bb<\/h3>\n<p>Gracias a todo ello, portales como <strong>Diariomotor<\/strong> no dudan en reconocer que<strong> \u201cel Subaru Impreza supone un nuevo e importante salto cualitativo para la marca en Europa\u201d.<\/strong> Y es que \u201cla nueva generaci\u00f3n del compacto japon\u00e9s\u201d, contin\u00faan, \u201cse estrena con una receta conocida, aunque convenientemente actualizada en dise\u00f1o, plataforma, equipamiento y motorizaciones para luchar de t\u00fa a t\u00fa con los principales referentes del mercado\u201d.<\/p>\n<p>Esta actualizaci\u00f3n tambi\u00e9n se deja notar de manera especial en el <b>habit\u00e1culo<\/b>. La web<strong> motor.es<\/strong> destaca precisamente que \u201cel interior ha sido redise\u00f1ado para asegurarse de que el conductor disponga de todos los elementos en una disposici\u00f3n id\u00f3nea para centrarse exclusivamente en la conducci\u00f3n y dominar la carretera\u201d. Motor.es tambi\u00e9n aplaude <strong>\u201cel esculpido salpicadero\u201d y \u201clos nuevos asientos\u201d, que aportan \u201cun aire renovado al interior\u201d.<\/strong> No menos importante es la apuesta por la tecnolog\u00eda, que \u201cviene de la mano de una pantalla t\u00e1ctil de 8 pulgadas en la que hacer uso de la \u00faltima versi\u00f3n del sistema de info-entretenimiento de la marca\u201d.<\/p>\n<p><img decoding=\"async\" width=\"722\" height=\"697\" class=\"aligncenter size-full wp-image-18075 lazyload\" data-src=\"https:\/\/www.subaru.es\/blog\/wp-content\/uploads\/2017\/09\/wrx_sti.jpg\" alt=\"Subaru WRX STI\" data-srcset=\"https:\/\/www.subaru.es\/blog\/wp-content\/uploads\/2017\/09\/wrx_sti.jpg 722w, https:\/\/www.subaru.es\/blog\/wp-content\/uploads\/2017\/09\/wrx_sti-560x541.jpg 560w\" data-sizes=\"(max-width: 722px) 100vw, 722px\" src=\"data:image\/svg+xml;base64,PHN2ZyB3aWR0aD0iMSIgaGVpZ2h0PSIxIiB4bWxucz0iaHR0cDovL3d3dy53My5vcmcvMjAwMC9zdmciPjwvc3ZnPg==\" style=\"--smush-placeholder-width: 722px; --smush-placeholder-aspect-ratio: 722\/697;\" \/><\/p>\n<h3>EL WRX STI DESATA PASIONES<\/h3>\n<p>Si el Impreza ha sido calificado como un compacto muy equilibrado, al nivel de los mejores del segmento, no menos positivas han sido las opiniones que ha recibido la versi\u00f3n renovada del WRX STI. Despu\u00e9s de verlo de cerca, los expertos de <strong>Autof\u00e1cil<\/strong> afirman con contundencia que<strong> \u201cel mercado no ofrece rivales en igualdad de condiciones\u201d.<\/strong> Unas palabras que explican por qu\u00e9 este espectacular deportivo est\u00e1 atrayendo tantas miradas en el Sal\u00f3n de Frankfurt.<\/p>\n<p>Un portal de gran peso en nuestro pa\u00eds como <strong>Motorpasi\u00f3n<\/strong> aplaude de manera especial las<strong> mejoras en seguridad y confort.<\/strong> No en vano encontramos, como destaca este medio, \u201cretrovisores con funci\u00f3n de aviso de \u00e1ngulo muerto y sistema de cambio de luces autom\u00e1tico\u201d, as\u00ed como \u201cregulaci\u00f3n el\u00e9ctrica del asiento del conductor con ajuste lumbar y una nueva pantalla multifunci\u00f3n que pasa de 4,3 a 5,9 pulgadas\u201d. Motorpasi\u00f3n tambi\u00e9n recalca que \u201cse ha trabajado para mejorar el nivel de aislamiento de ruidos y vibraciones\u201d para<strong> convertir al WRX STI en una buena opci\u00f3n \u201ccomo coche familiar y de diario\u201d<\/strong>.<\/p>\n<p>En <strong>Diariomotor<\/strong> son conscientes de que \u00abcompactos deportivos hay muchos\u00bb, pero a la hora de buscar sensaciones fuertes \u00abla lista se reduce y salen a relucir otros encantos que no son necesariamente la m\u00e1xima potencia\u00bb. Y ah\u00ed, en este terreno de m\u00e1xima exclusividad,<strong> \u00abes donde el nuevo Subaru WRX STI se ubica con su motor de 300 CV\u00bb<\/strong>. Este portal subraya novedades como su \u201cnuevo juego de llantas de 19 pulgadas\u201d, que cobijan \u201cun tambi\u00e9n nuevo equipo de frenos de alto rendimiento firmado por Brembo, con pinzas de 6 pistones delante y 2 pistones detr\u00e1s y discos perforados en ambos trenes\u201d.<\/p>\n<h3>RESUMEN DE PRENSA<\/h3>\n<p>En los \u00faltimos d\u00edas medios de toda Espa\u00f1a se han hecho eco de estos dos importantes lanzamientos. En este art\u00edculo hemos realizado un r\u00e1pido resumen de algunas de las publicaciones especializadas m\u00e1s importantes, pero si quieres ampliar la informaci\u00f3n puedes leer en mayor profundidad las valoraciones de la prensa a trav\u00e9s de estos enlaces:<\/p>\n<p>ABC &#8211; \u00ab<a href=\"http:\/\/www.abc.es\/motor\/reportajes\/abci-subaru-presenta-nuevo-impreza-salon-frankfurt-201709022106_noticia.html\" target=\"_blank\" rel=\"noopener\">Subaru presenta su nuevo Impreza en el Sal\u00f3n de Frankfurt<\/a>\u00bb<br \/>\nActualidadmotor.com &#8211; \u00ab<a href=\"https:\/\/www.actualidadmotor.com\/subaru-frankfurt-nuevo-impreza\/\" target=\"_blank\" rel=\"noopener\">Subaru desvela en Frankfurt la nueva generaci\u00f3n del Impreza<\/a>\u00bb<br \/>\nAutoBild &#8211; \u201c<a href=\"http:\/\/www.autobild.es\/noticias\/novedades-subaru-salon-frankfurt-2017-162844\" target=\"_blank\" rel=\"noopener\">Las novedades de Subaru en el Sal\u00f3n de Frankfurt 2017<\/a>\u201d<br \/>\nAutof\u00e1cil &#8211; \u00ab<a href=\"http:\/\/www.autofacil.es\/subaru\/wrx\/2017\/09\/06\/subaru-wrx-sti-todavia-mejor\/40270.html\" target=\"_blank\" rel=\"noopener\">As\u00ed es el nuevo Subaru WRX STI 2018<\/a>\u00bb<br \/>\nAutopista &#8211; \u201c<a href=\"http:\/\/www.autopista.es\/salon-automovil-frankfurt\/articulo\/subaru-impreza-2018-europa\" target=\"_blank\" rel=\"noopener\">El nuevo Subaru Impreza debuta en el Sal\u00f3n de Frankfurt<\/a>\u201d<br \/>\nCar&amp;Driver &#8211; \u00ab<a href=\"http:\/\/www.caranddriver.es\/coches\/novedades\/subaru-impreza-2018-esperado-retorno\" target=\"_blank\" rel=\"noopener\">Subaru Impreza 2018: esperado retorno<\/a>\u00bb<br \/>\nCoches.net &#8211; \u00ab<a href=\"https:\/\/www.coches.net\/nuevo-subaru-wrx-sti-2018\" target=\"_blank\" rel=\"noopener\">Subaru WRX STI 2018: Retoques est\u00e9ticos y mejora del equipamiento<\/a>\u00bb<br \/>\nCosasdecoches.com &#8211; \u00ab<a href=\"http:\/\/www.cosasdecoches.com\/subaru-impreza-wrx-sti-2018-primera-informacion\/\" target=\"_blank\" rel=\"noopener\">El nuevo Subaru WRX STI 2018: a\u00fan m\u00e1s guerrero<\/a>\u00bb<br \/>\nDiariomotor &#8211; \u00ab<a href=\"https:\/\/www.diariomotor.com\/noticia\/subaru-impreza-2018\/\" target=\"_blank\" rel=\"noopener\">Nuevo Subaru Impreza: el compacto japon\u00e9s, m\u00e1s europeo que nunca<\/a>\u00bb<br \/>\nDiariomotor &#8211; \u00ab<a href=\"https:\/\/www.diariomotor.com\/noticia\/subaru-wrx-sti-2018\/\" target=\"_blank\" rel=\"noopener\">Subaru WRX STI 2018: mejorando el coche de rallies matriculable<\/a>\u00bb<br \/>\nMarca &#8211; \u201c<a href=\"http:\/\/www.marca.com\/motor\/modelos-coches\/2017\/09\/01\/59a93b3522601dfe458b458c.html\" target=\"_blank\" rel=\"noopener\">Subaru: desembarco europeo del Impreza y presentaci\u00f3n del WRX STI 2018<\/a>\u201d<br \/>\nMotor.es &#8211; \u00ab<a href=\"https:\/\/www.motor.es\/noticias\/subaru-impreza-2018-201739404.html\" target=\"_blank\" rel=\"noopener\">Subaru Impreza 2018: m\u00e1s din\u00e1mico y con nueva plataforma<\/a>\u00ab<\/p>\n","protected":false},"excerpt":{"rendered":"<p>En Subaru nos hemos propuesto dar un golpe sobre la mesa en el Sal\u00f3n de Frankfurt y lo hemos conseguido. La cantidad de informaciones aparecidas en la prensa demuestra la enorme expectaci\u00f3n que han creado en Espa\u00f1a y en el resto de Europa los \u00faltimos lanzamientos de la marca: la nueva generaci\u00f3n del Impreza y [&hellip;]<\/p>\n","protected":false},"author":21,"featured_media":18077,"comment_status":"open","ping_status":"closed","sticky":false,"template":"","format":"standard","meta":{"_acf_changed":false,"_eb_attr":"","inline_featured_image":false,"footnotes":""},"categories":[4401],"tags":[10,22,193,4488,3571,117,1735,243],"class_list":["post-18069","post","type-post","status-publish","format-standard","has-post-thumbnail","hentry","category-nuestra-marca","tag-impreza","tag-motor","tag-prensa","tag-prensa-del-motor","tag-salon-de-frankfurt","tag-subaru-impreza","tag-subaru-wrx-sti","tag-wrx-sti"],"acf":[],"yoast_head":"<!-- This site is optimized with the Yoast SEO plugin v27.3 - https:\/\/yoast.com\/product\/yoast-seo-wordpress\/ -->\n<title>La prensa se hace eco de los nuevos Impreza y WRX STI - Universo Subaru<\/title>\n<meta name=\"description\" content=\"Subaru ha presentado los nuevos Impreza y WRX STI en el Sal\u00f3n de Frankfurt y la prensa especializada no ha dudado en aplaudir los avances de ambos modelos.\" \/>\n<meta name=\"robots\" content=\"index, follow, max-snippet:-1, max-image-preview:large, max-video-preview:-1\" \/>\n<link rel=\"canonical\" href=\"https:\/\/www.subaru.es\/blog\/nuestra-marca\/impreza-wrx-sti-prensa\/\" \/>\n<meta property=\"og:locale\" content=\"es_ES\" \/>\n<meta property=\"og:type\" content=\"article\" \/>\n<meta property=\"og:title\" content=\"La prensa se hace eco de los nuevos Impreza y WRX STI - Universo Subaru\" \/>\n<meta property=\"og:description\" content=\"Subaru ha presentado los nuevos Impreza y WRX STI en el Sal\u00f3n de Frankfurt y la prensa especializada no ha dudado en aplaudir los avances de ambos modelos.\" \/>\n<meta property=\"og:url\" content=\"https:\/\/www.subaru.es\/blog\/nuestra-marca\/impreza-wrx-sti-prensa\/\" \/>\n<meta property=\"og:site_name\" content=\"Universo Subaru\" \/>\n<meta property=\"article:publisher\" content=\"https:\/\/www.facebook.com\/subaruespana\" \/>\n<meta property=\"article:published_time\" content=\"2017-09-22T11:02:14+00:00\" \/>\n<meta property=\"og:image\" content=\"https:\/\/www.subaru.es\/blog\/wp-content\/uploads\/2017\/09\/apertura-1.jpg\" \/>\n\t<meta property=\"og:image:width\" content=\"1431\" \/>\n\t<meta property=\"og:image:height\" content=\"388\" \/>\n\t<meta property=\"og:image:type\" content=\"image\/jpeg\" \/>\n<meta name=\"author\" content=\"Subaru\" \/>\n<meta name=\"twitter:card\" content=\"summary_large_image\" \/>\n<meta name=\"twitter:label1\" content=\"Escrito por\" \/>\n\t<meta name=\"twitter:data1\" content=\"Subaru\" \/>\n\t<meta name=\"twitter:label2\" content=\"Tiempo de lectura\" \/>\n\t<meta name=\"twitter:data2\" content=\"6 minutos\" \/>\n<script type=\"application\/ld+json\" class=\"yoast-schema-graph\">{\"@context\":\"https:\\\/\\\/schema.org\",\"@graph\":[{\"@type\":\"Article\",\"@id\":\"https:\\\/\\\/www.subaru.es\\\/blog\\\/nuestra-marca\\\/impreza-wrx-sti-prensa\\\/#article\",\"isPartOf\":{\"@id\":\"https:\\\/\\\/www.subaru.es\\\/blog\\\/nuestra-marca\\\/impreza-wrx-sti-prensa\\\/\"},\"author\":{\"name\":\"Subaru\",\"@id\":\"https:\\\/\\\/www.subaru.es\\\/blog\\\/#\\\/schema\\\/person\\\/19a90b892230b8e0ec752704ddf4aa10\"},\"headline\":\"La prensa se hace eco de los nuevos Impreza y WRX STI\",\"datePublished\":\"2017-09-22T11:02:14+00:00\",\"mainEntityOfPage\":{\"@id\":\"https:\\\/\\\/www.subaru.es\\\/blog\\\/nuestra-marca\\\/impreza-wrx-sti-prensa\\\/\"},\"wordCount\":1118,\"commentCount\":0,\"publisher\":{\"@id\":\"https:\\\/\\\/www.subaru.es\\\/blog\\\/#organization\"},\"image\":{\"@id\":\"https:\\\/\\\/www.subaru.es\\\/blog\\\/nuestra-marca\\\/impreza-wrx-sti-prensa\\\/#primaryimage\"},\"thumbnailUrl\":\"https:\\\/\\\/www.subaru.es\\\/blog\\\/wp-content\\\/uploads\\\/2017\\\/09\\\/apertura-1.jpg\",\"keywords\":[\"impreza\",\"motor\",\"prensa\",\"prensa del motor\",\"Sal\u00f3n de Frankfurt\",\"subaru impreza\",\"Subaru WRX STI\",\"wrx sti\"],\"articleSection\":[\"Nuestra marca\"],\"inLanguage\":\"es\",\"potentialAction\":[{\"@type\":\"CommentAction\",\"name\":\"Comment\",\"target\":[\"https:\\\/\\\/www.subaru.es\\\/blog\\\/nuestra-marca\\\/impreza-wrx-sti-prensa\\\/#respond\"]}]},{\"@type\":\"WebPage\",\"@id\":\"https:\\\/\\\/www.subaru.es\\\/blog\\\/nuestra-marca\\\/impreza-wrx-sti-prensa\\\/\",\"url\":\"https:\\\/\\\/www.subaru.es\\\/blog\\\/nuestra-marca\\\/impreza-wrx-sti-prensa\\\/\",\"name\":\"La prensa se hace eco de los nuevos Impreza y WRX STI - Universo Subaru\",\"isPartOf\":{\"@id\":\"https:\\\/\\\/www.subaru.es\\\/blog\\\/#website\"},\"primaryImageOfPage\":{\"@id\":\"https:\\\/\\\/www.subaru.es\\\/blog\\\/nuestra-marca\\\/impreza-wrx-sti-prensa\\\/#primaryimage\"},\"image\":{\"@id\":\"https:\\\/\\\/www.subaru.es\\\/blog\\\/nuestra-marca\\\/impreza-wrx-sti-prensa\\\/#primaryimage\"},\"thumbnailUrl\":\"https:\\\/\\\/www.subaru.es\\\/blog\\\/wp-content\\\/uploads\\\/2017\\\/09\\\/apertura-1.jpg\",\"datePublished\":\"2017-09-22T11:02:14+00:00\",\"description\":\"Subaru ha presentado los nuevos Impreza y WRX STI en el Sal\u00f3n de Frankfurt y la prensa especializada no ha dudado en aplaudir los avances de ambos modelos.\",\"breadcrumb\":{\"@id\":\"https:\\\/\\\/www.subaru.es\\\/blog\\\/nuestra-marca\\\/impreza-wrx-sti-prensa\\\/#breadcrumb\"},\"inLanguage\":\"es\",\"potentialAction\":[{\"@type\":\"ReadAction\",\"target\":[\"https:\\\/\\\/www.subaru.es\\\/blog\\\/nuestra-marca\\\/impreza-wrx-sti-prensa\\\/\"]}]},{\"@type\":\"ImageObject\",\"inLanguage\":\"es\",\"@id\":\"https:\\\/\\\/www.subaru.es\\\/blog\\\/nuestra-marca\\\/impreza-wrx-sti-prensa\\\/#primaryimage\",\"url\":\"https:\\\/\\\/www.subaru.es\\\/blog\\\/wp-content\\\/uploads\\\/2017\\\/09\\\/apertura-1.jpg\",\"contentUrl\":\"https:\\\/\\\/www.subaru.es\\\/blog\\\/wp-content\\\/uploads\\\/2017\\\/09\\\/apertura-1.jpg\",\"width\":1431,\"height\":388,\"caption\":\"Sal\u00f3n de Frankfurt 2017\"},{\"@type\":\"BreadcrumbList\",\"@id\":\"https:\\\/\\\/www.subaru.es\\\/blog\\\/nuestra-marca\\\/impreza-wrx-sti-prensa\\\/#breadcrumb\",\"itemListElement\":[{\"@type\":\"ListItem\",\"position\":1,\"name\":\"Portada\",\"item\":\"https:\\\/\\\/www.subaru.es\\\/blog\\\/\"},{\"@type\":\"ListItem\",\"position\":2,\"name\":\"La prensa se hace eco de los nuevos Impreza y WRX STI\"}]},{\"@type\":\"WebSite\",\"@id\":\"https:\\\/\\\/www.subaru.es\\\/blog\\\/#website\",\"url\":\"https:\\\/\\\/www.subaru.es\\\/blog\\\/\",\"name\":\"Universo Subaru\",\"description\":\"Descubre este apasionante espacio de Subaru donde vas a conocer todo sobre nuestros coches y las experiencias que vivimos con ellos. Si est\u00e1s preparado para dejarte seducir por la filosof\u00eda Subaru, qu\u00e9date con nosotros.\",\"publisher\":{\"@id\":\"https:\\\/\\\/www.subaru.es\\\/blog\\\/#organization\"},\"potentialAction\":[{\"@type\":\"SearchAction\",\"target\":{\"@type\":\"EntryPoint\",\"urlTemplate\":\"https:\\\/\\\/www.subaru.es\\\/blog\\\/?s={search_term_string}\"},\"query-input\":{\"@type\":\"PropertyValueSpecification\",\"valueRequired\":true,\"valueName\":\"search_term_string\"}}],\"inLanguage\":\"es\"},{\"@type\":\"Organization\",\"@id\":\"https:\\\/\\\/www.subaru.es\\\/blog\\\/#organization\",\"name\":\"Subaru Espa\u00f1a S.A.\",\"url\":\"https:\\\/\\\/www.subaru.es\\\/blog\\\/\",\"logo\":{\"@type\":\"ImageObject\",\"inLanguage\":\"es\",\"@id\":\"https:\\\/\\\/www.subaru.es\\\/blog\\\/#\\\/schema\\\/logo\\\/image\\\/\",\"url\":\"https:\\\/\\\/www.subaru.es\\\/blog\\\/wp-content\\\/uploads\\\/2016\\\/12\\\/Logo-Subaru-TypeV_C300-scaled.jpg\",\"contentUrl\":\"https:\\\/\\\/www.subaru.es\\\/blog\\\/wp-content\\\/uploads\\\/2016\\\/12\\\/Logo-Subaru-TypeV_C300-scaled.jpg\",\"width\":2560,\"height\":1864,\"caption\":\"Subaru Espa\u00f1a S.A.\"},\"image\":{\"@id\":\"https:\\\/\\\/www.subaru.es\\\/blog\\\/#\\\/schema\\\/logo\\\/image\\\/\"},\"sameAs\":[\"https:\\\/\\\/www.facebook.com\\\/subaruespana\",\"https:\\\/\\\/www.instagram.com\\\/subarues\\\/\",\"https:\\\/\\\/www.youtube.com\\\/user\\\/subaruespana\"]},{\"@type\":\"Person\",\"@id\":\"https:\\\/\\\/www.subaru.es\\\/blog\\\/#\\\/schema\\\/person\\\/19a90b892230b8e0ec752704ddf4aa10\",\"name\":\"Subaru\",\"url\":\"https:\\\/\\\/www.subaru.es\\\/blog\\\/author\\\/subaria\\\/\"}]}<\/script>\n<!-- \/ Yoast SEO plugin. -->","yoast_head_json":{"title":"La prensa se hace eco de los nuevos Impreza y WRX STI - Universo Subaru","description":"Subaru ha presentado los nuevos Impreza y WRX STI en el Sal\u00f3n de Frankfurt y la prensa especializada no ha dudado en aplaudir los avances de ambos modelos.","robots":{"index":"index","follow":"follow","max-snippet":"max-snippet:-1","max-image-preview":"max-image-preview:large","max-video-preview":"max-video-preview:-1"},"canonical":"https:\/\/www.subaru.es\/blog\/nuestra-marca\/impreza-wrx-sti-prensa\/","og_locale":"es_ES","og_type":"article","og_title":"La prensa se hace eco de los nuevos Impreza y WRX STI - Universo Subaru","og_description":"Subaru ha presentado los nuevos Impreza y WRX STI en el Sal\u00f3n de Frankfurt y la prensa especializada no ha dudado en aplaudir los avances de ambos modelos.","og_url":"https:\/\/www.subaru.es\/blog\/nuestra-marca\/impreza-wrx-sti-prensa\/","og_site_name":"Universo Subaru","article_publisher":"https:\/\/www.facebook.com\/subaruespana","article_published_time":"2017-09-22T11:02:14+00:00","og_image":[{"width":1431,"height":388,"url":"https:\/\/www.subaru.es\/blog\/wp-content\/uploads\/2017\/09\/apertura-1.jpg","type":"image\/jpeg"}],"author":"Subaru","twitter_card":"summary_large_image","twitter_misc":{"Escrito por":"Subaru","Tiempo de lectura":"6 minutos"},"schema":{"@context":"https:\/\/schema.org","@graph":[{"@type":"Article","@id":"https:\/\/www.subaru.es\/blog\/nuestra-marca\/impreza-wrx-sti-prensa\/#article","isPartOf":{"@id":"https:\/\/www.subaru.es\/blog\/nuestra-marca\/impreza-wrx-sti-prensa\/"},"author":{"name":"Subaru","@id":"https:\/\/www.subaru.es\/blog\/#\/schema\/person\/19a90b892230b8e0ec752704ddf4aa10"},"headline":"La prensa se hace eco de los nuevos Impreza y WRX STI","datePublished":"2017-09-22T11:02:14+00:00","mainEntityOfPage":{"@id":"https:\/\/www.subaru.es\/blog\/nuestra-marca\/impreza-wrx-sti-prensa\/"},"wordCount":1118,"commentCount":0,"publisher":{"@id":"https:\/\/www.subaru.es\/blog\/#organization"},"image":{"@id":"https:\/\/www.subaru.es\/blog\/nuestra-marca\/impreza-wrx-sti-prensa\/#primaryimage"},"thumbnailUrl":"https:\/\/www.subaru.es\/blog\/wp-content\/uploads\/2017\/09\/apertura-1.jpg","keywords":["impreza","motor","prensa","prensa del motor","Sal\u00f3n de Frankfurt","subaru impreza","Subaru WRX STI","wrx sti"],"articleSection":["Nuestra marca"],"inLanguage":"es","potentialAction":[{"@type":"CommentAction","name":"Comment","target":["https:\/\/www.subaru.es\/blog\/nuestra-marca\/impreza-wrx-sti-prensa\/#respond"]}]},{"@type":"WebPage","@id":"https:\/\/www.subaru.es\/blog\/nuestra-marca\/impreza-wrx-sti-prensa\/","url":"https:\/\/www.subaru.es\/blog\/nuestra-marca\/impreza-wrx-sti-prensa\/","name":"La prensa se hace eco de los nuevos Impreza y WRX STI - Universo Subaru","isPartOf":{"@id":"https:\/\/www.subaru.es\/blog\/#website"},"primaryImageOfPage":{"@id":"https:\/\/www.subaru.es\/blog\/nuestra-marca\/impreza-wrx-sti-prensa\/#primaryimage"},"image":{"@id":"https:\/\/www.subaru.es\/blog\/nuestra-marca\/impreza-wrx-sti-prensa\/#primaryimage"},"thumbnailUrl":"https:\/\/www.subaru.es\/blog\/wp-content\/uploads\/2017\/09\/apertura-1.jpg","datePublished":"2017-09-22T11:02:14+00:00","description":"Subaru ha presentado los nuevos Impreza y WRX STI en el Sal\u00f3n de Frankfurt y la prensa especializada no ha dudado en aplaudir los avances de ambos modelos.","breadcrumb":{"@id":"https:\/\/www.subaru.es\/blog\/nuestra-marca\/impreza-wrx-sti-prensa\/#breadcrumb"},"inLanguage":"es","potentialAction":[{"@type":"ReadAction","target":["https:\/\/www.subaru.es\/blog\/nuestra-marca\/impreza-wrx-sti-prensa\/"]}]},{"@type":"ImageObject","inLanguage":"es","@id":"https:\/\/www.subaru.es\/blog\/nuestra-marca\/impreza-wrx-sti-prensa\/#primaryimage","url":"https:\/\/www.subaru.es\/blog\/wp-content\/uploads\/2017\/09\/apertura-1.jpg","contentUrl":"https:\/\/www.subaru.es\/blog\/wp-content\/uploads\/2017\/09\/apertura-1.jpg","width":1431,"height":388,"caption":"Sal\u00f3n de Frankfurt 2017"},{"@type":"BreadcrumbList","@id":"https:\/\/www.subaru.es\/blog\/nuestra-marca\/impreza-wrx-sti-prensa\/#breadcrumb","itemListElement":[{"@type":"ListItem","position":1,"name":"Portada","item":"https:\/\/www.subaru.es\/blog\/"},{"@type":"ListItem","position":2,"name":"La prensa se hace eco de los nuevos Impreza y WRX STI"}]},{"@type":"WebSite","@id":"https:\/\/www.subaru.es\/blog\/#website","url":"https:\/\/www.subaru.es\/blog\/","name":"Universo Subaru","description":"Descubre este apasionante espacio de Subaru donde vas a conocer todo sobre nuestros coches y las experiencias que vivimos con ellos. Si est\u00e1s preparado para dejarte seducir por la filosof\u00eda Subaru, qu\u00e9date con nosotros.","publisher":{"@id":"https:\/\/www.subaru.es\/blog\/#organization"},"potentialAction":[{"@type":"SearchAction","target":{"@type":"EntryPoint","urlTemplate":"https:\/\/www.subaru.es\/blog\/?s={search_term_string}"},"query-input":{"@type":"PropertyValueSpecification","valueRequired":true,"valueName":"search_term_string"}}],"inLanguage":"es"},{"@type":"Organization","@id":"https:\/\/www.subaru.es\/blog\/#organization","name":"Subaru Espa\u00f1a S.A.","url":"https:\/\/www.subaru.es\/blog\/","logo":{"@type":"ImageObject","inLanguage":"es","@id":"https:\/\/www.subaru.es\/blog\/#\/schema\/logo\/image\/","url":"https:\/\/www.subaru.es\/blog\/wp-content\/uploads\/2016\/12\/Logo-Subaru-TypeV_C300-scaled.jpg","contentUrl":"https:\/\/www.subaru.es\/blog\/wp-content\/uploads\/2016\/12\/Logo-Subaru-TypeV_C300-scaled.jpg","width":2560,"height":1864,"caption":"Subaru Espa\u00f1a S.A."},"image":{"@id":"https:\/\/www.subaru.es\/blog\/#\/schema\/logo\/image\/"},"sameAs":["https:\/\/www.facebook.com\/subaruespana","https:\/\/www.instagram.com\/subarues\/","https:\/\/www.youtube.com\/user\/subaruespana"]},{"@type":"Person","@id":"https:\/\/www.subaru.es\/blog\/#\/schema\/person\/19a90b892230b8e0ec752704ddf4aa10","name":"Subaru","url":"https:\/\/www.subaru.es\/blog\/author\/subaria\/"}]}},"_links":{"self":[{"href":"https:\/\/www.subaru.es\/blog\/wp-json\/wp\/v2\/posts\/18069","targetHints":{"allow":["GET"]}}],"collection":[{"href":"https:\/\/www.subaru.es\/blog\/wp-json\/wp\/v2\/posts"}],"about":[{"href":"https:\/\/www.subaru.es\/blog\/wp-json\/wp\/v2\/types\/post"}],"author":[{"embeddable":true,"href":"https:\/\/www.subaru.es\/blog\/wp-json\/wp\/v2\/users\/21"}],"replies":[{"embeddable":true,"href":"https:\/\/www.subaru.es\/blog\/wp-json\/wp\/v2\/comments?post=18069"}],"version-history":[{"count":6,"href":"https:\/\/www.subaru.es\/blog\/wp-json\/wp\/v2\/posts\/18069\/revisions"}],"predecessor-version":[{"id":18080,"href":"https:\/\/www.subaru.es\/blog\/wp-json\/wp\/v2\/posts\/18069\/revisions\/18080"}],"wp:featuredmedia":[{"embeddable":true,"href":"https:\/\/www.subaru.es\/blog\/wp-json\/wp\/v2\/media\/18077"}],"wp:attachment":[{"href":"https:\/\/www.subaru.es\/blog\/wp-json\/wp\/v2\/media?parent=18069"}],"wp:term":[{"taxonomy":"category","embeddable":true,"href":"https:\/\/www.subaru.es\/blog\/wp-json\/wp\/v2\/categories?post=18069"},{"taxonomy":"post_tag","embeddable":true,"href":"https:\/\/www.subaru.es\/blog\/wp-json\/wp\/v2\/tags?post=18069"}],"curies":[{"name":"wp","href":"https:\/\/api.w.org\/{rel}","templated":true}]}}