{"id":1785,"date":"2009-02-07T19:17:38","date_gmt":"2009-02-07T17:17:38","guid":{"rendered":"http:\/\/subaru.preproduccion.com\/blog\/wp-content\/2009\/02\/07\/eyesight-de-subaru\/"},"modified":"2020-08-12T13:26:00","modified_gmt":"2020-08-12T11:26:00","slug":"eyesight-de-subaru","status":"publish","type":"post","link":"https:\/\/www.subaru.es\/blog\/nuestra-marca\/eyesight-de-subaru\/","title":{"rendered":"EyeSight de Subaru"},"content":{"rendered":"<p><a href=\"https:\/\/www.subaru.es\/blog\/wp-content\/uploads\/2008\/09\/logo-subaru.jpg\" title=\"Subaru Logo\"><img decoding=\"async\" data-src=\"https:\/\/www.subaru.es\/blog\/wp-content\/uploads\/2008\/09\/logo-subaru.jpg\" alt=\"Subaru Logo\" src=\"data:image\/svg+xml;base64,PHN2ZyB3aWR0aD0iMSIgaGVpZ2h0PSIxIiB4bWxucz0iaHR0cDovL3d3dy53My5vcmcvMjAwMC9zdmciPjwvc3ZnPg==\" class=\"lazyload\" style=\"--smush-placeholder-width: 400px; --smush-placeholder-aspect-ratio: 400\/262;\"><\/a><br \/>\n<strong>Jap\u00f3n <\/strong>se distingue por la <strong>potencia, el dise\u00f1o, la seguridad o la ecolog\u00eda <\/strong>de sus veh\u00edculos. Y es que los fabricantes de veh\u00edculos japoneses, entre los que se incluye, por supuesto, <strong>Subaru<\/strong>, llevan a\u00f1os buscando soluciones y avances tecnol\u00f3gicos que ayuden al conductor a <strong>reducir los riesgos <\/strong>al m\u00e1ximo durante la conducci\u00f3n.<\/p>\n<p>Uno de los puntos fuertes en esta v\u00eda de investigaci\u00f3n est\u00e1 en cubrir los <strong>\u2018puntos ciegos\u2019 <\/strong>que existen en la parte de atr\u00e1s del coche, ya que ni con los retrovisores laterales ni con el central se alcanza al cien por cien la visibilidad.<\/p>\n<p>As\u00ed, muchas marcas han optado por dise\u00f1ar <strong>sistemas de crucero mediante l\u00e1ser o radares <\/strong>que avisan de cualquier acercamiento trasero no deseado u objeto peligroso.<\/p>\n<p>Y aqu\u00ed es donde entra <strong>Subaru<\/strong>, que ha desarrollado y patentado el sistema <strong>EyeSight<\/strong>, que consiste en dos <strong>c\u00e1maras <\/strong>posicionadas a imagen de los ojos humanos que <strong>vigilan <\/strong>por completo todo lo que tenemos detr\u00e1s en la <strong>carretera<\/strong>. Se podr\u00eda decir que ha a\u00f1adido ojos a la parte trasera del veh\u00edculo.<\/p>\n<p>Adem\u00e1s del sencillo ingenio de las dos c\u00e1maras, <strong>EyeSight <\/strong>est\u00e1 dotado de un <strong>sistema de control <\/strong>de las distancias que avisa al conductor cuando detecta cualquier problema, desv\u00edo de la ruta, acercamiento brusco o, incluso, cuando comprueba que los veh\u00edculos circundantes tienen las luces encendidas, con el fin de que el usuario encienda las suyas. Todo un invento que dar\u00e1 mucho que hablar los pr\u00f3ximos meses.<\/p>\n","protected":false},"excerpt":{"rendered":"<p>Jap\u00f3n se distingue por la potencia, el dise\u00f1o, la seguridad o la ecolog\u00eda de sus veh\u00edculos. Y es que los fabricantes de veh\u00edculos japoneses, entre los que se incluye, por supuesto, Subaru, llevan a\u00f1os buscando soluciones y avances tecnol\u00f3gicos que ayuden al conductor a reducir los riesgos al m\u00e1ximo durante la conducci\u00f3n. Uno de los [&hellip;]<\/p>\n","protected":false},"author":21,"featured_media":0,"comment_status":"open","ping_status":"open","sticky":false,"template":"","format":"standard","meta":{"_acf_changed":false,"_eb_attr":"","inline_featured_image":false,"footnotes":""},"categories":[4401],"tags":[1610,1613,1595,1244,4394,540,1608,1611,544,1607,1609,164,4390,1612],"class_list":["post-1785","post","type-post","status-publish","format-standard","hentry","category-nuestra-marca","tag-camaras","tag-carretera","tag-diseno","tag-ecologia","tag-eyesight","tag-japon","tag-laser","tag-ojo-humano","tag-potencia","tag-puntos-ciegos","tag-radares","tag-seguridad","tag-subaru","tag-vigilar"],"acf":[],"yoast_head":"<!-- This site is optimized with the Yoast SEO plugin v27.3 - https:\/\/yoast.com\/product\/yoast-seo-wordpress\/ -->\n<title>EyeSight de Subaru - Universo Subaru<\/title>\n<meta name=\"robots\" content=\"index, follow, max-snippet:-1, max-image-preview:large, max-video-preview:-1\" \/>\n<link rel=\"canonical\" href=\"https:\/\/www.subaru.es\/blog\/nuestra-marca\/eyesight-de-subaru\/\" \/>\n<meta property=\"og:locale\" content=\"es_ES\" \/>\n<meta property=\"og:type\" content=\"article\" \/>\n<meta property=\"og:title\" content=\"EyeSight de Subaru - Universo Subaru\" \/>\n<meta property=\"og:description\" content=\"Jap\u00f3n se distingue por la potencia, el dise\u00f1o, la seguridad o la ecolog\u00eda de sus veh\u00edculos. Y es que los fabricantes de veh\u00edculos japoneses, entre los que se incluye, por supuesto, Subaru, llevan a\u00f1os buscando soluciones y avances tecnol\u00f3gicos que ayuden al conductor a reducir los riesgos al m\u00e1ximo durante la conducci\u00f3n. Uno de los [&hellip;]\" \/>\n<meta property=\"og:url\" content=\"https:\/\/www.subaru.es\/blog\/nuestra-marca\/eyesight-de-subaru\/\" \/>\n<meta property=\"og:site_name\" content=\"Universo Subaru\" \/>\n<meta property=\"article:publisher\" content=\"https:\/\/www.facebook.com\/subaruespana\" \/>\n<meta property=\"article:published_time\" content=\"2009-02-07T17:17:38+00:00\" \/>\n<meta property=\"article:modified_time\" content=\"2020-08-12T11:26:00+00:00\" \/>\n<meta property=\"og:image\" content=\"https:\/\/www.subaru.es\/blog\/wp-content\/uploads\/2008\/09\/logo-subaru.jpg\" \/>\n<meta name=\"author\" content=\"Subaru\" \/>\n<meta name=\"twitter:card\" content=\"summary_large_image\" \/>\n<meta name=\"twitter:label1\" content=\"Escrito por\" \/>\n\t<meta name=\"twitter:data1\" content=\"Subaru\" \/>\n\t<meta name=\"twitter:label2\" content=\"Tiempo de lectura\" \/>\n\t<meta name=\"twitter:data2\" content=\"1 minuto\" \/>\n<script type=\"application\/ld+json\" class=\"yoast-schema-graph\">{\"@context\":\"https:\\\/\\\/schema.org\",\"@graph\":[{\"@type\":\"Article\",\"@id\":\"https:\\\/\\\/www.subaru.es\\\/blog\\\/nuestra-marca\\\/eyesight-de-subaru\\\/#article\",\"isPartOf\":{\"@id\":\"https:\\\/\\\/www.subaru.es\\\/blog\\\/nuestra-marca\\\/eyesight-de-subaru\\\/\"},\"author\":{\"name\":\"Subaru\",\"@id\":\"https:\\\/\\\/www.subaru.es\\\/blog\\\/#\\\/schema\\\/person\\\/19a90b892230b8e0ec752704ddf4aa10\"},\"headline\":\"EyeSight de Subaru\",\"datePublished\":\"2009-02-07T17:17:38+00:00\",\"dateModified\":\"2020-08-12T11:26:00+00:00\",\"mainEntityOfPage\":{\"@id\":\"https:\\\/\\\/www.subaru.es\\\/blog\\\/nuestra-marca\\\/eyesight-de-subaru\\\/\"},\"wordCount\":265,\"commentCount\":0,\"publisher\":{\"@id\":\"https:\\\/\\\/www.subaru.es\\\/blog\\\/#organization\"},\"image\":{\"@id\":\"https:\\\/\\\/www.subaru.es\\\/blog\\\/nuestra-marca\\\/eyesight-de-subaru\\\/#primaryimage\"},\"thumbnailUrl\":\"https:\\\/\\\/www.subaru.es\\\/blog\\\/wp-content\\\/uploads\\\/2008\\\/09\\\/logo-subaru.jpg\",\"keywords\":[\"c\u00e1maras\",\"carretera\",\"dise\u00f1o\",\"ecolog\u00eda\",\"EyeSight\",\"japon\",\"l\u00e1ser\",\"ojo humano\",\"potencia\",\"puntos ciegos\",\"radares\",\"seguridad\",\"Subaru\",\"vigilar\"],\"articleSection\":[\"Nuestra marca\"],\"inLanguage\":\"es\",\"potentialAction\":[{\"@type\":\"CommentAction\",\"name\":\"Comment\",\"target\":[\"https:\\\/\\\/www.subaru.es\\\/blog\\\/nuestra-marca\\\/eyesight-de-subaru\\\/#respond\"]}]},{\"@type\":\"WebPage\",\"@id\":\"https:\\\/\\\/www.subaru.es\\\/blog\\\/nuestra-marca\\\/eyesight-de-subaru\\\/\",\"url\":\"https:\\\/\\\/www.subaru.es\\\/blog\\\/nuestra-marca\\\/eyesight-de-subaru\\\/\",\"name\":\"EyeSight de Subaru - Universo Subaru\",\"isPartOf\":{\"@id\":\"https:\\\/\\\/www.subaru.es\\\/blog\\\/#website\"},\"primaryImageOfPage\":{\"@id\":\"https:\\\/\\\/www.subaru.es\\\/blog\\\/nuestra-marca\\\/eyesight-de-subaru\\\/#primaryimage\"},\"image\":{\"@id\":\"https:\\\/\\\/www.subaru.es\\\/blog\\\/nuestra-marca\\\/eyesight-de-subaru\\\/#primaryimage\"},\"thumbnailUrl\":\"https:\\\/\\\/www.subaru.es\\\/blog\\\/wp-content\\\/uploads\\\/2008\\\/09\\\/logo-subaru.jpg\",\"datePublished\":\"2009-02-07T17:17:38+00:00\",\"dateModified\":\"2020-08-12T11:26:00+00:00\",\"breadcrumb\":{\"@id\":\"https:\\\/\\\/www.subaru.es\\\/blog\\\/nuestra-marca\\\/eyesight-de-subaru\\\/#breadcrumb\"},\"inLanguage\":\"es\",\"potentialAction\":[{\"@type\":\"ReadAction\",\"target\":[\"https:\\\/\\\/www.subaru.es\\\/blog\\\/nuestra-marca\\\/eyesight-de-subaru\\\/\"]}]},{\"@type\":\"ImageObject\",\"inLanguage\":\"es\",\"@id\":\"https:\\\/\\\/www.subaru.es\\\/blog\\\/nuestra-marca\\\/eyesight-de-subaru\\\/#primaryimage\",\"url\":\"https:\\\/\\\/www.subaru.es\\\/blog\\\/wp-content\\\/uploads\\\/2008\\\/09\\\/logo-subaru.jpg\",\"contentUrl\":\"https:\\\/\\\/www.subaru.es\\\/blog\\\/wp-content\\\/uploads\\\/2008\\\/09\\\/logo-subaru.jpg\",\"width\":400,\"height\":262},{\"@type\":\"BreadcrumbList\",\"@id\":\"https:\\\/\\\/www.subaru.es\\\/blog\\\/nuestra-marca\\\/eyesight-de-subaru\\\/#breadcrumb\",\"itemListElement\":[{\"@type\":\"ListItem\",\"position\":1,\"name\":\"Portada\",\"item\":\"https:\\\/\\\/www.subaru.es\\\/blog\\\/\"},{\"@type\":\"ListItem\",\"position\":2,\"name\":\"EyeSight de Subaru\"}]},{\"@type\":\"WebSite\",\"@id\":\"https:\\\/\\\/www.subaru.es\\\/blog\\\/#website\",\"url\":\"https:\\\/\\\/www.subaru.es\\\/blog\\\/\",\"name\":\"Universo Subaru\",\"description\":\"Descubre este apasionante espacio de Subaru donde vas a conocer todo sobre nuestros coches y las experiencias que vivimos con ellos. Si est\u00e1s preparado para dejarte seducir por la filosof\u00eda Subaru, qu\u00e9date con nosotros.\",\"publisher\":{\"@id\":\"https:\\\/\\\/www.subaru.es\\\/blog\\\/#organization\"},\"potentialAction\":[{\"@type\":\"SearchAction\",\"target\":{\"@type\":\"EntryPoint\",\"urlTemplate\":\"https:\\\/\\\/www.subaru.es\\\/blog\\\/?s={search_term_string}\"},\"query-input\":{\"@type\":\"PropertyValueSpecification\",\"valueRequired\":true,\"valueName\":\"search_term_string\"}}],\"inLanguage\":\"es\"},{\"@type\":\"Organization\",\"@id\":\"https:\\\/\\\/www.subaru.es\\\/blog\\\/#organization\",\"name\":\"Subaru Espa\u00f1a S.A.\",\"url\":\"https:\\\/\\\/www.subaru.es\\\/blog\\\/\",\"logo\":{\"@type\":\"ImageObject\",\"inLanguage\":\"es\",\"@id\":\"https:\\\/\\\/www.subaru.es\\\/blog\\\/#\\\/schema\\\/logo\\\/image\\\/\",\"url\":\"https:\\\/\\\/www.subaru.es\\\/blog\\\/wp-content\\\/uploads\\\/2016\\\/12\\\/Logo-Subaru-TypeV_C300-scaled.jpg\",\"contentUrl\":\"https:\\\/\\\/www.subaru.es\\\/blog\\\/wp-content\\\/uploads\\\/2016\\\/12\\\/Logo-Subaru-TypeV_C300-scaled.jpg\",\"width\":2560,\"height\":1864,\"caption\":\"Subaru Espa\u00f1a S.A.\"},\"image\":{\"@id\":\"https:\\\/\\\/www.subaru.es\\\/blog\\\/#\\\/schema\\\/logo\\\/image\\\/\"},\"sameAs\":[\"https:\\\/\\\/www.facebook.com\\\/subaruespana\",\"https:\\\/\\\/www.instagram.com\\\/subarues\\\/\",\"https:\\\/\\\/www.youtube.com\\\/user\\\/subaruespana\"]},{\"@type\":\"Person\",\"@id\":\"https:\\\/\\\/www.subaru.es\\\/blog\\\/#\\\/schema\\\/person\\\/19a90b892230b8e0ec752704ddf4aa10\",\"name\":\"Subaru\",\"url\":\"https:\\\/\\\/www.subaru.es\\\/blog\\\/author\\\/subaria\\\/\"}]}<\/script>\n<!-- \/ Yoast SEO plugin. -->","yoast_head_json":{"title":"EyeSight de Subaru - Universo Subaru","robots":{"index":"index","follow":"follow","max-snippet":"max-snippet:-1","max-image-preview":"max-image-preview:large","max-video-preview":"max-video-preview:-1"},"canonical":"https:\/\/www.subaru.es\/blog\/nuestra-marca\/eyesight-de-subaru\/","og_locale":"es_ES","og_type":"article","og_title":"EyeSight de Subaru - Universo Subaru","og_description":"Jap\u00f3n se distingue por la potencia, el dise\u00f1o, la seguridad o la ecolog\u00eda de sus veh\u00edculos. Y es que los fabricantes de veh\u00edculos japoneses, entre los que se incluye, por supuesto, Subaru, llevan a\u00f1os buscando soluciones y avances tecnol\u00f3gicos que ayuden al conductor a reducir los riesgos al m\u00e1ximo durante la conducci\u00f3n. Uno de los [&hellip;]","og_url":"https:\/\/www.subaru.es\/blog\/nuestra-marca\/eyesight-de-subaru\/","og_site_name":"Universo Subaru","article_publisher":"https:\/\/www.facebook.com\/subaruespana","article_published_time":"2009-02-07T17:17:38+00:00","article_modified_time":"2020-08-12T11:26:00+00:00","og_image":[{"url":"https:\/\/www.subaru.es\/blog\/wp-content\/uploads\/2008\/09\/logo-subaru.jpg","type":"","width":"","height":""}],"author":"Subaru","twitter_card":"summary_large_image","twitter_misc":{"Escrito por":"Subaru","Tiempo de lectura":"1 minuto"},"schema":{"@context":"https:\/\/schema.org","@graph":[{"@type":"Article","@id":"https:\/\/www.subaru.es\/blog\/nuestra-marca\/eyesight-de-subaru\/#article","isPartOf":{"@id":"https:\/\/www.subaru.es\/blog\/nuestra-marca\/eyesight-de-subaru\/"},"author":{"name":"Subaru","@id":"https:\/\/www.subaru.es\/blog\/#\/schema\/person\/19a90b892230b8e0ec752704ddf4aa10"},"headline":"EyeSight de Subaru","datePublished":"2009-02-07T17:17:38+00:00","dateModified":"2020-08-12T11:26:00+00:00","mainEntityOfPage":{"@id":"https:\/\/www.subaru.es\/blog\/nuestra-marca\/eyesight-de-subaru\/"},"wordCount":265,"commentCount":0,"publisher":{"@id":"https:\/\/www.subaru.es\/blog\/#organization"},"image":{"@id":"https:\/\/www.subaru.es\/blog\/nuestra-marca\/eyesight-de-subaru\/#primaryimage"},"thumbnailUrl":"https:\/\/www.subaru.es\/blog\/wp-content\/uploads\/2008\/09\/logo-subaru.jpg","keywords":["c\u00e1maras","carretera","dise\u00f1o","ecolog\u00eda","EyeSight","japon","l\u00e1ser","ojo humano","potencia","puntos ciegos","radares","seguridad","Subaru","vigilar"],"articleSection":["Nuestra marca"],"inLanguage":"es","potentialAction":[{"@type":"CommentAction","name":"Comment","target":["https:\/\/www.subaru.es\/blog\/nuestra-marca\/eyesight-de-subaru\/#respond"]}]},{"@type":"WebPage","@id":"https:\/\/www.subaru.es\/blog\/nuestra-marca\/eyesight-de-subaru\/","url":"https:\/\/www.subaru.es\/blog\/nuestra-marca\/eyesight-de-subaru\/","name":"EyeSight de Subaru - Universo Subaru","isPartOf":{"@id":"https:\/\/www.subaru.es\/blog\/#website"},"primaryImageOfPage":{"@id":"https:\/\/www.subaru.es\/blog\/nuestra-marca\/eyesight-de-subaru\/#primaryimage"},"image":{"@id":"https:\/\/www.subaru.es\/blog\/nuestra-marca\/eyesight-de-subaru\/#primaryimage"},"thumbnailUrl":"https:\/\/www.subaru.es\/blog\/wp-content\/uploads\/2008\/09\/logo-subaru.jpg","datePublished":"2009-02-07T17:17:38+00:00","dateModified":"2020-08-12T11:26:00+00:00","breadcrumb":{"@id":"https:\/\/www.subaru.es\/blog\/nuestra-marca\/eyesight-de-subaru\/#breadcrumb"},"inLanguage":"es","potentialAction":[{"@type":"ReadAction","target":["https:\/\/www.subaru.es\/blog\/nuestra-marca\/eyesight-de-subaru\/"]}]},{"@type":"ImageObject","inLanguage":"es","@id":"https:\/\/www.subaru.es\/blog\/nuestra-marca\/eyesight-de-subaru\/#primaryimage","url":"https:\/\/www.subaru.es\/blog\/wp-content\/uploads\/2008\/09\/logo-subaru.jpg","contentUrl":"https:\/\/www.subaru.es\/blog\/wp-content\/uploads\/2008\/09\/logo-subaru.jpg","width":400,"height":262},{"@type":"BreadcrumbList","@id":"https:\/\/www.subaru.es\/blog\/nuestra-marca\/eyesight-de-subaru\/#breadcrumb","itemListElement":[{"@type":"ListItem","position":1,"name":"Portada","item":"https:\/\/www.subaru.es\/blog\/"},{"@type":"ListItem","position":2,"name":"EyeSight de Subaru"}]},{"@type":"WebSite","@id":"https:\/\/www.subaru.es\/blog\/#website","url":"https:\/\/www.subaru.es\/blog\/","name":"Universo Subaru","description":"Descubre este apasionante espacio de Subaru donde vas a conocer todo sobre nuestros coches y las experiencias que vivimos con ellos. Si est\u00e1s preparado para dejarte seducir por la filosof\u00eda Subaru, qu\u00e9date con nosotros.","publisher":{"@id":"https:\/\/www.subaru.es\/blog\/#organization"},"potentialAction":[{"@type":"SearchAction","target":{"@type":"EntryPoint","urlTemplate":"https:\/\/www.subaru.es\/blog\/?s={search_term_string}"},"query-input":{"@type":"PropertyValueSpecification","valueRequired":true,"valueName":"search_term_string"}}],"inLanguage":"es"},{"@type":"Organization","@id":"https:\/\/www.subaru.es\/blog\/#organization","name":"Subaru Espa\u00f1a S.A.","url":"https:\/\/www.subaru.es\/blog\/","logo":{"@type":"ImageObject","inLanguage":"es","@id":"https:\/\/www.subaru.es\/blog\/#\/schema\/logo\/image\/","url":"https:\/\/www.subaru.es\/blog\/wp-content\/uploads\/2016\/12\/Logo-Subaru-TypeV_C300-scaled.jpg","contentUrl":"https:\/\/www.subaru.es\/blog\/wp-content\/uploads\/2016\/12\/Logo-Subaru-TypeV_C300-scaled.jpg","width":2560,"height":1864,"caption":"Subaru Espa\u00f1a S.A."},"image":{"@id":"https:\/\/www.subaru.es\/blog\/#\/schema\/logo\/image\/"},"sameAs":["https:\/\/www.facebook.com\/subaruespana","https:\/\/www.instagram.com\/subarues\/","https:\/\/www.youtube.com\/user\/subaruespana"]},{"@type":"Person","@id":"https:\/\/www.subaru.es\/blog\/#\/schema\/person\/19a90b892230b8e0ec752704ddf4aa10","name":"Subaru","url":"https:\/\/www.subaru.es\/blog\/author\/subaria\/"}]}},"_links":{"self":[{"href":"https:\/\/www.subaru.es\/blog\/wp-json\/wp\/v2\/posts\/1785","targetHints":{"allow":["GET"]}}],"collection":[{"href":"https:\/\/www.subaru.es\/blog\/wp-json\/wp\/v2\/posts"}],"about":[{"href":"https:\/\/www.subaru.es\/blog\/wp-json\/wp\/v2\/types\/post"}],"author":[{"embeddable":true,"href":"https:\/\/www.subaru.es\/blog\/wp-json\/wp\/v2\/users\/21"}],"replies":[{"embeddable":true,"href":"https:\/\/www.subaru.es\/blog\/wp-json\/wp\/v2\/comments?post=1785"}],"version-history":[{"count":2,"href":"https:\/\/www.subaru.es\/blog\/wp-json\/wp\/v2\/posts\/1785\/revisions"}],"predecessor-version":[{"id":22324,"href":"https:\/\/www.subaru.es\/blog\/wp-json\/wp\/v2\/posts\/1785\/revisions\/22324"}],"wp:attachment":[{"href":"https:\/\/www.subaru.es\/blog\/wp-json\/wp\/v2\/media?parent=1785"}],"wp:term":[{"taxonomy":"category","embeddable":true,"href":"https:\/\/www.subaru.es\/blog\/wp-json\/wp\/v2\/categories?post=1785"},{"taxonomy":"post_tag","embeddable":true,"href":"https:\/\/www.subaru.es\/blog\/wp-json\/wp\/v2\/tags?post=1785"}],"curies":[{"name":"wp","href":"https:\/\/api.w.org\/{rel}","templated":true}]}}