{"id":1770,"date":"2009-02-25T09:19:07","date_gmt":"2009-02-25T07:19:07","guid":{"rendered":"http:\/\/subaru.preproduccion.com\/blog\/wp-content\/2009\/02\/25\/viaje-de-ensueno-a-los-mandos-de-un-subaru-7\/"},"modified":"2020-08-12T13:15:28","modified_gmt":"2020-08-12T11:15:28","slug":"viaje-de-ensueno-a-los-mandos-de-un-subaru-7","status":"publish","type":"post","link":"https:\/\/www.subaru.es\/blog\/subaru-lifestyle\/viaje-de-ensueno-a-los-mandos-de-un-subaru-7\/","title":{"rendered":"Viaje de ensue\u00f1o a los mandos de un Subaru 7"},"content":{"rendered":"<p><a href=\"https:\/\/www.subaru.es\/blog\/wp-content\/uploads\/2008\/12\/ardeparis.jpg\" title=\"Subaru viajero\"><img decoding=\"async\" data-src=\"https:\/\/www.subaru.es\/blog\/wp-content\/uploads\/2008\/12\/ardeparis.jpg\" alt=\"Subaru viajero\" src=\"data:image\/svg+xml;base64,PHN2ZyB3aWR0aD0iMSIgaGVpZ2h0PSIxIiB4bWxucz0iaHR0cDovL3d3dy53My5vcmcvMjAwMC9zdmciPjwvc3ZnPg==\" class=\"lazyload\" style=\"--smush-placeholder-width: 422px; --smush-placeholder-aspect-ratio: 422\/159;\"><\/a><\/p>\n<p>En esta serie de post recorreremos el mundo para mostrarte qu\u00e9 modelo de <strong>Subaru <\/strong>es perfecto para cada lugar elegido. El de hoy es <strong>Mallorca<\/strong>.<\/p>\n<p>\u00bfPlaya o monta\u00f1a? Gracias al <strong>Tribeca <\/strong>podremos desplazarnos a cualquier sitio de las <strong>Islas Baleares<\/strong>. \u00bfNos apetece la monta\u00f1a? Gracias a este veh\u00edculo de <strong>Subaru <\/strong>podremos adentrarnos en la historia de las <strong>monta\u00f1as gemelas <\/strong>de la isla. Su visi\u00f3n es impresionante, dado el enclave atractivo en el que se encuentran, y recuerdan a quien las ve a dos columnas que custodian la entrada hacia otro mundo. Se tratan de <strong>S \u00c1lcadena y Puig des Castell<\/strong>.<\/p>\n<p><a href=\"https:\/\/www.subaru.es\/blog\/wp-content\/uploads\/2008\/12\/subaru-tribeca-2009.jpg\" title=\"Tribeca 2009\"><img decoding=\"async\" data-src=\"https:\/\/www.subaru.es\/blog\/wp-content\/uploads\/2008\/12\/subaru-tribeca-2009.jpg\" alt=\"Tribeca 2009\" src=\"data:image\/svg+xml;base64,PHN2ZyB3aWR0aD0iMSIgaGVpZ2h0PSIxIiB4bWxucz0iaHR0cDovL3d3dy53My5vcmcvMjAwMC9zdmciPjwvc3ZnPg==\" class=\"lazyload\" style=\"--smush-placeholder-width: 460px; --smush-placeholder-aspect-ratio: 460\/306;\"><\/a><\/p>\n<p>Dentro del <strong>Tribeca <\/strong>la magia del lugar nos parecer\u00e1 a\u00fan m\u00e1s arrolladora, sobre todo ahora que ha ganado <strong>cilindrada al alcanzar los 3,6 litros y ha conseguido una potencia que se cifra en los 258 CV<\/strong>. El <strong>par es de 350 Nm medidos a 4.000 revoluciones<\/strong>. Una caracter\u00edstica importante de este veh\u00edculo: <strong>por primera vez <\/strong>en un propulsor aspirado en la marca japonesa, monta un <strong>variador de fase continuo sobre las v\u00e1lvulas de escape<\/strong>, lo que se traduce en un comportamiento diferente.<\/p>\n<p><a href=\"https:\/\/www.subaru.es\/blog\/wp-content\/uploads\/2008\/12\/montanas-gemelas.jpg\" title=\"Monta\u00f1as gemelas\"><img decoding=\"async\" data-src=\"https:\/\/www.subaru.es\/blog\/wp-content\/uploads\/2008\/12\/montanas-gemelas.jpg\" alt=\"Monta\u00f1as gemelas\" src=\"data:image\/svg+xml;base64,PHN2ZyB3aWR0aD0iMSIgaGVpZ2h0PSIxIiB4bWxucz0iaHR0cDovL3d3dy53My5vcmcvMjAwMC9zdmciPjwvc3ZnPg==\" class=\"lazyload\" style=\"--smush-placeholder-width: 298px; --smush-placeholder-aspect-ratio: 298\/213;\"><\/a><\/p>\n<p>Y ese comportamiento es el que necesitamos para adentrarnos en nuestro pr\u00f3ximo destino. \u00bfPlaya? \u00bfQu\u00e9 mejor que <strong>Mallorca <\/strong>para poder perderte gracias al <strong>Tribeca <\/strong>en alguna paradis\u00edaca cala? Ejemplos son la <strong>Cala Figuera y la Cala Torta <\/strong>(eso s\u00ed, ambas nudistas) o, para los que prefieran ir con algo de ropa, otro ejemplo es la <strong>Cala Agulla<\/strong>.<\/p>\n<p>Igual que el azul turquesa que hace caracter\u00edsticas estas playas, de la gama de colores del <strong>Tribeca <\/strong>hay que destacar la nueva opci\u00f3n rub\u00ed, que lo dota de gran personalidad. Respecto a su dise\u00f1o, el frontal cuenta ahora con una <strong>parrilla y con unos faros<\/strong> que lo hacen m\u00e1s agradable a la vista. Todo un lavado de cara que le proporciona una fuerte presencia que encaja con sus <strong>capacidades mec\u00e1nicas<\/strong>.<\/p>\n<p><a href=\"https:\/\/www.subaru.es\/blog\/wp-content\/uploads\/2008\/12\/cala-figuera.jpg\" title=\"Cala Figuera\"><img decoding=\"async\" data-src=\"https:\/\/www.subaru.es\/blog\/wp-content\/uploads\/2008\/12\/cala-figuera.jpg\" alt=\"Cala Figuera\" src=\"data:image\/svg+xml;base64,PHN2ZyB3aWR0aD0iMSIgaGVpZ2h0PSIxIiB4bWxucz0iaHR0cDovL3d3dy53My5vcmcvMjAwMC9zdmciPjwvc3ZnPg==\" class=\"lazyload\" style=\"--smush-placeholder-width: 448px; --smush-placeholder-aspect-ratio: 448\/299;\"><\/a><\/p>\n<p>Adem\u00e1s, <strong>Tribeca 2009 <\/strong>proporciona una visi\u00f3n trasera excelente al conductor, lo que mejora su seguridad. Y es que, tanto en un accidente frontal como lateral, el veh\u00edculo recibe <strong>cinco estrellas en seguridad <\/strong>respecto al conductor y los pasajeros, mientras que en el caso de vuelco, la seguridad corresponde a cuatro estrellas.<\/p>\n<p>Todo un lujo de veh\u00edculo para llegar al lugar m\u00e1s rec\u00f3ndito del <strong>para\u00edso <\/strong>que es <strong>Mallorca<\/strong>.<\/p>\n<p><a href=\"https:\/\/www.subaru.es\/blog\/wp-content\/uploads\/2008\/12\/cala-agulla.jpg\" title=\"Cala Agulla\"><img decoding=\"async\" data-src=\"https:\/\/www.subaru.es\/blog\/wp-content\/uploads\/2008\/12\/cala-agulla.jpg\" alt=\"Cala Agulla\" src=\"data:image\/svg+xml;base64,PHN2ZyB3aWR0aD0iMSIgaGVpZ2h0PSIxIiB4bWxucz0iaHR0cDovL3d3dy53My5vcmcvMjAwMC9zdmciPjwvc3ZnPg==\" class=\"lazyload\" style=\"--smush-placeholder-width: 480px; --smush-placeholder-aspect-ratio: 480\/321;\"><\/a><\/p>\n<p>Por supuesto, queremos seguir contando con vuestra opini\u00f3n para que nos propong\u00e1is m\u00e1s viajes a trav\u00e9s del mundo bajo los mandos de un <strong>Subaru<\/strong>.<\/p>\n","protected":false},"excerpt":{"rendered":"<p>En esta serie de post recorreremos el mundo para mostrarte qu\u00e9 modelo de Subaru es perfecto para cada lugar elegido. El de hoy es Mallorca. \u00bfPlaya o monta\u00f1a? Gracias al Tribeca podremos desplazarnos a cualquier sitio de las Islas Baleares. \u00bfNos apetece la monta\u00f1a? Gracias a este veh\u00edculo de Subaru podremos adentrarnos en la historia [&hellip;]<\/p>\n","protected":false},"author":21,"featured_media":1771,"comment_status":"open","ping_status":"open","sticky":false,"template":"","format":"standard","meta":{"_acf_changed":false,"_eb_attr":"","inline_featured_image":false,"footnotes":""},"categories":[4520],"tags":[1580,1578,1579,1576,1581,1436,1575,577,1435,544,973,4390,86,1577],"class_list":["post-1770","post","type-post","status-publish","format-standard","has-post-thumbnail","hentry","category-subaru-lifestyle","tag-cala-agulla","tag-cala-figuera","tag-cala-torta","tag-cilindrada","tag-cinco-estrellas-en-seguridad","tag-islas-baleares","tag-mallorca","tag-montana","tag-playa","tag-potencia","tag-propulsor","tag-subaru","tag-tribeca","tag-variador-de-fase-continuo-sobre-las-valvulas-de-escape"],"acf":[],"yoast_head":"<!-- This site is optimized with the Yoast SEO plugin v27.3 - https:\/\/yoast.com\/product\/yoast-seo-wordpress\/ -->\n<title>Viaje de ensue\u00f1o a los mandos de un Subaru 7 - Universo Subaru<\/title>\n<meta name=\"robots\" content=\"index, follow, max-snippet:-1, max-image-preview:large, max-video-preview:-1\" \/>\n<link rel=\"canonical\" href=\"https:\/\/www.subaru.es\/blog\/subaru-lifestyle\/viaje-de-ensueno-a-los-mandos-de-un-subaru-7\/\" \/>\n<meta property=\"og:locale\" content=\"es_ES\" \/>\n<meta property=\"og:type\" content=\"article\" \/>\n<meta property=\"og:title\" content=\"Viaje de ensue\u00f1o a los mandos de un Subaru 7 - Universo Subaru\" \/>\n<meta property=\"og:description\" content=\"En esta serie de post recorreremos el mundo para mostrarte qu\u00e9 modelo de Subaru es perfecto para cada lugar elegido. El de hoy es Mallorca. \u00bfPlaya o monta\u00f1a? Gracias al Tribeca podremos desplazarnos a cualquier sitio de las Islas Baleares. \u00bfNos apetece la monta\u00f1a? Gracias a este veh\u00edculo de Subaru podremos adentrarnos en la historia [&hellip;]\" \/>\n<meta property=\"og:url\" content=\"https:\/\/www.subaru.es\/blog\/subaru-lifestyle\/viaje-de-ensueno-a-los-mandos-de-un-subaru-7\/\" \/>\n<meta property=\"og:site_name\" content=\"Universo Subaru\" \/>\n<meta property=\"article:publisher\" content=\"https:\/\/www.facebook.com\/subaruespana\" \/>\n<meta property=\"article:published_time\" content=\"2009-02-25T07:19:07+00:00\" \/>\n<meta property=\"article:modified_time\" content=\"2020-08-12T11:15:28+00:00\" \/>\n<meta property=\"og:image\" content=\"https:\/\/www.subaru.es\/blog\/wp-content\/uploads\/2008\/12\/subaru-tribeca-2009.jpg\" \/>\n\t<meta property=\"og:image:width\" content=\"460\" \/>\n\t<meta property=\"og:image:height\" content=\"306\" \/>\n\t<meta property=\"og:image:type\" content=\"image\/jpeg\" \/>\n<meta name=\"author\" content=\"Subaru\" \/>\n<meta name=\"twitter:card\" content=\"summary_large_image\" \/>\n<meta name=\"twitter:label1\" content=\"Escrito por\" \/>\n\t<meta name=\"twitter:data1\" content=\"Subaru\" \/>\n\t<meta name=\"twitter:label2\" content=\"Tiempo de lectura\" \/>\n\t<meta name=\"twitter:data2\" content=\"2 minutos\" \/>\n<script type=\"application\/ld+json\" class=\"yoast-schema-graph\">{\"@context\":\"https:\\\/\\\/schema.org\",\"@graph\":[{\"@type\":\"Article\",\"@id\":\"https:\\\/\\\/www.subaru.es\\\/blog\\\/subaru-lifestyle\\\/viaje-de-ensueno-a-los-mandos-de-un-subaru-7\\\/#article\",\"isPartOf\":{\"@id\":\"https:\\\/\\\/www.subaru.es\\\/blog\\\/subaru-lifestyle\\\/viaje-de-ensueno-a-los-mandos-de-un-subaru-7\\\/\"},\"author\":{\"name\":\"Subaru\",\"@id\":\"https:\\\/\\\/www.subaru.es\\\/blog\\\/#\\\/schema\\\/person\\\/19a90b892230b8e0ec752704ddf4aa10\"},\"headline\":\"Viaje de ensue\u00f1o a los mandos de un Subaru 7\",\"datePublished\":\"2009-02-25T07:19:07+00:00\",\"dateModified\":\"2020-08-12T11:15:28+00:00\",\"mainEntityOfPage\":{\"@id\":\"https:\\\/\\\/www.subaru.es\\\/blog\\\/subaru-lifestyle\\\/viaje-de-ensueno-a-los-mandos-de-un-subaru-7\\\/\"},\"wordCount\":433,\"commentCount\":0,\"publisher\":{\"@id\":\"https:\\\/\\\/www.subaru.es\\\/blog\\\/#organization\"},\"image\":{\"@id\":\"https:\\\/\\\/www.subaru.es\\\/blog\\\/subaru-lifestyle\\\/viaje-de-ensueno-a-los-mandos-de-un-subaru-7\\\/#primaryimage\"},\"thumbnailUrl\":\"https:\\\/\\\/www.subaru.es\\\/blog\\\/wp-content\\\/uploads\\\/2008\\\/12\\\/subaru-tribeca-2009.jpg\",\"keywords\":[\"Cala Agulla\",\"Cala Figuera\",\"Cala Torta\",\"cilindrada\",\"cinco estrellas en seguridad\",\"Islas Baleares.\",\"Mallorca\",\"monta\u00f1a\",\"playa\",\"potencia\",\"propulsor\",\"Subaru\",\"tribeca\",\"variador de fase continuo sobre las v\u00e1lvulas de escape\"],\"articleSection\":[\"Subaru LifeStyle\"],\"inLanguage\":\"es\",\"potentialAction\":[{\"@type\":\"CommentAction\",\"name\":\"Comment\",\"target\":[\"https:\\\/\\\/www.subaru.es\\\/blog\\\/subaru-lifestyle\\\/viaje-de-ensueno-a-los-mandos-de-un-subaru-7\\\/#respond\"]}]},{\"@type\":\"WebPage\",\"@id\":\"https:\\\/\\\/www.subaru.es\\\/blog\\\/subaru-lifestyle\\\/viaje-de-ensueno-a-los-mandos-de-un-subaru-7\\\/\",\"url\":\"https:\\\/\\\/www.subaru.es\\\/blog\\\/subaru-lifestyle\\\/viaje-de-ensueno-a-los-mandos-de-un-subaru-7\\\/\",\"name\":\"Viaje de ensue\u00f1o a los mandos de un Subaru 7 - Universo Subaru\",\"isPartOf\":{\"@id\":\"https:\\\/\\\/www.subaru.es\\\/blog\\\/#website\"},\"primaryImageOfPage\":{\"@id\":\"https:\\\/\\\/www.subaru.es\\\/blog\\\/subaru-lifestyle\\\/viaje-de-ensueno-a-los-mandos-de-un-subaru-7\\\/#primaryimage\"},\"image\":{\"@id\":\"https:\\\/\\\/www.subaru.es\\\/blog\\\/subaru-lifestyle\\\/viaje-de-ensueno-a-los-mandos-de-un-subaru-7\\\/#primaryimage\"},\"thumbnailUrl\":\"https:\\\/\\\/www.subaru.es\\\/blog\\\/wp-content\\\/uploads\\\/2008\\\/12\\\/subaru-tribeca-2009.jpg\",\"datePublished\":\"2009-02-25T07:19:07+00:00\",\"dateModified\":\"2020-08-12T11:15:28+00:00\",\"breadcrumb\":{\"@id\":\"https:\\\/\\\/www.subaru.es\\\/blog\\\/subaru-lifestyle\\\/viaje-de-ensueno-a-los-mandos-de-un-subaru-7\\\/#breadcrumb\"},\"inLanguage\":\"es\",\"potentialAction\":[{\"@type\":\"ReadAction\",\"target\":[\"https:\\\/\\\/www.subaru.es\\\/blog\\\/subaru-lifestyle\\\/viaje-de-ensueno-a-los-mandos-de-un-subaru-7\\\/\"]}]},{\"@type\":\"ImageObject\",\"inLanguage\":\"es\",\"@id\":\"https:\\\/\\\/www.subaru.es\\\/blog\\\/subaru-lifestyle\\\/viaje-de-ensueno-a-los-mandos-de-un-subaru-7\\\/#primaryimage\",\"url\":\"https:\\\/\\\/www.subaru.es\\\/blog\\\/wp-content\\\/uploads\\\/2008\\\/12\\\/subaru-tribeca-2009.jpg\",\"contentUrl\":\"https:\\\/\\\/www.subaru.es\\\/blog\\\/wp-content\\\/uploads\\\/2008\\\/12\\\/subaru-tribeca-2009.jpg\",\"width\":460,\"height\":306},{\"@type\":\"BreadcrumbList\",\"@id\":\"https:\\\/\\\/www.subaru.es\\\/blog\\\/subaru-lifestyle\\\/viaje-de-ensueno-a-los-mandos-de-un-subaru-7\\\/#breadcrumb\",\"itemListElement\":[{\"@type\":\"ListItem\",\"position\":1,\"name\":\"Portada\",\"item\":\"https:\\\/\\\/www.subaru.es\\\/blog\\\/\"},{\"@type\":\"ListItem\",\"position\":2,\"name\":\"Viaje de ensue\u00f1o a los mandos de un Subaru 7\"}]},{\"@type\":\"WebSite\",\"@id\":\"https:\\\/\\\/www.subaru.es\\\/blog\\\/#website\",\"url\":\"https:\\\/\\\/www.subaru.es\\\/blog\\\/\",\"name\":\"Universo Subaru\",\"description\":\"Descubre este apasionante espacio de Subaru donde vas a conocer todo sobre nuestros coches y las experiencias que vivimos con ellos. Si est\u00e1s preparado para dejarte seducir por la filosof\u00eda Subaru, qu\u00e9date con nosotros.\",\"publisher\":{\"@id\":\"https:\\\/\\\/www.subaru.es\\\/blog\\\/#organization\"},\"potentialAction\":[{\"@type\":\"SearchAction\",\"target\":{\"@type\":\"EntryPoint\",\"urlTemplate\":\"https:\\\/\\\/www.subaru.es\\\/blog\\\/?s={search_term_string}\"},\"query-input\":{\"@type\":\"PropertyValueSpecification\",\"valueRequired\":true,\"valueName\":\"search_term_string\"}}],\"inLanguage\":\"es\"},{\"@type\":\"Organization\",\"@id\":\"https:\\\/\\\/www.subaru.es\\\/blog\\\/#organization\",\"name\":\"Subaru Espa\u00f1a S.A.\",\"url\":\"https:\\\/\\\/www.subaru.es\\\/blog\\\/\",\"logo\":{\"@type\":\"ImageObject\",\"inLanguage\":\"es\",\"@id\":\"https:\\\/\\\/www.subaru.es\\\/blog\\\/#\\\/schema\\\/logo\\\/image\\\/\",\"url\":\"https:\\\/\\\/www.subaru.es\\\/blog\\\/wp-content\\\/uploads\\\/2016\\\/12\\\/Logo-Subaru-TypeV_C300-scaled.jpg\",\"contentUrl\":\"https:\\\/\\\/www.subaru.es\\\/blog\\\/wp-content\\\/uploads\\\/2016\\\/12\\\/Logo-Subaru-TypeV_C300-scaled.jpg\",\"width\":2560,\"height\":1864,\"caption\":\"Subaru Espa\u00f1a S.A.\"},\"image\":{\"@id\":\"https:\\\/\\\/www.subaru.es\\\/blog\\\/#\\\/schema\\\/logo\\\/image\\\/\"},\"sameAs\":[\"https:\\\/\\\/www.facebook.com\\\/subaruespana\",\"https:\\\/\\\/www.instagram.com\\\/subarues\\\/\",\"https:\\\/\\\/www.youtube.com\\\/user\\\/subaruespana\"]},{\"@type\":\"Person\",\"@id\":\"https:\\\/\\\/www.subaru.es\\\/blog\\\/#\\\/schema\\\/person\\\/19a90b892230b8e0ec752704ddf4aa10\",\"name\":\"Subaru\",\"url\":\"https:\\\/\\\/www.subaru.es\\\/blog\\\/author\\\/subaria\\\/\"}]}<\/script>\n<!-- \/ Yoast SEO plugin. -->","yoast_head_json":{"title":"Viaje de ensue\u00f1o a los mandos de un Subaru 7 - Universo Subaru","robots":{"index":"index","follow":"follow","max-snippet":"max-snippet:-1","max-image-preview":"max-image-preview:large","max-video-preview":"max-video-preview:-1"},"canonical":"https:\/\/www.subaru.es\/blog\/subaru-lifestyle\/viaje-de-ensueno-a-los-mandos-de-un-subaru-7\/","og_locale":"es_ES","og_type":"article","og_title":"Viaje de ensue\u00f1o a los mandos de un Subaru 7 - Universo Subaru","og_description":"En esta serie de post recorreremos el mundo para mostrarte qu\u00e9 modelo de Subaru es perfecto para cada lugar elegido. El de hoy es Mallorca. \u00bfPlaya o monta\u00f1a? Gracias al Tribeca podremos desplazarnos a cualquier sitio de las Islas Baleares. \u00bfNos apetece la monta\u00f1a? Gracias a este veh\u00edculo de Subaru podremos adentrarnos en la historia [&hellip;]","og_url":"https:\/\/www.subaru.es\/blog\/subaru-lifestyle\/viaje-de-ensueno-a-los-mandos-de-un-subaru-7\/","og_site_name":"Universo Subaru","article_publisher":"https:\/\/www.facebook.com\/subaruespana","article_published_time":"2009-02-25T07:19:07+00:00","article_modified_time":"2020-08-12T11:15:28+00:00","og_image":[{"width":460,"height":306,"url":"https:\/\/www.subaru.es\/blog\/wp-content\/uploads\/2008\/12\/subaru-tribeca-2009.jpg","type":"image\/jpeg"}],"author":"Subaru","twitter_card":"summary_large_image","twitter_misc":{"Escrito por":"Subaru","Tiempo de lectura":"2 minutos"},"schema":{"@context":"https:\/\/schema.org","@graph":[{"@type":"Article","@id":"https:\/\/www.subaru.es\/blog\/subaru-lifestyle\/viaje-de-ensueno-a-los-mandos-de-un-subaru-7\/#article","isPartOf":{"@id":"https:\/\/www.subaru.es\/blog\/subaru-lifestyle\/viaje-de-ensueno-a-los-mandos-de-un-subaru-7\/"},"author":{"name":"Subaru","@id":"https:\/\/www.subaru.es\/blog\/#\/schema\/person\/19a90b892230b8e0ec752704ddf4aa10"},"headline":"Viaje de ensue\u00f1o a los mandos de un Subaru 7","datePublished":"2009-02-25T07:19:07+00:00","dateModified":"2020-08-12T11:15:28+00:00","mainEntityOfPage":{"@id":"https:\/\/www.subaru.es\/blog\/subaru-lifestyle\/viaje-de-ensueno-a-los-mandos-de-un-subaru-7\/"},"wordCount":433,"commentCount":0,"publisher":{"@id":"https:\/\/www.subaru.es\/blog\/#organization"},"image":{"@id":"https:\/\/www.subaru.es\/blog\/subaru-lifestyle\/viaje-de-ensueno-a-los-mandos-de-un-subaru-7\/#primaryimage"},"thumbnailUrl":"https:\/\/www.subaru.es\/blog\/wp-content\/uploads\/2008\/12\/subaru-tribeca-2009.jpg","keywords":["Cala Agulla","Cala Figuera","Cala Torta","cilindrada","cinco estrellas en seguridad","Islas Baleares.","Mallorca","monta\u00f1a","playa","potencia","propulsor","Subaru","tribeca","variador de fase continuo sobre las v\u00e1lvulas de escape"],"articleSection":["Subaru LifeStyle"],"inLanguage":"es","potentialAction":[{"@type":"CommentAction","name":"Comment","target":["https:\/\/www.subaru.es\/blog\/subaru-lifestyle\/viaje-de-ensueno-a-los-mandos-de-un-subaru-7\/#respond"]}]},{"@type":"WebPage","@id":"https:\/\/www.subaru.es\/blog\/subaru-lifestyle\/viaje-de-ensueno-a-los-mandos-de-un-subaru-7\/","url":"https:\/\/www.subaru.es\/blog\/subaru-lifestyle\/viaje-de-ensueno-a-los-mandos-de-un-subaru-7\/","name":"Viaje de ensue\u00f1o a los mandos de un Subaru 7 - Universo Subaru","isPartOf":{"@id":"https:\/\/www.subaru.es\/blog\/#website"},"primaryImageOfPage":{"@id":"https:\/\/www.subaru.es\/blog\/subaru-lifestyle\/viaje-de-ensueno-a-los-mandos-de-un-subaru-7\/#primaryimage"},"image":{"@id":"https:\/\/www.subaru.es\/blog\/subaru-lifestyle\/viaje-de-ensueno-a-los-mandos-de-un-subaru-7\/#primaryimage"},"thumbnailUrl":"https:\/\/www.subaru.es\/blog\/wp-content\/uploads\/2008\/12\/subaru-tribeca-2009.jpg","datePublished":"2009-02-25T07:19:07+00:00","dateModified":"2020-08-12T11:15:28+00:00","breadcrumb":{"@id":"https:\/\/www.subaru.es\/blog\/subaru-lifestyle\/viaje-de-ensueno-a-los-mandos-de-un-subaru-7\/#breadcrumb"},"inLanguage":"es","potentialAction":[{"@type":"ReadAction","target":["https:\/\/www.subaru.es\/blog\/subaru-lifestyle\/viaje-de-ensueno-a-los-mandos-de-un-subaru-7\/"]}]},{"@type":"ImageObject","inLanguage":"es","@id":"https:\/\/www.subaru.es\/blog\/subaru-lifestyle\/viaje-de-ensueno-a-los-mandos-de-un-subaru-7\/#primaryimage","url":"https:\/\/www.subaru.es\/blog\/wp-content\/uploads\/2008\/12\/subaru-tribeca-2009.jpg","contentUrl":"https:\/\/www.subaru.es\/blog\/wp-content\/uploads\/2008\/12\/subaru-tribeca-2009.jpg","width":460,"height":306},{"@type":"BreadcrumbList","@id":"https:\/\/www.subaru.es\/blog\/subaru-lifestyle\/viaje-de-ensueno-a-los-mandos-de-un-subaru-7\/#breadcrumb","itemListElement":[{"@type":"ListItem","position":1,"name":"Portada","item":"https:\/\/www.subaru.es\/blog\/"},{"@type":"ListItem","position":2,"name":"Viaje de ensue\u00f1o a los mandos de un Subaru 7"}]},{"@type":"WebSite","@id":"https:\/\/www.subaru.es\/blog\/#website","url":"https:\/\/www.subaru.es\/blog\/","name":"Universo Subaru","description":"Descubre este apasionante espacio de Subaru donde vas a conocer todo sobre nuestros coches y las experiencias que vivimos con ellos. Si est\u00e1s preparado para dejarte seducir por la filosof\u00eda Subaru, qu\u00e9date con nosotros.","publisher":{"@id":"https:\/\/www.subaru.es\/blog\/#organization"},"potentialAction":[{"@type":"SearchAction","target":{"@type":"EntryPoint","urlTemplate":"https:\/\/www.subaru.es\/blog\/?s={search_term_string}"},"query-input":{"@type":"PropertyValueSpecification","valueRequired":true,"valueName":"search_term_string"}}],"inLanguage":"es"},{"@type":"Organization","@id":"https:\/\/www.subaru.es\/blog\/#organization","name":"Subaru Espa\u00f1a S.A.","url":"https:\/\/www.subaru.es\/blog\/","logo":{"@type":"ImageObject","inLanguage":"es","@id":"https:\/\/www.subaru.es\/blog\/#\/schema\/logo\/image\/","url":"https:\/\/www.subaru.es\/blog\/wp-content\/uploads\/2016\/12\/Logo-Subaru-TypeV_C300-scaled.jpg","contentUrl":"https:\/\/www.subaru.es\/blog\/wp-content\/uploads\/2016\/12\/Logo-Subaru-TypeV_C300-scaled.jpg","width":2560,"height":1864,"caption":"Subaru Espa\u00f1a S.A."},"image":{"@id":"https:\/\/www.subaru.es\/blog\/#\/schema\/logo\/image\/"},"sameAs":["https:\/\/www.facebook.com\/subaruespana","https:\/\/www.instagram.com\/subarues\/","https:\/\/www.youtube.com\/user\/subaruespana"]},{"@type":"Person","@id":"https:\/\/www.subaru.es\/blog\/#\/schema\/person\/19a90b892230b8e0ec752704ddf4aa10","name":"Subaru","url":"https:\/\/www.subaru.es\/blog\/author\/subaria\/"}]}},"_links":{"self":[{"href":"https:\/\/www.subaru.es\/blog\/wp-json\/wp\/v2\/posts\/1770","targetHints":{"allow":["GET"]}}],"collection":[{"href":"https:\/\/www.subaru.es\/blog\/wp-json\/wp\/v2\/posts"}],"about":[{"href":"https:\/\/www.subaru.es\/blog\/wp-json\/wp\/v2\/types\/post"}],"author":[{"embeddable":true,"href":"https:\/\/www.subaru.es\/blog\/wp-json\/wp\/v2\/users\/21"}],"replies":[{"embeddable":true,"href":"https:\/\/www.subaru.es\/blog\/wp-json\/wp\/v2\/comments?post=1770"}],"version-history":[{"count":2,"href":"https:\/\/www.subaru.es\/blog\/wp-json\/wp\/v2\/posts\/1770\/revisions"}],"predecessor-version":[{"id":22311,"href":"https:\/\/www.subaru.es\/blog\/wp-json\/wp\/v2\/posts\/1770\/revisions\/22311"}],"wp:featuredmedia":[{"embeddable":true,"href":"https:\/\/www.subaru.es\/blog\/wp-json\/wp\/v2\/media\/1771"}],"wp:attachment":[{"href":"https:\/\/www.subaru.es\/blog\/wp-json\/wp\/v2\/media?parent=1770"}],"wp:term":[{"taxonomy":"category","embeddable":true,"href":"https:\/\/www.subaru.es\/blog\/wp-json\/wp\/v2\/categories?post=1770"},{"taxonomy":"post_tag","embeddable":true,"href":"https:\/\/www.subaru.es\/blog\/wp-json\/wp\/v2\/tags?post=1770"}],"curies":[{"name":"wp","href":"https:\/\/api.w.org\/{rel}","templated":true}]}}