{"id":1766,"date":"2008-12-27T19:42:24","date_gmt":"2008-12-27T17:42:24","guid":{"rendered":"http:\/\/subaru.preproduccion.com\/blog\/wp-content\/2008\/12\/27\/solberg-habla-con-subaru\/"},"modified":"2020-08-12T13:26:35","modified_gmt":"2020-08-12T11:26:35","slug":"solberg-habla-con-subaru","status":"publish","type":"post","link":"https:\/\/www.subaru.es\/blog\/nuestra-marca\/solberg-habla-con-subaru\/","title":{"rendered":"Solberg habla con Subaru"},"content":{"rendered":"<p><a href=\"https:\/\/www.subaru.es\/blog\/wp-content\/uploads\/2008\/11\/solberg.jpg\" title=\"solberg\"><img decoding=\"async\" data-src=\"https:\/\/www.subaru.es\/blog\/wp-content\/uploads\/2008\/11\/solberg.jpg\" alt=\"solberg\" src=\"data:image\/svg+xml;base64,PHN2ZyB3aWR0aD0iMSIgaGVpZ2h0PSIxIiB4bWxucz0iaHR0cDovL3d3dy53My5vcmcvMjAwMC9zdmciPjwvc3ZnPg==\" class=\"lazyload\" style=\"--smush-placeholder-width: 410px; --smush-placeholder-aspect-ratio: 410\/385;\"><\/a><br \/>\nEl que hasta hace pocos d\u00edas era el piloto del equipo <strong>Subaru World Rally Team, Petter Solberg<\/strong>, busca la forma de competir en el <strong>WRC en 2009<\/strong>. Para ello, ha viajado a <strong>Jap\u00f3n <\/strong>junto a su <strong>copiloto Phil Mills <\/strong>para hablar con <strong>Ikuo Mori, presidente y CEO de Fuji Heavy Industries<\/strong>, el grupo empresarial al que pertenece <strong>Subaru<\/strong>.<\/p>\n<p><strong>Solberg <\/strong>ha querido \u201chacer las cosas de forma profesional\u201d, ya que, despu\u00e9s de todo, ha pasado muy buenos momentos en <strong>Subaru<\/strong>. Pero, a pesar del viaje, el <strong>Campe\u00f3n del Mundo de Rallies 2003 <\/strong>a\u00fan no tiene nada confirmado para la pr\u00f3xima temporada.<\/p>\n<p>A trav\u00e9s de un post escrito en su <a href=\"http:\/\/www.pettersolberg.com\/flash\/site.php\">p\u00e1gina web<\/a>, <strong>Petter <\/strong>admit\u00eda que debido a la falta de tiempo es poco probable que participe en la primera prueba del a\u00f1o, el <strong>Rally de Irlanda<\/strong>.<\/p>\n<p>En una entrevista a <strong>wrc.com<\/strong>, el piloto ha querido hacer llegar un mensaje a los <strong>fans de Subaru en el WRC <\/strong>y a sus compa\u00f1eros en <strong>Prodrive<\/strong>:<\/p>\n<blockquote><p>\u201cLamento esta situaci\u00f3n, lo siento por todos los fans de Subaru y, especialmente, por el personal de Prodrive, sobre todo por los mec\u00e1nicos. Son tiempos dif\u00edciles, pero os deseo a todos una feliz Navidad y un pr\u00f3spero a\u00f1o nuevo. Sigo siendo optimista. Eso es lo m\u00e1s importante. Nunca se sabe qu\u00e9 pasar\u00e1. Seguir\u00e9 creyendo que todo es posible.\u201d<\/p><\/blockquote>\n","protected":false},"excerpt":{"rendered":"<p>El que hasta hace pocos d\u00edas era el piloto del equipo Subaru World Rally Team, Petter Solberg, busca la forma de competir en el WRC en 2009. Para ello, ha viajado a Jap\u00f3n junto a su copiloto Phil Mills para hablar con Ikuo Mori, presidente y CEO de Fuji Heavy Industries, el grupo empresarial al [&hellip;]<\/p>\n","protected":false},"author":21,"featured_media":0,"comment_status":"open","ping_status":"open","sticky":false,"template":"","format":"standard","meta":{"_acf_changed":false,"_eb_attr":"","inline_featured_image":false,"footnotes":""},"categories":[4401],"tags":[1545,1544,223,1475,1496,540,194,276,1497,895,1166,349,4390,149],"class_list":["post-1766","post","type-post","status-publish","format-standard","hentry","category-nuestra-marca","tag-campeon-del-mundo-de-rallies-2003","tag-ceo","tag-fans","tag-fuji-heavy-industries","tag-ikuo-mori","tag-japon","tag-petter-solberg","tag-piloto","tag-presidente","tag-prodrive","tag-rally-de-irlanda","tag-rallyes","tag-subaru","tag-subaru-world-rally-team"],"acf":[],"yoast_head":"<!-- This site is optimized with the Yoast SEO plugin v27.3 - https:\/\/yoast.com\/product\/yoast-seo-wordpress\/ -->\n<title>Solberg habla con Subaru - Universo Subaru<\/title>\n<meta name=\"robots\" content=\"index, follow, max-snippet:-1, max-image-preview:large, max-video-preview:-1\" \/>\n<link rel=\"canonical\" href=\"https:\/\/www.subaru.es\/blog\/nuestra-marca\/solberg-habla-con-subaru\/\" \/>\n<meta property=\"og:locale\" content=\"es_ES\" \/>\n<meta property=\"og:type\" content=\"article\" \/>\n<meta property=\"og:title\" content=\"Solberg habla con Subaru - Universo Subaru\" \/>\n<meta property=\"og:description\" content=\"El que hasta hace pocos d\u00edas era el piloto del equipo Subaru World Rally Team, Petter Solberg, busca la forma de competir en el WRC en 2009. Para ello, ha viajado a Jap\u00f3n junto a su copiloto Phil Mills para hablar con Ikuo Mori, presidente y CEO de Fuji Heavy Industries, el grupo empresarial al [&hellip;]\" \/>\n<meta property=\"og:url\" content=\"https:\/\/www.subaru.es\/blog\/nuestra-marca\/solberg-habla-con-subaru\/\" \/>\n<meta property=\"og:site_name\" content=\"Universo Subaru\" \/>\n<meta property=\"article:publisher\" content=\"https:\/\/www.facebook.com\/subaruespana\" \/>\n<meta property=\"article:published_time\" content=\"2008-12-27T17:42:24+00:00\" \/>\n<meta property=\"article:modified_time\" content=\"2020-08-12T11:26:35+00:00\" \/>\n<meta property=\"og:image\" content=\"https:\/\/www.subaru.es\/blog\/wp-content\/uploads\/2008\/11\/solberg.jpg\" \/>\n<meta name=\"author\" content=\"Subaru\" \/>\n<meta name=\"twitter:card\" content=\"summary_large_image\" \/>\n<meta name=\"twitter:label1\" content=\"Escrito por\" \/>\n\t<meta name=\"twitter:data1\" content=\"Subaru\" \/>\n\t<meta name=\"twitter:label2\" content=\"Tiempo de lectura\" \/>\n\t<meta name=\"twitter:data2\" content=\"1 minuto\" \/>\n<script type=\"application\/ld+json\" class=\"yoast-schema-graph\">{\"@context\":\"https:\\\/\\\/schema.org\",\"@graph\":[{\"@type\":\"Article\",\"@id\":\"https:\\\/\\\/www.subaru.es\\\/blog\\\/nuestra-marca\\\/solberg-habla-con-subaru\\\/#article\",\"isPartOf\":{\"@id\":\"https:\\\/\\\/www.subaru.es\\\/blog\\\/nuestra-marca\\\/solberg-habla-con-subaru\\\/\"},\"author\":{\"name\":\"Subaru\",\"@id\":\"https:\\\/\\\/www.subaru.es\\\/blog\\\/#\\\/schema\\\/person\\\/19a90b892230b8e0ec752704ddf4aa10\"},\"headline\":\"Solberg habla con Subaru\",\"datePublished\":\"2008-12-27T17:42:24+00:00\",\"dateModified\":\"2020-08-12T11:26:35+00:00\",\"mainEntityOfPage\":{\"@id\":\"https:\\\/\\\/www.subaru.es\\\/blog\\\/nuestra-marca\\\/solberg-habla-con-subaru\\\/\"},\"wordCount\":239,\"commentCount\":0,\"publisher\":{\"@id\":\"https:\\\/\\\/www.subaru.es\\\/blog\\\/#organization\"},\"image\":{\"@id\":\"https:\\\/\\\/www.subaru.es\\\/blog\\\/nuestra-marca\\\/solberg-habla-con-subaru\\\/#primaryimage\"},\"thumbnailUrl\":\"https:\\\/\\\/www.subaru.es\\\/blog\\\/wp-content\\\/uploads\\\/2008\\\/11\\\/solberg.jpg\",\"keywords\":[\"Campe\u00f3n del Mundo de Rallies 2003\",\"CEO\",\"fans\",\"Fuji Heavy Industries\",\"Ikuo Mori\",\"japon\",\"petter solberg\",\"piloto\",\"presidente\",\"Prodrive\",\"Rally de Irlanda\",\"rallyes\",\"Subaru\",\"subaru world rally team\"],\"articleSection\":[\"Nuestra marca\"],\"inLanguage\":\"es\",\"potentialAction\":[{\"@type\":\"CommentAction\",\"name\":\"Comment\",\"target\":[\"https:\\\/\\\/www.subaru.es\\\/blog\\\/nuestra-marca\\\/solberg-habla-con-subaru\\\/#respond\"]}]},{\"@type\":\"WebPage\",\"@id\":\"https:\\\/\\\/www.subaru.es\\\/blog\\\/nuestra-marca\\\/solberg-habla-con-subaru\\\/\",\"url\":\"https:\\\/\\\/www.subaru.es\\\/blog\\\/nuestra-marca\\\/solberg-habla-con-subaru\\\/\",\"name\":\"Solberg habla con Subaru - Universo Subaru\",\"isPartOf\":{\"@id\":\"https:\\\/\\\/www.subaru.es\\\/blog\\\/#website\"},\"primaryImageOfPage\":{\"@id\":\"https:\\\/\\\/www.subaru.es\\\/blog\\\/nuestra-marca\\\/solberg-habla-con-subaru\\\/#primaryimage\"},\"image\":{\"@id\":\"https:\\\/\\\/www.subaru.es\\\/blog\\\/nuestra-marca\\\/solberg-habla-con-subaru\\\/#primaryimage\"},\"thumbnailUrl\":\"https:\\\/\\\/www.subaru.es\\\/blog\\\/wp-content\\\/uploads\\\/2008\\\/11\\\/solberg.jpg\",\"datePublished\":\"2008-12-27T17:42:24+00:00\",\"dateModified\":\"2020-08-12T11:26:35+00:00\",\"breadcrumb\":{\"@id\":\"https:\\\/\\\/www.subaru.es\\\/blog\\\/nuestra-marca\\\/solberg-habla-con-subaru\\\/#breadcrumb\"},\"inLanguage\":\"es\",\"potentialAction\":[{\"@type\":\"ReadAction\",\"target\":[\"https:\\\/\\\/www.subaru.es\\\/blog\\\/nuestra-marca\\\/solberg-habla-con-subaru\\\/\"]}]},{\"@type\":\"ImageObject\",\"inLanguage\":\"es\",\"@id\":\"https:\\\/\\\/www.subaru.es\\\/blog\\\/nuestra-marca\\\/solberg-habla-con-subaru\\\/#primaryimage\",\"url\":\"https:\\\/\\\/www.subaru.es\\\/blog\\\/wp-content\\\/uploads\\\/2008\\\/11\\\/solberg.jpg\",\"contentUrl\":\"https:\\\/\\\/www.subaru.es\\\/blog\\\/wp-content\\\/uploads\\\/2008\\\/11\\\/solberg.jpg\",\"width\":410,\"height\":385},{\"@type\":\"BreadcrumbList\",\"@id\":\"https:\\\/\\\/www.subaru.es\\\/blog\\\/nuestra-marca\\\/solberg-habla-con-subaru\\\/#breadcrumb\",\"itemListElement\":[{\"@type\":\"ListItem\",\"position\":1,\"name\":\"Portada\",\"item\":\"https:\\\/\\\/www.subaru.es\\\/blog\\\/\"},{\"@type\":\"ListItem\",\"position\":2,\"name\":\"Solberg habla con Subaru\"}]},{\"@type\":\"WebSite\",\"@id\":\"https:\\\/\\\/www.subaru.es\\\/blog\\\/#website\",\"url\":\"https:\\\/\\\/www.subaru.es\\\/blog\\\/\",\"name\":\"Universo Subaru\",\"description\":\"Descubre este apasionante espacio de Subaru donde vas a conocer todo sobre nuestros coches y las experiencias que vivimos con ellos. Si est\u00e1s preparado para dejarte seducir por la filosof\u00eda Subaru, qu\u00e9date con nosotros.\",\"publisher\":{\"@id\":\"https:\\\/\\\/www.subaru.es\\\/blog\\\/#organization\"},\"potentialAction\":[{\"@type\":\"SearchAction\",\"target\":{\"@type\":\"EntryPoint\",\"urlTemplate\":\"https:\\\/\\\/www.subaru.es\\\/blog\\\/?s={search_term_string}\"},\"query-input\":{\"@type\":\"PropertyValueSpecification\",\"valueRequired\":true,\"valueName\":\"search_term_string\"}}],\"inLanguage\":\"es\"},{\"@type\":\"Organization\",\"@id\":\"https:\\\/\\\/www.subaru.es\\\/blog\\\/#organization\",\"name\":\"Subaru Espa\u00f1a S.A.\",\"url\":\"https:\\\/\\\/www.subaru.es\\\/blog\\\/\",\"logo\":{\"@type\":\"ImageObject\",\"inLanguage\":\"es\",\"@id\":\"https:\\\/\\\/www.subaru.es\\\/blog\\\/#\\\/schema\\\/logo\\\/image\\\/\",\"url\":\"https:\\\/\\\/www.subaru.es\\\/blog\\\/wp-content\\\/uploads\\\/2016\\\/12\\\/Logo-Subaru-TypeV_C300-scaled.jpg\",\"contentUrl\":\"https:\\\/\\\/www.subaru.es\\\/blog\\\/wp-content\\\/uploads\\\/2016\\\/12\\\/Logo-Subaru-TypeV_C300-scaled.jpg\",\"width\":2560,\"height\":1864,\"caption\":\"Subaru Espa\u00f1a S.A.\"},\"image\":{\"@id\":\"https:\\\/\\\/www.subaru.es\\\/blog\\\/#\\\/schema\\\/logo\\\/image\\\/\"},\"sameAs\":[\"https:\\\/\\\/www.facebook.com\\\/subaruespana\",\"https:\\\/\\\/www.instagram.com\\\/subarues\\\/\",\"https:\\\/\\\/www.youtube.com\\\/user\\\/subaruespana\"]},{\"@type\":\"Person\",\"@id\":\"https:\\\/\\\/www.subaru.es\\\/blog\\\/#\\\/schema\\\/person\\\/19a90b892230b8e0ec752704ddf4aa10\",\"name\":\"Subaru\",\"url\":\"https:\\\/\\\/www.subaru.es\\\/blog\\\/author\\\/subaria\\\/\"}]}<\/script>\n<!-- \/ Yoast SEO plugin. -->","yoast_head_json":{"title":"Solberg habla con Subaru - Universo Subaru","robots":{"index":"index","follow":"follow","max-snippet":"max-snippet:-1","max-image-preview":"max-image-preview:large","max-video-preview":"max-video-preview:-1"},"canonical":"https:\/\/www.subaru.es\/blog\/nuestra-marca\/solberg-habla-con-subaru\/","og_locale":"es_ES","og_type":"article","og_title":"Solberg habla con Subaru - Universo Subaru","og_description":"El que hasta hace pocos d\u00edas era el piloto del equipo Subaru World Rally Team, Petter Solberg, busca la forma de competir en el WRC en 2009. Para ello, ha viajado a Jap\u00f3n junto a su copiloto Phil Mills para hablar con Ikuo Mori, presidente y CEO de Fuji Heavy Industries, el grupo empresarial al [&hellip;]","og_url":"https:\/\/www.subaru.es\/blog\/nuestra-marca\/solberg-habla-con-subaru\/","og_site_name":"Universo Subaru","article_publisher":"https:\/\/www.facebook.com\/subaruespana","article_published_time":"2008-12-27T17:42:24+00:00","article_modified_time":"2020-08-12T11:26:35+00:00","og_image":[{"url":"https:\/\/www.subaru.es\/blog\/wp-content\/uploads\/2008\/11\/solberg.jpg","type":"","width":"","height":""}],"author":"Subaru","twitter_card":"summary_large_image","twitter_misc":{"Escrito por":"Subaru","Tiempo de lectura":"1 minuto"},"schema":{"@context":"https:\/\/schema.org","@graph":[{"@type":"Article","@id":"https:\/\/www.subaru.es\/blog\/nuestra-marca\/solberg-habla-con-subaru\/#article","isPartOf":{"@id":"https:\/\/www.subaru.es\/blog\/nuestra-marca\/solberg-habla-con-subaru\/"},"author":{"name":"Subaru","@id":"https:\/\/www.subaru.es\/blog\/#\/schema\/person\/19a90b892230b8e0ec752704ddf4aa10"},"headline":"Solberg habla con Subaru","datePublished":"2008-12-27T17:42:24+00:00","dateModified":"2020-08-12T11:26:35+00:00","mainEntityOfPage":{"@id":"https:\/\/www.subaru.es\/blog\/nuestra-marca\/solberg-habla-con-subaru\/"},"wordCount":239,"commentCount":0,"publisher":{"@id":"https:\/\/www.subaru.es\/blog\/#organization"},"image":{"@id":"https:\/\/www.subaru.es\/blog\/nuestra-marca\/solberg-habla-con-subaru\/#primaryimage"},"thumbnailUrl":"https:\/\/www.subaru.es\/blog\/wp-content\/uploads\/2008\/11\/solberg.jpg","keywords":["Campe\u00f3n del Mundo de Rallies 2003","CEO","fans","Fuji Heavy Industries","Ikuo Mori","japon","petter solberg","piloto","presidente","Prodrive","Rally de Irlanda","rallyes","Subaru","subaru world rally team"],"articleSection":["Nuestra marca"],"inLanguage":"es","potentialAction":[{"@type":"CommentAction","name":"Comment","target":["https:\/\/www.subaru.es\/blog\/nuestra-marca\/solberg-habla-con-subaru\/#respond"]}]},{"@type":"WebPage","@id":"https:\/\/www.subaru.es\/blog\/nuestra-marca\/solberg-habla-con-subaru\/","url":"https:\/\/www.subaru.es\/blog\/nuestra-marca\/solberg-habla-con-subaru\/","name":"Solberg habla con Subaru - Universo Subaru","isPartOf":{"@id":"https:\/\/www.subaru.es\/blog\/#website"},"primaryImageOfPage":{"@id":"https:\/\/www.subaru.es\/blog\/nuestra-marca\/solberg-habla-con-subaru\/#primaryimage"},"image":{"@id":"https:\/\/www.subaru.es\/blog\/nuestra-marca\/solberg-habla-con-subaru\/#primaryimage"},"thumbnailUrl":"https:\/\/www.subaru.es\/blog\/wp-content\/uploads\/2008\/11\/solberg.jpg","datePublished":"2008-12-27T17:42:24+00:00","dateModified":"2020-08-12T11:26:35+00:00","breadcrumb":{"@id":"https:\/\/www.subaru.es\/blog\/nuestra-marca\/solberg-habla-con-subaru\/#breadcrumb"},"inLanguage":"es","potentialAction":[{"@type":"ReadAction","target":["https:\/\/www.subaru.es\/blog\/nuestra-marca\/solberg-habla-con-subaru\/"]}]},{"@type":"ImageObject","inLanguage":"es","@id":"https:\/\/www.subaru.es\/blog\/nuestra-marca\/solberg-habla-con-subaru\/#primaryimage","url":"https:\/\/www.subaru.es\/blog\/wp-content\/uploads\/2008\/11\/solberg.jpg","contentUrl":"https:\/\/www.subaru.es\/blog\/wp-content\/uploads\/2008\/11\/solberg.jpg","width":410,"height":385},{"@type":"BreadcrumbList","@id":"https:\/\/www.subaru.es\/blog\/nuestra-marca\/solberg-habla-con-subaru\/#breadcrumb","itemListElement":[{"@type":"ListItem","position":1,"name":"Portada","item":"https:\/\/www.subaru.es\/blog\/"},{"@type":"ListItem","position":2,"name":"Solberg habla con Subaru"}]},{"@type":"WebSite","@id":"https:\/\/www.subaru.es\/blog\/#website","url":"https:\/\/www.subaru.es\/blog\/","name":"Universo Subaru","description":"Descubre este apasionante espacio de Subaru donde vas a conocer todo sobre nuestros coches y las experiencias que vivimos con ellos. Si est\u00e1s preparado para dejarte seducir por la filosof\u00eda Subaru, qu\u00e9date con nosotros.","publisher":{"@id":"https:\/\/www.subaru.es\/blog\/#organization"},"potentialAction":[{"@type":"SearchAction","target":{"@type":"EntryPoint","urlTemplate":"https:\/\/www.subaru.es\/blog\/?s={search_term_string}"},"query-input":{"@type":"PropertyValueSpecification","valueRequired":true,"valueName":"search_term_string"}}],"inLanguage":"es"},{"@type":"Organization","@id":"https:\/\/www.subaru.es\/blog\/#organization","name":"Subaru Espa\u00f1a S.A.","url":"https:\/\/www.subaru.es\/blog\/","logo":{"@type":"ImageObject","inLanguage":"es","@id":"https:\/\/www.subaru.es\/blog\/#\/schema\/logo\/image\/","url":"https:\/\/www.subaru.es\/blog\/wp-content\/uploads\/2016\/12\/Logo-Subaru-TypeV_C300-scaled.jpg","contentUrl":"https:\/\/www.subaru.es\/blog\/wp-content\/uploads\/2016\/12\/Logo-Subaru-TypeV_C300-scaled.jpg","width":2560,"height":1864,"caption":"Subaru Espa\u00f1a S.A."},"image":{"@id":"https:\/\/www.subaru.es\/blog\/#\/schema\/logo\/image\/"},"sameAs":["https:\/\/www.facebook.com\/subaruespana","https:\/\/www.instagram.com\/subarues\/","https:\/\/www.youtube.com\/user\/subaruespana"]},{"@type":"Person","@id":"https:\/\/www.subaru.es\/blog\/#\/schema\/person\/19a90b892230b8e0ec752704ddf4aa10","name":"Subaru","url":"https:\/\/www.subaru.es\/blog\/author\/subaria\/"}]}},"_links":{"self":[{"href":"https:\/\/www.subaru.es\/blog\/wp-json\/wp\/v2\/posts\/1766","targetHints":{"allow":["GET"]}}],"collection":[{"href":"https:\/\/www.subaru.es\/blog\/wp-json\/wp\/v2\/posts"}],"about":[{"href":"https:\/\/www.subaru.es\/blog\/wp-json\/wp\/v2\/types\/post"}],"author":[{"embeddable":true,"href":"https:\/\/www.subaru.es\/blog\/wp-json\/wp\/v2\/users\/21"}],"replies":[{"embeddable":true,"href":"https:\/\/www.subaru.es\/blog\/wp-json\/wp\/v2\/comments?post=1766"}],"version-history":[{"count":2,"href":"https:\/\/www.subaru.es\/blog\/wp-json\/wp\/v2\/posts\/1766\/revisions"}],"predecessor-version":[{"id":22326,"href":"https:\/\/www.subaru.es\/blog\/wp-json\/wp\/v2\/posts\/1766\/revisions\/22326"}],"wp:attachment":[{"href":"https:\/\/www.subaru.es\/blog\/wp-json\/wp\/v2\/media?parent=1766"}],"wp:term":[{"taxonomy":"category","embeddable":true,"href":"https:\/\/www.subaru.es\/blog\/wp-json\/wp\/v2\/categories?post=1766"},{"taxonomy":"post_tag","embeddable":true,"href":"https:\/\/www.subaru.es\/blog\/wp-json\/wp\/v2\/tags?post=1766"}],"curies":[{"name":"wp","href":"https:\/\/api.w.org\/{rel}","templated":true}]}}