{"id":17505,"date":"2017-05-19T10:41:18","date_gmt":"2017-05-19T08:41:18","guid":{"rendered":"http:\/\/www.subaru.es\/blog\/?p=17505"},"modified":"2017-05-19T10:57:29","modified_gmt":"2017-05-19T08:57:29","slug":"subaru-presenta-ascent-concept","status":"publish","type":"post","link":"https:\/\/www.subaru.es\/blog\/nuestra-marca\/subaru-presenta-ascent-concept\/","title":{"rendered":"El Subaru Ascent ser\u00e1 realidad en 2018 en EEUU"},"content":{"rendered":"<p><strong>La familia Subaru va a crecer. El Sal\u00f3n del Autom\u00f3vil de Nueva York ha sido testigo de la presentaci\u00f3n del nuevo Ascent SUV Concept, el prototipo que adelanta el futuro modelo de Subaru. Es todo un gigante de siete plazas que contin\u00faa la l\u00ednea del VIZIV-7 mostrado en el Sal\u00f3n de Los \u00c1ngeles. Est\u00e1 previsto que el Ascent sea una realidad a mediados de 2018 en EEUU.<\/strong><\/p>\n<p><img decoding=\"async\" class=\"aligncenter size-full wp-image-17506 lazyload\" data-src=\"https:\/\/www.subaru.es\/blog\/wp-content\/uploads\/2017\/05\/2017NY_0060MP.jpg\" alt=\"\" src=\"data:image\/svg+xml;base64,PHN2ZyB3aWR0aD0iMSIgaGVpZ2h0PSIxIiB4bWxucz0iaHR0cDovL3d3dy53My5vcmcvMjAwMC9zdmciPjwvc3ZnPg==\" style=\"--smush-placeholder-width: 3495px; --smush-placeholder-aspect-ratio: 3495\/2024;\" \/><\/p>\n<p>Al tratarse de un modelo pensado para responder a las necesidades de las familias norteamericanas, el tama\u00f1o importa. Y mucho. Por eso el <strong><a href=\"https:\/\/www.youtube.com\/watch?v=REJso820z1Y\">Ascent SUV Concept<\/a>\u00a0<\/strong>tiene unas dimensiones que no han pasado inadvertidas en su aparici\u00f3n en la ciudad neoyorkina. Con <strong>5,04 metros de longitud<\/strong>, casi dos de ancho y 1,83 de alto, el nuevo SUV se convertir\u00e1 en el modelo m\u00e1s grande de nuestra marca.<\/p>\n<p><strong>Su presentaci\u00f3n ha causado sensaci\u00f3n<\/strong>, como pod\u00e9is comprobar en <a href=\"https:\/\/www.youtube.com\/watch?v=F9ImOPhfoJU\"><strong>este creativo v\u00eddeo<\/strong><\/a>\u00a0promocional del nuevo modelo. En la simp\u00e1tica grabaci\u00f3n, podemos ver la historia de una familia de seis miembros y su perro en una aventura a trav\u00e9s de la galaxia&#8230; Pero, \u00bfes realmente el espacio donde se encuentran&#8230;?<\/p>\n<p><a href=\"https:\/\/www.youtube.com\/watch?v=F9ImOPhfoJU\"><img decoding=\"async\" width=\"851\" height=\"473\" class=\"aligncenter size-full wp-image-17512 lazyload\" data-src=\"https:\/\/www.subaru.es\/blog\/wp-content\/uploads\/2017\/05\/captura-v\u00eddeo.jpg\" alt=\"\" data-srcset=\"https:\/\/www.subaru.es\/blog\/wp-content\/uploads\/2017\/05\/captura-v\u00eddeo.jpg 851w, https:\/\/www.subaru.es\/blog\/wp-content\/uploads\/2017\/05\/captura-v\u00eddeo-560x311.jpg 560w, https:\/\/www.subaru.es\/blog\/wp-content\/uploads\/2017\/05\/captura-v\u00eddeo-768x427.jpg 768w\" data-sizes=\"(max-width: 851px) 100vw, 851px\" src=\"data:image\/svg+xml;base64,PHN2ZyB3aWR0aD0iMSIgaGVpZ2h0PSIxIiB4bWxucz0iaHR0cDovL3d3dy53My5vcmcvMjAwMC9zdmciPjwvc3ZnPg==\" style=\"--smush-placeholder-width: 851px; --smush-placeholder-aspect-ratio: 851\/473;\" \/><\/a><\/p>\n<h3><strong>LAS CARACTER\u00cdSTICAS M\u00c1S INNOVADORAS<\/strong><\/h3>\n<p>A su gran tama\u00f1o, que le permite ofrecer\u00a0<strong>siete c\u00f3modas plazas en tres filas de asientos<\/strong>, se suma un dise\u00f1o exterior imponente. Bajo los enormes pasos de rueda se encuentran unas <strong>gigantescas ruedas<\/strong> con llantas de aleaci\u00f3n de 21 pulgadas. Adem\u00e1s, su cintura alta, las l\u00edneas en los bajos de su carrocer\u00eda y su poderoso frontal le confieren una robustez general que transmite seguridad por s\u00ed misma. Tambi\u00e9n son muy caracter\u00edsticos sus pilotos delanteros y traseros, de tipo LED.<\/p>\n<p>El objetivo de nuestros prototipos es <strong>que el modelo final sea identificable 100% como un Subaru.<\/strong>\u00a0Esto es: seguro, robusto y fiable. Por eso, todo el dise\u00f1o de este modelo ha sido ideado para transmitir una imagen s\u00f3lida, algo que ya es tradicional en nuestros SUVs. Basado en nuestra filosof\u00eda de dise\u00f1o Subaru <em>Dynamic x Solid<\/em>, el Ascent cuenta con un nuevo <strong><a href=\"http:\/\/www.subaru.es\/tecnologia\/motor_boxer\">motor b\u00f3xer<\/a>\u00a0<\/strong>de inyecci\u00f3n directa con turbocompresor y <strong><a href=\"https:\/\/www.youtube.com\/watch?v=L8lHXxV7liI\">tracci\u00f3n<\/a>\u00a0<\/strong>a las cuatro ruedas.<\/p>\n<p><img decoding=\"async\" class=\"aligncenter size-full wp-image-17507 lazyload\" data-src=\"https:\/\/www.subaru.es\/blog\/wp-content\/uploads\/2017\/05\/2017NY_0070MP.jpg\" alt=\"\" src=\"data:image\/svg+xml;base64,PHN2ZyB3aWR0aD0iMSIgaGVpZ2h0PSIxIiB4bWxucz0iaHR0cDovL3d3dy53My5vcmcvMjAwMC9zdmciPjwvc3ZnPg==\" style=\"--smush-placeholder-width: 3499px; --smush-placeholder-aspect-ratio: 3499\/2076;\" \/><\/p>\n<p><strong>Mantener la seguridad, el comportamiento din\u00e1mico y el confort<\/strong> es una de nuestras prioridades. Para conseguirlo, el Ascent incorpora en su interior un gran n\u00famero de detalles con la \u00faltima tecnolog\u00eda. Entre ellos, destaca su volante multifunci\u00f3n, la pantalla t\u00e1ctil o el cuadro de mandos totalmente digital.<\/p>\n<p><img decoding=\"async\" class=\"aligncenter size-full wp-image-17509 lazyload\" data-src=\"https:\/\/www.subaru.es\/blog\/wp-content\/uploads\/2017\/05\/2017NY_0120MP.jpg\" alt=\"\" src=\"data:image\/svg+xml;base64,PHN2ZyB3aWR0aD0iMSIgaGVpZ2h0PSIxIiB4bWxucz0iaHR0cDovL3d3dy53My5vcmcvMjAwMC9zdmciPjwvc3ZnPg==\" style=\"--smush-placeholder-width: 3499px; --smush-placeholder-aspect-ratio: 3499\/2140;\" \/><\/p>\n<h3><strong>LA PRESENCIA DEL ASCENT EN LOS MEDIOS<\/strong><\/h3>\n<p>El Ascent es el futuro. Estamos convencidos de que <strong>sus prestaciones marcar\u00e1n un antes y un despu\u00e9s en la historia de los SUVs<\/strong>. Y tambi\u00e9n lo creen desde diversos medios de la prensa especializada en coches. Lo sabemos porque\u00a0la noticia de su presentaci\u00f3n ha tenido una gran repercusi\u00f3n, tanto a\u00a0nivel\u00a0nacional como internacional.<\/p>\n<p>Un ejemplo\u00a0de ello es\u00a0<strong><a href=\"https:\/\/www.forbes.com\/sites\/jimhenry\/2017\/04\/12\/subaru-ascent-suv-on-sale-next-year-biggest-subaru-ever\/#181e3e867d99\">este art\u00edculo<\/a><\/strong> de la\u00a0prestigiosa revista Forbes. \u00a0Y\u00a0estos otros de\u00a0las publicaciones tambi\u00e9n estadounidenses\u00a0<a href=\"http:\/\/www.thedrive.com\/new-york-auto-show\/9250\/2018-subaru-ascent-suv-revealed-in-new-york\"><strong>The Drive<\/strong><\/a>, <strong><a href=\"http:\/\/www.caranddriver.com\/news\/subaru-ascent-concept-previews-production-three-row-suv-news\">Car and Driver<\/a>\u00a0<\/strong>o <a href=\"http:\/\/www.motortrend.com\/news\/production-2019-subaru-ascent-to-go-on-sale-in-2018\/\"><strong>Motor Trend<\/strong><\/a>&#8230; Ya en nuestro pa\u00eds, en Cent\u00edmetros C\u00fabicos de igual forma se han hecho eco de la noticia, como pod\u00e9is ver en <a href=\"http:\/\/motor.atresmedia.com\/novedades\/noticias\/el-suv-grande-de-subaru-esta-casi-listo-asi-es-el-ascent-concept\/\"><strong>este enlace<\/strong><\/a>.\u00a0Y tambi\u00e9n publicaciones como <a href=\"http:\/\/www.autobild.es\/noticias\/subaru-ascent-suv-siete-plazas-que-llegara-2018-317339\"><strong>Auto Bild<\/strong><\/a>, <a href=\"https:\/\/www.motor.es\/noticias\/subaru-ascent-suv-concept-201735419.html\"><strong>Motor.es<\/strong><\/a>,<strong> <a href=\"http:\/\/www.autofacil.es\/subaru\/2017\/04\/14\/salon-nueva-york-subaru-ascent-suv-concept-nuevo-suv-7-plazas\/38097.html\">Autof\u00e1cil<\/a>\u00a0<\/strong>o <a href=\"http:\/\/soymotor.com\/coches\/noticias\/subaru-ascent-concept-2017-932710\"><strong>Soy Motor<\/strong><\/a>\u00a0han definido el nuevo prototipo de Subaru con frases como \u201cun SUV de imponente presencia\u201d, \u201ces un todocamino poderoso\u201d o \u201cpresenta unas formas musculosas\u201d.<\/p>\n<p><img decoding=\"async\" width=\"1331\" height=\"428\" class=\"aligncenter size-full wp-image-17514 lazyload\" data-src=\"https:\/\/www.subaru.es\/blog\/wp-content\/uploads\/2017\/05\/Noticias.jpg\" alt=\"\" data-srcset=\"https:\/\/www.subaru.es\/blog\/wp-content\/uploads\/2017\/05\/Noticias.jpg 1331w, https:\/\/www.subaru.es\/blog\/wp-content\/uploads\/2017\/05\/Noticias-560x180.jpg 560w, https:\/\/www.subaru.es\/blog\/wp-content\/uploads\/2017\/05\/Noticias-768x247.jpg 768w\" data-sizes=\"(max-width: 1331px) 100vw, 1331px\" src=\"data:image\/svg+xml;base64,PHN2ZyB3aWR0aD0iMSIgaGVpZ2h0PSIxIiB4bWxucz0iaHR0cDovL3d3dy53My5vcmcvMjAwMC9zdmciPjwvc3ZnPg==\" style=\"--smush-placeholder-width: 1331px; --smush-placeholder-aspect-ratio: 1331\/428;\" \/><\/p>\n<p>En definitiva, el Ascent SUV Concept es un <strong>prototipo de \u00e9xito cuya versi\u00f3n final supondr\u00e1 toda una revoluci\u00f3n<\/strong>. Ser\u00e1, sencillamente, la materializaci\u00f3n de los conocimientos que hemos adquirido y desarrollado durante muchos a\u00f1os. \u00a1Permaneced atentos porque desde aqu\u00ed no le perderemos la pista!<\/p>\n<p><img decoding=\"async\" class=\"aligncenter size-full wp-image-17508 lazyload\" data-src=\"https:\/\/www.subaru.es\/blog\/wp-content\/uploads\/2017\/05\/2017NY_0090MP.jpg\" alt=\"\" src=\"data:image\/svg+xml;base64,PHN2ZyB3aWR0aD0iMSIgaGVpZ2h0PSIxIiB4bWxucz0iaHR0cDovL3d3dy53My5vcmcvMjAwMC9zdmciPjwvc3ZnPg==\" style=\"--smush-placeholder-width: 3499px; --smush-placeholder-aspect-ratio: 3499\/2197;\" \/><\/p>\n<p><img decoding=\"async\" class=\"aligncenter size-full wp-image-17511 lazyload\" data-src=\"https:\/\/www.subaru.es\/blog\/wp-content\/uploads\/2017\/05\/2017NY_0140MP.jpg\" alt=\"\" src=\"data:image\/svg+xml;base64,PHN2ZyB3aWR0aD0iMSIgaGVpZ2h0PSIxIiB4bWxucz0iaHR0cDovL3d3dy53My5vcmcvMjAwMC9zdmciPjwvc3ZnPg==\" style=\"--smush-placeholder-width: 3500px; --smush-placeholder-aspect-ratio: 3500\/1923;\" \/><\/p>\n<p><img decoding=\"async\" class=\"aligncenter size-full wp-image-17510 lazyload\" data-src=\"https:\/\/www.subaru.es\/blog\/wp-content\/uploads\/2017\/05\/2017NY_0130MP.jpg\" alt=\"\" src=\"data:image\/svg+xml;base64,PHN2ZyB3aWR0aD0iMSIgaGVpZ2h0PSIxIiB4bWxucz0iaHR0cDovL3d3dy53My5vcmcvMjAwMC9zdmciPjwvc3ZnPg==\" style=\"--smush-placeholder-width: 3499px; --smush-placeholder-aspect-ratio: 3499\/2161;\" \/><\/p>\n<p>&nbsp;<\/p>\n","protected":false},"excerpt":{"rendered":"<p>El Sal\u00f3n del Autom\u00f3vil de Nueva York ha sido testigo de la presentaci\u00f3n del nuevo Ascent Concept, el prototipo que adelanta el futuro SUV de Subaru. Todo un gigante de siete plazas que contin\u00faa la l\u00ednea del VIZIV-7 presentado en el Sal\u00f3n de Los \u00c1ngeles. Est\u00e1 previsto que sea una realidad a mediados de 2018.<\/p>\n","protected":false},"author":21,"featured_media":17513,"comment_status":"open","ping_status":"closed","sticky":false,"template":"","format":"standard","meta":{"_acf_changed":false,"_eb_attr":"","inline_featured_image":false,"footnotes":""},"categories":[4401],"tags":[4461,4463,4406,293,1471,2273,164,4462,125,820,1707],"class_list":["post-17505","post","type-post","status-publish","format-standard","has-post-thumbnail","hentry","category-nuestra-marca","tag-ascent","tag-ascent-suv-concept","tag-concept-viziv-7","tag-motor-boxer","tag-prototipo","tag-salon-de-nueva-york","tag-seguridad","tag-subaru-ascent","tag-suv","tag-tecnologia","tag-traccion-integral-simetrica-awd"],"acf":[],"yoast_head":"<!-- This site is optimized with the Yoast SEO plugin v27.3 - https:\/\/yoast.com\/product\/yoast-seo-wordpress\/ -->\n<title>Subaru presenta en el Sal\u00f3n del Autom\u00f3vil de Nueva York el Ascent Concept<\/title>\n<meta name=\"description\" content=\"Subaru ha presentado en el Sal\u00f3n del Autom\u00f3vil de Nueva York el nuevo Ascent Concept, el prototipo que adelanta el futuro SUV de Subaru.\" \/>\n<meta name=\"robots\" content=\"index, follow, max-snippet:-1, max-image-preview:large, max-video-preview:-1\" \/>\n<link rel=\"canonical\" href=\"https:\/\/www.subaru.es\/blog\/nuestra-marca\/subaru-presenta-ascent-concept\/\" \/>\n<meta property=\"og:locale\" content=\"es_ES\" \/>\n<meta property=\"og:type\" content=\"article\" \/>\n<meta property=\"og:title\" content=\"Subaru presenta en el Sal\u00f3n del Autom\u00f3vil de Nueva York el Ascent Concept\" \/>\n<meta property=\"og:description\" content=\"Subaru ha presentado en el Sal\u00f3n del Autom\u00f3vil de Nueva York el nuevo Ascent Concept, el prototipo que adelanta el futuro SUV de Subaru.\" \/>\n<meta property=\"og:url\" content=\"https:\/\/www.subaru.es\/blog\/nuestra-marca\/subaru-presenta-ascent-concept\/\" \/>\n<meta property=\"og:site_name\" content=\"Universo Subaru\" \/>\n<meta property=\"article:publisher\" content=\"https:\/\/www.facebook.com\/subaruespana\" \/>\n<meta property=\"article:published_time\" content=\"2017-05-19T08:41:18+00:00\" \/>\n<meta property=\"article:modified_time\" content=\"2017-05-19T08:57:29+00:00\" \/>\n<meta property=\"og:image\" content=\"https:\/\/www.subaru.es\/blog\/wp-content\/uploads\/2017\/05\/d1a4179bc1a943e7b4fa72c7135d0371.png\" \/>\n\t<meta property=\"og:image:width\" content=\"1199\" \/>\n\t<meta property=\"og:image:height\" content=\"550\" \/>\n\t<meta property=\"og:image:type\" content=\"image\/png\" \/>\n<meta name=\"author\" content=\"Subaru\" \/>\n<meta name=\"twitter:card\" content=\"summary_large_image\" \/>\n<meta name=\"twitter:label1\" content=\"Escrito por\" \/>\n\t<meta name=\"twitter:data1\" content=\"Subaru\" \/>\n\t<meta name=\"twitter:label2\" content=\"Tiempo de lectura\" \/>\n\t<meta name=\"twitter:data2\" content=\"3 minutos\" \/>\n<script type=\"application\/ld+json\" class=\"yoast-schema-graph\">{\"@context\":\"https:\\\/\\\/schema.org\",\"@graph\":[{\"@type\":\"Article\",\"@id\":\"https:\\\/\\\/www.subaru.es\\\/blog\\\/nuestra-marca\\\/subaru-presenta-ascent-concept\\\/#article\",\"isPartOf\":{\"@id\":\"https:\\\/\\\/www.subaru.es\\\/blog\\\/nuestra-marca\\\/subaru-presenta-ascent-concept\\\/\"},\"author\":{\"name\":\"Subaru\",\"@id\":\"https:\\\/\\\/www.subaru.es\\\/blog\\\/#\\\/schema\\\/person\\\/19a90b892230b8e0ec752704ddf4aa10\"},\"headline\":\"El Subaru Ascent ser\u00e1 realidad en 2018 en EEUU\",\"datePublished\":\"2017-05-19T08:41:18+00:00\",\"dateModified\":\"2017-05-19T08:57:29+00:00\",\"mainEntityOfPage\":{\"@id\":\"https:\\\/\\\/www.subaru.es\\\/blog\\\/nuestra-marca\\\/subaru-presenta-ascent-concept\\\/\"},\"wordCount\":640,\"commentCount\":1,\"publisher\":{\"@id\":\"https:\\\/\\\/www.subaru.es\\\/blog\\\/#organization\"},\"image\":{\"@id\":\"https:\\\/\\\/www.subaru.es\\\/blog\\\/nuestra-marca\\\/subaru-presenta-ascent-concept\\\/#primaryimage\"},\"thumbnailUrl\":\"https:\\\/\\\/www.subaru.es\\\/blog\\\/wp-content\\\/uploads\\\/2017\\\/05\\\/d1a4179bc1a943e7b4fa72c7135d0371.png\",\"keywords\":[\"Ascent\",\"Ascent SUV Concept\",\"concept VIZIV-7\",\"motor boxer\",\"prototipo\",\"Sal\u00f3n de Nueva York\",\"seguridad\",\"Subaru Ascent\",\"suv\",\"tecnolog\u00eda\",\"tracci\u00f3n integral sim\u00e9trica AWD\"],\"articleSection\":[\"Nuestra marca\"],\"inLanguage\":\"es\",\"potentialAction\":[{\"@type\":\"CommentAction\",\"name\":\"Comment\",\"target\":[\"https:\\\/\\\/www.subaru.es\\\/blog\\\/nuestra-marca\\\/subaru-presenta-ascent-concept\\\/#respond\"]}]},{\"@type\":\"WebPage\",\"@id\":\"https:\\\/\\\/www.subaru.es\\\/blog\\\/nuestra-marca\\\/subaru-presenta-ascent-concept\\\/\",\"url\":\"https:\\\/\\\/www.subaru.es\\\/blog\\\/nuestra-marca\\\/subaru-presenta-ascent-concept\\\/\",\"name\":\"Subaru presenta en el Sal\u00f3n del Autom\u00f3vil de Nueva York el Ascent Concept\",\"isPartOf\":{\"@id\":\"https:\\\/\\\/www.subaru.es\\\/blog\\\/#website\"},\"primaryImageOfPage\":{\"@id\":\"https:\\\/\\\/www.subaru.es\\\/blog\\\/nuestra-marca\\\/subaru-presenta-ascent-concept\\\/#primaryimage\"},\"image\":{\"@id\":\"https:\\\/\\\/www.subaru.es\\\/blog\\\/nuestra-marca\\\/subaru-presenta-ascent-concept\\\/#primaryimage\"},\"thumbnailUrl\":\"https:\\\/\\\/www.subaru.es\\\/blog\\\/wp-content\\\/uploads\\\/2017\\\/05\\\/d1a4179bc1a943e7b4fa72c7135d0371.png\",\"datePublished\":\"2017-05-19T08:41:18+00:00\",\"dateModified\":\"2017-05-19T08:57:29+00:00\",\"description\":\"Subaru ha presentado en el Sal\u00f3n del Autom\u00f3vil de Nueva York el nuevo Ascent Concept, el prototipo que adelanta el futuro SUV de Subaru.\",\"breadcrumb\":{\"@id\":\"https:\\\/\\\/www.subaru.es\\\/blog\\\/nuestra-marca\\\/subaru-presenta-ascent-concept\\\/#breadcrumb\"},\"inLanguage\":\"es\",\"potentialAction\":[{\"@type\":\"ReadAction\",\"target\":[\"https:\\\/\\\/www.subaru.es\\\/blog\\\/nuestra-marca\\\/subaru-presenta-ascent-concept\\\/\"]}]},{\"@type\":\"ImageObject\",\"inLanguage\":\"es\",\"@id\":\"https:\\\/\\\/www.subaru.es\\\/blog\\\/nuestra-marca\\\/subaru-presenta-ascent-concept\\\/#primaryimage\",\"url\":\"https:\\\/\\\/www.subaru.es\\\/blog\\\/wp-content\\\/uploads\\\/2017\\\/05\\\/d1a4179bc1a943e7b4fa72c7135d0371.png\",\"contentUrl\":\"https:\\\/\\\/www.subaru.es\\\/blog\\\/wp-content\\\/uploads\\\/2017\\\/05\\\/d1a4179bc1a943e7b4fa72c7135d0371.png\",\"width\":1199,\"height\":550},{\"@type\":\"BreadcrumbList\",\"@id\":\"https:\\\/\\\/www.subaru.es\\\/blog\\\/nuestra-marca\\\/subaru-presenta-ascent-concept\\\/#breadcrumb\",\"itemListElement\":[{\"@type\":\"ListItem\",\"position\":1,\"name\":\"Portada\",\"item\":\"https:\\\/\\\/www.subaru.es\\\/blog\\\/\"},{\"@type\":\"ListItem\",\"position\":2,\"name\":\"El Subaru Ascent ser\u00e1 realidad en 2018 en EEUU\"}]},{\"@type\":\"WebSite\",\"@id\":\"https:\\\/\\\/www.subaru.es\\\/blog\\\/#website\",\"url\":\"https:\\\/\\\/www.subaru.es\\\/blog\\\/\",\"name\":\"Universo Subaru\",\"description\":\"Descubre este apasionante espacio de Subaru donde vas a conocer todo sobre nuestros coches y las experiencias que vivimos con ellos. Si est\u00e1s preparado para dejarte seducir por la filosof\u00eda Subaru, qu\u00e9date con nosotros.\",\"publisher\":{\"@id\":\"https:\\\/\\\/www.subaru.es\\\/blog\\\/#organization\"},\"potentialAction\":[{\"@type\":\"SearchAction\",\"target\":{\"@type\":\"EntryPoint\",\"urlTemplate\":\"https:\\\/\\\/www.subaru.es\\\/blog\\\/?s={search_term_string}\"},\"query-input\":{\"@type\":\"PropertyValueSpecification\",\"valueRequired\":true,\"valueName\":\"search_term_string\"}}],\"inLanguage\":\"es\"},{\"@type\":\"Organization\",\"@id\":\"https:\\\/\\\/www.subaru.es\\\/blog\\\/#organization\",\"name\":\"Subaru Espa\u00f1a S.A.\",\"url\":\"https:\\\/\\\/www.subaru.es\\\/blog\\\/\",\"logo\":{\"@type\":\"ImageObject\",\"inLanguage\":\"es\",\"@id\":\"https:\\\/\\\/www.subaru.es\\\/blog\\\/#\\\/schema\\\/logo\\\/image\\\/\",\"url\":\"https:\\\/\\\/www.subaru.es\\\/blog\\\/wp-content\\\/uploads\\\/2016\\\/12\\\/Logo-Subaru-TypeV_C300-scaled.jpg\",\"contentUrl\":\"https:\\\/\\\/www.subaru.es\\\/blog\\\/wp-content\\\/uploads\\\/2016\\\/12\\\/Logo-Subaru-TypeV_C300-scaled.jpg\",\"width\":2560,\"height\":1864,\"caption\":\"Subaru Espa\u00f1a S.A.\"},\"image\":{\"@id\":\"https:\\\/\\\/www.subaru.es\\\/blog\\\/#\\\/schema\\\/logo\\\/image\\\/\"},\"sameAs\":[\"https:\\\/\\\/www.facebook.com\\\/subaruespana\",\"https:\\\/\\\/www.instagram.com\\\/subarues\\\/\",\"https:\\\/\\\/www.youtube.com\\\/user\\\/subaruespana\"]},{\"@type\":\"Person\",\"@id\":\"https:\\\/\\\/www.subaru.es\\\/blog\\\/#\\\/schema\\\/person\\\/19a90b892230b8e0ec752704ddf4aa10\",\"name\":\"Subaru\",\"url\":\"https:\\\/\\\/www.subaru.es\\\/blog\\\/author\\\/subaria\\\/\"}]}<\/script>\n<!-- \/ Yoast SEO plugin. -->","yoast_head_json":{"title":"Subaru presenta en el Sal\u00f3n del Autom\u00f3vil de Nueva York el Ascent Concept","description":"Subaru ha presentado en el Sal\u00f3n del Autom\u00f3vil de Nueva York el nuevo Ascent Concept, el prototipo que adelanta el futuro SUV de Subaru.","robots":{"index":"index","follow":"follow","max-snippet":"max-snippet:-1","max-image-preview":"max-image-preview:large","max-video-preview":"max-video-preview:-1"},"canonical":"https:\/\/www.subaru.es\/blog\/nuestra-marca\/subaru-presenta-ascent-concept\/","og_locale":"es_ES","og_type":"article","og_title":"Subaru presenta en el Sal\u00f3n del Autom\u00f3vil de Nueva York el Ascent Concept","og_description":"Subaru ha presentado en el Sal\u00f3n del Autom\u00f3vil de Nueva York el nuevo Ascent Concept, el prototipo que adelanta el futuro SUV de Subaru.","og_url":"https:\/\/www.subaru.es\/blog\/nuestra-marca\/subaru-presenta-ascent-concept\/","og_site_name":"Universo Subaru","article_publisher":"https:\/\/www.facebook.com\/subaruespana","article_published_time":"2017-05-19T08:41:18+00:00","article_modified_time":"2017-05-19T08:57:29+00:00","og_image":[{"width":1199,"height":550,"url":"https:\/\/www.subaru.es\/blog\/wp-content\/uploads\/2017\/05\/d1a4179bc1a943e7b4fa72c7135d0371.png","type":"image\/png"}],"author":"Subaru","twitter_card":"summary_large_image","twitter_misc":{"Escrito por":"Subaru","Tiempo de lectura":"3 minutos"},"schema":{"@context":"https:\/\/schema.org","@graph":[{"@type":"Article","@id":"https:\/\/www.subaru.es\/blog\/nuestra-marca\/subaru-presenta-ascent-concept\/#article","isPartOf":{"@id":"https:\/\/www.subaru.es\/blog\/nuestra-marca\/subaru-presenta-ascent-concept\/"},"author":{"name":"Subaru","@id":"https:\/\/www.subaru.es\/blog\/#\/schema\/person\/19a90b892230b8e0ec752704ddf4aa10"},"headline":"El Subaru Ascent ser\u00e1 realidad en 2018 en EEUU","datePublished":"2017-05-19T08:41:18+00:00","dateModified":"2017-05-19T08:57:29+00:00","mainEntityOfPage":{"@id":"https:\/\/www.subaru.es\/blog\/nuestra-marca\/subaru-presenta-ascent-concept\/"},"wordCount":640,"commentCount":1,"publisher":{"@id":"https:\/\/www.subaru.es\/blog\/#organization"},"image":{"@id":"https:\/\/www.subaru.es\/blog\/nuestra-marca\/subaru-presenta-ascent-concept\/#primaryimage"},"thumbnailUrl":"https:\/\/www.subaru.es\/blog\/wp-content\/uploads\/2017\/05\/d1a4179bc1a943e7b4fa72c7135d0371.png","keywords":["Ascent","Ascent SUV Concept","concept VIZIV-7","motor boxer","prototipo","Sal\u00f3n de Nueva York","seguridad","Subaru Ascent","suv","tecnolog\u00eda","tracci\u00f3n integral sim\u00e9trica AWD"],"articleSection":["Nuestra marca"],"inLanguage":"es","potentialAction":[{"@type":"CommentAction","name":"Comment","target":["https:\/\/www.subaru.es\/blog\/nuestra-marca\/subaru-presenta-ascent-concept\/#respond"]}]},{"@type":"WebPage","@id":"https:\/\/www.subaru.es\/blog\/nuestra-marca\/subaru-presenta-ascent-concept\/","url":"https:\/\/www.subaru.es\/blog\/nuestra-marca\/subaru-presenta-ascent-concept\/","name":"Subaru presenta en el Sal\u00f3n del Autom\u00f3vil de Nueva York el Ascent Concept","isPartOf":{"@id":"https:\/\/www.subaru.es\/blog\/#website"},"primaryImageOfPage":{"@id":"https:\/\/www.subaru.es\/blog\/nuestra-marca\/subaru-presenta-ascent-concept\/#primaryimage"},"image":{"@id":"https:\/\/www.subaru.es\/blog\/nuestra-marca\/subaru-presenta-ascent-concept\/#primaryimage"},"thumbnailUrl":"https:\/\/www.subaru.es\/blog\/wp-content\/uploads\/2017\/05\/d1a4179bc1a943e7b4fa72c7135d0371.png","datePublished":"2017-05-19T08:41:18+00:00","dateModified":"2017-05-19T08:57:29+00:00","description":"Subaru ha presentado en el Sal\u00f3n del Autom\u00f3vil de Nueva York el nuevo Ascent Concept, el prototipo que adelanta el futuro SUV de Subaru.","breadcrumb":{"@id":"https:\/\/www.subaru.es\/blog\/nuestra-marca\/subaru-presenta-ascent-concept\/#breadcrumb"},"inLanguage":"es","potentialAction":[{"@type":"ReadAction","target":["https:\/\/www.subaru.es\/blog\/nuestra-marca\/subaru-presenta-ascent-concept\/"]}]},{"@type":"ImageObject","inLanguage":"es","@id":"https:\/\/www.subaru.es\/blog\/nuestra-marca\/subaru-presenta-ascent-concept\/#primaryimage","url":"https:\/\/www.subaru.es\/blog\/wp-content\/uploads\/2017\/05\/d1a4179bc1a943e7b4fa72c7135d0371.png","contentUrl":"https:\/\/www.subaru.es\/blog\/wp-content\/uploads\/2017\/05\/d1a4179bc1a943e7b4fa72c7135d0371.png","width":1199,"height":550},{"@type":"BreadcrumbList","@id":"https:\/\/www.subaru.es\/blog\/nuestra-marca\/subaru-presenta-ascent-concept\/#breadcrumb","itemListElement":[{"@type":"ListItem","position":1,"name":"Portada","item":"https:\/\/www.subaru.es\/blog\/"},{"@type":"ListItem","position":2,"name":"El Subaru Ascent ser\u00e1 realidad en 2018 en EEUU"}]},{"@type":"WebSite","@id":"https:\/\/www.subaru.es\/blog\/#website","url":"https:\/\/www.subaru.es\/blog\/","name":"Universo Subaru","description":"Descubre este apasionante espacio de Subaru donde vas a conocer todo sobre nuestros coches y las experiencias que vivimos con ellos. Si est\u00e1s preparado para dejarte seducir por la filosof\u00eda Subaru, qu\u00e9date con nosotros.","publisher":{"@id":"https:\/\/www.subaru.es\/blog\/#organization"},"potentialAction":[{"@type":"SearchAction","target":{"@type":"EntryPoint","urlTemplate":"https:\/\/www.subaru.es\/blog\/?s={search_term_string}"},"query-input":{"@type":"PropertyValueSpecification","valueRequired":true,"valueName":"search_term_string"}}],"inLanguage":"es"},{"@type":"Organization","@id":"https:\/\/www.subaru.es\/blog\/#organization","name":"Subaru Espa\u00f1a S.A.","url":"https:\/\/www.subaru.es\/blog\/","logo":{"@type":"ImageObject","inLanguage":"es","@id":"https:\/\/www.subaru.es\/blog\/#\/schema\/logo\/image\/","url":"https:\/\/www.subaru.es\/blog\/wp-content\/uploads\/2016\/12\/Logo-Subaru-TypeV_C300-scaled.jpg","contentUrl":"https:\/\/www.subaru.es\/blog\/wp-content\/uploads\/2016\/12\/Logo-Subaru-TypeV_C300-scaled.jpg","width":2560,"height":1864,"caption":"Subaru Espa\u00f1a S.A."},"image":{"@id":"https:\/\/www.subaru.es\/blog\/#\/schema\/logo\/image\/"},"sameAs":["https:\/\/www.facebook.com\/subaruespana","https:\/\/www.instagram.com\/subarues\/","https:\/\/www.youtube.com\/user\/subaruespana"]},{"@type":"Person","@id":"https:\/\/www.subaru.es\/blog\/#\/schema\/person\/19a90b892230b8e0ec752704ddf4aa10","name":"Subaru","url":"https:\/\/www.subaru.es\/blog\/author\/subaria\/"}]}},"_links":{"self":[{"href":"https:\/\/www.subaru.es\/blog\/wp-json\/wp\/v2\/posts\/17505","targetHints":{"allow":["GET"]}}],"collection":[{"href":"https:\/\/www.subaru.es\/blog\/wp-json\/wp\/v2\/posts"}],"about":[{"href":"https:\/\/www.subaru.es\/blog\/wp-json\/wp\/v2\/types\/post"}],"author":[{"embeddable":true,"href":"https:\/\/www.subaru.es\/blog\/wp-json\/wp\/v2\/users\/21"}],"replies":[{"embeddable":true,"href":"https:\/\/www.subaru.es\/blog\/wp-json\/wp\/v2\/comments?post=17505"}],"version-history":[{"count":7,"href":"https:\/\/www.subaru.es\/blog\/wp-json\/wp\/v2\/posts\/17505\/revisions"}],"predecessor-version":[{"id":17522,"href":"https:\/\/www.subaru.es\/blog\/wp-json\/wp\/v2\/posts\/17505\/revisions\/17522"}],"wp:featuredmedia":[{"embeddable":true,"href":"https:\/\/www.subaru.es\/blog\/wp-json\/wp\/v2\/media\/17513"}],"wp:attachment":[{"href":"https:\/\/www.subaru.es\/blog\/wp-json\/wp\/v2\/media?parent=17505"}],"wp:term":[{"taxonomy":"category","embeddable":true,"href":"https:\/\/www.subaru.es\/blog\/wp-json\/wp\/v2\/categories?post=17505"},{"taxonomy":"post_tag","embeddable":true,"href":"https:\/\/www.subaru.es\/blog\/wp-json\/wp\/v2\/tags?post=17505"}],"curies":[{"name":"wp","href":"https:\/\/api.w.org\/{rel}","templated":true}]}}