{"id":175,"date":"2007-10-02T10:05:34","date_gmt":"2007-10-02T08:05:34","guid":{"rendered":"http:\/\/subaru.preproduccion.com\/blog\/wp-content\/2007\/10\/02\/kunio-ishigami-el-adios-de-un-gestor-de-exito\/"},"modified":"2016-10-17T15:09:28","modified_gmt":"2016-10-17T13:09:28","slug":"kunio-ishigami-el-adios-de-un-gestor-de-exito","status":"publish","type":"post","link":"https:\/\/www.subaru.es\/blog\/nuestra-marca\/kunio-ishigami-el-adios-de-un-gestor-de-exito\/","title":{"rendered":"Kunio Ishigami, el adi\u00f3s de un gestor de \u00e9xito"},"content":{"rendered":"<p>El <strong>mercado del autom\u00f3vil estadounidense<\/strong>, por sus peculiares caracter\u00edsticas, no es amable para las marcas de constructores que vienen de fuera, sin embargo la marca <strong>Subaru<\/strong>, se plante\u00f3 hace ya alg\u00fan tiempo que este mercado era prioritario para sus <strong>intereses comerciales<\/strong>, de ah\u00ed el esfuerzo que han venido desarrollando en los \u00faltimos a\u00f1os para introducirse en la sociedad americana.<\/p>\n<p>La calidad de los veh\u00edculos y precios competitivos han logrado que esta incursi\u00f3n haya dado unos <strong>resultados tremendamente exitosos<\/strong>, superando las previsiones m\u00e1s optimistas, pero todo ello hubiera sido imposible sin la direcci\u00f3n de estrategia comercial planeada por <strong>Mr. Ishigami <\/strong>y su equipo. El trabajo de Ishigami, director de Subaru Estados Unidos ha sido \u00edmprobo y <a href=\"http:\/\/www.motor.com.co\/noticias_precios\/vehiculos\/03demarzo2007\/ARTICULO-WEB-NOTA_INTERIOR_MOTORV2-3438824.html\">la etapa de junio 2004 a marzo de 2007 muy provechosa para la marca en los E.E.U.U.<\/a> <strong>En el a\u00f1o 2006 Subaru bati\u00f3 todos los records de venta anteriores, alcanzando la cifra m\u00e1gica de 200.000 unidades vendidas<\/strong>.<\/p>\n<p><center><a href='https:\/\/www.subaru.es\/blog\/wp-content\/uploads\/2007\/09\/jefesubaru.jpg' title='jefesubaru.jpg'><img data-src='https:\/\/www.subaru.es\/blog\/wp-content\/uploads\/2007\/09\/jefesubaru.jpg' alt='jefesubaru.jpg' src='data:image\/svg+xml;base64,PHN2ZyB3aWR0aD0iMSIgaGVpZ2h0PSIxIiB4bWxucz0iaHR0cDovL3d3dy53My5vcmcvMjAwMC9zdmciPjwvc3ZnPg==' class='lazyload' style='--smush-placeholder-width: 308px; --smush-placeholder-aspect-ratio: 308\/277;' \/><\/a><\/center><center><strong>El Se\u00f1or Ishigami en un homenaje<\/strong><\/center><\/p>\n<p>Pero la edad no perdona y el <a href=\"http:\/\/es.autoblog.com\/2007\/03\/01\/subaru-comienza-ofensiva-en-estados-unidos-con-nuevo-jefe\/\">Sr. Ishigami <\/a>ha visto como le ha llegado el tiempo de la jubilaci\u00f3n, as\u00ed que deseamos que tenga un feliz retiro, sabiendo que se va con la satisfacci\u00f3n que da el trabajo bien hecho.<\/p>\n<p>Desde este 1 de abril, el se\u00f1or <strong>Tomohiko Ikeda<\/strong>, sustituto de Ishigami, asumir\u00e1 el cargo de gerente general de la marca para Estados Unidos, y ser\u00e1 el encargado de desarrollar el <strong>nuevo plan  estrat\u00e9gico <\/strong>que Subaru present\u00f3 en marzo de 2007 para el pr\u00f3ximo lustro, se trata de un plan que sigue la misma l\u00ednea de apostar fuerte en este mercado y que espera aumentar los \u00e9xitos, mejorando la progresi\u00f3n actual<\/p>\n","protected":false},"excerpt":{"rendered":"<p>El mercado del autom\u00f3vil estadounidense, por sus peculiares caracter\u00edsticas, no es amable para las marcas de constructores que vienen de fuera, sin embargo la marca Subaru, se plante\u00f3 hace ya alg\u00fan tiempo que este mercado era prioritario para sus intereses comerciales, de ah\u00ed el esfuerzo que han venido desarrollando en los \u00faltimos a\u00f1os para introducirse [&hellip;]<\/p>\n","protected":false},"author":21,"featured_media":177,"comment_status":"open","ping_status":"open","sticky":false,"template":"","format":"standard","meta":{"_acf_changed":false,"_eb_attr":"","inline_featured_image":false,"footnotes":""},"categories":[4401],"tags":[],"class_list":["post-175","post","type-post","status-publish","format-standard","has-post-thumbnail","hentry","category-nuestra-marca"],"acf":[],"yoast_head":"<!-- This site is optimized with the Yoast SEO plugin v27.3 - https:\/\/yoast.com\/product\/yoast-seo-wordpress\/ -->\n<title>Kunio Ishigami, el adi\u00f3s de un gestor de \u00e9xito - Universo Subaru<\/title>\n<meta name=\"robots\" content=\"index, follow, max-snippet:-1, max-image-preview:large, max-video-preview:-1\" \/>\n<link rel=\"canonical\" href=\"https:\/\/www.subaru.es\/blog\/nuestra-marca\/kunio-ishigami-el-adios-de-un-gestor-de-exito\/\" \/>\n<meta property=\"og:locale\" content=\"es_ES\" \/>\n<meta property=\"og:type\" content=\"article\" \/>\n<meta property=\"og:title\" content=\"Kunio Ishigami, el adi\u00f3s de un gestor de \u00e9xito - Universo Subaru\" \/>\n<meta property=\"og:description\" content=\"El mercado del autom\u00f3vil estadounidense, por sus peculiares caracter\u00edsticas, no es amable para las marcas de constructores que vienen de fuera, sin embargo la marca Subaru, se plante\u00f3 hace ya alg\u00fan tiempo que este mercado era prioritario para sus intereses comerciales, de ah\u00ed el esfuerzo que han venido desarrollando en los \u00faltimos a\u00f1os para introducirse [&hellip;]\" \/>\n<meta property=\"og:url\" content=\"https:\/\/www.subaru.es\/blog\/nuestra-marca\/kunio-ishigami-el-adios-de-un-gestor-de-exito\/\" \/>\n<meta property=\"og:site_name\" content=\"Universo Subaru\" \/>\n<meta property=\"article:publisher\" content=\"https:\/\/www.facebook.com\/subaruespana\" \/>\n<meta property=\"article:published_time\" content=\"2007-10-02T08:05:34+00:00\" \/>\n<meta property=\"article:modified_time\" content=\"2016-10-17T13:09:28+00:00\" \/>\n<meta property=\"og:image\" content=\"https:\/\/www.subaru.es\/blog\/wp-content\/uploads\/2007\/09\/jefesubaru.jpg\" \/>\n\t<meta property=\"og:image:width\" content=\"308\" \/>\n\t<meta property=\"og:image:height\" content=\"277\" \/>\n\t<meta property=\"og:image:type\" content=\"image\/jpeg\" \/>\n<meta name=\"author\" content=\"Subaru\" \/>\n<meta name=\"twitter:card\" content=\"summary_large_image\" \/>\n<meta name=\"twitter:label1\" content=\"Escrito por\" \/>\n\t<meta name=\"twitter:data1\" content=\"Subaru\" \/>\n\t<meta name=\"twitter:label2\" content=\"Tiempo de lectura\" \/>\n\t<meta name=\"twitter:data2\" content=\"1 minuto\" \/>\n<script type=\"application\/ld+json\" class=\"yoast-schema-graph\">{\"@context\":\"https:\\\/\\\/schema.org\",\"@graph\":[{\"@type\":\"Article\",\"@id\":\"https:\\\/\\\/www.subaru.es\\\/blog\\\/nuestra-marca\\\/kunio-ishigami-el-adios-de-un-gestor-de-exito\\\/#article\",\"isPartOf\":{\"@id\":\"https:\\\/\\\/www.subaru.es\\\/blog\\\/nuestra-marca\\\/kunio-ishigami-el-adios-de-un-gestor-de-exito\\\/\"},\"author\":{\"name\":\"Subaru\",\"@id\":\"https:\\\/\\\/www.subaru.es\\\/blog\\\/#\\\/schema\\\/person\\\/19a90b892230b8e0ec752704ddf4aa10\"},\"headline\":\"Kunio Ishigami, el adi\u00f3s de un gestor de \u00e9xito\",\"datePublished\":\"2007-10-02T08:05:34+00:00\",\"dateModified\":\"2016-10-17T13:09:28+00:00\",\"mainEntityOfPage\":{\"@id\":\"https:\\\/\\\/www.subaru.es\\\/blog\\\/nuestra-marca\\\/kunio-ishigami-el-adios-de-un-gestor-de-exito\\\/\"},\"wordCount\":295,\"commentCount\":1,\"publisher\":{\"@id\":\"https:\\\/\\\/www.subaru.es\\\/blog\\\/#organization\"},\"image\":{\"@id\":\"https:\\\/\\\/www.subaru.es\\\/blog\\\/nuestra-marca\\\/kunio-ishigami-el-adios-de-un-gestor-de-exito\\\/#primaryimage\"},\"thumbnailUrl\":\"https:\\\/\\\/www.subaru.es\\\/blog\\\/wp-content\\\/uploads\\\/2007\\\/09\\\/jefesubaru.jpg\",\"articleSection\":[\"Nuestra marca\"],\"inLanguage\":\"es\",\"potentialAction\":[{\"@type\":\"CommentAction\",\"name\":\"Comment\",\"target\":[\"https:\\\/\\\/www.subaru.es\\\/blog\\\/nuestra-marca\\\/kunio-ishigami-el-adios-de-un-gestor-de-exito\\\/#respond\"]}]},{\"@type\":\"WebPage\",\"@id\":\"https:\\\/\\\/www.subaru.es\\\/blog\\\/nuestra-marca\\\/kunio-ishigami-el-adios-de-un-gestor-de-exito\\\/\",\"url\":\"https:\\\/\\\/www.subaru.es\\\/blog\\\/nuestra-marca\\\/kunio-ishigami-el-adios-de-un-gestor-de-exito\\\/\",\"name\":\"Kunio Ishigami, el adi\u00f3s de un gestor de \u00e9xito - Universo Subaru\",\"isPartOf\":{\"@id\":\"https:\\\/\\\/www.subaru.es\\\/blog\\\/#website\"},\"primaryImageOfPage\":{\"@id\":\"https:\\\/\\\/www.subaru.es\\\/blog\\\/nuestra-marca\\\/kunio-ishigami-el-adios-de-un-gestor-de-exito\\\/#primaryimage\"},\"image\":{\"@id\":\"https:\\\/\\\/www.subaru.es\\\/blog\\\/nuestra-marca\\\/kunio-ishigami-el-adios-de-un-gestor-de-exito\\\/#primaryimage\"},\"thumbnailUrl\":\"https:\\\/\\\/www.subaru.es\\\/blog\\\/wp-content\\\/uploads\\\/2007\\\/09\\\/jefesubaru.jpg\",\"datePublished\":\"2007-10-02T08:05:34+00:00\",\"dateModified\":\"2016-10-17T13:09:28+00:00\",\"breadcrumb\":{\"@id\":\"https:\\\/\\\/www.subaru.es\\\/blog\\\/nuestra-marca\\\/kunio-ishigami-el-adios-de-un-gestor-de-exito\\\/#breadcrumb\"},\"inLanguage\":\"es\",\"potentialAction\":[{\"@type\":\"ReadAction\",\"target\":[\"https:\\\/\\\/www.subaru.es\\\/blog\\\/nuestra-marca\\\/kunio-ishigami-el-adios-de-un-gestor-de-exito\\\/\"]}]},{\"@type\":\"ImageObject\",\"inLanguage\":\"es\",\"@id\":\"https:\\\/\\\/www.subaru.es\\\/blog\\\/nuestra-marca\\\/kunio-ishigami-el-adios-de-un-gestor-de-exito\\\/#primaryimage\",\"url\":\"https:\\\/\\\/www.subaru.es\\\/blog\\\/wp-content\\\/uploads\\\/2007\\\/09\\\/jefesubaru.jpg\",\"contentUrl\":\"https:\\\/\\\/www.subaru.es\\\/blog\\\/wp-content\\\/uploads\\\/2007\\\/09\\\/jefesubaru.jpg\",\"width\":308,\"height\":277},{\"@type\":\"BreadcrumbList\",\"@id\":\"https:\\\/\\\/www.subaru.es\\\/blog\\\/nuestra-marca\\\/kunio-ishigami-el-adios-de-un-gestor-de-exito\\\/#breadcrumb\",\"itemListElement\":[{\"@type\":\"ListItem\",\"position\":1,\"name\":\"Portada\",\"item\":\"https:\\\/\\\/www.subaru.es\\\/blog\\\/\"},{\"@type\":\"ListItem\",\"position\":2,\"name\":\"Kunio Ishigami, el adi\u00f3s de un gestor de \u00e9xito\"}]},{\"@type\":\"WebSite\",\"@id\":\"https:\\\/\\\/www.subaru.es\\\/blog\\\/#website\",\"url\":\"https:\\\/\\\/www.subaru.es\\\/blog\\\/\",\"name\":\"Universo Subaru\",\"description\":\"Descubre este apasionante espacio de Subaru donde vas a conocer todo sobre nuestros coches y las experiencias que vivimos con ellos. Si est\u00e1s preparado para dejarte seducir por la filosof\u00eda Subaru, qu\u00e9date con nosotros.\",\"publisher\":{\"@id\":\"https:\\\/\\\/www.subaru.es\\\/blog\\\/#organization\"},\"potentialAction\":[{\"@type\":\"SearchAction\",\"target\":{\"@type\":\"EntryPoint\",\"urlTemplate\":\"https:\\\/\\\/www.subaru.es\\\/blog\\\/?s={search_term_string}\"},\"query-input\":{\"@type\":\"PropertyValueSpecification\",\"valueRequired\":true,\"valueName\":\"search_term_string\"}}],\"inLanguage\":\"es\"},{\"@type\":\"Organization\",\"@id\":\"https:\\\/\\\/www.subaru.es\\\/blog\\\/#organization\",\"name\":\"Subaru Espa\u00f1a S.A.\",\"url\":\"https:\\\/\\\/www.subaru.es\\\/blog\\\/\",\"logo\":{\"@type\":\"ImageObject\",\"inLanguage\":\"es\",\"@id\":\"https:\\\/\\\/www.subaru.es\\\/blog\\\/#\\\/schema\\\/logo\\\/image\\\/\",\"url\":\"https:\\\/\\\/www.subaru.es\\\/blog\\\/wp-content\\\/uploads\\\/2016\\\/12\\\/Logo-Subaru-TypeV_C300-scaled.jpg\",\"contentUrl\":\"https:\\\/\\\/www.subaru.es\\\/blog\\\/wp-content\\\/uploads\\\/2016\\\/12\\\/Logo-Subaru-TypeV_C300-scaled.jpg\",\"width\":2560,\"height\":1864,\"caption\":\"Subaru Espa\u00f1a S.A.\"},\"image\":{\"@id\":\"https:\\\/\\\/www.subaru.es\\\/blog\\\/#\\\/schema\\\/logo\\\/image\\\/\"},\"sameAs\":[\"https:\\\/\\\/www.facebook.com\\\/subaruespana\",\"https:\\\/\\\/www.instagram.com\\\/subarues\\\/\",\"https:\\\/\\\/www.youtube.com\\\/user\\\/subaruespana\"]},{\"@type\":\"Person\",\"@id\":\"https:\\\/\\\/www.subaru.es\\\/blog\\\/#\\\/schema\\\/person\\\/19a90b892230b8e0ec752704ddf4aa10\",\"name\":\"Subaru\",\"url\":\"https:\\\/\\\/www.subaru.es\\\/blog\\\/author\\\/subaria\\\/\"}]}<\/script>\n<!-- \/ Yoast SEO plugin. -->","yoast_head_json":{"title":"Kunio Ishigami, el adi\u00f3s de un gestor de \u00e9xito - Universo Subaru","robots":{"index":"index","follow":"follow","max-snippet":"max-snippet:-1","max-image-preview":"max-image-preview:large","max-video-preview":"max-video-preview:-1"},"canonical":"https:\/\/www.subaru.es\/blog\/nuestra-marca\/kunio-ishigami-el-adios-de-un-gestor-de-exito\/","og_locale":"es_ES","og_type":"article","og_title":"Kunio Ishigami, el adi\u00f3s de un gestor de \u00e9xito - Universo Subaru","og_description":"El mercado del autom\u00f3vil estadounidense, por sus peculiares caracter\u00edsticas, no es amable para las marcas de constructores que vienen de fuera, sin embargo la marca Subaru, se plante\u00f3 hace ya alg\u00fan tiempo que este mercado era prioritario para sus intereses comerciales, de ah\u00ed el esfuerzo que han venido desarrollando en los \u00faltimos a\u00f1os para introducirse [&hellip;]","og_url":"https:\/\/www.subaru.es\/blog\/nuestra-marca\/kunio-ishigami-el-adios-de-un-gestor-de-exito\/","og_site_name":"Universo Subaru","article_publisher":"https:\/\/www.facebook.com\/subaruespana","article_published_time":"2007-10-02T08:05:34+00:00","article_modified_time":"2016-10-17T13:09:28+00:00","og_image":[{"width":308,"height":277,"url":"https:\/\/www.subaru.es\/blog\/wp-content\/uploads\/2007\/09\/jefesubaru.jpg","type":"image\/jpeg"}],"author":"Subaru","twitter_card":"summary_large_image","twitter_misc":{"Escrito por":"Subaru","Tiempo de lectura":"1 minuto"},"schema":{"@context":"https:\/\/schema.org","@graph":[{"@type":"Article","@id":"https:\/\/www.subaru.es\/blog\/nuestra-marca\/kunio-ishigami-el-adios-de-un-gestor-de-exito\/#article","isPartOf":{"@id":"https:\/\/www.subaru.es\/blog\/nuestra-marca\/kunio-ishigami-el-adios-de-un-gestor-de-exito\/"},"author":{"name":"Subaru","@id":"https:\/\/www.subaru.es\/blog\/#\/schema\/person\/19a90b892230b8e0ec752704ddf4aa10"},"headline":"Kunio Ishigami, el adi\u00f3s de un gestor de \u00e9xito","datePublished":"2007-10-02T08:05:34+00:00","dateModified":"2016-10-17T13:09:28+00:00","mainEntityOfPage":{"@id":"https:\/\/www.subaru.es\/blog\/nuestra-marca\/kunio-ishigami-el-adios-de-un-gestor-de-exito\/"},"wordCount":295,"commentCount":1,"publisher":{"@id":"https:\/\/www.subaru.es\/blog\/#organization"},"image":{"@id":"https:\/\/www.subaru.es\/blog\/nuestra-marca\/kunio-ishigami-el-adios-de-un-gestor-de-exito\/#primaryimage"},"thumbnailUrl":"https:\/\/www.subaru.es\/blog\/wp-content\/uploads\/2007\/09\/jefesubaru.jpg","articleSection":["Nuestra marca"],"inLanguage":"es","potentialAction":[{"@type":"CommentAction","name":"Comment","target":["https:\/\/www.subaru.es\/blog\/nuestra-marca\/kunio-ishigami-el-adios-de-un-gestor-de-exito\/#respond"]}]},{"@type":"WebPage","@id":"https:\/\/www.subaru.es\/blog\/nuestra-marca\/kunio-ishigami-el-adios-de-un-gestor-de-exito\/","url":"https:\/\/www.subaru.es\/blog\/nuestra-marca\/kunio-ishigami-el-adios-de-un-gestor-de-exito\/","name":"Kunio Ishigami, el adi\u00f3s de un gestor de \u00e9xito - Universo Subaru","isPartOf":{"@id":"https:\/\/www.subaru.es\/blog\/#website"},"primaryImageOfPage":{"@id":"https:\/\/www.subaru.es\/blog\/nuestra-marca\/kunio-ishigami-el-adios-de-un-gestor-de-exito\/#primaryimage"},"image":{"@id":"https:\/\/www.subaru.es\/blog\/nuestra-marca\/kunio-ishigami-el-adios-de-un-gestor-de-exito\/#primaryimage"},"thumbnailUrl":"https:\/\/www.subaru.es\/blog\/wp-content\/uploads\/2007\/09\/jefesubaru.jpg","datePublished":"2007-10-02T08:05:34+00:00","dateModified":"2016-10-17T13:09:28+00:00","breadcrumb":{"@id":"https:\/\/www.subaru.es\/blog\/nuestra-marca\/kunio-ishigami-el-adios-de-un-gestor-de-exito\/#breadcrumb"},"inLanguage":"es","potentialAction":[{"@type":"ReadAction","target":["https:\/\/www.subaru.es\/blog\/nuestra-marca\/kunio-ishigami-el-adios-de-un-gestor-de-exito\/"]}]},{"@type":"ImageObject","inLanguage":"es","@id":"https:\/\/www.subaru.es\/blog\/nuestra-marca\/kunio-ishigami-el-adios-de-un-gestor-de-exito\/#primaryimage","url":"https:\/\/www.subaru.es\/blog\/wp-content\/uploads\/2007\/09\/jefesubaru.jpg","contentUrl":"https:\/\/www.subaru.es\/blog\/wp-content\/uploads\/2007\/09\/jefesubaru.jpg","width":308,"height":277},{"@type":"BreadcrumbList","@id":"https:\/\/www.subaru.es\/blog\/nuestra-marca\/kunio-ishigami-el-adios-de-un-gestor-de-exito\/#breadcrumb","itemListElement":[{"@type":"ListItem","position":1,"name":"Portada","item":"https:\/\/www.subaru.es\/blog\/"},{"@type":"ListItem","position":2,"name":"Kunio Ishigami, el adi\u00f3s de un gestor de \u00e9xito"}]},{"@type":"WebSite","@id":"https:\/\/www.subaru.es\/blog\/#website","url":"https:\/\/www.subaru.es\/blog\/","name":"Universo Subaru","description":"Descubre este apasionante espacio de Subaru donde vas a conocer todo sobre nuestros coches y las experiencias que vivimos con ellos. Si est\u00e1s preparado para dejarte seducir por la filosof\u00eda Subaru, qu\u00e9date con nosotros.","publisher":{"@id":"https:\/\/www.subaru.es\/blog\/#organization"},"potentialAction":[{"@type":"SearchAction","target":{"@type":"EntryPoint","urlTemplate":"https:\/\/www.subaru.es\/blog\/?s={search_term_string}"},"query-input":{"@type":"PropertyValueSpecification","valueRequired":true,"valueName":"search_term_string"}}],"inLanguage":"es"},{"@type":"Organization","@id":"https:\/\/www.subaru.es\/blog\/#organization","name":"Subaru Espa\u00f1a S.A.","url":"https:\/\/www.subaru.es\/blog\/","logo":{"@type":"ImageObject","inLanguage":"es","@id":"https:\/\/www.subaru.es\/blog\/#\/schema\/logo\/image\/","url":"https:\/\/www.subaru.es\/blog\/wp-content\/uploads\/2016\/12\/Logo-Subaru-TypeV_C300-scaled.jpg","contentUrl":"https:\/\/www.subaru.es\/blog\/wp-content\/uploads\/2016\/12\/Logo-Subaru-TypeV_C300-scaled.jpg","width":2560,"height":1864,"caption":"Subaru Espa\u00f1a S.A."},"image":{"@id":"https:\/\/www.subaru.es\/blog\/#\/schema\/logo\/image\/"},"sameAs":["https:\/\/www.facebook.com\/subaruespana","https:\/\/www.instagram.com\/subarues\/","https:\/\/www.youtube.com\/user\/subaruespana"]},{"@type":"Person","@id":"https:\/\/www.subaru.es\/blog\/#\/schema\/person\/19a90b892230b8e0ec752704ddf4aa10","name":"Subaru","url":"https:\/\/www.subaru.es\/blog\/author\/subaria\/"}]}},"_links":{"self":[{"href":"https:\/\/www.subaru.es\/blog\/wp-json\/wp\/v2\/posts\/175","targetHints":{"allow":["GET"]}}],"collection":[{"href":"https:\/\/www.subaru.es\/blog\/wp-json\/wp\/v2\/posts"}],"about":[{"href":"https:\/\/www.subaru.es\/blog\/wp-json\/wp\/v2\/types\/post"}],"author":[{"embeddable":true,"href":"https:\/\/www.subaru.es\/blog\/wp-json\/wp\/v2\/users\/21"}],"replies":[{"embeddable":true,"href":"https:\/\/www.subaru.es\/blog\/wp-json\/wp\/v2\/comments?post=175"}],"version-history":[{"count":1,"href":"https:\/\/www.subaru.es\/blog\/wp-json\/wp\/v2\/posts\/175\/revisions"}],"predecessor-version":[{"id":15789,"href":"https:\/\/www.subaru.es\/blog\/wp-json\/wp\/v2\/posts\/175\/revisions\/15789"}],"wp:featuredmedia":[{"embeddable":true,"href":"https:\/\/www.subaru.es\/blog\/wp-json\/wp\/v2\/media\/177"}],"wp:attachment":[{"href":"https:\/\/www.subaru.es\/blog\/wp-json\/wp\/v2\/media?parent=175"}],"wp:term":[{"taxonomy":"category","embeddable":true,"href":"https:\/\/www.subaru.es\/blog\/wp-json\/wp\/v2\/categories?post=175"},{"taxonomy":"post_tag","embeddable":true,"href":"https:\/\/www.subaru.es\/blog\/wp-json\/wp\/v2\/tags?post=175"}],"curies":[{"name":"wp","href":"https:\/\/api.w.org\/{rel}","templated":true}]}}