{"id":17312,"date":"2017-04-04T13:16:53","date_gmt":"2017-04-04T11:16:53","guid":{"rendered":"http:\/\/www.subaru.es\/blog\/?p=17312"},"modified":"2022-12-16T11:52:47","modified_gmt":"2022-12-16T09:52:47","slug":"perroton-2017-ya-esta-marcha-te-apuntas","status":"publish","type":"post","link":"https:\/\/www.subaru.es\/blog\/pet-lovers\/perroton-2017-ya-esta-marcha-te-apuntas\/","title":{"rendered":"Perrot\u00f3n 2017 ya est\u00e1 en marcha, \u00bfte apuntas?"},"content":{"rendered":"<p><strong><span style=\"margin: 0px; font-family: 'Verdana',sans-serif;\"><span style=\"color: #000000;\">El pistoletazo de salida de Perrot\u00f3n 2017 est\u00e1 a punto de sonar. Ser\u00e1 el pr\u00f3ximo 15 de abril cuando se ponga en marcha una nueva edici\u00f3n cargada de novedades. Ese d\u00eda se abrir\u00e1 el periodo de inscripci\u00f3n de una ya tradicional carrera de canes junto a sus due\u00f1os que lucha por lograr que la tenencia y adopci\u00f3n responsable de animales de compa\u00f1\u00eda cale en nuestra sociedad. Como reconocidos petlovers, un a\u00f1o m\u00e1s desde Subaru apoyamos esta iniciativa. A continuaci\u00f3n, te contamos c\u00f3mo puedes formar parte.<\/span><\/span><\/strong><\/p>\n<p><img decoding=\"async\" class=\"aligncenter size-full wp-image-17318 lazyload\" data-src=\"https:\/\/www.subaru.es\/blog\/wp-content\/uploads\/2017\/04\/CARTEL-PERROTON-MADRID-2017-30X40-WEB.jpg\" alt=\"\" src=\"data:image\/svg+xml;base64,PHN2ZyB3aWR0aD0iMSIgaGVpZ2h0PSIxIiB4bWxucz0iaHR0cDovL3d3dy53My5vcmcvMjAwMC9zdmciPjwvc3ZnPg==\" style=\"--smush-placeholder-width: 3543px; --smush-placeholder-aspect-ratio: 3543\/2156;\" \/><\/p>\n<p><span style=\"margin: 0px; font-family: 'Verdana',sans-serif;\"><span style=\"color: #000000;\">Los pr\u00f3ximos d\u00edas 15 y 16 de abril, Perrot\u00f3n Espa\u00f1a celebrar\u00e1 un encuentro en la SnowZone de Madrid Xanad\u00fa. <strong>La organizaci\u00f3n ha preparado numerosas sorpresas para ese fin de semana<\/strong>. Todos los que acudan a estas pistas cubiertas de nieve para inscribirse recibir\u00e1n distintos regalos. Entre ellos, un \u2018pack nieve diversi\u00f3n\u2019 para disfrutar de dos actividades a elegir entre: tirolina, mini golf y <em>tobogganing<\/em>. <\/span><\/span><\/p>\n<p><span style=\"margin: 0px; font-family: 'Verdana',sans-serif;\"><span style=\"color: #000000;\">Adem\u00e1s, <strong>seguro que vuestras mascotas tambi\u00e9n se llevan alguna que otra sorpresa<\/strong>. Si os anim\u00e1is y quer\u00e9is inscribiros presencialmente, podr\u00e9is hacerlo de 11:00 a 20:00 horas el s\u00e1bado y de 12:00 a 19:00 horas el domingo. <a href=\"http:\/\/www.perroton.org\"><strong>En este enlace<\/strong> <\/a>ten\u00e9is m\u00e1s informaci\u00f3n<\/span><\/span><span style=\"margin: 0px; font-family: 'Verdana',sans-serif;\"><span style=\"color: #000000;\">. <\/span><\/span><\/p>\n<h3><span style=\"margin: 0px; font-family: 'Verdana',sans-serif;\"><span style=\"color: #000000;\">SUBARU FORESTER, DE NUEVO COCHE OFICIAL DE PERROT\u00d3N<\/span><\/span><\/h3>\n<p><span style=\"margin: 0px; font-family: 'Verdana',sans-serif;\"><span style=\"color: #000000;\">Desde la organizaci\u00f3n de Perrot\u00f3n, nos cuentan que est\u00e1n \u201cmuy satisfechos de poder tener a Subaru Espa\u00f1a como uno de sus patrocinadores. Es una colaboraci\u00f3n muy importante para nosotros, <strong>un lujo contar con un Forester como coche oficial<\/strong>.<strong> Es uno de los veh\u00edculos m\u00e1s preparados<\/strong> y con las mejores prestaciones del mercado. Tanto para\u00a0la seguridad como para la comodidad de nuestros perros cuando nos acompa\u00f1an durante nuestros viajes\u201d.<\/span><\/span><\/p>\n<p><span style=\"margin: 0px; font-family: 'Verdana',sans-serif;\"><span style=\"color: #000000;\"><a href=\"http:\/\/www.perroton.org\/copia-de-perroton-madrid\"><strong>Perrot\u00f3n Madrid<\/strong> <\/a>ya va por su sexta edici\u00f3n. Esta Carrera Solidaria por la Adopci\u00f3n y Tenencia Responsable de Animales de Compa\u00f1\u00eda <strong>se va a celebrar el pr\u00f3ximo 15 de octubre<\/strong>. Contar\u00e1, un a\u00f1o m\u00e1s, con el apoyo de nuestra marca. Si quer\u00e9is recordar la pasada edici\u00f3n de 2016, pod\u00e9is hacerlo pinchando <a href=\"https:\/\/www.subaru.es\/blog\/pet-lovers\/perroton-2016-consigue-con-el-apoyo-de-subaru-un-paso-mas-hacia-la-adopcion-responsable\/\"><strong>aqu\u00ed<\/strong><\/a>. <\/span><\/span><\/p>\n<p><span style=\"margin: 0px; font-family: 'Verdana',sans-serif;\"><span style=\"color: #000000;\">Sin duda, gracias a esta iniciativa impulsada por Alejandra Botto, la adopci\u00f3n responsable de animales\u00a0va calando en nuestra sociedad. Por eso apoyamos el proyecto, que este a\u00f1o incorpora otras\u00a0grandes novedades.<\/span><\/span><\/p>\n<p><img decoding=\"async\" width=\"1661\" height=\"841\" class=\"aligncenter size-full wp-image-17321 lazyload\" data-src=\"https:\/\/www.subaru.es\/blog\/wp-content\/uploads\/2017\/04\/Perroton-2016-1.jpg\" alt=\"\" data-srcset=\"https:\/\/www.subaru.es\/blog\/wp-content\/uploads\/2017\/04\/Perroton-2016-1.jpg 1661w, https:\/\/www.subaru.es\/blog\/wp-content\/uploads\/2017\/04\/Perroton-2016-1-560x284.jpg 560w, https:\/\/www.subaru.es\/blog\/wp-content\/uploads\/2017\/04\/Perroton-2016-1-1440x729.jpg 1440w, https:\/\/www.subaru.es\/blog\/wp-content\/uploads\/2017\/04\/Perroton-2016-1-768x389.jpg 768w, https:\/\/www.subaru.es\/blog\/wp-content\/uploads\/2017\/04\/Perroton-2016-1-1536x778.jpg 1536w\" data-sizes=\"(max-width: 1661px) 100vw, 1661px\" src=\"data:image\/svg+xml;base64,PHN2ZyB3aWR0aD0iMSIgaGVpZ2h0PSIxIiB4bWxucz0iaHR0cDovL3d3dy53My5vcmcvMjAwMC9zdmciPjwvc3ZnPg==\" style=\"--smush-placeholder-width: 1661px; --smush-placeholder-aspect-ratio: 1661\/841;\" \/><\/p>\n<h3><span style=\"margin: 0px; font-family: 'Verdana',sans-serif;\"><span style=\"color: #000000;\">ESTE A\u00d1O, TAMBI\u00c9N PERROT\u00d3N MARBELLA<\/span><\/span><\/h3>\n<p><span style=\"margin: 0px; font-family: 'Verdana',sans-serif;\"><span style=\"color: #000000;\">Adem\u00e1s de la actividad programada en Xanad\u00fa, donde esperamos veros a todos, este a\u00f1o se celebra la primera edici\u00f3n de <a href=\"http:\/\/www.perroton.org\/perrotonmarbella\"><strong>Perrot\u00f3n Marbella<\/strong><\/a><\/span><span style=\"color: #000000;\">. Corredores humanos y perrunos tendr\u00e1n la oportunidad de participar tambi\u00e9n en<strong> una nueva edici\u00f3n andaluza<\/strong>. Contando con la Baronesa Carmen Thyssen como madrina de honor, la carrera tendr\u00e1 lugar el pr\u00f3ximo 28 de mayo.\u00a0<a href=\"https:\/\/www.youtube.com\/watch?v=VPLJtDyuqoM\"><strong>Este es el v\u00eddeo promocional<\/strong> <\/a>del evento. Promete, \u00bfa que s\u00ed?<\/span><\/span><\/p>\n<p><span style=\"margin: 0px; font-family: 'Verdana',sans-serif;\"><span style=\"color: #000000;\">Desde su primera edici\u00f3n en 2012, esta carrera solidaria cuenta con el apoyo de destacadas personalidades de la sociedad espa\u00f1ola. En su nombre y en el nuestro propio, os animamos a participar en esta fiesta de cari\u00f1o hacia los animales. <strong>\u00a1No os la perd\u00e1is, contamos con vosotros!<\/strong><\/span><\/span><\/p>\n<p><img decoding=\"async\" class=\"aligncenter size-full wp-image-17320 lazyload\" data-src=\"https:\/\/www.subaru.es\/blog\/wp-content\/uploads\/2017\/04\/Subaru-petlover1.jpg\" alt=\"\" src=\"data:image\/svg+xml;base64,PHN2ZyB3aWR0aD0iMSIgaGVpZ2h0PSIxIiB4bWxucz0iaHR0cDovL3d3dy53My5vcmcvMjAwMC9zdmciPjwvc3ZnPg==\" style=\"--smush-placeholder-width: 8457px; --smush-placeholder-aspect-ratio: 8457\/3177;\" \/><\/p>\n<h3><span style=\"margin: 0px; font-family: 'Verdana',sans-serif;\"><span style=\"color: #000000;\">&#8216;ESTILO DE VIDA SUBARU&#8217;<\/span><\/span><\/h3>\n<p><span style=\"margin: 0px; font-family: 'Verdana',sans-serif;\"><span style=\"color: #000000;\">Para nosotros, los perros son parte fundamental de nuestro \u2018estilo de vida Subaru\u2019. Por eso nos encanta poder colaborar con iniciativas como esta, donde ponemos toda nuestra ilusi\u00f3n. Dicha filosof\u00eda que nos caracteriza ha sido siempre muy valorada por parte de Perrot\u00f3n Espa\u00f1a. Para ellos, nuestra ideolog\u00eda \u00abencaja perfectamente con el concepto y la estrategia que promovemos.\u00a0<strong>Promociona\u00a0la seguridad vial y el bienestar animal a la hora de viajar en carretera<\/strong>\u201d.<\/span><\/span><\/p>\n<p><span style=\"margin: 0px; font-family: 'Verdana',sans-serif;\"><span style=\"color: #000000;\">Otra muestra de nuestro amor incondicional por los perros es la colaboraci\u00f3n que hacemos con la <a href=\"https:\/\/www.travelguau.com\/guia-travelguau-2017-para-viajar-con-perro\"><strong>Gu\u00eda TravelGuau 2017<\/strong><\/a>, como pod\u00e9is ver <a href=\"https:\/\/www.subaru.es\/blog\/pet-lovers\/subaru-colabora-con-guia-travelguau\/\"><strong>aqu\u00ed<\/strong><\/a>.<\/span><u><span style=\"color: #000000;\"> Se trata de <\/span><\/u><\/span><strong><span style=\"margin: 0px; color: #111111; letter-spacing: 0.7pt; font-family: 'Verdana',sans-serif; font-weight: normal;\">un buscador de <strong>destinos amigables para viajar con vuestro can<\/strong>. A cualquiera de ellos\u00a0podr\u00e9is llegar con cualquiera de nuestros SUV 4\u00d74 en una de vuestras muchas escapadas.<\/span><\/strong><img decoding=\"async\" width=\"1200\" height=\"600\" class=\"aligncenter size-full wp-image-17319 lazyload\" data-src=\"https:\/\/www.subaru.es\/blog\/wp-content\/uploads\/2017\/04\/pet_lovers.jpg\" alt=\"\" data-srcset=\"https:\/\/www.subaru.es\/blog\/wp-content\/uploads\/2017\/04\/pet_lovers.jpg 1200w, https:\/\/www.subaru.es\/blog\/wp-content\/uploads\/2017\/04\/pet_lovers-560x280.jpg 560w, https:\/\/www.subaru.es\/blog\/wp-content\/uploads\/2017\/04\/pet_lovers-768x384.jpg 768w\" data-sizes=\"(max-width: 1200px) 100vw, 1200px\" src=\"data:image\/svg+xml;base64,PHN2ZyB3aWR0aD0iMSIgaGVpZ2h0PSIxIiB4bWxucz0iaHR0cDovL3d3dy53My5vcmcvMjAwMC9zdmciPjwvc3ZnPg==\" style=\"--smush-placeholder-width: 1200px; --smush-placeholder-aspect-ratio: 1200\/600;\" \/><\/p>\n","protected":false},"excerpt":{"rendered":"<p>El pistoletazo de salida de Perrot\u00f3n 2017 est\u00e1 a punto de sonar. Ser\u00e1 el pr\u00f3ximo 15 de abril cuando se ponga en marcha una nueva edici\u00f3n cargada de novedades. Ese d\u00eda se abrir\u00e1 el periodo de inscripci\u00f3n de una ya tradicional carrera de canes junto a sus due\u00f1os que lucha por lograr que la tenencia [&hellip;]<\/p>\n","protected":false},"author":21,"featured_media":17316,"comment_status":"open","ping_status":"closed","sticky":false,"template":"","format":"standard","meta":{"_acf_changed":false,"_eb_attr":"","inline_featured_image":false,"footnotes":""},"categories":[4402,4520],"tags":[13,4425,4258,3827,4279,4451,4452,4229,4362],"class_list":["post-17312","post","type-post","status-publish","format-standard","has-post-thumbnail","hentry","category-pet-lovers","category-subaru-lifestyle","tag-forester","tag-guia-travelguau","tag-mascotas","tag-perros","tag-perroton","tag-perroton-2017","tag-perroton-madrid","tag-viajar-con-mascotas","tag-viajar-con-perros"],"acf":[],"yoast_head":"<!-- This site is optimized with the Yoast SEO plugin v27.3 - https:\/\/yoast.com\/product\/yoast-seo-wordpress\/ -->\n<title>La carrera Perrot\u00f3n 2017 ya esta en marcha con novedades, te las contamos<\/title>\n<meta name=\"description\" content=\"El pistoletazo de salida de Perrot\u00f3n 2017 est\u00e1 a punto de sonar. Ser\u00e1 el pr\u00f3ximo 15 de abril cuando se ponga en marcha una nueva edici\u00f3n con novedades.\" \/>\n<meta name=\"robots\" content=\"index, follow, max-snippet:-1, max-image-preview:large, max-video-preview:-1\" \/>\n<link rel=\"canonical\" href=\"https:\/\/www.subaru.es\/blog\/pet-lovers\/perroton-2017-ya-esta-marcha-te-apuntas\/\" \/>\n<meta property=\"og:locale\" content=\"es_ES\" \/>\n<meta property=\"og:type\" content=\"article\" \/>\n<meta property=\"og:title\" content=\"La carrera Perrot\u00f3n 2017 ya esta en marcha con novedades, te las contamos\" \/>\n<meta property=\"og:description\" content=\"El pistoletazo de salida de Perrot\u00f3n 2017 est\u00e1 a punto de sonar. Ser\u00e1 el pr\u00f3ximo 15 de abril cuando se ponga en marcha una nueva edici\u00f3n con novedades.\" \/>\n<meta property=\"og:url\" content=\"https:\/\/www.subaru.es\/blog\/pet-lovers\/perroton-2017-ya-esta-marcha-te-apuntas\/\" \/>\n<meta property=\"og:site_name\" content=\"Universo Subaru\" \/>\n<meta property=\"article:publisher\" content=\"https:\/\/www.facebook.com\/subaruespana\" \/>\n<meta property=\"article:published_time\" content=\"2017-04-04T11:16:53+00:00\" \/>\n<meta property=\"article:modified_time\" content=\"2022-12-16T09:52:47+00:00\" \/>\n<meta property=\"og:image\" content=\"https:\/\/www.subaru.es\/blog\/wp-content\/uploads\/2017\/04\/Perrot\u00f3n-y-Subaru-1.jpg\" \/>\n\t<meta property=\"og:image:width\" content=\"4245\" \/>\n\t<meta property=\"og:image:height\" content=\"1913\" \/>\n\t<meta property=\"og:image:type\" content=\"image\/jpeg\" \/>\n<meta name=\"author\" content=\"Subaru\" \/>\n<meta name=\"twitter:card\" content=\"summary_large_image\" \/>\n<meta name=\"twitter:label1\" content=\"Escrito por\" \/>\n\t<meta name=\"twitter:data1\" content=\"Subaru\" \/>\n\t<meta name=\"twitter:label2\" content=\"Tiempo de lectura\" \/>\n\t<meta name=\"twitter:data2\" content=\"3 minutos\" \/>\n<script type=\"application\/ld+json\" class=\"yoast-schema-graph\">{\"@context\":\"https:\\\/\\\/schema.org\",\"@graph\":[{\"@type\":\"Article\",\"@id\":\"https:\\\/\\\/www.subaru.es\\\/blog\\\/pet-lovers\\\/perroton-2017-ya-esta-marcha-te-apuntas\\\/#article\",\"isPartOf\":{\"@id\":\"https:\\\/\\\/www.subaru.es\\\/blog\\\/pet-lovers\\\/perroton-2017-ya-esta-marcha-te-apuntas\\\/\"},\"author\":{\"name\":\"Subaru\",\"@id\":\"https:\\\/\\\/www.subaru.es\\\/blog\\\/#\\\/schema\\\/person\\\/19a90b892230b8e0ec752704ddf4aa10\"},\"headline\":\"Perrot\u00f3n 2017 ya est\u00e1 en marcha, \u00bfte apuntas?\",\"datePublished\":\"2017-04-04T11:16:53+00:00\",\"dateModified\":\"2022-12-16T09:52:47+00:00\",\"mainEntityOfPage\":{\"@id\":\"https:\\\/\\\/www.subaru.es\\\/blog\\\/pet-lovers\\\/perroton-2017-ya-esta-marcha-te-apuntas\\\/\"},\"wordCount\":669,\"commentCount\":1,\"publisher\":{\"@id\":\"https:\\\/\\\/www.subaru.es\\\/blog\\\/#organization\"},\"image\":{\"@id\":\"https:\\\/\\\/www.subaru.es\\\/blog\\\/pet-lovers\\\/perroton-2017-ya-esta-marcha-te-apuntas\\\/#primaryimage\"},\"thumbnailUrl\":\"https:\\\/\\\/www.subaru.es\\\/blog\\\/wp-content\\\/uploads\\\/2017\\\/04\\\/Perrot\u00f3n-y-Subaru-1.jpg\",\"keywords\":[\"forester\",\"Gu\u00eda TravelGuau\",\"Mascotas\",\"perros\",\"Perrot\u00f3n\",\"Perrot\u00f3n 2017\",\"Perrot\u00f3n Madrid\",\"Viajar con mascotas\",\"viajar con perros\"],\"articleSection\":[\"Pet lovers\",\"Subaru LifeStyle\"],\"inLanguage\":\"es\",\"potentialAction\":[{\"@type\":\"CommentAction\",\"name\":\"Comment\",\"target\":[\"https:\\\/\\\/www.subaru.es\\\/blog\\\/pet-lovers\\\/perroton-2017-ya-esta-marcha-te-apuntas\\\/#respond\"]}]},{\"@type\":\"WebPage\",\"@id\":\"https:\\\/\\\/www.subaru.es\\\/blog\\\/pet-lovers\\\/perroton-2017-ya-esta-marcha-te-apuntas\\\/\",\"url\":\"https:\\\/\\\/www.subaru.es\\\/blog\\\/pet-lovers\\\/perroton-2017-ya-esta-marcha-te-apuntas\\\/\",\"name\":\"La carrera Perrot\u00f3n 2017 ya esta en marcha con novedades, te las contamos\",\"isPartOf\":{\"@id\":\"https:\\\/\\\/www.subaru.es\\\/blog\\\/#website\"},\"primaryImageOfPage\":{\"@id\":\"https:\\\/\\\/www.subaru.es\\\/blog\\\/pet-lovers\\\/perroton-2017-ya-esta-marcha-te-apuntas\\\/#primaryimage\"},\"image\":{\"@id\":\"https:\\\/\\\/www.subaru.es\\\/blog\\\/pet-lovers\\\/perroton-2017-ya-esta-marcha-te-apuntas\\\/#primaryimage\"},\"thumbnailUrl\":\"https:\\\/\\\/www.subaru.es\\\/blog\\\/wp-content\\\/uploads\\\/2017\\\/04\\\/Perrot\u00f3n-y-Subaru-1.jpg\",\"datePublished\":\"2017-04-04T11:16:53+00:00\",\"dateModified\":\"2022-12-16T09:52:47+00:00\",\"description\":\"El pistoletazo de salida de Perrot\u00f3n 2017 est\u00e1 a punto de sonar. Ser\u00e1 el pr\u00f3ximo 15 de abril cuando se ponga en marcha una nueva edici\u00f3n con novedades.\",\"breadcrumb\":{\"@id\":\"https:\\\/\\\/www.subaru.es\\\/blog\\\/pet-lovers\\\/perroton-2017-ya-esta-marcha-te-apuntas\\\/#breadcrumb\"},\"inLanguage\":\"es\",\"potentialAction\":[{\"@type\":\"ReadAction\",\"target\":[\"https:\\\/\\\/www.subaru.es\\\/blog\\\/pet-lovers\\\/perroton-2017-ya-esta-marcha-te-apuntas\\\/\"]}]},{\"@type\":\"ImageObject\",\"inLanguage\":\"es\",\"@id\":\"https:\\\/\\\/www.subaru.es\\\/blog\\\/pet-lovers\\\/perroton-2017-ya-esta-marcha-te-apuntas\\\/#primaryimage\",\"url\":\"https:\\\/\\\/www.subaru.es\\\/blog\\\/wp-content\\\/uploads\\\/2017\\\/04\\\/Perrot\u00f3n-y-Subaru-1.jpg\",\"contentUrl\":\"https:\\\/\\\/www.subaru.es\\\/blog\\\/wp-content\\\/uploads\\\/2017\\\/04\\\/Perrot\u00f3n-y-Subaru-1.jpg\",\"width\":4245,\"height\":1913},{\"@type\":\"BreadcrumbList\",\"@id\":\"https:\\\/\\\/www.subaru.es\\\/blog\\\/pet-lovers\\\/perroton-2017-ya-esta-marcha-te-apuntas\\\/#breadcrumb\",\"itemListElement\":[{\"@type\":\"ListItem\",\"position\":1,\"name\":\"Portada\",\"item\":\"https:\\\/\\\/www.subaru.es\\\/blog\\\/\"},{\"@type\":\"ListItem\",\"position\":2,\"name\":\"Perrot\u00f3n 2017 ya est\u00e1 en marcha, \u00bfte apuntas?\"}]},{\"@type\":\"WebSite\",\"@id\":\"https:\\\/\\\/www.subaru.es\\\/blog\\\/#website\",\"url\":\"https:\\\/\\\/www.subaru.es\\\/blog\\\/\",\"name\":\"Universo Subaru\",\"description\":\"Descubre este apasionante espacio de Subaru donde vas a conocer todo sobre nuestros coches y las experiencias que vivimos con ellos. Si est\u00e1s preparado para dejarte seducir por la filosof\u00eda Subaru, qu\u00e9date con nosotros.\",\"publisher\":{\"@id\":\"https:\\\/\\\/www.subaru.es\\\/blog\\\/#organization\"},\"potentialAction\":[{\"@type\":\"SearchAction\",\"target\":{\"@type\":\"EntryPoint\",\"urlTemplate\":\"https:\\\/\\\/www.subaru.es\\\/blog\\\/?s={search_term_string}\"},\"query-input\":{\"@type\":\"PropertyValueSpecification\",\"valueRequired\":true,\"valueName\":\"search_term_string\"}}],\"inLanguage\":\"es\"},{\"@type\":\"Organization\",\"@id\":\"https:\\\/\\\/www.subaru.es\\\/blog\\\/#organization\",\"name\":\"Subaru Espa\u00f1a S.A.\",\"url\":\"https:\\\/\\\/www.subaru.es\\\/blog\\\/\",\"logo\":{\"@type\":\"ImageObject\",\"inLanguage\":\"es\",\"@id\":\"https:\\\/\\\/www.subaru.es\\\/blog\\\/#\\\/schema\\\/logo\\\/image\\\/\",\"url\":\"https:\\\/\\\/www.subaru.es\\\/blog\\\/wp-content\\\/uploads\\\/2016\\\/12\\\/Logo-Subaru-TypeV_C300-scaled.jpg\",\"contentUrl\":\"https:\\\/\\\/www.subaru.es\\\/blog\\\/wp-content\\\/uploads\\\/2016\\\/12\\\/Logo-Subaru-TypeV_C300-scaled.jpg\",\"width\":2560,\"height\":1864,\"caption\":\"Subaru Espa\u00f1a S.A.\"},\"image\":{\"@id\":\"https:\\\/\\\/www.subaru.es\\\/blog\\\/#\\\/schema\\\/logo\\\/image\\\/\"},\"sameAs\":[\"https:\\\/\\\/www.facebook.com\\\/subaruespana\",\"https:\\\/\\\/www.instagram.com\\\/subarues\\\/\",\"https:\\\/\\\/www.youtube.com\\\/user\\\/subaruespana\"]},{\"@type\":\"Person\",\"@id\":\"https:\\\/\\\/www.subaru.es\\\/blog\\\/#\\\/schema\\\/person\\\/19a90b892230b8e0ec752704ddf4aa10\",\"name\":\"Subaru\",\"url\":\"https:\\\/\\\/www.subaru.es\\\/blog\\\/author\\\/subaria\\\/\"}]}<\/script>\n<!-- \/ Yoast SEO plugin. -->","yoast_head_json":{"title":"La carrera Perrot\u00f3n 2017 ya esta en marcha con novedades, te las contamos","description":"El pistoletazo de salida de Perrot\u00f3n 2017 est\u00e1 a punto de sonar. Ser\u00e1 el pr\u00f3ximo 15 de abril cuando se ponga en marcha una nueva edici\u00f3n con novedades.","robots":{"index":"index","follow":"follow","max-snippet":"max-snippet:-1","max-image-preview":"max-image-preview:large","max-video-preview":"max-video-preview:-1"},"canonical":"https:\/\/www.subaru.es\/blog\/pet-lovers\/perroton-2017-ya-esta-marcha-te-apuntas\/","og_locale":"es_ES","og_type":"article","og_title":"La carrera Perrot\u00f3n 2017 ya esta en marcha con novedades, te las contamos","og_description":"El pistoletazo de salida de Perrot\u00f3n 2017 est\u00e1 a punto de sonar. Ser\u00e1 el pr\u00f3ximo 15 de abril cuando se ponga en marcha una nueva edici\u00f3n con novedades.","og_url":"https:\/\/www.subaru.es\/blog\/pet-lovers\/perroton-2017-ya-esta-marcha-te-apuntas\/","og_site_name":"Universo Subaru","article_publisher":"https:\/\/www.facebook.com\/subaruespana","article_published_time":"2017-04-04T11:16:53+00:00","article_modified_time":"2022-12-16T09:52:47+00:00","og_image":[{"width":4245,"height":1913,"url":"https:\/\/www.subaru.es\/blog\/wp-content\/uploads\/2017\/04\/Perrot\u00f3n-y-Subaru-1.jpg","type":"image\/jpeg"}],"author":"Subaru","twitter_card":"summary_large_image","twitter_misc":{"Escrito por":"Subaru","Tiempo de lectura":"3 minutos"},"schema":{"@context":"https:\/\/schema.org","@graph":[{"@type":"Article","@id":"https:\/\/www.subaru.es\/blog\/pet-lovers\/perroton-2017-ya-esta-marcha-te-apuntas\/#article","isPartOf":{"@id":"https:\/\/www.subaru.es\/blog\/pet-lovers\/perroton-2017-ya-esta-marcha-te-apuntas\/"},"author":{"name":"Subaru","@id":"https:\/\/www.subaru.es\/blog\/#\/schema\/person\/19a90b892230b8e0ec752704ddf4aa10"},"headline":"Perrot\u00f3n 2017 ya est\u00e1 en marcha, \u00bfte apuntas?","datePublished":"2017-04-04T11:16:53+00:00","dateModified":"2022-12-16T09:52:47+00:00","mainEntityOfPage":{"@id":"https:\/\/www.subaru.es\/blog\/pet-lovers\/perroton-2017-ya-esta-marcha-te-apuntas\/"},"wordCount":669,"commentCount":1,"publisher":{"@id":"https:\/\/www.subaru.es\/blog\/#organization"},"image":{"@id":"https:\/\/www.subaru.es\/blog\/pet-lovers\/perroton-2017-ya-esta-marcha-te-apuntas\/#primaryimage"},"thumbnailUrl":"https:\/\/www.subaru.es\/blog\/wp-content\/uploads\/2017\/04\/Perrot\u00f3n-y-Subaru-1.jpg","keywords":["forester","Gu\u00eda TravelGuau","Mascotas","perros","Perrot\u00f3n","Perrot\u00f3n 2017","Perrot\u00f3n Madrid","Viajar con mascotas","viajar con perros"],"articleSection":["Pet lovers","Subaru LifeStyle"],"inLanguage":"es","potentialAction":[{"@type":"CommentAction","name":"Comment","target":["https:\/\/www.subaru.es\/blog\/pet-lovers\/perroton-2017-ya-esta-marcha-te-apuntas\/#respond"]}]},{"@type":"WebPage","@id":"https:\/\/www.subaru.es\/blog\/pet-lovers\/perroton-2017-ya-esta-marcha-te-apuntas\/","url":"https:\/\/www.subaru.es\/blog\/pet-lovers\/perroton-2017-ya-esta-marcha-te-apuntas\/","name":"La carrera Perrot\u00f3n 2017 ya esta en marcha con novedades, te las contamos","isPartOf":{"@id":"https:\/\/www.subaru.es\/blog\/#website"},"primaryImageOfPage":{"@id":"https:\/\/www.subaru.es\/blog\/pet-lovers\/perroton-2017-ya-esta-marcha-te-apuntas\/#primaryimage"},"image":{"@id":"https:\/\/www.subaru.es\/blog\/pet-lovers\/perroton-2017-ya-esta-marcha-te-apuntas\/#primaryimage"},"thumbnailUrl":"https:\/\/www.subaru.es\/blog\/wp-content\/uploads\/2017\/04\/Perrot\u00f3n-y-Subaru-1.jpg","datePublished":"2017-04-04T11:16:53+00:00","dateModified":"2022-12-16T09:52:47+00:00","description":"El pistoletazo de salida de Perrot\u00f3n 2017 est\u00e1 a punto de sonar. Ser\u00e1 el pr\u00f3ximo 15 de abril cuando se ponga en marcha una nueva edici\u00f3n con novedades.","breadcrumb":{"@id":"https:\/\/www.subaru.es\/blog\/pet-lovers\/perroton-2017-ya-esta-marcha-te-apuntas\/#breadcrumb"},"inLanguage":"es","potentialAction":[{"@type":"ReadAction","target":["https:\/\/www.subaru.es\/blog\/pet-lovers\/perroton-2017-ya-esta-marcha-te-apuntas\/"]}]},{"@type":"ImageObject","inLanguage":"es","@id":"https:\/\/www.subaru.es\/blog\/pet-lovers\/perroton-2017-ya-esta-marcha-te-apuntas\/#primaryimage","url":"https:\/\/www.subaru.es\/blog\/wp-content\/uploads\/2017\/04\/Perrot\u00f3n-y-Subaru-1.jpg","contentUrl":"https:\/\/www.subaru.es\/blog\/wp-content\/uploads\/2017\/04\/Perrot\u00f3n-y-Subaru-1.jpg","width":4245,"height":1913},{"@type":"BreadcrumbList","@id":"https:\/\/www.subaru.es\/blog\/pet-lovers\/perroton-2017-ya-esta-marcha-te-apuntas\/#breadcrumb","itemListElement":[{"@type":"ListItem","position":1,"name":"Portada","item":"https:\/\/www.subaru.es\/blog\/"},{"@type":"ListItem","position":2,"name":"Perrot\u00f3n 2017 ya est\u00e1 en marcha, \u00bfte apuntas?"}]},{"@type":"WebSite","@id":"https:\/\/www.subaru.es\/blog\/#website","url":"https:\/\/www.subaru.es\/blog\/","name":"Universo Subaru","description":"Descubre este apasionante espacio de Subaru donde vas a conocer todo sobre nuestros coches y las experiencias que vivimos con ellos. Si est\u00e1s preparado para dejarte seducir por la filosof\u00eda Subaru, qu\u00e9date con nosotros.","publisher":{"@id":"https:\/\/www.subaru.es\/blog\/#organization"},"potentialAction":[{"@type":"SearchAction","target":{"@type":"EntryPoint","urlTemplate":"https:\/\/www.subaru.es\/blog\/?s={search_term_string}"},"query-input":{"@type":"PropertyValueSpecification","valueRequired":true,"valueName":"search_term_string"}}],"inLanguage":"es"},{"@type":"Organization","@id":"https:\/\/www.subaru.es\/blog\/#organization","name":"Subaru Espa\u00f1a S.A.","url":"https:\/\/www.subaru.es\/blog\/","logo":{"@type":"ImageObject","inLanguage":"es","@id":"https:\/\/www.subaru.es\/blog\/#\/schema\/logo\/image\/","url":"https:\/\/www.subaru.es\/blog\/wp-content\/uploads\/2016\/12\/Logo-Subaru-TypeV_C300-scaled.jpg","contentUrl":"https:\/\/www.subaru.es\/blog\/wp-content\/uploads\/2016\/12\/Logo-Subaru-TypeV_C300-scaled.jpg","width":2560,"height":1864,"caption":"Subaru Espa\u00f1a S.A."},"image":{"@id":"https:\/\/www.subaru.es\/blog\/#\/schema\/logo\/image\/"},"sameAs":["https:\/\/www.facebook.com\/subaruespana","https:\/\/www.instagram.com\/subarues\/","https:\/\/www.youtube.com\/user\/subaruespana"]},{"@type":"Person","@id":"https:\/\/www.subaru.es\/blog\/#\/schema\/person\/19a90b892230b8e0ec752704ddf4aa10","name":"Subaru","url":"https:\/\/www.subaru.es\/blog\/author\/subaria\/"}]}},"_links":{"self":[{"href":"https:\/\/www.subaru.es\/blog\/wp-json\/wp\/v2\/posts\/17312","targetHints":{"allow":["GET"]}}],"collection":[{"href":"https:\/\/www.subaru.es\/blog\/wp-json\/wp\/v2\/posts"}],"about":[{"href":"https:\/\/www.subaru.es\/blog\/wp-json\/wp\/v2\/types\/post"}],"author":[{"embeddable":true,"href":"https:\/\/www.subaru.es\/blog\/wp-json\/wp\/v2\/users\/21"}],"replies":[{"embeddable":true,"href":"https:\/\/www.subaru.es\/blog\/wp-json\/wp\/v2\/comments?post=17312"}],"version-history":[{"count":9,"href":"https:\/\/www.subaru.es\/blog\/wp-json\/wp\/v2\/posts\/17312\/revisions"}],"predecessor-version":[{"id":17327,"href":"https:\/\/www.subaru.es\/blog\/wp-json\/wp\/v2\/posts\/17312\/revisions\/17327"}],"wp:featuredmedia":[{"embeddable":true,"href":"https:\/\/www.subaru.es\/blog\/wp-json\/wp\/v2\/media\/17316"}],"wp:attachment":[{"href":"https:\/\/www.subaru.es\/blog\/wp-json\/wp\/v2\/media?parent=17312"}],"wp:term":[{"taxonomy":"category","embeddable":true,"href":"https:\/\/www.subaru.es\/blog\/wp-json\/wp\/v2\/categories?post=17312"},{"taxonomy":"post_tag","embeddable":true,"href":"https:\/\/www.subaru.es\/blog\/wp-json\/wp\/v2\/tags?post=17312"}],"curies":[{"name":"wp","href":"https:\/\/api.w.org\/{rel}","templated":true}]}}