{"id":17284,"date":"2017-03-27T18:30:11","date_gmt":"2017-03-27T16:30:11","guid":{"rendered":"http:\/\/www.subaru.es\/blog\/?p=17284"},"modified":"2020-08-06T11:01:32","modified_gmt":"2020-08-06T09:01:32","slug":"tercera-concentracion-subaru-granada","status":"publish","type":"post","link":"https:\/\/www.subaru.es\/blog\/subaru-lifestyle\/tercera-concentracion-subaru-granada\/","title":{"rendered":"Un centenar de subaristas se re\u00fanen en Sierra Nevada"},"content":{"rendered":"<p><strong>La \u00faltima cita subarista ha reunido ayer a un total de 40 Subaru y a m\u00e1s de un centenar de personas, entre adultos y ni\u00f1os. La III Concentraci\u00f3n Subaru Granada ha tenido lugar en Sierra Nevada y ha estado organizada por el concesionario oficial Talleres Sport. En la quedada, los subaristas granadinos han disfrutado de una m\u00e1gica experiencia al volante de su veh\u00edculo favorito. La sensaci\u00f3n generalizada que hemos podido recoger tras la jornada ha sido contundente: \u201chemos pasado un d\u00eda magn\u00edfico\u201d.<\/strong><\/p>\n<p><img decoding=\"async\" class=\"aligncenter size-full wp-image-17294 lazyload\" data-src=\"https:\/\/www.subaru.es\/blog\/wp-content\/uploads\/2017\/03\/Subaru-Granada-3.jpg\" alt=\"\" src=\"data:image\/svg+xml;base64,PHN2ZyB3aWR0aD0iMSIgaGVpZ2h0PSIxIiB4bWxucz0iaHR0cDovL3d3dy53My5vcmcvMjAwMC9zdmciPjwvc3ZnPg==\" style=\"--smush-placeholder-width: 3033px; --smush-placeholder-aspect-ratio: 3033\/1297;\" \/><\/p>\n<p>Desayuno, almuerzo, recordatorios de la concentraci\u00f3n, copias del reportaje fotogr\u00e1fico\u2026 Y <strong>sobre todo kil\u00f3metros de diversi\u00f3n en compa\u00f1\u00eda de una gran familia subarista<\/strong>. Se trata de la tercera convocatoria de una misma iniciativa que, de la mano de <a href=\"http:\/\/sportgranada.com\/\"><strong>Talleres Sport Granada<\/strong><\/a>, re\u00fane a muchos de nuestros fan\u00e1ticos de la vida. Son, definitivamente, apasionados de nuestra marca que quieren disfrutar de sus coches en buena compa\u00f1\u00eda por el paisaje de Sierra Nevada.<\/p>\n<p>Aunque la parte inicial del recorrido se realiz\u00f3 por carretera,<strong> el grueso de la ruta se llev\u00f3 a cabo por caminos de monta\u00f1a<\/strong>. El punto de encuentro fue el Hotel La Marquesa, en la carretera de la Zubia. A tan solo 4,5 kil\u00f3metros de Granada. El parking de este bello antiguo palacio \u00e1rabe del siglo XIII hab\u00eda sido habilitado para el evento. Despu\u00e9s del desayuno, el recorrido marcaba direcci\u00f3n al municipio granadino de Jerez del Marquesado. Era el comienzo de una atractiva ruta por pistas a lo largo de 32 kil\u00f3metros. A continuaci\u00f3n, tocaba descansar; la primera de las paradas programadas fue en el Refugio Postero Alto, que se encuentra a\u00a02.100 metros de altitud.<\/p>\n<p>Desde all\u00ed, <strong>la ruta continu\u00f3 por la bonita zona recreativa La Tizn\u00e1<\/strong>, tambi\u00e9n en el parque natural de Sierra Nevada. En dicho paraje se unen\u00a0las aguas del Barranco del\u00a0Sabinar y las del Barranco de las Caba\u00f1uelas, formando el r\u00edo Alc\u00e1zar. All\u00ed, los participantes realizaron la segunda parada de la ma\u00f1ana para estirar las piernas y disfrutar de las vistas. Tras ello, se encendieron nuevamente los motores para conducir hasta la Hospeder\u00eda del Zenette. Era la ubicaci\u00f3n escogida por\u00a0los organizadores para\u00a0comer\u00a0<em>en familia<\/em>.<br \/>\n<img decoding=\"async\" width=\"1600\" height=\"900\" class=\"aligncenter size-full wp-image-17287 lazyload\" data-src=\"https:\/\/www.subaru.es\/blog\/wp-content\/uploads\/2017\/03\/2017-03-26-12.jpg\" alt=\"\" data-srcset=\"https:\/\/www.subaru.es\/blog\/wp-content\/uploads\/2017\/03\/2017-03-26-12.jpg 1600w, https:\/\/www.subaru.es\/blog\/wp-content\/uploads\/2017\/03\/2017-03-26-12-560x315.jpg 560w, https:\/\/www.subaru.es\/blog\/wp-content\/uploads\/2017\/03\/2017-03-26-12-1440x810.jpg 1440w, https:\/\/www.subaru.es\/blog\/wp-content\/uploads\/2017\/03\/2017-03-26-12-768x432.jpg 768w, https:\/\/www.subaru.es\/blog\/wp-content\/uploads\/2017\/03\/2017-03-26-12-1536x864.jpg 1536w\" data-sizes=\"(max-width: 1600px) 100vw, 1600px\" src=\"data:image\/svg+xml;base64,PHN2ZyB3aWR0aD0iMSIgaGVpZ2h0PSIxIiB4bWxucz0iaHR0cDovL3d3dy53My5vcmcvMjAwMC9zdmciPjwvc3ZnPg==\" style=\"--smush-placeholder-width: 1600px; --smush-placeholder-aspect-ratio: 1600\/900;\" \/><\/p>\n<h3>GRAN ACEPTACI\u00d3N DE LAS QUEDADAS SUBARISTAS<\/h3>\n<p>En concreto, Grupo Sport Granada colabora con <a href=\"http:\/\/www.subaru.es\/\"><strong>Subaru<\/strong> <\/a>desde\u00a0el\u00a0a\u00f1o\u00a02013. Pero no fue hasta hace dos a\u00f1os cuando tuvo lugar su primera concentraci\u00f3n en Sierra Nevada. Desde entonces, \u201chemos visto por parte de nuestros clientes y amigos subaristas una <strong>gran aceptaci\u00f3n e implicaci\u00f3n en estos eventos<\/strong>\u201d, se\u00f1alan David Garc\u00eda y Manuel Cobo, dos de los organizadores.<\/p>\n<p>Cada vez la aceptaci\u00f3n es mayor. \u201cDe nueve coches y en torno a 20 personas de la primera edici\u00f3n, pasamos el a\u00f1o pasado a ser 19 los coches participantes y cerca de 50 personas\u201d, contin\u00faan. Esa segunda concentraci\u00f3n, que parti\u00f3 desde la plaza de toros de Granada, tuvo bastante repercusi\u00f3n. Ello ha provocado que la iniciativa crezca en expectaci\u00f3n y en integrantes. Lo hemos podido comprobar en esta \u00faltima edici\u00f3n que os estamos contando.<\/p>\n<p>La raz\u00f3n de que Talleres Sport organice este tipo de quedadas subaristas es lograr notoriedad y repercusi\u00f3n. \u201cSabemos que al hacer ruido generamos mayor tr\u00e1fico en nuestra exposici\u00f3n\u201d, confiesan David y Manuel. Adem\u00e1s, \u201c<strong>las convocatorias son recibidas con mucha expectaci\u00f3n<\/strong>, ya que las promocionamos tanto en redes sociales como en prensa\u201d, concluyen. <img decoding=\"async\" class=\"aligncenter size-full wp-image-17285 lazyload\" data-src=\"https:\/\/www.subaru.es\/blog\/wp-content\/uploads\/2017\/03\/Subaru-Granada-1.jpg\" alt=\"\" src=\"data:image\/svg+xml;base64,PHN2ZyB3aWR0aD0iMSIgaGVpZ2h0PSIxIiB4bWxucz0iaHR0cDovL3d3dy53My5vcmcvMjAwMC9zdmciPjwvc3ZnPg==\" style=\"--smush-placeholder-width: 4032px; --smush-placeholder-aspect-ratio: 4032\/3024;\" \/><\/p>\n","protected":false},"excerpt":{"rendered":"<p>La \u00faltima cita subarista ha reunido ayer a un total de 40 Subaru y a m\u00e1s de un centenar de personas, entre adultos y ni\u00f1os. La III Concentraci\u00f3n Subaru Granada ha tenido lugar en Sierra Nevada y ha estado organizada por el concesionario oficial Talleres Sport. En la quedada, los subaristas granadinos han disfrutado de [&hellip;]<\/p>\n","protected":false},"author":21,"featured_media":17288,"comment_status":"open","ping_status":"closed","sticky":false,"template":"","format":"standard","meta":{"_acf_changed":false,"_eb_attr":"","inline_featured_image":false,"footnotes":""},"categories":[4520],"tags":[4443,4447,2668,4395,2890,4446,3488],"class_list":["post-17284","post","type-post","status-publish","format-standard","has-post-thumbnail","hentry","category-subaru-lifestyle","tag-cita-subarista","tag-concentracion-subaru-granada","tag-concentraciones-de-subaristas","tag-concesionarios","tag-quedada","tag-subariada","tag-talleres-oficiales"],"acf":[],"yoast_head":"<!-- This site is optimized with the Yoast SEO plugin v27.3 - https:\/\/yoast.com\/product\/yoast-seo-wordpress\/ -->\n<title>tercera-concentracion-subaru-granada en Sierra Nevada<\/title>\n<meta name=\"description\" content=\"III Concentraci\u00f3n Subaru Granada ha tenido lugar en Sierra Nevada y ha permitido a un centenar de subaristas granadinos disfrutar de una experiencia \u00fanica\" \/>\n<meta name=\"robots\" content=\"index, follow, max-snippet:-1, max-image-preview:large, max-video-preview:-1\" \/>\n<link rel=\"canonical\" href=\"https:\/\/www.subaru.es\/blog\/subaru-lifestyle\/tercera-concentracion-subaru-granada\/\" \/>\n<meta property=\"og:locale\" content=\"es_ES\" \/>\n<meta property=\"og:type\" content=\"article\" \/>\n<meta property=\"og:title\" content=\"tercera-concentracion-subaru-granada en Sierra Nevada\" \/>\n<meta property=\"og:description\" content=\"III Concentraci\u00f3n Subaru Granada ha tenido lugar en Sierra Nevada y ha permitido a un centenar de subaristas granadinos disfrutar de una experiencia \u00fanica\" \/>\n<meta property=\"og:url\" content=\"https:\/\/www.subaru.es\/blog\/subaru-lifestyle\/tercera-concentracion-subaru-granada\/\" \/>\n<meta property=\"og:site_name\" content=\"Universo Subaru\" \/>\n<meta property=\"article:publisher\" content=\"https:\/\/www.facebook.com\/subaruespana\" \/>\n<meta property=\"article:published_time\" content=\"2017-03-27T16:30:11+00:00\" \/>\n<meta property=\"article:modified_time\" content=\"2020-08-06T09:01:32+00:00\" \/>\n<meta property=\"og:image\" content=\"https:\/\/www.subaru.es\/blog\/wp-content\/uploads\/2017\/03\/2017-03-26-9.jpg\" \/>\n\t<meta property=\"og:image:width\" content=\"1600\" \/>\n\t<meta property=\"og:image:height\" content=\"900\" \/>\n\t<meta property=\"og:image:type\" content=\"image\/jpeg\" \/>\n<meta name=\"author\" content=\"Subaru\" \/>\n<meta name=\"twitter:card\" content=\"summary_large_image\" \/>\n<meta name=\"twitter:label1\" content=\"Escrito por\" \/>\n\t<meta name=\"twitter:data1\" content=\"Subaru\" \/>\n\t<meta name=\"twitter:label2\" content=\"Tiempo de lectura\" \/>\n\t<meta name=\"twitter:data2\" content=\"3 minutos\" \/>\n<script type=\"application\/ld+json\" class=\"yoast-schema-graph\">{\"@context\":\"https:\\\/\\\/schema.org\",\"@graph\":[{\"@type\":\"Article\",\"@id\":\"https:\\\/\\\/www.subaru.es\\\/blog\\\/subaru-lifestyle\\\/tercera-concentracion-subaru-granada\\\/#article\",\"isPartOf\":{\"@id\":\"https:\\\/\\\/www.subaru.es\\\/blog\\\/subaru-lifestyle\\\/tercera-concentracion-subaru-granada\\\/\"},\"author\":{\"name\":\"Subaru\",\"@id\":\"https:\\\/\\\/www.subaru.es\\\/blog\\\/#\\\/schema\\\/person\\\/19a90b892230b8e0ec752704ddf4aa10\"},\"headline\":\"Un centenar de subaristas se re\u00fanen en Sierra Nevada\",\"datePublished\":\"2017-03-27T16:30:11+00:00\",\"dateModified\":\"2020-08-06T09:01:32+00:00\",\"mainEntityOfPage\":{\"@id\":\"https:\\\/\\\/www.subaru.es\\\/blog\\\/subaru-lifestyle\\\/tercera-concentracion-subaru-granada\\\/\"},\"wordCount\":598,\"commentCount\":0,\"publisher\":{\"@id\":\"https:\\\/\\\/www.subaru.es\\\/blog\\\/#organization\"},\"image\":{\"@id\":\"https:\\\/\\\/www.subaru.es\\\/blog\\\/subaru-lifestyle\\\/tercera-concentracion-subaru-granada\\\/#primaryimage\"},\"thumbnailUrl\":\"https:\\\/\\\/www.subaru.es\\\/blog\\\/wp-content\\\/uploads\\\/2017\\\/03\\\/2017-03-26-9.jpg\",\"keywords\":[\"cita subarista\",\"Concentraci\u00f3n Subaru Granada\",\"concentraciones de subaristas\",\"concesionarios\",\"quedada\",\"subariada\",\"talleres oficiales\"],\"articleSection\":[\"Subaru LifeStyle\"],\"inLanguage\":\"es\",\"potentialAction\":[{\"@type\":\"CommentAction\",\"name\":\"Comment\",\"target\":[\"https:\\\/\\\/www.subaru.es\\\/blog\\\/subaru-lifestyle\\\/tercera-concentracion-subaru-granada\\\/#respond\"]}]},{\"@type\":\"WebPage\",\"@id\":\"https:\\\/\\\/www.subaru.es\\\/blog\\\/subaru-lifestyle\\\/tercera-concentracion-subaru-granada\\\/\",\"url\":\"https:\\\/\\\/www.subaru.es\\\/blog\\\/subaru-lifestyle\\\/tercera-concentracion-subaru-granada\\\/\",\"name\":\"tercera-concentracion-subaru-granada en Sierra Nevada\",\"isPartOf\":{\"@id\":\"https:\\\/\\\/www.subaru.es\\\/blog\\\/#website\"},\"primaryImageOfPage\":{\"@id\":\"https:\\\/\\\/www.subaru.es\\\/blog\\\/subaru-lifestyle\\\/tercera-concentracion-subaru-granada\\\/#primaryimage\"},\"image\":{\"@id\":\"https:\\\/\\\/www.subaru.es\\\/blog\\\/subaru-lifestyle\\\/tercera-concentracion-subaru-granada\\\/#primaryimage\"},\"thumbnailUrl\":\"https:\\\/\\\/www.subaru.es\\\/blog\\\/wp-content\\\/uploads\\\/2017\\\/03\\\/2017-03-26-9.jpg\",\"datePublished\":\"2017-03-27T16:30:11+00:00\",\"dateModified\":\"2020-08-06T09:01:32+00:00\",\"description\":\"III Concentraci\u00f3n Subaru Granada ha tenido lugar en Sierra Nevada y ha permitido a un centenar de subaristas granadinos disfrutar de una experiencia \u00fanica\",\"breadcrumb\":{\"@id\":\"https:\\\/\\\/www.subaru.es\\\/blog\\\/subaru-lifestyle\\\/tercera-concentracion-subaru-granada\\\/#breadcrumb\"},\"inLanguage\":\"es\",\"potentialAction\":[{\"@type\":\"ReadAction\",\"target\":[\"https:\\\/\\\/www.subaru.es\\\/blog\\\/subaru-lifestyle\\\/tercera-concentracion-subaru-granada\\\/\"]}]},{\"@type\":\"ImageObject\",\"inLanguage\":\"es\",\"@id\":\"https:\\\/\\\/www.subaru.es\\\/blog\\\/subaru-lifestyle\\\/tercera-concentracion-subaru-granada\\\/#primaryimage\",\"url\":\"https:\\\/\\\/www.subaru.es\\\/blog\\\/wp-content\\\/uploads\\\/2017\\\/03\\\/2017-03-26-9.jpg\",\"contentUrl\":\"https:\\\/\\\/www.subaru.es\\\/blog\\\/wp-content\\\/uploads\\\/2017\\\/03\\\/2017-03-26-9.jpg\",\"width\":1600,\"height\":900},{\"@type\":\"BreadcrumbList\",\"@id\":\"https:\\\/\\\/www.subaru.es\\\/blog\\\/subaru-lifestyle\\\/tercera-concentracion-subaru-granada\\\/#breadcrumb\",\"itemListElement\":[{\"@type\":\"ListItem\",\"position\":1,\"name\":\"Portada\",\"item\":\"https:\\\/\\\/www.subaru.es\\\/blog\\\/\"},{\"@type\":\"ListItem\",\"position\":2,\"name\":\"Un centenar de subaristas se re\u00fanen en Sierra Nevada\"}]},{\"@type\":\"WebSite\",\"@id\":\"https:\\\/\\\/www.subaru.es\\\/blog\\\/#website\",\"url\":\"https:\\\/\\\/www.subaru.es\\\/blog\\\/\",\"name\":\"Universo Subaru\",\"description\":\"Descubre este apasionante espacio de Subaru donde vas a conocer todo sobre nuestros coches y las experiencias que vivimos con ellos. Si est\u00e1s preparado para dejarte seducir por la filosof\u00eda Subaru, qu\u00e9date con nosotros.\",\"publisher\":{\"@id\":\"https:\\\/\\\/www.subaru.es\\\/blog\\\/#organization\"},\"potentialAction\":[{\"@type\":\"SearchAction\",\"target\":{\"@type\":\"EntryPoint\",\"urlTemplate\":\"https:\\\/\\\/www.subaru.es\\\/blog\\\/?s={search_term_string}\"},\"query-input\":{\"@type\":\"PropertyValueSpecification\",\"valueRequired\":true,\"valueName\":\"search_term_string\"}}],\"inLanguage\":\"es\"},{\"@type\":\"Organization\",\"@id\":\"https:\\\/\\\/www.subaru.es\\\/blog\\\/#organization\",\"name\":\"Subaru Espa\u00f1a S.A.\",\"url\":\"https:\\\/\\\/www.subaru.es\\\/blog\\\/\",\"logo\":{\"@type\":\"ImageObject\",\"inLanguage\":\"es\",\"@id\":\"https:\\\/\\\/www.subaru.es\\\/blog\\\/#\\\/schema\\\/logo\\\/image\\\/\",\"url\":\"https:\\\/\\\/www.subaru.es\\\/blog\\\/wp-content\\\/uploads\\\/2016\\\/12\\\/Logo-Subaru-TypeV_C300-scaled.jpg\",\"contentUrl\":\"https:\\\/\\\/www.subaru.es\\\/blog\\\/wp-content\\\/uploads\\\/2016\\\/12\\\/Logo-Subaru-TypeV_C300-scaled.jpg\",\"width\":2560,\"height\":1864,\"caption\":\"Subaru Espa\u00f1a S.A.\"},\"image\":{\"@id\":\"https:\\\/\\\/www.subaru.es\\\/blog\\\/#\\\/schema\\\/logo\\\/image\\\/\"},\"sameAs\":[\"https:\\\/\\\/www.facebook.com\\\/subaruespana\",\"https:\\\/\\\/www.instagram.com\\\/subarues\\\/\",\"https:\\\/\\\/www.youtube.com\\\/user\\\/subaruespana\"]},{\"@type\":\"Person\",\"@id\":\"https:\\\/\\\/www.subaru.es\\\/blog\\\/#\\\/schema\\\/person\\\/19a90b892230b8e0ec752704ddf4aa10\",\"name\":\"Subaru\",\"url\":\"https:\\\/\\\/www.subaru.es\\\/blog\\\/author\\\/subaria\\\/\"}]}<\/script>\n<!-- \/ Yoast SEO plugin. -->","yoast_head_json":{"title":"tercera-concentracion-subaru-granada en Sierra Nevada","description":"III Concentraci\u00f3n Subaru Granada ha tenido lugar en Sierra Nevada y ha permitido a un centenar de subaristas granadinos disfrutar de una experiencia \u00fanica","robots":{"index":"index","follow":"follow","max-snippet":"max-snippet:-1","max-image-preview":"max-image-preview:large","max-video-preview":"max-video-preview:-1"},"canonical":"https:\/\/www.subaru.es\/blog\/subaru-lifestyle\/tercera-concentracion-subaru-granada\/","og_locale":"es_ES","og_type":"article","og_title":"tercera-concentracion-subaru-granada en Sierra Nevada","og_description":"III Concentraci\u00f3n Subaru Granada ha tenido lugar en Sierra Nevada y ha permitido a un centenar de subaristas granadinos disfrutar de una experiencia \u00fanica","og_url":"https:\/\/www.subaru.es\/blog\/subaru-lifestyle\/tercera-concentracion-subaru-granada\/","og_site_name":"Universo Subaru","article_publisher":"https:\/\/www.facebook.com\/subaruespana","article_published_time":"2017-03-27T16:30:11+00:00","article_modified_time":"2020-08-06T09:01:32+00:00","og_image":[{"width":1600,"height":900,"url":"https:\/\/www.subaru.es\/blog\/wp-content\/uploads\/2017\/03\/2017-03-26-9.jpg","type":"image\/jpeg"}],"author":"Subaru","twitter_card":"summary_large_image","twitter_misc":{"Escrito por":"Subaru","Tiempo de lectura":"3 minutos"},"schema":{"@context":"https:\/\/schema.org","@graph":[{"@type":"Article","@id":"https:\/\/www.subaru.es\/blog\/subaru-lifestyle\/tercera-concentracion-subaru-granada\/#article","isPartOf":{"@id":"https:\/\/www.subaru.es\/blog\/subaru-lifestyle\/tercera-concentracion-subaru-granada\/"},"author":{"name":"Subaru","@id":"https:\/\/www.subaru.es\/blog\/#\/schema\/person\/19a90b892230b8e0ec752704ddf4aa10"},"headline":"Un centenar de subaristas se re\u00fanen en Sierra Nevada","datePublished":"2017-03-27T16:30:11+00:00","dateModified":"2020-08-06T09:01:32+00:00","mainEntityOfPage":{"@id":"https:\/\/www.subaru.es\/blog\/subaru-lifestyle\/tercera-concentracion-subaru-granada\/"},"wordCount":598,"commentCount":0,"publisher":{"@id":"https:\/\/www.subaru.es\/blog\/#organization"},"image":{"@id":"https:\/\/www.subaru.es\/blog\/subaru-lifestyle\/tercera-concentracion-subaru-granada\/#primaryimage"},"thumbnailUrl":"https:\/\/www.subaru.es\/blog\/wp-content\/uploads\/2017\/03\/2017-03-26-9.jpg","keywords":["cita subarista","Concentraci\u00f3n Subaru Granada","concentraciones de subaristas","concesionarios","quedada","subariada","talleres oficiales"],"articleSection":["Subaru LifeStyle"],"inLanguage":"es","potentialAction":[{"@type":"CommentAction","name":"Comment","target":["https:\/\/www.subaru.es\/blog\/subaru-lifestyle\/tercera-concentracion-subaru-granada\/#respond"]}]},{"@type":"WebPage","@id":"https:\/\/www.subaru.es\/blog\/subaru-lifestyle\/tercera-concentracion-subaru-granada\/","url":"https:\/\/www.subaru.es\/blog\/subaru-lifestyle\/tercera-concentracion-subaru-granada\/","name":"tercera-concentracion-subaru-granada en Sierra Nevada","isPartOf":{"@id":"https:\/\/www.subaru.es\/blog\/#website"},"primaryImageOfPage":{"@id":"https:\/\/www.subaru.es\/blog\/subaru-lifestyle\/tercera-concentracion-subaru-granada\/#primaryimage"},"image":{"@id":"https:\/\/www.subaru.es\/blog\/subaru-lifestyle\/tercera-concentracion-subaru-granada\/#primaryimage"},"thumbnailUrl":"https:\/\/www.subaru.es\/blog\/wp-content\/uploads\/2017\/03\/2017-03-26-9.jpg","datePublished":"2017-03-27T16:30:11+00:00","dateModified":"2020-08-06T09:01:32+00:00","description":"III Concentraci\u00f3n Subaru Granada ha tenido lugar en Sierra Nevada y ha permitido a un centenar de subaristas granadinos disfrutar de una experiencia \u00fanica","breadcrumb":{"@id":"https:\/\/www.subaru.es\/blog\/subaru-lifestyle\/tercera-concentracion-subaru-granada\/#breadcrumb"},"inLanguage":"es","potentialAction":[{"@type":"ReadAction","target":["https:\/\/www.subaru.es\/blog\/subaru-lifestyle\/tercera-concentracion-subaru-granada\/"]}]},{"@type":"ImageObject","inLanguage":"es","@id":"https:\/\/www.subaru.es\/blog\/subaru-lifestyle\/tercera-concentracion-subaru-granada\/#primaryimage","url":"https:\/\/www.subaru.es\/blog\/wp-content\/uploads\/2017\/03\/2017-03-26-9.jpg","contentUrl":"https:\/\/www.subaru.es\/blog\/wp-content\/uploads\/2017\/03\/2017-03-26-9.jpg","width":1600,"height":900},{"@type":"BreadcrumbList","@id":"https:\/\/www.subaru.es\/blog\/subaru-lifestyle\/tercera-concentracion-subaru-granada\/#breadcrumb","itemListElement":[{"@type":"ListItem","position":1,"name":"Portada","item":"https:\/\/www.subaru.es\/blog\/"},{"@type":"ListItem","position":2,"name":"Un centenar de subaristas se re\u00fanen en Sierra Nevada"}]},{"@type":"WebSite","@id":"https:\/\/www.subaru.es\/blog\/#website","url":"https:\/\/www.subaru.es\/blog\/","name":"Universo Subaru","description":"Descubre este apasionante espacio de Subaru donde vas a conocer todo sobre nuestros coches y las experiencias que vivimos con ellos. Si est\u00e1s preparado para dejarte seducir por la filosof\u00eda Subaru, qu\u00e9date con nosotros.","publisher":{"@id":"https:\/\/www.subaru.es\/blog\/#organization"},"potentialAction":[{"@type":"SearchAction","target":{"@type":"EntryPoint","urlTemplate":"https:\/\/www.subaru.es\/blog\/?s={search_term_string}"},"query-input":{"@type":"PropertyValueSpecification","valueRequired":true,"valueName":"search_term_string"}}],"inLanguage":"es"},{"@type":"Organization","@id":"https:\/\/www.subaru.es\/blog\/#organization","name":"Subaru Espa\u00f1a S.A.","url":"https:\/\/www.subaru.es\/blog\/","logo":{"@type":"ImageObject","inLanguage":"es","@id":"https:\/\/www.subaru.es\/blog\/#\/schema\/logo\/image\/","url":"https:\/\/www.subaru.es\/blog\/wp-content\/uploads\/2016\/12\/Logo-Subaru-TypeV_C300-scaled.jpg","contentUrl":"https:\/\/www.subaru.es\/blog\/wp-content\/uploads\/2016\/12\/Logo-Subaru-TypeV_C300-scaled.jpg","width":2560,"height":1864,"caption":"Subaru Espa\u00f1a S.A."},"image":{"@id":"https:\/\/www.subaru.es\/blog\/#\/schema\/logo\/image\/"},"sameAs":["https:\/\/www.facebook.com\/subaruespana","https:\/\/www.instagram.com\/subarues\/","https:\/\/www.youtube.com\/user\/subaruespana"]},{"@type":"Person","@id":"https:\/\/www.subaru.es\/blog\/#\/schema\/person\/19a90b892230b8e0ec752704ddf4aa10","name":"Subaru","url":"https:\/\/www.subaru.es\/blog\/author\/subaria\/"}]}},"_links":{"self":[{"href":"https:\/\/www.subaru.es\/blog\/wp-json\/wp\/v2\/posts\/17284","targetHints":{"allow":["GET"]}}],"collection":[{"href":"https:\/\/www.subaru.es\/blog\/wp-json\/wp\/v2\/posts"}],"about":[{"href":"https:\/\/www.subaru.es\/blog\/wp-json\/wp\/v2\/types\/post"}],"author":[{"embeddable":true,"href":"https:\/\/www.subaru.es\/blog\/wp-json\/wp\/v2\/users\/21"}],"replies":[{"embeddable":true,"href":"https:\/\/www.subaru.es\/blog\/wp-json\/wp\/v2\/comments?post=17284"}],"version-history":[{"count":13,"href":"https:\/\/www.subaru.es\/blog\/wp-json\/wp\/v2\/posts\/17284\/revisions"}],"predecessor-version":[{"id":17304,"href":"https:\/\/www.subaru.es\/blog\/wp-json\/wp\/v2\/posts\/17284\/revisions\/17304"}],"wp:featuredmedia":[{"embeddable":true,"href":"https:\/\/www.subaru.es\/blog\/wp-json\/wp\/v2\/media\/17288"}],"wp:attachment":[{"href":"https:\/\/www.subaru.es\/blog\/wp-json\/wp\/v2\/media?parent=17284"}],"wp:term":[{"taxonomy":"category","embeddable":true,"href":"https:\/\/www.subaru.es\/blog\/wp-json\/wp\/v2\/categories?post=17284"},{"taxonomy":"post_tag","embeddable":true,"href":"https:\/\/www.subaru.es\/blog\/wp-json\/wp\/v2\/tags?post=17284"}],"curies":[{"name":"wp","href":"https:\/\/api.w.org\/{rel}","templated":true}]}}