{"id":16963,"date":"2017-02-24T12:28:37","date_gmt":"2017-02-24T10:28:37","guid":{"rendered":"http:\/\/www.subaru.es\/blog\/?p=16963"},"modified":"2017-02-27T08:15:45","modified_gmt":"2017-02-27T06:15:45","slug":"planes-subaru-futuro","status":"publish","type":"post","link":"https:\/\/www.subaru.es\/blog\/nuestra-marca\/planes-subaru-futuro\/","title":{"rendered":"\u00bfQu\u00e9 planea Subaru para el futuro?"},"content":{"rendered":"<p><strong><span style=\"color: #333333;\"><span style=\"font-family: Verdana, sans-serif;\"><span style=\"font-size: small;\"><b>En Subaru ponemos la tecnolog\u00eda al servicio de la innovaci\u00f3n, lo que marca el camino de nuestros coches del ma\u00f1ana. Por eso en nuestros prototipos de hoy el trabajo se centra en la optimizaci\u00f3n del sistema de inyecci\u00f3n directa de gasolina, en desarrollar los dispositivos de conectividad m\u00e1s eficaces, as\u00ed como en perfeccionar nuestro sistema de tracci\u00f3n total sim\u00e9trica AWD. Y, como siempre, en dotar a todos nuestros modelos de la m\u00e1xima seguridad activa y pasiva.<\/b><\/span><\/span><\/span><\/strong><\/p>\n<p><img decoding=\"async\" width=\"1231\" height=\"643\" class=\"aligncenter size-full wp-image-17013 lazyload\" data-src=\"https:\/\/www.subaru.es\/blog\/wp-content\/uploads\/2017\/02\/Subaru-prototipo-1.png\" alt=\"\" data-srcset=\"https:\/\/www.subaru.es\/blog\/wp-content\/uploads\/2017\/02\/Subaru-prototipo-1.png 1231w, https:\/\/www.subaru.es\/blog\/wp-content\/uploads\/2017\/02\/Subaru-prototipo-1-560x293.png 560w, https:\/\/www.subaru.es\/blog\/wp-content\/uploads\/2017\/02\/Subaru-prototipo-1-768x401.png 768w\" data-sizes=\"(max-width: 1231px) 100vw, 1231px\" src=\"data:image\/svg+xml;base64,PHN2ZyB3aWR0aD0iMSIgaGVpZ2h0PSIxIiB4bWxucz0iaHR0cDovL3d3dy53My5vcmcvMjAwMC9zdmciPjwvc3ZnPg==\" style=\"--smush-placeholder-width: 1231px; --smush-placeholder-aspect-ratio: 1231\/643;\" \/><\/p>\n<p><span style=\"font-family: Verdana, sans-serif; color: #000000;\"><span style=\"font-size: small;\">Desde nuestros or\u00edgenes siempre hemos buscado la mejora constante. Trabajamos en distintos prototipos y proyectos para incorporar nuevas tecnolog\u00edas y caracter\u00edsticas a nuestros modelos de calle. As\u00ed, creamos <strong>autom\u00f3viles conceptuales que son los encargados de sentar las bases de nuestros coches<\/strong> del futuro.<br \/>\n<\/span><\/span><\/p>\n<h3>ANTICIPANDO EL CAMINO DE LAS VERSIONES DEFINITIVAS<\/h3>\n<p><span style=\"color: #333333;\"><span style=\"font-family: Verdana, sans-serif;\"><span style=\"font-size: small;\">Uno de los mejores ejemplos de c\u00f3mo vemos el futuro es el<\/span><\/span><\/span><span style=\"color: #333333;\"><span style=\"font-family: Verdana, sans-serif;\"><span style=\"font-size: small;\">\u00a0<em>concept<\/em> VIZIV-7. Co<\/span><\/span><\/span><span style=\"color: #333333;\"><span style=\"font-family: Verdana, sans-serif;\"><span style=\"font-size: small;\">rresponde a un coche de grandes dimensiones. Se trata de un SUV de siete plazas con 5,2 metros de longitud, dos de ancho y 1,86 de alto.<\/span><\/span><\/span><span style=\"color: #333333;\"><span style=\"font-family: Verdana, sans-serif;\"><span style=\"font-size: small;\">\u00a0Con \u00e9l anticipamos c\u00f3mo queremos que sea nuestro pr\u00f3ximo gran todo camino<\/span><\/span><\/span><span style=\"color: #000000;\"><span style=\"font-family: Verdana, sans-serif;\"><span style=\"font-size: small;\">. Su dise\u00f1o\u00a0persigue involucrar emocionalmente al conductor y, por supuesto, a todos los que viajen junto a \u00e9l. \u00bfC\u00f3mo?\u00a0Mediante una<\/span><\/span><\/span><strong><span style=\"color: #000000;\"><span style=\"font-family: Verdana, sans-serif;\"><span style=\"font-size: small;\">\u00a0<\/span><\/span><\/span><\/strong><strong><span style=\"color: #000000;\"><span style=\"font-family: Verdana, sans-serif;\"><span style=\"font-size: small;\"><b>sensaci\u00f3n din\u00e1mica que va m\u00e1s all\u00e1 del alto rendimient<\/b><\/span><\/span><\/span><\/strong><span style=\"color: #000000;\"><span style=\"font-family: Verdana, sans-serif;\"><span style=\"font-size: small;\"><strong>o<\/strong>. Pod\u00e9is ver todos los detalles en el post<strong><a href=\"https:\/\/www.subaru.es\/blog\/motor\/nuevo-concept-viziv-7\/\"> &#8216;Subaru sorprende con su nuevo <em>concept<\/em> VIZIV&#8217;<\/a><\/strong>.<\/span><\/span><\/span><\/p>\n<p><img decoding=\"async\" width=\"1199\" height=\"674\" class=\"aligncenter size-full wp-image-16965 lazyload\" data-src=\"https:\/\/www.subaru.es\/blog\/wp-content\/uploads\/2017\/02\/Subaru-Futuro_LA.jpg\" alt=\"\" data-srcset=\"https:\/\/www.subaru.es\/blog\/wp-content\/uploads\/2017\/02\/Subaru-Futuro_LA.jpg 1199w, https:\/\/www.subaru.es\/blog\/wp-content\/uploads\/2017\/02\/Subaru-Futuro_LA-560x315.jpg 560w, https:\/\/www.subaru.es\/blog\/wp-content\/uploads\/2017\/02\/Subaru-Futuro_LA-768x432.jpg 768w\" data-sizes=\"(max-width: 1199px) 100vw, 1199px\" src=\"data:image\/svg+xml;base64,PHN2ZyB3aWR0aD0iMSIgaGVpZ2h0PSIxIiB4bWxucz0iaHR0cDovL3d3dy53My5vcmcvMjAwMC9zdmciPjwvc3ZnPg==\" style=\"--smush-placeholder-width: 1199px; --smush-placeholder-aspect-ratio: 1199\/674;\" \/><\/p>\n<style type=\"text\/css\">\n\t<!-- @page { margin: 2cm } P { margin-bottom: 0.21cm } A:link { so-language: zxx } --><br \/>\t<\/style>\n<p><span style=\"color: #000000;\"><span style=\"font-family: Verdana, sans-serif;\"><span style=\"font-size: small;\">El prototipo\u00a0<\/span><\/span><\/span><strong><span style=\"color: #000000;\"><span style=\"font-family: Verdana, sans-serif;\"><span style=\"font-size: small;\"><b>BRZ STI Sport Concept<\/b><\/span><\/span><\/span><\/strong><span style=\"color: #000000;\"><span style=\"font-family: Verdana, sans-serif;\"><span style=\"font-size: small;\">\u00a0tambi\u00e9n anticipa nuestro futuro. Incorpora atractivas novedades que le dan un toque a\u00fan m\u00e1s deportivo. Con llantas de 18 pulgadas de color negro y retrovisores del mismo color, incluye diferentes componentes aerodin\u00e1micos y una tapicer\u00eda de color rojo oscuro que causar\u00e1 sensaci\u00f3n. De igual modo, su nuevo aler\u00f3n en la parte trasera le confiere gran personalidad, adem\u00e1s de apoyo aerodin\u00e1mico. Presenta una imagen inconfundible. Como pod\u00e9is comprobar, <strong>va m\u00e1s all\u00e1 del reci\u00e9n renovado\u00a0<\/strong><\/span><\/span><\/span><strong><span style=\"color: #000000;\"><span style=\"font-family: Verdana, sans-serif;\"><span style=\"font-size: small;\"><b><a href=\"http:\/\/www.subaru.es\/vehiculos\/brz\">BRZ<\/a>\u00a0<\/b><\/span><\/span><\/span><\/strong><span style=\"color: #000000;\"><span style=\"font-family: Verdana, sans-serif;\"><span style=\"font-size: small;\">y pod\u00e9is verlo al detalle en <a href=\"https:\/\/www.youtube.com\/watch?v=P2wI_Sk7QSM\"><strong>este v\u00eddeo<\/strong><\/a><\/span><\/span><\/span><span style=\"color: #000000;\"><span style=\"font-family: Verdana, sans-serif;\"><span style=\"font-size: small;\">. \u00bfQu\u00e9 os parece?\u00a0<\/span><\/span><\/span><\/p>\n<p><span style=\"color: #000000;\"><span style=\"font-family: Verdana, sans-serif;\"><span style=\"font-size: small;\">Otro de nuestros prototipos que m\u00e1s sensaci\u00f3n ha causado, por lo que aporta al conjunto de la industria de automoci\u00f3n, es el\u00a0<\/span><\/span><\/span><strong><span style=\"color: #000000;\"><span style=\"font-family: Verdana, sans-serif;\"><span style=\"font-size: small;\"><b>WRX S4 STI Concept.<\/b><\/span><\/span><\/span><\/strong><span style=\"color: #000000;\"><span style=\"font-family: Verdana, sans-serif;\"><span style=\"font-size: small;\">\u00a0<\/span><\/span><\/span><strong><span style=\"color: #000000;\"><span style=\"font-family: Verdana, sans-serif;\"><span style=\"font-size: small;\"><b>M\u00e1s potencia del motor y mejor rendimiento<\/b><\/span><\/span><\/span><\/strong><span style=\"color: #000000;\"><span style=\"font-family: Verdana, sans-serif;\"><span style=\"font-size: small;\">\u00a0son los distintivos de esta creaci\u00f3n. Incluye adem\u00e1s un nuevo silenciador y un parachoques especial. Tambi\u00e9n merece especial atenci\u00f3n el\u00a0<\/span><\/span><\/span><strong><span style=\"color: #000000;\"><span style=\"font-family: Verdana, sans-serif;\"><span style=\"font-size: small;\"><b>Levorg STI Concept STI Performance<\/b><\/span><\/span><\/span><\/strong><span style=\"color: #000000;\"><span style=\"font-family: Verdana, sans-serif;\"><span style=\"font-size: small;\">. Constituye otra\u00a0de las l\u00edneas que nuestra marca est\u00e1 desarrollando de cara al futuro, si bien introduce componentes STI Performance ya disponibles, como un sistema de escape deportivo (est\u00e9tica y auditivamente) y un paquete aerodin\u00e1mico exclusivo.<\/span><\/span><\/span><\/p>\n<h3>LA CUENTA ATR\u00c1S HA COMENZADO<\/h3>\n<p><strong><span style=\"color: #333333;\"><span style=\"font-family: Verdana, sans-serif;\"><span style=\"font-size: small;\"><b>Hace muy pocos d\u00edas que hemos visto la l\u00edneas preliminares del nuevo Subaru XV.<\/b><\/span><\/span><\/span><\/strong><span style=\"color: #333333;\"><span style=\"font-family: Verdana, sans-serif;\"><span style=\"font-size: small;\"> Har\u00e1 su debut mundial en el inminente Sal\u00f3n de Ginebra<\/span><\/span><\/span><span style=\"color: #333333;\"><span style=\"font-family: Verdana, sans-serif;\"><span style=\"font-size: small;\">. Para la ocasi\u00f3n, hemos iniciado una cuenta atr\u00e1s que pod\u00e9is seguir <a href=\"http:\/\/www.subaru-global.com\/ms2017\/geneva\/\"><strong>aqu\u00ed<\/strong><\/a><\/span><\/span><\/span><span style=\"color: #333333;\"><span style=\"font-family: Verdana, sans-serif;\"><span style=\"font-size: small;\">. La expectaci\u00f3n es m\u00e1xima ante la evoluci\u00f3n de nuestro SUV All Wheel Drive m\u00e1s vendido en Espa\u00f1a, tal y como os contamos en <a href=\"https:\/\/www.subaru.es\/blog\/nuestra-marca\/nuevo-subaru-xv-debutara-en-ginebra\/\"><strong>este post<\/strong><\/a><\/span><\/span><\/span><span style=\"color: #333333;\"><span style=\"font-family: Verdana, sans-serif;\"><span style=\"font-size: small;\">. Tiene buena pinta, \u00bfverdad? Ver\u00e9is que recoge muchas de las novedades avanzadas en algunos de nuestros arquetipos.<\/span><\/span><\/span><\/p>\n<p><a href=\"http:\/\/www.subaru-global.com\/ms2017\/geneva\/\"><img decoding=\"async\" width=\"1241\" height=\"538\" class=\"aligncenter size-full wp-image-17003 lazyload\" data-src=\"https:\/\/www.subaru.es\/blog\/wp-content\/uploads\/2017\/02\/New-Subaru-XV.png\" alt=\"\" data-srcset=\"https:\/\/www.subaru.es\/blog\/wp-content\/uploads\/2017\/02\/New-Subaru-XV.png 1241w, https:\/\/www.subaru.es\/blog\/wp-content\/uploads\/2017\/02\/New-Subaru-XV-560x243.png 560w, https:\/\/www.subaru.es\/blog\/wp-content\/uploads\/2017\/02\/New-Subaru-XV-768x333.png 768w\" data-sizes=\"(max-width: 1241px) 100vw, 1241px\" src=\"data:image\/svg+xml;base64,PHN2ZyB3aWR0aD0iMSIgaGVpZ2h0PSIxIiB4bWxucz0iaHR0cDovL3d3dy53My5vcmcvMjAwMC9zdmciPjwvc3ZnPg==\" style=\"--smush-placeholder-width: 1241px; --smush-placeholder-aspect-ratio: 1241\/538;\" \/><\/a><\/p>\n<p><span style=\"color: #000000;\"><span style=\"font-family: Verdana, sans-serif;\"><span style=\"font-size: small;\">Y convencidos de que es importante continuar innovando y mejorando todos nuestros modelos, hemos trabajado para optimizar el\u00a0<\/span><\/span><\/span><span style=\"color: #000000;\"><span style=\"font-family: Verdana, sans-serif;\"><span style=\"font-size: small;\">Impreza G4<\/span><\/span><\/span><span style=\"color: #000000;\"><span style=\"font-family: Verdana, sans-serif;\"><span style=\"font-size: small;\">. Est\u00e1 equipado con un motor de <strong>cuatro cilindros e inyecci\u00f3n directa para ahorrar combustible al m\u00e1ximo<\/strong>. Su dise\u00f1o muestra un techo ligeramente m\u00e1s bajo y una cabina m\u00e1s ancha. Y por supuesto, cuenta con nuestra\u00a0<\/span><\/span><\/span><span style=\"color: #000000;\"><span style=\"font-family: Verdana, sans-serif;\"><span style=\"font-size: small;\">tecnolog\u00eda EyeSight<\/span><\/span><\/span><span style=\"color: #000000;\"><span style=\"font-family: Verdana, sans-serif;\"><span style=\"font-size: small;\">\u00a0para una mayor seguridad. Pod\u00e9is pinchar en <a href=\"https:\/\/www.subaru.es\/blog\/nuestra-marca\/subaru-da-un-paso-mas-en-materia-de-seguridad-preventiva-con-la-tercera-version-del-sistema-eyesight\/\"><strong>este enlace<\/strong><\/a>\u00a0<\/span><\/span><\/span><span style=\"color: #000000;\"><span style=\"font-family: Verdana, sans-serif;\"><span style=\"font-size: small;\">a nuestro blog para conocer m\u00e1s sobre ella. Seguro que no os dejar\u00e1 indiferentes.<\/span><\/span><\/span><\/p>\n<p><span style=\"color: #000000;\"><span style=\"font-family: Verdana, sans-serif;\"><span style=\"font-size: small;\">Tambi\u00e9n\u00a0<\/span><\/span><\/span><span style=\"color: #000000;\"><span style=\"font-family: Verdana, sans-serif;\"><span style=\"font-size: small;\">en el Legacy 2018 hemos dado <strong>muestra de la tecnolog\u00eda m\u00e1s vanguardista que adelantamos en nuestros prototipos<\/strong><\/span><\/span><\/span><span style=\"color: #000000;\"><span style=\"font-family: Verdana, sans-serif;\"><span style=\"font-size: small;\">. Destaca la incorporaci\u00f3n de una pantalla t\u00e1ctil de 6,5 pulgadas con la \u00faltima generaci\u00f3n del sistema de informaci\u00f3n y entretenimiento <a href=\"http:\/\/www.subaru.com\/engineering\/starlink.html\"><strong>StarLink<\/strong><\/a><\/span><\/span><\/span><span style=\"color: #000000;\"><span style=\"font-family: Verdana, sans-serif;\"><span style=\"font-size: small;\">. Llama la atenci\u00f3n\u00a0la mejora del sistema de seguridad, todo un aliciente\u00a0para los conductores. Agudizan su elegancia sus redise\u00f1ados parachoques delantero y trasero, adem\u00e1s de contribuir a reducir el ruido del viento al mejorar su aerodin\u00e1mica. En <a href=\"https:\/\/www.youtube.com\/watch?v=myPzS6POfMU\"><strong>este canal<\/strong><\/a>\u00a0<\/span><\/span><\/span><span style=\"color: #000000;\"><span style=\"font-family: Verdana, sans-serif;\"><span style=\"font-size: small;\">de Youtube pod\u00e9is conocer m\u00e1s al detalle\u00a0todas sus mejoras.\u00a0<\/span><\/span><\/span><\/p>\n<p><img decoding=\"async\" width=\"2389\" height=\"635\" class=\"aligncenter size-full wp-image-17009 lazyload\" data-src=\"https:\/\/www.subaru.es\/blog\/wp-content\/uploads\/2017\/02\/Subaru-prototipos.png\" alt=\"\" data-srcset=\"https:\/\/www.subaru.es\/blog\/wp-content\/uploads\/2017\/02\/Subaru-prototipos.png 2389w, https:\/\/www.subaru.es\/blog\/wp-content\/uploads\/2017\/02\/Subaru-prototipos-560x149.png 560w, https:\/\/www.subaru.es\/blog\/wp-content\/uploads\/2017\/02\/Subaru-prototipos-1440x383.png 1440w, https:\/\/www.subaru.es\/blog\/wp-content\/uploads\/2017\/02\/Subaru-prototipos-768x204.png 768w, https:\/\/www.subaru.es\/blog\/wp-content\/uploads\/2017\/02\/Subaru-prototipos-1536x408.png 1536w, https:\/\/www.subaru.es\/blog\/wp-content\/uploads\/2017\/02\/Subaru-prototipos-2048x544.png 2048w\" data-sizes=\"(max-width: 2389px) 100vw, 2389px\" src=\"data:image\/svg+xml;base64,PHN2ZyB3aWR0aD0iMSIgaGVpZ2h0PSIxIiB4bWxucz0iaHR0cDovL3d3dy53My5vcmcvMjAwMC9zdmciPjwvc3ZnPg==\" style=\"--smush-placeholder-width: 2389px; --smush-placeholder-aspect-ratio: 2389\/635;\" \/><\/p>\n<p><span style=\"font-family: Verdana, sans-serif;\"><span style=\"font-size: small;\"><span style=\"color: #333333;\">En definitiva, queremos que todos nuestros prototipos no se queden en meros conceptos. Est\u00e1n ideados para convertirse en modelos de producci\u00f3n. Como os dec\u00edamos, <strong>e<\/strong><\/span><strong><span style=\"color: #333333;\"><b>l futuro es prometedor, lo sabemos porque ya estamos trabajando en \u00e9l.<\/b><\/span><\/strong> <\/span><\/span><\/p>\n<p>&nbsp;<\/p>\n<p>&nbsp;<\/p>\n","protected":false},"excerpt":{"rendered":"<p>En Subaru ponemos la tecnolog\u00eda al servicio de la innovaci\u00f3n, lo que marca el camino de nuestros coches del ma\u00f1ana. Por eso en nuestros prototipos de hoy el trabajo se centra en la optimizaci\u00f3n del sistema de inyecci\u00f3n directa de gasolina, en desarrollar los dispositivos de conectividad m\u00e1s eficaces, as\u00ed como en perfeccionar nuestro sistema de tracci\u00f3n total sim\u00e9trica AWD. Y, como siempre, en dotar a todos nuestros modelos de la m\u00e1xima seguridad activa y pasiva.<\/p>\n","protected":false},"author":21,"featured_media":17025,"comment_status":"open","ping_status":"closed","sticky":false,"template":"","format":"standard","meta":{"_acf_changed":false,"_eb_attr":"","inline_featured_image":false,"footnotes":""},"categories":[4401],"tags":[3900,4406,951,3667,139,134,4414,1471,659,176,1729,1735,4398,2305,1407,820],"class_list":["post-16963","post","type-post","status-publish","format-standard","has-post-thumbnail","hentry","category-nuestra-marca","tag-brz","tag-concept-viziv-7","tag-futuro","tag-impreza-g4","tag-innovacion","tag-legacy","tag-levorg","tag-prototipo","tag-salon-automovil","tag-salon-de-ginebra","tag-sistema-awd","tag-subaru-wrx-sti","tag-subaru-xv","tag-suv-compacto","tag-symmetrical-all-wheel-drive","tag-tecnologia"],"acf":[],"yoast_head":"<!-- This site is optimized with the Yoast SEO plugin v27.3 - https:\/\/yoast.com\/product\/yoast-seo-wordpress\/ -->\n<title>\u00bfQuieres saber lo que prepara Subaru para el futuro?<\/title>\n<meta name=\"description\" content=\"Subaru tiene siempre la mirada dirigida hacia el futuro. La tecnolog\u00eda puesta al servicio de la innovaci\u00f3n marca el camino de nuestros coches del ma\u00f1ana.\" \/>\n<meta name=\"robots\" content=\"index, follow, max-snippet:-1, max-image-preview:large, max-video-preview:-1\" \/>\n<link rel=\"canonical\" href=\"https:\/\/www.subaru.es\/blog\/nuestra-marca\/planes-subaru-futuro\/\" \/>\n<meta property=\"og:locale\" content=\"es_ES\" \/>\n<meta property=\"og:type\" content=\"article\" \/>\n<meta property=\"og:title\" content=\"\u00bfQuieres saber lo que prepara Subaru para el futuro?\" \/>\n<meta property=\"og:description\" content=\"Subaru tiene siempre la mirada dirigida hacia el futuro. La tecnolog\u00eda puesta al servicio de la innovaci\u00f3n marca el camino de nuestros coches del ma\u00f1ana.\" \/>\n<meta property=\"og:url\" content=\"https:\/\/www.subaru.es\/blog\/nuestra-marca\/planes-subaru-futuro\/\" \/>\n<meta property=\"og:site_name\" content=\"Universo Subaru\" \/>\n<meta property=\"article:publisher\" content=\"https:\/\/www.facebook.com\/subaruespana\" \/>\n<meta property=\"article:published_time\" content=\"2017-02-24T10:28:37+00:00\" \/>\n<meta property=\"article:modified_time\" content=\"2017-02-27T06:15:45+00:00\" \/>\n<meta property=\"og:image\" content=\"https:\/\/www.subaru.es\/blog\/wp-content\/uploads\/2017\/02\/Subaru-prototipo.jpg\" \/>\n\t<meta property=\"og:image:width\" content=\"1200\" \/>\n\t<meta property=\"og:image:height\" content=\"788\" \/>\n\t<meta property=\"og:image:type\" content=\"image\/jpeg\" \/>\n<meta name=\"author\" content=\"Subaru\" \/>\n<meta name=\"twitter:card\" content=\"summary_large_image\" \/>\n<meta name=\"twitter:label1\" content=\"Escrito por\" \/>\n\t<meta name=\"twitter:data1\" content=\"Subaru\" \/>\n\t<meta name=\"twitter:label2\" content=\"Tiempo de lectura\" \/>\n\t<meta name=\"twitter:data2\" content=\"4 minutos\" \/>\n<script type=\"application\/ld+json\" class=\"yoast-schema-graph\">{\"@context\":\"https:\\\/\\\/schema.org\",\"@graph\":[{\"@type\":\"Article\",\"@id\":\"https:\\\/\\\/www.subaru.es\\\/blog\\\/nuestra-marca\\\/planes-subaru-futuro\\\/#article\",\"isPartOf\":{\"@id\":\"https:\\\/\\\/www.subaru.es\\\/blog\\\/nuestra-marca\\\/planes-subaru-futuro\\\/\"},\"author\":{\"name\":\"Subaru\",\"@id\":\"https:\\\/\\\/www.subaru.es\\\/blog\\\/#\\\/schema\\\/person\\\/19a90b892230b8e0ec752704ddf4aa10\"},\"headline\":\"\u00bfQu\u00e9 planea Subaru para el futuro?\",\"datePublished\":\"2017-02-24T10:28:37+00:00\",\"dateModified\":\"2017-02-27T06:15:45+00:00\",\"mainEntityOfPage\":{\"@id\":\"https:\\\/\\\/www.subaru.es\\\/blog\\\/nuestra-marca\\\/planes-subaru-futuro\\\/\"},\"wordCount\":787,\"commentCount\":2,\"publisher\":{\"@id\":\"https:\\\/\\\/www.subaru.es\\\/blog\\\/#organization\"},\"image\":{\"@id\":\"https:\\\/\\\/www.subaru.es\\\/blog\\\/nuestra-marca\\\/planes-subaru-futuro\\\/#primaryimage\"},\"thumbnailUrl\":\"https:\\\/\\\/www.subaru.es\\\/blog\\\/wp-content\\\/uploads\\\/2017\\\/02\\\/Subaru-prototipo.jpg\",\"keywords\":[\"BRZ\",\"concept VIZIV-7\",\"futuro\",\"impreza g4\",\"innovaci\u00f3n\",\"legacy\",\"Levorg\",\"prototipo\",\"sal\u00f3n autom\u00f3vil\",\"salon de ginebra\",\"sistema AWD\",\"Subaru WRX STI\",\"Subaru XV\",\"SUV compacto\",\"symmetrical all wheel drive\",\"tecnolog\u00eda\"],\"articleSection\":[\"Nuestra marca\"],\"inLanguage\":\"es\",\"potentialAction\":[{\"@type\":\"CommentAction\",\"name\":\"Comment\",\"target\":[\"https:\\\/\\\/www.subaru.es\\\/blog\\\/nuestra-marca\\\/planes-subaru-futuro\\\/#respond\"]}]},{\"@type\":\"WebPage\",\"@id\":\"https:\\\/\\\/www.subaru.es\\\/blog\\\/nuestra-marca\\\/planes-subaru-futuro\\\/\",\"url\":\"https:\\\/\\\/www.subaru.es\\\/blog\\\/nuestra-marca\\\/planes-subaru-futuro\\\/\",\"name\":\"\u00bfQuieres saber lo que prepara Subaru para el futuro?\",\"isPartOf\":{\"@id\":\"https:\\\/\\\/www.subaru.es\\\/blog\\\/#website\"},\"primaryImageOfPage\":{\"@id\":\"https:\\\/\\\/www.subaru.es\\\/blog\\\/nuestra-marca\\\/planes-subaru-futuro\\\/#primaryimage\"},\"image\":{\"@id\":\"https:\\\/\\\/www.subaru.es\\\/blog\\\/nuestra-marca\\\/planes-subaru-futuro\\\/#primaryimage\"},\"thumbnailUrl\":\"https:\\\/\\\/www.subaru.es\\\/blog\\\/wp-content\\\/uploads\\\/2017\\\/02\\\/Subaru-prototipo.jpg\",\"datePublished\":\"2017-02-24T10:28:37+00:00\",\"dateModified\":\"2017-02-27T06:15:45+00:00\",\"description\":\"Subaru tiene siempre la mirada dirigida hacia el futuro. La tecnolog\u00eda puesta al servicio de la innovaci\u00f3n marca el camino de nuestros coches del ma\u00f1ana.\",\"breadcrumb\":{\"@id\":\"https:\\\/\\\/www.subaru.es\\\/blog\\\/nuestra-marca\\\/planes-subaru-futuro\\\/#breadcrumb\"},\"inLanguage\":\"es\",\"potentialAction\":[{\"@type\":\"ReadAction\",\"target\":[\"https:\\\/\\\/www.subaru.es\\\/blog\\\/nuestra-marca\\\/planes-subaru-futuro\\\/\"]}]},{\"@type\":\"ImageObject\",\"inLanguage\":\"es\",\"@id\":\"https:\\\/\\\/www.subaru.es\\\/blog\\\/nuestra-marca\\\/planes-subaru-futuro\\\/#primaryimage\",\"url\":\"https:\\\/\\\/www.subaru.es\\\/blog\\\/wp-content\\\/uploads\\\/2017\\\/02\\\/Subaru-prototipo.jpg\",\"contentUrl\":\"https:\\\/\\\/www.subaru.es\\\/blog\\\/wp-content\\\/uploads\\\/2017\\\/02\\\/Subaru-prototipo.jpg\",\"width\":1200,\"height\":788},{\"@type\":\"BreadcrumbList\",\"@id\":\"https:\\\/\\\/www.subaru.es\\\/blog\\\/nuestra-marca\\\/planes-subaru-futuro\\\/#breadcrumb\",\"itemListElement\":[{\"@type\":\"ListItem\",\"position\":1,\"name\":\"Portada\",\"item\":\"https:\\\/\\\/www.subaru.es\\\/blog\\\/\"},{\"@type\":\"ListItem\",\"position\":2,\"name\":\"\u00bfQu\u00e9 planea Subaru para el futuro?\"}]},{\"@type\":\"WebSite\",\"@id\":\"https:\\\/\\\/www.subaru.es\\\/blog\\\/#website\",\"url\":\"https:\\\/\\\/www.subaru.es\\\/blog\\\/\",\"name\":\"Universo Subaru\",\"description\":\"Descubre este apasionante espacio de Subaru donde vas a conocer todo sobre nuestros coches y las experiencias que vivimos con ellos. Si est\u00e1s preparado para dejarte seducir por la filosof\u00eda Subaru, qu\u00e9date con nosotros.\",\"publisher\":{\"@id\":\"https:\\\/\\\/www.subaru.es\\\/blog\\\/#organization\"},\"potentialAction\":[{\"@type\":\"SearchAction\",\"target\":{\"@type\":\"EntryPoint\",\"urlTemplate\":\"https:\\\/\\\/www.subaru.es\\\/blog\\\/?s={search_term_string}\"},\"query-input\":{\"@type\":\"PropertyValueSpecification\",\"valueRequired\":true,\"valueName\":\"search_term_string\"}}],\"inLanguage\":\"es\"},{\"@type\":\"Organization\",\"@id\":\"https:\\\/\\\/www.subaru.es\\\/blog\\\/#organization\",\"name\":\"Subaru Espa\u00f1a S.A.\",\"url\":\"https:\\\/\\\/www.subaru.es\\\/blog\\\/\",\"logo\":{\"@type\":\"ImageObject\",\"inLanguage\":\"es\",\"@id\":\"https:\\\/\\\/www.subaru.es\\\/blog\\\/#\\\/schema\\\/logo\\\/image\\\/\",\"url\":\"https:\\\/\\\/www.subaru.es\\\/blog\\\/wp-content\\\/uploads\\\/2016\\\/12\\\/Logo-Subaru-TypeV_C300-scaled.jpg\",\"contentUrl\":\"https:\\\/\\\/www.subaru.es\\\/blog\\\/wp-content\\\/uploads\\\/2016\\\/12\\\/Logo-Subaru-TypeV_C300-scaled.jpg\",\"width\":2560,\"height\":1864,\"caption\":\"Subaru Espa\u00f1a S.A.\"},\"image\":{\"@id\":\"https:\\\/\\\/www.subaru.es\\\/blog\\\/#\\\/schema\\\/logo\\\/image\\\/\"},\"sameAs\":[\"https:\\\/\\\/www.facebook.com\\\/subaruespana\",\"https:\\\/\\\/www.instagram.com\\\/subarues\\\/\",\"https:\\\/\\\/www.youtube.com\\\/user\\\/subaruespana\"]},{\"@type\":\"Person\",\"@id\":\"https:\\\/\\\/www.subaru.es\\\/blog\\\/#\\\/schema\\\/person\\\/19a90b892230b8e0ec752704ddf4aa10\",\"name\":\"Subaru\",\"url\":\"https:\\\/\\\/www.subaru.es\\\/blog\\\/author\\\/subaria\\\/\"}]}<\/script>\n<!-- \/ Yoast SEO plugin. -->","yoast_head_json":{"title":"\u00bfQuieres saber lo que prepara Subaru para el futuro?","description":"Subaru tiene siempre la mirada dirigida hacia el futuro. La tecnolog\u00eda puesta al servicio de la innovaci\u00f3n marca el camino de nuestros coches del ma\u00f1ana.","robots":{"index":"index","follow":"follow","max-snippet":"max-snippet:-1","max-image-preview":"max-image-preview:large","max-video-preview":"max-video-preview:-1"},"canonical":"https:\/\/www.subaru.es\/blog\/nuestra-marca\/planes-subaru-futuro\/","og_locale":"es_ES","og_type":"article","og_title":"\u00bfQuieres saber lo que prepara Subaru para el futuro?","og_description":"Subaru tiene siempre la mirada dirigida hacia el futuro. La tecnolog\u00eda puesta al servicio de la innovaci\u00f3n marca el camino de nuestros coches del ma\u00f1ana.","og_url":"https:\/\/www.subaru.es\/blog\/nuestra-marca\/planes-subaru-futuro\/","og_site_name":"Universo Subaru","article_publisher":"https:\/\/www.facebook.com\/subaruespana","article_published_time":"2017-02-24T10:28:37+00:00","article_modified_time":"2017-02-27T06:15:45+00:00","og_image":[{"width":1200,"height":788,"url":"https:\/\/www.subaru.es\/blog\/wp-content\/uploads\/2017\/02\/Subaru-prototipo.jpg","type":"image\/jpeg"}],"author":"Subaru","twitter_card":"summary_large_image","twitter_misc":{"Escrito por":"Subaru","Tiempo de lectura":"4 minutos"},"schema":{"@context":"https:\/\/schema.org","@graph":[{"@type":"Article","@id":"https:\/\/www.subaru.es\/blog\/nuestra-marca\/planes-subaru-futuro\/#article","isPartOf":{"@id":"https:\/\/www.subaru.es\/blog\/nuestra-marca\/planes-subaru-futuro\/"},"author":{"name":"Subaru","@id":"https:\/\/www.subaru.es\/blog\/#\/schema\/person\/19a90b892230b8e0ec752704ddf4aa10"},"headline":"\u00bfQu\u00e9 planea Subaru para el futuro?","datePublished":"2017-02-24T10:28:37+00:00","dateModified":"2017-02-27T06:15:45+00:00","mainEntityOfPage":{"@id":"https:\/\/www.subaru.es\/blog\/nuestra-marca\/planes-subaru-futuro\/"},"wordCount":787,"commentCount":2,"publisher":{"@id":"https:\/\/www.subaru.es\/blog\/#organization"},"image":{"@id":"https:\/\/www.subaru.es\/blog\/nuestra-marca\/planes-subaru-futuro\/#primaryimage"},"thumbnailUrl":"https:\/\/www.subaru.es\/blog\/wp-content\/uploads\/2017\/02\/Subaru-prototipo.jpg","keywords":["BRZ","concept VIZIV-7","futuro","impreza g4","innovaci\u00f3n","legacy","Levorg","prototipo","sal\u00f3n autom\u00f3vil","salon de ginebra","sistema AWD","Subaru WRX STI","Subaru XV","SUV compacto","symmetrical all wheel drive","tecnolog\u00eda"],"articleSection":["Nuestra marca"],"inLanguage":"es","potentialAction":[{"@type":"CommentAction","name":"Comment","target":["https:\/\/www.subaru.es\/blog\/nuestra-marca\/planes-subaru-futuro\/#respond"]}]},{"@type":"WebPage","@id":"https:\/\/www.subaru.es\/blog\/nuestra-marca\/planes-subaru-futuro\/","url":"https:\/\/www.subaru.es\/blog\/nuestra-marca\/planes-subaru-futuro\/","name":"\u00bfQuieres saber lo que prepara Subaru para el futuro?","isPartOf":{"@id":"https:\/\/www.subaru.es\/blog\/#website"},"primaryImageOfPage":{"@id":"https:\/\/www.subaru.es\/blog\/nuestra-marca\/planes-subaru-futuro\/#primaryimage"},"image":{"@id":"https:\/\/www.subaru.es\/blog\/nuestra-marca\/planes-subaru-futuro\/#primaryimage"},"thumbnailUrl":"https:\/\/www.subaru.es\/blog\/wp-content\/uploads\/2017\/02\/Subaru-prototipo.jpg","datePublished":"2017-02-24T10:28:37+00:00","dateModified":"2017-02-27T06:15:45+00:00","description":"Subaru tiene siempre la mirada dirigida hacia el futuro. La tecnolog\u00eda puesta al servicio de la innovaci\u00f3n marca el camino de nuestros coches del ma\u00f1ana.","breadcrumb":{"@id":"https:\/\/www.subaru.es\/blog\/nuestra-marca\/planes-subaru-futuro\/#breadcrumb"},"inLanguage":"es","potentialAction":[{"@type":"ReadAction","target":["https:\/\/www.subaru.es\/blog\/nuestra-marca\/planes-subaru-futuro\/"]}]},{"@type":"ImageObject","inLanguage":"es","@id":"https:\/\/www.subaru.es\/blog\/nuestra-marca\/planes-subaru-futuro\/#primaryimage","url":"https:\/\/www.subaru.es\/blog\/wp-content\/uploads\/2017\/02\/Subaru-prototipo.jpg","contentUrl":"https:\/\/www.subaru.es\/blog\/wp-content\/uploads\/2017\/02\/Subaru-prototipo.jpg","width":1200,"height":788},{"@type":"BreadcrumbList","@id":"https:\/\/www.subaru.es\/blog\/nuestra-marca\/planes-subaru-futuro\/#breadcrumb","itemListElement":[{"@type":"ListItem","position":1,"name":"Portada","item":"https:\/\/www.subaru.es\/blog\/"},{"@type":"ListItem","position":2,"name":"\u00bfQu\u00e9 planea Subaru para el futuro?"}]},{"@type":"WebSite","@id":"https:\/\/www.subaru.es\/blog\/#website","url":"https:\/\/www.subaru.es\/blog\/","name":"Universo Subaru","description":"Descubre este apasionante espacio de Subaru donde vas a conocer todo sobre nuestros coches y las experiencias que vivimos con ellos. Si est\u00e1s preparado para dejarte seducir por la filosof\u00eda Subaru, qu\u00e9date con nosotros.","publisher":{"@id":"https:\/\/www.subaru.es\/blog\/#organization"},"potentialAction":[{"@type":"SearchAction","target":{"@type":"EntryPoint","urlTemplate":"https:\/\/www.subaru.es\/blog\/?s={search_term_string}"},"query-input":{"@type":"PropertyValueSpecification","valueRequired":true,"valueName":"search_term_string"}}],"inLanguage":"es"},{"@type":"Organization","@id":"https:\/\/www.subaru.es\/blog\/#organization","name":"Subaru Espa\u00f1a S.A.","url":"https:\/\/www.subaru.es\/blog\/","logo":{"@type":"ImageObject","inLanguage":"es","@id":"https:\/\/www.subaru.es\/blog\/#\/schema\/logo\/image\/","url":"https:\/\/www.subaru.es\/blog\/wp-content\/uploads\/2016\/12\/Logo-Subaru-TypeV_C300-scaled.jpg","contentUrl":"https:\/\/www.subaru.es\/blog\/wp-content\/uploads\/2016\/12\/Logo-Subaru-TypeV_C300-scaled.jpg","width":2560,"height":1864,"caption":"Subaru Espa\u00f1a S.A."},"image":{"@id":"https:\/\/www.subaru.es\/blog\/#\/schema\/logo\/image\/"},"sameAs":["https:\/\/www.facebook.com\/subaruespana","https:\/\/www.instagram.com\/subarues\/","https:\/\/www.youtube.com\/user\/subaruespana"]},{"@type":"Person","@id":"https:\/\/www.subaru.es\/blog\/#\/schema\/person\/19a90b892230b8e0ec752704ddf4aa10","name":"Subaru","url":"https:\/\/www.subaru.es\/blog\/author\/subaria\/"}]}},"_links":{"self":[{"href":"https:\/\/www.subaru.es\/blog\/wp-json\/wp\/v2\/posts\/16963","targetHints":{"allow":["GET"]}}],"collection":[{"href":"https:\/\/www.subaru.es\/blog\/wp-json\/wp\/v2\/posts"}],"about":[{"href":"https:\/\/www.subaru.es\/blog\/wp-json\/wp\/v2\/types\/post"}],"author":[{"embeddable":true,"href":"https:\/\/www.subaru.es\/blog\/wp-json\/wp\/v2\/users\/21"}],"replies":[{"embeddable":true,"href":"https:\/\/www.subaru.es\/blog\/wp-json\/wp\/v2\/comments?post=16963"}],"version-history":[{"count":50,"href":"https:\/\/www.subaru.es\/blog\/wp-json\/wp\/v2\/posts\/16963\/revisions"}],"predecessor-version":[{"id":17039,"href":"https:\/\/www.subaru.es\/blog\/wp-json\/wp\/v2\/posts\/16963\/revisions\/17039"}],"wp:featuredmedia":[{"embeddable":true,"href":"https:\/\/www.subaru.es\/blog\/wp-json\/wp\/v2\/media\/17025"}],"wp:attachment":[{"href":"https:\/\/www.subaru.es\/blog\/wp-json\/wp\/v2\/media?parent=16963"}],"wp:term":[{"taxonomy":"category","embeddable":true,"href":"https:\/\/www.subaru.es\/blog\/wp-json\/wp\/v2\/categories?post=16963"},{"taxonomy":"post_tag","embeddable":true,"href":"https:\/\/www.subaru.es\/blog\/wp-json\/wp\/v2\/tags?post=16963"}],"curies":[{"name":"wp","href":"https:\/\/api.w.org\/{rel}","templated":true}]}}