{"id":168,"date":"2007-09-29T14:02:36","date_gmt":"2007-09-29T12:02:36","guid":{"rendered":"http:\/\/subaru.preproduccion.com\/blog\/wp-content\/2007\/09\/29\/impreza-tierras-cantabras\/"},"modified":"2016-10-17T10:48:27","modified_gmt":"2016-10-17T08:48:27","slug":"impreza-tierras-cantabras","status":"publish","type":"post","link":"https:\/\/www.subaru.es\/blog\/nuestra-marca\/impreza-tierras-cantabras\/","title":{"rendered":"El Impreza en tierras c\u00e1ntabras"},"content":{"rendered":"<p><strong>Subaru<\/strong> escogi\u00f3 <strong>Santander<\/strong> y sus reviradas carreteras para la presentaci\u00f3n nacional del nuevo Impreza, a la que no falt\u00e9.<br \/>\nAdem\u00e1s de los modelos 1.5 y 2.0, pude tomar contacto brevemente <strong>\u00a1con la versi\u00f3n WRX!<\/strong>, que dejo para el siguiente post.<br \/>\nAs\u00ed que ag\u00e1rrate que vienen curvas.<\/p>\n<p><center><img data-src='https:\/\/www.subaru.es\/blog\/wp-content\/uploads\/2007\/09\/impreza-hotel.jpg' alt='Subaru Impreza, a la puerta del hotel' src='data:image\/svg+xml;base64,PHN2ZyB3aWR0aD0iMSIgaGVpZ2h0PSIxIiB4bWxucz0iaHR0cDovL3d3dy53My5vcmcvMjAwMC9zdmciPjwvc3ZnPg==' class='lazyload' style='--smush-placeholder-width: 472px; --smush-placeholder-aspect-ratio: 472\/709;' \/><\/center><\/p>\n<p>Durante una semana entera, periodistas de toda Espa\u00f1a acudieron a la cita, recogiendo los coches en el Aeropuerto de Parayas para dirigirse a <a href=\"http:\/\/www.cantabriaturistica.es\/quevercantabria_barcena_mayor-16.html\" target=\"_blank\">B\u00e1rcena Mayor<\/a>, un enclave realmente atractivo y con mucho sabor antiguo. Desde ah\u00ed, vuelta a Santander para terminar la prueba.<\/p>\n<p>La verdad es que el contexto es perfecto para estos coches. La lluvia, las abundantes zonas llenas de curvas, los baches\u2026 los <strong>Impreza<\/strong>, modelos b\u00e1sicos incluidos, funcionan especialmente bien aqu\u00ed: <strong>son altamente eficaces y divertidos manteniendo mucho confort. <\/strong>Hay coches similares m\u00e1s deportivos \u2013pocos\u2013, entre ellos la mayor\u00eda s\u00f3lo brillan de verdad en zonas de asfalto perfecto, y siempre a costa de ser m\u00e1s inc\u00f3modos que los <strong>Subaru<\/strong>. Adem\u00e1s, la tracci\u00f3n total es clave a la hora de mejorar el paso por curva o la seguridad, y tambi\u00e9n la capacidad de tracci\u00f3n, aunque con los <strong>1.5 (107 CV)<\/strong> y <strong>2.0 (150 CV) <\/strong>no haya muchos problemas en este sentido. De forma que, sin duda, son una excelente elecci\u00f3n para los que disfruten de las curvas.<\/p>\n<p>El chasis es ahora m\u00e1s noble que antes, pero tambi\u00e9n m\u00e1s eficaz. Ambas cosas. Para ello, como apuntaba en la <a href=\"https:\/\/www.subaru.es\/blog\/2007\/09\/11\/impreza-2008\/\">toma de contacto en Praga<\/a>, se ha cambiado el eje trasero, ahora menos vivo, y se ha modificado la geometr\u00eda del delantero.<br \/>\n<!--more--><br \/>\nLa guinda la ponen las <a href=\"http:\/\/www.km77.com\/glosario\/r\/reductora.asp\" target=\"_blank\">reductoras<\/a>, que exprim\u00ed a fondo: parece incre\u00edble que tantos todoterrenos tengan que pararse para usarlas, y hacerlo de forma limitada, cuando <strong>en el Impreza se engranan en marcha<\/strong> y se usan sin ning\u00fan tipo de problemas. Para usar remolque\u2026 o para tener los reglajes perfectos para una carretera de monta\u00f1a. Alucinante.<\/p>\n<p><center><img data-src='https:\/\/www.subaru.es\/blog\/wp-content\/uploads\/2007\/09\/subaru-impreza-santander.jpg' alt='Subaru Impreza, Santander' src='data:image\/svg+xml;base64,PHN2ZyB3aWR0aD0iMSIgaGVpZ2h0PSIxIiB4bWxucz0iaHR0cDovL3d3dy53My5vcmcvMjAwMC9zdmciPjwvc3ZnPg==' class='lazyload' style='--smush-placeholder-width: 400px; --smush-placeholder-aspect-ratio: 400\/266;' \/><\/center><\/p>\n<p><strong>M\u00e1s polivalentes<\/strong><br \/>\nLa nueva figura externa est\u00e1 m\u00e1s acorde con el aspecto de toda su competencia \u2013desde el futuro <a href=\"http:\/\/www.motorpasion.com\/2007\/09\/27-volkswagen-golf-vi-ya-falta-menos-para-verlo\" target=\"_blank\">Volkswagen Golf VI<\/a> al Ford Focus, o incluso el Audi A3, como nos dicen <strong>los responsables de Subaru<\/strong>\u2013, ya que ning\u00fan coche de esta categor\u00eda tiene ventas importantes de las versiones de tres vol\u00famenes, de las que muchos directamente carecen o se venden s\u00f3lo en mercados emergentes.<\/p>\n<p>La mayor batalla del <strong>nuevo Impreza <\/strong>ha dado como resultado m\u00e1s espacio para los pasajeros, y se nota tambi\u00e9n la mejora en la insonorizaci\u00f3n y las vibraciones.<br \/>\nEl salpicadero tiene mucha calidad, aunque, eso s\u00ed, le faltan los materiales de tacto suave de casi todos los coches citados.<\/p>\n<p><strong>El pr\u00f3ximo post va dedicado en exclusiva al WRX, prometido.<\/strong><\/p>\n","protected":false},"excerpt":{"rendered":"<p>Subaru escogi\u00f3 Santander y sus reviradas carreteras para la presentaci\u00f3n nacional del nuevo Impreza, a la que no falt\u00e9. Adem\u00e1s de los modelos 1.5 y 2.0, pude tomar contacto brevemente \u00a1con la versi\u00f3n WRX!, que dejo para el siguiente post. As\u00ed que ag\u00e1rrate que vienen curvas. Durante una semana entera, periodistas de toda Espa\u00f1a acudieron [&hellip;]<\/p>\n","protected":false},"author":21,"featured_media":169,"comment_status":"open","ping_status":"open","sticky":false,"template":"","format":"standard","meta":{"_acf_changed":false,"_eb_attr":"","inline_featured_image":false,"footnotes":""},"categories":[4401],"tags":[],"class_list":["post-168","post","type-post","status-publish","format-standard","has-post-thumbnail","hentry","category-nuestra-marca"],"acf":[],"yoast_head":"<!-- This site is optimized with the Yoast SEO plugin v27.3 - https:\/\/yoast.com\/product\/yoast-seo-wordpress\/ -->\n<title>El Impreza en tierras c\u00e1ntabras - Universo Subaru<\/title>\n<meta name=\"robots\" content=\"index, follow, max-snippet:-1, max-image-preview:large, max-video-preview:-1\" \/>\n<link rel=\"canonical\" href=\"https:\/\/www.subaru.es\/blog\/nuestra-marca\/impreza-tierras-cantabras\/\" \/>\n<meta property=\"og:locale\" content=\"es_ES\" \/>\n<meta property=\"og:type\" content=\"article\" \/>\n<meta property=\"og:title\" content=\"El Impreza en tierras c\u00e1ntabras - Universo Subaru\" \/>\n<meta property=\"og:description\" content=\"Subaru escogi\u00f3 Santander y sus reviradas carreteras para la presentaci\u00f3n nacional del nuevo Impreza, a la que no falt\u00e9. Adem\u00e1s de los modelos 1.5 y 2.0, pude tomar contacto brevemente \u00a1con la versi\u00f3n WRX!, que dejo para el siguiente post. As\u00ed que ag\u00e1rrate que vienen curvas. Durante una semana entera, periodistas de toda Espa\u00f1a acudieron [&hellip;]\" \/>\n<meta property=\"og:url\" content=\"https:\/\/www.subaru.es\/blog\/nuestra-marca\/impreza-tierras-cantabras\/\" \/>\n<meta property=\"og:site_name\" content=\"Universo Subaru\" \/>\n<meta property=\"article:publisher\" content=\"https:\/\/www.facebook.com\/subaruespana\" \/>\n<meta property=\"article:published_time\" content=\"2007-09-29T12:02:36+00:00\" \/>\n<meta property=\"article:modified_time\" content=\"2016-10-17T08:48:27+00:00\" \/>\n<meta property=\"og:image\" content=\"https:\/\/www.subaru.es\/blog\/wp-content\/uploads\/2007\/09\/subaru-impreza-santander.jpg\" \/>\n\t<meta property=\"og:image:width\" content=\"400\" \/>\n\t<meta property=\"og:image:height\" content=\"266\" \/>\n\t<meta property=\"og:image:type\" content=\"image\/jpeg\" \/>\n<meta name=\"author\" content=\"Subaru\" \/>\n<meta name=\"twitter:card\" content=\"summary_large_image\" \/>\n<meta name=\"twitter:label1\" content=\"Escrito por\" \/>\n\t<meta name=\"twitter:data1\" content=\"Subaru\" \/>\n\t<meta name=\"twitter:label2\" content=\"Tiempo de lectura\" \/>\n\t<meta name=\"twitter:data2\" content=\"2 minutos\" \/>\n<script type=\"application\/ld+json\" class=\"yoast-schema-graph\">{\"@context\":\"https:\\\/\\\/schema.org\",\"@graph\":[{\"@type\":\"Article\",\"@id\":\"https:\\\/\\\/www.subaru.es\\\/blog\\\/nuestra-marca\\\/impreza-tierras-cantabras\\\/#article\",\"isPartOf\":{\"@id\":\"https:\\\/\\\/www.subaru.es\\\/blog\\\/nuestra-marca\\\/impreza-tierras-cantabras\\\/\"},\"author\":{\"name\":\"Subaru\",\"@id\":\"https:\\\/\\\/www.subaru.es\\\/blog\\\/#\\\/schema\\\/person\\\/19a90b892230b8e0ec752704ddf4aa10\"},\"headline\":\"El Impreza en tierras c\u00e1ntabras\",\"datePublished\":\"2007-09-29T12:02:36+00:00\",\"dateModified\":\"2016-10-17T08:48:27+00:00\",\"mainEntityOfPage\":{\"@id\":\"https:\\\/\\\/www.subaru.es\\\/blog\\\/nuestra-marca\\\/impreza-tierras-cantabras\\\/\"},\"wordCount\":470,\"commentCount\":6,\"publisher\":{\"@id\":\"https:\\\/\\\/www.subaru.es\\\/blog\\\/#organization\"},\"image\":{\"@id\":\"https:\\\/\\\/www.subaru.es\\\/blog\\\/nuestra-marca\\\/impreza-tierras-cantabras\\\/#primaryimage\"},\"thumbnailUrl\":\"https:\\\/\\\/www.subaru.es\\\/blog\\\/wp-content\\\/uploads\\\/2007\\\/09\\\/subaru-impreza-santander.jpg\",\"articleSection\":[\"Nuestra marca\"],\"inLanguage\":\"es\",\"potentialAction\":[{\"@type\":\"CommentAction\",\"name\":\"Comment\",\"target\":[\"https:\\\/\\\/www.subaru.es\\\/blog\\\/nuestra-marca\\\/impreza-tierras-cantabras\\\/#respond\"]}]},{\"@type\":\"WebPage\",\"@id\":\"https:\\\/\\\/www.subaru.es\\\/blog\\\/nuestra-marca\\\/impreza-tierras-cantabras\\\/\",\"url\":\"https:\\\/\\\/www.subaru.es\\\/blog\\\/nuestra-marca\\\/impreza-tierras-cantabras\\\/\",\"name\":\"El Impreza en tierras c\u00e1ntabras - Universo Subaru\",\"isPartOf\":{\"@id\":\"https:\\\/\\\/www.subaru.es\\\/blog\\\/#website\"},\"primaryImageOfPage\":{\"@id\":\"https:\\\/\\\/www.subaru.es\\\/blog\\\/nuestra-marca\\\/impreza-tierras-cantabras\\\/#primaryimage\"},\"image\":{\"@id\":\"https:\\\/\\\/www.subaru.es\\\/blog\\\/nuestra-marca\\\/impreza-tierras-cantabras\\\/#primaryimage\"},\"thumbnailUrl\":\"https:\\\/\\\/www.subaru.es\\\/blog\\\/wp-content\\\/uploads\\\/2007\\\/09\\\/subaru-impreza-santander.jpg\",\"datePublished\":\"2007-09-29T12:02:36+00:00\",\"dateModified\":\"2016-10-17T08:48:27+00:00\",\"breadcrumb\":{\"@id\":\"https:\\\/\\\/www.subaru.es\\\/blog\\\/nuestra-marca\\\/impreza-tierras-cantabras\\\/#breadcrumb\"},\"inLanguage\":\"es\",\"potentialAction\":[{\"@type\":\"ReadAction\",\"target\":[\"https:\\\/\\\/www.subaru.es\\\/blog\\\/nuestra-marca\\\/impreza-tierras-cantabras\\\/\"]}]},{\"@type\":\"ImageObject\",\"inLanguage\":\"es\",\"@id\":\"https:\\\/\\\/www.subaru.es\\\/blog\\\/nuestra-marca\\\/impreza-tierras-cantabras\\\/#primaryimage\",\"url\":\"https:\\\/\\\/www.subaru.es\\\/blog\\\/wp-content\\\/uploads\\\/2007\\\/09\\\/subaru-impreza-santander.jpg\",\"contentUrl\":\"https:\\\/\\\/www.subaru.es\\\/blog\\\/wp-content\\\/uploads\\\/2007\\\/09\\\/subaru-impreza-santander.jpg\",\"width\":400,\"height\":266},{\"@type\":\"BreadcrumbList\",\"@id\":\"https:\\\/\\\/www.subaru.es\\\/blog\\\/nuestra-marca\\\/impreza-tierras-cantabras\\\/#breadcrumb\",\"itemListElement\":[{\"@type\":\"ListItem\",\"position\":1,\"name\":\"Portada\",\"item\":\"https:\\\/\\\/www.subaru.es\\\/blog\\\/\"},{\"@type\":\"ListItem\",\"position\":2,\"name\":\"El Impreza en tierras c\u00e1ntabras\"}]},{\"@type\":\"WebSite\",\"@id\":\"https:\\\/\\\/www.subaru.es\\\/blog\\\/#website\",\"url\":\"https:\\\/\\\/www.subaru.es\\\/blog\\\/\",\"name\":\"Universo Subaru\",\"description\":\"Descubre este apasionante espacio de Subaru donde vas a conocer todo sobre nuestros coches y las experiencias que vivimos con ellos. Si est\u00e1s preparado para dejarte seducir por la filosof\u00eda Subaru, qu\u00e9date con nosotros.\",\"publisher\":{\"@id\":\"https:\\\/\\\/www.subaru.es\\\/blog\\\/#organization\"},\"potentialAction\":[{\"@type\":\"SearchAction\",\"target\":{\"@type\":\"EntryPoint\",\"urlTemplate\":\"https:\\\/\\\/www.subaru.es\\\/blog\\\/?s={search_term_string}\"},\"query-input\":{\"@type\":\"PropertyValueSpecification\",\"valueRequired\":true,\"valueName\":\"search_term_string\"}}],\"inLanguage\":\"es\"},{\"@type\":\"Organization\",\"@id\":\"https:\\\/\\\/www.subaru.es\\\/blog\\\/#organization\",\"name\":\"Subaru Espa\u00f1a S.A.\",\"url\":\"https:\\\/\\\/www.subaru.es\\\/blog\\\/\",\"logo\":{\"@type\":\"ImageObject\",\"inLanguage\":\"es\",\"@id\":\"https:\\\/\\\/www.subaru.es\\\/blog\\\/#\\\/schema\\\/logo\\\/image\\\/\",\"url\":\"https:\\\/\\\/www.subaru.es\\\/blog\\\/wp-content\\\/uploads\\\/2016\\\/12\\\/Logo-Subaru-TypeV_C300-scaled.jpg\",\"contentUrl\":\"https:\\\/\\\/www.subaru.es\\\/blog\\\/wp-content\\\/uploads\\\/2016\\\/12\\\/Logo-Subaru-TypeV_C300-scaled.jpg\",\"width\":2560,\"height\":1864,\"caption\":\"Subaru Espa\u00f1a S.A.\"},\"image\":{\"@id\":\"https:\\\/\\\/www.subaru.es\\\/blog\\\/#\\\/schema\\\/logo\\\/image\\\/\"},\"sameAs\":[\"https:\\\/\\\/www.facebook.com\\\/subaruespana\",\"https:\\\/\\\/www.instagram.com\\\/subarues\\\/\",\"https:\\\/\\\/www.youtube.com\\\/user\\\/subaruespana\"]},{\"@type\":\"Person\",\"@id\":\"https:\\\/\\\/www.subaru.es\\\/blog\\\/#\\\/schema\\\/person\\\/19a90b892230b8e0ec752704ddf4aa10\",\"name\":\"Subaru\",\"url\":\"https:\\\/\\\/www.subaru.es\\\/blog\\\/author\\\/subaria\\\/\"}]}<\/script>\n<!-- \/ Yoast SEO plugin. -->","yoast_head_json":{"title":"El Impreza en tierras c\u00e1ntabras - Universo Subaru","robots":{"index":"index","follow":"follow","max-snippet":"max-snippet:-1","max-image-preview":"max-image-preview:large","max-video-preview":"max-video-preview:-1"},"canonical":"https:\/\/www.subaru.es\/blog\/nuestra-marca\/impreza-tierras-cantabras\/","og_locale":"es_ES","og_type":"article","og_title":"El Impreza en tierras c\u00e1ntabras - Universo Subaru","og_description":"Subaru escogi\u00f3 Santander y sus reviradas carreteras para la presentaci\u00f3n nacional del nuevo Impreza, a la que no falt\u00e9. Adem\u00e1s de los modelos 1.5 y 2.0, pude tomar contacto brevemente \u00a1con la versi\u00f3n WRX!, que dejo para el siguiente post. As\u00ed que ag\u00e1rrate que vienen curvas. Durante una semana entera, periodistas de toda Espa\u00f1a acudieron [&hellip;]","og_url":"https:\/\/www.subaru.es\/blog\/nuestra-marca\/impreza-tierras-cantabras\/","og_site_name":"Universo Subaru","article_publisher":"https:\/\/www.facebook.com\/subaruespana","article_published_time":"2007-09-29T12:02:36+00:00","article_modified_time":"2016-10-17T08:48:27+00:00","og_image":[{"width":400,"height":266,"url":"https:\/\/www.subaru.es\/blog\/wp-content\/uploads\/2007\/09\/subaru-impreza-santander.jpg","type":"image\/jpeg"}],"author":"Subaru","twitter_card":"summary_large_image","twitter_misc":{"Escrito por":"Subaru","Tiempo de lectura":"2 minutos"},"schema":{"@context":"https:\/\/schema.org","@graph":[{"@type":"Article","@id":"https:\/\/www.subaru.es\/blog\/nuestra-marca\/impreza-tierras-cantabras\/#article","isPartOf":{"@id":"https:\/\/www.subaru.es\/blog\/nuestra-marca\/impreza-tierras-cantabras\/"},"author":{"name":"Subaru","@id":"https:\/\/www.subaru.es\/blog\/#\/schema\/person\/19a90b892230b8e0ec752704ddf4aa10"},"headline":"El Impreza en tierras c\u00e1ntabras","datePublished":"2007-09-29T12:02:36+00:00","dateModified":"2016-10-17T08:48:27+00:00","mainEntityOfPage":{"@id":"https:\/\/www.subaru.es\/blog\/nuestra-marca\/impreza-tierras-cantabras\/"},"wordCount":470,"commentCount":6,"publisher":{"@id":"https:\/\/www.subaru.es\/blog\/#organization"},"image":{"@id":"https:\/\/www.subaru.es\/blog\/nuestra-marca\/impreza-tierras-cantabras\/#primaryimage"},"thumbnailUrl":"https:\/\/www.subaru.es\/blog\/wp-content\/uploads\/2007\/09\/subaru-impreza-santander.jpg","articleSection":["Nuestra marca"],"inLanguage":"es","potentialAction":[{"@type":"CommentAction","name":"Comment","target":["https:\/\/www.subaru.es\/blog\/nuestra-marca\/impreza-tierras-cantabras\/#respond"]}]},{"@type":"WebPage","@id":"https:\/\/www.subaru.es\/blog\/nuestra-marca\/impreza-tierras-cantabras\/","url":"https:\/\/www.subaru.es\/blog\/nuestra-marca\/impreza-tierras-cantabras\/","name":"El Impreza en tierras c\u00e1ntabras - Universo Subaru","isPartOf":{"@id":"https:\/\/www.subaru.es\/blog\/#website"},"primaryImageOfPage":{"@id":"https:\/\/www.subaru.es\/blog\/nuestra-marca\/impreza-tierras-cantabras\/#primaryimage"},"image":{"@id":"https:\/\/www.subaru.es\/blog\/nuestra-marca\/impreza-tierras-cantabras\/#primaryimage"},"thumbnailUrl":"https:\/\/www.subaru.es\/blog\/wp-content\/uploads\/2007\/09\/subaru-impreza-santander.jpg","datePublished":"2007-09-29T12:02:36+00:00","dateModified":"2016-10-17T08:48:27+00:00","breadcrumb":{"@id":"https:\/\/www.subaru.es\/blog\/nuestra-marca\/impreza-tierras-cantabras\/#breadcrumb"},"inLanguage":"es","potentialAction":[{"@type":"ReadAction","target":["https:\/\/www.subaru.es\/blog\/nuestra-marca\/impreza-tierras-cantabras\/"]}]},{"@type":"ImageObject","inLanguage":"es","@id":"https:\/\/www.subaru.es\/blog\/nuestra-marca\/impreza-tierras-cantabras\/#primaryimage","url":"https:\/\/www.subaru.es\/blog\/wp-content\/uploads\/2007\/09\/subaru-impreza-santander.jpg","contentUrl":"https:\/\/www.subaru.es\/blog\/wp-content\/uploads\/2007\/09\/subaru-impreza-santander.jpg","width":400,"height":266},{"@type":"BreadcrumbList","@id":"https:\/\/www.subaru.es\/blog\/nuestra-marca\/impreza-tierras-cantabras\/#breadcrumb","itemListElement":[{"@type":"ListItem","position":1,"name":"Portada","item":"https:\/\/www.subaru.es\/blog\/"},{"@type":"ListItem","position":2,"name":"El Impreza en tierras c\u00e1ntabras"}]},{"@type":"WebSite","@id":"https:\/\/www.subaru.es\/blog\/#website","url":"https:\/\/www.subaru.es\/blog\/","name":"Universo Subaru","description":"Descubre este apasionante espacio de Subaru donde vas a conocer todo sobre nuestros coches y las experiencias que vivimos con ellos. Si est\u00e1s preparado para dejarte seducir por la filosof\u00eda Subaru, qu\u00e9date con nosotros.","publisher":{"@id":"https:\/\/www.subaru.es\/blog\/#organization"},"potentialAction":[{"@type":"SearchAction","target":{"@type":"EntryPoint","urlTemplate":"https:\/\/www.subaru.es\/blog\/?s={search_term_string}"},"query-input":{"@type":"PropertyValueSpecification","valueRequired":true,"valueName":"search_term_string"}}],"inLanguage":"es"},{"@type":"Organization","@id":"https:\/\/www.subaru.es\/blog\/#organization","name":"Subaru Espa\u00f1a S.A.","url":"https:\/\/www.subaru.es\/blog\/","logo":{"@type":"ImageObject","inLanguage":"es","@id":"https:\/\/www.subaru.es\/blog\/#\/schema\/logo\/image\/","url":"https:\/\/www.subaru.es\/blog\/wp-content\/uploads\/2016\/12\/Logo-Subaru-TypeV_C300-scaled.jpg","contentUrl":"https:\/\/www.subaru.es\/blog\/wp-content\/uploads\/2016\/12\/Logo-Subaru-TypeV_C300-scaled.jpg","width":2560,"height":1864,"caption":"Subaru Espa\u00f1a S.A."},"image":{"@id":"https:\/\/www.subaru.es\/blog\/#\/schema\/logo\/image\/"},"sameAs":["https:\/\/www.facebook.com\/subaruespana","https:\/\/www.instagram.com\/subarues\/","https:\/\/www.youtube.com\/user\/subaruespana"]},{"@type":"Person","@id":"https:\/\/www.subaru.es\/blog\/#\/schema\/person\/19a90b892230b8e0ec752704ddf4aa10","name":"Subaru","url":"https:\/\/www.subaru.es\/blog\/author\/subaria\/"}]}},"_links":{"self":[{"href":"https:\/\/www.subaru.es\/blog\/wp-json\/wp\/v2\/posts\/168","targetHints":{"allow":["GET"]}}],"collection":[{"href":"https:\/\/www.subaru.es\/blog\/wp-json\/wp\/v2\/posts"}],"about":[{"href":"https:\/\/www.subaru.es\/blog\/wp-json\/wp\/v2\/types\/post"}],"author":[{"embeddable":true,"href":"https:\/\/www.subaru.es\/blog\/wp-json\/wp\/v2\/users\/21"}],"replies":[{"embeddable":true,"href":"https:\/\/www.subaru.es\/blog\/wp-json\/wp\/v2\/comments?post=168"}],"version-history":[{"count":0,"href":"https:\/\/www.subaru.es\/blog\/wp-json\/wp\/v2\/posts\/168\/revisions"}],"wp:featuredmedia":[{"embeddable":true,"href":"https:\/\/www.subaru.es\/blog\/wp-json\/wp\/v2\/media\/169"}],"wp:attachment":[{"href":"https:\/\/www.subaru.es\/blog\/wp-json\/wp\/v2\/media?parent=168"}],"wp:term":[{"taxonomy":"category","embeddable":true,"href":"https:\/\/www.subaru.es\/blog\/wp-json\/wp\/v2\/categories?post=168"},{"taxonomy":"post_tag","embeddable":true,"href":"https:\/\/www.subaru.es\/blog\/wp-json\/wp\/v2\/tags?post=168"}],"curies":[{"name":"wp","href":"https:\/\/api.w.org\/{rel}","templated":true}]}}