{"id":1677,"date":"2008-12-09T19:44:43","date_gmt":"2008-12-09T17:44:43","guid":{"rendered":"http:\/\/subaru.preproduccion.com\/blog\/wp-content\/2008\/12\/09\/comienza-la-nueva-version-del-desafio-trek-subaru\/"},"modified":"2016-10-17T15:08:58","modified_gmt":"2016-10-17T13:08:58","slug":"comienza-la-nueva-version-del-desafio-trek-subaru","status":"publish","type":"post","link":"https:\/\/www.subaru.es\/blog\/nuestra-marca\/comienza-la-nueva-version-del-desafio-trek-subaru\/","title":{"rendered":"Comienza la nueva versi\u00f3n del Desaf\u00edo Trek-Subaru"},"content":{"rendered":"<p><a href='https:\/\/www.subaru.es\/blog\/wp-content\/uploads\/2008\/11\/desafio-trek-subaru-2008.jpg' title='Desaf\u00edo Trek-Subaru 08'><img data-src='https:\/\/www.subaru.es\/blog\/wp-content\/uploads\/2008\/11\/desafio-trek-subaru-2008.jpg' alt='Desaf\u00edo Trek-Subaru 08' src='data:image\/svg+xml;base64,PHN2ZyB3aWR0aD0iMSIgaGVpZ2h0PSIxIiB4bWxucz0iaHR0cDovL3d3dy53My5vcmcvMjAwMC9zdmciPjwvc3ZnPg==' class='lazyload' style='--smush-placeholder-width: 439px; --smush-placeholder-aspect-ratio: 439\/196;' \/><\/a><br \/>\nAprovechando que los chilenos est\u00e1n ahora en la \u00e9poca estival, <strong>Indumotora<\/strong>, principal distribuidor de <strong>Subaru <\/strong>en la regi\u00f3n y representante de <strong>Subaru en Chile<\/strong>, y la marca de bicicletas <strong>Trek <\/strong>han organizado una nueva edici\u00f3n del <strong><a href=\"http:\/\/desafiotrek.cl\/index.php\">Desaf\u00edo Trek &#8211; Subaru 2008<\/a><\/strong>, destinado al ciclismo familiar y profesional.<\/p>\n<p>Ser\u00e1 el 30 de noviembre en el <strong>Mall Sport <\/strong>cuando se realice esta prueba, que pretende convertirse en el evento de ciclismo m\u00e1s importante de este pa\u00eds. Las inscripciones ya est\u00e1n abiertas. <strong>Paula Sep\u00falveda<\/strong>, <strong>subgerente de <\/strong><strong>Marketing de la Divisi\u00f3n Subaru de Indumotora<\/strong>, comenta que: <\/p>\n<p>Se espera que en este evento participen cerca de <strong>2.000 fan\u00e1ticos por el ciclismo<\/strong>. Estar\u00e1 dividido seg\u00fan disciplinas: <strong>Familiar <\/strong>(distancia de 16 km.), <strong>Medio <\/strong>(distancia de 23 km.) y <strong>Completo <\/strong>(distancia de 33 km.). Adem\u00e1s, durante el certamen los competidores van a poder conocer el <strong>New Forester de Subaru<\/strong>, que guiar\u00e1 el trayecto de los ciclistas. <\/p>\n<p><a href=\"https:\/\/www.subaru.es\/blog\/2008\/04\/22\/desafio-trek-subaru-2008\/\">Conozca c\u00f3mo fue la primera versi\u00f3n de este evento <\/a><\/p>\n","protected":false},"excerpt":{"rendered":"<p>Aprovechando que los chilenos est\u00e1n ahora en la \u00e9poca estival, Indumotora, principal distribuidor de Subaru en la regi\u00f3n y representante de Subaru en Chile, y la marca de bicicletas Trek han organizado una nueva edici\u00f3n del Desaf\u00edo Trek &#8211; Subaru 2008, destinado al ciclismo familiar y profesional. Ser\u00e1 el 30 de noviembre en el Mall [&hellip;]<\/p>\n","protected":false},"author":21,"featured_media":1678,"comment_status":"open","ping_status":"open","sticky":false,"template":"","format":"standard","meta":{"_acf_changed":false,"_eb_attr":"","inline_featured_image":false,"footnotes":""},"categories":[4401],"tags":[534,1414,1418,1413,753,1411,1415,1417,1419,1416,4390,1412],"class_list":["post-1677","post","type-post","status-publish","format-standard","has-post-thumbnail","hentry","category-nuestra-marca","tag-chile","tag-ciclismo","tag-completo","tag-desafio-trek-subaru-2008","tag-familiar","tag-indumotora","tag-mall-sport","tag-medio","tag-new-forester-de-subaru","tag-paula-sepulveda","tag-subaru","tag-trek"],"acf":[],"yoast_head":"<!-- This site is optimized with the Yoast SEO plugin v27.3 - https:\/\/yoast.com\/product\/yoast-seo-wordpress\/ -->\n<title>Comienza la nueva versi\u00f3n del Desaf\u00edo Trek-Subaru - Universo Subaru<\/title>\n<meta name=\"robots\" content=\"index, follow, max-snippet:-1, max-image-preview:large, max-video-preview:-1\" \/>\n<link rel=\"canonical\" href=\"https:\/\/www.subaru.es\/blog\/nuestra-marca\/comienza-la-nueva-version-del-desafio-trek-subaru\/\" \/>\n<meta property=\"og:locale\" content=\"es_ES\" \/>\n<meta property=\"og:type\" content=\"article\" \/>\n<meta property=\"og:title\" content=\"Comienza la nueva versi\u00f3n del Desaf\u00edo Trek-Subaru - Universo Subaru\" \/>\n<meta property=\"og:description\" content=\"Aprovechando que los chilenos est\u00e1n ahora en la \u00e9poca estival, Indumotora, principal distribuidor de Subaru en la regi\u00f3n y representante de Subaru en Chile, y la marca de bicicletas Trek han organizado una nueva edici\u00f3n del Desaf\u00edo Trek &#8211; Subaru 2008, destinado al ciclismo familiar y profesional. Ser\u00e1 el 30 de noviembre en el Mall [&hellip;]\" \/>\n<meta property=\"og:url\" content=\"https:\/\/www.subaru.es\/blog\/nuestra-marca\/comienza-la-nueva-version-del-desafio-trek-subaru\/\" \/>\n<meta property=\"og:site_name\" content=\"Universo Subaru\" \/>\n<meta property=\"article:publisher\" content=\"https:\/\/www.facebook.com\/subaruespana\" \/>\n<meta property=\"article:published_time\" content=\"2008-12-09T17:44:43+00:00\" \/>\n<meta property=\"article:modified_time\" content=\"2016-10-17T13:08:58+00:00\" \/>\n<meta property=\"og:image\" content=\"https:\/\/www.subaru.es\/blog\/wp-content\/uploads\/2008\/11\/desafio-trek-subaru-2008.jpg\" \/>\n\t<meta property=\"og:image:width\" content=\"439\" \/>\n\t<meta property=\"og:image:height\" content=\"196\" \/>\n\t<meta property=\"og:image:type\" content=\"image\/jpeg\" \/>\n<meta name=\"author\" content=\"Subaru\" \/>\n<meta name=\"twitter:card\" content=\"summary_large_image\" \/>\n<meta name=\"twitter:label1\" content=\"Escrito por\" \/>\n\t<meta name=\"twitter:data1\" content=\"Subaru\" \/>\n\t<meta name=\"twitter:label2\" content=\"Tiempo de lectura\" \/>\n\t<meta name=\"twitter:data2\" content=\"1 minuto\" \/>\n<script type=\"application\/ld+json\" class=\"yoast-schema-graph\">{\"@context\":\"https:\\\/\\\/schema.org\",\"@graph\":[{\"@type\":\"Article\",\"@id\":\"https:\\\/\\\/www.subaru.es\\\/blog\\\/nuestra-marca\\\/comienza-la-nueva-version-del-desafio-trek-subaru\\\/#article\",\"isPartOf\":{\"@id\":\"https:\\\/\\\/www.subaru.es\\\/blog\\\/nuestra-marca\\\/comienza-la-nueva-version-del-desafio-trek-subaru\\\/\"},\"author\":{\"name\":\"Subaru\",\"@id\":\"https:\\\/\\\/www.subaru.es\\\/blog\\\/#\\\/schema\\\/person\\\/19a90b892230b8e0ec752704ddf4aa10\"},\"headline\":\"Comienza la nueva versi\u00f3n del Desaf\u00edo Trek-Subaru\",\"datePublished\":\"2008-12-09T17:44:43+00:00\",\"dateModified\":\"2016-10-17T13:08:58+00:00\",\"mainEntityOfPage\":{\"@id\":\"https:\\\/\\\/www.subaru.es\\\/blog\\\/nuestra-marca\\\/comienza-la-nueva-version-del-desafio-trek-subaru\\\/\"},\"wordCount\":174,\"commentCount\":0,\"publisher\":{\"@id\":\"https:\\\/\\\/www.subaru.es\\\/blog\\\/#organization\"},\"image\":{\"@id\":\"https:\\\/\\\/www.subaru.es\\\/blog\\\/nuestra-marca\\\/comienza-la-nueva-version-del-desafio-trek-subaru\\\/#primaryimage\"},\"thumbnailUrl\":\"https:\\\/\\\/www.subaru.es\\\/blog\\\/wp-content\\\/uploads\\\/2008\\\/11\\\/desafio-trek-subaru-2008.jpg\",\"keywords\":[\"chile\",\"ciclismo\",\"Completo\",\"Desaf\u00edo Trek - Subaru 2008\",\"familiar\",\"Indumotora\",\"Mall Sport\",\"Medio\",\"New Forester de Subaru\",\"Paula Sep\u00falveda\",\"Subaru\",\"Trek\"],\"articleSection\":[\"Nuestra marca\"],\"inLanguage\":\"es\",\"potentialAction\":[{\"@type\":\"CommentAction\",\"name\":\"Comment\",\"target\":[\"https:\\\/\\\/www.subaru.es\\\/blog\\\/nuestra-marca\\\/comienza-la-nueva-version-del-desafio-trek-subaru\\\/#respond\"]}]},{\"@type\":\"WebPage\",\"@id\":\"https:\\\/\\\/www.subaru.es\\\/blog\\\/nuestra-marca\\\/comienza-la-nueva-version-del-desafio-trek-subaru\\\/\",\"url\":\"https:\\\/\\\/www.subaru.es\\\/blog\\\/nuestra-marca\\\/comienza-la-nueva-version-del-desafio-trek-subaru\\\/\",\"name\":\"Comienza la nueva versi\u00f3n del Desaf\u00edo Trek-Subaru - Universo Subaru\",\"isPartOf\":{\"@id\":\"https:\\\/\\\/www.subaru.es\\\/blog\\\/#website\"},\"primaryImageOfPage\":{\"@id\":\"https:\\\/\\\/www.subaru.es\\\/blog\\\/nuestra-marca\\\/comienza-la-nueva-version-del-desafio-trek-subaru\\\/#primaryimage\"},\"image\":{\"@id\":\"https:\\\/\\\/www.subaru.es\\\/blog\\\/nuestra-marca\\\/comienza-la-nueva-version-del-desafio-trek-subaru\\\/#primaryimage\"},\"thumbnailUrl\":\"https:\\\/\\\/www.subaru.es\\\/blog\\\/wp-content\\\/uploads\\\/2008\\\/11\\\/desafio-trek-subaru-2008.jpg\",\"datePublished\":\"2008-12-09T17:44:43+00:00\",\"dateModified\":\"2016-10-17T13:08:58+00:00\",\"breadcrumb\":{\"@id\":\"https:\\\/\\\/www.subaru.es\\\/blog\\\/nuestra-marca\\\/comienza-la-nueva-version-del-desafio-trek-subaru\\\/#breadcrumb\"},\"inLanguage\":\"es\",\"potentialAction\":[{\"@type\":\"ReadAction\",\"target\":[\"https:\\\/\\\/www.subaru.es\\\/blog\\\/nuestra-marca\\\/comienza-la-nueva-version-del-desafio-trek-subaru\\\/\"]}]},{\"@type\":\"ImageObject\",\"inLanguage\":\"es\",\"@id\":\"https:\\\/\\\/www.subaru.es\\\/blog\\\/nuestra-marca\\\/comienza-la-nueva-version-del-desafio-trek-subaru\\\/#primaryimage\",\"url\":\"https:\\\/\\\/www.subaru.es\\\/blog\\\/wp-content\\\/uploads\\\/2008\\\/11\\\/desafio-trek-subaru-2008.jpg\",\"contentUrl\":\"https:\\\/\\\/www.subaru.es\\\/blog\\\/wp-content\\\/uploads\\\/2008\\\/11\\\/desafio-trek-subaru-2008.jpg\",\"width\":439,\"height\":196},{\"@type\":\"BreadcrumbList\",\"@id\":\"https:\\\/\\\/www.subaru.es\\\/blog\\\/nuestra-marca\\\/comienza-la-nueva-version-del-desafio-trek-subaru\\\/#breadcrumb\",\"itemListElement\":[{\"@type\":\"ListItem\",\"position\":1,\"name\":\"Portada\",\"item\":\"https:\\\/\\\/www.subaru.es\\\/blog\\\/\"},{\"@type\":\"ListItem\",\"position\":2,\"name\":\"Comienza la nueva versi\u00f3n del Desaf\u00edo Trek-Subaru\"}]},{\"@type\":\"WebSite\",\"@id\":\"https:\\\/\\\/www.subaru.es\\\/blog\\\/#website\",\"url\":\"https:\\\/\\\/www.subaru.es\\\/blog\\\/\",\"name\":\"Universo Subaru\",\"description\":\"Descubre este apasionante espacio de Subaru donde vas a conocer todo sobre nuestros coches y las experiencias que vivimos con ellos. Si est\u00e1s preparado para dejarte seducir por la filosof\u00eda Subaru, qu\u00e9date con nosotros.\",\"publisher\":{\"@id\":\"https:\\\/\\\/www.subaru.es\\\/blog\\\/#organization\"},\"potentialAction\":[{\"@type\":\"SearchAction\",\"target\":{\"@type\":\"EntryPoint\",\"urlTemplate\":\"https:\\\/\\\/www.subaru.es\\\/blog\\\/?s={search_term_string}\"},\"query-input\":{\"@type\":\"PropertyValueSpecification\",\"valueRequired\":true,\"valueName\":\"search_term_string\"}}],\"inLanguage\":\"es\"},{\"@type\":\"Organization\",\"@id\":\"https:\\\/\\\/www.subaru.es\\\/blog\\\/#organization\",\"name\":\"Subaru Espa\u00f1a S.A.\",\"url\":\"https:\\\/\\\/www.subaru.es\\\/blog\\\/\",\"logo\":{\"@type\":\"ImageObject\",\"inLanguage\":\"es\",\"@id\":\"https:\\\/\\\/www.subaru.es\\\/blog\\\/#\\\/schema\\\/logo\\\/image\\\/\",\"url\":\"https:\\\/\\\/www.subaru.es\\\/blog\\\/wp-content\\\/uploads\\\/2016\\\/12\\\/Logo-Subaru-TypeV_C300-scaled.jpg\",\"contentUrl\":\"https:\\\/\\\/www.subaru.es\\\/blog\\\/wp-content\\\/uploads\\\/2016\\\/12\\\/Logo-Subaru-TypeV_C300-scaled.jpg\",\"width\":2560,\"height\":1864,\"caption\":\"Subaru Espa\u00f1a S.A.\"},\"image\":{\"@id\":\"https:\\\/\\\/www.subaru.es\\\/blog\\\/#\\\/schema\\\/logo\\\/image\\\/\"},\"sameAs\":[\"https:\\\/\\\/www.facebook.com\\\/subaruespana\",\"https:\\\/\\\/www.instagram.com\\\/subarues\\\/\",\"https:\\\/\\\/www.youtube.com\\\/user\\\/subaruespana\"]},{\"@type\":\"Person\",\"@id\":\"https:\\\/\\\/www.subaru.es\\\/blog\\\/#\\\/schema\\\/person\\\/19a90b892230b8e0ec752704ddf4aa10\",\"name\":\"Subaru\",\"url\":\"https:\\\/\\\/www.subaru.es\\\/blog\\\/author\\\/subaria\\\/\"}]}<\/script>\n<!-- \/ Yoast SEO plugin. -->","yoast_head_json":{"title":"Comienza la nueva versi\u00f3n del Desaf\u00edo Trek-Subaru - Universo Subaru","robots":{"index":"index","follow":"follow","max-snippet":"max-snippet:-1","max-image-preview":"max-image-preview:large","max-video-preview":"max-video-preview:-1"},"canonical":"https:\/\/www.subaru.es\/blog\/nuestra-marca\/comienza-la-nueva-version-del-desafio-trek-subaru\/","og_locale":"es_ES","og_type":"article","og_title":"Comienza la nueva versi\u00f3n del Desaf\u00edo Trek-Subaru - Universo Subaru","og_description":"Aprovechando que los chilenos est\u00e1n ahora en la \u00e9poca estival, Indumotora, principal distribuidor de Subaru en la regi\u00f3n y representante de Subaru en Chile, y la marca de bicicletas Trek han organizado una nueva edici\u00f3n del Desaf\u00edo Trek &#8211; Subaru 2008, destinado al ciclismo familiar y profesional. Ser\u00e1 el 30 de noviembre en el Mall [&hellip;]","og_url":"https:\/\/www.subaru.es\/blog\/nuestra-marca\/comienza-la-nueva-version-del-desafio-trek-subaru\/","og_site_name":"Universo Subaru","article_publisher":"https:\/\/www.facebook.com\/subaruespana","article_published_time":"2008-12-09T17:44:43+00:00","article_modified_time":"2016-10-17T13:08:58+00:00","og_image":[{"width":439,"height":196,"url":"https:\/\/www.subaru.es\/blog\/wp-content\/uploads\/2008\/11\/desafio-trek-subaru-2008.jpg","type":"image\/jpeg"}],"author":"Subaru","twitter_card":"summary_large_image","twitter_misc":{"Escrito por":"Subaru","Tiempo de lectura":"1 minuto"},"schema":{"@context":"https:\/\/schema.org","@graph":[{"@type":"Article","@id":"https:\/\/www.subaru.es\/blog\/nuestra-marca\/comienza-la-nueva-version-del-desafio-trek-subaru\/#article","isPartOf":{"@id":"https:\/\/www.subaru.es\/blog\/nuestra-marca\/comienza-la-nueva-version-del-desafio-trek-subaru\/"},"author":{"name":"Subaru","@id":"https:\/\/www.subaru.es\/blog\/#\/schema\/person\/19a90b892230b8e0ec752704ddf4aa10"},"headline":"Comienza la nueva versi\u00f3n del Desaf\u00edo Trek-Subaru","datePublished":"2008-12-09T17:44:43+00:00","dateModified":"2016-10-17T13:08:58+00:00","mainEntityOfPage":{"@id":"https:\/\/www.subaru.es\/blog\/nuestra-marca\/comienza-la-nueva-version-del-desafio-trek-subaru\/"},"wordCount":174,"commentCount":0,"publisher":{"@id":"https:\/\/www.subaru.es\/blog\/#organization"},"image":{"@id":"https:\/\/www.subaru.es\/blog\/nuestra-marca\/comienza-la-nueva-version-del-desafio-trek-subaru\/#primaryimage"},"thumbnailUrl":"https:\/\/www.subaru.es\/blog\/wp-content\/uploads\/2008\/11\/desafio-trek-subaru-2008.jpg","keywords":["chile","ciclismo","Completo","Desaf\u00edo Trek - Subaru 2008","familiar","Indumotora","Mall Sport","Medio","New Forester de Subaru","Paula Sep\u00falveda","Subaru","Trek"],"articleSection":["Nuestra marca"],"inLanguage":"es","potentialAction":[{"@type":"CommentAction","name":"Comment","target":["https:\/\/www.subaru.es\/blog\/nuestra-marca\/comienza-la-nueva-version-del-desafio-trek-subaru\/#respond"]}]},{"@type":"WebPage","@id":"https:\/\/www.subaru.es\/blog\/nuestra-marca\/comienza-la-nueva-version-del-desafio-trek-subaru\/","url":"https:\/\/www.subaru.es\/blog\/nuestra-marca\/comienza-la-nueva-version-del-desafio-trek-subaru\/","name":"Comienza la nueva versi\u00f3n del Desaf\u00edo Trek-Subaru - Universo Subaru","isPartOf":{"@id":"https:\/\/www.subaru.es\/blog\/#website"},"primaryImageOfPage":{"@id":"https:\/\/www.subaru.es\/blog\/nuestra-marca\/comienza-la-nueva-version-del-desafio-trek-subaru\/#primaryimage"},"image":{"@id":"https:\/\/www.subaru.es\/blog\/nuestra-marca\/comienza-la-nueva-version-del-desafio-trek-subaru\/#primaryimage"},"thumbnailUrl":"https:\/\/www.subaru.es\/blog\/wp-content\/uploads\/2008\/11\/desafio-trek-subaru-2008.jpg","datePublished":"2008-12-09T17:44:43+00:00","dateModified":"2016-10-17T13:08:58+00:00","breadcrumb":{"@id":"https:\/\/www.subaru.es\/blog\/nuestra-marca\/comienza-la-nueva-version-del-desafio-trek-subaru\/#breadcrumb"},"inLanguage":"es","potentialAction":[{"@type":"ReadAction","target":["https:\/\/www.subaru.es\/blog\/nuestra-marca\/comienza-la-nueva-version-del-desafio-trek-subaru\/"]}]},{"@type":"ImageObject","inLanguage":"es","@id":"https:\/\/www.subaru.es\/blog\/nuestra-marca\/comienza-la-nueva-version-del-desafio-trek-subaru\/#primaryimage","url":"https:\/\/www.subaru.es\/blog\/wp-content\/uploads\/2008\/11\/desafio-trek-subaru-2008.jpg","contentUrl":"https:\/\/www.subaru.es\/blog\/wp-content\/uploads\/2008\/11\/desafio-trek-subaru-2008.jpg","width":439,"height":196},{"@type":"BreadcrumbList","@id":"https:\/\/www.subaru.es\/blog\/nuestra-marca\/comienza-la-nueva-version-del-desafio-trek-subaru\/#breadcrumb","itemListElement":[{"@type":"ListItem","position":1,"name":"Portada","item":"https:\/\/www.subaru.es\/blog\/"},{"@type":"ListItem","position":2,"name":"Comienza la nueva versi\u00f3n del Desaf\u00edo Trek-Subaru"}]},{"@type":"WebSite","@id":"https:\/\/www.subaru.es\/blog\/#website","url":"https:\/\/www.subaru.es\/blog\/","name":"Universo Subaru","description":"Descubre este apasionante espacio de Subaru donde vas a conocer todo sobre nuestros coches y las experiencias que vivimos con ellos. Si est\u00e1s preparado para dejarte seducir por la filosof\u00eda Subaru, qu\u00e9date con nosotros.","publisher":{"@id":"https:\/\/www.subaru.es\/blog\/#organization"},"potentialAction":[{"@type":"SearchAction","target":{"@type":"EntryPoint","urlTemplate":"https:\/\/www.subaru.es\/blog\/?s={search_term_string}"},"query-input":{"@type":"PropertyValueSpecification","valueRequired":true,"valueName":"search_term_string"}}],"inLanguage":"es"},{"@type":"Organization","@id":"https:\/\/www.subaru.es\/blog\/#organization","name":"Subaru Espa\u00f1a S.A.","url":"https:\/\/www.subaru.es\/blog\/","logo":{"@type":"ImageObject","inLanguage":"es","@id":"https:\/\/www.subaru.es\/blog\/#\/schema\/logo\/image\/","url":"https:\/\/www.subaru.es\/blog\/wp-content\/uploads\/2016\/12\/Logo-Subaru-TypeV_C300-scaled.jpg","contentUrl":"https:\/\/www.subaru.es\/blog\/wp-content\/uploads\/2016\/12\/Logo-Subaru-TypeV_C300-scaled.jpg","width":2560,"height":1864,"caption":"Subaru Espa\u00f1a S.A."},"image":{"@id":"https:\/\/www.subaru.es\/blog\/#\/schema\/logo\/image\/"},"sameAs":["https:\/\/www.facebook.com\/subaruespana","https:\/\/www.instagram.com\/subarues\/","https:\/\/www.youtube.com\/user\/subaruespana"]},{"@type":"Person","@id":"https:\/\/www.subaru.es\/blog\/#\/schema\/person\/19a90b892230b8e0ec752704ddf4aa10","name":"Subaru","url":"https:\/\/www.subaru.es\/blog\/author\/subaria\/"}]}},"_links":{"self":[{"href":"https:\/\/www.subaru.es\/blog\/wp-json\/wp\/v2\/posts\/1677","targetHints":{"allow":["GET"]}}],"collection":[{"href":"https:\/\/www.subaru.es\/blog\/wp-json\/wp\/v2\/posts"}],"about":[{"href":"https:\/\/www.subaru.es\/blog\/wp-json\/wp\/v2\/types\/post"}],"author":[{"embeddable":true,"href":"https:\/\/www.subaru.es\/blog\/wp-json\/wp\/v2\/users\/21"}],"replies":[{"embeddable":true,"href":"https:\/\/www.subaru.es\/blog\/wp-json\/wp\/v2\/comments?post=1677"}],"version-history":[{"count":1,"href":"https:\/\/www.subaru.es\/blog\/wp-json\/wp\/v2\/posts\/1677\/revisions"}],"predecessor-version":[{"id":15318,"href":"https:\/\/www.subaru.es\/blog\/wp-json\/wp\/v2\/posts\/1677\/revisions\/15318"}],"wp:featuredmedia":[{"embeddable":true,"href":"https:\/\/www.subaru.es\/blog\/wp-json\/wp\/v2\/media\/1678"}],"wp:attachment":[{"href":"https:\/\/www.subaru.es\/blog\/wp-json\/wp\/v2\/media?parent=1677"}],"wp:term":[{"taxonomy":"category","embeddable":true,"href":"https:\/\/www.subaru.es\/blog\/wp-json\/wp\/v2\/categories?post=1677"},{"taxonomy":"post_tag","embeddable":true,"href":"https:\/\/www.subaru.es\/blog\/wp-json\/wp\/v2\/tags?post=1677"}],"curies":[{"name":"wp","href":"https:\/\/api.w.org\/{rel}","templated":true}]}}