{"id":16686,"date":"2016-12-14T19:34:56","date_gmt":"2016-12-14T17:34:56","guid":{"rendered":"http:\/\/www.subaru.es\/blog\/?p=16686"},"modified":"2017-02-16T15:20:39","modified_gmt":"2017-02-16T13:20:39","slug":"ventas-coches-subaru-con-eyesight-suman-un-millon","status":"publish","type":"post","link":"https:\/\/www.subaru.es\/blog\/nuestra-marca\/ventas-coches-subaru-con-eyesight-suman-un-millon\/","title":{"rendered":"Las ventas de coches Subaru equipados con EyeSight suman ya un mill\u00f3n"},"content":{"rendered":"<p><b><\/b><span style=\"color: #000000;\"><span style=\"font-family: Verdana, sans-serif;\"><span style=\"font-size: small;\"><br \/>\n<\/span><\/span><\/span><strong><span style=\"color: #000000;\"><span style=\"font-family: Verdana, sans-serif;\"><span style=\"font-size: small;\">L<\/span><\/span><\/span><span style=\"color: #000000;\"><span style=\"font-family: Verdana, sans-serif;\"><span style=\"font-size: small;\">as ventas mundiales acumuladas de veh\u00edculos Subaru equipados con nuestra ya consagrada tecnolog\u00eda EyeSight han superado el mill\u00f3n de unidades. Hemos alcanzado la m\u00e1gica cifra el pasado mes de noviembre. Solo ocho a\u00f1os despu\u00e9s de que el sistema se instalara por primera vez en Jap\u00f3n en mayo de 2008. <\/span><\/span><\/span><\/strong><\/p>\n<p><span style=\"color: #000000;\"><span style=\"font-family: Verdana, sans-serif;\"><span style=\"font-size: small;\">Nuestra tecnolog\u00eda EyeSight, que como sab\u00e9is es el sistema de seguridad preventiva de Subaru encaminado a cumplir con el <em>leit motiv<\/em> de <a href=\"http:\/\/www.fhi.co.jp\/english\/\"><strong>Fuji Heavy Industries<\/strong><\/a> &#8211;<strong>lograr cero accidentes con sus autom\u00f3viles<\/strong>-, es un referente a nivel<\/span><\/span><\/span><span style=\"color: #000000;\"><span style=\"font-family: Verdana, sans-serif;\"><span style=\"font-size: small;\"> mundial en materia de utilizaci\u00f3n de tecnolog\u00eda de c\u00e1maras est\u00e9reo exclusivamente para proporcionar asistencia al conductor.<\/span><\/span><\/span><\/p>\n<p><img decoding=\"async\" width=\"2048\" height=\"1360\" class=\"aligncenter size-full wp-image-16694 lazyload\" data-src=\"https:\/\/www.subaru.es\/blog\/wp-content\/uploads\/2016\/12\/subaru-eyesight-camera-system.jpg\" alt=\"subaru-eyesight-camera-system\" data-srcset=\"https:\/\/www.subaru.es\/blog\/wp-content\/uploads\/2016\/12\/subaru-eyesight-camera-system.jpg 2048w, https:\/\/www.subaru.es\/blog\/wp-content\/uploads\/2016\/12\/subaru-eyesight-camera-system-560x372.jpg 560w, https:\/\/www.subaru.es\/blog\/wp-content\/uploads\/2016\/12\/subaru-eyesight-camera-system-1440x956.jpg 1440w, https:\/\/www.subaru.es\/blog\/wp-content\/uploads\/2016\/12\/subaru-eyesight-camera-system-768x510.jpg 768w, https:\/\/www.subaru.es\/blog\/wp-content\/uploads\/2016\/12\/subaru-eyesight-camera-system-1536x1020.jpg 1536w\" data-sizes=\"(max-width: 2048px) 100vw, 2048px\" src=\"data:image\/svg+xml;base64,PHN2ZyB3aWR0aD0iMSIgaGVpZ2h0PSIxIiB4bWxucz0iaHR0cDovL3d3dy53My5vcmcvMjAwMC9zdmciPjwvc3ZnPg==\" style=\"--smush-placeholder-width: 2048px; --smush-placeholder-aspect-ratio: 2048\/1360;\" \/><\/p>\n<p>&nbsp;<\/p>\n<p><span style=\"color: #000000;\"><span style=\"font-family: Verdana, sans-serif;\"><span style=\"font-size: small;\">Tal y como explica <a href=\"https:\/\/www.youtube.com\/watch?v=J0uaf66w7b8\"><strong>este v\u00eddeo<\/strong><\/a><\/span><\/span><\/span><span style=\"color: #000000;\"><span style=\"font-family: Verdana, sans-serif;\"><span style=\"font-size: small;\">, <strong>EyeSight es capaz de detectar los obst\u00e1culos a los que se puede enfrentar el veh\u00edculo<\/strong>. Lo hace tomando el control de los frenos en caso de que el conductor no pueda activarlos. Por ejemplo, puede evitar una colisi\u00f3n si el coche transita a una velocidad inferior a los 30 Km\/h. Y si la velocidad es superior, ayuda a reducir los posibles da\u00f1os provocados por una colisi\u00f3n.<\/span><\/span><\/span><\/p>\n<p><span style=\"color: #000000;\"><span style=\"font-family: Verdana, sans-serif;\"><span style=\"font-size: small;\">Como ya os contamos <\/span><\/span><\/span><span style=\"color: #000000;\"><span style=\"font-family: Verdana, sans-serif;\"><span style=\"font-size: small;\"><a href=\"http:\/\/subaria.com\/subaru\/subaru-da-un-paso-mas-en-materia-de-seguridad-preventiva-con-la-tercera-version-del-sistema-eyesight\/\"><strong>aqu\u00ed<\/strong><\/a>, el sistema EyeSight ha llegado hace unos meses al continente europeo en su tercera versi\u00f3n. Se trata de una actualizaci\u00f3n que<strong> optimiza el rendimiento y la fiabilidad de esta avanzada tecnolog\u00eda de seguridad<\/strong>. Ir\u00e1 incorporada de serie en el nuevo Levorg Lineartronic, el modelo escogido por nuestra marca para debutar en Europa con esta tercera generaci\u00f3n.<\/span><\/span><\/span><\/p>\n<p><span style=\"color: #000000;\"><span style=\"font-family: Verdana, sans-serif;\"><span style=\"font-size: small;\">En cuanto al mercado japon\u00e9s, <\/span><\/span><\/span><strong><span style=\"color: #000000;\"><span style=\"font-family: Verdana, sans-serif;\"><span style=\"font-size: small;\">el n\u00famero de accidentes en carretera ha disminuido<\/span><\/span><\/span><\/strong> <span style=\"color: #000000;\"><span style=\"font-family: Verdana, sans-serif;\"><span style=\"font-size: small;\"><strong>un 62%<\/strong> frente a los veh\u00edculos no dotados con Eyesight. Los\u00a0impactos traseros se han visto reducidos un 84% y un 49% los atropellos a peatones. S\u00f3lo en Jap\u00f3n el 80% de todos los Subaru que circulan por las carreteras cuenta con alguna generaci\u00f3n EyeSight.<\/span><\/span><\/span><\/p>\n<p><span style=\"color: #000000;\"><span style=\"font-family: Verdana, sans-serif;\"><span style=\"font-size: small;\">En ese sentido, conviene destacar que precisamente el EyeSight<\/span><\/span><\/span> <span style=\"color: #000000;\"><span style=\"font-family: Verdana, sans-serif;\"><span style=\"font-size: small;\">ha jugado un papel determinante para la concesi\u00f3n de numerosos reconocimientos internacionales. Todos ellos de m\u00e1ximo prestigio en materia de seguridad tanto preventiva, como activa y pasiva. Como muestra, os dejamos esta informaci\u00f3n:\u00a0<a href=\"http:\/\/subaria.com\/subaru\/%C2%BFpor-que-subaru-consigue-siempre-la-maxima-puntuacion-en-seguridad-de-euroncap\/\"><strong>\u00bfPor qu\u00e9 Subaru consigue siempre la m\u00e1xima puntuaci\u00f3n en seguridad de Euro Ncap?<\/strong><\/a><\/span><\/span><\/span><u><\/u><\/p>\n<h3><strong><span style=\"color: #000000;\"><span style=\"font-family: Verdana, sans-serif;\"><span style=\"font-size: small;\">ASISTE AL CONDUCTOR, NO LO REEMPLAZA<\/span><\/span><\/span><\/strong><\/h3>\n<p><span style=\"color: #000000;\"><span style=\"font-family: Verdana, sans-serif;\"><span style=\"font-size: small;\">Aprovechamos para <strong>recordaros que no se trata de un sistema de conducci\u00f3n aut\u00f3noma<\/strong>. Est\u00e1 dise\u00f1ado para asistir al conductor y no para reemplazarlo. Os dejamos <a href=\"http:\/\/subaria.com\/ingenieria-del-motor\/fhi-matriz-de-subaru-se-apoya-en-ibm-para-mejorar-su-sistema-de-seguridad-eyesight\/\"><strong>este link<\/strong><\/a> para que pod\u00e1is ver de manera detallada las m\u00faltiples funcionalidades que ofrece.\u00a0<\/span><\/span><\/span><\/p>\n","protected":false},"excerpt":{"rendered":"<p>Las ventas mundiales acumuladas de veh\u00edculos Subaru equipados con nuestra ya consagrada tecnolog\u00eda EyeSight han superado el mill\u00f3n de unidades. Hemos alcanzado la m\u00e1gica cifra el pasado mes de noviembre, tras ocho a\u00f1os desde que el sistema se instal\u00f3 por primera vez en Jap\u00f3n en mayo de 2008.<\/p>\n","protected":false},"author":21,"featured_media":16691,"comment_status":"open","ping_status":"closed","sticky":false,"template":"","format":"standard","meta":{"_acf_changed":false,"_eb_attr":"","inline_featured_image":false,"footnotes":""},"categories":[4401],"tags":[3188,4394,164,3681,4035,4246,4219],"class_list":["post-16686","post","type-post","status-publish","format-standard","has-post-thumbnail","hentry","category-nuestra-marca","tag-euro-ncap","tag-eyesight","tag-seguridad","tag-seguridad-activa","tag-sistemas-de-seguridad-activa","tag-subaru-eyesight","tag-tecnologia-subaru"],"acf":[],"yoast_head":"<!-- This site is optimized with the Yoast SEO plugin v27.3 - https:\/\/yoast.com\/product\/yoast-seo-wordpress\/ -->\n<title>Ventas coches Subaru equipados con EyeSight suman un mill\u00f3n<\/title>\n<meta name=\"description\" content=\"Las ventas de veh\u00edculos Subaru equipados con EyeSight han superado el mill\u00f3n de unidades, tras ocho a\u00f1os desde que se instal\u00f3 por primera vez en Jap\u00f3n\" \/>\n<meta name=\"robots\" content=\"index, follow, max-snippet:-1, max-image-preview:large, max-video-preview:-1\" \/>\n<link rel=\"canonical\" href=\"https:\/\/www.subaru.es\/blog\/nuestra-marca\/ventas-coches-subaru-con-eyesight-suman-un-millon\/\" \/>\n<meta property=\"og:locale\" content=\"es_ES\" \/>\n<meta property=\"og:type\" content=\"article\" \/>\n<meta property=\"og:title\" content=\"Ventas coches Subaru equipados con EyeSight suman un mill\u00f3n\" \/>\n<meta property=\"og:description\" content=\"Las ventas de veh\u00edculos Subaru equipados con EyeSight han superado el mill\u00f3n de unidades, tras ocho a\u00f1os desde que se instal\u00f3 por primera vez en Jap\u00f3n\" \/>\n<meta property=\"og:url\" content=\"https:\/\/www.subaru.es\/blog\/nuestra-marca\/ventas-coches-subaru-con-eyesight-suman-un-millon\/\" \/>\n<meta property=\"og:site_name\" content=\"Universo Subaru\" \/>\n<meta property=\"article:publisher\" content=\"https:\/\/www.facebook.com\/subaruespana\" \/>\n<meta property=\"article:published_time\" content=\"2016-12-14T17:34:56+00:00\" \/>\n<meta property=\"article:modified_time\" content=\"2017-02-16T13:20:39+00:00\" \/>\n<meta property=\"og:image\" content=\"https:\/\/www.subaru.es\/blog\/wp-content\/uploads\/2016\/12\/Subaru-Eyesight.jpg\" \/>\n\t<meta property=\"og:image:width\" content=\"1920\" \/>\n\t<meta property=\"og:image:height\" content=\"1275\" \/>\n\t<meta property=\"og:image:type\" content=\"image\/jpeg\" \/>\n<meta name=\"author\" content=\"Subaru\" \/>\n<meta name=\"twitter:card\" content=\"summary_large_image\" \/>\n<meta name=\"twitter:label1\" content=\"Escrito por\" \/>\n\t<meta name=\"twitter:data1\" content=\"Subaru\" \/>\n\t<meta name=\"twitter:label2\" content=\"Tiempo de lectura\" \/>\n\t<meta name=\"twitter:data2\" content=\"2 minutos\" \/>\n<script type=\"application\/ld+json\" class=\"yoast-schema-graph\">{\"@context\":\"https:\\\/\\\/schema.org\",\"@graph\":[{\"@type\":\"Article\",\"@id\":\"https:\\\/\\\/www.subaru.es\\\/blog\\\/nuestra-marca\\\/ventas-coches-subaru-con-eyesight-suman-un-millon\\\/#article\",\"isPartOf\":{\"@id\":\"https:\\\/\\\/www.subaru.es\\\/blog\\\/nuestra-marca\\\/ventas-coches-subaru-con-eyesight-suman-un-millon\\\/\"},\"author\":{\"name\":\"Subaru\",\"@id\":\"https:\\\/\\\/www.subaru.es\\\/blog\\\/#\\\/schema\\\/person\\\/19a90b892230b8e0ec752704ddf4aa10\"},\"headline\":\"Las ventas de coches Subaru equipados con EyeSight suman ya un mill\u00f3n\",\"datePublished\":\"2016-12-14T17:34:56+00:00\",\"dateModified\":\"2017-02-16T13:20:39+00:00\",\"mainEntityOfPage\":{\"@id\":\"https:\\\/\\\/www.subaru.es\\\/blog\\\/nuestra-marca\\\/ventas-coches-subaru-con-eyesight-suman-un-millon\\\/\"},\"wordCount\":442,\"commentCount\":0,\"publisher\":{\"@id\":\"https:\\\/\\\/www.subaru.es\\\/blog\\\/#organization\"},\"image\":{\"@id\":\"https:\\\/\\\/www.subaru.es\\\/blog\\\/nuestra-marca\\\/ventas-coches-subaru-con-eyesight-suman-un-millon\\\/#primaryimage\"},\"thumbnailUrl\":\"https:\\\/\\\/www.subaru.es\\\/blog\\\/wp-content\\\/uploads\\\/2016\\\/12\\\/Subaru-Eyesight.jpg\",\"keywords\":[\"Euro NCAP\",\"EyeSight\",\"seguridad\",\"Seguridad Activa\",\"Sistemas de seguridad activa\",\"Subaru EyeSight\",\"Tecnolog\u00eda Subaru\"],\"articleSection\":[\"Nuestra marca\"],\"inLanguage\":\"es\",\"potentialAction\":[{\"@type\":\"CommentAction\",\"name\":\"Comment\",\"target\":[\"https:\\\/\\\/www.subaru.es\\\/blog\\\/nuestra-marca\\\/ventas-coches-subaru-con-eyesight-suman-un-millon\\\/#respond\"]}]},{\"@type\":\"WebPage\",\"@id\":\"https:\\\/\\\/www.subaru.es\\\/blog\\\/nuestra-marca\\\/ventas-coches-subaru-con-eyesight-suman-un-millon\\\/\",\"url\":\"https:\\\/\\\/www.subaru.es\\\/blog\\\/nuestra-marca\\\/ventas-coches-subaru-con-eyesight-suman-un-millon\\\/\",\"name\":\"Ventas coches Subaru equipados con EyeSight suman un mill\u00f3n\",\"isPartOf\":{\"@id\":\"https:\\\/\\\/www.subaru.es\\\/blog\\\/#website\"},\"primaryImageOfPage\":{\"@id\":\"https:\\\/\\\/www.subaru.es\\\/blog\\\/nuestra-marca\\\/ventas-coches-subaru-con-eyesight-suman-un-millon\\\/#primaryimage\"},\"image\":{\"@id\":\"https:\\\/\\\/www.subaru.es\\\/blog\\\/nuestra-marca\\\/ventas-coches-subaru-con-eyesight-suman-un-millon\\\/#primaryimage\"},\"thumbnailUrl\":\"https:\\\/\\\/www.subaru.es\\\/blog\\\/wp-content\\\/uploads\\\/2016\\\/12\\\/Subaru-Eyesight.jpg\",\"datePublished\":\"2016-12-14T17:34:56+00:00\",\"dateModified\":\"2017-02-16T13:20:39+00:00\",\"description\":\"Las ventas de veh\u00edculos Subaru equipados con EyeSight han superado el mill\u00f3n de unidades, tras ocho a\u00f1os desde que se instal\u00f3 por primera vez en Jap\u00f3n\",\"breadcrumb\":{\"@id\":\"https:\\\/\\\/www.subaru.es\\\/blog\\\/nuestra-marca\\\/ventas-coches-subaru-con-eyesight-suman-un-millon\\\/#breadcrumb\"},\"inLanguage\":\"es\",\"potentialAction\":[{\"@type\":\"ReadAction\",\"target\":[\"https:\\\/\\\/www.subaru.es\\\/blog\\\/nuestra-marca\\\/ventas-coches-subaru-con-eyesight-suman-un-millon\\\/\"]}]},{\"@type\":\"ImageObject\",\"inLanguage\":\"es\",\"@id\":\"https:\\\/\\\/www.subaru.es\\\/blog\\\/nuestra-marca\\\/ventas-coches-subaru-con-eyesight-suman-un-millon\\\/#primaryimage\",\"url\":\"https:\\\/\\\/www.subaru.es\\\/blog\\\/wp-content\\\/uploads\\\/2016\\\/12\\\/Subaru-Eyesight.jpg\",\"contentUrl\":\"https:\\\/\\\/www.subaru.es\\\/blog\\\/wp-content\\\/uploads\\\/2016\\\/12\\\/Subaru-Eyesight.jpg\",\"width\":1920,\"height\":1275},{\"@type\":\"BreadcrumbList\",\"@id\":\"https:\\\/\\\/www.subaru.es\\\/blog\\\/nuestra-marca\\\/ventas-coches-subaru-con-eyesight-suman-un-millon\\\/#breadcrumb\",\"itemListElement\":[{\"@type\":\"ListItem\",\"position\":1,\"name\":\"Portada\",\"item\":\"https:\\\/\\\/www.subaru.es\\\/blog\\\/\"},{\"@type\":\"ListItem\",\"position\":2,\"name\":\"Las ventas de coches Subaru equipados con EyeSight suman ya un mill\u00f3n\"}]},{\"@type\":\"WebSite\",\"@id\":\"https:\\\/\\\/www.subaru.es\\\/blog\\\/#website\",\"url\":\"https:\\\/\\\/www.subaru.es\\\/blog\\\/\",\"name\":\"Universo Subaru\",\"description\":\"Descubre este apasionante espacio de Subaru donde vas a conocer todo sobre nuestros coches y las experiencias que vivimos con ellos. Si est\u00e1s preparado para dejarte seducir por la filosof\u00eda Subaru, qu\u00e9date con nosotros.\",\"publisher\":{\"@id\":\"https:\\\/\\\/www.subaru.es\\\/blog\\\/#organization\"},\"potentialAction\":[{\"@type\":\"SearchAction\",\"target\":{\"@type\":\"EntryPoint\",\"urlTemplate\":\"https:\\\/\\\/www.subaru.es\\\/blog\\\/?s={search_term_string}\"},\"query-input\":{\"@type\":\"PropertyValueSpecification\",\"valueRequired\":true,\"valueName\":\"search_term_string\"}}],\"inLanguage\":\"es\"},{\"@type\":\"Organization\",\"@id\":\"https:\\\/\\\/www.subaru.es\\\/blog\\\/#organization\",\"name\":\"Subaru Espa\u00f1a S.A.\",\"url\":\"https:\\\/\\\/www.subaru.es\\\/blog\\\/\",\"logo\":{\"@type\":\"ImageObject\",\"inLanguage\":\"es\",\"@id\":\"https:\\\/\\\/www.subaru.es\\\/blog\\\/#\\\/schema\\\/logo\\\/image\\\/\",\"url\":\"https:\\\/\\\/www.subaru.es\\\/blog\\\/wp-content\\\/uploads\\\/2016\\\/12\\\/Logo-Subaru-TypeV_C300-scaled.jpg\",\"contentUrl\":\"https:\\\/\\\/www.subaru.es\\\/blog\\\/wp-content\\\/uploads\\\/2016\\\/12\\\/Logo-Subaru-TypeV_C300-scaled.jpg\",\"width\":2560,\"height\":1864,\"caption\":\"Subaru Espa\u00f1a S.A.\"},\"image\":{\"@id\":\"https:\\\/\\\/www.subaru.es\\\/blog\\\/#\\\/schema\\\/logo\\\/image\\\/\"},\"sameAs\":[\"https:\\\/\\\/www.facebook.com\\\/subaruespana\",\"https:\\\/\\\/www.instagram.com\\\/subarues\\\/\",\"https:\\\/\\\/www.youtube.com\\\/user\\\/subaruespana\"]},{\"@type\":\"Person\",\"@id\":\"https:\\\/\\\/www.subaru.es\\\/blog\\\/#\\\/schema\\\/person\\\/19a90b892230b8e0ec752704ddf4aa10\",\"name\":\"Subaru\",\"url\":\"https:\\\/\\\/www.subaru.es\\\/blog\\\/author\\\/subaria\\\/\"}]}<\/script>\n<!-- \/ Yoast SEO plugin. -->","yoast_head_json":{"title":"Ventas coches Subaru equipados con EyeSight suman un mill\u00f3n","description":"Las ventas de veh\u00edculos Subaru equipados con EyeSight han superado el mill\u00f3n de unidades, tras ocho a\u00f1os desde que se instal\u00f3 por primera vez en Jap\u00f3n","robots":{"index":"index","follow":"follow","max-snippet":"max-snippet:-1","max-image-preview":"max-image-preview:large","max-video-preview":"max-video-preview:-1"},"canonical":"https:\/\/www.subaru.es\/blog\/nuestra-marca\/ventas-coches-subaru-con-eyesight-suman-un-millon\/","og_locale":"es_ES","og_type":"article","og_title":"Ventas coches Subaru equipados con EyeSight suman un mill\u00f3n","og_description":"Las ventas de veh\u00edculos Subaru equipados con EyeSight han superado el mill\u00f3n de unidades, tras ocho a\u00f1os desde que se instal\u00f3 por primera vez en Jap\u00f3n","og_url":"https:\/\/www.subaru.es\/blog\/nuestra-marca\/ventas-coches-subaru-con-eyesight-suman-un-millon\/","og_site_name":"Universo Subaru","article_publisher":"https:\/\/www.facebook.com\/subaruespana","article_published_time":"2016-12-14T17:34:56+00:00","article_modified_time":"2017-02-16T13:20:39+00:00","og_image":[{"width":1920,"height":1275,"url":"https:\/\/www.subaru.es\/blog\/wp-content\/uploads\/2016\/12\/Subaru-Eyesight.jpg","type":"image\/jpeg"}],"author":"Subaru","twitter_card":"summary_large_image","twitter_misc":{"Escrito por":"Subaru","Tiempo de lectura":"2 minutos"},"schema":{"@context":"https:\/\/schema.org","@graph":[{"@type":"Article","@id":"https:\/\/www.subaru.es\/blog\/nuestra-marca\/ventas-coches-subaru-con-eyesight-suman-un-millon\/#article","isPartOf":{"@id":"https:\/\/www.subaru.es\/blog\/nuestra-marca\/ventas-coches-subaru-con-eyesight-suman-un-millon\/"},"author":{"name":"Subaru","@id":"https:\/\/www.subaru.es\/blog\/#\/schema\/person\/19a90b892230b8e0ec752704ddf4aa10"},"headline":"Las ventas de coches Subaru equipados con EyeSight suman ya un mill\u00f3n","datePublished":"2016-12-14T17:34:56+00:00","dateModified":"2017-02-16T13:20:39+00:00","mainEntityOfPage":{"@id":"https:\/\/www.subaru.es\/blog\/nuestra-marca\/ventas-coches-subaru-con-eyesight-suman-un-millon\/"},"wordCount":442,"commentCount":0,"publisher":{"@id":"https:\/\/www.subaru.es\/blog\/#organization"},"image":{"@id":"https:\/\/www.subaru.es\/blog\/nuestra-marca\/ventas-coches-subaru-con-eyesight-suman-un-millon\/#primaryimage"},"thumbnailUrl":"https:\/\/www.subaru.es\/blog\/wp-content\/uploads\/2016\/12\/Subaru-Eyesight.jpg","keywords":["Euro NCAP","EyeSight","seguridad","Seguridad Activa","Sistemas de seguridad activa","Subaru EyeSight","Tecnolog\u00eda Subaru"],"articleSection":["Nuestra marca"],"inLanguage":"es","potentialAction":[{"@type":"CommentAction","name":"Comment","target":["https:\/\/www.subaru.es\/blog\/nuestra-marca\/ventas-coches-subaru-con-eyesight-suman-un-millon\/#respond"]}]},{"@type":"WebPage","@id":"https:\/\/www.subaru.es\/blog\/nuestra-marca\/ventas-coches-subaru-con-eyesight-suman-un-millon\/","url":"https:\/\/www.subaru.es\/blog\/nuestra-marca\/ventas-coches-subaru-con-eyesight-suman-un-millon\/","name":"Ventas coches Subaru equipados con EyeSight suman un mill\u00f3n","isPartOf":{"@id":"https:\/\/www.subaru.es\/blog\/#website"},"primaryImageOfPage":{"@id":"https:\/\/www.subaru.es\/blog\/nuestra-marca\/ventas-coches-subaru-con-eyesight-suman-un-millon\/#primaryimage"},"image":{"@id":"https:\/\/www.subaru.es\/blog\/nuestra-marca\/ventas-coches-subaru-con-eyesight-suman-un-millon\/#primaryimage"},"thumbnailUrl":"https:\/\/www.subaru.es\/blog\/wp-content\/uploads\/2016\/12\/Subaru-Eyesight.jpg","datePublished":"2016-12-14T17:34:56+00:00","dateModified":"2017-02-16T13:20:39+00:00","description":"Las ventas de veh\u00edculos Subaru equipados con EyeSight han superado el mill\u00f3n de unidades, tras ocho a\u00f1os desde que se instal\u00f3 por primera vez en Jap\u00f3n","breadcrumb":{"@id":"https:\/\/www.subaru.es\/blog\/nuestra-marca\/ventas-coches-subaru-con-eyesight-suman-un-millon\/#breadcrumb"},"inLanguage":"es","potentialAction":[{"@type":"ReadAction","target":["https:\/\/www.subaru.es\/blog\/nuestra-marca\/ventas-coches-subaru-con-eyesight-suman-un-millon\/"]}]},{"@type":"ImageObject","inLanguage":"es","@id":"https:\/\/www.subaru.es\/blog\/nuestra-marca\/ventas-coches-subaru-con-eyesight-suman-un-millon\/#primaryimage","url":"https:\/\/www.subaru.es\/blog\/wp-content\/uploads\/2016\/12\/Subaru-Eyesight.jpg","contentUrl":"https:\/\/www.subaru.es\/blog\/wp-content\/uploads\/2016\/12\/Subaru-Eyesight.jpg","width":1920,"height":1275},{"@type":"BreadcrumbList","@id":"https:\/\/www.subaru.es\/blog\/nuestra-marca\/ventas-coches-subaru-con-eyesight-suman-un-millon\/#breadcrumb","itemListElement":[{"@type":"ListItem","position":1,"name":"Portada","item":"https:\/\/www.subaru.es\/blog\/"},{"@type":"ListItem","position":2,"name":"Las ventas de coches Subaru equipados con EyeSight suman ya un mill\u00f3n"}]},{"@type":"WebSite","@id":"https:\/\/www.subaru.es\/blog\/#website","url":"https:\/\/www.subaru.es\/blog\/","name":"Universo Subaru","description":"Descubre este apasionante espacio de Subaru donde vas a conocer todo sobre nuestros coches y las experiencias que vivimos con ellos. Si est\u00e1s preparado para dejarte seducir por la filosof\u00eda Subaru, qu\u00e9date con nosotros.","publisher":{"@id":"https:\/\/www.subaru.es\/blog\/#organization"},"potentialAction":[{"@type":"SearchAction","target":{"@type":"EntryPoint","urlTemplate":"https:\/\/www.subaru.es\/blog\/?s={search_term_string}"},"query-input":{"@type":"PropertyValueSpecification","valueRequired":true,"valueName":"search_term_string"}}],"inLanguage":"es"},{"@type":"Organization","@id":"https:\/\/www.subaru.es\/blog\/#organization","name":"Subaru Espa\u00f1a S.A.","url":"https:\/\/www.subaru.es\/blog\/","logo":{"@type":"ImageObject","inLanguage":"es","@id":"https:\/\/www.subaru.es\/blog\/#\/schema\/logo\/image\/","url":"https:\/\/www.subaru.es\/blog\/wp-content\/uploads\/2016\/12\/Logo-Subaru-TypeV_C300-scaled.jpg","contentUrl":"https:\/\/www.subaru.es\/blog\/wp-content\/uploads\/2016\/12\/Logo-Subaru-TypeV_C300-scaled.jpg","width":2560,"height":1864,"caption":"Subaru Espa\u00f1a S.A."},"image":{"@id":"https:\/\/www.subaru.es\/blog\/#\/schema\/logo\/image\/"},"sameAs":["https:\/\/www.facebook.com\/subaruespana","https:\/\/www.instagram.com\/subarues\/","https:\/\/www.youtube.com\/user\/subaruespana"]},{"@type":"Person","@id":"https:\/\/www.subaru.es\/blog\/#\/schema\/person\/19a90b892230b8e0ec752704ddf4aa10","name":"Subaru","url":"https:\/\/www.subaru.es\/blog\/author\/subaria\/"}]}},"_links":{"self":[{"href":"https:\/\/www.subaru.es\/blog\/wp-json\/wp\/v2\/posts\/16686","targetHints":{"allow":["GET"]}}],"collection":[{"href":"https:\/\/www.subaru.es\/blog\/wp-json\/wp\/v2\/posts"}],"about":[{"href":"https:\/\/www.subaru.es\/blog\/wp-json\/wp\/v2\/types\/post"}],"author":[{"embeddable":true,"href":"https:\/\/www.subaru.es\/blog\/wp-json\/wp\/v2\/users\/21"}],"replies":[{"embeddable":true,"href":"https:\/\/www.subaru.es\/blog\/wp-json\/wp\/v2\/comments?post=16686"}],"version-history":[{"count":8,"href":"https:\/\/www.subaru.es\/blog\/wp-json\/wp\/v2\/posts\/16686\/revisions"}],"predecessor-version":[{"id":16951,"href":"https:\/\/www.subaru.es\/blog\/wp-json\/wp\/v2\/posts\/16686\/revisions\/16951"}],"wp:featuredmedia":[{"embeddable":true,"href":"https:\/\/www.subaru.es\/blog\/wp-json\/wp\/v2\/media\/16691"}],"wp:attachment":[{"href":"https:\/\/www.subaru.es\/blog\/wp-json\/wp\/v2\/media?parent=16686"}],"wp:term":[{"taxonomy":"category","embeddable":true,"href":"https:\/\/www.subaru.es\/blog\/wp-json\/wp\/v2\/categories?post=16686"},{"taxonomy":"post_tag","embeddable":true,"href":"https:\/\/www.subaru.es\/blog\/wp-json\/wp\/v2\/tags?post=16686"}],"curies":[{"name":"wp","href":"https:\/\/api.w.org\/{rel}","templated":true}]}}