{"id":16547,"date":"2016-12-21T10:59:05","date_gmt":"2016-12-21T08:59:05","guid":{"rendered":"http:\/\/www.subaru.es\/blog\/?p=16547"},"modified":"2017-02-16T15:08:55","modified_gmt":"2017-02-16T13:08:55","slug":"el-nuevo-blog-de-subaru","status":"publish","type":"post","link":"https:\/\/www.subaru.es\/blog\/nuestra-marca\/el-nuevo-blog-de-subaru\/","title":{"rendered":"Subaru estrena nuevo blog"},"content":{"rendered":"<p><span style=\"color: #000000;\"><strong>Los tiempos cambian y nosotros con ellos. Hemos actualizado Subaria, y el\u00a0resultado es el que est\u00e1is viendo: el nuevo Blog de Subaru. Esperamos que este espacio se convierta en el eje de nuestra comunidad. En ella, sois imprescindibles. A partir de un nuevo dise\u00f1o, <em>responsive<\/em> y de \u00e1gil navegaci\u00f3n, vais a encontrar toda la informaci\u00f3n relativa a nuestra marca f\u00e1cilmente estructurada por tem\u00e1ticas.\u00a0\u00bfEst\u00e1is preparados para dejaros seducir por la filosof\u00eda Subaru?<\/strong><\/span><\/p>\n<p>El contenido, m\u00e1s cohesionado y accesible desde cualquier dispositivo, est\u00e1 estructurado en cinco grandes secciones: <strong>Motor, Nuestra Marca, Jap\u00f3n, Pet Lovers y Outdoor<\/strong>. A continuaci\u00f3n os detallamos qu\u00e9 tipo de informaci\u00f3n pod\u00e9is encontrar en cada una de ellas.<\/p>\n<h3><strong>MOTOR<\/strong><\/h3>\n<p>En esta secci\u00f3n mostramos por qu\u00e9 los veh\u00edculos que fabricamos son garant\u00eda de seguridad total para el conductor, los pasajeros y los peatones. Podr\u00e9is comprobar nuestro alto grado de compromiso con la excelencia de la ingenier\u00eda y con la seguridad. Os explicaremos las caracter\u00edsticas exclusivas de Subaru en cuanto a tecnolog\u00eda, como Symmetrical AWD, transmisi\u00f3n Lineartronic, motores b\u00f3xer y los sistemas SI-Drive, X-Mode y EyeSight, que contribuyen a aportar m\u00e1xima confianza y seguridad durante la conducci\u00f3n.<\/p>\n<p><a href=\"https:\/\/www.subaru.es\/blog\/motor\/\"><img decoding=\"async\" width=\"1200\" height=\"600\" class=\"aligncenter size-full wp-image-16593 lazyload\" data-src=\"https:\/\/www.subaru.es\/blog\/wp-content\/uploads\/2016\/12\/competicion.jpg\" alt=\"competicion\" data-srcset=\"https:\/\/www.subaru.es\/blog\/wp-content\/uploads\/2016\/12\/competicion.jpg 1200w, https:\/\/www.subaru.es\/blog\/wp-content\/uploads\/2016\/12\/competicion-560x280.jpg 560w, https:\/\/www.subaru.es\/blog\/wp-content\/uploads\/2016\/12\/competicion-768x384.jpg 768w\" data-sizes=\"(max-width: 1200px) 100vw, 1200px\" src=\"data:image\/svg+xml;base64,PHN2ZyB3aWR0aD0iMSIgaGVpZ2h0PSIxIiB4bWxucz0iaHR0cDovL3d3dy53My5vcmcvMjAwMC9zdmciPjwvc3ZnPg==\" style=\"--smush-placeholder-width: 1200px; --smush-placeholder-aspect-ratio: 1200\/600;\" \/><\/a><\/p>\n<p>&nbsp;<\/p>\n<h3><strong>NUESTRA\u00a0MARCA<\/strong><\/h3>\n<p>Subaru es reconocida mundialmente por su compromiso con la seguridad y la tecnolog\u00eda. Nuestra marca se asienta, adem\u00e1s, sobre unos pilares perfectamente alineados con lo que para nosotros debe aportar un autom\u00f3vil: resistencia, inconformismo, placer, tranquilidad y aventura. <strong>Este espacio servir\u00e1 para conocer la filosof\u00eda Subaru<\/strong> y para entender por qu\u00e9 nuestros veh\u00edculos ofrecen una experiencia de conducci\u00f3n realmente extraordinaria.<\/p>\n<p>En esta secci\u00f3n encontrar\u00e9is, adem\u00e1s,<strong> informaci\u00f3n sobre nuestra gama de veh\u00edculos<\/strong>, compuesta por seis modelos tan exclusivos como quienes los disfrutan:<\/p>\n<p>El <a href=\"http:\/\/www.subaru.es\/vehiculos\/forester\"><strong>Forester<\/strong><\/a>, duro, fiable, amplio y resistente; el <strong><a href=\"http:\/\/www.subaru.es\/vehiculos\/outback\" target=\"_blank\" rel=\"noreferrer\">Outback<\/a><\/strong>, el SUV familiar m\u00e1s seguro y refinado; el\u00a0<a href=\"http:\/\/www.subaru.es\/vehiculos\/xv\"><strong>XV<\/strong><\/a>, un <em>crossover<\/em> de ciudad con ansias de aventura; el <a href=\"http:\/\/www.subaru.es\/vehiculos\/wrx\"><strong>WRX STI<\/strong><\/a>, un coche de carreras para todos los d\u00edas; el <a href=\"http:\/\/www.subaru.es\/vehiculos\/brz\"><strong>BRZ<\/strong><\/a>, dise\u00f1ado para disparar la adrenalina que atrae todas las miradas, y el <a href=\"http:\/\/www.subaru.es\/vehiculos\/levorg\"><strong>Levorg<\/strong><\/a>, un deportivo audaz, espacioso y excitante.<\/p>\n<p><a href=\"https:\/\/www.subaru.es\/blog\/nuestra-marca\/\"><img decoding=\"async\" width=\"1200\" height=\"600\" class=\"aligncenter size-full wp-image-16592 lazyload\" data-src=\"https:\/\/www.subaru.es\/blog\/wp-content\/uploads\/2016\/12\/nuestra_marca.jpg\" alt=\"nuestra_marca\" data-srcset=\"https:\/\/www.subaru.es\/blog\/wp-content\/uploads\/2016\/12\/nuestra_marca.jpg 1200w, https:\/\/www.subaru.es\/blog\/wp-content\/uploads\/2016\/12\/nuestra_marca-560x280.jpg 560w, https:\/\/www.subaru.es\/blog\/wp-content\/uploads\/2016\/12\/nuestra_marca-768x384.jpg 768w\" data-sizes=\"(max-width: 1200px) 100vw, 1200px\" src=\"data:image\/svg+xml;base64,PHN2ZyB3aWR0aD0iMSIgaGVpZ2h0PSIxIiB4bWxucz0iaHR0cDovL3d3dy53My5vcmcvMjAwMC9zdmciPjwvc3ZnPg==\" style=\"--smush-placeholder-width: 1200px; --smush-placeholder-aspect-ratio: 1200\/600;\" \/><\/a><\/p>\n<p>&nbsp;<\/p>\n<h3><strong>JAP\u00d3N<\/strong><\/h3>\n<p>Dado que Jap\u00f3n es nuestro pa\u00eds de origen, <strong>en este bloque desarrollamos un espacio para conocer su apasionante cultura<\/strong>. En ella, el cumplimiento de las normas, la \u00e9tica, el orden y la moral son los principios b\u00e1sicos. En ese sentido, Subaru ha contribuido desde su nacimiento a transmitir esos valores en cada uno de los modelos que ha desarrollado y al relacionarse con sus usuarios. Por eso a trav\u00e9s de esta secci\u00f3n nos gustar\u00eda introduciros en su idiosincrasia y sus tradiciones.<\/p>\n<p><a href=\"https:\/\/www.subaru.es\/blog\/japon\/\"><img decoding=\"async\" width=\"1200\" height=\"600\" class=\"aligncenter size-full wp-image-16591 lazyload\" data-src=\"https:\/\/www.subaru.es\/blog\/wp-content\/uploads\/2016\/12\/japon.jpg\" alt=\"japon\" data-srcset=\"https:\/\/www.subaru.es\/blog\/wp-content\/uploads\/2016\/12\/japon.jpg 1200w, https:\/\/www.subaru.es\/blog\/wp-content\/uploads\/2016\/12\/japon-560x280.jpg 560w, https:\/\/www.subaru.es\/blog\/wp-content\/uploads\/2016\/12\/japon-768x384.jpg 768w\" data-sizes=\"(max-width: 1200px) 100vw, 1200px\" src=\"data:image\/svg+xml;base64,PHN2ZyB3aWR0aD0iMSIgaGVpZ2h0PSIxIiB4bWxucz0iaHR0cDovL3d3dy53My5vcmcvMjAwMC9zdmciPjwvc3ZnPg==\" style=\"--smush-placeholder-width: 1200px; --smush-placeholder-aspect-ratio: 1200\/600;\" \/><\/a><\/p>\n<p>&nbsp;<\/p>\n<h3><strong>PET\u00a0LOVERS<\/strong><\/h3>\n<p><strong>Fruto del amor de Subaru por los animales<\/strong>, os presentamos esta simp\u00e1tica secci\u00f3n cuyos protagonistas son las mascotas. Esos compa\u00f1eros peludos de cuatro patas por los que sentimos un cari\u00f1o excepcional son parte del estilo de vida Subaru. En definitiva, una forma de vida para personas aventureras que disfrutan el ocio al aire libre en compa\u00f1\u00eda de su familia y, en muchos casos, tambi\u00e9n de sus m\u00e1s fieles amigos.<\/p>\n<p><a href=\"https:\/\/www.subaru.es\/blog\/pet-lovers\/\"><img decoding=\"async\" width=\"1200\" height=\"600\" class=\"aligncenter size-full wp-image-16590 lazyload\" data-src=\"https:\/\/www.subaru.es\/blog\/wp-content\/uploads\/2016\/12\/pet_lovers.jpg\" alt=\"pet_lovers\" data-srcset=\"https:\/\/www.subaru.es\/blog\/wp-content\/uploads\/2016\/12\/pet_lovers.jpg 1200w, https:\/\/www.subaru.es\/blog\/wp-content\/uploads\/2016\/12\/pet_lovers-560x280.jpg 560w, https:\/\/www.subaru.es\/blog\/wp-content\/uploads\/2016\/12\/pet_lovers-768x384.jpg 768w\" data-sizes=\"(max-width: 1200px) 100vw, 1200px\" src=\"data:image\/svg+xml;base64,PHN2ZyB3aWR0aD0iMSIgaGVpZ2h0PSIxIiB4bWxucz0iaHR0cDovL3d3dy53My5vcmcvMjAwMC9zdmciPjwvc3ZnPg==\" style=\"--smush-placeholder-width: 1200px; --smush-placeholder-aspect-ratio: 1200\/600;\" \/><\/a><\/p>\n<p>&nbsp;<\/p>\n<h3><strong>OUTDOOR<\/strong><\/h3>\n<p>Este apartado est\u00e1 ideado para<strong> mostrar por qu\u00e9 los conductores de un Subaru son fan\u00e1ticos de la vida<\/strong>. Personas apasionadas que intentan que cada d\u00eda sea el mejor. Gracias a nuestro sistema de tracci\u00f3n total sim\u00e9trica, nuestros coches ofrecen la confianza necesaria para aventurarse por cualquier lugar. Y en este apartado queremos contarte un sinf\u00edn de aventuras sin l\u00edmite. Un Subaru nace para recorrer largas distancias, es un veh\u00edculo pensado para personas espont\u00e1neas, aventureras y apasionadas que aceptan cualquier tipo de reto.<strong> \u00bfTe subes?<\/strong><\/p>\n<p><a href=\"https:\/\/www.subaru.es\/blog\/outdoor\/\"><img decoding=\"async\" width=\"1200\" height=\"600\" class=\"aligncenter size-full wp-image-16589 lazyload\" data-src=\"https:\/\/www.subaru.es\/blog\/wp-content\/uploads\/2016\/12\/outdoor.jpg\" alt=\"outdoor\" data-srcset=\"https:\/\/www.subaru.es\/blog\/wp-content\/uploads\/2016\/12\/outdoor.jpg 1200w, https:\/\/www.subaru.es\/blog\/wp-content\/uploads\/2016\/12\/outdoor-560x280.jpg 560w, https:\/\/www.subaru.es\/blog\/wp-content\/uploads\/2016\/12\/outdoor-768x384.jpg 768w\" data-sizes=\"(max-width: 1200px) 100vw, 1200px\" src=\"data:image\/svg+xml;base64,PHN2ZyB3aWR0aD0iMSIgaGVpZ2h0PSIxIiB4bWxucz0iaHR0cDovL3d3dy53My5vcmcvMjAwMC9zdmciPjwvc3ZnPg==\" style=\"--smush-placeholder-width: 1200px; --smush-placeholder-aspect-ratio: 1200\/600;\" \/><\/a><\/p>\n<p>&nbsp;<\/p>\n<p>\u00a1Bienvenidos al nuevo Blog de Subaru! Una vez que te introduzcas en \u00e9l, seguro que querr\u00e1s pasar a formar parte de esta gran<strong> familia de subaristas que constituye nuestra esencia<\/strong>.<\/p>\n","protected":false},"excerpt":{"rendered":"<p>Los tiempos cambian y nosotros con ellos. Hemos actualizado Subaria, y el resultado es el que est\u00e1is viendo: el nuevo Blog de Subaru. Esperamos que este espacio se convierta en el eje de nuestra comunidad. En ella, sois imprescindibles. A partir de un nuevo dise\u00f1o, responsive y de \u00e1gil navegaci\u00f3n, vais a encontrar toda la informaci\u00f3n relativa a nuestra marca f\u00e1cilmente estructurada por tem\u00e1ticas. \u00bfEst\u00e1is preparados para dejaros seducir por la filosof\u00eda Subaru?<\/p>\n","protected":false},"author":21,"featured_media":16584,"comment_status":"open","ping_status":"closed","sticky":false,"template":"","format":"standard","meta":{"_acf_changed":false,"_eb_attr":"","inline_featured_image":false,"footnotes":""},"categories":[4401],"tags":[3900,13,540,4414,293,4415,4363,2682,820,62,243,4120],"class_list":["post-16547","post","type-post","status-publish","format-standard","has-post-thumbnail","hentry","category-nuestra-marca","tag-brz","tag-forester","tag-japon","tag-levorg","tag-motor-boxer","tag-pet-lovers","tag-petlovers","tag-subaria","tag-tecnologia","tag-wrx","tag-wrx-sti","tag-xv"],"acf":[],"yoast_head":"<!-- This site is optimized with the Yoast SEO plugin v27.3 - https:\/\/yoast.com\/product\/yoast-seo-wordpress\/ -->\n<title>Subaru estrena nuevo blog - Universo Subaru<\/title>\n<meta name=\"robots\" content=\"index, follow, max-snippet:-1, max-image-preview:large, max-video-preview:-1\" \/>\n<link rel=\"canonical\" href=\"https:\/\/www.subaru.es\/blog\/nuestra-marca\/el-nuevo-blog-de-subaru\/\" \/>\n<meta property=\"og:locale\" content=\"es_ES\" \/>\n<meta property=\"og:type\" content=\"article\" \/>\n<meta property=\"og:title\" content=\"Subaru estrena nuevo blog - Universo Subaru\" \/>\n<meta property=\"og:description\" content=\"Los tiempos cambian y nosotros con ellos. Hemos actualizado Subaria, y el resultado es el que est\u00e1is viendo: el nuevo Blog de Subaru. Esperamos que este espacio se convierta en el eje de nuestra comunidad. En ella, sois imprescindibles. A partir de un nuevo dise\u00f1o, responsive y de \u00e1gil navegaci\u00f3n, vais a encontrar toda la informaci\u00f3n relativa a nuestra marca f\u00e1cilmente estructurada por tem\u00e1ticas. \u00bfEst\u00e1is preparados para dejaros seducir por la filosof\u00eda Subaru?\" \/>\n<meta property=\"og:url\" content=\"https:\/\/www.subaru.es\/blog\/nuestra-marca\/el-nuevo-blog-de-subaru\/\" \/>\n<meta property=\"og:site_name\" content=\"Universo Subaru\" \/>\n<meta property=\"article:publisher\" content=\"https:\/\/www.facebook.com\/subaruespana\" \/>\n<meta property=\"article:published_time\" content=\"2016-12-21T08:59:05+00:00\" \/>\n<meta property=\"article:modified_time\" content=\"2017-02-16T13:08:55+00:00\" \/>\n<meta property=\"og:image\" content=\"https:\/\/www.subaru.es\/blog\/wp-content\/uploads\/2016\/12\/Logo-Subaru-1.jpg\" \/>\n\t<meta property=\"og:image:width\" content=\"2047\" \/>\n\t<meta property=\"og:image:height\" content=\"817\" \/>\n\t<meta property=\"og:image:type\" content=\"image\/jpeg\" \/>\n<meta name=\"author\" content=\"Subaru\" \/>\n<meta name=\"twitter:card\" content=\"summary_large_image\" \/>\n<meta name=\"twitter:label1\" content=\"Escrito por\" \/>\n\t<meta name=\"twitter:data1\" content=\"Subaru\" \/>\n\t<meta name=\"twitter:label2\" content=\"Tiempo de lectura\" \/>\n\t<meta name=\"twitter:data2\" content=\"3 minutos\" \/>\n<script type=\"application\/ld+json\" class=\"yoast-schema-graph\">{\"@context\":\"https:\\\/\\\/schema.org\",\"@graph\":[{\"@type\":\"Article\",\"@id\":\"https:\\\/\\\/www.subaru.es\\\/blog\\\/nuestra-marca\\\/el-nuevo-blog-de-subaru\\\/#article\",\"isPartOf\":{\"@id\":\"https:\\\/\\\/www.subaru.es\\\/blog\\\/nuestra-marca\\\/el-nuevo-blog-de-subaru\\\/\"},\"author\":{\"name\":\"Subaru\",\"@id\":\"https:\\\/\\\/www.subaru.es\\\/blog\\\/#\\\/schema\\\/person\\\/19a90b892230b8e0ec752704ddf4aa10\"},\"headline\":\"Subaru estrena nuevo blog\",\"datePublished\":\"2016-12-21T08:59:05+00:00\",\"dateModified\":\"2017-02-16T13:08:55+00:00\",\"mainEntityOfPage\":{\"@id\":\"https:\\\/\\\/www.subaru.es\\\/blog\\\/nuestra-marca\\\/el-nuevo-blog-de-subaru\\\/\"},\"wordCount\":667,\"commentCount\":6,\"publisher\":{\"@id\":\"https:\\\/\\\/www.subaru.es\\\/blog\\\/#organization\"},\"image\":{\"@id\":\"https:\\\/\\\/www.subaru.es\\\/blog\\\/nuestra-marca\\\/el-nuevo-blog-de-subaru\\\/#primaryimage\"},\"thumbnailUrl\":\"https:\\\/\\\/www.subaru.es\\\/blog\\\/wp-content\\\/uploads\\\/2016\\\/12\\\/Logo-Subaru-1.jpg\",\"keywords\":[\"BRZ\",\"forester\",\"japon\",\"Levorg\",\"motor boxer\",\"Pet Lovers\",\"petlovers\",\"subaria\",\"tecnolog\u00eda\",\"wrx\",\"wrx sti\",\"XV\"],\"articleSection\":[\"Nuestra marca\"],\"inLanguage\":\"es\",\"potentialAction\":[{\"@type\":\"CommentAction\",\"name\":\"Comment\",\"target\":[\"https:\\\/\\\/www.subaru.es\\\/blog\\\/nuestra-marca\\\/el-nuevo-blog-de-subaru\\\/#respond\"]}]},{\"@type\":\"WebPage\",\"@id\":\"https:\\\/\\\/www.subaru.es\\\/blog\\\/nuestra-marca\\\/el-nuevo-blog-de-subaru\\\/\",\"url\":\"https:\\\/\\\/www.subaru.es\\\/blog\\\/nuestra-marca\\\/el-nuevo-blog-de-subaru\\\/\",\"name\":\"Subaru estrena nuevo blog - Universo Subaru\",\"isPartOf\":{\"@id\":\"https:\\\/\\\/www.subaru.es\\\/blog\\\/#website\"},\"primaryImageOfPage\":{\"@id\":\"https:\\\/\\\/www.subaru.es\\\/blog\\\/nuestra-marca\\\/el-nuevo-blog-de-subaru\\\/#primaryimage\"},\"image\":{\"@id\":\"https:\\\/\\\/www.subaru.es\\\/blog\\\/nuestra-marca\\\/el-nuevo-blog-de-subaru\\\/#primaryimage\"},\"thumbnailUrl\":\"https:\\\/\\\/www.subaru.es\\\/blog\\\/wp-content\\\/uploads\\\/2016\\\/12\\\/Logo-Subaru-1.jpg\",\"datePublished\":\"2016-12-21T08:59:05+00:00\",\"dateModified\":\"2017-02-16T13:08:55+00:00\",\"breadcrumb\":{\"@id\":\"https:\\\/\\\/www.subaru.es\\\/blog\\\/nuestra-marca\\\/el-nuevo-blog-de-subaru\\\/#breadcrumb\"},\"inLanguage\":\"es\",\"potentialAction\":[{\"@type\":\"ReadAction\",\"target\":[\"https:\\\/\\\/www.subaru.es\\\/blog\\\/nuestra-marca\\\/el-nuevo-blog-de-subaru\\\/\"]}]},{\"@type\":\"ImageObject\",\"inLanguage\":\"es\",\"@id\":\"https:\\\/\\\/www.subaru.es\\\/blog\\\/nuestra-marca\\\/el-nuevo-blog-de-subaru\\\/#primaryimage\",\"url\":\"https:\\\/\\\/www.subaru.es\\\/blog\\\/wp-content\\\/uploads\\\/2016\\\/12\\\/Logo-Subaru-1.jpg\",\"contentUrl\":\"https:\\\/\\\/www.subaru.es\\\/blog\\\/wp-content\\\/uploads\\\/2016\\\/12\\\/Logo-Subaru-1.jpg\",\"width\":2047,\"height\":817},{\"@type\":\"BreadcrumbList\",\"@id\":\"https:\\\/\\\/www.subaru.es\\\/blog\\\/nuestra-marca\\\/el-nuevo-blog-de-subaru\\\/#breadcrumb\",\"itemListElement\":[{\"@type\":\"ListItem\",\"position\":1,\"name\":\"Portada\",\"item\":\"https:\\\/\\\/www.subaru.es\\\/blog\\\/\"},{\"@type\":\"ListItem\",\"position\":2,\"name\":\"Subaru estrena nuevo blog\"}]},{\"@type\":\"WebSite\",\"@id\":\"https:\\\/\\\/www.subaru.es\\\/blog\\\/#website\",\"url\":\"https:\\\/\\\/www.subaru.es\\\/blog\\\/\",\"name\":\"Universo Subaru\",\"description\":\"Descubre este apasionante espacio de Subaru donde vas a conocer todo sobre nuestros coches y las experiencias que vivimos con ellos. Si est\u00e1s preparado para dejarte seducir por la filosof\u00eda Subaru, qu\u00e9date con nosotros.\",\"publisher\":{\"@id\":\"https:\\\/\\\/www.subaru.es\\\/blog\\\/#organization\"},\"potentialAction\":[{\"@type\":\"SearchAction\",\"target\":{\"@type\":\"EntryPoint\",\"urlTemplate\":\"https:\\\/\\\/www.subaru.es\\\/blog\\\/?s={search_term_string}\"},\"query-input\":{\"@type\":\"PropertyValueSpecification\",\"valueRequired\":true,\"valueName\":\"search_term_string\"}}],\"inLanguage\":\"es\"},{\"@type\":\"Organization\",\"@id\":\"https:\\\/\\\/www.subaru.es\\\/blog\\\/#organization\",\"name\":\"Subaru Espa\u00f1a S.A.\",\"url\":\"https:\\\/\\\/www.subaru.es\\\/blog\\\/\",\"logo\":{\"@type\":\"ImageObject\",\"inLanguage\":\"es\",\"@id\":\"https:\\\/\\\/www.subaru.es\\\/blog\\\/#\\\/schema\\\/logo\\\/image\\\/\",\"url\":\"https:\\\/\\\/www.subaru.es\\\/blog\\\/wp-content\\\/uploads\\\/2016\\\/12\\\/Logo-Subaru-TypeV_C300-scaled.jpg\",\"contentUrl\":\"https:\\\/\\\/www.subaru.es\\\/blog\\\/wp-content\\\/uploads\\\/2016\\\/12\\\/Logo-Subaru-TypeV_C300-scaled.jpg\",\"width\":2560,\"height\":1864,\"caption\":\"Subaru Espa\u00f1a S.A.\"},\"image\":{\"@id\":\"https:\\\/\\\/www.subaru.es\\\/blog\\\/#\\\/schema\\\/logo\\\/image\\\/\"},\"sameAs\":[\"https:\\\/\\\/www.facebook.com\\\/subaruespana\",\"https:\\\/\\\/www.instagram.com\\\/subarues\\\/\",\"https:\\\/\\\/www.youtube.com\\\/user\\\/subaruespana\"]},{\"@type\":\"Person\",\"@id\":\"https:\\\/\\\/www.subaru.es\\\/blog\\\/#\\\/schema\\\/person\\\/19a90b892230b8e0ec752704ddf4aa10\",\"name\":\"Subaru\",\"url\":\"https:\\\/\\\/www.subaru.es\\\/blog\\\/author\\\/subaria\\\/\"}]}<\/script>\n<!-- \/ Yoast SEO plugin. -->","yoast_head_json":{"title":"Subaru estrena nuevo blog - Universo Subaru","robots":{"index":"index","follow":"follow","max-snippet":"max-snippet:-1","max-image-preview":"max-image-preview:large","max-video-preview":"max-video-preview:-1"},"canonical":"https:\/\/www.subaru.es\/blog\/nuestra-marca\/el-nuevo-blog-de-subaru\/","og_locale":"es_ES","og_type":"article","og_title":"Subaru estrena nuevo blog - Universo Subaru","og_description":"Los tiempos cambian y nosotros con ellos. Hemos actualizado Subaria, y el resultado es el que est\u00e1is viendo: el nuevo Blog de Subaru. Esperamos que este espacio se convierta en el eje de nuestra comunidad. En ella, sois imprescindibles. A partir de un nuevo dise\u00f1o, responsive y de \u00e1gil navegaci\u00f3n, vais a encontrar toda la informaci\u00f3n relativa a nuestra marca f\u00e1cilmente estructurada por tem\u00e1ticas. \u00bfEst\u00e1is preparados para dejaros seducir por la filosof\u00eda Subaru?","og_url":"https:\/\/www.subaru.es\/blog\/nuestra-marca\/el-nuevo-blog-de-subaru\/","og_site_name":"Universo Subaru","article_publisher":"https:\/\/www.facebook.com\/subaruespana","article_published_time":"2016-12-21T08:59:05+00:00","article_modified_time":"2017-02-16T13:08:55+00:00","og_image":[{"width":2047,"height":817,"url":"https:\/\/www.subaru.es\/blog\/wp-content\/uploads\/2016\/12\/Logo-Subaru-1.jpg","type":"image\/jpeg"}],"author":"Subaru","twitter_card":"summary_large_image","twitter_misc":{"Escrito por":"Subaru","Tiempo de lectura":"3 minutos"},"schema":{"@context":"https:\/\/schema.org","@graph":[{"@type":"Article","@id":"https:\/\/www.subaru.es\/blog\/nuestra-marca\/el-nuevo-blog-de-subaru\/#article","isPartOf":{"@id":"https:\/\/www.subaru.es\/blog\/nuestra-marca\/el-nuevo-blog-de-subaru\/"},"author":{"name":"Subaru","@id":"https:\/\/www.subaru.es\/blog\/#\/schema\/person\/19a90b892230b8e0ec752704ddf4aa10"},"headline":"Subaru estrena nuevo blog","datePublished":"2016-12-21T08:59:05+00:00","dateModified":"2017-02-16T13:08:55+00:00","mainEntityOfPage":{"@id":"https:\/\/www.subaru.es\/blog\/nuestra-marca\/el-nuevo-blog-de-subaru\/"},"wordCount":667,"commentCount":6,"publisher":{"@id":"https:\/\/www.subaru.es\/blog\/#organization"},"image":{"@id":"https:\/\/www.subaru.es\/blog\/nuestra-marca\/el-nuevo-blog-de-subaru\/#primaryimage"},"thumbnailUrl":"https:\/\/www.subaru.es\/blog\/wp-content\/uploads\/2016\/12\/Logo-Subaru-1.jpg","keywords":["BRZ","forester","japon","Levorg","motor boxer","Pet Lovers","petlovers","subaria","tecnolog\u00eda","wrx","wrx sti","XV"],"articleSection":["Nuestra marca"],"inLanguage":"es","potentialAction":[{"@type":"CommentAction","name":"Comment","target":["https:\/\/www.subaru.es\/blog\/nuestra-marca\/el-nuevo-blog-de-subaru\/#respond"]}]},{"@type":"WebPage","@id":"https:\/\/www.subaru.es\/blog\/nuestra-marca\/el-nuevo-blog-de-subaru\/","url":"https:\/\/www.subaru.es\/blog\/nuestra-marca\/el-nuevo-blog-de-subaru\/","name":"Subaru estrena nuevo blog - Universo Subaru","isPartOf":{"@id":"https:\/\/www.subaru.es\/blog\/#website"},"primaryImageOfPage":{"@id":"https:\/\/www.subaru.es\/blog\/nuestra-marca\/el-nuevo-blog-de-subaru\/#primaryimage"},"image":{"@id":"https:\/\/www.subaru.es\/blog\/nuestra-marca\/el-nuevo-blog-de-subaru\/#primaryimage"},"thumbnailUrl":"https:\/\/www.subaru.es\/blog\/wp-content\/uploads\/2016\/12\/Logo-Subaru-1.jpg","datePublished":"2016-12-21T08:59:05+00:00","dateModified":"2017-02-16T13:08:55+00:00","breadcrumb":{"@id":"https:\/\/www.subaru.es\/blog\/nuestra-marca\/el-nuevo-blog-de-subaru\/#breadcrumb"},"inLanguage":"es","potentialAction":[{"@type":"ReadAction","target":["https:\/\/www.subaru.es\/blog\/nuestra-marca\/el-nuevo-blog-de-subaru\/"]}]},{"@type":"ImageObject","inLanguage":"es","@id":"https:\/\/www.subaru.es\/blog\/nuestra-marca\/el-nuevo-blog-de-subaru\/#primaryimage","url":"https:\/\/www.subaru.es\/blog\/wp-content\/uploads\/2016\/12\/Logo-Subaru-1.jpg","contentUrl":"https:\/\/www.subaru.es\/blog\/wp-content\/uploads\/2016\/12\/Logo-Subaru-1.jpg","width":2047,"height":817},{"@type":"BreadcrumbList","@id":"https:\/\/www.subaru.es\/blog\/nuestra-marca\/el-nuevo-blog-de-subaru\/#breadcrumb","itemListElement":[{"@type":"ListItem","position":1,"name":"Portada","item":"https:\/\/www.subaru.es\/blog\/"},{"@type":"ListItem","position":2,"name":"Subaru estrena nuevo blog"}]},{"@type":"WebSite","@id":"https:\/\/www.subaru.es\/blog\/#website","url":"https:\/\/www.subaru.es\/blog\/","name":"Universo Subaru","description":"Descubre este apasionante espacio de Subaru donde vas a conocer todo sobre nuestros coches y las experiencias que vivimos con ellos. Si est\u00e1s preparado para dejarte seducir por la filosof\u00eda Subaru, qu\u00e9date con nosotros.","publisher":{"@id":"https:\/\/www.subaru.es\/blog\/#organization"},"potentialAction":[{"@type":"SearchAction","target":{"@type":"EntryPoint","urlTemplate":"https:\/\/www.subaru.es\/blog\/?s={search_term_string}"},"query-input":{"@type":"PropertyValueSpecification","valueRequired":true,"valueName":"search_term_string"}}],"inLanguage":"es"},{"@type":"Organization","@id":"https:\/\/www.subaru.es\/blog\/#organization","name":"Subaru Espa\u00f1a S.A.","url":"https:\/\/www.subaru.es\/blog\/","logo":{"@type":"ImageObject","inLanguage":"es","@id":"https:\/\/www.subaru.es\/blog\/#\/schema\/logo\/image\/","url":"https:\/\/www.subaru.es\/blog\/wp-content\/uploads\/2016\/12\/Logo-Subaru-TypeV_C300-scaled.jpg","contentUrl":"https:\/\/www.subaru.es\/blog\/wp-content\/uploads\/2016\/12\/Logo-Subaru-TypeV_C300-scaled.jpg","width":2560,"height":1864,"caption":"Subaru Espa\u00f1a S.A."},"image":{"@id":"https:\/\/www.subaru.es\/blog\/#\/schema\/logo\/image\/"},"sameAs":["https:\/\/www.facebook.com\/subaruespana","https:\/\/www.instagram.com\/subarues\/","https:\/\/www.youtube.com\/user\/subaruespana"]},{"@type":"Person","@id":"https:\/\/www.subaru.es\/blog\/#\/schema\/person\/19a90b892230b8e0ec752704ddf4aa10","name":"Subaru","url":"https:\/\/www.subaru.es\/blog\/author\/subaria\/"}]}},"_links":{"self":[{"href":"https:\/\/www.subaru.es\/blog\/wp-json\/wp\/v2\/posts\/16547","targetHints":{"allow":["GET"]}}],"collection":[{"href":"https:\/\/www.subaru.es\/blog\/wp-json\/wp\/v2\/posts"}],"about":[{"href":"https:\/\/www.subaru.es\/blog\/wp-json\/wp\/v2\/types\/post"}],"author":[{"embeddable":true,"href":"https:\/\/www.subaru.es\/blog\/wp-json\/wp\/v2\/users\/21"}],"replies":[{"embeddable":true,"href":"https:\/\/www.subaru.es\/blog\/wp-json\/wp\/v2\/comments?post=16547"}],"version-history":[{"count":15,"href":"https:\/\/www.subaru.es\/blog\/wp-json\/wp\/v2\/posts\/16547\/revisions"}],"predecessor-version":[{"id":16947,"href":"https:\/\/www.subaru.es\/blog\/wp-json\/wp\/v2\/posts\/16547\/revisions\/16947"}],"wp:featuredmedia":[{"embeddable":true,"href":"https:\/\/www.subaru.es\/blog\/wp-json\/wp\/v2\/media\/16584"}],"wp:attachment":[{"href":"https:\/\/www.subaru.es\/blog\/wp-json\/wp\/v2\/media?parent=16547"}],"wp:term":[{"taxonomy":"category","embeddable":true,"href":"https:\/\/www.subaru.es\/blog\/wp-json\/wp\/v2\/categories?post=16547"},{"taxonomy":"post_tag","embeddable":true,"href":"https:\/\/www.subaru.es\/blog\/wp-json\/wp\/v2\/tags?post=16547"}],"curies":[{"name":"wp","href":"https:\/\/api.w.org\/{rel}","templated":true}]}}