{"id":16422,"date":"2016-11-25T15:43:21","date_gmt":"2016-11-25T13:43:21","guid":{"rendered":"http:\/\/subaru.preproduccion.com\/blog\/?p=16422"},"modified":"2020-08-06T11:01:33","modified_gmt":"2020-08-06T09:01:33","slug":"concentraciones-subaru-subariada","status":"publish","type":"post","link":"https:\/\/www.subaru.es\/blog\/subaru-lifestyle\/concentraciones-subaru-subariada\/","title":{"rendered":"La VI Subariada, ejemplo del esp\u00edritu aventurero de Subaru"},"content":{"rendered":"<p><strong><span class=\"Apple-style-span\">Nuestros amigos de Subaru en Polonia han vivido en familia, y con el especial esp\u00edritu aventurero que distingue a nuestra marca, su <a href=\"https:\/\/www.facebook.com\/Subariada\/posts\/1849997158620898\">VI Subariada<\/a>. Se trata de una ruta que abordan por terrenos s\u00f3lo aptos para aut\u00e9nticos coches 4&#215;4 y que este a\u00f1o ha discurrido por espectaculares parajes de Albania y Macedonia. Este es uno m\u00e1s de los encuentros <em>off road<\/em> que tienen los subaristas por todo el mundo y que muestran los valores en los que se asienta nuestra ense\u00f1a. En este post te contamos algunas de las iniciativas m\u00e1s interesantes para que conozcas el alcance que tiene la pasi\u00f3n por nuestra marca.<\/span><\/strong><\/p>\n<p><span class=\"Apple-style-span\"><a href=\"https:\/\/www.facebook.com\/Subariada\/posts\/1849997158620898\"><img decoding=\"async\" class=\"aligncenter size-full wp-image-13436 lazyload\" title=\"Subariada Polonia1\" data-src=\"https:\/\/www.subaru.es\/blog\/wp-content\/uploads\/2016\/11\/Subariada-Polonia1-e1480072932444.png\" alt=\"\" width=\"640\" height=\"345\" src=\"data:image\/svg+xml;base64,PHN2ZyB3aWR0aD0iMSIgaGVpZ2h0PSIxIiB4bWxucz0iaHR0cDovL3d3dy53My5vcmcvMjAwMC9zdmciPjwvc3ZnPg==\" style=\"--smush-placeholder-width: 640px; --smush-placeholder-aspect-ratio: 640\/345;\" \/><\/a><br \/>\n<\/span><\/p>\n<p>Sabemos que Subaru es una marca que desata pasiones. Contamos con una gran legi\u00f3n de fieles seguidores por todo el mundo, tanto en los pa\u00edses en los que m\u00e1s unidades comercializamos, Estados Unidos y Jap\u00f3n, como m\u00e1s all\u00e1. Porque dicha admiraci\u00f3n por nuestros coches se extiende adem\u00e1s por mercados como el franc\u00e9s o el ruso, el suizo o el keniata&#8230; En ellos, <strong><span class=\"Apple-style-span\">nuestros veh\u00edculos son en muchos casos tratados como aut\u00e9nticos objetos de culto<\/span><\/strong>.<\/p>\n<p><a href=\"https:\/\/www.subaru.es\/blog\/wp-content\/uploads\/2016\/11\/Subariada-Polonia0.png\"><img decoding=\"async\" class=\"aligncenter size-full wp-image-13440 lazyload\" title=\"Subariada Polonia0\" data-src=\"https:\/\/www.subaru.es\/blog\/wp-content\/uploads\/2016\/11\/Subariada-Polonia0-e1480073188667.png\" alt=\"\" width=\"640\" height=\"534\" src=\"data:image\/svg+xml;base64,PHN2ZyB3aWR0aD0iMSIgaGVpZ2h0PSIxIiB4bWxucz0iaHR0cDovL3d3dy53My5vcmcvMjAwMC9zdmciPjwvc3ZnPg==\" style=\"--smush-placeholder-width: 640px; --smush-placeholder-aspect-ratio: 640\/534;\" \/><\/a><\/p>\n<h3><strong><span class=\"Apple-style-span\">PASI\u00d3N <em>SUBIE<\/em> INTERCONTINENTAL<\/span><\/strong><\/h3>\n<p>En Estados Unidos, uno de nuestros mercados m\u00e1s potentes junto al japon\u00e9s, encontramos <strong><span class=\"Apple-style-span\"><a href=\"http:\/\/www.subieevents.com\/\">Subaru Enthusiasts<\/a><\/span><\/strong>, asociaci\u00f3n que defiende el eslogan <span class=\"Apple-style-span\">Come for the cars, stay for the people<\/span> (&#8216;ven por nuestros coches, qu\u00e9date por la gente&#8217;). Ubicada en Washington, su objetivo no es otro que compartir con sus seguidores su pasi\u00f3n por \u201cunos coches que adem\u00e1s de diversi\u00f3n con seguridad son un modo para hacer amigos y crear comunidad\u201d. Cuentan con el apoyo de Subaru Am\u00e9rica, que reconoce \u201cel poder de la pasi\u00f3n de sus propietarios por el rendimiento final de la marca\u201d y <strong><span class=\"Apple-style-span\">contribuye a crear eventos verdaderamente valiosos y emocionantes<\/span><\/strong>.<\/p>\n<p>Es interesante destacar que Subaru Enthusiasts organiza el llamado <strong><span class=\"Apple-style-span\"><a href=\"http:\/\/www.subieevents.com\/attendees\/#post-242\">BoxerFest<\/a><\/span><\/strong>, iniciativa fundada en 2014 que este a\u00f1o ha recibido la asistencia de 3.600 personas. Ning\u00fan otro festival organizado por esta entidad ha crecido tan r\u00e1pido como este.<\/p>\n<p><a href=\"http:\/\/www.subieevents.com\/attendees\/#post-242\"><img decoding=\"async\" class=\"aligncenter size-full wp-image-13441 lazyload\" title=\"BoxerFest\" data-src=\"https:\/\/www.subaru.es\/blog\/wp-content\/uploads\/2016\/11\/BoxerFest-e1480073325162.png\" alt=\"\" width=\"640\" height=\"354\" src=\"data:image\/svg+xml;base64,PHN2ZyB3aWR0aD0iMSIgaGVpZ2h0PSIxIiB4bWxucz0iaHR0cDovL3d3dy53My5vcmcvMjAwMC9zdmciPjwvc3ZnPg==\" style=\"--smush-placeholder-width: 640px; --smush-placeholder-aspect-ratio: 640\/354;\" \/><\/a><\/p>\n<p>En cuanto a <strong><span class=\"Apple-style-span\"><a href=\"http:\/\/www.novasubarus.com\/\">Nova Subarus<\/a><\/span><\/strong>, es un club creado para ayudar a organizar encuentros mensuales para la comunidad de Subaru en el \u00e1rea de Virginia del Norte. Entre las actividades que promueve, pasar el d\u00eda con amigos, salir a comer con la familia y <strong><span class=\"Apple-style-span\">disfrutar de la naturaleza<\/span><\/strong>.<\/p>\n<p>Por su parte, el <strong><span class=\"Apple-style-span\"><a href=\"http:\/\/www.nfsg-jax.com\/\">Grupo de Subaru del Norte de Florida<\/a><\/span><\/strong>, tambi\u00e9n conocido como NFSG, es un club amante de la diversi\u00f3n en familia que se autodefine <strong><em><span class=\"Apple-style-span\">petfriendly<\/span><\/em><\/strong>, en l\u00ednea con uno de los principios que con m\u00e1s fuerza defiende nuestra.<\/p>\n<p><a href=\"http:\/\/www.novasubarus.com\/\"><img decoding=\"async\" class=\"aligncenter size-full wp-image-13442 lazyload\" title=\"Nova Subarus\" data-src=\"https:\/\/www.subaru.es\/blog\/wp-content\/uploads\/2016\/11\/Nova-Subarus-e1480073400500.png\" alt=\"\" width=\"640\" height=\"358\" src=\"data:image\/svg+xml;base64,PHN2ZyB3aWR0aD0iMSIgaGVpZ2h0PSIxIiB4bWxucz0iaHR0cDovL3d3dy53My5vcmcvMjAwMC9zdmciPjwvc3ZnPg==\" style=\"--smush-placeholder-width: 640px; --smush-placeholder-aspect-ratio: 640\/358;\" \/><\/a><\/p>\n<p>A continuaci\u00f3n os proponemos estos otros enlaces que sirven como bot\u00f3n de muestra de las iniciativas tan interesantes que se organizan en torno a la filosof\u00eda Subaru en el continente americano. <strong><span class=\"Apple-style-span\"><a href=\"https:\/\/www.youtube.com\/watch?v=b8itBZphN9E\">Este v\u00eddeo<\/a><\/span><\/strong> recoge el desarrollo del 3<span class=\"Apple-style-span\">rd<\/span> Annual Subaru Mega Meet, filmado por Tim Richards. <strong><span class=\"Apple-style-span\"><a href=\"https:\/\/www.youtube.com\/watch?v=m88Ksmqzcy4\">Este otro\u00a0trabajo<\/a><\/span><\/strong> muestra la pasi\u00f3n que nuestros coches despiertan; se trata del Wicked Big Meet, uno de las citas m\u00e1s importantes de Subaru de Am\u00e9rica. <strong><span class=\"Apple-style-span\">En Connecticut, este festival re\u00fane a m\u00e1s de 6.000 subaristas<\/span><\/strong>.<\/p>\n<h3><strong>AUT\u00c9NTICOS SUBARISTAS AFRICANOS<\/strong><\/h3>\n<p>Tambi\u00e9n en \u00c1frica encontramos fan\u00e1ticos subaristas. Prueba de ello es el <strong><span class=\"Apple-style-span\"><a href=\"http:\/\/subaruclubkenya.blogspot.com.es\/2016\/04\/subaru-festival-2016.html\">Club Subaru Kenya<\/a><\/span><\/strong>, que cuenta con m\u00e1s de 1.000 miembros. Se trata de un club singular en el que<strong><span class=\"Apple-style-span\"> el maridaje entre caridad y pasi\u00f3n por nuestros veh\u00edculos alcanza la m\u00e1xima expresi\u00f3n<\/span><\/strong>. Promueven diversas experiencias de conducci\u00f3n a lo largo de una amplia gama de escenarios africanos con el objetivo de ayudar a los m\u00e1s desfavorecidos. \u201c\u00bfPor qu\u00e9 no mostrarle al mundo qu\u00e9 otras cosas se pueden hacer con un Subaru? Podemos tocar una vida y dejar un recuerdo que permanecer\u00e1 para siempre en el coraz\u00f3n y la mente de la gente\u201d, nos cuentan sus fundadores.<\/p>\n<p>En ese sentido, el Club Subaru Kenya organiza distintas actividades, como <strong><span class=\"Apple-style-span\"><a href=\"http:\/\/subaruclubkenya.blogspot.com.es\/p\/blog-page_19.html\">Subaru share the Love<\/a><\/span><\/strong>, un evento para mostrar que todos podemos contribuir a hacer un mundo mejor, o <strong><span class=\"Apple-style-span\"><a href=\"http:\/\/subaruclubkenya.blogspot.com.es\/2016\/04\/upcoming-racein-wild-subierace-series.html\">In the wild Subierace series<\/a><\/span><\/strong>. \u201cQueremos proteger especies de nuestra fauna en peligro de extinci\u00f3n\u201d, espetan los creadores del club. <strong><span class=\"Apple-style-span\">El Parque Nacional de Nairobi es uno de sus objetivos<\/span> en este sentido<\/strong>, en el que quieren conseguir acabar con la caza furtiva sobre todo de especies protegidas.<\/p>\n<p><span class=\"Apple-style-span\"><a href=\"http:\/\/subaria.com\/subaru\/surfeando-dunas-con-el-xv-en-marruecos\/\"><strong>Aqu\u00ed<\/strong> <\/a><\/span>pod\u00e9is recordar una de las rutas <em><span class=\"Apple-style-span\">outdoor<\/span> <\/em>m\u00e1s atractivas de las que hemos sido testigos al volante de un <strong><span class=\"Apple-style-span\"><a href=\"http:\/\/www.subaru.es\/vehiculos\/forester\">Forester<\/a><\/span><\/strong>. En terreno africano pero organizada por la <strong><span class=\"Apple-style-span\"><a href=\"http:\/\/www.raidaventura4x4.com\/desiertoni%C3%B1os\/index.html\">Asociaci\u00f3n Desierto Ni\u00f1os<\/a><\/span><\/strong>, uno de nuestros m\u00e1s fieles subaristas particip\u00f3 en la <span class=\"Apple-style-span\">caravana solidaria El Desierto de los Ni\u00f1os, que discurre por las complicadas pistas y las atractivas dunas del sur de Marruecos.<\/span><\/p>\n<p><span class=\"Apple-style-span\"><a href=\"https:\/\/www.subaru.es\/blog\/wp-content\/uploads\/2016\/11\/Forester-Dunas-desierto-.jpg\"><img decoding=\"async\" class=\"aligncenter size-full wp-image-13445 lazyload\" title=\"Forester Dunas desierto\" data-src=\"https:\/\/www.subaru.es\/blog\/wp-content\/uploads\/2016\/11\/Forester-Dunas-desierto-.jpg\" alt=\"\" width=\"640\" height=\"426\" src=\"data:image\/svg+xml;base64,PHN2ZyB3aWR0aD0iMSIgaGVpZ2h0PSIxIiB4bWxucz0iaHR0cDovL3d3dy53My5vcmcvMjAwMC9zdmciPjwvc3ZnPg==\" style=\"--smush-placeholder-width: 640px; --smush-placeholder-aspect-ratio: 640\/426;\" \/><\/a><br \/>\n<\/span><\/p>\n<h3><strong><span class=\"Apple-style-span\">ENCUENTROS CONTINENTALES<\/span><\/strong><\/h3>\n<p>En el contexto europeo, os presentamos a modo de ejemplo el <strong><span class=\"Apple-style-span\"><a href=\"http:\/\/subaru-club-romand.ch\/\">Subaru Club Romand<\/a><\/span><\/strong> (SCR), una iniciativa creada en Suiza en 2012 por tres amigos entusiastas de la marca. Su objetivo, reunir un m\u00e1ximo de Subarus de todas las generaciones para representar la ense\u00f1a en eventos varios, muchos de ellos con <strong><span class=\"Apple-style-span\">fines de ayuda social para ni\u00f1os y adolescentes enfermos y desfavorecidos<\/span><\/strong>.<\/p>\n<p>El club prepara citas <em><span class=\"Apple-style-span\">outdoor\u00a0<\/span><\/em>para amantes de la marca, \u201cya sean profesionales o aficionados de estas bellas m\u00e1quinas, nuevos modelos o antiguos\u201d, confiesan sus fundadores. Simplemente se trata de \u201creunirse para compartir experiencias, conocimientos y deseos en un ambiente agradable y amigable para las personas que poseen un veh\u00edculo o no de la marca de las estrellas\u201d. En <strong><span class=\"Apple-style-span\"><a href=\"https:\/\/www.facebook.com\/groups\/472725466104626\/\">este link<\/a><\/span><\/strong> de facebook pod\u00e9is conocer m\u00e1s a fondo su actividad.<\/p>\n<p><a href=\"https:\/\/www.subaru.es\/blog\/wp-content\/uploads\/2016\/11\/Subaru-Club-Romano12.jpg\"><img decoding=\"async\" class=\"aligncenter size-full wp-image-13447 lazyload\" title=\"Subaru Club Romano1\" data-src=\"https:\/\/www.subaru.es\/blog\/wp-content\/uploads\/2016\/11\/Subaru-Club-Romano12-e1480073639639.jpg\" alt=\"\" width=\"640\" height=\"413\" src=\"data:image\/svg+xml;base64,PHN2ZyB3aWR0aD0iMSIgaGVpZ2h0PSIxIiB4bWxucz0iaHR0cDovL3d3dy53My5vcmcvMjAwMC9zdmciPjwvc3ZnPg==\" style=\"--smush-placeholder-width: 640px; --smush-placeholder-aspect-ratio: 640\/413;\" \/><\/a><\/p>\n<p>Aunque m\u00e1s enfocado en la conducci\u00f3n por circuito que por rutas alternativas, es igualmente representativo el <span class=\"Apple-style-span\"><a href=\"http:\/\/www.club-amateurs-subaru.com\/\"><strong>Club de Amantes de Subaru<\/strong><\/a><\/span> (CAS). Sus integrantes se autodefinen como \u201camantes del motor en pista\u201d, y tienen como objetivo reunir a los apasionados del automovilismo en salidas con destino a los circuitos de todo el territorio franc\u00e9s para probar de manera segura el m\u00e1ximo rendimiento de nuestros coches. La idea del club naci\u00f3 en el Sal\u00f3n de Par\u00eds de 1998.<\/p>\n<p>Ya en Espa\u00f1a, como os hemos contado en varias ocasiones, tambi\u00e9n contamos con una nutrida comunidad de incondicionales. Muchos de ellos se concentran bajo los paraguas del <strong><span class=\"Apple-style-span\"><a href=\"http:\/\/clubsubarutodocamino.com\/\">Club Subaru Todocamino<\/a><\/span><\/strong> o el <strong><span class=\"Apple-style-span\"><a href=\"http:\/\/www.clubsubaru.es\/smf\/\">Club Subaru Espa\u00f1a<\/a><\/span><\/strong>. Os recomendamos estos interesantes post que recogen las actividades que cada uno de ellos realiza: <span class=\"Apple-style-span\"><a href=\"http:\/\/subaria.com\/subaru\/%E2%80%9Ccreemos-que-somos-un-valor-anadido-para-subaru%E2%80%9D\/\">\u201c<strong>Creemos que somos un valor a\u00f1adido para Subaru<\/strong>\u201d<\/a><\/span> y <span class=\"Apple-style-span\"><a href=\"http:\/\/subaria.com\/subaru\/el-unico-requisito-para-ser-miembro-de-esta-gran-familia-es-ser-amante-de-la-marca-subaru\/\">\u201c<strong>El \u00fanico requisito para ser miembro de esta gran familia es ser amante de la marca Subaru<\/strong>\u201d<\/a><\/span>.<\/p>\n<p>En relaci\u00f3n a<span class=\"Apple-style-span\"> la mayor reuni\u00f3n de subaristas que ha tenido lugar en nuestro pa\u00eds<\/span>, la IV Concentraci\u00f3n Nacional del Club Subaru Espa\u00f1a del pasado mes de junio, reuni\u00f3 a m\u00e1s de 110 Subarus y a m\u00e1s de 250 personas. Como recoge Motorpasi\u00f3n <span class=\"Apple-style-span\"><a href=\"http:\/\/www.motorpasion.com\/subaru\/has-visto-muchos-subaru-por-zaragoza-te-contamos-el-motivo\">aqu\u00ed<\/a><\/span>, \u201cse batieron todos los r\u00e9cords establecidos hasta la fecha en territorio nacional\u201d. Dicho medio destaca que los motores b\u00f3xer y la tracci\u00f3n total a las cuatro ruedas (Symmetrical AWD) sin duda \u201cmarcaron la diferencia\u201d en la cita ma\u00f1a.<\/p>\n<h3><strong><span class=\"Apple-style-span\">LA FILOSOF\u00cdA SUBARU<\/span><\/strong><\/h3>\n<p>Como hemos podido comprobar, no cabe duda de que los conductores de Subaru sienten que<span class=\"Apple-style-span\"><strong> forman parte de un club exclusivo<\/strong> con una misma forma de ver la vida<\/span>, contexto en el que nuestra tecnolog\u00eda responde con una experiencia de conducci\u00f3n verdaderamente cautivadora.<\/p>\n<p>Cada vez son m\u00e1s las personas que se sienten identificadas con nuestros valores e<span class=\"Apple-style-span\"><strong> interpretan Subaru como un estilo de vida<\/strong> <strong>que les hace sentirse especiales<\/strong><\/span>. Por ello, son multitud las iniciativas de asociaci\u00f3n que se han constituido a lo largo de todo el mundo en las que los subaristas se re\u00fanen para explorar lo desconocido dej\u00e1ndose guiar por el coraz\u00f3n y no por un mapa. Clubs que como os hemos comentado m\u00e1s arriba organizan encuentros en los que compartir una misma filosof\u00eda de vida. Se trata de la Filosof\u00eda Subaru.<\/p>\n<p><a href=\"https:\/\/www.subaru.es\/blog\/wp-content\/uploads\/2016\/11\/Subaru-Club-Romano2.jpg\"><img decoding=\"async\" class=\"aligncenter size-full wp-image-13448 lazyload\" title=\"Subaru Club Romano2\" data-src=\"https:\/\/www.subaru.es\/blog\/wp-content\/uploads\/2016\/11\/Subaru-Club-Romano2-e1480073680606.jpg\" alt=\"\" width=\"640\" height=\"384\" src=\"data:image\/svg+xml;base64,PHN2ZyB3aWR0aD0iMSIgaGVpZ2h0PSIxIiB4bWxucz0iaHR0cDovL3d3dy53My5vcmcvMjAwMC9zdmciPjwvc3ZnPg==\" style=\"--smush-placeholder-width: 640px; --smush-placeholder-aspect-ratio: 640\/384;\" \/><\/a><\/p>\n<p>En definitiva, todo consiste en compartir momentos en cualquier parte del mundo en los que vivir <span class=\"Apple-style-span\"><strong>sensaciones <em>outdoor<\/em><\/strong> con las <strong><a href=\"http:\/\/www.subaru.es\/tecnologia\">tecnolog\u00edas exclusivas<\/a><\/strong> de nuestros modelos<\/span>, como <strong><span class=\"Apple-style-span\"><a href=\"https:\/\/www.youtube.com\/watch?v=tW18-OrLh94\">Symmetrical AWD<\/a><\/span><\/strong>, <strong><span class=\"Apple-style-span\"><a href=\"https:\/\/www.youtube.com\/watch?v=xqRiyzSc-ow&amp;t=331s\">transmisi\u00f3n Lineartronic<\/a><\/span><\/strong>, <strong><span class=\"Apple-style-span\"><a href=\"http:\/\/subaria.com\/subaru\/el-motor-boxer-de-subaru-cumple-50-anos\/\">motores b\u00f3xer<\/a><\/span><\/strong> y los sistemas <strong><span class=\"Apple-style-span\"><a href=\"https:\/\/www.youtube.com\/watch?v=xqRiyzSc-ow\">SI-Drive<\/a><\/span><\/strong> y <strong><span class=\"Apple-style-span\"><a href=\"https:\/\/www.youtube.com\/watch?v=U9UgYneLCUE\">X-Mode<\/a><\/span><\/strong>, que adem\u00e1s de seguridad aportan un mayor disfrute tanto en la carretera como fuera de ella. Son caracter\u00edsticas que ofrecen a los amantes de la marca una experiencia de conducci\u00f3n \u00fanica junto a familiares y amigos.<\/p>\n<p><strong><span class=\"Apple-style-span\">Y t\u00fa, \u00bfformas parte de alg\u00fan club que comparta nuestra filosof\u00eda? \u00a1Cu\u00e9ntanoslo!<\/span><\/strong><\/p>\n","protected":false},"excerpt":{"rendered":"<p>Nuestros amigos de Subaru en Polonia han vivido en familia, y con el especial esp\u00edritu aventurero que distingue a nuestra marca, su VI Subariada. Se trata de una ruta que abordan por terrenos s\u00f3lo aptos para aut\u00e9nticos coches 4&#215;4 y que este a\u00f1o ha discurrido por espectaculares parajes de Albania y Macedonia. Este es uno m\u00e1s de los encuentros off road que tienen los subaristas por todo el mundo y que muestran los valores en los que se asienta nuestra ense\u00f1a. En este post te contamos algunas de las iniciativas m\u00e1s interesantes para que conozcas el alcance que tiene la pasi\u00f3n por nuestra marca.<\/p>\n","protected":false},"author":21,"featured_media":16428,"comment_status":"open","ping_status":"closed","sticky":false,"template":"","format":"standard","meta":{"_acf_changed":false,"_eb_attr":"","inline_featured_image":false,"footnotes":""},"categories":[4520],"tags":[663,3209,2774,1126,2668,2985,2844,1872,125,1539,1191,4213],"class_list":["post-16422","post","type-post","status-publish","format-standard","has-post-thumbnail","hentry","category-subaru-lifestyle","tag-4x4","tag-club-subaru-espana","tag-club-subaru-todocamino","tag-concentracion","tag-concentraciones-de-subaristas","tag-lineartronic","tag-rutas","tag-si-drive","tag-suv","tag-symmetrical-awd","tag-todocamino","tag-x-mode"],"acf":[],"yoast_head":"<!-- This site is optimized with the Yoast SEO plugin v27.3 - https:\/\/yoast.com\/product\/yoast-seo-wordpress\/ -->\n<title>concentraciones y ejemplos-del-espiritu-aventurero-subaru y subariada<\/title>\n<meta name=\"description\" content=\"En este post te contamos algunas de las iniciativas m\u00e1s interesantes para que conozcas el alcance que tiene la pasi\u00f3n por nuestra marca y alguna subariada\" \/>\n<meta name=\"robots\" content=\"index, follow, max-snippet:-1, max-image-preview:large, max-video-preview:-1\" \/>\n<link rel=\"canonical\" href=\"https:\/\/www.subaru.es\/blog\/subaru-lifestyle\/concentraciones-subaru-subariada\/\" \/>\n<meta property=\"og:locale\" content=\"es_ES\" \/>\n<meta property=\"og:type\" content=\"article\" \/>\n<meta property=\"og:title\" content=\"concentraciones y ejemplos-del-espiritu-aventurero-subaru y subariada\" \/>\n<meta property=\"og:description\" content=\"En este post te contamos algunas de las iniciativas m\u00e1s interesantes para que conozcas el alcance que tiene la pasi\u00f3n por nuestra marca y alguna subariada\" \/>\n<meta property=\"og:url\" content=\"https:\/\/www.subaru.es\/blog\/subaru-lifestyle\/concentraciones-subaru-subariada\/\" \/>\n<meta property=\"og:site_name\" content=\"Universo Subaru\" \/>\n<meta property=\"article:publisher\" content=\"https:\/\/www.facebook.com\/subaruespana\" \/>\n<meta property=\"article:published_time\" content=\"2016-11-25T13:43:21+00:00\" \/>\n<meta property=\"article:modified_time\" content=\"2020-08-06T09:01:33+00:00\" \/>\n<meta property=\"og:image\" content=\"https:\/\/www.subaru.es\/blog\/wp-content\/uploads\/2016\/11\/Subariada-Polonia.png\" \/>\n\t<meta property=\"og:image:width\" content=\"1198\" \/>\n\t<meta property=\"og:image:height\" content=\"501\" \/>\n\t<meta property=\"og:image:type\" content=\"image\/png\" \/>\n<meta name=\"author\" content=\"Subaru\" \/>\n<meta name=\"twitter:card\" content=\"summary_large_image\" \/>\n<meta name=\"twitter:label1\" content=\"Escrito por\" \/>\n\t<meta name=\"twitter:data1\" content=\"Subaru\" \/>\n\t<meta name=\"twitter:label2\" content=\"Tiempo de lectura\" \/>\n\t<meta name=\"twitter:data2\" content=\"7 minutos\" \/>\n<script type=\"application\/ld+json\" class=\"yoast-schema-graph\">{\"@context\":\"https:\\\/\\\/schema.org\",\"@graph\":[{\"@type\":\"Article\",\"@id\":\"https:\\\/\\\/www.subaru.es\\\/blog\\\/subaru-lifestyle\\\/concentraciones-subaru-subariada\\\/#article\",\"isPartOf\":{\"@id\":\"https:\\\/\\\/www.subaru.es\\\/blog\\\/subaru-lifestyle\\\/concentraciones-subaru-subariada\\\/\"},\"author\":{\"name\":\"Subaru\",\"@id\":\"https:\\\/\\\/www.subaru.es\\\/blog\\\/#\\\/schema\\\/person\\\/19a90b892230b8e0ec752704ddf4aa10\"},\"headline\":\"La VI Subariada, ejemplo del esp\u00edritu aventurero de Subaru\",\"datePublished\":\"2016-11-25T13:43:21+00:00\",\"dateModified\":\"2020-08-06T09:01:33+00:00\",\"mainEntityOfPage\":{\"@id\":\"https:\\\/\\\/www.subaru.es\\\/blog\\\/subaru-lifestyle\\\/concentraciones-subaru-subariada\\\/\"},\"wordCount\":1445,\"commentCount\":0,\"publisher\":{\"@id\":\"https:\\\/\\\/www.subaru.es\\\/blog\\\/#organization\"},\"image\":{\"@id\":\"https:\\\/\\\/www.subaru.es\\\/blog\\\/subaru-lifestyle\\\/concentraciones-subaru-subariada\\\/#primaryimage\"},\"thumbnailUrl\":\"https:\\\/\\\/www.subaru.es\\\/blog\\\/wp-content\\\/uploads\\\/2016\\\/11\\\/Subariada-Polonia.png\",\"keywords\":[\"4x4\",\"Club Subaru Espa\u00f1a\",\"Club Subaru Todocamino\",\"concentraci\u00f3n\",\"concentraciones de subaristas\",\"Lineartronic\",\"rutas\",\"SI-Drive\",\"suv\",\"Symmetrical AWD\",\"todocamino\",\"X-MODE\"],\"articleSection\":[\"Subaru LifeStyle\"],\"inLanguage\":\"es\",\"potentialAction\":[{\"@type\":\"CommentAction\",\"name\":\"Comment\",\"target\":[\"https:\\\/\\\/www.subaru.es\\\/blog\\\/subaru-lifestyle\\\/concentraciones-subaru-subariada\\\/#respond\"]}]},{\"@type\":\"WebPage\",\"@id\":\"https:\\\/\\\/www.subaru.es\\\/blog\\\/subaru-lifestyle\\\/concentraciones-subaru-subariada\\\/\",\"url\":\"https:\\\/\\\/www.subaru.es\\\/blog\\\/subaru-lifestyle\\\/concentraciones-subaru-subariada\\\/\",\"name\":\"concentraciones y ejemplos-del-espiritu-aventurero-subaru y subariada\",\"isPartOf\":{\"@id\":\"https:\\\/\\\/www.subaru.es\\\/blog\\\/#website\"},\"primaryImageOfPage\":{\"@id\":\"https:\\\/\\\/www.subaru.es\\\/blog\\\/subaru-lifestyle\\\/concentraciones-subaru-subariada\\\/#primaryimage\"},\"image\":{\"@id\":\"https:\\\/\\\/www.subaru.es\\\/blog\\\/subaru-lifestyle\\\/concentraciones-subaru-subariada\\\/#primaryimage\"},\"thumbnailUrl\":\"https:\\\/\\\/www.subaru.es\\\/blog\\\/wp-content\\\/uploads\\\/2016\\\/11\\\/Subariada-Polonia.png\",\"datePublished\":\"2016-11-25T13:43:21+00:00\",\"dateModified\":\"2020-08-06T09:01:33+00:00\",\"description\":\"En este post te contamos algunas de las iniciativas m\u00e1s interesantes para que conozcas el alcance que tiene la pasi\u00f3n por nuestra marca y alguna subariada\",\"breadcrumb\":{\"@id\":\"https:\\\/\\\/www.subaru.es\\\/blog\\\/subaru-lifestyle\\\/concentraciones-subaru-subariada\\\/#breadcrumb\"},\"inLanguage\":\"es\",\"potentialAction\":[{\"@type\":\"ReadAction\",\"target\":[\"https:\\\/\\\/www.subaru.es\\\/blog\\\/subaru-lifestyle\\\/concentraciones-subaru-subariada\\\/\"]}]},{\"@type\":\"ImageObject\",\"inLanguage\":\"es\",\"@id\":\"https:\\\/\\\/www.subaru.es\\\/blog\\\/subaru-lifestyle\\\/concentraciones-subaru-subariada\\\/#primaryimage\",\"url\":\"https:\\\/\\\/www.subaru.es\\\/blog\\\/wp-content\\\/uploads\\\/2016\\\/11\\\/Subariada-Polonia.png\",\"contentUrl\":\"https:\\\/\\\/www.subaru.es\\\/blog\\\/wp-content\\\/uploads\\\/2016\\\/11\\\/Subariada-Polonia.png\",\"width\":1198,\"height\":501},{\"@type\":\"BreadcrumbList\",\"@id\":\"https:\\\/\\\/www.subaru.es\\\/blog\\\/subaru-lifestyle\\\/concentraciones-subaru-subariada\\\/#breadcrumb\",\"itemListElement\":[{\"@type\":\"ListItem\",\"position\":1,\"name\":\"Portada\",\"item\":\"https:\\\/\\\/www.subaru.es\\\/blog\\\/\"},{\"@type\":\"ListItem\",\"position\":2,\"name\":\"La VI Subariada, ejemplo del esp\u00edritu aventurero de Subaru\"}]},{\"@type\":\"WebSite\",\"@id\":\"https:\\\/\\\/www.subaru.es\\\/blog\\\/#website\",\"url\":\"https:\\\/\\\/www.subaru.es\\\/blog\\\/\",\"name\":\"Universo Subaru\",\"description\":\"Descubre este apasionante espacio de Subaru donde vas a conocer todo sobre nuestros coches y las experiencias que vivimos con ellos. Si est\u00e1s preparado para dejarte seducir por la filosof\u00eda Subaru, qu\u00e9date con nosotros.\",\"publisher\":{\"@id\":\"https:\\\/\\\/www.subaru.es\\\/blog\\\/#organization\"},\"potentialAction\":[{\"@type\":\"SearchAction\",\"target\":{\"@type\":\"EntryPoint\",\"urlTemplate\":\"https:\\\/\\\/www.subaru.es\\\/blog\\\/?s={search_term_string}\"},\"query-input\":{\"@type\":\"PropertyValueSpecification\",\"valueRequired\":true,\"valueName\":\"search_term_string\"}}],\"inLanguage\":\"es\"},{\"@type\":\"Organization\",\"@id\":\"https:\\\/\\\/www.subaru.es\\\/blog\\\/#organization\",\"name\":\"Subaru Espa\u00f1a S.A.\",\"url\":\"https:\\\/\\\/www.subaru.es\\\/blog\\\/\",\"logo\":{\"@type\":\"ImageObject\",\"inLanguage\":\"es\",\"@id\":\"https:\\\/\\\/www.subaru.es\\\/blog\\\/#\\\/schema\\\/logo\\\/image\\\/\",\"url\":\"https:\\\/\\\/www.subaru.es\\\/blog\\\/wp-content\\\/uploads\\\/2016\\\/12\\\/Logo-Subaru-TypeV_C300-scaled.jpg\",\"contentUrl\":\"https:\\\/\\\/www.subaru.es\\\/blog\\\/wp-content\\\/uploads\\\/2016\\\/12\\\/Logo-Subaru-TypeV_C300-scaled.jpg\",\"width\":2560,\"height\":1864,\"caption\":\"Subaru Espa\u00f1a S.A.\"},\"image\":{\"@id\":\"https:\\\/\\\/www.subaru.es\\\/blog\\\/#\\\/schema\\\/logo\\\/image\\\/\"},\"sameAs\":[\"https:\\\/\\\/www.facebook.com\\\/subaruespana\",\"https:\\\/\\\/www.instagram.com\\\/subarues\\\/\",\"https:\\\/\\\/www.youtube.com\\\/user\\\/subaruespana\"]},{\"@type\":\"Person\",\"@id\":\"https:\\\/\\\/www.subaru.es\\\/blog\\\/#\\\/schema\\\/person\\\/19a90b892230b8e0ec752704ddf4aa10\",\"name\":\"Subaru\",\"url\":\"https:\\\/\\\/www.subaru.es\\\/blog\\\/author\\\/subaria\\\/\"}]}<\/script>\n<!-- \/ Yoast SEO plugin. -->","yoast_head_json":{"title":"concentraciones y ejemplos-del-espiritu-aventurero-subaru y subariada","description":"En este post te contamos algunas de las iniciativas m\u00e1s interesantes para que conozcas el alcance que tiene la pasi\u00f3n por nuestra marca y alguna subariada","robots":{"index":"index","follow":"follow","max-snippet":"max-snippet:-1","max-image-preview":"max-image-preview:large","max-video-preview":"max-video-preview:-1"},"canonical":"https:\/\/www.subaru.es\/blog\/subaru-lifestyle\/concentraciones-subaru-subariada\/","og_locale":"es_ES","og_type":"article","og_title":"concentraciones y ejemplos-del-espiritu-aventurero-subaru y subariada","og_description":"En este post te contamos algunas de las iniciativas m\u00e1s interesantes para que conozcas el alcance que tiene la pasi\u00f3n por nuestra marca y alguna subariada","og_url":"https:\/\/www.subaru.es\/blog\/subaru-lifestyle\/concentraciones-subaru-subariada\/","og_site_name":"Universo Subaru","article_publisher":"https:\/\/www.facebook.com\/subaruespana","article_published_time":"2016-11-25T13:43:21+00:00","article_modified_time":"2020-08-06T09:01:33+00:00","og_image":[{"width":1198,"height":501,"url":"https:\/\/www.subaru.es\/blog\/wp-content\/uploads\/2016\/11\/Subariada-Polonia.png","type":"image\/png"}],"author":"Subaru","twitter_card":"summary_large_image","twitter_misc":{"Escrito por":"Subaru","Tiempo de lectura":"7 minutos"},"schema":{"@context":"https:\/\/schema.org","@graph":[{"@type":"Article","@id":"https:\/\/www.subaru.es\/blog\/subaru-lifestyle\/concentraciones-subaru-subariada\/#article","isPartOf":{"@id":"https:\/\/www.subaru.es\/blog\/subaru-lifestyle\/concentraciones-subaru-subariada\/"},"author":{"name":"Subaru","@id":"https:\/\/www.subaru.es\/blog\/#\/schema\/person\/19a90b892230b8e0ec752704ddf4aa10"},"headline":"La VI Subariada, ejemplo del esp\u00edritu aventurero de Subaru","datePublished":"2016-11-25T13:43:21+00:00","dateModified":"2020-08-06T09:01:33+00:00","mainEntityOfPage":{"@id":"https:\/\/www.subaru.es\/blog\/subaru-lifestyle\/concentraciones-subaru-subariada\/"},"wordCount":1445,"commentCount":0,"publisher":{"@id":"https:\/\/www.subaru.es\/blog\/#organization"},"image":{"@id":"https:\/\/www.subaru.es\/blog\/subaru-lifestyle\/concentraciones-subaru-subariada\/#primaryimage"},"thumbnailUrl":"https:\/\/www.subaru.es\/blog\/wp-content\/uploads\/2016\/11\/Subariada-Polonia.png","keywords":["4x4","Club Subaru Espa\u00f1a","Club Subaru Todocamino","concentraci\u00f3n","concentraciones de subaristas","Lineartronic","rutas","SI-Drive","suv","Symmetrical AWD","todocamino","X-MODE"],"articleSection":["Subaru LifeStyle"],"inLanguage":"es","potentialAction":[{"@type":"CommentAction","name":"Comment","target":["https:\/\/www.subaru.es\/blog\/subaru-lifestyle\/concentraciones-subaru-subariada\/#respond"]}]},{"@type":"WebPage","@id":"https:\/\/www.subaru.es\/blog\/subaru-lifestyle\/concentraciones-subaru-subariada\/","url":"https:\/\/www.subaru.es\/blog\/subaru-lifestyle\/concentraciones-subaru-subariada\/","name":"concentraciones y ejemplos-del-espiritu-aventurero-subaru y subariada","isPartOf":{"@id":"https:\/\/www.subaru.es\/blog\/#website"},"primaryImageOfPage":{"@id":"https:\/\/www.subaru.es\/blog\/subaru-lifestyle\/concentraciones-subaru-subariada\/#primaryimage"},"image":{"@id":"https:\/\/www.subaru.es\/blog\/subaru-lifestyle\/concentraciones-subaru-subariada\/#primaryimage"},"thumbnailUrl":"https:\/\/www.subaru.es\/blog\/wp-content\/uploads\/2016\/11\/Subariada-Polonia.png","datePublished":"2016-11-25T13:43:21+00:00","dateModified":"2020-08-06T09:01:33+00:00","description":"En este post te contamos algunas de las iniciativas m\u00e1s interesantes para que conozcas el alcance que tiene la pasi\u00f3n por nuestra marca y alguna subariada","breadcrumb":{"@id":"https:\/\/www.subaru.es\/blog\/subaru-lifestyle\/concentraciones-subaru-subariada\/#breadcrumb"},"inLanguage":"es","potentialAction":[{"@type":"ReadAction","target":["https:\/\/www.subaru.es\/blog\/subaru-lifestyle\/concentraciones-subaru-subariada\/"]}]},{"@type":"ImageObject","inLanguage":"es","@id":"https:\/\/www.subaru.es\/blog\/subaru-lifestyle\/concentraciones-subaru-subariada\/#primaryimage","url":"https:\/\/www.subaru.es\/blog\/wp-content\/uploads\/2016\/11\/Subariada-Polonia.png","contentUrl":"https:\/\/www.subaru.es\/blog\/wp-content\/uploads\/2016\/11\/Subariada-Polonia.png","width":1198,"height":501},{"@type":"BreadcrumbList","@id":"https:\/\/www.subaru.es\/blog\/subaru-lifestyle\/concentraciones-subaru-subariada\/#breadcrumb","itemListElement":[{"@type":"ListItem","position":1,"name":"Portada","item":"https:\/\/www.subaru.es\/blog\/"},{"@type":"ListItem","position":2,"name":"La VI Subariada, ejemplo del esp\u00edritu aventurero de Subaru"}]},{"@type":"WebSite","@id":"https:\/\/www.subaru.es\/blog\/#website","url":"https:\/\/www.subaru.es\/blog\/","name":"Universo Subaru","description":"Descubre este apasionante espacio de Subaru donde vas a conocer todo sobre nuestros coches y las experiencias que vivimos con ellos. Si est\u00e1s preparado para dejarte seducir por la filosof\u00eda Subaru, qu\u00e9date con nosotros.","publisher":{"@id":"https:\/\/www.subaru.es\/blog\/#organization"},"potentialAction":[{"@type":"SearchAction","target":{"@type":"EntryPoint","urlTemplate":"https:\/\/www.subaru.es\/blog\/?s={search_term_string}"},"query-input":{"@type":"PropertyValueSpecification","valueRequired":true,"valueName":"search_term_string"}}],"inLanguage":"es"},{"@type":"Organization","@id":"https:\/\/www.subaru.es\/blog\/#organization","name":"Subaru Espa\u00f1a S.A.","url":"https:\/\/www.subaru.es\/blog\/","logo":{"@type":"ImageObject","inLanguage":"es","@id":"https:\/\/www.subaru.es\/blog\/#\/schema\/logo\/image\/","url":"https:\/\/www.subaru.es\/blog\/wp-content\/uploads\/2016\/12\/Logo-Subaru-TypeV_C300-scaled.jpg","contentUrl":"https:\/\/www.subaru.es\/blog\/wp-content\/uploads\/2016\/12\/Logo-Subaru-TypeV_C300-scaled.jpg","width":2560,"height":1864,"caption":"Subaru Espa\u00f1a S.A."},"image":{"@id":"https:\/\/www.subaru.es\/blog\/#\/schema\/logo\/image\/"},"sameAs":["https:\/\/www.facebook.com\/subaruespana","https:\/\/www.instagram.com\/subarues\/","https:\/\/www.youtube.com\/user\/subaruespana"]},{"@type":"Person","@id":"https:\/\/www.subaru.es\/blog\/#\/schema\/person\/19a90b892230b8e0ec752704ddf4aa10","name":"Subaru","url":"https:\/\/www.subaru.es\/blog\/author\/subaria\/"}]}},"_links":{"self":[{"href":"https:\/\/www.subaru.es\/blog\/wp-json\/wp\/v2\/posts\/16422","targetHints":{"allow":["GET"]}}],"collection":[{"href":"https:\/\/www.subaru.es\/blog\/wp-json\/wp\/v2\/posts"}],"about":[{"href":"https:\/\/www.subaru.es\/blog\/wp-json\/wp\/v2\/types\/post"}],"author":[{"embeddable":true,"href":"https:\/\/www.subaru.es\/blog\/wp-json\/wp\/v2\/users\/21"}],"replies":[{"embeddable":true,"href":"https:\/\/www.subaru.es\/blog\/wp-json\/wp\/v2\/comments?post=16422"}],"version-history":[{"count":9,"href":"https:\/\/www.subaru.es\/blog\/wp-json\/wp\/v2\/posts\/16422\/revisions"}],"predecessor-version":[{"id":16955,"href":"https:\/\/www.subaru.es\/blog\/wp-json\/wp\/v2\/posts\/16422\/revisions\/16955"}],"wp:featuredmedia":[{"embeddable":true,"href":"https:\/\/www.subaru.es\/blog\/wp-json\/wp\/v2\/media\/16428"}],"wp:attachment":[{"href":"https:\/\/www.subaru.es\/blog\/wp-json\/wp\/v2\/media?parent=16422"}],"wp:term":[{"taxonomy":"category","embeddable":true,"href":"https:\/\/www.subaru.es\/blog\/wp-json\/wp\/v2\/categories?post=16422"},{"taxonomy":"post_tag","embeddable":true,"href":"https:\/\/www.subaru.es\/blog\/wp-json\/wp\/v2\/tags?post=16422"}],"curies":[{"name":"wp","href":"https:\/\/api.w.org\/{rel}","templated":true}]}}