{"id":16294,"date":"2016-11-07T11:39:36","date_gmt":"2016-11-07T09:39:36","guid":{"rendered":"http:\/\/subaru.preproduccion.com\/blog\/?p=16294"},"modified":"2020-08-06T11:50:53","modified_gmt":"2020-08-06T09:50:53","slug":"la-prueba-en-circuito-del-sti-por-alex-rins-protagonista-en-antena-3-y-otros-medios-del-motor","status":"publish","type":"post","link":"https:\/\/www.subaru.es\/blog\/nuestra-marca\/la-prueba-en-circuito-del-sti-por-alex-rins-protagonista-en-antena-3-y-otros-medios-del-motor\/","title":{"rendered":"La prueba en circuito del STI por \u00c1lex Rins, protagonista en Antena 3 y otros medios del motor"},"content":{"rendered":"<p><strong><span class=\"Apple-style-span\">La idea de que \u00c1lex Rins, embajador de Subaru en Espa\u00f1a, pilotara uno de nuestros STI en circuito ha tenido una gran repercusi\u00f3n medi\u00e1tica. En <a href=\"http:\/\/subaria.com\/subaru\/el-subaru-sti-en-circuito-me-ha-parecido-espectacular-dice-alex-rins\/\">Subaria <\/a>os contamos hace unas semanas c\u00f3mo fue la prueba y las sensaciones que nos transmiti\u00f3 \u00c1lex, y ahora queremos haceros part\u00edcipes de lo que algunos de los numerosos medios de comunicaci\u00f3n han publicado tras vivir dicha experiencia con nosotros. Es muy interesante c\u00f3mo han reflejado la divertida iniciativa, sobre todo el programa Cent\u00edmetros C\u00fabicos, de Antena 3, cuyo <a href=\"https:\/\/www.youtube.com\/watch?v=bPebDwzdoqA&amp;t=131s\">v\u00eddeo <\/a>os recomendamos ver.<\/span><\/strong><\/p>\n<p><iframe title=\"El embajador de Subaru Espa\u00f1a, \u00c1lex Rins, protagonista en Antena 3\" width=\"800\" height=\"450\" data-src=\"https:\/\/www.youtube.com\/embed\/bPebDwzdoqA?start=131&#038;feature=oembed\" frameborder=\"0\" allow=\"accelerometer; autoplay; clipboard-write; encrypted-media; gyroscope; picture-in-picture; web-share\" referrerpolicy=\"strict-origin-when-cross-origin\" allowfullscreen src=\"data:image\/svg+xml;base64,PHN2ZyB3aWR0aD0iMSIgaGVpZ2h0PSIxIiB4bWxucz0iaHR0cDovL3d3dy53My5vcmcvMjAwMC9zdmciPjwvc3ZnPg==\" class=\"lazyload\" data-load-mode=\"1\"><\/iframe><\/p>\n<p><span class=\"Apple-style-span\"><br \/>\n<\/span><\/p>\n<p>Con dos <span class=\"Apple-style-span\"><a href=\"http:\/\/www.subaru.es\/vehiculos\/wrx\"><strong>Subaru ST<\/strong>I<\/a><\/span> como protagonistas,<strong><span class=\"Apple-style-span\"> el pique entre \u00c1lex Rins y el presentador de Cent\u00edmetros C\u00fabicos, Eduardo Bueno, centra el reportaje del programa de Antena 3<\/span><\/strong>. Todo se desarrolla en la recta principal del madrile\u00f1o circuito de El Jarama, de 880 metros, donde entrevistan a nuestro embajador tras una vibrante prueba de aceleraci\u00f3n entre ambos.<\/p>\n<p>Dos Subaru STI con una clara diferencia aerodin\u00e1mica, uno nuestra cl\u00e1sica versi\u00f3n con aler\u00f3n y otro sin \u00e9l, pero id\u00e9nticos en el resto de aspectos.<span class=\"Apple-style-span\"><strong> Dos estilos distintos pero con un mismo esp\u00edrit<\/strong>u<\/span>. A igualdad de motores en los 880 metros de la recta del circuito madrile\u00f1o, la diferencia en la trepidante prueba de aceleraci\u00f3n entre Bueno y Rins ha sido m\u00ednima.<\/p>\n<p><img decoding=\"async\" width=\"560\" height=\"275\" class=\"size-medium wp-image-16500 aligncenter lazyload\" data-src=\"https:\/\/www.subaru.es\/blog\/wp-content\/uploads\/2016\/11\/Rins-Subaru-Jarama-Centimetros-Cubicos-560x275.png\" alt=\"rins-subaru-jarama-centimetros-cubicos\" data-srcset=\"https:\/\/www.subaru.es\/blog\/wp-content\/uploads\/2016\/11\/Rins-Subaru-Jarama-Centimetros-Cubicos-560x275.png 560w, https:\/\/www.subaru.es\/blog\/wp-content\/uploads\/2016\/11\/Rins-Subaru-Jarama-Centimetros-Cubicos.png 620w\" data-sizes=\"(max-width: 560px) 100vw, 560px\" src=\"data:image\/svg+xml;base64,PHN2ZyB3aWR0aD0iMSIgaGVpZ2h0PSIxIiB4bWxucz0iaHR0cDovL3d3dy53My5vcmcvMjAwMC9zdmciPjwvc3ZnPg==\" style=\"--smush-placeholder-width: 560px; --smush-placeholder-aspect-ratio: 560\/275;\" \/><\/p>\n<p>Ya m\u00e1s tranquilo y tras disfrutar en la pista con el STI,<strong> <span class=\"Apple-style-span\">\u00c1lex charla con el presentador de Cent\u00edmetros C\u00fabicos <\/span><span class=\"Apple-style-span\">acerca de las diferencias al volante entre las dos y las cuatro ruedas<\/span><\/strong>. El Subaru STI pesa 1.500 kg y tiene 300 CV, mientras que la moto del barcelon\u00e9s pesa 140 kg y tiene 140 CV. El simp\u00e1tico piloto lo tiene claro: \u201cen salida creo que la moto es m\u00e1s r\u00e1pida, pero llega un momento que el Subaru en velocidad la iguala aunque las dos ruedas te permiten hacer mucho m\u00e1s paso por curva\u201d.<\/p>\n<p>\u201cEn los coches la seguridad es latente, se puede apreciar f\u00e1cilmente por ejemplo con las barras antivuelco, mientras que vosotros vais a cuerpo descubierto&#8230; \u00bfPodr\u00eda este tema empujarte a dar el paso a los coches?\u201d. Sin despejar la duda planteada por el presentador,<strong><span class=\"Apple-style-span\"> Rins responde que no cree que la moto sea menos segura en caso de accidente<\/span><\/strong> <strong>ya que cuando caes te sueltas de ella y sigues trayectos distintos<\/strong>.<\/p>\n<p>Adem\u00e1s de Antena 3, otros muchos medios de comunicaci\u00f3n estuvieron all\u00ed para contarlo. En su secci\u00f3n de Motor, el diario <span class=\"Apple-style-span\"><a href=\"http:\/\/www.marca.com\/motor\/motogp\/2016\/10\/05\/57f53713e5fdeaf42a8b462d.html\"><strong>Marca<\/strong> <\/a><\/span>cont\u00f3 que el piloto pas\u00f3 una jornada muy divertida en el circuito madrile\u00f1o de El Jarama rodando con distintos modelos de la marca japonesa, citando sus propias declaraciones que se\u00f1alaban que la iniciativa hab\u00eda sido \u00abmuy divertida. No conoc\u00eda el trazado y me ha gustado mucho. He podido ir bastante r\u00e1pido\u00bb. El diario deportivo record\u00f3 a sus lectores que <strong><span class=\"Apple-style-span\">Rins disfruta normalmente de un WRX STI \u201ccon el que se mueve en todos sus desplazamientos desde abril\u201d<\/span><\/strong>, como ya os contamos en <span class=\"Apple-style-span\"><a href=\"http:\/\/subaria.com\/subaru\/alex-rins-%E2%80%9Cun-subaru-recoge-todo-lo-que-aprende-en-las-competiciones-en-las-que-participa%E2%80%9D\/\"><strong>este art\u00edculo<\/strong><\/a><\/span>.<\/p>\n<p><a href=\"https:\/\/www.subaru.es\/blog\/wp-content\/uploads\/2016\/10\/Rins-Subaru-Jarama-Marca.png\"><img decoding=\"async\" class=\"aligncenter size-full wp-image-13188 lazyload\" title=\"Rins-Subaru-Jarama (Marca)\" data-src=\"https:\/\/www.subaru.es\/blog\/wp-content\/uploads\/2016\/10\/Rins-Subaru-Jarama-Marca-e1477643404594.png\" alt=\"\" width=\"640\" height=\"420\" src=\"data:image\/svg+xml;base64,PHN2ZyB3aWR0aD0iMSIgaGVpZ2h0PSIxIiB4bWxucz0iaHR0cDovL3d3dy53My5vcmcvMjAwMC9zdmciPjwvc3ZnPg==\" style=\"--smush-placeholder-width: 640px; --smush-placeholder-aspect-ratio: 640\/420;\" \/><\/a><\/p>\n<p>Por su parte, Auto Sport publica en <strong><span class=\"Apple-style-span\"><a href=\"http:\/\/www.autohebdosport.es\/coches\/alex-rins-se-sube-al-subaru-wrx-sti-en-el-circuito-del-jarama\/28041\/\">esta informaci\u00f3n<\/a><\/span><\/strong> que tras dar varias vueltas con nuestro STI por el trazado madrile\u00f1o, Rins ha concluido que \u201cel STI en circuito me ha parecido espectacular. Tras conducirlo varios meses por ciudad y carretera lo imaginaba as\u00ed, pero <strong><span class=\"Apple-style-span\">al probarlo dentro de la pista es donde realmente he sido consciente del provecho que se le puede sacar<\/span><\/strong>. Tiene una estabilidad y una aceleraci\u00f3n incre\u00edbles\u201d.<\/p>\n<p>Auto Sport detalla que lo que m\u00e1s impresion\u00f3 al piloto de Moto2 es que \u00abel coche tenga tanto agarre. El centro de gravedad tan bajo es algo que me ha sorprendido, ya que <strong><span class=\"Apple-style-span\">permite trazar las curvas realmente r\u00e1pido<\/span><\/strong>. <span class=\"Apple-style-span\">Creo que tambi\u00e9n influye mucho el trabajo que aporta la <strong><a href=\"http:\/\/subaria.com\/subaru\/los-subaru-responden-en-la-nieve-y-no-lo-decimos-nosotros\/\">transmisi\u00f3n AWD<\/a><\/strong><\/span> para poder trazar una curva a velocidades tan elevadas, ya que es fundamental -aparte de la estabilidad que aporta el chasis- un buen sistema de tracci\u00f3n para que en todo momento est\u00e9n traccionando las cuatro ruedas. Est\u00e1 claro que este aspecto Subaru lo tiene muy, muy logrado\u201d. Esta publicaci\u00f3n completa su informaci\u00f3n recordando que precisamente este a\u00f1o nuestro exitoso propulsor B\u00f3xer celebra su <strong><span class=\"Apple-style-span\"><a href=\"http:\/\/subaria.com\/subaru\/el-motor-boxer-de-subaru-cumple-50-anos\/\">50 aniversario<\/a><\/span><\/strong>.<\/p>\n<p>Respecto a La Informaci\u00f3n, publica <span class=\"Apple-style-span\"><a href=\"http:\/\/www.lainformacion.com\/deporte\/eventos-deportivos\/campeonato-mundial\/Rins-Ahora-preparado-salto-MotoGP_0_961104172.html\"><strong>aqu\u00ed<\/strong> <\/a><\/span>que<strong> <span class=\"Apple-style-span\">el piloto barcelon\u00e9s manifest\u00f3 que Subaru es una \u00abmarca ganadora\u00bb<\/span> <\/strong>y que le gusta ganar tanto como a \u00e9l; \u00abun Subaru WRX STI es un caballo ganador y un coche hist\u00f3rico que va muy bien. La primera vez que pilot\u00e9 uno sent\u00ed velocidad y me sent\u00ed muy c\u00f3modo y a gusto\u00bb. \u00c1lex detall\u00f3 para este diario que el compromiso que tiene con nuestra marca <span class=\"Apple-style-span\">\u201cno es como la de un patrocinador m\u00e1s, sino algo m\u00e1s cercano\u201d<\/span>.<\/p>\n<p><img decoding=\"async\" width=\"560\" height=\"435\" class=\"size-medium wp-image-16501 aligncenter lazyload\" data-src=\"https:\/\/www.subaru.es\/blog\/wp-content\/uploads\/2016\/11\/Rins-Subaru-Jarama-La-Informacion-EuropaPress-560x435.png\" alt=\"rins-subaru-jarama-la-informacion-europapress\" data-srcset=\"https:\/\/www.subaru.es\/blog\/wp-content\/uploads\/2016\/11\/Rins-Subaru-Jarama-La-Informacion-EuropaPress-560x435.png 560w, https:\/\/www.subaru.es\/blog\/wp-content\/uploads\/2016\/11\/Rins-Subaru-Jarama-La-Informacion-EuropaPress.png 674w\" data-sizes=\"(max-width: 560px) 100vw, 560px\" src=\"data:image\/svg+xml;base64,PHN2ZyB3aWR0aD0iMSIgaGVpZ2h0PSIxIiB4bWxucz0iaHR0cDovL3d3dy53My5vcmcvMjAwMC9zdmciPjwvc3ZnPg==\" style=\"--smush-placeholder-width: 560px; --smush-placeholder-aspect-ratio: 560\/435;\" \/><\/p>\n<p>En cuanto a Auto Bild, otro de los medios que se ha hecho <strong>eco de las sensaciones de Rins al volante de nuestro STI<\/strong> como podemos ver en <strong><span class=\"Apple-style-span\"><a href=\"http:\/\/www.autobild.es\/noticias\/entrevista-alex-rins-solo-pienso-titulo-moto2-301561\">este enlace<\/a><\/span><\/strong>, cuenta a sus lectores que \u00ab<span class=\"Apple-style-span\">Subaru nos invit\u00f3 a pasar un d\u00eda agradable y distendido junto al piloto y el resto de compa\u00f1eros de la prensa<\/span>. Pudimos hablar de todo con uno de los talentos m\u00e1s prometedores del motociclismo espa\u00f1ol que el a\u00f1o que viene dar\u00e1 el salto a MotoGP para medirse de t\u00fa a t\u00fa con los M\u00e1rquez, Rossi y Lorenzo\u00bb.<\/p>\n<p>Tras esto, en la entrevista que publica este medio de comunicaci\u00f3n de \u00c1lex recoge su respuesta a la pregunta \u00bfQu\u00e9 supone para ti el hecho de que una marca como Subaru apueste por un piloto como t\u00fa? \u00ab<span class=\"Apple-style-span\">Es un orgullo formar parte de la familia Subaru. Desde peque\u00f1o siempre me han gustado sus coches<\/span>, los he seguido en el WRC y cuando surgi\u00f3 la oportunidad ni me lo pens\u00e9. <strong>Subaru no es un patrocinador m\u00e1s porque me siento muy arropado por ellos<\/strong>\u201d, le contesta nuestro embajador.<\/p>\n<p><a href=\"https:\/\/www.subaru.es\/blog\/wp-content\/uploads\/2016\/10\/Rins-Subaru-Jarama-Auto-Bild-c.png\"><img decoding=\"async\" class=\"aligncenter size-full wp-image-13196 lazyload\" title=\"Rins-Subaru-Jarama (Auto Bild) c\" data-src=\"https:\/\/www.subaru.es\/blog\/wp-content\/uploads\/2016\/10\/Rins-Subaru-Jarama-Auto-Bild-c-e1477644086220.png\" alt=\"\" width=\"640\" height=\"523\" src=\"data:image\/svg+xml;base64,PHN2ZyB3aWR0aD0iMSIgaGVpZ2h0PSIxIiB4bWxucz0iaHR0cDovL3d3dy53My5vcmcvMjAwMC9zdmciPjwvc3ZnPg==\" style=\"--smush-placeholder-width: 640px; --smush-placeholder-aspect-ratio: 640\/523;\" \/><\/a><\/p>\n<p><strong><span class=\"Apple-style-span\"><a href=\"http:\/\/www.motociclismo.es\/mundial-motogp\/articulo\/alex-rins-cuando-rompi-clavicula-vi-perdido-campeonato\">Motociclismo<\/a><\/span> <\/strong>ha sido otro de los medios especializados en motor que no quiso perderse la convocatoria del circuito madrile\u00f1o de El Jarama. Esta vez el periodista le dijo al piloto que en moto todos ya sabemos lo bueno que es, pero \u00bfy en coche? \u201cLa verdad es que no lo s\u00e9, porque nunca he comparado tiempos. He corrido alguna vez en karts, pero no tiene nada que ver con un coche de calle. Es una cosa que me gusta mucho desde peque\u00f1o, y ocasiones como estas hay que aprovecharlas\u00bb. <strong><span class=\"Apple-style-span\">Cuando \u00c1lex termin\u00f3 con la sesi\u00f3n, este medio destaca que \u00c1lex nos pidi\u00f3 poder dar unas vueltas extras al circuito<\/span><\/strong>.<\/p>\n<p>Sobre el STI que disfruta en su d\u00eda a d\u00eda, \u00c1lex Rins cont\u00f3 a la revista Motociclismo que \u201ca MotorLand fui con \u00e9l, pudiendo disfrutar de un tramo de curvas muy bueno para ponerlo a prueba. Lo disfrut\u00e9 mucho, aunque mejor aqu\u00ed en circuito para exprimirlo bien. El Subaru es un coche muy guapo que a m\u00ed siempre me recuerda a los coches del Mundial de Rallys.<strong> <span class=\"Apple-style-span\">Aquel Imprezza azul de Colin McRae me encantaba\u2026 tiene mucha historia<\/span><\/strong>\u201d.<\/p>\n<p><a href=\"https:\/\/www.subaru.es\/blog\/wp-content\/uploads\/2016\/10\/Rins-Subaru-Jarama-3.png\"><img decoding=\"async\" class=\"aligncenter size-full wp-image-13205 lazyload\" title=\"Rins-Subaru-Jarama 3\" data-src=\"https:\/\/www.subaru.es\/blog\/wp-content\/uploads\/2016\/10\/Rins-Subaru-Jarama-3-e1477645349947.png\" alt=\"\" width=\"640\" height=\"180\" src=\"data:image\/svg+xml;base64,PHN2ZyB3aWR0aD0iMSIgaGVpZ2h0PSIxIiB4bWxucz0iaHR0cDovL3d3dy53My5vcmcvMjAwMC9zdmciPjwvc3ZnPg==\" style=\"--smush-placeholder-width: 640px; --smush-placeholder-aspect-ratio: 640\/180;\" \/><\/a><\/p>\n","protected":false},"excerpt":{"rendered":"<p>La idea de que \u00c1lex Rins, embajador de Subaru en Espa\u00f1a, pilotara uno de nuestros STI en circuito ha tenido una gran repercusi\u00f3n medi\u00e1tica. En Subaria os contamos hace unas semanas c\u00f3mo fue la prueba y las sensaciones que nos transmiti\u00f3 \u00c1lex, y ahora queremos haceros part\u00edcipes de lo que algunos de los numerosos medios [&hellip;]<\/p>\n","protected":false},"author":21,"featured_media":16362,"comment_status":"open","ping_status":"closed","sticky":false,"template":"","format":"standard","meta":{"_acf_changed":false,"_eb_attr":"","inline_featured_image":false,"footnotes":""},"categories":[4401],"tags":[4380,4186,65,1293,11,243],"class_list":["post-16294","post","type-post","status-publish","format-standard","has-post-thumbnail","hentry","category-nuestra-marca","tag-alex-rins","tag-el-jarama","tag-impreza-wrx-sti","tag-motociclismo","tag-sti","tag-wrx-sti"],"acf":[],"yoast_head":"<!-- This site is optimized with the Yoast SEO plugin v27.3 - https:\/\/yoast.com\/product\/yoast-seo-wordpress\/ -->\n<title>La prueba en circuito del STI por \u00c1lex Rins, protagonista en Antena 3 y otros medios del motor - Universo Subaru<\/title>\n<meta name=\"robots\" content=\"index, follow, max-snippet:-1, max-image-preview:large, max-video-preview:-1\" \/>\n<link rel=\"canonical\" href=\"https:\/\/www.subaru.es\/blog\/nuestra-marca\/la-prueba-en-circuito-del-sti-por-alex-rins-protagonista-en-antena-3-y-otros-medios-del-motor\/\" \/>\n<meta property=\"og:locale\" content=\"es_ES\" \/>\n<meta property=\"og:type\" content=\"article\" \/>\n<meta property=\"og:title\" content=\"La prueba en circuito del STI por \u00c1lex Rins, protagonista en Antena 3 y otros medios del motor - Universo Subaru\" \/>\n<meta property=\"og:description\" content=\"La idea de que \u00c1lex Rins, embajador de Subaru en Espa\u00f1a, pilotara uno de nuestros STI en circuito ha tenido una gran repercusi\u00f3n medi\u00e1tica. En Subaria os contamos hace unas semanas c\u00f3mo fue la prueba y las sensaciones que nos transmiti\u00f3 \u00c1lex, y ahora queremos haceros part\u00edcipes de lo que algunos de los numerosos medios [&hellip;]\" \/>\n<meta property=\"og:url\" content=\"https:\/\/www.subaru.es\/blog\/nuestra-marca\/la-prueba-en-circuito-del-sti-por-alex-rins-protagonista-en-antena-3-y-otros-medios-del-motor\/\" \/>\n<meta property=\"og:site_name\" content=\"Universo Subaru\" \/>\n<meta property=\"article:publisher\" content=\"https:\/\/www.facebook.com\/subaruespana\" \/>\n<meta property=\"article:published_time\" content=\"2016-11-07T09:39:36+00:00\" \/>\n<meta property=\"article:modified_time\" content=\"2020-08-06T09:50:53+00:00\" \/>\n<meta property=\"og:image\" content=\"https:\/\/www.subaru.es\/blog\/wp-content\/uploads\/2016\/11\/Rins-prueba-SubaruA3-a-1-e1478782167225.jpg\" \/>\n\t<meta property=\"og:image:width\" content=\"1200\" \/>\n\t<meta property=\"og:image:height\" content=\"800\" \/>\n\t<meta property=\"og:image:type\" content=\"image\/jpeg\" \/>\n<meta name=\"author\" content=\"Subaru\" \/>\n<meta name=\"twitter:card\" content=\"summary_large_image\" \/>\n<meta name=\"twitter:label1\" content=\"Escrito por\" \/>\n\t<meta name=\"twitter:data1\" content=\"Subaru\" \/>\n\t<meta name=\"twitter:label2\" content=\"Tiempo de lectura\" \/>\n\t<meta name=\"twitter:data2\" content=\"6 minutos\" \/>\n<script type=\"application\/ld+json\" class=\"yoast-schema-graph\">{\"@context\":\"https:\\\/\\\/schema.org\",\"@graph\":[{\"@type\":\"Article\",\"@id\":\"https:\\\/\\\/www.subaru.es\\\/blog\\\/nuestra-marca\\\/la-prueba-en-circuito-del-sti-por-alex-rins-protagonista-en-antena-3-y-otros-medios-del-motor\\\/#article\",\"isPartOf\":{\"@id\":\"https:\\\/\\\/www.subaru.es\\\/blog\\\/nuestra-marca\\\/la-prueba-en-circuito-del-sti-por-alex-rins-protagonista-en-antena-3-y-otros-medios-del-motor\\\/\"},\"author\":{\"name\":\"Subaru\",\"@id\":\"https:\\\/\\\/www.subaru.es\\\/blog\\\/#\\\/schema\\\/person\\\/19a90b892230b8e0ec752704ddf4aa10\"},\"headline\":\"La prueba en circuito del STI por \u00c1lex Rins, protagonista en Antena 3 y otros medios del motor\",\"datePublished\":\"2016-11-07T09:39:36+00:00\",\"dateModified\":\"2020-08-06T09:50:53+00:00\",\"mainEntityOfPage\":{\"@id\":\"https:\\\/\\\/www.subaru.es\\\/blog\\\/nuestra-marca\\\/la-prueba-en-circuito-del-sti-por-alex-rins-protagonista-en-antena-3-y-otros-medios-del-motor\\\/\"},\"wordCount\":1204,\"commentCount\":0,\"publisher\":{\"@id\":\"https:\\\/\\\/www.subaru.es\\\/blog\\\/#organization\"},\"image\":{\"@id\":\"https:\\\/\\\/www.subaru.es\\\/blog\\\/nuestra-marca\\\/la-prueba-en-circuito-del-sti-por-alex-rins-protagonista-en-antena-3-y-otros-medios-del-motor\\\/#primaryimage\"},\"thumbnailUrl\":\"https:\\\/\\\/www.subaru.es\\\/blog\\\/wp-content\\\/uploads\\\/2016\\\/11\\\/Rins-prueba-SubaruA3-a-1-e1478782167225.jpg\",\"keywords\":[\"\u00c1lex Rins\",\"El Jarama\",\"impreza wrx sti\",\"motociclismo.\",\"sti\",\"wrx sti\"],\"articleSection\":[\"Nuestra marca\"],\"inLanguage\":\"es\",\"potentialAction\":[{\"@type\":\"CommentAction\",\"name\":\"Comment\",\"target\":[\"https:\\\/\\\/www.subaru.es\\\/blog\\\/nuestra-marca\\\/la-prueba-en-circuito-del-sti-por-alex-rins-protagonista-en-antena-3-y-otros-medios-del-motor\\\/#respond\"]}]},{\"@type\":\"WebPage\",\"@id\":\"https:\\\/\\\/www.subaru.es\\\/blog\\\/nuestra-marca\\\/la-prueba-en-circuito-del-sti-por-alex-rins-protagonista-en-antena-3-y-otros-medios-del-motor\\\/\",\"url\":\"https:\\\/\\\/www.subaru.es\\\/blog\\\/nuestra-marca\\\/la-prueba-en-circuito-del-sti-por-alex-rins-protagonista-en-antena-3-y-otros-medios-del-motor\\\/\",\"name\":\"La prueba en circuito del STI por \u00c1lex Rins, protagonista en Antena 3 y otros medios del motor - Universo Subaru\",\"isPartOf\":{\"@id\":\"https:\\\/\\\/www.subaru.es\\\/blog\\\/#website\"},\"primaryImageOfPage\":{\"@id\":\"https:\\\/\\\/www.subaru.es\\\/blog\\\/nuestra-marca\\\/la-prueba-en-circuito-del-sti-por-alex-rins-protagonista-en-antena-3-y-otros-medios-del-motor\\\/#primaryimage\"},\"image\":{\"@id\":\"https:\\\/\\\/www.subaru.es\\\/blog\\\/nuestra-marca\\\/la-prueba-en-circuito-del-sti-por-alex-rins-protagonista-en-antena-3-y-otros-medios-del-motor\\\/#primaryimage\"},\"thumbnailUrl\":\"https:\\\/\\\/www.subaru.es\\\/blog\\\/wp-content\\\/uploads\\\/2016\\\/11\\\/Rins-prueba-SubaruA3-a-1-e1478782167225.jpg\",\"datePublished\":\"2016-11-07T09:39:36+00:00\",\"dateModified\":\"2020-08-06T09:50:53+00:00\",\"breadcrumb\":{\"@id\":\"https:\\\/\\\/www.subaru.es\\\/blog\\\/nuestra-marca\\\/la-prueba-en-circuito-del-sti-por-alex-rins-protagonista-en-antena-3-y-otros-medios-del-motor\\\/#breadcrumb\"},\"inLanguage\":\"es\",\"potentialAction\":[{\"@type\":\"ReadAction\",\"target\":[\"https:\\\/\\\/www.subaru.es\\\/blog\\\/nuestra-marca\\\/la-prueba-en-circuito-del-sti-por-alex-rins-protagonista-en-antena-3-y-otros-medios-del-motor\\\/\"]}]},{\"@type\":\"ImageObject\",\"inLanguage\":\"es\",\"@id\":\"https:\\\/\\\/www.subaru.es\\\/blog\\\/nuestra-marca\\\/la-prueba-en-circuito-del-sti-por-alex-rins-protagonista-en-antena-3-y-otros-medios-del-motor\\\/#primaryimage\",\"url\":\"https:\\\/\\\/www.subaru.es\\\/blog\\\/wp-content\\\/uploads\\\/2016\\\/11\\\/Rins-prueba-SubaruA3-a-1-e1478782167225.jpg\",\"contentUrl\":\"https:\\\/\\\/www.subaru.es\\\/blog\\\/wp-content\\\/uploads\\\/2016\\\/11\\\/Rins-prueba-SubaruA3-a-1-e1478782167225.jpg\",\"width\":1200,\"height\":800},{\"@type\":\"BreadcrumbList\",\"@id\":\"https:\\\/\\\/www.subaru.es\\\/blog\\\/nuestra-marca\\\/la-prueba-en-circuito-del-sti-por-alex-rins-protagonista-en-antena-3-y-otros-medios-del-motor\\\/#breadcrumb\",\"itemListElement\":[{\"@type\":\"ListItem\",\"position\":1,\"name\":\"Portada\",\"item\":\"https:\\\/\\\/www.subaru.es\\\/blog\\\/\"},{\"@type\":\"ListItem\",\"position\":2,\"name\":\"La prueba en circuito del STI por \u00c1lex Rins, protagonista en Antena 3 y otros medios del motor\"}]},{\"@type\":\"WebSite\",\"@id\":\"https:\\\/\\\/www.subaru.es\\\/blog\\\/#website\",\"url\":\"https:\\\/\\\/www.subaru.es\\\/blog\\\/\",\"name\":\"Universo Subaru\",\"description\":\"Descubre este apasionante espacio de Subaru donde vas a conocer todo sobre nuestros coches y las experiencias que vivimos con ellos. Si est\u00e1s preparado para dejarte seducir por la filosof\u00eda Subaru, qu\u00e9date con nosotros.\",\"publisher\":{\"@id\":\"https:\\\/\\\/www.subaru.es\\\/blog\\\/#organization\"},\"potentialAction\":[{\"@type\":\"SearchAction\",\"target\":{\"@type\":\"EntryPoint\",\"urlTemplate\":\"https:\\\/\\\/www.subaru.es\\\/blog\\\/?s={search_term_string}\"},\"query-input\":{\"@type\":\"PropertyValueSpecification\",\"valueRequired\":true,\"valueName\":\"search_term_string\"}}],\"inLanguage\":\"es\"},{\"@type\":\"Organization\",\"@id\":\"https:\\\/\\\/www.subaru.es\\\/blog\\\/#organization\",\"name\":\"Subaru Espa\u00f1a S.A.\",\"url\":\"https:\\\/\\\/www.subaru.es\\\/blog\\\/\",\"logo\":{\"@type\":\"ImageObject\",\"inLanguage\":\"es\",\"@id\":\"https:\\\/\\\/www.subaru.es\\\/blog\\\/#\\\/schema\\\/logo\\\/image\\\/\",\"url\":\"https:\\\/\\\/www.subaru.es\\\/blog\\\/wp-content\\\/uploads\\\/2016\\\/12\\\/Logo-Subaru-TypeV_C300-scaled.jpg\",\"contentUrl\":\"https:\\\/\\\/www.subaru.es\\\/blog\\\/wp-content\\\/uploads\\\/2016\\\/12\\\/Logo-Subaru-TypeV_C300-scaled.jpg\",\"width\":2560,\"height\":1864,\"caption\":\"Subaru Espa\u00f1a S.A.\"},\"image\":{\"@id\":\"https:\\\/\\\/www.subaru.es\\\/blog\\\/#\\\/schema\\\/logo\\\/image\\\/\"},\"sameAs\":[\"https:\\\/\\\/www.facebook.com\\\/subaruespana\",\"https:\\\/\\\/www.instagram.com\\\/subarues\\\/\",\"https:\\\/\\\/www.youtube.com\\\/user\\\/subaruespana\"]},{\"@type\":\"Person\",\"@id\":\"https:\\\/\\\/www.subaru.es\\\/blog\\\/#\\\/schema\\\/person\\\/19a90b892230b8e0ec752704ddf4aa10\",\"name\":\"Subaru\",\"url\":\"https:\\\/\\\/www.subaru.es\\\/blog\\\/author\\\/subaria\\\/\"}]}<\/script>\n<!-- \/ Yoast SEO plugin. -->","yoast_head_json":{"title":"La prueba en circuito del STI por \u00c1lex Rins, protagonista en Antena 3 y otros medios del motor - Universo Subaru","robots":{"index":"index","follow":"follow","max-snippet":"max-snippet:-1","max-image-preview":"max-image-preview:large","max-video-preview":"max-video-preview:-1"},"canonical":"https:\/\/www.subaru.es\/blog\/nuestra-marca\/la-prueba-en-circuito-del-sti-por-alex-rins-protagonista-en-antena-3-y-otros-medios-del-motor\/","og_locale":"es_ES","og_type":"article","og_title":"La prueba en circuito del STI por \u00c1lex Rins, protagonista en Antena 3 y otros medios del motor - Universo Subaru","og_description":"La idea de que \u00c1lex Rins, embajador de Subaru en Espa\u00f1a, pilotara uno de nuestros STI en circuito ha tenido una gran repercusi\u00f3n medi\u00e1tica. En Subaria os contamos hace unas semanas c\u00f3mo fue la prueba y las sensaciones que nos transmiti\u00f3 \u00c1lex, y ahora queremos haceros part\u00edcipes de lo que algunos de los numerosos medios [&hellip;]","og_url":"https:\/\/www.subaru.es\/blog\/nuestra-marca\/la-prueba-en-circuito-del-sti-por-alex-rins-protagonista-en-antena-3-y-otros-medios-del-motor\/","og_site_name":"Universo Subaru","article_publisher":"https:\/\/www.facebook.com\/subaruespana","article_published_time":"2016-11-07T09:39:36+00:00","article_modified_time":"2020-08-06T09:50:53+00:00","og_image":[{"width":1200,"height":800,"url":"https:\/\/www.subaru.es\/blog\/wp-content\/uploads\/2016\/11\/Rins-prueba-SubaruA3-a-1-e1478782167225.jpg","type":"image\/jpeg"}],"author":"Subaru","twitter_card":"summary_large_image","twitter_misc":{"Escrito por":"Subaru","Tiempo de lectura":"6 minutos"},"schema":{"@context":"https:\/\/schema.org","@graph":[{"@type":"Article","@id":"https:\/\/www.subaru.es\/blog\/nuestra-marca\/la-prueba-en-circuito-del-sti-por-alex-rins-protagonista-en-antena-3-y-otros-medios-del-motor\/#article","isPartOf":{"@id":"https:\/\/www.subaru.es\/blog\/nuestra-marca\/la-prueba-en-circuito-del-sti-por-alex-rins-protagonista-en-antena-3-y-otros-medios-del-motor\/"},"author":{"name":"Subaru","@id":"https:\/\/www.subaru.es\/blog\/#\/schema\/person\/19a90b892230b8e0ec752704ddf4aa10"},"headline":"La prueba en circuito del STI por \u00c1lex Rins, protagonista en Antena 3 y otros medios del motor","datePublished":"2016-11-07T09:39:36+00:00","dateModified":"2020-08-06T09:50:53+00:00","mainEntityOfPage":{"@id":"https:\/\/www.subaru.es\/blog\/nuestra-marca\/la-prueba-en-circuito-del-sti-por-alex-rins-protagonista-en-antena-3-y-otros-medios-del-motor\/"},"wordCount":1204,"commentCount":0,"publisher":{"@id":"https:\/\/www.subaru.es\/blog\/#organization"},"image":{"@id":"https:\/\/www.subaru.es\/blog\/nuestra-marca\/la-prueba-en-circuito-del-sti-por-alex-rins-protagonista-en-antena-3-y-otros-medios-del-motor\/#primaryimage"},"thumbnailUrl":"https:\/\/www.subaru.es\/blog\/wp-content\/uploads\/2016\/11\/Rins-prueba-SubaruA3-a-1-e1478782167225.jpg","keywords":["\u00c1lex Rins","El Jarama","impreza wrx sti","motociclismo.","sti","wrx sti"],"articleSection":["Nuestra marca"],"inLanguage":"es","potentialAction":[{"@type":"CommentAction","name":"Comment","target":["https:\/\/www.subaru.es\/blog\/nuestra-marca\/la-prueba-en-circuito-del-sti-por-alex-rins-protagonista-en-antena-3-y-otros-medios-del-motor\/#respond"]}]},{"@type":"WebPage","@id":"https:\/\/www.subaru.es\/blog\/nuestra-marca\/la-prueba-en-circuito-del-sti-por-alex-rins-protagonista-en-antena-3-y-otros-medios-del-motor\/","url":"https:\/\/www.subaru.es\/blog\/nuestra-marca\/la-prueba-en-circuito-del-sti-por-alex-rins-protagonista-en-antena-3-y-otros-medios-del-motor\/","name":"La prueba en circuito del STI por \u00c1lex Rins, protagonista en Antena 3 y otros medios del motor - Universo Subaru","isPartOf":{"@id":"https:\/\/www.subaru.es\/blog\/#website"},"primaryImageOfPage":{"@id":"https:\/\/www.subaru.es\/blog\/nuestra-marca\/la-prueba-en-circuito-del-sti-por-alex-rins-protagonista-en-antena-3-y-otros-medios-del-motor\/#primaryimage"},"image":{"@id":"https:\/\/www.subaru.es\/blog\/nuestra-marca\/la-prueba-en-circuito-del-sti-por-alex-rins-protagonista-en-antena-3-y-otros-medios-del-motor\/#primaryimage"},"thumbnailUrl":"https:\/\/www.subaru.es\/blog\/wp-content\/uploads\/2016\/11\/Rins-prueba-SubaruA3-a-1-e1478782167225.jpg","datePublished":"2016-11-07T09:39:36+00:00","dateModified":"2020-08-06T09:50:53+00:00","breadcrumb":{"@id":"https:\/\/www.subaru.es\/blog\/nuestra-marca\/la-prueba-en-circuito-del-sti-por-alex-rins-protagonista-en-antena-3-y-otros-medios-del-motor\/#breadcrumb"},"inLanguage":"es","potentialAction":[{"@type":"ReadAction","target":["https:\/\/www.subaru.es\/blog\/nuestra-marca\/la-prueba-en-circuito-del-sti-por-alex-rins-protagonista-en-antena-3-y-otros-medios-del-motor\/"]}]},{"@type":"ImageObject","inLanguage":"es","@id":"https:\/\/www.subaru.es\/blog\/nuestra-marca\/la-prueba-en-circuito-del-sti-por-alex-rins-protagonista-en-antena-3-y-otros-medios-del-motor\/#primaryimage","url":"https:\/\/www.subaru.es\/blog\/wp-content\/uploads\/2016\/11\/Rins-prueba-SubaruA3-a-1-e1478782167225.jpg","contentUrl":"https:\/\/www.subaru.es\/blog\/wp-content\/uploads\/2016\/11\/Rins-prueba-SubaruA3-a-1-e1478782167225.jpg","width":1200,"height":800},{"@type":"BreadcrumbList","@id":"https:\/\/www.subaru.es\/blog\/nuestra-marca\/la-prueba-en-circuito-del-sti-por-alex-rins-protagonista-en-antena-3-y-otros-medios-del-motor\/#breadcrumb","itemListElement":[{"@type":"ListItem","position":1,"name":"Portada","item":"https:\/\/www.subaru.es\/blog\/"},{"@type":"ListItem","position":2,"name":"La prueba en circuito del STI por \u00c1lex Rins, protagonista en Antena 3 y otros medios del motor"}]},{"@type":"WebSite","@id":"https:\/\/www.subaru.es\/blog\/#website","url":"https:\/\/www.subaru.es\/blog\/","name":"Universo Subaru","description":"Descubre este apasionante espacio de Subaru donde vas a conocer todo sobre nuestros coches y las experiencias que vivimos con ellos. Si est\u00e1s preparado para dejarte seducir por la filosof\u00eda Subaru, qu\u00e9date con nosotros.","publisher":{"@id":"https:\/\/www.subaru.es\/blog\/#organization"},"potentialAction":[{"@type":"SearchAction","target":{"@type":"EntryPoint","urlTemplate":"https:\/\/www.subaru.es\/blog\/?s={search_term_string}"},"query-input":{"@type":"PropertyValueSpecification","valueRequired":true,"valueName":"search_term_string"}}],"inLanguage":"es"},{"@type":"Organization","@id":"https:\/\/www.subaru.es\/blog\/#organization","name":"Subaru Espa\u00f1a S.A.","url":"https:\/\/www.subaru.es\/blog\/","logo":{"@type":"ImageObject","inLanguage":"es","@id":"https:\/\/www.subaru.es\/blog\/#\/schema\/logo\/image\/","url":"https:\/\/www.subaru.es\/blog\/wp-content\/uploads\/2016\/12\/Logo-Subaru-TypeV_C300-scaled.jpg","contentUrl":"https:\/\/www.subaru.es\/blog\/wp-content\/uploads\/2016\/12\/Logo-Subaru-TypeV_C300-scaled.jpg","width":2560,"height":1864,"caption":"Subaru Espa\u00f1a S.A."},"image":{"@id":"https:\/\/www.subaru.es\/blog\/#\/schema\/logo\/image\/"},"sameAs":["https:\/\/www.facebook.com\/subaruespana","https:\/\/www.instagram.com\/subarues\/","https:\/\/www.youtube.com\/user\/subaruespana"]},{"@type":"Person","@id":"https:\/\/www.subaru.es\/blog\/#\/schema\/person\/19a90b892230b8e0ec752704ddf4aa10","name":"Subaru","url":"https:\/\/www.subaru.es\/blog\/author\/subaria\/"}]}},"_links":{"self":[{"href":"https:\/\/www.subaru.es\/blog\/wp-json\/wp\/v2\/posts\/16294","targetHints":{"allow":["GET"]}}],"collection":[{"href":"https:\/\/www.subaru.es\/blog\/wp-json\/wp\/v2\/posts"}],"about":[{"href":"https:\/\/www.subaru.es\/blog\/wp-json\/wp\/v2\/types\/post"}],"author":[{"embeddable":true,"href":"https:\/\/www.subaru.es\/blog\/wp-json\/wp\/v2\/users\/21"}],"replies":[{"embeddable":true,"href":"https:\/\/www.subaru.es\/blog\/wp-json\/wp\/v2\/comments?post=16294"}],"version-history":[{"count":4,"href":"https:\/\/www.subaru.es\/blog\/wp-json\/wp\/v2\/posts\/16294\/revisions"}],"predecessor-version":[{"id":16502,"href":"https:\/\/www.subaru.es\/blog\/wp-json\/wp\/v2\/posts\/16294\/revisions\/16502"}],"wp:featuredmedia":[{"embeddable":true,"href":"https:\/\/www.subaru.es\/blog\/wp-json\/wp\/v2\/media\/16362"}],"wp:attachment":[{"href":"https:\/\/www.subaru.es\/blog\/wp-json\/wp\/v2\/media?parent=16294"}],"wp:term":[{"taxonomy":"category","embeddable":true,"href":"https:\/\/www.subaru.es\/blog\/wp-json\/wp\/v2\/categories?post=16294"},{"taxonomy":"post_tag","embeddable":true,"href":"https:\/\/www.subaru.es\/blog\/wp-json\/wp\/v2\/tags?post=16294"}],"curies":[{"name":"wp","href":"https:\/\/api.w.org\/{rel}","templated":true}]}}