{"id":1629,"date":"2008-11-05T09:27:09","date_gmt":"2008-11-05T07:27:09","guid":{"rendered":"http:\/\/subaru.preproduccion.com\/blog\/wp-content\/2008\/11\/05\/subaru-forester-record-de-ventas-en-el-mundo\/"},"modified":"2016-10-17T15:08:59","modified_gmt":"2016-10-17T13:08:59","slug":"subaru-forester-record-de-ventas-en-el-mundo","status":"publish","type":"post","link":"https:\/\/www.subaru.es\/blog\/nuestra-marca\/subaru-forester-record-de-ventas-en-el-mundo\/","title":{"rendered":"Subaru Forester, r\u00e9cord de ventas en el mundo"},"content":{"rendered":"<p><a href='https:\/\/www.subaru.es\/blog\/wp-content\/uploads\/2008\/10\/forester.jpg' title='Forester, r\u00e9cord de ventas'><img data-src='https:\/\/www.subaru.es\/blog\/wp-content\/uploads\/2008\/10\/forester.jpg' alt='Forester, r\u00e9cord de ventas' src='data:image\/svg+xml;base64,PHN2ZyB3aWR0aD0iMSIgaGVpZ2h0PSIxIiB4bWxucz0iaHR0cDovL3d3dy53My5vcmcvMjAwMC9zdmciPjwvc3ZnPg==' class='lazyload' style='--smush-placeholder-width: 359px; --smush-placeholder-aspect-ratio: 359\/239;' \/><\/a><br \/>\nYa sab\u00edamos que Subaru era una de las pocas marcas que hab\u00eda <a href=\"https:\/\/www.subaru.es\/blog\/2008\/09\/24\/subaru-esquiva-la-crisis\/\">esquivado la crisis <\/a>pero, adem\u00e1s, nos hemos enterado de que la filial americana de la firma, <strong>Subaru of America inc<\/strong>., <strong>increment\u00f3 sus ventas <\/strong>un <strong>cinco por ciento <\/strong>en julio de este a\u00f1o, respecto al mes anterior. Y, lo que es m\u00e1s sorprendente, el <strong>Forester <\/strong>aument\u00f3 sus ventas un <strong>51 por ciento<\/strong>, por lo que ha alcanzado el <strong>r\u00e9cord de ventas <\/strong>este a\u00f1o.<\/p>\n<p>Pero el <strong>Forester <\/strong>no s\u00f3lo ha tenido \u00e9xito en <strong>Am\u00e9rica<\/strong>. En <strong>Australia<\/strong>, esta nueva generaci\u00f3n de <strong>Subaru <\/strong>ha mantenido su status de <em><strong>best-selling Sports Utility Vehicle <\/strong><\/em>hasta el mes de septiembre, seg\u00fan cifras oficiales de <strong>VFACTS<\/strong>. En cifras se traduce en un <strong>incremento del 14,8 por ciento <\/strong>respecto al mismo mes del a\u00f1o anterior y un <strong>18,5 por ciento <\/strong>en lo que lleva del a\u00f1o. <\/p>\n<p>Tambi\u00e9n en <strong>Canad\u00e1 <\/strong>las ventas han crecido incre\u00edblemente, hasta alcanzar un <strong>125,9 por ciento <\/strong>de subida para el mes de agosto con respecto al a\u00f1o pasado.<\/p>\n<p>Y en <strong>Argentina <\/strong>esta gama se present\u00f3 a fines de julio con gran <strong>\u00e9xito de ventas<\/strong>. Los dos primeros meses de <strong>Forester <\/strong>en el mercado superaron a los dos del mismo periodo del a\u00f1o anterior en un <strong>87,5 por ciento. <\/strong><\/p>\n<blockquote><p><a href=\"https:\/\/www.subaru.es\/blog\/2008\/09\/30\/a-vueltas-con-la-temida-crisis\/\">\u00bfPiensas que con estas cifras la temida crisis tocar\u00e1 a Subaru?<\/a><\/p><\/blockquote>\n","protected":false},"excerpt":{"rendered":"<p>Ya sab\u00edamos que Subaru era una de las pocas marcas que hab\u00eda esquivado la crisis pero, adem\u00e1s, nos hemos enterado de que la filial americana de la firma, Subaru of America inc., increment\u00f3 sus ventas un cinco por ciento en julio de este a\u00f1o, respecto al mes anterior. Y, lo que es m\u00e1s sorprendente, el [&hellip;]<\/p>\n","protected":false},"author":21,"featured_media":1630,"comment_status":"open","ping_status":"open","sticky":false,"template":"","format":"standard","meta":{"_acf_changed":false,"_eb_attr":"","inline_featured_image":false,"footnotes":""},"categories":[4401],"tags":[1240,398,412,1332,427,861,1334,13,1331,1327,4390,1330,1333],"class_list":["post-1629","post","type-post","status-publish","format-standard","has-post-thumbnail","hentry","category-nuestra-marca","tag-america","tag-argentina","tag-australia","tag-best-selling-sports-utility-vehicle","tag-canada","tag-crisis","tag-exito-de-ventas","tag-forester","tag-incremento-de-ventas","tag-record-de-ventas","tag-subaru","tag-subaru-of-america-inc","tag-vfacts"],"acf":[],"yoast_head":"<!-- This site is optimized with the Yoast SEO plugin v27.3 - https:\/\/yoast.com\/product\/yoast-seo-wordpress\/ -->\n<title>Subaru Forester, r\u00e9cord de ventas en el mundo - Universo Subaru<\/title>\n<meta name=\"robots\" content=\"index, follow, max-snippet:-1, max-image-preview:large, max-video-preview:-1\" \/>\n<link rel=\"canonical\" href=\"https:\/\/www.subaru.es\/blog\/nuestra-marca\/subaru-forester-record-de-ventas-en-el-mundo\/\" \/>\n<meta property=\"og:locale\" content=\"es_ES\" \/>\n<meta property=\"og:type\" content=\"article\" \/>\n<meta property=\"og:title\" content=\"Subaru Forester, r\u00e9cord de ventas en el mundo - Universo Subaru\" \/>\n<meta property=\"og:description\" content=\"Ya sab\u00edamos que Subaru era una de las pocas marcas que hab\u00eda esquivado la crisis pero, adem\u00e1s, nos hemos enterado de que la filial americana de la firma, Subaru of America inc., increment\u00f3 sus ventas un cinco por ciento en julio de este a\u00f1o, respecto al mes anterior. Y, lo que es m\u00e1s sorprendente, el [&hellip;]\" \/>\n<meta property=\"og:url\" content=\"https:\/\/www.subaru.es\/blog\/nuestra-marca\/subaru-forester-record-de-ventas-en-el-mundo\/\" \/>\n<meta property=\"og:site_name\" content=\"Universo Subaru\" \/>\n<meta property=\"article:publisher\" content=\"https:\/\/www.facebook.com\/subaruespana\" \/>\n<meta property=\"article:published_time\" content=\"2008-11-05T07:27:09+00:00\" \/>\n<meta property=\"article:modified_time\" content=\"2016-10-17T13:08:59+00:00\" \/>\n<meta property=\"og:image\" content=\"https:\/\/www.subaru.es\/blog\/wp-content\/uploads\/2008\/10\/forester.jpg\" \/>\n\t<meta property=\"og:image:width\" content=\"359\" \/>\n\t<meta property=\"og:image:height\" content=\"239\" \/>\n\t<meta property=\"og:image:type\" content=\"image\/jpeg\" \/>\n<meta name=\"author\" content=\"Subaru\" \/>\n<meta name=\"twitter:card\" content=\"summary_large_image\" \/>\n<meta name=\"twitter:label1\" content=\"Escrito por\" \/>\n\t<meta name=\"twitter:data1\" content=\"Subaru\" \/>\n\t<meta name=\"twitter:label2\" content=\"Tiempo de lectura\" \/>\n\t<meta name=\"twitter:data2\" content=\"1 minuto\" \/>\n<script type=\"application\/ld+json\" class=\"yoast-schema-graph\">{\"@context\":\"https:\\\/\\\/schema.org\",\"@graph\":[{\"@type\":\"Article\",\"@id\":\"https:\\\/\\\/www.subaru.es\\\/blog\\\/nuestra-marca\\\/subaru-forester-record-de-ventas-en-el-mundo\\\/#article\",\"isPartOf\":{\"@id\":\"https:\\\/\\\/www.subaru.es\\\/blog\\\/nuestra-marca\\\/subaru-forester-record-de-ventas-en-el-mundo\\\/\"},\"author\":{\"name\":\"Subaru\",\"@id\":\"https:\\\/\\\/www.subaru.es\\\/blog\\\/#\\\/schema\\\/person\\\/19a90b892230b8e0ec752704ddf4aa10\"},\"headline\":\"Subaru Forester, r\u00e9cord de ventas en el mundo\",\"datePublished\":\"2008-11-05T07:27:09+00:00\",\"dateModified\":\"2016-10-17T13:08:59+00:00\",\"mainEntityOfPage\":{\"@id\":\"https:\\\/\\\/www.subaru.es\\\/blog\\\/nuestra-marca\\\/subaru-forester-record-de-ventas-en-el-mundo\\\/\"},\"wordCount\":237,\"commentCount\":0,\"publisher\":{\"@id\":\"https:\\\/\\\/www.subaru.es\\\/blog\\\/#organization\"},\"image\":{\"@id\":\"https:\\\/\\\/www.subaru.es\\\/blog\\\/nuestra-marca\\\/subaru-forester-record-de-ventas-en-el-mundo\\\/#primaryimage\"},\"thumbnailUrl\":\"https:\\\/\\\/www.subaru.es\\\/blog\\\/wp-content\\\/uploads\\\/2008\\\/10\\\/forester.jpg\",\"keywords\":[\"america\",\"argentina\",\"australia\",\"best-selling Sports Utility Vehicle\",\"canada\",\"crisis\",\"\u00e9xito de ventas\",\"forester\",\"incremento de ventas\",\"r\u00e9cord de ventas\",\"Subaru\",\"Subaru of America inc.\",\"VFACTS\"],\"articleSection\":[\"Nuestra marca\"],\"inLanguage\":\"es\",\"potentialAction\":[{\"@type\":\"CommentAction\",\"name\":\"Comment\",\"target\":[\"https:\\\/\\\/www.subaru.es\\\/blog\\\/nuestra-marca\\\/subaru-forester-record-de-ventas-en-el-mundo\\\/#respond\"]}]},{\"@type\":\"WebPage\",\"@id\":\"https:\\\/\\\/www.subaru.es\\\/blog\\\/nuestra-marca\\\/subaru-forester-record-de-ventas-en-el-mundo\\\/\",\"url\":\"https:\\\/\\\/www.subaru.es\\\/blog\\\/nuestra-marca\\\/subaru-forester-record-de-ventas-en-el-mundo\\\/\",\"name\":\"Subaru Forester, r\u00e9cord de ventas en el mundo - Universo Subaru\",\"isPartOf\":{\"@id\":\"https:\\\/\\\/www.subaru.es\\\/blog\\\/#website\"},\"primaryImageOfPage\":{\"@id\":\"https:\\\/\\\/www.subaru.es\\\/blog\\\/nuestra-marca\\\/subaru-forester-record-de-ventas-en-el-mundo\\\/#primaryimage\"},\"image\":{\"@id\":\"https:\\\/\\\/www.subaru.es\\\/blog\\\/nuestra-marca\\\/subaru-forester-record-de-ventas-en-el-mundo\\\/#primaryimage\"},\"thumbnailUrl\":\"https:\\\/\\\/www.subaru.es\\\/blog\\\/wp-content\\\/uploads\\\/2008\\\/10\\\/forester.jpg\",\"datePublished\":\"2008-11-05T07:27:09+00:00\",\"dateModified\":\"2016-10-17T13:08:59+00:00\",\"breadcrumb\":{\"@id\":\"https:\\\/\\\/www.subaru.es\\\/blog\\\/nuestra-marca\\\/subaru-forester-record-de-ventas-en-el-mundo\\\/#breadcrumb\"},\"inLanguage\":\"es\",\"potentialAction\":[{\"@type\":\"ReadAction\",\"target\":[\"https:\\\/\\\/www.subaru.es\\\/blog\\\/nuestra-marca\\\/subaru-forester-record-de-ventas-en-el-mundo\\\/\"]}]},{\"@type\":\"ImageObject\",\"inLanguage\":\"es\",\"@id\":\"https:\\\/\\\/www.subaru.es\\\/blog\\\/nuestra-marca\\\/subaru-forester-record-de-ventas-en-el-mundo\\\/#primaryimage\",\"url\":\"https:\\\/\\\/www.subaru.es\\\/blog\\\/wp-content\\\/uploads\\\/2008\\\/10\\\/forester.jpg\",\"contentUrl\":\"https:\\\/\\\/www.subaru.es\\\/blog\\\/wp-content\\\/uploads\\\/2008\\\/10\\\/forester.jpg\",\"width\":359,\"height\":239},{\"@type\":\"BreadcrumbList\",\"@id\":\"https:\\\/\\\/www.subaru.es\\\/blog\\\/nuestra-marca\\\/subaru-forester-record-de-ventas-en-el-mundo\\\/#breadcrumb\",\"itemListElement\":[{\"@type\":\"ListItem\",\"position\":1,\"name\":\"Portada\",\"item\":\"https:\\\/\\\/www.subaru.es\\\/blog\\\/\"},{\"@type\":\"ListItem\",\"position\":2,\"name\":\"Subaru Forester, r\u00e9cord de ventas en el mundo\"}]},{\"@type\":\"WebSite\",\"@id\":\"https:\\\/\\\/www.subaru.es\\\/blog\\\/#website\",\"url\":\"https:\\\/\\\/www.subaru.es\\\/blog\\\/\",\"name\":\"Universo Subaru\",\"description\":\"Descubre este apasionante espacio de Subaru donde vas a conocer todo sobre nuestros coches y las experiencias que vivimos con ellos. Si est\u00e1s preparado para dejarte seducir por la filosof\u00eda Subaru, qu\u00e9date con nosotros.\",\"publisher\":{\"@id\":\"https:\\\/\\\/www.subaru.es\\\/blog\\\/#organization\"},\"potentialAction\":[{\"@type\":\"SearchAction\",\"target\":{\"@type\":\"EntryPoint\",\"urlTemplate\":\"https:\\\/\\\/www.subaru.es\\\/blog\\\/?s={search_term_string}\"},\"query-input\":{\"@type\":\"PropertyValueSpecification\",\"valueRequired\":true,\"valueName\":\"search_term_string\"}}],\"inLanguage\":\"es\"},{\"@type\":\"Organization\",\"@id\":\"https:\\\/\\\/www.subaru.es\\\/blog\\\/#organization\",\"name\":\"Subaru Espa\u00f1a S.A.\",\"url\":\"https:\\\/\\\/www.subaru.es\\\/blog\\\/\",\"logo\":{\"@type\":\"ImageObject\",\"inLanguage\":\"es\",\"@id\":\"https:\\\/\\\/www.subaru.es\\\/blog\\\/#\\\/schema\\\/logo\\\/image\\\/\",\"url\":\"https:\\\/\\\/www.subaru.es\\\/blog\\\/wp-content\\\/uploads\\\/2016\\\/12\\\/Logo-Subaru-TypeV_C300-scaled.jpg\",\"contentUrl\":\"https:\\\/\\\/www.subaru.es\\\/blog\\\/wp-content\\\/uploads\\\/2016\\\/12\\\/Logo-Subaru-TypeV_C300-scaled.jpg\",\"width\":2560,\"height\":1864,\"caption\":\"Subaru Espa\u00f1a S.A.\"},\"image\":{\"@id\":\"https:\\\/\\\/www.subaru.es\\\/blog\\\/#\\\/schema\\\/logo\\\/image\\\/\"},\"sameAs\":[\"https:\\\/\\\/www.facebook.com\\\/subaruespana\",\"https:\\\/\\\/www.instagram.com\\\/subarues\\\/\",\"https:\\\/\\\/www.youtube.com\\\/user\\\/subaruespana\"]},{\"@type\":\"Person\",\"@id\":\"https:\\\/\\\/www.subaru.es\\\/blog\\\/#\\\/schema\\\/person\\\/19a90b892230b8e0ec752704ddf4aa10\",\"name\":\"Subaru\",\"url\":\"https:\\\/\\\/www.subaru.es\\\/blog\\\/author\\\/subaria\\\/\"}]}<\/script>\n<!-- \/ Yoast SEO plugin. -->","yoast_head_json":{"title":"Subaru Forester, r\u00e9cord de ventas en el mundo - Universo Subaru","robots":{"index":"index","follow":"follow","max-snippet":"max-snippet:-1","max-image-preview":"max-image-preview:large","max-video-preview":"max-video-preview:-1"},"canonical":"https:\/\/www.subaru.es\/blog\/nuestra-marca\/subaru-forester-record-de-ventas-en-el-mundo\/","og_locale":"es_ES","og_type":"article","og_title":"Subaru Forester, r\u00e9cord de ventas en el mundo - Universo Subaru","og_description":"Ya sab\u00edamos que Subaru era una de las pocas marcas que hab\u00eda esquivado la crisis pero, adem\u00e1s, nos hemos enterado de que la filial americana de la firma, Subaru of America inc., increment\u00f3 sus ventas un cinco por ciento en julio de este a\u00f1o, respecto al mes anterior. Y, lo que es m\u00e1s sorprendente, el [&hellip;]","og_url":"https:\/\/www.subaru.es\/blog\/nuestra-marca\/subaru-forester-record-de-ventas-en-el-mundo\/","og_site_name":"Universo Subaru","article_publisher":"https:\/\/www.facebook.com\/subaruespana","article_published_time":"2008-11-05T07:27:09+00:00","article_modified_time":"2016-10-17T13:08:59+00:00","og_image":[{"width":359,"height":239,"url":"https:\/\/www.subaru.es\/blog\/wp-content\/uploads\/2008\/10\/forester.jpg","type":"image\/jpeg"}],"author":"Subaru","twitter_card":"summary_large_image","twitter_misc":{"Escrito por":"Subaru","Tiempo de lectura":"1 minuto"},"schema":{"@context":"https:\/\/schema.org","@graph":[{"@type":"Article","@id":"https:\/\/www.subaru.es\/blog\/nuestra-marca\/subaru-forester-record-de-ventas-en-el-mundo\/#article","isPartOf":{"@id":"https:\/\/www.subaru.es\/blog\/nuestra-marca\/subaru-forester-record-de-ventas-en-el-mundo\/"},"author":{"name":"Subaru","@id":"https:\/\/www.subaru.es\/blog\/#\/schema\/person\/19a90b892230b8e0ec752704ddf4aa10"},"headline":"Subaru Forester, r\u00e9cord de ventas en el mundo","datePublished":"2008-11-05T07:27:09+00:00","dateModified":"2016-10-17T13:08:59+00:00","mainEntityOfPage":{"@id":"https:\/\/www.subaru.es\/blog\/nuestra-marca\/subaru-forester-record-de-ventas-en-el-mundo\/"},"wordCount":237,"commentCount":0,"publisher":{"@id":"https:\/\/www.subaru.es\/blog\/#organization"},"image":{"@id":"https:\/\/www.subaru.es\/blog\/nuestra-marca\/subaru-forester-record-de-ventas-en-el-mundo\/#primaryimage"},"thumbnailUrl":"https:\/\/www.subaru.es\/blog\/wp-content\/uploads\/2008\/10\/forester.jpg","keywords":["america","argentina","australia","best-selling Sports Utility Vehicle","canada","crisis","\u00e9xito de ventas","forester","incremento de ventas","r\u00e9cord de ventas","Subaru","Subaru of America inc.","VFACTS"],"articleSection":["Nuestra marca"],"inLanguage":"es","potentialAction":[{"@type":"CommentAction","name":"Comment","target":["https:\/\/www.subaru.es\/blog\/nuestra-marca\/subaru-forester-record-de-ventas-en-el-mundo\/#respond"]}]},{"@type":"WebPage","@id":"https:\/\/www.subaru.es\/blog\/nuestra-marca\/subaru-forester-record-de-ventas-en-el-mundo\/","url":"https:\/\/www.subaru.es\/blog\/nuestra-marca\/subaru-forester-record-de-ventas-en-el-mundo\/","name":"Subaru Forester, r\u00e9cord de ventas en el mundo - Universo Subaru","isPartOf":{"@id":"https:\/\/www.subaru.es\/blog\/#website"},"primaryImageOfPage":{"@id":"https:\/\/www.subaru.es\/blog\/nuestra-marca\/subaru-forester-record-de-ventas-en-el-mundo\/#primaryimage"},"image":{"@id":"https:\/\/www.subaru.es\/blog\/nuestra-marca\/subaru-forester-record-de-ventas-en-el-mundo\/#primaryimage"},"thumbnailUrl":"https:\/\/www.subaru.es\/blog\/wp-content\/uploads\/2008\/10\/forester.jpg","datePublished":"2008-11-05T07:27:09+00:00","dateModified":"2016-10-17T13:08:59+00:00","breadcrumb":{"@id":"https:\/\/www.subaru.es\/blog\/nuestra-marca\/subaru-forester-record-de-ventas-en-el-mundo\/#breadcrumb"},"inLanguage":"es","potentialAction":[{"@type":"ReadAction","target":["https:\/\/www.subaru.es\/blog\/nuestra-marca\/subaru-forester-record-de-ventas-en-el-mundo\/"]}]},{"@type":"ImageObject","inLanguage":"es","@id":"https:\/\/www.subaru.es\/blog\/nuestra-marca\/subaru-forester-record-de-ventas-en-el-mundo\/#primaryimage","url":"https:\/\/www.subaru.es\/blog\/wp-content\/uploads\/2008\/10\/forester.jpg","contentUrl":"https:\/\/www.subaru.es\/blog\/wp-content\/uploads\/2008\/10\/forester.jpg","width":359,"height":239},{"@type":"BreadcrumbList","@id":"https:\/\/www.subaru.es\/blog\/nuestra-marca\/subaru-forester-record-de-ventas-en-el-mundo\/#breadcrumb","itemListElement":[{"@type":"ListItem","position":1,"name":"Portada","item":"https:\/\/www.subaru.es\/blog\/"},{"@type":"ListItem","position":2,"name":"Subaru Forester, r\u00e9cord de ventas en el mundo"}]},{"@type":"WebSite","@id":"https:\/\/www.subaru.es\/blog\/#website","url":"https:\/\/www.subaru.es\/blog\/","name":"Universo Subaru","description":"Descubre este apasionante espacio de Subaru donde vas a conocer todo sobre nuestros coches y las experiencias que vivimos con ellos. Si est\u00e1s preparado para dejarte seducir por la filosof\u00eda Subaru, qu\u00e9date con nosotros.","publisher":{"@id":"https:\/\/www.subaru.es\/blog\/#organization"},"potentialAction":[{"@type":"SearchAction","target":{"@type":"EntryPoint","urlTemplate":"https:\/\/www.subaru.es\/blog\/?s={search_term_string}"},"query-input":{"@type":"PropertyValueSpecification","valueRequired":true,"valueName":"search_term_string"}}],"inLanguage":"es"},{"@type":"Organization","@id":"https:\/\/www.subaru.es\/blog\/#organization","name":"Subaru Espa\u00f1a S.A.","url":"https:\/\/www.subaru.es\/blog\/","logo":{"@type":"ImageObject","inLanguage":"es","@id":"https:\/\/www.subaru.es\/blog\/#\/schema\/logo\/image\/","url":"https:\/\/www.subaru.es\/blog\/wp-content\/uploads\/2016\/12\/Logo-Subaru-TypeV_C300-scaled.jpg","contentUrl":"https:\/\/www.subaru.es\/blog\/wp-content\/uploads\/2016\/12\/Logo-Subaru-TypeV_C300-scaled.jpg","width":2560,"height":1864,"caption":"Subaru Espa\u00f1a S.A."},"image":{"@id":"https:\/\/www.subaru.es\/blog\/#\/schema\/logo\/image\/"},"sameAs":["https:\/\/www.facebook.com\/subaruespana","https:\/\/www.instagram.com\/subarues\/","https:\/\/www.youtube.com\/user\/subaruespana"]},{"@type":"Person","@id":"https:\/\/www.subaru.es\/blog\/#\/schema\/person\/19a90b892230b8e0ec752704ddf4aa10","name":"Subaru","url":"https:\/\/www.subaru.es\/blog\/author\/subaria\/"}]}},"_links":{"self":[{"href":"https:\/\/www.subaru.es\/blog\/wp-json\/wp\/v2\/posts\/1629","targetHints":{"allow":["GET"]}}],"collection":[{"href":"https:\/\/www.subaru.es\/blog\/wp-json\/wp\/v2\/posts"}],"about":[{"href":"https:\/\/www.subaru.es\/blog\/wp-json\/wp\/v2\/types\/post"}],"author":[{"embeddable":true,"href":"https:\/\/www.subaru.es\/blog\/wp-json\/wp\/v2\/users\/21"}],"replies":[{"embeddable":true,"href":"https:\/\/www.subaru.es\/blog\/wp-json\/wp\/v2\/comments?post=1629"}],"version-history":[{"count":1,"href":"https:\/\/www.subaru.es\/blog\/wp-json\/wp\/v2\/posts\/1629\/revisions"}],"predecessor-version":[{"id":15334,"href":"https:\/\/www.subaru.es\/blog\/wp-json\/wp\/v2\/posts\/1629\/revisions\/15334"}],"wp:featuredmedia":[{"embeddable":true,"href":"https:\/\/www.subaru.es\/blog\/wp-json\/wp\/v2\/media\/1630"}],"wp:attachment":[{"href":"https:\/\/www.subaru.es\/blog\/wp-json\/wp\/v2\/media?parent=1629"}],"wp:term":[{"taxonomy":"category","embeddable":true,"href":"https:\/\/www.subaru.es\/blog\/wp-json\/wp\/v2\/categories?post=1629"},{"taxonomy":"post_tag","embeddable":true,"href":"https:\/\/www.subaru.es\/blog\/wp-json\/wp\/v2\/tags?post=1629"}],"curies":[{"name":"wp","href":"https:\/\/api.w.org\/{rel}","templated":true}]}}