{"id":16288,"date":"2016-11-04T14:50:34","date_gmt":"2016-11-04T12:50:34","guid":{"rendered":"http:\/\/subaru.preproduccion.com\/blog\/?p=16288"},"modified":"2016-12-13T18:39:20","modified_gmt":"2016-12-13T16:39:20","slug":"fhi-centrara-todos-sus-recursos-industriales-en-subaru","status":"publish","type":"post","link":"https:\/\/www.subaru.es\/blog\/nuestra-marca\/fhi-centrara-todos-sus-recursos-industriales-en-subaru\/","title":{"rendered":"FHI centrar\u00e1 todos sus recursos industriales en Subaru"},"content":{"rendered":"<p><strong><span class=\"Apple-style-span\">Nuestra matriz, Fuji Heavy Industries Ltd. (<\/span><span class=\"Apple-style-span\"><a href=\"http:\/\/www.fhi.co.jp\/english\/\">FHI<\/a><\/span><span class=\"Apple-style-span\">), ha decidido centrar todos sus recursos industriales en optimizar su negocio principal y lograr as\u00ed un crecimiento sostenible y continuado de la marca Subaru.\u00a0Ello va a conllevar la clausura de su l\u00ednea de productos industriales.<\/span><\/strong><\/p>\n<p>La mejora de la marca <a href=\"http:\/\/www.subaru.es\/\">Subaru <\/a>era ya uno de los principales objetivos de la hoja de ruta anunciada en mayo de 2014 por FHI, denominada \u201c<strong><span class=\"Apple-style-span\"><a href=\"http:\/\/www.fhi.co.jp\/english\/ir\/corporate\/pdf\/vision_fhi_2014_e.pdf\">Prominence 2020<\/a><\/span><\/strong>\u201d, que recog\u00eda <span class=\"Apple-style-span\">una visi\u00f3n corporativa centrada en <strong>una compa\u00f1\u00eda cuya fortaleza distintiva fuera una calidad y un servicio de primer nivel<\/strong><\/span>. En dicho documento ya se establec\u00eda el fortalecimiento de los recursos humanos capaces de hacer contribuciones inmediatas, especialmente en las divisiones de Ingenier\u00eda y Desarrollo de Producto de la industria automotriz de Subaru.<\/p>\n<p><a href=\"https:\/\/www.subaru.es\/blog\/wp-content\/uploads\/2016\/11\/gama-subaru.jpg\"><img decoding=\"async\" class=\"aligncenter size-full wp-image-13268 lazyload\" title=\"gama-subaru\" data-src=\"https:\/\/www.subaru.es\/blog\/wp-content\/uploads\/2016\/11\/gama-subaru-e1478188627918.jpg\" alt=\"\" width=\"640\" height=\"313\" src=\"data:image\/svg+xml;base64,PHN2ZyB3aWR0aD0iMSIgaGVpZ2h0PSIxIiB4bWxucz0iaHR0cDovL3d3dy53My5vcmcvMjAwMC9zdmciPjwvc3ZnPg==\" style=\"--smush-placeholder-width: 640px; --smush-placeholder-aspect-ratio: 640\/313;\" \/><\/a><\/p>\n<p>Se trata, por lo tanto, de una decisi\u00f3n que responde a la iniciativa de concentrar los distintos recursos de gesti\u00f3n en el negocio de automoci\u00f3n de FHI,<span class=\"Apple-style-span\"> reforzando a\u00fan m\u00e1s la estructura del negocio <strong>con el objetivo de mejorar sustancialmente nuestra marca<\/strong> y potenciar los departamentos de Ingenier\u00eda\u00a0<\/span>que tanto \u00e9xito han cosechado desde que hace ya 50 a\u00f1os, y gracias a la visi\u00f3n de Shinroku Momose, ingeniero jefe responsable de impulsar esta arquitectura, crearon los caracter\u00edsticos motores b\u00f3xer.<img decoding=\"async\" width=\"560\" height=\"255\" class=\"size-medium wp-image-16496 aligncenter lazyload\" data-src=\"https:\/\/www.subaru.es\/blog\/wp-content\/uploads\/2016\/11\/motores-boxer-de-Subaru1-560x255.png\" alt=\"motores-boxer-de-subaru1\" data-srcset=\"https:\/\/www.subaru.es\/blog\/wp-content\/uploads\/2016\/11\/motores-boxer-de-Subaru1-560x255.png 560w, https:\/\/www.subaru.es\/blog\/wp-content\/uploads\/2016\/11\/motores-boxer-de-Subaru1.png 622w\" data-sizes=\"(max-width: 560px) 100vw, 560px\" src=\"data:image\/svg+xml;base64,PHN2ZyB3aWR0aD0iMSIgaGVpZ2h0PSIxIiB4bWxucz0iaHR0cDovL3d3dy53My5vcmcvMjAwMC9zdmciPjwvc3ZnPg==\" style=\"--smush-placeholder-width: 560px; --smush-placeholder-aspect-ratio: 560\/255;\" \/><\/p>\n<p>&nbsp;<\/p>\n<p>Precisamente el dise\u00f1o horizontal que presentan <strong><span class=\"Apple-style-span\">nuestros <a href=\"http:\/\/www.subaru.es\/tecnologia\/motor_boxer\">motores b\u00f3xer<\/a> con cilindros opuestos contin\u00faa siendo una de las se\u00f1as de identidad de Subaru<\/span><\/strong>. Entre las ventajas m\u00e1s importantes de dicho dise\u00f1o, se encuentra -como pod\u00e9is recordar en<strong> <span class=\"Apple-style-span\"><a href=\"http:\/\/subaria.com\/subaru\/el-motor-boxer-de-subaru-cumple-50-anos\/\">este enlace<\/a><\/span><\/strong>&#8211; en primer lugar un centro de gravedad m\u00e1s bajo que el de un motor con los cilindros en l\u00ednea o en V, caracter\u00edstica que redunda en una mayor estabilidad. En segundo lugar, esta arquitectura provoca menos vibraciones, lo que tambi\u00e9n conlleva a una reducci\u00f3n del ruido y a un aumento de la durabilidad. Y en tercer lugar, son de un tama\u00f1o m\u00e1s compacto, por lo que reducen peso al conjunto del veh\u00edculo.<\/p>\n<p>Por todo lo mencionado, los motores b\u00f3xer de Subaru requieren de un proceso de fabricaci\u00f3n complejo e implican cuantiosos costes de producci\u00f3n y desarrollo, motivos por los que su uso en masa est\u00e1 muy limitado a pesar de sus <span class=\"Apple-style-span\"><strong>m\u00faltiples beneficios y la <a href=\"http:\/\/www.subaru.es\/seguridad\">seguridad <\/a><\/strong>que ofrecen<\/span>. <span class=\"Apple-style-span\"><a href=\"https:\/\/www.youtube.com\/watch?v=7bT89B_hVWY\"><strong>Aqu\u00ed<\/strong> <\/a><\/span>pod\u00e9is repasar la historia de nuestros famosos motores.<\/p>\n<p><iframe title=\"SUBARU WOW! 09: History of the Boxer Engine\" width=\"800\" height=\"450\" data-src=\"https:\/\/www.youtube.com\/embed\/7bT89B_hVWY?feature=oembed\" frameborder=\"0\" allow=\"accelerometer; autoplay; clipboard-write; encrypted-media; gyroscope; picture-in-picture; web-share\" referrerpolicy=\"strict-origin-when-cross-origin\" allowfullscreen src=\"data:image\/svg+xml;base64,PHN2ZyB3aWR0aD0iMSIgaGVpZ2h0PSIxIiB4bWxucz0iaHR0cDovL3d3dy53My5vcmcvMjAwMC9zdmciPjwvc3ZnPg==\" class=\"lazyload\" data-load-mode=\"1\"><\/iframe><\/p>\n<p>Adem\u00e1s de dedicar mayor esfuerzo a nivel de innovaci\u00f3n en el campo de nuestros motores, la decisi\u00f3n de clausurar la actividad de producci\u00f3n de soluciones industriales de FHI <span class=\"Apple-style-span\">permitir\u00e1<strong> reforzar la innovaci\u00f3n en materia de seguridad<\/strong><\/span><strong>, principal basti\u00f3n de la compa\u00f1\u00eda<\/strong> apoyado en el concepto &#8216;<strong><span class=\"Apple-style-span\"><a href=\"http:\/\/www.subaru.es\/seguridad\">All Around Safety<\/a><\/span><\/strong>&#8216;. Como sab\u00e9is, todos nuestros modelos se desarrollan bajo dicha premisa, ofreciendo seguridad en movimiento para proteger la vida de todos, ocupantes y peatones,<span class=\"Apple-style-span\"> incorporando para ello las m\u00e1s avanzadas tecnolog\u00edas para evitar colisiones <\/span>o minimizar los da\u00f1os en caso de un accidente inevitable.<\/p>\n<p><a href=\"https:\/\/www.youtube.com\/watch?v=GC9ekMCqW0Q\"><img decoding=\"async\" class=\"aligncenter size-full wp-image-13275 lazyload\" title=\"AWD Subaru\" data-src=\"https:\/\/www.subaru.es\/blog\/wp-content\/uploads\/2016\/11\/AWD-Subaru-e1478251793540.png\" alt=\"\" width=\"640\" height=\"365\" src=\"data:image\/svg+xml;base64,PHN2ZyB3aWR0aD0iMSIgaGVpZ2h0PSIxIiB4bWxucz0iaHR0cDovL3d3dy53My5vcmcvMjAwMC9zdmciPjwvc3ZnPg==\" style=\"--smush-placeholder-width: 640px; --smush-placeholder-aspect-ratio: 640\/365;\" \/><\/a><\/p>\n<p>En cuanto a nuestra <strong><span class=\"Apple-style-span\"><a href=\"https:\/\/www.youtube.com\/watch?v=GC9ekMCqW0Q\">Symmetrical AWD<\/a><\/span><\/strong> o tracci\u00f3n integral sim\u00e9trica, tren de potencia \u00fanico que ha estado en el n\u00facleo de desarrollo de Subaru desde que lanzamos el primer veh\u00edculo de pasajeros con tracci\u00f3n a las cuatro ruedas hace m\u00e1s de cuatro d\u00e9cadas,<strong><span class=\"Apple-style-span\"> ser\u00e1 otro de los ejes de innovaci\u00f3n que se ver\u00e1 beneficiado tras este anuncio de FHI<\/span><\/strong> que responde a su firme estrategia de potenciar la marca Subaru y centrar todos sus esfuerzos en su negocio de automoci\u00f3n.<\/p>\n<p>En lo que se refiere al cese de la fabricaci\u00f3n y venta de productos industriales, incluyendo motores de uso general y generadores actualmente vendidos por FHI, se har\u00e1 efectivo el 30 de septiembre de 2017. Paralelamente, la fabricaci\u00f3n y venta de algunos motores para la instalaci\u00f3n en veh\u00edculos concluir\u00e1 a medida que expiren los contratos de suministro de clientes, si bien<strong><span class=\"Apple-style-span\"> los sistemas de servicio posventa se pondr\u00e1n en marcha para garantizar un servicio continuo<\/span><\/strong>. Asimismo, con el objetivo de que se pueda continuar la producci\u00f3n de ciertos modelos de motores,\u00a0FHI est\u00e1 actualmente transfiriendo tecnolog\u00eda a las empresas manufactureras que han expresado inter\u00e9s.<\/p>\n<p><img decoding=\"async\" width=\"560\" height=\"276\" class=\"size-medium wp-image-16497 aligncenter lazyload\" data-src=\"https:\/\/www.subaru.es\/blog\/wp-content\/uploads\/2016\/11\/Subaru-fabrica1-560x276.png\" alt=\"subaru-fabrica1\" data-srcset=\"https:\/\/www.subaru.es\/blog\/wp-content\/uploads\/2016\/11\/Subaru-fabrica1-560x276.png 560w, https:\/\/www.subaru.es\/blog\/wp-content\/uploads\/2016\/11\/Subaru-fabrica1.png 632w\" data-sizes=\"(max-width: 560px) 100vw, 560px\" src=\"data:image\/svg+xml;base64,PHN2ZyB3aWR0aD0iMSIgaGVpZ2h0PSIxIiB4bWxucz0iaHR0cDovL3d3dy53My5vcmcvMjAwMC9zdmciPjwvc3ZnPg==\" style=\"--smush-placeholder-width: 560px; --smush-placeholder-aspect-ratio: 560\/276;\" \/><\/p>\n<p>Hace m\u00e1s de seis d\u00e9cadas que la antigua planta Omiya de FHI (entonces Omiya Fuji Industries Co., Ltd.) comenz\u00f3 a producir el motor M6 de 540 cc (all\u00e1 por 1951), a\u00f1os durante los cuales los productos industriales de FHI se han ganado una <strong><span class=\"Apple-style-span\">reputaci\u00f3n mundial como fuentes fiables de energ\u00eda<\/span><\/strong> que sustentan medios y estilos de vida de todo el mundo.<\/p>\n<p>En concreto, se trata de una<strong><span class=\"Apple-style-span\"> amplia gama de soluciones<\/span><\/strong> que incluyen motores para equipos de construcci\u00f3n, industriales y agr\u00edcolas; motores de alto rendimiento para motos de nieve, todoterrenos y otros veh\u00edculos, as\u00ed como productos terminados, como generadores y bombas, entre otros.<\/p>\n<p>As\u00ed, con la clausura de su l\u00ednea de productos industriales<strong> <span class=\"Apple-style-span\">para mejorar la competitividad de su negocio automotriz<\/span> <\/strong>FHI utilizar\u00e1 los recursos de gesti\u00f3n de manera m\u00e1s eficaz si cabe para optimizar su negocio principal y lograr as\u00ed un crecimiento sostenible continuado de la marca Subaru.<\/p>\n","protected":false},"excerpt":{"rendered":"<p>Nuestra matriz, Fuji Heavy Industries Ltd. (FHI), ha decidido centrar todos sus recursos industriales en optimizar su negocio principal y lograr as\u00ed un crecimiento sostenible y continuado de la marca Subaru.\u00a0Ello va a conllevar la clausura de su l\u00ednea de productos industriales. La mejora de la marca Subaru era ya uno de los principales objetivos [&hellip;]<\/p>\n","protected":false},"author":21,"featured_media":16364,"comment_status":"open","ping_status":"closed","sticky":false,"template":"","format":"standard","meta":{"_acf_changed":false,"_eb_attr":"","inline_featured_image":false,"footnotes":""},"categories":[4401],"tags":[4405,17,1498,1475,293,164,1407,1539],"class_list":["post-16288","post","type-post","status-publish","format-standard","has-post-thumbnail","hentry","category-nuestra-marca","tag-all-around-safety","tag-awd","tag-fhi","tag-fuji-heavy-industries","tag-motor-boxer","tag-seguridad","tag-symmetrical-all-wheel-drive","tag-symmetrical-awd"],"acf":[],"yoast_head":"<!-- This site is optimized with the Yoast SEO plugin v27.3 - https:\/\/yoast.com\/product\/yoast-seo-wordpress\/ -->\n<title>FHI centrar\u00e1 todos sus recursos industriales en Subaru - Universo Subaru<\/title>\n<meta name=\"robots\" content=\"index, follow, max-snippet:-1, max-image-preview:large, max-video-preview:-1\" \/>\n<link rel=\"canonical\" href=\"https:\/\/www.subaru.es\/blog\/nuestra-marca\/fhi-centrara-todos-sus-recursos-industriales-en-subaru\/\" \/>\n<meta property=\"og:locale\" content=\"es_ES\" \/>\n<meta property=\"og:type\" content=\"article\" \/>\n<meta property=\"og:title\" content=\"FHI centrar\u00e1 todos sus recursos industriales en Subaru - Universo Subaru\" \/>\n<meta property=\"og:description\" content=\"Nuestra matriz, Fuji Heavy Industries Ltd. (FHI), ha decidido centrar todos sus recursos industriales en optimizar su negocio principal y lograr as\u00ed un crecimiento sostenible y continuado de la marca Subaru.\u00a0Ello va a conllevar la clausura de su l\u00ednea de productos industriales. La mejora de la marca Subaru era ya uno de los principales objetivos [&hellip;]\" \/>\n<meta property=\"og:url\" content=\"https:\/\/www.subaru.es\/blog\/nuestra-marca\/fhi-centrara-todos-sus-recursos-industriales-en-subaru\/\" \/>\n<meta property=\"og:site_name\" content=\"Universo Subaru\" \/>\n<meta property=\"article:publisher\" content=\"https:\/\/www.facebook.com\/subaruespana\" \/>\n<meta property=\"article:published_time\" content=\"2016-11-04T12:50:34+00:00\" \/>\n<meta property=\"article:modified_time\" content=\"2016-12-13T16:39:20+00:00\" \/>\n<meta property=\"og:image\" content=\"https:\/\/www.subaru.es\/blog\/wp-content\/uploads\/2016\/11\/Sede-Subaru-e1478782325285.jpg\" \/>\n\t<meta property=\"og:image:width\" content=\"1200\" \/>\n\t<meta property=\"og:image:height\" content=\"798\" \/>\n\t<meta property=\"og:image:type\" content=\"image\/jpeg\" \/>\n<meta name=\"author\" content=\"Subaru\" \/>\n<meta name=\"twitter:card\" content=\"summary_large_image\" \/>\n<meta name=\"twitter:label1\" content=\"Escrito por\" \/>\n\t<meta name=\"twitter:data1\" content=\"Subaru\" \/>\n\t<meta name=\"twitter:label2\" content=\"Tiempo de lectura\" \/>\n\t<meta name=\"twitter:data2\" content=\"4 minutos\" \/>\n<script type=\"application\/ld+json\" class=\"yoast-schema-graph\">{\"@context\":\"https:\\\/\\\/schema.org\",\"@graph\":[{\"@type\":\"Article\",\"@id\":\"https:\\\/\\\/www.subaru.es\\\/blog\\\/nuestra-marca\\\/fhi-centrara-todos-sus-recursos-industriales-en-subaru\\\/#article\",\"isPartOf\":{\"@id\":\"https:\\\/\\\/www.subaru.es\\\/blog\\\/nuestra-marca\\\/fhi-centrara-todos-sus-recursos-industriales-en-subaru\\\/\"},\"author\":{\"name\":\"Subaru\",\"@id\":\"https:\\\/\\\/www.subaru.es\\\/blog\\\/#\\\/schema\\\/person\\\/19a90b892230b8e0ec752704ddf4aa10\"},\"headline\":\"FHI centrar\u00e1 todos sus recursos industriales en Subaru\",\"datePublished\":\"2016-11-04T12:50:34+00:00\",\"dateModified\":\"2016-12-13T16:39:20+00:00\",\"mainEntityOfPage\":{\"@id\":\"https:\\\/\\\/www.subaru.es\\\/blog\\\/nuestra-marca\\\/fhi-centrara-todos-sus-recursos-industriales-en-subaru\\\/\"},\"wordCount\":884,\"commentCount\":0,\"publisher\":{\"@id\":\"https:\\\/\\\/www.subaru.es\\\/blog\\\/#organization\"},\"image\":{\"@id\":\"https:\\\/\\\/www.subaru.es\\\/blog\\\/nuestra-marca\\\/fhi-centrara-todos-sus-recursos-industriales-en-subaru\\\/#primaryimage\"},\"thumbnailUrl\":\"https:\\\/\\\/www.subaru.es\\\/blog\\\/wp-content\\\/uploads\\\/2016\\\/11\\\/Sede-Subaru-e1478782325285.jpg\",\"keywords\":[\"all around safety\",\"awd\",\"FHI\",\"Fuji Heavy Industries\",\"motor boxer\",\"seguridad\",\"symmetrical all wheel drive\",\"Symmetrical AWD\"],\"articleSection\":[\"Nuestra marca\"],\"inLanguage\":\"es\",\"potentialAction\":[{\"@type\":\"CommentAction\",\"name\":\"Comment\",\"target\":[\"https:\\\/\\\/www.subaru.es\\\/blog\\\/nuestra-marca\\\/fhi-centrara-todos-sus-recursos-industriales-en-subaru\\\/#respond\"]}]},{\"@type\":\"WebPage\",\"@id\":\"https:\\\/\\\/www.subaru.es\\\/blog\\\/nuestra-marca\\\/fhi-centrara-todos-sus-recursos-industriales-en-subaru\\\/\",\"url\":\"https:\\\/\\\/www.subaru.es\\\/blog\\\/nuestra-marca\\\/fhi-centrara-todos-sus-recursos-industriales-en-subaru\\\/\",\"name\":\"FHI centrar\u00e1 todos sus recursos industriales en Subaru - Universo Subaru\",\"isPartOf\":{\"@id\":\"https:\\\/\\\/www.subaru.es\\\/blog\\\/#website\"},\"primaryImageOfPage\":{\"@id\":\"https:\\\/\\\/www.subaru.es\\\/blog\\\/nuestra-marca\\\/fhi-centrara-todos-sus-recursos-industriales-en-subaru\\\/#primaryimage\"},\"image\":{\"@id\":\"https:\\\/\\\/www.subaru.es\\\/blog\\\/nuestra-marca\\\/fhi-centrara-todos-sus-recursos-industriales-en-subaru\\\/#primaryimage\"},\"thumbnailUrl\":\"https:\\\/\\\/www.subaru.es\\\/blog\\\/wp-content\\\/uploads\\\/2016\\\/11\\\/Sede-Subaru-e1478782325285.jpg\",\"datePublished\":\"2016-11-04T12:50:34+00:00\",\"dateModified\":\"2016-12-13T16:39:20+00:00\",\"breadcrumb\":{\"@id\":\"https:\\\/\\\/www.subaru.es\\\/blog\\\/nuestra-marca\\\/fhi-centrara-todos-sus-recursos-industriales-en-subaru\\\/#breadcrumb\"},\"inLanguage\":\"es\",\"potentialAction\":[{\"@type\":\"ReadAction\",\"target\":[\"https:\\\/\\\/www.subaru.es\\\/blog\\\/nuestra-marca\\\/fhi-centrara-todos-sus-recursos-industriales-en-subaru\\\/\"]}]},{\"@type\":\"ImageObject\",\"inLanguage\":\"es\",\"@id\":\"https:\\\/\\\/www.subaru.es\\\/blog\\\/nuestra-marca\\\/fhi-centrara-todos-sus-recursos-industriales-en-subaru\\\/#primaryimage\",\"url\":\"https:\\\/\\\/www.subaru.es\\\/blog\\\/wp-content\\\/uploads\\\/2016\\\/11\\\/Sede-Subaru-e1478782325285.jpg\",\"contentUrl\":\"https:\\\/\\\/www.subaru.es\\\/blog\\\/wp-content\\\/uploads\\\/2016\\\/11\\\/Sede-Subaru-e1478782325285.jpg\",\"width\":1200,\"height\":798,\"caption\":\"The Subaru logo is displayed on top of the Fuji Heavy Industries Ltd. headquarters in Tokyo, Japan, on Wednesday, Dec. 12, 2012. Fuji Heavy Industries president Yasuyuki Yoshinaga said the Subaru carmaker delayed making a decision on its U.S. capacity expansion as slumping demand in China and Europe gave the company more room to ship vehicles to America. Photographer: Akio Kon\\\/Bloomberg\"},{\"@type\":\"BreadcrumbList\",\"@id\":\"https:\\\/\\\/www.subaru.es\\\/blog\\\/nuestra-marca\\\/fhi-centrara-todos-sus-recursos-industriales-en-subaru\\\/#breadcrumb\",\"itemListElement\":[{\"@type\":\"ListItem\",\"position\":1,\"name\":\"Portada\",\"item\":\"https:\\\/\\\/www.subaru.es\\\/blog\\\/\"},{\"@type\":\"ListItem\",\"position\":2,\"name\":\"FHI centrar\u00e1 todos sus recursos industriales en Subaru\"}]},{\"@type\":\"WebSite\",\"@id\":\"https:\\\/\\\/www.subaru.es\\\/blog\\\/#website\",\"url\":\"https:\\\/\\\/www.subaru.es\\\/blog\\\/\",\"name\":\"Universo Subaru\",\"description\":\"Descubre este apasionante espacio de Subaru donde vas a conocer todo sobre nuestros coches y las experiencias que vivimos con ellos. Si est\u00e1s preparado para dejarte seducir por la filosof\u00eda Subaru, qu\u00e9date con nosotros.\",\"publisher\":{\"@id\":\"https:\\\/\\\/www.subaru.es\\\/blog\\\/#organization\"},\"potentialAction\":[{\"@type\":\"SearchAction\",\"target\":{\"@type\":\"EntryPoint\",\"urlTemplate\":\"https:\\\/\\\/www.subaru.es\\\/blog\\\/?s={search_term_string}\"},\"query-input\":{\"@type\":\"PropertyValueSpecification\",\"valueRequired\":true,\"valueName\":\"search_term_string\"}}],\"inLanguage\":\"es\"},{\"@type\":\"Organization\",\"@id\":\"https:\\\/\\\/www.subaru.es\\\/blog\\\/#organization\",\"name\":\"Subaru Espa\u00f1a S.A.\",\"url\":\"https:\\\/\\\/www.subaru.es\\\/blog\\\/\",\"logo\":{\"@type\":\"ImageObject\",\"inLanguage\":\"es\",\"@id\":\"https:\\\/\\\/www.subaru.es\\\/blog\\\/#\\\/schema\\\/logo\\\/image\\\/\",\"url\":\"https:\\\/\\\/www.subaru.es\\\/blog\\\/wp-content\\\/uploads\\\/2016\\\/12\\\/Logo-Subaru-TypeV_C300-scaled.jpg\",\"contentUrl\":\"https:\\\/\\\/www.subaru.es\\\/blog\\\/wp-content\\\/uploads\\\/2016\\\/12\\\/Logo-Subaru-TypeV_C300-scaled.jpg\",\"width\":2560,\"height\":1864,\"caption\":\"Subaru Espa\u00f1a S.A.\"},\"image\":{\"@id\":\"https:\\\/\\\/www.subaru.es\\\/blog\\\/#\\\/schema\\\/logo\\\/image\\\/\"},\"sameAs\":[\"https:\\\/\\\/www.facebook.com\\\/subaruespana\",\"https:\\\/\\\/www.instagram.com\\\/subarues\\\/\",\"https:\\\/\\\/www.youtube.com\\\/user\\\/subaruespana\"]},{\"@type\":\"Person\",\"@id\":\"https:\\\/\\\/www.subaru.es\\\/blog\\\/#\\\/schema\\\/person\\\/19a90b892230b8e0ec752704ddf4aa10\",\"name\":\"Subaru\",\"url\":\"https:\\\/\\\/www.subaru.es\\\/blog\\\/author\\\/subaria\\\/\"}]}<\/script>\n<!-- \/ Yoast SEO plugin. -->","yoast_head_json":{"title":"FHI centrar\u00e1 todos sus recursos industriales en Subaru - Universo Subaru","robots":{"index":"index","follow":"follow","max-snippet":"max-snippet:-1","max-image-preview":"max-image-preview:large","max-video-preview":"max-video-preview:-1"},"canonical":"https:\/\/www.subaru.es\/blog\/nuestra-marca\/fhi-centrara-todos-sus-recursos-industriales-en-subaru\/","og_locale":"es_ES","og_type":"article","og_title":"FHI centrar\u00e1 todos sus recursos industriales en Subaru - Universo Subaru","og_description":"Nuestra matriz, Fuji Heavy Industries Ltd. (FHI), ha decidido centrar todos sus recursos industriales en optimizar su negocio principal y lograr as\u00ed un crecimiento sostenible y continuado de la marca Subaru.\u00a0Ello va a conllevar la clausura de su l\u00ednea de productos industriales. La mejora de la marca Subaru era ya uno de los principales objetivos [&hellip;]","og_url":"https:\/\/www.subaru.es\/blog\/nuestra-marca\/fhi-centrara-todos-sus-recursos-industriales-en-subaru\/","og_site_name":"Universo Subaru","article_publisher":"https:\/\/www.facebook.com\/subaruespana","article_published_time":"2016-11-04T12:50:34+00:00","article_modified_time":"2016-12-13T16:39:20+00:00","og_image":[{"width":1200,"height":798,"url":"https:\/\/www.subaru.es\/blog\/wp-content\/uploads\/2016\/11\/Sede-Subaru-e1478782325285.jpg","type":"image\/jpeg"}],"author":"Subaru","twitter_card":"summary_large_image","twitter_misc":{"Escrito por":"Subaru","Tiempo de lectura":"4 minutos"},"schema":{"@context":"https:\/\/schema.org","@graph":[{"@type":"Article","@id":"https:\/\/www.subaru.es\/blog\/nuestra-marca\/fhi-centrara-todos-sus-recursos-industriales-en-subaru\/#article","isPartOf":{"@id":"https:\/\/www.subaru.es\/blog\/nuestra-marca\/fhi-centrara-todos-sus-recursos-industriales-en-subaru\/"},"author":{"name":"Subaru","@id":"https:\/\/www.subaru.es\/blog\/#\/schema\/person\/19a90b892230b8e0ec752704ddf4aa10"},"headline":"FHI centrar\u00e1 todos sus recursos industriales en Subaru","datePublished":"2016-11-04T12:50:34+00:00","dateModified":"2016-12-13T16:39:20+00:00","mainEntityOfPage":{"@id":"https:\/\/www.subaru.es\/blog\/nuestra-marca\/fhi-centrara-todos-sus-recursos-industriales-en-subaru\/"},"wordCount":884,"commentCount":0,"publisher":{"@id":"https:\/\/www.subaru.es\/blog\/#organization"},"image":{"@id":"https:\/\/www.subaru.es\/blog\/nuestra-marca\/fhi-centrara-todos-sus-recursos-industriales-en-subaru\/#primaryimage"},"thumbnailUrl":"https:\/\/www.subaru.es\/blog\/wp-content\/uploads\/2016\/11\/Sede-Subaru-e1478782325285.jpg","keywords":["all around safety","awd","FHI","Fuji Heavy Industries","motor boxer","seguridad","symmetrical all wheel drive","Symmetrical AWD"],"articleSection":["Nuestra marca"],"inLanguage":"es","potentialAction":[{"@type":"CommentAction","name":"Comment","target":["https:\/\/www.subaru.es\/blog\/nuestra-marca\/fhi-centrara-todos-sus-recursos-industriales-en-subaru\/#respond"]}]},{"@type":"WebPage","@id":"https:\/\/www.subaru.es\/blog\/nuestra-marca\/fhi-centrara-todos-sus-recursos-industriales-en-subaru\/","url":"https:\/\/www.subaru.es\/blog\/nuestra-marca\/fhi-centrara-todos-sus-recursos-industriales-en-subaru\/","name":"FHI centrar\u00e1 todos sus recursos industriales en Subaru - Universo Subaru","isPartOf":{"@id":"https:\/\/www.subaru.es\/blog\/#website"},"primaryImageOfPage":{"@id":"https:\/\/www.subaru.es\/blog\/nuestra-marca\/fhi-centrara-todos-sus-recursos-industriales-en-subaru\/#primaryimage"},"image":{"@id":"https:\/\/www.subaru.es\/blog\/nuestra-marca\/fhi-centrara-todos-sus-recursos-industriales-en-subaru\/#primaryimage"},"thumbnailUrl":"https:\/\/www.subaru.es\/blog\/wp-content\/uploads\/2016\/11\/Sede-Subaru-e1478782325285.jpg","datePublished":"2016-11-04T12:50:34+00:00","dateModified":"2016-12-13T16:39:20+00:00","breadcrumb":{"@id":"https:\/\/www.subaru.es\/blog\/nuestra-marca\/fhi-centrara-todos-sus-recursos-industriales-en-subaru\/#breadcrumb"},"inLanguage":"es","potentialAction":[{"@type":"ReadAction","target":["https:\/\/www.subaru.es\/blog\/nuestra-marca\/fhi-centrara-todos-sus-recursos-industriales-en-subaru\/"]}]},{"@type":"ImageObject","inLanguage":"es","@id":"https:\/\/www.subaru.es\/blog\/nuestra-marca\/fhi-centrara-todos-sus-recursos-industriales-en-subaru\/#primaryimage","url":"https:\/\/www.subaru.es\/blog\/wp-content\/uploads\/2016\/11\/Sede-Subaru-e1478782325285.jpg","contentUrl":"https:\/\/www.subaru.es\/blog\/wp-content\/uploads\/2016\/11\/Sede-Subaru-e1478782325285.jpg","width":1200,"height":798,"caption":"The Subaru logo is displayed on top of the Fuji Heavy Industries Ltd. headquarters in Tokyo, Japan, on Wednesday, Dec. 12, 2012. Fuji Heavy Industries president Yasuyuki Yoshinaga said the Subaru carmaker delayed making a decision on its U.S. capacity expansion as slumping demand in China and Europe gave the company more room to ship vehicles to America. Photographer: Akio Kon\/Bloomberg"},{"@type":"BreadcrumbList","@id":"https:\/\/www.subaru.es\/blog\/nuestra-marca\/fhi-centrara-todos-sus-recursos-industriales-en-subaru\/#breadcrumb","itemListElement":[{"@type":"ListItem","position":1,"name":"Portada","item":"https:\/\/www.subaru.es\/blog\/"},{"@type":"ListItem","position":2,"name":"FHI centrar\u00e1 todos sus recursos industriales en Subaru"}]},{"@type":"WebSite","@id":"https:\/\/www.subaru.es\/blog\/#website","url":"https:\/\/www.subaru.es\/blog\/","name":"Universo Subaru","description":"Descubre este apasionante espacio de Subaru donde vas a conocer todo sobre nuestros coches y las experiencias que vivimos con ellos. Si est\u00e1s preparado para dejarte seducir por la filosof\u00eda Subaru, qu\u00e9date con nosotros.","publisher":{"@id":"https:\/\/www.subaru.es\/blog\/#organization"},"potentialAction":[{"@type":"SearchAction","target":{"@type":"EntryPoint","urlTemplate":"https:\/\/www.subaru.es\/blog\/?s={search_term_string}"},"query-input":{"@type":"PropertyValueSpecification","valueRequired":true,"valueName":"search_term_string"}}],"inLanguage":"es"},{"@type":"Organization","@id":"https:\/\/www.subaru.es\/blog\/#organization","name":"Subaru Espa\u00f1a S.A.","url":"https:\/\/www.subaru.es\/blog\/","logo":{"@type":"ImageObject","inLanguage":"es","@id":"https:\/\/www.subaru.es\/blog\/#\/schema\/logo\/image\/","url":"https:\/\/www.subaru.es\/blog\/wp-content\/uploads\/2016\/12\/Logo-Subaru-TypeV_C300-scaled.jpg","contentUrl":"https:\/\/www.subaru.es\/blog\/wp-content\/uploads\/2016\/12\/Logo-Subaru-TypeV_C300-scaled.jpg","width":2560,"height":1864,"caption":"Subaru Espa\u00f1a S.A."},"image":{"@id":"https:\/\/www.subaru.es\/blog\/#\/schema\/logo\/image\/"},"sameAs":["https:\/\/www.facebook.com\/subaruespana","https:\/\/www.instagram.com\/subarues\/","https:\/\/www.youtube.com\/user\/subaruespana"]},{"@type":"Person","@id":"https:\/\/www.subaru.es\/blog\/#\/schema\/person\/19a90b892230b8e0ec752704ddf4aa10","name":"Subaru","url":"https:\/\/www.subaru.es\/blog\/author\/subaria\/"}]}},"_links":{"self":[{"href":"https:\/\/www.subaru.es\/blog\/wp-json\/wp\/v2\/posts\/16288","targetHints":{"allow":["GET"]}}],"collection":[{"href":"https:\/\/www.subaru.es\/blog\/wp-json\/wp\/v2\/posts"}],"about":[{"href":"https:\/\/www.subaru.es\/blog\/wp-json\/wp\/v2\/types\/post"}],"author":[{"embeddable":true,"href":"https:\/\/www.subaru.es\/blog\/wp-json\/wp\/v2\/users\/21"}],"replies":[{"embeddable":true,"href":"https:\/\/www.subaru.es\/blog\/wp-json\/wp\/v2\/comments?post=16288"}],"version-history":[{"count":5,"href":"https:\/\/www.subaru.es\/blog\/wp-json\/wp\/v2\/posts\/16288\/revisions"}],"predecessor-version":[{"id":16498,"href":"https:\/\/www.subaru.es\/blog\/wp-json\/wp\/v2\/posts\/16288\/revisions\/16498"}],"wp:featuredmedia":[{"embeddable":true,"href":"https:\/\/www.subaru.es\/blog\/wp-json\/wp\/v2\/media\/16364"}],"wp:attachment":[{"href":"https:\/\/www.subaru.es\/blog\/wp-json\/wp\/v2\/media?parent=16288"}],"wp:term":[{"taxonomy":"category","embeddable":true,"href":"https:\/\/www.subaru.es\/blog\/wp-json\/wp\/v2\/categories?post=16288"},{"taxonomy":"post_tag","embeddable":true,"href":"https:\/\/www.subaru.es\/blog\/wp-json\/wp\/v2\/tags?post=16288"}],"curies":[{"name":"wp","href":"https:\/\/api.w.org\/{rel}","templated":true}]}}