{"id":16261,"date":"2016-10-19T14:46:06","date_gmt":"2016-10-19T12:46:06","guid":{"rendered":"http:\/\/subaru.preproduccion.com\/blog\/?p=16261"},"modified":"2022-12-16T11:53:02","modified_gmt":"2022-12-16T09:53:02","slug":"perroton-2016-consigue-con-el-apoyo-de-subaru-un-paso-mas-hacia-la-adopcion-responsable","status":"publish","type":"post","link":"https:\/\/www.subaru.es\/blog\/pet-lovers\/perroton-2016-consigue-con-el-apoyo-de-subaru-un-paso-mas-hacia-la-adopcion-responsable\/","title":{"rendered":"Perrot\u00f3n 2016 consigue, con el apoyo de Subaru, un paso m\u00e1s hacia la adopci\u00f3n responsable"},"content":{"rendered":"<p><strong><span class=\"Apple-style-span\">3.500 personas procedentes de toda Espa\u00f1a participaron el pasado domingo en una nueva edici\u00f3n de Perrot\u00f3n, la V Carrera Solidaria por la Adopci\u00f3n y Tenencia Responsable de Animales de Compa\u00f1\u00eda. Impulsada por la actriz y cantante Alejandra Botto y que cada a\u00f1o cuenta con Subaru como uno de los patrocinadores principales, en esta edici\u00f3n ha conseguido un nuevo logro: que muchos medios de comunicaci\u00f3n se hayan hecho eco del evento, lo que contribuye decisivamente a que esta causa solidaria fomente en la sociedad que la adopci\u00f3n de animales se encuentre entre las primeras opciones a la hora de acoger una mascota.<\/span><\/strong><\/p>\n<p><span class=\"Apple-style-span\"><a href=\"https:\/\/www.subaru.es\/blog\/wp-content\/uploads\/2016\/10\/Perroton-2016-1.jpg\"><img decoding=\"async\" width=\"560\" height=\"284\" class=\"size-medium wp-image-16491 aligncenter lazyload\" data-src=\"https:\/\/www.subaru.es\/blog\/wp-content\/uploads\/2016\/10\/Perroton-2016-1-1-560x284.jpg\" alt=\"perroton-2016-1\" data-srcset=\"https:\/\/www.subaru.es\/blog\/wp-content\/uploads\/2016\/10\/Perroton-2016-1-1-560x284.jpg 560w, https:\/\/www.subaru.es\/blog\/wp-content\/uploads\/2016\/10\/Perroton-2016-1-1-1440x729.jpg 1440w, https:\/\/www.subaru.es\/blog\/wp-content\/uploads\/2016\/10\/Perroton-2016-1-1-768x389.jpg 768w, https:\/\/www.subaru.es\/blog\/wp-content\/uploads\/2016\/10\/Perroton-2016-1-1-1536x778.jpg 1536w, https:\/\/www.subaru.es\/blog\/wp-content\/uploads\/2016\/10\/Perroton-2016-1-1.jpg 1661w\" data-sizes=\"(max-width: 560px) 100vw, 560px\" src=\"data:image\/svg+xml;base64,PHN2ZyB3aWR0aD0iMSIgaGVpZ2h0PSIxIiB4bWxucz0iaHR0cDovL3d3dy53My5vcmcvMjAwMC9zdmciPjwvc3ZnPg==\" style=\"--smush-placeholder-width: 560px; --smush-placeholder-aspect-ratio: 560\/284;\" \/><\/a><\/span><span class=\"Apple-style-span\">Gracias a\u00a0<a href=\"http:\/\/www.perroton.org\/\"><strong>Perrot\u00f3n<\/strong> <\/a><\/span>2016, <strong>la adopci\u00f3n responsable de animales de compa\u00f1\u00eda va calando en nuestra sociedad. Y eso en Subaru nos congratula<\/strong>. Por eso apoyamos esta iniciativa, que este a\u00f1o ha tenido un recorrido aproximado de <span class=\"Apple-style-span\">cuatro kil\u00f3metros por las calles de Madrid, junto a uno de nuestros Forester como coche oficial.<\/span> El \u00a0punto de salida y llegada para los corredores (humanos y perrunos de todo tipo) fue la emblem\u00e1tica Plaza de Col\u00f3n, pasando por lugares tan conocidos como el Paseo de la Castellana, la Plaza de Emilio Castelar, el Paseo de Recoletos o la fuente de Cibeles, entre otros.<\/p>\n<p>Desde su primera edici\u00f3n en 2012, esta carrera solidaria cuenta con el apoyo de destacadas personas de la sociedad, el deporte y la cultura espa\u00f1ola. Todos ellos, al igual que nuestra marca, <span class=\"Apple-style-span\">animamos a participar en esta fiesta de cari\u00f1o hacia los animales.<\/span> El actor Miguel \u00c1ngel Mu\u00f1oz, el exjugador de baloncesto Fernando Romay, el nadador David Meca y la periodista de RTVE Marta Jaumandreu, entre otras caras conocidas,<span class=\"Apple-style-span\"> han participado en Perrot\u00f3n este a\u00f1o<\/span>, tal y como recoge en<strong> <span class=\"Apple-style-span\"><a href=\"http:\/\/www.abc.es\/espana\/madrid\/abci-perroton-madrid-2016-miles-perros-y-humanos-corren-adopcion-animal-201610161454_noticia.html\">este art\u00edculo<\/a><\/span><\/strong> el diario ABC. En \u00e9l tambi\u00e9n se informa de que <strong><span class=\"Apple-style-span\">el Ayuntamiento de Madrid apuesta por convertir la capital en una \u00abciudad amiga de los animales<\/span>\u00ab<\/strong>, por lo que ha establecido que antes de finales de este a\u00f1o El Retiro acoja un nuevo centro de adopci\u00f3n de mascotas, que estar\u00e1 ubicado en la conocida Casita del Pescador.<\/p>\n<p><a href=\"https:\/\/www.subaru.es\/blog\/wp-content\/uploads\/2016\/10\/Perroton-Madrid-2016.jpg\"><img decoding=\"async\" width=\"560\" height=\"325\" class=\"size-medium wp-image-16493 aligncenter lazyload\" data-src=\"https:\/\/www.subaru.es\/blog\/wp-content\/uploads\/2016\/10\/Perroton-Madrid-2016-1-560x325.jpg\" alt=\"perroton-madrid-2016\" data-srcset=\"https:\/\/www.subaru.es\/blog\/wp-content\/uploads\/2016\/10\/Perroton-Madrid-2016-1-560x325.jpg 560w, https:\/\/www.subaru.es\/blog\/wp-content\/uploads\/2016\/10\/Perroton-Madrid-2016-1-1440x835.jpg 1440w, https:\/\/www.subaru.es\/blog\/wp-content\/uploads\/2016\/10\/Perroton-Madrid-2016-1-768x445.jpg 768w, https:\/\/www.subaru.es\/blog\/wp-content\/uploads\/2016\/10\/Perroton-Madrid-2016-1-1536x891.jpg 1536w, https:\/\/www.subaru.es\/blog\/wp-content\/uploads\/2016\/10\/Perroton-Madrid-2016-1-2048x1188.jpg 2048w\" data-sizes=\"(max-width: 560px) 100vw, 560px\" src=\"data:image\/svg+xml;base64,PHN2ZyB3aWR0aD0iMSIgaGVpZ2h0PSIxIiB4bWxucz0iaHR0cDovL3d3dy53My5vcmcvMjAwMC9zdmciPjwvc3ZnPg==\" style=\"--smush-placeholder-width: 560px; --smush-placeholder-aspect-ratio: 560\/325;\" \/><\/a>En palabras de <span class=\"Apple-style-span\">Alejandra Botto, embajadora de Perrot\u00f3n, \u00ab<strong>cada a\u00f1o hay m\u00e1s adopciones<\/strong><\/span><strong>, ya que se est\u00e1 consiguiendo que la gente se conciencie<\/strong>, que entienda que adoptar es algo buen\u00edsimo porque en las protectoras hay perros de todo tipo\u00bb. <span class=\"Apple-style-span\">Otro embajador, en este caso el de <\/span><span class=\"Apple-style-span\">Estados Unidos en Espa\u00f1a, James Costos, ha recibido el Premio de Honor Perrot\u00f3n<\/span> Madrid 2016, dada \u201cla extraordinaria labor que realiza el gobierno norteamericano mediante la reciente ley federal que clasifica como delito grave los actos de crueldad contra los animales\u201d, tal y como informa <span class=\"Apple-style-span\"><a href=\"http:\/\/telemadrid.es\/noticias\/madrid\/noticia\/mas-de-3500-participantes-en-el-perroton-madrid-2016\"><strong>aqu\u00ed<\/strong> <\/a><\/span>Telemadrid. El embajador, que complet\u00f3 el recorrido junto a su perro Greco, se mostr\u00f3 \u00abmuy agradecido\u00bb por el reconocimiento recibido.<\/p>\n<p><a href=\"http:\/\/telemadrid.es\/noticias\/madrid\/noticia\/mas-de-3500-participantes-en-el-perroton-madrid-2016\"><img decoding=\"async\" width=\"560\" height=\"309\" class=\"size-medium wp-image-16494 aligncenter lazyload\" data-src=\"https:\/\/www.subaru.es\/blog\/wp-content\/uploads\/2016\/10\/James-Costos-en-Perroton-560x309.png\" alt=\"james-costos-en-perroton\" data-srcset=\"https:\/\/www.subaru.es\/blog\/wp-content\/uploads\/2016\/10\/James-Costos-en-Perroton-560x309.png 560w, https:\/\/www.subaru.es\/blog\/wp-content\/uploads\/2016\/10\/James-Costos-en-Perroton.png 611w\" data-sizes=\"(max-width: 560px) 100vw, 560px\" src=\"data:image\/svg+xml;base64,PHN2ZyB3aWR0aD0iMSIgaGVpZ2h0PSIxIiB4bWxucz0iaHR0cDovL3d3dy53My5vcmcvMjAwMC9zdmciPjwvc3ZnPg==\" style=\"--smush-placeholder-width: 560px; --smush-placeholder-aspect-ratio: 560\/309;\" \/><\/a><\/p>\n<p>Tal y como nos cuenta Cadena Ser en <span class=\"Apple-style-span\"><a href=\"http:\/\/cadenaser.com\/emisora\/2016\/10\/16\/radio_madrid\/1476630251_211977.html\"><strong>este enlace<\/strong><\/a><\/span>,<span class=\"Apple-style-span\"> los vencedores de la prueba han sido Pedro Alonso y su perro Rufete<\/span>, que, aunque era la primera vez que participaban en una carrera de estas caracter\u00edsticas, est\u00e1n dispuestos a volver el a\u00f1o que viene \u201cpara revalidar el t\u00edtulo\u201d. \u00a0Y <strong>quienes quer\u00e1is seguir participando en acciones relacionadas con los animales, os animamos a que lo hag\u00e1is con nosotros <a href=\"https:\/\/www.instagram.com\/p\/BLqM-QDgnCp\/\"><span class=\"Apple-style-span\">aqu\u00ed<\/span><\/a><\/strong>. Solo ten\u00e9is que compartir la mejor foto de vuestra mascota en el hastag\u00a0<span class=\"Apple-style-span\"><a href=\"https:\/\/www.instagram.com\/explore\/tags\/subarupetlovers\/\" target=\"_blank\" rel=\"noreferrer noopener\">#<strong>subarupetlovers<\/strong><\/a><\/span>, seguirnos en nuestra cuenta de <span class=\"Apple-style-span\"><a href=\"https:\/\/www.instagram.com\/subarues\/\"><strong>Instagram<\/strong> <\/a><\/span>y&#8230; disfrutar de un pr\u00e1ctico kit de accesorios para vuestro perro.<\/p>\n<p><a href=\"https:\/\/www.instagram.com\/p\/BLqM-QDgnCp\/\"><img decoding=\"async\" class=\"aligncenter size-full wp-image-13145 lazyload\" title=\"Subaru instagram concurso\" data-src=\"https:\/\/www.subaru.es\/blog\/wp-content\/uploads\/2016\/10\/Subaru-instagram-concurso-e1476892099960.png\" alt=\"\" width=\"640\" height=\"450\" src=\"data:image\/svg+xml;base64,PHN2ZyB3aWR0aD0iMSIgaGVpZ2h0PSIxIiB4bWxucz0iaHR0cDovL3d3dy53My5vcmcvMjAwMC9zdmciPjwvc3ZnPg==\" style=\"--smush-placeholder-width: 640px; --smush-placeholder-aspect-ratio: 640\/450;\" \/><\/a><\/p>\n<p><span class=\"Apple-style-span\">En Perrot\u00f3n 2016, el 30% del valor econ\u00f3mico de las inscripciones a la carrera (entre tres y 3,60 euros por cada una de ellas) se ha destinado a su asociaci\u00f3n nacional, que trabaja sin \u00e1nimo de lucro.<\/span> Todo el dinero conseguido \u201cse invertir\u00e1 en realizar diferentes campa\u00f1as de comunicaci\u00f3n para concienciar y sensibilizar a la sociedad espa\u00f1ola sobre aspectos como la adopci\u00f3n, la tenencia responsable de nuestras mascotas y la lucha contra el maltrato animal\u201d.<\/p>\n<p>Confiamos en que esta iniciativa solidaria y el gran eco que muchos medios de comunicaci\u00f3n se han hecho de ella, como vamos a ver a continuaci\u00f3n, contribuyan a acabar con los abandonos y las situaciones de maltrato a los animales.<span class=\"Apple-style-span\"> En definitiva, una causa que Subaru &#8211;<strong><a href=\"http:\/\/subaria.com\/subaru\/%C2%BFsabias-que-subaru-es-una-de-las-marcas-petlover-por-excelencia-%C2%A1te-lo-contamos\/\">marca petlover<\/a><\/strong> de referencia a nivel internacional- lleva mucho tiempo apoyando.<\/span><\/p>\n<h2><span class=\"Apple-style-span\">Amplio respaldo de los medios de comunicaci\u00f3n<\/span><\/h2>\n<p>Telemadrid ha sido una de las televisiones que se han hecho eco de la iniciativa, destacando en <strong><span class=\"Apple-style-span\"><a href=\"http:\/\/telemadrid.es\/noticias\/madrid\/noticia\/mas-de-3500-participantes-en-el-perroton-madrid-2016\">esta cr\u00f3nica<\/a><\/span><\/strong> la importancia de que \u201clos canes y sus amos hayan corrido juntos por el centro de Madrid<span class=\"Apple-style-span\"> para concienciar de la<strong> necesidad de ofrecer un trato digno a los animale<\/strong>s, de promover la acogida de mascotas de protectoras en lugar de su compra<\/span> y de celebrar que los perros son buenos compa\u00f1eros tambi\u00e9n en la ciudad y en el deporte\u201d. Este medio ha informado de que perros de todo tipo han recorrido<span class=\"Apple-style-span\"> un itinerario de unos cuatro kil\u00f3metros por conocidas calles de la capital<\/span>, \u201caunque algunos han hecho trampas y han completado la competici\u00f3n en carritos o en brazos de sus due\u00f1os\u201d, ha revelado en tono de humor.<\/p>\n<p><img decoding=\"async\" width=\"560\" height=\"308\" class=\"size-medium wp-image-16492 aligncenter lazyload\" data-src=\"https:\/\/www.subaru.es\/blog\/wp-content\/uploads\/2016\/10\/Perroton-2016-2-1-560x308.png\" alt=\"perroton-2016-2\" data-srcset=\"https:\/\/www.subaru.es\/blog\/wp-content\/uploads\/2016\/10\/Perroton-2016-2-1-560x308.png 560w, https:\/\/www.subaru.es\/blog\/wp-content\/uploads\/2016\/10\/Perroton-2016-2-1.png 597w\" data-sizes=\"(max-width: 560px) 100vw, 560px\" src=\"data:image\/svg+xml;base64,PHN2ZyB3aWR0aD0iMSIgaGVpZ2h0PSIxIiB4bWxucz0iaHR0cDovL3d3dy53My5vcmcvMjAwMC9zdmciPjwvc3ZnPg==\" style=\"--smush-placeholder-width: 560px; --smush-placeholder-aspect-ratio: 560\/308;\" \/><\/p>\n<p>En la misma l\u00ednea que Telemadrid, Telecinco\u00a0ha recogido el resultado de la carrera, como podemos ver en su <strong><span class=\"Apple-style-span\"><a href=\"http:\/\/www.telecinco.es\/informativos\/sociedad\/Perroton-perros-adopcion_responsable-carrera_2_2260680078.html\">art\u00edculo<\/a><\/span><\/strong>&#8216;\u00a1Preparados, listos, guau!&#8217;, correr por la adopci\u00f3n responsable de animales&#8217;, que se\u00f1ala que cerca de \u201c3.500 corredores y sus due\u00f1os han participado en una festiva competici\u00f3n en Madrid para llamar la atenci\u00f3n sobre la adopci\u00f3n responsable de animales de compa\u00f1\u00eda.<strong><span class=\"Apple-style-span\"> A tirones o con la lengua fuera, perros y humanos se han esforzado por alcanzar la meta<\/span><\/strong>, un objetivo que tambi\u00e9n persigue la concienciaci\u00f3n sobre el cuidado de los animales\u201d.<\/p>\n<p>Por su parte, Antena 3 ha querido transmitir igualmente la importancia del buen trato hacia los animales, y <span class=\"Apple-style-span\"><a href=\"http:\/\/www.antena3.com\/noticias\/sociedad\/mas-3000-perros-participan-quinta-edicion-carrera-solidaria-perroton_20161016580366270cf26449f5dcfbdb.html\"><strong>aqu\u00ed<\/strong> <\/a><\/span>recoge las <strong>declaraciones de algunos rostros conocidos de la sociedad espa\u00f1ola que han participado en esta carrera ben\u00e9fica<\/strong>. En cuanto a la cadena Cuatro, ha destacado en su <span class=\"Apple-style-span\"><a href=\"http:\/\/www.cuatro.com\/noticias\/sociedad\/Perroton-Madrid-solidaria-adopcion-participantes_0_2260125193.html\"><strong>informaci\u00f3n<\/strong> <\/a><\/span>que los animales de compa\u00f1\u00eda han conseguido su objetivo, que es<span class=\"Apple-style-span\"> avanzar un paso m\u00e1s para la adopci\u00f3n responsable<\/span>.<\/p>\n<p>Otros de los medios de comunicaci\u00f3n que con sus art\u00edculos han contribuido a concienciar a la sociedad de la tenencia responsable y de la importancia de considerar la opci\u00f3n de la adopci\u00f3n de animales de compa\u00f1\u00eda han sido el peri\u00f3dico digital <strong><span class=\"Apple-style-span\"><a href=\"http:\/\/www.madridiario.es\/437843\/perroton-2016-adopcion-animales\">Madrid Diario<\/a><\/span><\/strong>, la <strong><span class=\"Apple-style-span\"><a href=\"http:\/\/www.efeverde.com\/noticias\/perroton-2016-vuelve-domingo-revision-gratuita-canes-inscritos\/\">Agencia EFE<\/a><\/span><\/strong>, la revista <span class=\"Apple-style-span\"><a href=\"http:\/\/mascotas.hola.com\/lasaventurasdekitty\/perroton-madrid-2016\/8633\"><strong>Hola<\/strong> <\/a><\/span>y el peri\u00f3dico <strong><span class=\"Apple-style-span\"><a href=\"http:\/\/www.lavanguardia.com\/vida\/20161016\/411042710047\/la-carrera-solidaria-perroton-vuelve-a-echarse-a-la-calle-este-domingo-para-promover-la-adopcion-de-animales.html\">La Vanguardia<\/a><\/span><\/strong>. Como contaba el diario ABC en <strong><span class=\"Apple-style-span\"><a href=\"http:\/\/www.abc.es\/sociedad\/abci-3500-perros-daran-cita-este-semana-perroton-madrid-2016-201610121716_noticia.html\">este art\u00edculo<\/a><\/span><\/strong> que trataba de animar a participar en Perrot\u00f3n unos d\u00edas antes de la celebraci\u00f3n de la carrera, \u201c<strong><span class=\"Apple-style-span\">un animal abandonado, solitario y deambulando sin rumbo fijo por la carretera puede ser causa accidente de tr\u00e1fico<\/span><\/strong> al intentar el conductor esquivar al animal.<\/p>\n<p>En el \u00faltimo a\u00f1o, un total de cerca de 106.000 perros y 30.000 gatos fueron recogidos por las sociedades protectoras en Espa\u00f1a\u201d. Estos datos significan que <span class=\"Apple-style-span\">cada cinco minutos un perro o un gato es recogido -si tiene suerte- por una entidad en Espa\u00f1a<\/span>. <strong>En esta triste lista de &#8216;los m\u00e1s abandonados&#8217;, el perro sigue siendo el principal animal<\/strong> que recogen sociedades protectoras y ayuntamientos, aunque los gatos han aumentado cinco puntos respecto a otros a\u00f1os.<\/p>\n<p>Por ello,<strong> <span class=\"Apple-style-span\">el hecho de que una iniciativa como Perrot\u00f3n haya tenido tanta repercusi\u00f3n en los medios nos llena de satisfacci\u00f3n<\/span><\/strong> porque contribuye a concienciar a la sociedad de la importancia de la adopci\u00f3n y la tenencia responsable de animales de compa\u00f1\u00eda.Esperemos que con iniciativas como esta, la adopci\u00f3n se postule entre las primeras opciones cuando se decide acoger una mascota.<\/p>\n<p>Tambi\u00e9n nos gustar\u00eda que, si estuvisteis en Perrot\u00f3n o recientemente hab\u00e9is vivido alguna experiencia divertida con vuestro perro y la ten\u00e9is plasmada en foto, la compart\u00e1is con nosotros.<\/p>\n","protected":false},"excerpt":{"rendered":"<p>3.500 personas procedentes de toda Espa\u00f1a participaron el pasado domingo en una nueva edici\u00f3n de Perrot\u00f3n, la V Carrera Solidaria por la Adopci\u00f3n y Tenencia Responsable de Animales de Compa\u00f1\u00eda. Impulsada por la actriz y cantante Alejandra Botto y que cada a\u00f1o cuenta con Subaru como uno de los patrocinadores principales, en esta edici\u00f3n ha [&hellip;]<\/p>\n","protected":false},"author":21,"featured_media":16358,"comment_status":"closed","ping_status":"closed","sticky":false,"template":"","format":"standard","meta":{"_acf_changed":false,"_eb_attr":"","inline_featured_image":false,"footnotes":""},"categories":[4402,4520],"tags":[244,3827,4279,4404,3028],"class_list":["post-16261","post","type-post","status-publish","format-standard","has-post-thumbnail","hentry","category-pet-lovers","category-subaru-lifestyle","tag-madrid","tag-perros","tag-perroton","tag-perroton-2016","tag-solidaridad"],"acf":[],"yoast_head":"<!-- This site is optimized with the Yoast SEO plugin v27.3 - https:\/\/yoast.com\/product\/yoast-seo-wordpress\/ -->\n<title>Perrot\u00f3n 2016 consigue, con el apoyo de Subaru, un paso m\u00e1s hacia la adopci\u00f3n responsable - Universo Subaru<\/title>\n<meta name=\"robots\" content=\"index, follow, max-snippet:-1, max-image-preview:large, max-video-preview:-1\" \/>\n<link rel=\"canonical\" href=\"https:\/\/www.subaru.es\/blog\/pet-lovers\/perroton-2016-consigue-con-el-apoyo-de-subaru-un-paso-mas-hacia-la-adopcion-responsable\/\" \/>\n<meta property=\"og:locale\" content=\"es_ES\" \/>\n<meta property=\"og:type\" content=\"article\" \/>\n<meta property=\"og:title\" content=\"Perrot\u00f3n 2016 consigue, con el apoyo de Subaru, un paso m\u00e1s hacia la adopci\u00f3n responsable - Universo Subaru\" \/>\n<meta property=\"og:description\" content=\"3.500 personas procedentes de toda Espa\u00f1a participaron el pasado domingo en una nueva edici\u00f3n de Perrot\u00f3n, la V Carrera Solidaria por la Adopci\u00f3n y Tenencia Responsable de Animales de Compa\u00f1\u00eda. Impulsada por la actriz y cantante Alejandra Botto y que cada a\u00f1o cuenta con Subaru como uno de los patrocinadores principales, en esta edici\u00f3n ha [&hellip;]\" \/>\n<meta property=\"og:url\" content=\"https:\/\/www.subaru.es\/blog\/pet-lovers\/perroton-2016-consigue-con-el-apoyo-de-subaru-un-paso-mas-hacia-la-adopcion-responsable\/\" \/>\n<meta property=\"og:site_name\" content=\"Universo Subaru\" \/>\n<meta property=\"article:publisher\" content=\"https:\/\/www.facebook.com\/subaruespana\" \/>\n<meta property=\"article:published_time\" content=\"2016-10-19T12:46:06+00:00\" \/>\n<meta property=\"article:modified_time\" content=\"2022-12-16T09:53:02+00:00\" \/>\n<meta property=\"og:image\" content=\"https:\/\/www.subaru.es\/blog\/wp-content\/uploads\/2016\/10\/Perrot\u00f3n-2016.jpg\" \/>\n\t<meta property=\"og:image:width\" content=\"1200\" \/>\n\t<meta property=\"og:image:height\" content=\"900\" \/>\n\t<meta property=\"og:image:type\" content=\"image\/jpeg\" \/>\n<meta name=\"author\" content=\"Subaru\" \/>\n<meta name=\"twitter:card\" content=\"summary_large_image\" \/>\n<meta name=\"twitter:label1\" content=\"Escrito por\" \/>\n\t<meta name=\"twitter:data1\" content=\"Subaru\" \/>\n\t<meta name=\"twitter:label2\" content=\"Tiempo de lectura\" \/>\n\t<meta name=\"twitter:data2\" content=\"7 minutos\" \/>\n<script type=\"application\/ld+json\" class=\"yoast-schema-graph\">{\"@context\":\"https:\\\/\\\/schema.org\",\"@graph\":[{\"@type\":\"Article\",\"@id\":\"https:\\\/\\\/www.subaru.es\\\/blog\\\/pet-lovers\\\/perroton-2016-consigue-con-el-apoyo-de-subaru-un-paso-mas-hacia-la-adopcion-responsable\\\/#article\",\"isPartOf\":{\"@id\":\"https:\\\/\\\/www.subaru.es\\\/blog\\\/pet-lovers\\\/perroton-2016-consigue-con-el-apoyo-de-subaru-un-paso-mas-hacia-la-adopcion-responsable\\\/\"},\"author\":{\"name\":\"Subaru\",\"@id\":\"https:\\\/\\\/www.subaru.es\\\/blog\\\/#\\\/schema\\\/person\\\/19a90b892230b8e0ec752704ddf4aa10\"},\"headline\":\"Perrot\u00f3n 2016 consigue, con el apoyo de Subaru, un paso m\u00e1s hacia la adopci\u00f3n responsable\",\"datePublished\":\"2016-10-19T12:46:06+00:00\",\"dateModified\":\"2022-12-16T09:53:02+00:00\",\"mainEntityOfPage\":{\"@id\":\"https:\\\/\\\/www.subaru.es\\\/blog\\\/pet-lovers\\\/perroton-2016-consigue-con-el-apoyo-de-subaru-un-paso-mas-hacia-la-adopcion-responsable\\\/\"},\"wordCount\":1356,\"publisher\":{\"@id\":\"https:\\\/\\\/www.subaru.es\\\/blog\\\/#organization\"},\"image\":{\"@id\":\"https:\\\/\\\/www.subaru.es\\\/blog\\\/pet-lovers\\\/perroton-2016-consigue-con-el-apoyo-de-subaru-un-paso-mas-hacia-la-adopcion-responsable\\\/#primaryimage\"},\"thumbnailUrl\":\"https:\\\/\\\/www.subaru.es\\\/blog\\\/wp-content\\\/uploads\\\/2016\\\/10\\\/Perrot\u00f3n-2016.jpg\",\"keywords\":[\"madrid\",\"perros\",\"Perrot\u00f3n\",\"Perrot\u00f3n 2016\",\"solidaridad\"],\"articleSection\":[\"Pet lovers\",\"Subaru LifeStyle\"],\"inLanguage\":\"es\"},{\"@type\":\"WebPage\",\"@id\":\"https:\\\/\\\/www.subaru.es\\\/blog\\\/pet-lovers\\\/perroton-2016-consigue-con-el-apoyo-de-subaru-un-paso-mas-hacia-la-adopcion-responsable\\\/\",\"url\":\"https:\\\/\\\/www.subaru.es\\\/blog\\\/pet-lovers\\\/perroton-2016-consigue-con-el-apoyo-de-subaru-un-paso-mas-hacia-la-adopcion-responsable\\\/\",\"name\":\"Perrot\u00f3n 2016 consigue, con el apoyo de Subaru, un paso m\u00e1s hacia la adopci\u00f3n responsable - Universo Subaru\",\"isPartOf\":{\"@id\":\"https:\\\/\\\/www.subaru.es\\\/blog\\\/#website\"},\"primaryImageOfPage\":{\"@id\":\"https:\\\/\\\/www.subaru.es\\\/blog\\\/pet-lovers\\\/perroton-2016-consigue-con-el-apoyo-de-subaru-un-paso-mas-hacia-la-adopcion-responsable\\\/#primaryimage\"},\"image\":{\"@id\":\"https:\\\/\\\/www.subaru.es\\\/blog\\\/pet-lovers\\\/perroton-2016-consigue-con-el-apoyo-de-subaru-un-paso-mas-hacia-la-adopcion-responsable\\\/#primaryimage\"},\"thumbnailUrl\":\"https:\\\/\\\/www.subaru.es\\\/blog\\\/wp-content\\\/uploads\\\/2016\\\/10\\\/Perrot\u00f3n-2016.jpg\",\"datePublished\":\"2016-10-19T12:46:06+00:00\",\"dateModified\":\"2022-12-16T09:53:02+00:00\",\"breadcrumb\":{\"@id\":\"https:\\\/\\\/www.subaru.es\\\/blog\\\/pet-lovers\\\/perroton-2016-consigue-con-el-apoyo-de-subaru-un-paso-mas-hacia-la-adopcion-responsable\\\/#breadcrumb\"},\"inLanguage\":\"es\",\"potentialAction\":[{\"@type\":\"ReadAction\",\"target\":[\"https:\\\/\\\/www.subaru.es\\\/blog\\\/pet-lovers\\\/perroton-2016-consigue-con-el-apoyo-de-subaru-un-paso-mas-hacia-la-adopcion-responsable\\\/\"]}]},{\"@type\":\"ImageObject\",\"inLanguage\":\"es\",\"@id\":\"https:\\\/\\\/www.subaru.es\\\/blog\\\/pet-lovers\\\/perroton-2016-consigue-con-el-apoyo-de-subaru-un-paso-mas-hacia-la-adopcion-responsable\\\/#primaryimage\",\"url\":\"https:\\\/\\\/www.subaru.es\\\/blog\\\/wp-content\\\/uploads\\\/2016\\\/10\\\/Perrot\u00f3n-2016.jpg\",\"contentUrl\":\"https:\\\/\\\/www.subaru.es\\\/blog\\\/wp-content\\\/uploads\\\/2016\\\/10\\\/Perrot\u00f3n-2016.jpg\",\"width\":1200,\"height\":900},{\"@type\":\"BreadcrumbList\",\"@id\":\"https:\\\/\\\/www.subaru.es\\\/blog\\\/pet-lovers\\\/perroton-2016-consigue-con-el-apoyo-de-subaru-un-paso-mas-hacia-la-adopcion-responsable\\\/#breadcrumb\",\"itemListElement\":[{\"@type\":\"ListItem\",\"position\":1,\"name\":\"Portada\",\"item\":\"https:\\\/\\\/www.subaru.es\\\/blog\\\/\"},{\"@type\":\"ListItem\",\"position\":2,\"name\":\"Perrot\u00f3n 2016 consigue, con el apoyo de Subaru, un paso m\u00e1s hacia la adopci\u00f3n responsable\"}]},{\"@type\":\"WebSite\",\"@id\":\"https:\\\/\\\/www.subaru.es\\\/blog\\\/#website\",\"url\":\"https:\\\/\\\/www.subaru.es\\\/blog\\\/\",\"name\":\"Universo Subaru\",\"description\":\"Descubre este apasionante espacio de Subaru donde vas a conocer todo sobre nuestros coches y las experiencias que vivimos con ellos. Si est\u00e1s preparado para dejarte seducir por la filosof\u00eda Subaru, qu\u00e9date con nosotros.\",\"publisher\":{\"@id\":\"https:\\\/\\\/www.subaru.es\\\/blog\\\/#organization\"},\"potentialAction\":[{\"@type\":\"SearchAction\",\"target\":{\"@type\":\"EntryPoint\",\"urlTemplate\":\"https:\\\/\\\/www.subaru.es\\\/blog\\\/?s={search_term_string}\"},\"query-input\":{\"@type\":\"PropertyValueSpecification\",\"valueRequired\":true,\"valueName\":\"search_term_string\"}}],\"inLanguage\":\"es\"},{\"@type\":\"Organization\",\"@id\":\"https:\\\/\\\/www.subaru.es\\\/blog\\\/#organization\",\"name\":\"Subaru Espa\u00f1a S.A.\",\"url\":\"https:\\\/\\\/www.subaru.es\\\/blog\\\/\",\"logo\":{\"@type\":\"ImageObject\",\"inLanguage\":\"es\",\"@id\":\"https:\\\/\\\/www.subaru.es\\\/blog\\\/#\\\/schema\\\/logo\\\/image\\\/\",\"url\":\"https:\\\/\\\/www.subaru.es\\\/blog\\\/wp-content\\\/uploads\\\/2016\\\/12\\\/Logo-Subaru-TypeV_C300-scaled.jpg\",\"contentUrl\":\"https:\\\/\\\/www.subaru.es\\\/blog\\\/wp-content\\\/uploads\\\/2016\\\/12\\\/Logo-Subaru-TypeV_C300-scaled.jpg\",\"width\":2560,\"height\":1864,\"caption\":\"Subaru Espa\u00f1a S.A.\"},\"image\":{\"@id\":\"https:\\\/\\\/www.subaru.es\\\/blog\\\/#\\\/schema\\\/logo\\\/image\\\/\"},\"sameAs\":[\"https:\\\/\\\/www.facebook.com\\\/subaruespana\",\"https:\\\/\\\/www.instagram.com\\\/subarues\\\/\",\"https:\\\/\\\/www.youtube.com\\\/user\\\/subaruespana\"]},{\"@type\":\"Person\",\"@id\":\"https:\\\/\\\/www.subaru.es\\\/blog\\\/#\\\/schema\\\/person\\\/19a90b892230b8e0ec752704ddf4aa10\",\"name\":\"Subaru\",\"url\":\"https:\\\/\\\/www.subaru.es\\\/blog\\\/author\\\/subaria\\\/\"}]}<\/script>\n<!-- \/ Yoast SEO plugin. -->","yoast_head_json":{"title":"Perrot\u00f3n 2016 consigue, con el apoyo de Subaru, un paso m\u00e1s hacia la adopci\u00f3n responsable - Universo Subaru","robots":{"index":"index","follow":"follow","max-snippet":"max-snippet:-1","max-image-preview":"max-image-preview:large","max-video-preview":"max-video-preview:-1"},"canonical":"https:\/\/www.subaru.es\/blog\/pet-lovers\/perroton-2016-consigue-con-el-apoyo-de-subaru-un-paso-mas-hacia-la-adopcion-responsable\/","og_locale":"es_ES","og_type":"article","og_title":"Perrot\u00f3n 2016 consigue, con el apoyo de Subaru, un paso m\u00e1s hacia la adopci\u00f3n responsable - Universo Subaru","og_description":"3.500 personas procedentes de toda Espa\u00f1a participaron el pasado domingo en una nueva edici\u00f3n de Perrot\u00f3n, la V Carrera Solidaria por la Adopci\u00f3n y Tenencia Responsable de Animales de Compa\u00f1\u00eda. Impulsada por la actriz y cantante Alejandra Botto y que cada a\u00f1o cuenta con Subaru como uno de los patrocinadores principales, en esta edici\u00f3n ha [&hellip;]","og_url":"https:\/\/www.subaru.es\/blog\/pet-lovers\/perroton-2016-consigue-con-el-apoyo-de-subaru-un-paso-mas-hacia-la-adopcion-responsable\/","og_site_name":"Universo Subaru","article_publisher":"https:\/\/www.facebook.com\/subaruespana","article_published_time":"2016-10-19T12:46:06+00:00","article_modified_time":"2022-12-16T09:53:02+00:00","og_image":[{"width":1200,"height":900,"url":"https:\/\/www.subaru.es\/blog\/wp-content\/uploads\/2016\/10\/Perrot\u00f3n-2016.jpg","type":"image\/jpeg"}],"author":"Subaru","twitter_card":"summary_large_image","twitter_misc":{"Escrito por":"Subaru","Tiempo de lectura":"7 minutos"},"schema":{"@context":"https:\/\/schema.org","@graph":[{"@type":"Article","@id":"https:\/\/www.subaru.es\/blog\/pet-lovers\/perroton-2016-consigue-con-el-apoyo-de-subaru-un-paso-mas-hacia-la-adopcion-responsable\/#article","isPartOf":{"@id":"https:\/\/www.subaru.es\/blog\/pet-lovers\/perroton-2016-consigue-con-el-apoyo-de-subaru-un-paso-mas-hacia-la-adopcion-responsable\/"},"author":{"name":"Subaru","@id":"https:\/\/www.subaru.es\/blog\/#\/schema\/person\/19a90b892230b8e0ec752704ddf4aa10"},"headline":"Perrot\u00f3n 2016 consigue, con el apoyo de Subaru, un paso m\u00e1s hacia la adopci\u00f3n responsable","datePublished":"2016-10-19T12:46:06+00:00","dateModified":"2022-12-16T09:53:02+00:00","mainEntityOfPage":{"@id":"https:\/\/www.subaru.es\/blog\/pet-lovers\/perroton-2016-consigue-con-el-apoyo-de-subaru-un-paso-mas-hacia-la-adopcion-responsable\/"},"wordCount":1356,"publisher":{"@id":"https:\/\/www.subaru.es\/blog\/#organization"},"image":{"@id":"https:\/\/www.subaru.es\/blog\/pet-lovers\/perroton-2016-consigue-con-el-apoyo-de-subaru-un-paso-mas-hacia-la-adopcion-responsable\/#primaryimage"},"thumbnailUrl":"https:\/\/www.subaru.es\/blog\/wp-content\/uploads\/2016\/10\/Perrot\u00f3n-2016.jpg","keywords":["madrid","perros","Perrot\u00f3n","Perrot\u00f3n 2016","solidaridad"],"articleSection":["Pet lovers","Subaru LifeStyle"],"inLanguage":"es"},{"@type":"WebPage","@id":"https:\/\/www.subaru.es\/blog\/pet-lovers\/perroton-2016-consigue-con-el-apoyo-de-subaru-un-paso-mas-hacia-la-adopcion-responsable\/","url":"https:\/\/www.subaru.es\/blog\/pet-lovers\/perroton-2016-consigue-con-el-apoyo-de-subaru-un-paso-mas-hacia-la-adopcion-responsable\/","name":"Perrot\u00f3n 2016 consigue, con el apoyo de Subaru, un paso m\u00e1s hacia la adopci\u00f3n responsable - Universo Subaru","isPartOf":{"@id":"https:\/\/www.subaru.es\/blog\/#website"},"primaryImageOfPage":{"@id":"https:\/\/www.subaru.es\/blog\/pet-lovers\/perroton-2016-consigue-con-el-apoyo-de-subaru-un-paso-mas-hacia-la-adopcion-responsable\/#primaryimage"},"image":{"@id":"https:\/\/www.subaru.es\/blog\/pet-lovers\/perroton-2016-consigue-con-el-apoyo-de-subaru-un-paso-mas-hacia-la-adopcion-responsable\/#primaryimage"},"thumbnailUrl":"https:\/\/www.subaru.es\/blog\/wp-content\/uploads\/2016\/10\/Perrot\u00f3n-2016.jpg","datePublished":"2016-10-19T12:46:06+00:00","dateModified":"2022-12-16T09:53:02+00:00","breadcrumb":{"@id":"https:\/\/www.subaru.es\/blog\/pet-lovers\/perroton-2016-consigue-con-el-apoyo-de-subaru-un-paso-mas-hacia-la-adopcion-responsable\/#breadcrumb"},"inLanguage":"es","potentialAction":[{"@type":"ReadAction","target":["https:\/\/www.subaru.es\/blog\/pet-lovers\/perroton-2016-consigue-con-el-apoyo-de-subaru-un-paso-mas-hacia-la-adopcion-responsable\/"]}]},{"@type":"ImageObject","inLanguage":"es","@id":"https:\/\/www.subaru.es\/blog\/pet-lovers\/perroton-2016-consigue-con-el-apoyo-de-subaru-un-paso-mas-hacia-la-adopcion-responsable\/#primaryimage","url":"https:\/\/www.subaru.es\/blog\/wp-content\/uploads\/2016\/10\/Perrot\u00f3n-2016.jpg","contentUrl":"https:\/\/www.subaru.es\/blog\/wp-content\/uploads\/2016\/10\/Perrot\u00f3n-2016.jpg","width":1200,"height":900},{"@type":"BreadcrumbList","@id":"https:\/\/www.subaru.es\/blog\/pet-lovers\/perroton-2016-consigue-con-el-apoyo-de-subaru-un-paso-mas-hacia-la-adopcion-responsable\/#breadcrumb","itemListElement":[{"@type":"ListItem","position":1,"name":"Portada","item":"https:\/\/www.subaru.es\/blog\/"},{"@type":"ListItem","position":2,"name":"Perrot\u00f3n 2016 consigue, con el apoyo de Subaru, un paso m\u00e1s hacia la adopci\u00f3n responsable"}]},{"@type":"WebSite","@id":"https:\/\/www.subaru.es\/blog\/#website","url":"https:\/\/www.subaru.es\/blog\/","name":"Universo Subaru","description":"Descubre este apasionante espacio de Subaru donde vas a conocer todo sobre nuestros coches y las experiencias que vivimos con ellos. Si est\u00e1s preparado para dejarte seducir por la filosof\u00eda Subaru, qu\u00e9date con nosotros.","publisher":{"@id":"https:\/\/www.subaru.es\/blog\/#organization"},"potentialAction":[{"@type":"SearchAction","target":{"@type":"EntryPoint","urlTemplate":"https:\/\/www.subaru.es\/blog\/?s={search_term_string}"},"query-input":{"@type":"PropertyValueSpecification","valueRequired":true,"valueName":"search_term_string"}}],"inLanguage":"es"},{"@type":"Organization","@id":"https:\/\/www.subaru.es\/blog\/#organization","name":"Subaru Espa\u00f1a S.A.","url":"https:\/\/www.subaru.es\/blog\/","logo":{"@type":"ImageObject","inLanguage":"es","@id":"https:\/\/www.subaru.es\/blog\/#\/schema\/logo\/image\/","url":"https:\/\/www.subaru.es\/blog\/wp-content\/uploads\/2016\/12\/Logo-Subaru-TypeV_C300-scaled.jpg","contentUrl":"https:\/\/www.subaru.es\/blog\/wp-content\/uploads\/2016\/12\/Logo-Subaru-TypeV_C300-scaled.jpg","width":2560,"height":1864,"caption":"Subaru Espa\u00f1a S.A."},"image":{"@id":"https:\/\/www.subaru.es\/blog\/#\/schema\/logo\/image\/"},"sameAs":["https:\/\/www.facebook.com\/subaruespana","https:\/\/www.instagram.com\/subarues\/","https:\/\/www.youtube.com\/user\/subaruespana"]},{"@type":"Person","@id":"https:\/\/www.subaru.es\/blog\/#\/schema\/person\/19a90b892230b8e0ec752704ddf4aa10","name":"Subaru","url":"https:\/\/www.subaru.es\/blog\/author\/subaria\/"}]}},"_links":{"self":[{"href":"https:\/\/www.subaru.es\/blog\/wp-json\/wp\/v2\/posts\/16261","targetHints":{"allow":["GET"]}}],"collection":[{"href":"https:\/\/www.subaru.es\/blog\/wp-json\/wp\/v2\/posts"}],"about":[{"href":"https:\/\/www.subaru.es\/blog\/wp-json\/wp\/v2\/types\/post"}],"author":[{"embeddable":true,"href":"https:\/\/www.subaru.es\/blog\/wp-json\/wp\/v2\/users\/21"}],"replies":[{"embeddable":true,"href":"https:\/\/www.subaru.es\/blog\/wp-json\/wp\/v2\/comments?post=16261"}],"version-history":[{"count":12,"href":"https:\/\/www.subaru.es\/blog\/wp-json\/wp\/v2\/posts\/16261\/revisions"}],"predecessor-version":[{"id":24337,"href":"https:\/\/www.subaru.es\/blog\/wp-json\/wp\/v2\/posts\/16261\/revisions\/24337"}],"wp:featuredmedia":[{"embeddable":true,"href":"https:\/\/www.subaru.es\/blog\/wp-json\/wp\/v2\/media\/16358"}],"wp:attachment":[{"href":"https:\/\/www.subaru.es\/blog\/wp-json\/wp\/v2\/media?parent=16261"}],"wp:term":[{"taxonomy":"category","embeddable":true,"href":"https:\/\/www.subaru.es\/blog\/wp-json\/wp\/v2\/categories?post=16261"},{"taxonomy":"post_tag","embeddable":true,"href":"https:\/\/www.subaru.es\/blog\/wp-json\/wp\/v2\/tags?post=16261"}],"curies":[{"name":"wp","href":"https:\/\/api.w.org\/{rel}","templated":true}]}}