{"id":1608,"date":"2008-11-11T14:01:39","date_gmt":"2008-11-11T12:01:39","guid":{"rendered":"http:\/\/subaru.preproduccion.com\/blog\/wp-content\/2008\/11\/11\/historia-subaru-pantalla-8\/"},"modified":"2016-10-17T15:08:58","modified_gmt":"2016-10-17T13:08:58","slug":"historia-subaru-pantalla-8","status":"publish","type":"post","link":"https:\/\/www.subaru.es\/blog\/nuestra-marca\/historia-subaru-pantalla-8\/","title":{"rendered":"La historia de Subaru a trav\u00e9s de la pantalla (y 8)"},"content":{"rendered":"<p><center><img decoding=\"async\" data-src=\"https:\/\/www.subaru.es\/blog\/wp-content\/uploads\/2008\/09\/subarucineframe.jpg\" src=\"data:image\/svg+xml;base64,PHN2ZyB3aWR0aD0iMSIgaGVpZ2h0PSIxIiB4bWxucz0iaHR0cDovL3d3dy53My5vcmcvMjAwMC9zdmciPjwvc3ZnPg==\" class=\"lazyload\" style=\"--smush-placeholder-width: 460px; --smush-placeholder-aspect-ratio: 460\/397;\"><\/center><\/p>\n<p>Con la entrega de hoy damos por finalizada esta peque\u00f1a saga cinematogr\u00e1fica, en la que hemos querido mostrar a Subaru en los medios. Qu\u00e9 hace que un director piense en un Subaru para que lo conduzca su personaje, o cu\u00e1l ha sido la evoluci\u00f3n de la marca vista a trav\u00e9s de la gran pantalla. Espero que os haya gustado.<\/p>\n<p>En este \u00faltimo volantazo, dem\u00e1s de hacernos cargo de los modelos m\u00e1s recientes y mencionar productos televisivos varios, como ver\u00e9is, terminar\u00e9 con una galer\u00eda de los modelos m\u00e1s desconocidos de Subaru, o que tuvieron s\u00f3lo ediciones limitadas en Jap\u00f3n, que se nos quedaban en el tintero. Recordad que al pulsar sobre el t\u00edtulo de cada pel\u00edcula podemos ver una imagen de la aparici\u00f3n a la que se hace menci\u00f3n.<\/p>\n<p><strong>Subaru Tribeca<\/strong><\/p>\n<p><center><a href='https:\/\/www.subaru.es\/blog\/wp-content\/uploads\/2008\/10\/elinternado.jpg' title='elinternado.jpg'><img data-src='https:\/\/www.subaru.es\/blog\/wp-content\/uploads\/2008\/10\/elinternado.jpg' width=\"470\" src=\"data:image\/svg+xml;base64,PHN2ZyB3aWR0aD0iMSIgaGVpZ2h0PSIxIiB4bWxucz0iaHR0cDovL3d3dy53My5vcmcvMjAwMC9zdmciPjwvc3ZnPg==\" class=\"lazyload\" style=\"--smush-placeholder-width: 640px; --smush-placeholder-aspect-ratio: 640\/480;\" \/><\/a><\/center><\/p>\n<p>Curiosamente, el SUV-utilitario m\u00e1s reciente de Subaru, perfectamente instalado en el mercado espa\u00f1ol, se ha paseado por unas cuantas producciones patrias. Sin ir m\u00e1s lejos, la imagen que ten\u00e9is aqu\u00ed encima pertenece a una escena de la exitosa teleserie <em>El Internado<\/em>. Es el coche particular de H\u00e9ctor, uno de los personajes principales, interpretado por Luis Merlo. Y tambi\u00e9n hace bastantes apariciones en otras series muy nuestras como <em><a href=\"http:\/\/www.imcdb.org\/images\/157\/407.jpg\">Los simuladores<\/a><\/em> o la polic\u00edaca, y en emisi\u00f3n, <em><a href=\"http:\/\/www.imcdb.org\/images\/159\/932.jpg\">Cuentra atr\u00e1s<\/a><\/em>. Es decir, que en la ficci\u00f3n televisiva de nuestro pa\u00eds se tiene muy en cuenta a este modelo, como ejemplo de utilitario perfectamente asentado en la sociedad espa\u00f1ola. Un papel importante cumple tambi\u00e9n en la comedia <em><a href=\"http:\/\/www.imcdb.org\/images\/111\/926.jpg\">\u00abThe Foursome\u00bb<\/a><\/em>, y como curiosidad diremos que aparece tambi\u00e9n como un dibujo animado en <em><a href=\"http:\/\/www.imcdb.org\/images\/067\/811.jpg\">Padre de familia<\/a><\/em>, aunque esta vez s\u00f3lo aparcado. Pero cuando alguien ha decidido dibujar un Subaru Tribeca y no otro, no es una aparici\u00f3n casual.<\/p>\n<p><strong>Otros modelos<\/strong><\/p>\n<p><center><a href='https:\/\/www.subaru.es\/blog\/wp-content\/uploads\/2008\/10\/godzilla.jpg' title='godzilla.jpg'><img data-src='https:\/\/www.subaru.es\/blog\/wp-content\/uploads\/2008\/10\/godzilla.jpg' width=\"470\" src=\"data:image\/svg+xml;base64,PHN2ZyB3aWR0aD0iMSIgaGVpZ2h0PSIxIiB4bWxucz0iaHR0cDovL3d3dy53My5vcmcvMjAwMC9zdmciPjwvc3ZnPg==\" class=\"lazyload\" style=\"--smush-placeholder-width: 712px; --smush-placeholder-aspect-ratio: 712\/390;\" \/><\/a><\/center><\/p>\n<p>No quer\u00eda dejar pasar la oportunidad de mostraros el fotograma de aqu\u00ed encima: un Subaru en primer plano huyendo de Godzilla, que arrasa Tokio. Dos iconos de la cultura japonesa en una misma postal. Est\u00e1 sacada de una versi\u00f3n de 1994 de la saga, y el modelo, exclusivo en el pa\u00eds del sol naciente, era el Subaru Rex, fabricado entre 1972 y 1992. Con total claridad se ve tambi\u00e9n a este mismo modelo, en un primer\u00edsimo plano, en la magn\u00edfica pel\u00edcula americana de animaci\u00f3n para adolescentes <em><a href=\"http:\/\/www.imcdb.org\/images\/053\/125.jpg\">\u00abMonster house\u00bb<\/a><\/em>, o en plena acci\u00f3n en <em><a href=\"http:\/\/www.imcdb.org\/images\/031\/622.jpg\">\u00abBoiling point\u00bb<\/a><\/em>, la obra maestra de Takeshi Kitano.<\/p>\n<p>Su inmediato sucesor en el mercado fue el Subaru Vivio, que una vez m\u00e1s podemos conducir en <em><a href=\"http:\/\/www.igcd.net\/images\/002\/147.jpg\">Gran Turismo 2<\/a><\/em>, y que era el protagonista absoluto de la serie de animaci\u00f3n manga <em>\u00abRaki suta (Lucky star)\u00bb<\/em>, producto muy conocido entre los aficcionados al g\u00e9nero (ver imagen de abajo). Estos modelos aparecen tambi\u00e9n en muchas otras pel\u00edculas japonesas, pero muchas, ya que es un utilitario para la gran ciudad muy extendido en Jap\u00f3n, pero evitar\u00e9 dar m\u00e1s t\u00edtulos porque en occidente nos suenan a&#8230; japon\u00e9s.<\/p>\n<p>Una miniv\u00e1n Subaru Libero (tambi\u00e9n conocida, dependiendo del mercado, como Subaru Sumo, Subaru Domingo o Subaru Columbuss; fabricada de 1983 a 1998) es con la que hac\u00eda volteretas Jackie Chan en <em><a href=\"http:\/\/www.imcdb.org\/images\/059\/385.jpg\">\u00abRobin B. Hood\u00bb<\/a><\/em>, el mismo modelo que vemos con m\u00e1s nitidez y durante todo el metraje de <em><a href=\"http:\/\/www.imcdb.org\/images\/117\/230.jpg\">\u00abAdam&#8217;s apple\u00bb<\/a><\/em>.<\/p>\n<p><center><a href='https:\/\/www.subaru.es\/blog\/wp-content\/uploads\/2008\/10\/rakisuta.jpg' title='rakisuta.jpg'><img data-src='https:\/\/www.subaru.es\/blog\/wp-content\/uploads\/2008\/10\/rakisuta.jpg' width=\"470\" src=\"data:image\/svg+xml;base64,PHN2ZyB3aWR0aD0iMSIgaGVpZ2h0PSIxIiB4bWxucz0iaHR0cDovL3d3dy53My5vcmcvMjAwMC9zdmciPjwvc3ZnPg==\" class=\"lazyload\" style=\"--smush-placeholder-width: 700px; --smush-placeholder-aspect-ratio: 700\/394;\" \/><\/a><\/center><\/p>\n<p>Nota final: La mayor\u00eda de la informaci\u00f3n de esta serie de art\u00edculos, as\u00ed como casi todas las im\u00e1genes, han sido extra\u00eddas de <a href=\"http:\/\/www.imcdb.org\/\">Internet Movie Car DataBase<\/a> y de <a href=\"http:\/\/www.igcd.net\/\">Internet Games Car DataBase<\/a>.<\/p>\n","protected":false},"excerpt":{"rendered":"<p>Con la entrega de hoy damos por finalizada esta peque\u00f1a saga cinematogr\u00e1fica, en la que hemos querido mostrar a Subaru en los medios. Qu\u00e9 hace que un director piense en un Subaru para que lo conduzca su personaje, o cu\u00e1l ha sido la evoluci\u00f3n de la marca vista a trav\u00e9s de la gran pantalla. Espero [&hellip;]<\/p>\n","protected":false},"author":21,"featured_media":1609,"comment_status":"open","ping_status":"open","sticky":false,"template":"","format":"standard","meta":{"_acf_changed":false,"_eb_attr":"","inline_featured_image":false,"footnotes":""},"categories":[4401],"tags":[],"class_list":["post-1608","post","type-post","status-publish","format-standard","has-post-thumbnail","hentry","category-nuestra-marca"],"acf":[],"yoast_head":"<!-- This site is optimized with the Yoast SEO plugin v27.3 - https:\/\/yoast.com\/product\/yoast-seo-wordpress\/ -->\n<title>La historia de Subaru a trav\u00e9s de la pantalla (y 8) - Universo Subaru<\/title>\n<meta name=\"robots\" content=\"index, follow, max-snippet:-1, max-image-preview:large, max-video-preview:-1\" \/>\n<link rel=\"canonical\" href=\"https:\/\/www.subaru.es\/blog\/nuestra-marca\/historia-subaru-pantalla-8\/\" \/>\n<meta property=\"og:locale\" content=\"es_ES\" \/>\n<meta property=\"og:type\" content=\"article\" \/>\n<meta property=\"og:title\" content=\"La historia de Subaru a trav\u00e9s de la pantalla (y 8) - Universo Subaru\" \/>\n<meta property=\"og:description\" content=\"Con la entrega de hoy damos por finalizada esta peque\u00f1a saga cinematogr\u00e1fica, en la que hemos querido mostrar a Subaru en los medios. Qu\u00e9 hace que un director piense en un Subaru para que lo conduzca su personaje, o cu\u00e1l ha sido la evoluci\u00f3n de la marca vista a trav\u00e9s de la gran pantalla. Espero [&hellip;]\" \/>\n<meta property=\"og:url\" content=\"https:\/\/www.subaru.es\/blog\/nuestra-marca\/historia-subaru-pantalla-8\/\" \/>\n<meta property=\"og:site_name\" content=\"Universo Subaru\" \/>\n<meta property=\"article:publisher\" content=\"https:\/\/www.facebook.com\/subaruespana\" \/>\n<meta property=\"article:published_time\" content=\"2008-11-11T12:01:39+00:00\" \/>\n<meta property=\"article:modified_time\" content=\"2016-10-17T13:08:58+00:00\" \/>\n<meta property=\"og:image\" content=\"https:\/\/www.subaru.es\/blog\/wp-content\/uploads\/2008\/10\/elinternado.jpg\" \/>\n\t<meta property=\"og:image:width\" content=\"640\" \/>\n\t<meta property=\"og:image:height\" content=\"480\" \/>\n\t<meta property=\"og:image:type\" content=\"image\/jpeg\" \/>\n<meta name=\"author\" content=\"Subaru\" \/>\n<meta name=\"twitter:card\" content=\"summary_large_image\" \/>\n<meta name=\"twitter:label1\" content=\"Escrito por\" \/>\n\t<meta name=\"twitter:data1\" content=\"Subaru\" \/>\n\t<meta name=\"twitter:label2\" content=\"Tiempo de lectura\" \/>\n\t<meta name=\"twitter:data2\" content=\"3 minutos\" \/>\n<script type=\"application\/ld+json\" class=\"yoast-schema-graph\">{\"@context\":\"https:\\\/\\\/schema.org\",\"@graph\":[{\"@type\":\"Article\",\"@id\":\"https:\\\/\\\/www.subaru.es\\\/blog\\\/nuestra-marca\\\/historia-subaru-pantalla-8\\\/#article\",\"isPartOf\":{\"@id\":\"https:\\\/\\\/www.subaru.es\\\/blog\\\/nuestra-marca\\\/historia-subaru-pantalla-8\\\/\"},\"author\":{\"name\":\"Subaru\",\"@id\":\"https:\\\/\\\/www.subaru.es\\\/blog\\\/#\\\/schema\\\/person\\\/19a90b892230b8e0ec752704ddf4aa10\"},\"headline\":\"La historia de Subaru a trav\u00e9s de la pantalla (y 8)\",\"datePublished\":\"2008-11-11T12:01:39+00:00\",\"dateModified\":\"2016-10-17T13:08:58+00:00\",\"mainEntityOfPage\":{\"@id\":\"https:\\\/\\\/www.subaru.es\\\/blog\\\/nuestra-marca\\\/historia-subaru-pantalla-8\\\/\"},\"wordCount\":615,\"commentCount\":1,\"publisher\":{\"@id\":\"https:\\\/\\\/www.subaru.es\\\/blog\\\/#organization\"},\"image\":{\"@id\":\"https:\\\/\\\/www.subaru.es\\\/blog\\\/nuestra-marca\\\/historia-subaru-pantalla-8\\\/#primaryimage\"},\"thumbnailUrl\":\"https:\\\/\\\/www.subaru.es\\\/blog\\\/wp-content\\\/uploads\\\/2008\\\/10\\\/elinternado.jpg\",\"articleSection\":[\"Nuestra marca\"],\"inLanguage\":\"es\",\"potentialAction\":[{\"@type\":\"CommentAction\",\"name\":\"Comment\",\"target\":[\"https:\\\/\\\/www.subaru.es\\\/blog\\\/nuestra-marca\\\/historia-subaru-pantalla-8\\\/#respond\"]}]},{\"@type\":\"WebPage\",\"@id\":\"https:\\\/\\\/www.subaru.es\\\/blog\\\/nuestra-marca\\\/historia-subaru-pantalla-8\\\/\",\"url\":\"https:\\\/\\\/www.subaru.es\\\/blog\\\/nuestra-marca\\\/historia-subaru-pantalla-8\\\/\",\"name\":\"La historia de Subaru a trav\u00e9s de la pantalla (y 8) - Universo Subaru\",\"isPartOf\":{\"@id\":\"https:\\\/\\\/www.subaru.es\\\/blog\\\/#website\"},\"primaryImageOfPage\":{\"@id\":\"https:\\\/\\\/www.subaru.es\\\/blog\\\/nuestra-marca\\\/historia-subaru-pantalla-8\\\/#primaryimage\"},\"image\":{\"@id\":\"https:\\\/\\\/www.subaru.es\\\/blog\\\/nuestra-marca\\\/historia-subaru-pantalla-8\\\/#primaryimage\"},\"thumbnailUrl\":\"https:\\\/\\\/www.subaru.es\\\/blog\\\/wp-content\\\/uploads\\\/2008\\\/10\\\/elinternado.jpg\",\"datePublished\":\"2008-11-11T12:01:39+00:00\",\"dateModified\":\"2016-10-17T13:08:58+00:00\",\"breadcrumb\":{\"@id\":\"https:\\\/\\\/www.subaru.es\\\/blog\\\/nuestra-marca\\\/historia-subaru-pantalla-8\\\/#breadcrumb\"},\"inLanguage\":\"es\",\"potentialAction\":[{\"@type\":\"ReadAction\",\"target\":[\"https:\\\/\\\/www.subaru.es\\\/blog\\\/nuestra-marca\\\/historia-subaru-pantalla-8\\\/\"]}]},{\"@type\":\"ImageObject\",\"inLanguage\":\"es\",\"@id\":\"https:\\\/\\\/www.subaru.es\\\/blog\\\/nuestra-marca\\\/historia-subaru-pantalla-8\\\/#primaryimage\",\"url\":\"https:\\\/\\\/www.subaru.es\\\/blog\\\/wp-content\\\/uploads\\\/2008\\\/10\\\/elinternado.jpg\",\"contentUrl\":\"https:\\\/\\\/www.subaru.es\\\/blog\\\/wp-content\\\/uploads\\\/2008\\\/10\\\/elinternado.jpg\",\"width\":640,\"height\":480},{\"@type\":\"BreadcrumbList\",\"@id\":\"https:\\\/\\\/www.subaru.es\\\/blog\\\/nuestra-marca\\\/historia-subaru-pantalla-8\\\/#breadcrumb\",\"itemListElement\":[{\"@type\":\"ListItem\",\"position\":1,\"name\":\"Portada\",\"item\":\"https:\\\/\\\/www.subaru.es\\\/blog\\\/\"},{\"@type\":\"ListItem\",\"position\":2,\"name\":\"La historia de Subaru a trav\u00e9s de la pantalla (y 8)\"}]},{\"@type\":\"WebSite\",\"@id\":\"https:\\\/\\\/www.subaru.es\\\/blog\\\/#website\",\"url\":\"https:\\\/\\\/www.subaru.es\\\/blog\\\/\",\"name\":\"Universo Subaru\",\"description\":\"Descubre este apasionante espacio de Subaru donde vas a conocer todo sobre nuestros coches y las experiencias que vivimos con ellos. Si est\u00e1s preparado para dejarte seducir por la filosof\u00eda Subaru, qu\u00e9date con nosotros.\",\"publisher\":{\"@id\":\"https:\\\/\\\/www.subaru.es\\\/blog\\\/#organization\"},\"potentialAction\":[{\"@type\":\"SearchAction\",\"target\":{\"@type\":\"EntryPoint\",\"urlTemplate\":\"https:\\\/\\\/www.subaru.es\\\/blog\\\/?s={search_term_string}\"},\"query-input\":{\"@type\":\"PropertyValueSpecification\",\"valueRequired\":true,\"valueName\":\"search_term_string\"}}],\"inLanguage\":\"es\"},{\"@type\":\"Organization\",\"@id\":\"https:\\\/\\\/www.subaru.es\\\/blog\\\/#organization\",\"name\":\"Subaru Espa\u00f1a S.A.\",\"url\":\"https:\\\/\\\/www.subaru.es\\\/blog\\\/\",\"logo\":{\"@type\":\"ImageObject\",\"inLanguage\":\"es\",\"@id\":\"https:\\\/\\\/www.subaru.es\\\/blog\\\/#\\\/schema\\\/logo\\\/image\\\/\",\"url\":\"https:\\\/\\\/www.subaru.es\\\/blog\\\/wp-content\\\/uploads\\\/2016\\\/12\\\/Logo-Subaru-TypeV_C300-scaled.jpg\",\"contentUrl\":\"https:\\\/\\\/www.subaru.es\\\/blog\\\/wp-content\\\/uploads\\\/2016\\\/12\\\/Logo-Subaru-TypeV_C300-scaled.jpg\",\"width\":2560,\"height\":1864,\"caption\":\"Subaru Espa\u00f1a S.A.\"},\"image\":{\"@id\":\"https:\\\/\\\/www.subaru.es\\\/blog\\\/#\\\/schema\\\/logo\\\/image\\\/\"},\"sameAs\":[\"https:\\\/\\\/www.facebook.com\\\/subaruespana\",\"https:\\\/\\\/www.instagram.com\\\/subarues\\\/\",\"https:\\\/\\\/www.youtube.com\\\/user\\\/subaruespana\"]},{\"@type\":\"Person\",\"@id\":\"https:\\\/\\\/www.subaru.es\\\/blog\\\/#\\\/schema\\\/person\\\/19a90b892230b8e0ec752704ddf4aa10\",\"name\":\"Subaru\",\"url\":\"https:\\\/\\\/www.subaru.es\\\/blog\\\/author\\\/subaria\\\/\"}]}<\/script>\n<!-- \/ Yoast SEO plugin. -->","yoast_head_json":{"title":"La historia de Subaru a trav\u00e9s de la pantalla (y 8) - Universo Subaru","robots":{"index":"index","follow":"follow","max-snippet":"max-snippet:-1","max-image-preview":"max-image-preview:large","max-video-preview":"max-video-preview:-1"},"canonical":"https:\/\/www.subaru.es\/blog\/nuestra-marca\/historia-subaru-pantalla-8\/","og_locale":"es_ES","og_type":"article","og_title":"La historia de Subaru a trav\u00e9s de la pantalla (y 8) - Universo Subaru","og_description":"Con la entrega de hoy damos por finalizada esta peque\u00f1a saga cinematogr\u00e1fica, en la que hemos querido mostrar a Subaru en los medios. Qu\u00e9 hace que un director piense en un Subaru para que lo conduzca su personaje, o cu\u00e1l ha sido la evoluci\u00f3n de la marca vista a trav\u00e9s de la gran pantalla. Espero [&hellip;]","og_url":"https:\/\/www.subaru.es\/blog\/nuestra-marca\/historia-subaru-pantalla-8\/","og_site_name":"Universo Subaru","article_publisher":"https:\/\/www.facebook.com\/subaruespana","article_published_time":"2008-11-11T12:01:39+00:00","article_modified_time":"2016-10-17T13:08:58+00:00","og_image":[{"width":640,"height":480,"url":"https:\/\/www.subaru.es\/blog\/wp-content\/uploads\/2008\/10\/elinternado.jpg","type":"image\/jpeg"}],"author":"Subaru","twitter_card":"summary_large_image","twitter_misc":{"Escrito por":"Subaru","Tiempo de lectura":"3 minutos"},"schema":{"@context":"https:\/\/schema.org","@graph":[{"@type":"Article","@id":"https:\/\/www.subaru.es\/blog\/nuestra-marca\/historia-subaru-pantalla-8\/#article","isPartOf":{"@id":"https:\/\/www.subaru.es\/blog\/nuestra-marca\/historia-subaru-pantalla-8\/"},"author":{"name":"Subaru","@id":"https:\/\/www.subaru.es\/blog\/#\/schema\/person\/19a90b892230b8e0ec752704ddf4aa10"},"headline":"La historia de Subaru a trav\u00e9s de la pantalla (y 8)","datePublished":"2008-11-11T12:01:39+00:00","dateModified":"2016-10-17T13:08:58+00:00","mainEntityOfPage":{"@id":"https:\/\/www.subaru.es\/blog\/nuestra-marca\/historia-subaru-pantalla-8\/"},"wordCount":615,"commentCount":1,"publisher":{"@id":"https:\/\/www.subaru.es\/blog\/#organization"},"image":{"@id":"https:\/\/www.subaru.es\/blog\/nuestra-marca\/historia-subaru-pantalla-8\/#primaryimage"},"thumbnailUrl":"https:\/\/www.subaru.es\/blog\/wp-content\/uploads\/2008\/10\/elinternado.jpg","articleSection":["Nuestra marca"],"inLanguage":"es","potentialAction":[{"@type":"CommentAction","name":"Comment","target":["https:\/\/www.subaru.es\/blog\/nuestra-marca\/historia-subaru-pantalla-8\/#respond"]}]},{"@type":"WebPage","@id":"https:\/\/www.subaru.es\/blog\/nuestra-marca\/historia-subaru-pantalla-8\/","url":"https:\/\/www.subaru.es\/blog\/nuestra-marca\/historia-subaru-pantalla-8\/","name":"La historia de Subaru a trav\u00e9s de la pantalla (y 8) - Universo Subaru","isPartOf":{"@id":"https:\/\/www.subaru.es\/blog\/#website"},"primaryImageOfPage":{"@id":"https:\/\/www.subaru.es\/blog\/nuestra-marca\/historia-subaru-pantalla-8\/#primaryimage"},"image":{"@id":"https:\/\/www.subaru.es\/blog\/nuestra-marca\/historia-subaru-pantalla-8\/#primaryimage"},"thumbnailUrl":"https:\/\/www.subaru.es\/blog\/wp-content\/uploads\/2008\/10\/elinternado.jpg","datePublished":"2008-11-11T12:01:39+00:00","dateModified":"2016-10-17T13:08:58+00:00","breadcrumb":{"@id":"https:\/\/www.subaru.es\/blog\/nuestra-marca\/historia-subaru-pantalla-8\/#breadcrumb"},"inLanguage":"es","potentialAction":[{"@type":"ReadAction","target":["https:\/\/www.subaru.es\/blog\/nuestra-marca\/historia-subaru-pantalla-8\/"]}]},{"@type":"ImageObject","inLanguage":"es","@id":"https:\/\/www.subaru.es\/blog\/nuestra-marca\/historia-subaru-pantalla-8\/#primaryimage","url":"https:\/\/www.subaru.es\/blog\/wp-content\/uploads\/2008\/10\/elinternado.jpg","contentUrl":"https:\/\/www.subaru.es\/blog\/wp-content\/uploads\/2008\/10\/elinternado.jpg","width":640,"height":480},{"@type":"BreadcrumbList","@id":"https:\/\/www.subaru.es\/blog\/nuestra-marca\/historia-subaru-pantalla-8\/#breadcrumb","itemListElement":[{"@type":"ListItem","position":1,"name":"Portada","item":"https:\/\/www.subaru.es\/blog\/"},{"@type":"ListItem","position":2,"name":"La historia de Subaru a trav\u00e9s de la pantalla (y 8)"}]},{"@type":"WebSite","@id":"https:\/\/www.subaru.es\/blog\/#website","url":"https:\/\/www.subaru.es\/blog\/","name":"Universo Subaru","description":"Descubre este apasionante espacio de Subaru donde vas a conocer todo sobre nuestros coches y las experiencias que vivimos con ellos. Si est\u00e1s preparado para dejarte seducir por la filosof\u00eda Subaru, qu\u00e9date con nosotros.","publisher":{"@id":"https:\/\/www.subaru.es\/blog\/#organization"},"potentialAction":[{"@type":"SearchAction","target":{"@type":"EntryPoint","urlTemplate":"https:\/\/www.subaru.es\/blog\/?s={search_term_string}"},"query-input":{"@type":"PropertyValueSpecification","valueRequired":true,"valueName":"search_term_string"}}],"inLanguage":"es"},{"@type":"Organization","@id":"https:\/\/www.subaru.es\/blog\/#organization","name":"Subaru Espa\u00f1a S.A.","url":"https:\/\/www.subaru.es\/blog\/","logo":{"@type":"ImageObject","inLanguage":"es","@id":"https:\/\/www.subaru.es\/blog\/#\/schema\/logo\/image\/","url":"https:\/\/www.subaru.es\/blog\/wp-content\/uploads\/2016\/12\/Logo-Subaru-TypeV_C300-scaled.jpg","contentUrl":"https:\/\/www.subaru.es\/blog\/wp-content\/uploads\/2016\/12\/Logo-Subaru-TypeV_C300-scaled.jpg","width":2560,"height":1864,"caption":"Subaru Espa\u00f1a S.A."},"image":{"@id":"https:\/\/www.subaru.es\/blog\/#\/schema\/logo\/image\/"},"sameAs":["https:\/\/www.facebook.com\/subaruespana","https:\/\/www.instagram.com\/subarues\/","https:\/\/www.youtube.com\/user\/subaruespana"]},{"@type":"Person","@id":"https:\/\/www.subaru.es\/blog\/#\/schema\/person\/19a90b892230b8e0ec752704ddf4aa10","name":"Subaru","url":"https:\/\/www.subaru.es\/blog\/author\/subaria\/"}]}},"_links":{"self":[{"href":"https:\/\/www.subaru.es\/blog\/wp-json\/wp\/v2\/posts\/1608","targetHints":{"allow":["GET"]}}],"collection":[{"href":"https:\/\/www.subaru.es\/blog\/wp-json\/wp\/v2\/posts"}],"about":[{"href":"https:\/\/www.subaru.es\/blog\/wp-json\/wp\/v2\/types\/post"}],"author":[{"embeddable":true,"href":"https:\/\/www.subaru.es\/blog\/wp-json\/wp\/v2\/users\/21"}],"replies":[{"embeddable":true,"href":"https:\/\/www.subaru.es\/blog\/wp-json\/wp\/v2\/comments?post=1608"}],"version-history":[{"count":1,"href":"https:\/\/www.subaru.es\/blog\/wp-json\/wp\/v2\/posts\/1608\/revisions"}],"predecessor-version":[{"id":15330,"href":"https:\/\/www.subaru.es\/blog\/wp-json\/wp\/v2\/posts\/1608\/revisions\/15330"}],"wp:featuredmedia":[{"embeddable":true,"href":"https:\/\/www.subaru.es\/blog\/wp-json\/wp\/v2\/media\/1609"}],"wp:attachment":[{"href":"https:\/\/www.subaru.es\/blog\/wp-json\/wp\/v2\/media?parent=1608"}],"wp:term":[{"taxonomy":"category","embeddable":true,"href":"https:\/\/www.subaru.es\/blog\/wp-json\/wp\/v2\/categories?post=1608"},{"taxonomy":"post_tag","embeddable":true,"href":"https:\/\/www.subaru.es\/blog\/wp-json\/wp\/v2\/tags?post=1608"}],"curies":[{"name":"wp","href":"https:\/\/api.w.org\/{rel}","templated":true}]}}