{"id":1603,"date":"2008-11-04T19:21:32","date_gmt":"2008-11-04T17:21:32","guid":{"rendered":"http:\/\/subaru.preproduccion.com\/blog\/wp-content\/2008\/11\/04\/el-entrenamiento-secreto-de-solberg-en-vizcaya\/"},"modified":"2016-10-17T15:08:59","modified_gmt":"2016-10-17T13:08:59","slug":"el-entrenamiento-secreto-de-solberg-en-vizcaya","status":"publish","type":"post","link":"https:\/\/www.subaru.es\/blog\/nuestra-marca\/el-entrenamiento-secreto-de-solberg-en-vizcaya\/","title":{"rendered":"El entrenamiento secreto de Solberg en Vizcaya"},"content":{"rendered":"<p><a href='https:\/\/www.subaru.es\/blog\/wp-content\/uploads\/2008\/10\/solbergurdaibai.jpg' title='solbergurdaibai.jpg'><img data-src='https:\/\/www.subaru.es\/blog\/wp-content\/uploads\/2008\/10\/solbergurdaibai.jpg' width=\"470\" src=\"data:image\/svg+xml;base64,PHN2ZyB3aWR0aD0iMSIgaGVpZ2h0PSIxIiB4bWxucz0iaHR0cDovL3d3dy53My5vcmcvMjAwMC9zdmciPjwvc3ZnPg==\" class=\"lazyload\" style=\"--smush-placeholder-width: 591px; --smush-placeholder-aspect-ratio: 591\/394;\" \/><\/a><\/p>\n<p>Como apuntaba un lector recientemente, <strong>nuestro campe\u00f3n Petter Solberg ha elegido el norte de Vizcaya, concretamente el paradis\u00edaco estuario de Urdaibai<\/strong>, cerca de <strong>Gernika<\/strong>, para poner a punto su Impreza y hacer kil\u00f3metros sobre el agreste paraje de esta Reserva de la Biosfera, que por temperatura y humedad se asemejan a las pr\u00f3ximas citas de Jap\u00f3n y Reino Unido.<\/p>\n<p>En un principio la visita de Solberg y el Subaru Rally Team pretend\u00eda servir como un <strong>fugaz entrenamiento secreto<\/strong>, pero dada la fama del piloto noruego y la talla de un equipo mundial de rallies como Subaru, pronto se corri\u00f3 la voz y no fueron pocos los aficionados que trataron de acercarse hasta el lugar en el que estaba teniendo a cabo la bater\u00eda de pruebas y las carreras de entreno.<\/p>\n<p><em>\u00abHemos querido probar las suspensiones del coche en un terreno similar al que se encontraremos en las pr\u00f3ximas pruebas de Jap\u00f3n y Reino Unido\u00bb<\/em>, fueron declaraciones de fuentes pr\u00f3ximas a Subaru para <a href=\"http:\/\/www.elcorreodigital.com\/vizcaya\/20081015\/deportes\/mas-deporte\/motores-reserva-20081015.html\">El Correo<\/a>, donde encontramos la noticia y donde <a href=\"http:\/\/www.elcorreodigital.com\/vizcaya\/multimedia\/fotos\/22172.html\">pod\u00e9is ver m\u00e1s fotos<\/a> de este entrenamiento \u00absecreto\u00bb en nuestras tierras.<\/p>\n","protected":false},"excerpt":{"rendered":"<p>Como apuntaba un lector recientemente, nuestro campe\u00f3n Petter Solberg ha elegido el norte de Vizcaya, concretamente el paradis\u00edaco estuario de Urdaibai, cerca de Gernika, para poner a punto su Impreza y hacer kil\u00f3metros sobre el agreste paraje de esta Reserva de la Biosfera, que por temperatura y humedad se asemejan a las pr\u00f3ximas citas de [&hellip;]<\/p>\n","protected":false},"author":21,"featured_media":1602,"comment_status":"open","ping_status":"open","sticky":false,"template":"","format":"standard","meta":{"_acf_changed":false,"_eb_attr":"","inline_featured_image":false,"footnotes":""},"categories":[4401],"tags":[112,4390,1353],"class_list":["post-1603","post","type-post","status-publish","format-standard","has-post-thumbnail","hentry","category-nuestra-marca","tag-solberg","tag-subaru","tag-vizcaya"],"acf":[],"yoast_head":"<!-- This site is optimized with the Yoast SEO plugin v27.3 - https:\/\/yoast.com\/product\/yoast-seo-wordpress\/ -->\n<title>El entrenamiento secreto de Solberg en Vizcaya - Universo Subaru<\/title>\n<meta name=\"robots\" content=\"index, follow, max-snippet:-1, max-image-preview:large, max-video-preview:-1\" \/>\n<link rel=\"canonical\" href=\"https:\/\/www.subaru.es\/blog\/nuestra-marca\/el-entrenamiento-secreto-de-solberg-en-vizcaya\/\" \/>\n<meta property=\"og:locale\" content=\"es_ES\" \/>\n<meta property=\"og:type\" content=\"article\" \/>\n<meta property=\"og:title\" content=\"El entrenamiento secreto de Solberg en Vizcaya - Universo Subaru\" \/>\n<meta property=\"og:description\" content=\"Como apuntaba un lector recientemente, nuestro campe\u00f3n Petter Solberg ha elegido el norte de Vizcaya, concretamente el paradis\u00edaco estuario de Urdaibai, cerca de Gernika, para poner a punto su Impreza y hacer kil\u00f3metros sobre el agreste paraje de esta Reserva de la Biosfera, que por temperatura y humedad se asemejan a las pr\u00f3ximas citas de [&hellip;]\" \/>\n<meta property=\"og:url\" content=\"https:\/\/www.subaru.es\/blog\/nuestra-marca\/el-entrenamiento-secreto-de-solberg-en-vizcaya\/\" \/>\n<meta property=\"og:site_name\" content=\"Universo Subaru\" \/>\n<meta property=\"article:publisher\" content=\"https:\/\/www.facebook.com\/subaruespana\" \/>\n<meta property=\"article:published_time\" content=\"2008-11-04T17:21:32+00:00\" \/>\n<meta property=\"article:modified_time\" content=\"2016-10-17T13:08:59+00:00\" \/>\n<meta property=\"og:image\" content=\"https:\/\/www.subaru.es\/blog\/wp-content\/uploads\/2008\/10\/solbergurdaibai.jpg\" \/>\n\t<meta property=\"og:image:width\" content=\"591\" \/>\n\t<meta property=\"og:image:height\" content=\"394\" \/>\n\t<meta property=\"og:image:type\" content=\"image\/jpeg\" \/>\n<meta name=\"author\" content=\"Subaru\" \/>\n<meta name=\"twitter:card\" content=\"summary_large_image\" \/>\n<meta name=\"twitter:label1\" content=\"Escrito por\" \/>\n\t<meta name=\"twitter:data1\" content=\"Subaru\" \/>\n\t<meta name=\"twitter:label2\" content=\"Tiempo de lectura\" \/>\n\t<meta name=\"twitter:data2\" content=\"1 minuto\" \/>\n<script type=\"application\/ld+json\" class=\"yoast-schema-graph\">{\"@context\":\"https:\\\/\\\/schema.org\",\"@graph\":[{\"@type\":\"Article\",\"@id\":\"https:\\\/\\\/www.subaru.es\\\/blog\\\/nuestra-marca\\\/el-entrenamiento-secreto-de-solberg-en-vizcaya\\\/#article\",\"isPartOf\":{\"@id\":\"https:\\\/\\\/www.subaru.es\\\/blog\\\/nuestra-marca\\\/el-entrenamiento-secreto-de-solberg-en-vizcaya\\\/\"},\"author\":{\"name\":\"Subaru\",\"@id\":\"https:\\\/\\\/www.subaru.es\\\/blog\\\/#\\\/schema\\\/person\\\/19a90b892230b8e0ec752704ddf4aa10\"},\"headline\":\"El entrenamiento secreto de Solberg en Vizcaya\",\"datePublished\":\"2008-11-04T17:21:32+00:00\",\"dateModified\":\"2016-10-17T13:08:59+00:00\",\"mainEntityOfPage\":{\"@id\":\"https:\\\/\\\/www.subaru.es\\\/blog\\\/nuestra-marca\\\/el-entrenamiento-secreto-de-solberg-en-vizcaya\\\/\"},\"wordCount\":200,\"commentCount\":0,\"publisher\":{\"@id\":\"https:\\\/\\\/www.subaru.es\\\/blog\\\/#organization\"},\"image\":{\"@id\":\"https:\\\/\\\/www.subaru.es\\\/blog\\\/nuestra-marca\\\/el-entrenamiento-secreto-de-solberg-en-vizcaya\\\/#primaryimage\"},\"thumbnailUrl\":\"https:\\\/\\\/www.subaru.es\\\/blog\\\/wp-content\\\/uploads\\\/2008\\\/10\\\/solbergurdaibai.jpg\",\"keywords\":[\"solberg\",\"Subaru\",\"vizcaya\"],\"articleSection\":[\"Nuestra marca\"],\"inLanguage\":\"es\",\"potentialAction\":[{\"@type\":\"CommentAction\",\"name\":\"Comment\",\"target\":[\"https:\\\/\\\/www.subaru.es\\\/blog\\\/nuestra-marca\\\/el-entrenamiento-secreto-de-solberg-en-vizcaya\\\/#respond\"]}]},{\"@type\":\"WebPage\",\"@id\":\"https:\\\/\\\/www.subaru.es\\\/blog\\\/nuestra-marca\\\/el-entrenamiento-secreto-de-solberg-en-vizcaya\\\/\",\"url\":\"https:\\\/\\\/www.subaru.es\\\/blog\\\/nuestra-marca\\\/el-entrenamiento-secreto-de-solberg-en-vizcaya\\\/\",\"name\":\"El entrenamiento secreto de Solberg en Vizcaya - Universo Subaru\",\"isPartOf\":{\"@id\":\"https:\\\/\\\/www.subaru.es\\\/blog\\\/#website\"},\"primaryImageOfPage\":{\"@id\":\"https:\\\/\\\/www.subaru.es\\\/blog\\\/nuestra-marca\\\/el-entrenamiento-secreto-de-solberg-en-vizcaya\\\/#primaryimage\"},\"image\":{\"@id\":\"https:\\\/\\\/www.subaru.es\\\/blog\\\/nuestra-marca\\\/el-entrenamiento-secreto-de-solberg-en-vizcaya\\\/#primaryimage\"},\"thumbnailUrl\":\"https:\\\/\\\/www.subaru.es\\\/blog\\\/wp-content\\\/uploads\\\/2008\\\/10\\\/solbergurdaibai.jpg\",\"datePublished\":\"2008-11-04T17:21:32+00:00\",\"dateModified\":\"2016-10-17T13:08:59+00:00\",\"breadcrumb\":{\"@id\":\"https:\\\/\\\/www.subaru.es\\\/blog\\\/nuestra-marca\\\/el-entrenamiento-secreto-de-solberg-en-vizcaya\\\/#breadcrumb\"},\"inLanguage\":\"es\",\"potentialAction\":[{\"@type\":\"ReadAction\",\"target\":[\"https:\\\/\\\/www.subaru.es\\\/blog\\\/nuestra-marca\\\/el-entrenamiento-secreto-de-solberg-en-vizcaya\\\/\"]}]},{\"@type\":\"ImageObject\",\"inLanguage\":\"es\",\"@id\":\"https:\\\/\\\/www.subaru.es\\\/blog\\\/nuestra-marca\\\/el-entrenamiento-secreto-de-solberg-en-vizcaya\\\/#primaryimage\",\"url\":\"https:\\\/\\\/www.subaru.es\\\/blog\\\/wp-content\\\/uploads\\\/2008\\\/10\\\/solbergurdaibai.jpg\",\"contentUrl\":\"https:\\\/\\\/www.subaru.es\\\/blog\\\/wp-content\\\/uploads\\\/2008\\\/10\\\/solbergurdaibai.jpg\",\"width\":591,\"height\":394},{\"@type\":\"BreadcrumbList\",\"@id\":\"https:\\\/\\\/www.subaru.es\\\/blog\\\/nuestra-marca\\\/el-entrenamiento-secreto-de-solberg-en-vizcaya\\\/#breadcrumb\",\"itemListElement\":[{\"@type\":\"ListItem\",\"position\":1,\"name\":\"Portada\",\"item\":\"https:\\\/\\\/www.subaru.es\\\/blog\\\/\"},{\"@type\":\"ListItem\",\"position\":2,\"name\":\"El entrenamiento secreto de Solberg en Vizcaya\"}]},{\"@type\":\"WebSite\",\"@id\":\"https:\\\/\\\/www.subaru.es\\\/blog\\\/#website\",\"url\":\"https:\\\/\\\/www.subaru.es\\\/blog\\\/\",\"name\":\"Universo Subaru\",\"description\":\"Descubre este apasionante espacio de Subaru donde vas a conocer todo sobre nuestros coches y las experiencias que vivimos con ellos. Si est\u00e1s preparado para dejarte seducir por la filosof\u00eda Subaru, qu\u00e9date con nosotros.\",\"publisher\":{\"@id\":\"https:\\\/\\\/www.subaru.es\\\/blog\\\/#organization\"},\"potentialAction\":[{\"@type\":\"SearchAction\",\"target\":{\"@type\":\"EntryPoint\",\"urlTemplate\":\"https:\\\/\\\/www.subaru.es\\\/blog\\\/?s={search_term_string}\"},\"query-input\":{\"@type\":\"PropertyValueSpecification\",\"valueRequired\":true,\"valueName\":\"search_term_string\"}}],\"inLanguage\":\"es\"},{\"@type\":\"Organization\",\"@id\":\"https:\\\/\\\/www.subaru.es\\\/blog\\\/#organization\",\"name\":\"Subaru Espa\u00f1a S.A.\",\"url\":\"https:\\\/\\\/www.subaru.es\\\/blog\\\/\",\"logo\":{\"@type\":\"ImageObject\",\"inLanguage\":\"es\",\"@id\":\"https:\\\/\\\/www.subaru.es\\\/blog\\\/#\\\/schema\\\/logo\\\/image\\\/\",\"url\":\"https:\\\/\\\/www.subaru.es\\\/blog\\\/wp-content\\\/uploads\\\/2016\\\/12\\\/Logo-Subaru-TypeV_C300-scaled.jpg\",\"contentUrl\":\"https:\\\/\\\/www.subaru.es\\\/blog\\\/wp-content\\\/uploads\\\/2016\\\/12\\\/Logo-Subaru-TypeV_C300-scaled.jpg\",\"width\":2560,\"height\":1864,\"caption\":\"Subaru Espa\u00f1a S.A.\"},\"image\":{\"@id\":\"https:\\\/\\\/www.subaru.es\\\/blog\\\/#\\\/schema\\\/logo\\\/image\\\/\"},\"sameAs\":[\"https:\\\/\\\/www.facebook.com\\\/subaruespana\",\"https:\\\/\\\/www.instagram.com\\\/subarues\\\/\",\"https:\\\/\\\/www.youtube.com\\\/user\\\/subaruespana\"]},{\"@type\":\"Person\",\"@id\":\"https:\\\/\\\/www.subaru.es\\\/blog\\\/#\\\/schema\\\/person\\\/19a90b892230b8e0ec752704ddf4aa10\",\"name\":\"Subaru\",\"url\":\"https:\\\/\\\/www.subaru.es\\\/blog\\\/author\\\/subaria\\\/\"}]}<\/script>\n<!-- \/ Yoast SEO plugin. -->","yoast_head_json":{"title":"El entrenamiento secreto de Solberg en Vizcaya - Universo Subaru","robots":{"index":"index","follow":"follow","max-snippet":"max-snippet:-1","max-image-preview":"max-image-preview:large","max-video-preview":"max-video-preview:-1"},"canonical":"https:\/\/www.subaru.es\/blog\/nuestra-marca\/el-entrenamiento-secreto-de-solberg-en-vizcaya\/","og_locale":"es_ES","og_type":"article","og_title":"El entrenamiento secreto de Solberg en Vizcaya - Universo Subaru","og_description":"Como apuntaba un lector recientemente, nuestro campe\u00f3n Petter Solberg ha elegido el norte de Vizcaya, concretamente el paradis\u00edaco estuario de Urdaibai, cerca de Gernika, para poner a punto su Impreza y hacer kil\u00f3metros sobre el agreste paraje de esta Reserva de la Biosfera, que por temperatura y humedad se asemejan a las pr\u00f3ximas citas de [&hellip;]","og_url":"https:\/\/www.subaru.es\/blog\/nuestra-marca\/el-entrenamiento-secreto-de-solberg-en-vizcaya\/","og_site_name":"Universo Subaru","article_publisher":"https:\/\/www.facebook.com\/subaruespana","article_published_time":"2008-11-04T17:21:32+00:00","article_modified_time":"2016-10-17T13:08:59+00:00","og_image":[{"width":591,"height":394,"url":"https:\/\/www.subaru.es\/blog\/wp-content\/uploads\/2008\/10\/solbergurdaibai.jpg","type":"image\/jpeg"}],"author":"Subaru","twitter_card":"summary_large_image","twitter_misc":{"Escrito por":"Subaru","Tiempo de lectura":"1 minuto"},"schema":{"@context":"https:\/\/schema.org","@graph":[{"@type":"Article","@id":"https:\/\/www.subaru.es\/blog\/nuestra-marca\/el-entrenamiento-secreto-de-solberg-en-vizcaya\/#article","isPartOf":{"@id":"https:\/\/www.subaru.es\/blog\/nuestra-marca\/el-entrenamiento-secreto-de-solberg-en-vizcaya\/"},"author":{"name":"Subaru","@id":"https:\/\/www.subaru.es\/blog\/#\/schema\/person\/19a90b892230b8e0ec752704ddf4aa10"},"headline":"El entrenamiento secreto de Solberg en Vizcaya","datePublished":"2008-11-04T17:21:32+00:00","dateModified":"2016-10-17T13:08:59+00:00","mainEntityOfPage":{"@id":"https:\/\/www.subaru.es\/blog\/nuestra-marca\/el-entrenamiento-secreto-de-solberg-en-vizcaya\/"},"wordCount":200,"commentCount":0,"publisher":{"@id":"https:\/\/www.subaru.es\/blog\/#organization"},"image":{"@id":"https:\/\/www.subaru.es\/blog\/nuestra-marca\/el-entrenamiento-secreto-de-solberg-en-vizcaya\/#primaryimage"},"thumbnailUrl":"https:\/\/www.subaru.es\/blog\/wp-content\/uploads\/2008\/10\/solbergurdaibai.jpg","keywords":["solberg","Subaru","vizcaya"],"articleSection":["Nuestra marca"],"inLanguage":"es","potentialAction":[{"@type":"CommentAction","name":"Comment","target":["https:\/\/www.subaru.es\/blog\/nuestra-marca\/el-entrenamiento-secreto-de-solberg-en-vizcaya\/#respond"]}]},{"@type":"WebPage","@id":"https:\/\/www.subaru.es\/blog\/nuestra-marca\/el-entrenamiento-secreto-de-solberg-en-vizcaya\/","url":"https:\/\/www.subaru.es\/blog\/nuestra-marca\/el-entrenamiento-secreto-de-solberg-en-vizcaya\/","name":"El entrenamiento secreto de Solberg en Vizcaya - Universo Subaru","isPartOf":{"@id":"https:\/\/www.subaru.es\/blog\/#website"},"primaryImageOfPage":{"@id":"https:\/\/www.subaru.es\/blog\/nuestra-marca\/el-entrenamiento-secreto-de-solberg-en-vizcaya\/#primaryimage"},"image":{"@id":"https:\/\/www.subaru.es\/blog\/nuestra-marca\/el-entrenamiento-secreto-de-solberg-en-vizcaya\/#primaryimage"},"thumbnailUrl":"https:\/\/www.subaru.es\/blog\/wp-content\/uploads\/2008\/10\/solbergurdaibai.jpg","datePublished":"2008-11-04T17:21:32+00:00","dateModified":"2016-10-17T13:08:59+00:00","breadcrumb":{"@id":"https:\/\/www.subaru.es\/blog\/nuestra-marca\/el-entrenamiento-secreto-de-solberg-en-vizcaya\/#breadcrumb"},"inLanguage":"es","potentialAction":[{"@type":"ReadAction","target":["https:\/\/www.subaru.es\/blog\/nuestra-marca\/el-entrenamiento-secreto-de-solberg-en-vizcaya\/"]}]},{"@type":"ImageObject","inLanguage":"es","@id":"https:\/\/www.subaru.es\/blog\/nuestra-marca\/el-entrenamiento-secreto-de-solberg-en-vizcaya\/#primaryimage","url":"https:\/\/www.subaru.es\/blog\/wp-content\/uploads\/2008\/10\/solbergurdaibai.jpg","contentUrl":"https:\/\/www.subaru.es\/blog\/wp-content\/uploads\/2008\/10\/solbergurdaibai.jpg","width":591,"height":394},{"@type":"BreadcrumbList","@id":"https:\/\/www.subaru.es\/blog\/nuestra-marca\/el-entrenamiento-secreto-de-solberg-en-vizcaya\/#breadcrumb","itemListElement":[{"@type":"ListItem","position":1,"name":"Portada","item":"https:\/\/www.subaru.es\/blog\/"},{"@type":"ListItem","position":2,"name":"El entrenamiento secreto de Solberg en Vizcaya"}]},{"@type":"WebSite","@id":"https:\/\/www.subaru.es\/blog\/#website","url":"https:\/\/www.subaru.es\/blog\/","name":"Universo Subaru","description":"Descubre este apasionante espacio de Subaru donde vas a conocer todo sobre nuestros coches y las experiencias que vivimos con ellos. Si est\u00e1s preparado para dejarte seducir por la filosof\u00eda Subaru, qu\u00e9date con nosotros.","publisher":{"@id":"https:\/\/www.subaru.es\/blog\/#organization"},"potentialAction":[{"@type":"SearchAction","target":{"@type":"EntryPoint","urlTemplate":"https:\/\/www.subaru.es\/blog\/?s={search_term_string}"},"query-input":{"@type":"PropertyValueSpecification","valueRequired":true,"valueName":"search_term_string"}}],"inLanguage":"es"},{"@type":"Organization","@id":"https:\/\/www.subaru.es\/blog\/#organization","name":"Subaru Espa\u00f1a S.A.","url":"https:\/\/www.subaru.es\/blog\/","logo":{"@type":"ImageObject","inLanguage":"es","@id":"https:\/\/www.subaru.es\/blog\/#\/schema\/logo\/image\/","url":"https:\/\/www.subaru.es\/blog\/wp-content\/uploads\/2016\/12\/Logo-Subaru-TypeV_C300-scaled.jpg","contentUrl":"https:\/\/www.subaru.es\/blog\/wp-content\/uploads\/2016\/12\/Logo-Subaru-TypeV_C300-scaled.jpg","width":2560,"height":1864,"caption":"Subaru Espa\u00f1a S.A."},"image":{"@id":"https:\/\/www.subaru.es\/blog\/#\/schema\/logo\/image\/"},"sameAs":["https:\/\/www.facebook.com\/subaruespana","https:\/\/www.instagram.com\/subarues\/","https:\/\/www.youtube.com\/user\/subaruespana"]},{"@type":"Person","@id":"https:\/\/www.subaru.es\/blog\/#\/schema\/person\/19a90b892230b8e0ec752704ddf4aa10","name":"Subaru","url":"https:\/\/www.subaru.es\/blog\/author\/subaria\/"}]}},"_links":{"self":[{"href":"https:\/\/www.subaru.es\/blog\/wp-json\/wp\/v2\/posts\/1603","targetHints":{"allow":["GET"]}}],"collection":[{"href":"https:\/\/www.subaru.es\/blog\/wp-json\/wp\/v2\/posts"}],"about":[{"href":"https:\/\/www.subaru.es\/blog\/wp-json\/wp\/v2\/types\/post"}],"author":[{"embeddable":true,"href":"https:\/\/www.subaru.es\/blog\/wp-json\/wp\/v2\/users\/21"}],"replies":[{"embeddable":true,"href":"https:\/\/www.subaru.es\/blog\/wp-json\/wp\/v2\/comments?post=1603"}],"version-history":[{"count":1,"href":"https:\/\/www.subaru.es\/blog\/wp-json\/wp\/v2\/posts\/1603\/revisions"}],"predecessor-version":[{"id":15336,"href":"https:\/\/www.subaru.es\/blog\/wp-json\/wp\/v2\/posts\/1603\/revisions\/15336"}],"wp:featuredmedia":[{"embeddable":true,"href":"https:\/\/www.subaru.es\/blog\/wp-json\/wp\/v2\/media\/1602"}],"wp:attachment":[{"href":"https:\/\/www.subaru.es\/blog\/wp-json\/wp\/v2\/media?parent=1603"}],"wp:term":[{"taxonomy":"category","embeddable":true,"href":"https:\/\/www.subaru.es\/blog\/wp-json\/wp\/v2\/categories?post=1603"},{"taxonomy":"post_tag","embeddable":true,"href":"https:\/\/www.subaru.es\/blog\/wp-json\/wp\/v2\/tags?post=1603"}],"curies":[{"name":"wp","href":"https:\/\/api.w.org\/{rel}","templated":true}]}}