{"id":159,"date":"2007-09-26T18:38:26","date_gmt":"2007-09-26T16:38:26","guid":{"rendered":"http:\/\/subaru.preproduccion.com\/blog\/wp-content\/2007\/09\/26\/subaru-en-el-campeonato-de-espana-de-rallyes-de-tierra\/"},"modified":"2020-08-06T11:54:02","modified_gmt":"2020-08-06T09:54:02","slug":"subaru-en-el-campeonato-de-espana-de-rallyes-de-tierra","status":"publish","type":"post","link":"https:\/\/www.subaru.es\/blog\/nuestra-marca\/subaru-en-el-campeonato-de-espana-de-rallyes-de-tierra\/","title":{"rendered":"Subaru en el Campeonato de Espa\u00f1a de Rallyes de Tierra"},"content":{"rendered":"<p>Seis <em>subarus <\/em>estar\u00e1n los d\u00edas 28 y 29 de septiembre en el <strong>IV Rallye Ciudad Palma del R\u00edo (C\u00f3rdoba) <\/strong>para disputar la quinta prueba del Campeonato de Espa\u00f1a de Rallyes de Tierra. Una de las pruebas m\u00e1s interesantes del calendario por el trazado y rapidez de los tramos, donde se llegan a alcanzar velocidades de v\u00e9rtigo en rectas interminables.<\/p>\n<p><center><img data-src='https:\/\/www.subaru.es\/blog\/wp-content\/uploads\/2007\/09\/rallye-palma-rio-cordoba.jpg' alt='Cartel del IV Rallye Palma del R\u00edo' src='data:image\/svg+xml;base64,PHN2ZyB3aWR0aD0iMSIgaGVpZ2h0PSIxIiB4bWxucz0iaHR0cDovL3d3dy53My5vcmcvMjAwMC9zdmciPjwvc3ZnPg==' class='lazyload' style='--smush-placeholder-width: 489px; --smush-placeholder-aspect-ratio: 489\/688;' \/><\/center><\/p>\n<p><strong>Joan Vinyes (Subaru Impreza Speed C) <\/strong>saldr\u00e1 con el n\u00famero uno y parte como favorito ya que podr\u00eda ponerse en la cabeza de la clasificaci\u00f3n provisional acabando entre los dos primeros puestos. Vinyes intentar\u00e1 aprovechar la ausencia de <strong>Dani Sol\u00e0<\/strong>, l\u00edder del certamen, para alcanzar esa primera posici\u00f3n en la clasificaci\u00f3n general. <\/p>\n<p>Otro potente Subaru, que saldr\u00e1 tras Vinyes, es el de <strong>Eduard Pons<\/strong>, actualmente cuarto de la general provisional y que tambi\u00e9n intentar\u00e1 estar en el podium para conseguir puntos y ascender en la clasificaci\u00f3n. <\/p>\n<p>Ser\u00e1 un bonito duelo entre pilotos de la misma marca y donde la pericia de \u00e9stos y la distinta forma de pilotar el Impreza determinar\u00e1 la clasificaci\u00f3n final. <\/p>\n<p><strong>No hay que olvidar a los Impreza de Joan Riberas, Juan Pablo Castro, Jos\u00e9 Lu\u00eds Casillas y Rafael Villanueva<\/strong> que dar\u00e1n tambi\u00e9n un gran espect\u00e1culo luchando por clasificarse en las distintas agrupaciones.  <\/p>\n<p>En Palma del R\u00edo se correr\u00e1n 8 tramos que sumar\u00e1n un total de <strong>225, 86 km<\/strong>, de los cuales <strong>94,04 <\/strong>ser\u00e1n cronometrados. Tramos que tal y como es habitual en los rallyes de tierra, ser\u00e1n secretos hasta el viernes en que los pilotos tendr\u00e1n una \u00fanica oportunidad de recorrerlos antes de la carrera. <\/p>\n","protected":false},"excerpt":{"rendered":"<p>Seis subarus estar\u00e1n los d\u00edas 28 y 29 de septiembre en el IV Rallye Ciudad Palma del R\u00edo (C\u00f3rdoba) para disputar la quinta prueba del Campeonato de Espa\u00f1a de Rallyes de Tierra. Una de las pruebas m\u00e1s interesantes del calendario por el trazado y rapidez de los tramos, donde se llegan a alcanzar velocidades de [&hellip;]<\/p>\n","protected":false},"author":21,"featured_media":160,"comment_status":"open","ping_status":"open","sticky":false,"template":"","format":"standard","meta":{"_acf_changed":false,"_eb_attr":"","inline_featured_image":false,"footnotes":""},"categories":[4401],"tags":[],"class_list":["post-159","post","type-post","status-publish","format-standard","has-post-thumbnail","hentry","category-nuestra-marca"],"acf":[],"yoast_head":"<!-- This site is optimized with the Yoast SEO plugin v27.3 - https:\/\/yoast.com\/product\/yoast-seo-wordpress\/ -->\n<title>Subaru en el Campeonato de Espa\u00f1a de Rallyes de Tierra - Universo Subaru<\/title>\n<meta name=\"robots\" content=\"index, follow, max-snippet:-1, max-image-preview:large, max-video-preview:-1\" \/>\n<link rel=\"canonical\" href=\"https:\/\/www.subaru.es\/blog\/nuestra-marca\/subaru-en-el-campeonato-de-espana-de-rallyes-de-tierra\/\" \/>\n<meta property=\"og:locale\" content=\"es_ES\" \/>\n<meta property=\"og:type\" content=\"article\" \/>\n<meta property=\"og:title\" content=\"Subaru en el Campeonato de Espa\u00f1a de Rallyes de Tierra - Universo Subaru\" \/>\n<meta property=\"og:description\" content=\"Seis subarus estar\u00e1n los d\u00edas 28 y 29 de septiembre en el IV Rallye Ciudad Palma del R\u00edo (C\u00f3rdoba) para disputar la quinta prueba del Campeonato de Espa\u00f1a de Rallyes de Tierra. Una de las pruebas m\u00e1s interesantes del calendario por el trazado y rapidez de los tramos, donde se llegan a alcanzar velocidades de [&hellip;]\" \/>\n<meta property=\"og:url\" content=\"https:\/\/www.subaru.es\/blog\/nuestra-marca\/subaru-en-el-campeonato-de-espana-de-rallyes-de-tierra\/\" \/>\n<meta property=\"og:site_name\" content=\"Universo Subaru\" \/>\n<meta property=\"article:publisher\" content=\"https:\/\/www.facebook.com\/subaruespana\" \/>\n<meta property=\"article:published_time\" content=\"2007-09-26T16:38:26+00:00\" \/>\n<meta property=\"article:modified_time\" content=\"2020-08-06T09:54:02+00:00\" \/>\n<meta property=\"og:image\" content=\"https:\/\/www.subaru.es\/blog\/wp-content\/uploads\/2007\/09\/vinyes-subaru-impreza.jpg\" \/>\n\t<meta property=\"og:image:width\" content=\"472\" \/>\n\t<meta property=\"og:image:height\" content=\"253\" \/>\n\t<meta property=\"og:image:type\" content=\"image\/jpeg\" \/>\n<meta name=\"author\" content=\"Subaru\" \/>\n<meta name=\"twitter:card\" content=\"summary_large_image\" \/>\n<meta name=\"twitter:label1\" content=\"Escrito por\" \/>\n\t<meta name=\"twitter:data1\" content=\"Subaru\" \/>\n\t<meta name=\"twitter:label2\" content=\"Tiempo de lectura\" \/>\n\t<meta name=\"twitter:data2\" content=\"1 minuto\" \/>\n<script type=\"application\/ld+json\" class=\"yoast-schema-graph\">{\"@context\":\"https:\\\/\\\/schema.org\",\"@graph\":[{\"@type\":\"Article\",\"@id\":\"https:\\\/\\\/www.subaru.es\\\/blog\\\/nuestra-marca\\\/subaru-en-el-campeonato-de-espana-de-rallyes-de-tierra\\\/#article\",\"isPartOf\":{\"@id\":\"https:\\\/\\\/www.subaru.es\\\/blog\\\/nuestra-marca\\\/subaru-en-el-campeonato-de-espana-de-rallyes-de-tierra\\\/\"},\"author\":{\"name\":\"Subaru\",\"@id\":\"https:\\\/\\\/www.subaru.es\\\/blog\\\/#\\\/schema\\\/person\\\/19a90b892230b8e0ec752704ddf4aa10\"},\"headline\":\"Subaru en el Campeonato de Espa\u00f1a de Rallyes de Tierra\",\"datePublished\":\"2007-09-26T16:38:26+00:00\",\"dateModified\":\"2020-08-06T09:54:02+00:00\",\"mainEntityOfPage\":{\"@id\":\"https:\\\/\\\/www.subaru.es\\\/blog\\\/nuestra-marca\\\/subaru-en-el-campeonato-de-espana-de-rallyes-de-tierra\\\/\"},\"wordCount\":289,\"commentCount\":4,\"publisher\":{\"@id\":\"https:\\\/\\\/www.subaru.es\\\/blog\\\/#organization\"},\"image\":{\"@id\":\"https:\\\/\\\/www.subaru.es\\\/blog\\\/nuestra-marca\\\/subaru-en-el-campeonato-de-espana-de-rallyes-de-tierra\\\/#primaryimage\"},\"thumbnailUrl\":\"https:\\\/\\\/www.subaru.es\\\/blog\\\/wp-content\\\/uploads\\\/2007\\\/09\\\/vinyes-subaru-impreza.jpg\",\"articleSection\":[\"Nuestra marca\"],\"inLanguage\":\"es\",\"potentialAction\":[{\"@type\":\"CommentAction\",\"name\":\"Comment\",\"target\":[\"https:\\\/\\\/www.subaru.es\\\/blog\\\/nuestra-marca\\\/subaru-en-el-campeonato-de-espana-de-rallyes-de-tierra\\\/#respond\"]}]},{\"@type\":\"WebPage\",\"@id\":\"https:\\\/\\\/www.subaru.es\\\/blog\\\/nuestra-marca\\\/subaru-en-el-campeonato-de-espana-de-rallyes-de-tierra\\\/\",\"url\":\"https:\\\/\\\/www.subaru.es\\\/blog\\\/nuestra-marca\\\/subaru-en-el-campeonato-de-espana-de-rallyes-de-tierra\\\/\",\"name\":\"Subaru en el Campeonato de Espa\u00f1a de Rallyes de Tierra - Universo Subaru\",\"isPartOf\":{\"@id\":\"https:\\\/\\\/www.subaru.es\\\/blog\\\/#website\"},\"primaryImageOfPage\":{\"@id\":\"https:\\\/\\\/www.subaru.es\\\/blog\\\/nuestra-marca\\\/subaru-en-el-campeonato-de-espana-de-rallyes-de-tierra\\\/#primaryimage\"},\"image\":{\"@id\":\"https:\\\/\\\/www.subaru.es\\\/blog\\\/nuestra-marca\\\/subaru-en-el-campeonato-de-espana-de-rallyes-de-tierra\\\/#primaryimage\"},\"thumbnailUrl\":\"https:\\\/\\\/www.subaru.es\\\/blog\\\/wp-content\\\/uploads\\\/2007\\\/09\\\/vinyes-subaru-impreza.jpg\",\"datePublished\":\"2007-09-26T16:38:26+00:00\",\"dateModified\":\"2020-08-06T09:54:02+00:00\",\"breadcrumb\":{\"@id\":\"https:\\\/\\\/www.subaru.es\\\/blog\\\/nuestra-marca\\\/subaru-en-el-campeonato-de-espana-de-rallyes-de-tierra\\\/#breadcrumb\"},\"inLanguage\":\"es\",\"potentialAction\":[{\"@type\":\"ReadAction\",\"target\":[\"https:\\\/\\\/www.subaru.es\\\/blog\\\/nuestra-marca\\\/subaru-en-el-campeonato-de-espana-de-rallyes-de-tierra\\\/\"]}]},{\"@type\":\"ImageObject\",\"inLanguage\":\"es\",\"@id\":\"https:\\\/\\\/www.subaru.es\\\/blog\\\/nuestra-marca\\\/subaru-en-el-campeonato-de-espana-de-rallyes-de-tierra\\\/#primaryimage\",\"url\":\"https:\\\/\\\/www.subaru.es\\\/blog\\\/wp-content\\\/uploads\\\/2007\\\/09\\\/vinyes-subaru-impreza.jpg\",\"contentUrl\":\"https:\\\/\\\/www.subaru.es\\\/blog\\\/wp-content\\\/uploads\\\/2007\\\/09\\\/vinyes-subaru-impreza.jpg\",\"width\":472,\"height\":253},{\"@type\":\"BreadcrumbList\",\"@id\":\"https:\\\/\\\/www.subaru.es\\\/blog\\\/nuestra-marca\\\/subaru-en-el-campeonato-de-espana-de-rallyes-de-tierra\\\/#breadcrumb\",\"itemListElement\":[{\"@type\":\"ListItem\",\"position\":1,\"name\":\"Portada\",\"item\":\"https:\\\/\\\/www.subaru.es\\\/blog\\\/\"},{\"@type\":\"ListItem\",\"position\":2,\"name\":\"Subaru en el Campeonato de Espa\u00f1a de Rallyes de Tierra\"}]},{\"@type\":\"WebSite\",\"@id\":\"https:\\\/\\\/www.subaru.es\\\/blog\\\/#website\",\"url\":\"https:\\\/\\\/www.subaru.es\\\/blog\\\/\",\"name\":\"Universo Subaru\",\"description\":\"Descubre este apasionante espacio de Subaru donde vas a conocer todo sobre nuestros coches y las experiencias que vivimos con ellos. Si est\u00e1s preparado para dejarte seducir por la filosof\u00eda Subaru, qu\u00e9date con nosotros.\",\"publisher\":{\"@id\":\"https:\\\/\\\/www.subaru.es\\\/blog\\\/#organization\"},\"potentialAction\":[{\"@type\":\"SearchAction\",\"target\":{\"@type\":\"EntryPoint\",\"urlTemplate\":\"https:\\\/\\\/www.subaru.es\\\/blog\\\/?s={search_term_string}\"},\"query-input\":{\"@type\":\"PropertyValueSpecification\",\"valueRequired\":true,\"valueName\":\"search_term_string\"}}],\"inLanguage\":\"es\"},{\"@type\":\"Organization\",\"@id\":\"https:\\\/\\\/www.subaru.es\\\/blog\\\/#organization\",\"name\":\"Subaru Espa\u00f1a S.A.\",\"url\":\"https:\\\/\\\/www.subaru.es\\\/blog\\\/\",\"logo\":{\"@type\":\"ImageObject\",\"inLanguage\":\"es\",\"@id\":\"https:\\\/\\\/www.subaru.es\\\/blog\\\/#\\\/schema\\\/logo\\\/image\\\/\",\"url\":\"https:\\\/\\\/www.subaru.es\\\/blog\\\/wp-content\\\/uploads\\\/2016\\\/12\\\/Logo-Subaru-TypeV_C300-scaled.jpg\",\"contentUrl\":\"https:\\\/\\\/www.subaru.es\\\/blog\\\/wp-content\\\/uploads\\\/2016\\\/12\\\/Logo-Subaru-TypeV_C300-scaled.jpg\",\"width\":2560,\"height\":1864,\"caption\":\"Subaru Espa\u00f1a S.A.\"},\"image\":{\"@id\":\"https:\\\/\\\/www.subaru.es\\\/blog\\\/#\\\/schema\\\/logo\\\/image\\\/\"},\"sameAs\":[\"https:\\\/\\\/www.facebook.com\\\/subaruespana\",\"https:\\\/\\\/www.instagram.com\\\/subarues\\\/\",\"https:\\\/\\\/www.youtube.com\\\/user\\\/subaruespana\"]},{\"@type\":\"Person\",\"@id\":\"https:\\\/\\\/www.subaru.es\\\/blog\\\/#\\\/schema\\\/person\\\/19a90b892230b8e0ec752704ddf4aa10\",\"name\":\"Subaru\",\"url\":\"https:\\\/\\\/www.subaru.es\\\/blog\\\/author\\\/subaria\\\/\"}]}<\/script>\n<!-- \/ Yoast SEO plugin. -->","yoast_head_json":{"title":"Subaru en el Campeonato de Espa\u00f1a de Rallyes de Tierra - Universo Subaru","robots":{"index":"index","follow":"follow","max-snippet":"max-snippet:-1","max-image-preview":"max-image-preview:large","max-video-preview":"max-video-preview:-1"},"canonical":"https:\/\/www.subaru.es\/blog\/nuestra-marca\/subaru-en-el-campeonato-de-espana-de-rallyes-de-tierra\/","og_locale":"es_ES","og_type":"article","og_title":"Subaru en el Campeonato de Espa\u00f1a de Rallyes de Tierra - Universo Subaru","og_description":"Seis subarus estar\u00e1n los d\u00edas 28 y 29 de septiembre en el IV Rallye Ciudad Palma del R\u00edo (C\u00f3rdoba) para disputar la quinta prueba del Campeonato de Espa\u00f1a de Rallyes de Tierra. Una de las pruebas m\u00e1s interesantes del calendario por el trazado y rapidez de los tramos, donde se llegan a alcanzar velocidades de [&hellip;]","og_url":"https:\/\/www.subaru.es\/blog\/nuestra-marca\/subaru-en-el-campeonato-de-espana-de-rallyes-de-tierra\/","og_site_name":"Universo Subaru","article_publisher":"https:\/\/www.facebook.com\/subaruespana","article_published_time":"2007-09-26T16:38:26+00:00","article_modified_time":"2020-08-06T09:54:02+00:00","og_image":[{"width":472,"height":253,"url":"https:\/\/www.subaru.es\/blog\/wp-content\/uploads\/2007\/09\/vinyes-subaru-impreza.jpg","type":"image\/jpeg"}],"author":"Subaru","twitter_card":"summary_large_image","twitter_misc":{"Escrito por":"Subaru","Tiempo de lectura":"1 minuto"},"schema":{"@context":"https:\/\/schema.org","@graph":[{"@type":"Article","@id":"https:\/\/www.subaru.es\/blog\/nuestra-marca\/subaru-en-el-campeonato-de-espana-de-rallyes-de-tierra\/#article","isPartOf":{"@id":"https:\/\/www.subaru.es\/blog\/nuestra-marca\/subaru-en-el-campeonato-de-espana-de-rallyes-de-tierra\/"},"author":{"name":"Subaru","@id":"https:\/\/www.subaru.es\/blog\/#\/schema\/person\/19a90b892230b8e0ec752704ddf4aa10"},"headline":"Subaru en el Campeonato de Espa\u00f1a de Rallyes de Tierra","datePublished":"2007-09-26T16:38:26+00:00","dateModified":"2020-08-06T09:54:02+00:00","mainEntityOfPage":{"@id":"https:\/\/www.subaru.es\/blog\/nuestra-marca\/subaru-en-el-campeonato-de-espana-de-rallyes-de-tierra\/"},"wordCount":289,"commentCount":4,"publisher":{"@id":"https:\/\/www.subaru.es\/blog\/#organization"},"image":{"@id":"https:\/\/www.subaru.es\/blog\/nuestra-marca\/subaru-en-el-campeonato-de-espana-de-rallyes-de-tierra\/#primaryimage"},"thumbnailUrl":"https:\/\/www.subaru.es\/blog\/wp-content\/uploads\/2007\/09\/vinyes-subaru-impreza.jpg","articleSection":["Nuestra marca"],"inLanguage":"es","potentialAction":[{"@type":"CommentAction","name":"Comment","target":["https:\/\/www.subaru.es\/blog\/nuestra-marca\/subaru-en-el-campeonato-de-espana-de-rallyes-de-tierra\/#respond"]}]},{"@type":"WebPage","@id":"https:\/\/www.subaru.es\/blog\/nuestra-marca\/subaru-en-el-campeonato-de-espana-de-rallyes-de-tierra\/","url":"https:\/\/www.subaru.es\/blog\/nuestra-marca\/subaru-en-el-campeonato-de-espana-de-rallyes-de-tierra\/","name":"Subaru en el Campeonato de Espa\u00f1a de Rallyes de Tierra - Universo Subaru","isPartOf":{"@id":"https:\/\/www.subaru.es\/blog\/#website"},"primaryImageOfPage":{"@id":"https:\/\/www.subaru.es\/blog\/nuestra-marca\/subaru-en-el-campeonato-de-espana-de-rallyes-de-tierra\/#primaryimage"},"image":{"@id":"https:\/\/www.subaru.es\/blog\/nuestra-marca\/subaru-en-el-campeonato-de-espana-de-rallyes-de-tierra\/#primaryimage"},"thumbnailUrl":"https:\/\/www.subaru.es\/blog\/wp-content\/uploads\/2007\/09\/vinyes-subaru-impreza.jpg","datePublished":"2007-09-26T16:38:26+00:00","dateModified":"2020-08-06T09:54:02+00:00","breadcrumb":{"@id":"https:\/\/www.subaru.es\/blog\/nuestra-marca\/subaru-en-el-campeonato-de-espana-de-rallyes-de-tierra\/#breadcrumb"},"inLanguage":"es","potentialAction":[{"@type":"ReadAction","target":["https:\/\/www.subaru.es\/blog\/nuestra-marca\/subaru-en-el-campeonato-de-espana-de-rallyes-de-tierra\/"]}]},{"@type":"ImageObject","inLanguage":"es","@id":"https:\/\/www.subaru.es\/blog\/nuestra-marca\/subaru-en-el-campeonato-de-espana-de-rallyes-de-tierra\/#primaryimage","url":"https:\/\/www.subaru.es\/blog\/wp-content\/uploads\/2007\/09\/vinyes-subaru-impreza.jpg","contentUrl":"https:\/\/www.subaru.es\/blog\/wp-content\/uploads\/2007\/09\/vinyes-subaru-impreza.jpg","width":472,"height":253},{"@type":"BreadcrumbList","@id":"https:\/\/www.subaru.es\/blog\/nuestra-marca\/subaru-en-el-campeonato-de-espana-de-rallyes-de-tierra\/#breadcrumb","itemListElement":[{"@type":"ListItem","position":1,"name":"Portada","item":"https:\/\/www.subaru.es\/blog\/"},{"@type":"ListItem","position":2,"name":"Subaru en el Campeonato de Espa\u00f1a de Rallyes de Tierra"}]},{"@type":"WebSite","@id":"https:\/\/www.subaru.es\/blog\/#website","url":"https:\/\/www.subaru.es\/blog\/","name":"Universo Subaru","description":"Descubre este apasionante espacio de Subaru donde vas a conocer todo sobre nuestros coches y las experiencias que vivimos con ellos. Si est\u00e1s preparado para dejarte seducir por la filosof\u00eda Subaru, qu\u00e9date con nosotros.","publisher":{"@id":"https:\/\/www.subaru.es\/blog\/#organization"},"potentialAction":[{"@type":"SearchAction","target":{"@type":"EntryPoint","urlTemplate":"https:\/\/www.subaru.es\/blog\/?s={search_term_string}"},"query-input":{"@type":"PropertyValueSpecification","valueRequired":true,"valueName":"search_term_string"}}],"inLanguage":"es"},{"@type":"Organization","@id":"https:\/\/www.subaru.es\/blog\/#organization","name":"Subaru Espa\u00f1a S.A.","url":"https:\/\/www.subaru.es\/blog\/","logo":{"@type":"ImageObject","inLanguage":"es","@id":"https:\/\/www.subaru.es\/blog\/#\/schema\/logo\/image\/","url":"https:\/\/www.subaru.es\/blog\/wp-content\/uploads\/2016\/12\/Logo-Subaru-TypeV_C300-scaled.jpg","contentUrl":"https:\/\/www.subaru.es\/blog\/wp-content\/uploads\/2016\/12\/Logo-Subaru-TypeV_C300-scaled.jpg","width":2560,"height":1864,"caption":"Subaru Espa\u00f1a S.A."},"image":{"@id":"https:\/\/www.subaru.es\/blog\/#\/schema\/logo\/image\/"},"sameAs":["https:\/\/www.facebook.com\/subaruespana","https:\/\/www.instagram.com\/subarues\/","https:\/\/www.youtube.com\/user\/subaruespana"]},{"@type":"Person","@id":"https:\/\/www.subaru.es\/blog\/#\/schema\/person\/19a90b892230b8e0ec752704ddf4aa10","name":"Subaru","url":"https:\/\/www.subaru.es\/blog\/author\/subaria\/"}]}},"_links":{"self":[{"href":"https:\/\/www.subaru.es\/blog\/wp-json\/wp\/v2\/posts\/159","targetHints":{"allow":["GET"]}}],"collection":[{"href":"https:\/\/www.subaru.es\/blog\/wp-json\/wp\/v2\/posts"}],"about":[{"href":"https:\/\/www.subaru.es\/blog\/wp-json\/wp\/v2\/types\/post"}],"author":[{"embeddable":true,"href":"https:\/\/www.subaru.es\/blog\/wp-json\/wp\/v2\/users\/21"}],"replies":[{"embeddable":true,"href":"https:\/\/www.subaru.es\/blog\/wp-json\/wp\/v2\/comments?post=159"}],"version-history":[{"count":1,"href":"https:\/\/www.subaru.es\/blog\/wp-json\/wp\/v2\/posts\/159\/revisions"}],"predecessor-version":[{"id":15797,"href":"https:\/\/www.subaru.es\/blog\/wp-json\/wp\/v2\/posts\/159\/revisions\/15797"}],"wp:featuredmedia":[{"embeddable":true,"href":"https:\/\/www.subaru.es\/blog\/wp-json\/wp\/v2\/media\/160"}],"wp:attachment":[{"href":"https:\/\/www.subaru.es\/blog\/wp-json\/wp\/v2\/media?parent=159"}],"wp:term":[{"taxonomy":"category","embeddable":true,"href":"https:\/\/www.subaru.es\/blog\/wp-json\/wp\/v2\/categories?post=159"},{"taxonomy":"post_tag","embeddable":true,"href":"https:\/\/www.subaru.es\/blog\/wp-json\/wp\/v2\/tags?post=159"}],"curies":[{"name":"wp","href":"https:\/\/api.w.org\/{rel}","templated":true}]}}