{"id":1512,"date":"2008-09-30T19:52:06","date_gmt":"2008-09-30T17:52:06","guid":{"rendered":"http:\/\/subaru.preproduccion.com\/blog\/wp-content\/2008\/09\/30\/a-vueltas-con-la-temida-crisis\/"},"modified":"2016-10-17T15:09:00","modified_gmt":"2016-10-17T13:09:00","slug":"a-vueltas-con-la-temida-crisis","status":"publish","type":"post","link":"https:\/\/www.subaru.es\/blog\/nuestra-marca\/a-vueltas-con-la-temida-crisis\/","title":{"rendered":"A vueltas con la temida crisis"},"content":{"rendered":"<p><a href='https:\/\/www.subaru.es\/blog\/wp-content\/uploads\/2008\/09\/impreza20d.jpg' title='impreza20d.jpg'><img data-src='https:\/\/www.subaru.es\/blog\/wp-content\/uploads\/2008\/09\/impreza20d.jpg' alt='impreza20d.jpg' src='data:image\/svg+xml;base64,PHN2ZyB3aWR0aD0iMSIgaGVpZ2h0PSIxIiB4bWxucz0iaHR0cDovL3d3dy53My5vcmcvMjAwMC9zdmciPjwvc3ZnPg==' class='lazyload' style='--smush-placeholder-width: 450px; --smush-placeholder-aspect-ratio: 450\/299;' \/><\/a><br \/>\nA colaci\u00f3n por la crisis que nos inunda, desde <strong>Subaria <\/strong>queremos que nos comentes cu\u00e1l es tu opini\u00f3n sobre la situaci\u00f3n del sector automovil\u00edstico espa\u00f1ol y si piensas que <strong>Subaru <\/strong>va a conseguir superarla, sobre todo despu\u00e9s de conocer los <a href=\"https:\/\/www.subaru.es\/blog\/2008\/09\/24\/subaru-esquiva-la-crisis\/\">datos del primer semestre del a\u00f1o<\/a>, que colocan a la firma japonesa en una de las seis posiciones de marcas que consiguieron esquivarla. Por lo menos, hasta ahora.<\/p>\n<p>\u00bfCrees que nuestro sector automovil\u00edstico vive la mayor <strong>crisis de ventas <\/strong>de su historia? Hay quien dice que \u00e9sta es peor, incluso, que la de 1993, cuando el crack econ\u00f3mico redujo las matriculaciones un 23 por ciento.  \u00bfCu\u00e1l crees que ser\u00edan las <strong>soluciones <\/strong>para solventarlo?<\/p>\n<p>Y, por supuesto, nos interesa tu opini\u00f3n para que nos comentes si \u00bfpiensas que <strong>Subaru <\/strong>podr\u00e1 contrarrestar esta situaci\u00f3n econ\u00f3mica que ya ha atacado a otras marcas? \u00bfCu\u00e1les son las <strong>soluciones <\/strong>o actuaciones que deber\u00eda desempe\u00f1ar para solventarla?<\/p>\n<p><center><img data-src='https:\/\/www.subaru.es\/blog\/wp-content\/uploads\/2008\/09\/logo-subaru.jpg' alt='Subaru Logo' src='data:image\/svg+xml;base64,PHN2ZyB3aWR0aD0iMSIgaGVpZ2h0PSIxIiB4bWxucz0iaHR0cDovL3d3dy53My5vcmcvMjAwMC9zdmciPjwvc3ZnPg==' class='lazyload' style='--smush-placeholder-width: 400px; --smush-placeholder-aspect-ratio: 400\/262;' \/><\/center><\/p>\n<p>Un \u00faltimo dato. El <a href=\"http:\/\/www.mityc.es\/MitycCMS\/Templates\/Index2.aspx?NRMODE=Published&#038;NRNODEGUID=%7b49E24693-0FC3-4B9B-B37A-BAA0E5CC0777%7d&#038;NRORIGINALURL=%2fes-ES%2findex%2ehtm&#038;NRCACHEHINT=Guest\"><strong>Ministerio de Industria<\/strong> <\/a>baraja modificar el <strong>Plan VIVE<\/strong> para permitir que se puedan acoger m\u00e1s conductores tras constatar que la medida no funciona actualmente. La idea ser\u00eda ampliar los requisitos fijados en el plan para acceder a la financiaci\u00f3n. Por su parte, <a href=\"http:\/\/www.anfac.com\/\">Anfac<\/a>, la asociaci\u00f3n de fabricantes espa\u00f1ola, fij\u00f3 ayer su previsi\u00f3n de ca\u00edda del mercado para este ejercicio en el 25 por ciento, lo que supone matricular 1,21 millones de turismos y retroceder a los niveles de 1998. Y 2009 ser\u00e1 a\u00fan peor\u2026<\/p>\n","protected":false},"excerpt":{"rendered":"<p>A colaci\u00f3n por la crisis que nos inunda, desde Subaria queremos que nos comentes cu\u00e1l es tu opini\u00f3n sobre la situaci\u00f3n del sector automovil\u00edstico espa\u00f1ol y si piensas que Subaru va a conseguir superarla, sobre todo despu\u00e9s de conocer los datos del primer semestre del a\u00f1o, que colocan a la firma japonesa en una de [&hellip;]<\/p>\n","protected":false},"author":21,"featured_media":1524,"comment_status":"open","ping_status":"open","sticky":false,"template":"","format":"standard","meta":{"_acf_changed":false,"_eb_attr":"","inline_featured_image":false,"footnotes":""},"categories":[4401],"tags":[1254,861,1252,988,1253,1255,4390],"class_list":["post-1512","post","type-post","status-publish","format-standard","has-post-thumbnail","hentry","category-nuestra-marca","tag-anfac","tag-crisis","tag-ministerio-de-industria","tag-plan-vive","tag-sector-automovilistico-espanol","tag-soluciones","tag-subaru"],"acf":[],"yoast_head":"<!-- This site is optimized with the Yoast SEO plugin v27.3 - https:\/\/yoast.com\/product\/yoast-seo-wordpress\/ -->\n<title>A vueltas con la temida crisis - Universo Subaru<\/title>\n<meta name=\"robots\" content=\"index, follow, max-snippet:-1, max-image-preview:large, max-video-preview:-1\" \/>\n<link rel=\"canonical\" href=\"https:\/\/www.subaru.es\/blog\/nuestra-marca\/a-vueltas-con-la-temida-crisis\/\" \/>\n<meta property=\"og:locale\" content=\"es_ES\" \/>\n<meta property=\"og:type\" content=\"article\" \/>\n<meta property=\"og:title\" content=\"A vueltas con la temida crisis - Universo Subaru\" \/>\n<meta property=\"og:description\" content=\"A colaci\u00f3n por la crisis que nos inunda, desde Subaria queremos que nos comentes cu\u00e1l es tu opini\u00f3n sobre la situaci\u00f3n del sector automovil\u00edstico espa\u00f1ol y si piensas que Subaru va a conseguir superarla, sobre todo despu\u00e9s de conocer los datos del primer semestre del a\u00f1o, que colocan a la firma japonesa en una de [&hellip;]\" \/>\n<meta property=\"og:url\" content=\"https:\/\/www.subaru.es\/blog\/nuestra-marca\/a-vueltas-con-la-temida-crisis\/\" \/>\n<meta property=\"og:site_name\" content=\"Universo Subaru\" \/>\n<meta property=\"article:publisher\" content=\"https:\/\/www.facebook.com\/subaruespana\" \/>\n<meta property=\"article:published_time\" content=\"2008-09-30T17:52:06+00:00\" \/>\n<meta property=\"article:modified_time\" content=\"2016-10-17T13:09:00+00:00\" \/>\n<meta property=\"og:image\" content=\"https:\/\/www.subaru.es\/blog\/wp-content\/uploads\/2008\/09\/logo-subaru.jpg\" \/>\n\t<meta property=\"og:image:width\" content=\"400\" \/>\n\t<meta property=\"og:image:height\" content=\"262\" \/>\n\t<meta property=\"og:image:type\" content=\"image\/jpeg\" \/>\n<meta name=\"author\" content=\"Subaru\" \/>\n<meta name=\"twitter:card\" content=\"summary_large_image\" \/>\n<meta name=\"twitter:label1\" content=\"Escrito por\" \/>\n\t<meta name=\"twitter:data1\" content=\"Subaru\" \/>\n\t<meta name=\"twitter:label2\" content=\"Tiempo de lectura\" \/>\n\t<meta name=\"twitter:data2\" content=\"1 minuto\" \/>\n<script type=\"application\/ld+json\" class=\"yoast-schema-graph\">{\"@context\":\"https:\\\/\\\/schema.org\",\"@graph\":[{\"@type\":\"Article\",\"@id\":\"https:\\\/\\\/www.subaru.es\\\/blog\\\/nuestra-marca\\\/a-vueltas-con-la-temida-crisis\\\/#article\",\"isPartOf\":{\"@id\":\"https:\\\/\\\/www.subaru.es\\\/blog\\\/nuestra-marca\\\/a-vueltas-con-la-temida-crisis\\\/\"},\"author\":{\"name\":\"Subaru\",\"@id\":\"https:\\\/\\\/www.subaru.es\\\/blog\\\/#\\\/schema\\\/person\\\/19a90b892230b8e0ec752704ddf4aa10\"},\"headline\":\"A vueltas con la temida crisis\",\"datePublished\":\"2008-09-30T17:52:06+00:00\",\"dateModified\":\"2016-10-17T13:09:00+00:00\",\"mainEntityOfPage\":{\"@id\":\"https:\\\/\\\/www.subaru.es\\\/blog\\\/nuestra-marca\\\/a-vueltas-con-la-temida-crisis\\\/\"},\"wordCount\":265,\"commentCount\":2,\"publisher\":{\"@id\":\"https:\\\/\\\/www.subaru.es\\\/blog\\\/#organization\"},\"image\":{\"@id\":\"https:\\\/\\\/www.subaru.es\\\/blog\\\/nuestra-marca\\\/a-vueltas-con-la-temida-crisis\\\/#primaryimage\"},\"thumbnailUrl\":\"https:\\\/\\\/www.subaru.es\\\/blog\\\/wp-content\\\/uploads\\\/2008\\\/09\\\/logo-subaru.jpg\",\"keywords\":[\"Anfac\",\"crisis\",\"Ministerio de Industria\",\"plan vive\",\"sector automovil\u00edstico espa\u00f1ol\",\"soluciones.\",\"Subaru\"],\"articleSection\":[\"Nuestra marca\"],\"inLanguage\":\"es\",\"potentialAction\":[{\"@type\":\"CommentAction\",\"name\":\"Comment\",\"target\":[\"https:\\\/\\\/www.subaru.es\\\/blog\\\/nuestra-marca\\\/a-vueltas-con-la-temida-crisis\\\/#respond\"]}]},{\"@type\":\"WebPage\",\"@id\":\"https:\\\/\\\/www.subaru.es\\\/blog\\\/nuestra-marca\\\/a-vueltas-con-la-temida-crisis\\\/\",\"url\":\"https:\\\/\\\/www.subaru.es\\\/blog\\\/nuestra-marca\\\/a-vueltas-con-la-temida-crisis\\\/\",\"name\":\"A vueltas con la temida crisis - Universo Subaru\",\"isPartOf\":{\"@id\":\"https:\\\/\\\/www.subaru.es\\\/blog\\\/#website\"},\"primaryImageOfPage\":{\"@id\":\"https:\\\/\\\/www.subaru.es\\\/blog\\\/nuestra-marca\\\/a-vueltas-con-la-temida-crisis\\\/#primaryimage\"},\"image\":{\"@id\":\"https:\\\/\\\/www.subaru.es\\\/blog\\\/nuestra-marca\\\/a-vueltas-con-la-temida-crisis\\\/#primaryimage\"},\"thumbnailUrl\":\"https:\\\/\\\/www.subaru.es\\\/blog\\\/wp-content\\\/uploads\\\/2008\\\/09\\\/logo-subaru.jpg\",\"datePublished\":\"2008-09-30T17:52:06+00:00\",\"dateModified\":\"2016-10-17T13:09:00+00:00\",\"breadcrumb\":{\"@id\":\"https:\\\/\\\/www.subaru.es\\\/blog\\\/nuestra-marca\\\/a-vueltas-con-la-temida-crisis\\\/#breadcrumb\"},\"inLanguage\":\"es\",\"potentialAction\":[{\"@type\":\"ReadAction\",\"target\":[\"https:\\\/\\\/www.subaru.es\\\/blog\\\/nuestra-marca\\\/a-vueltas-con-la-temida-crisis\\\/\"]}]},{\"@type\":\"ImageObject\",\"inLanguage\":\"es\",\"@id\":\"https:\\\/\\\/www.subaru.es\\\/blog\\\/nuestra-marca\\\/a-vueltas-con-la-temida-crisis\\\/#primaryimage\",\"url\":\"https:\\\/\\\/www.subaru.es\\\/blog\\\/wp-content\\\/uploads\\\/2008\\\/09\\\/logo-subaru.jpg\",\"contentUrl\":\"https:\\\/\\\/www.subaru.es\\\/blog\\\/wp-content\\\/uploads\\\/2008\\\/09\\\/logo-subaru.jpg\",\"width\":400,\"height\":262},{\"@type\":\"BreadcrumbList\",\"@id\":\"https:\\\/\\\/www.subaru.es\\\/blog\\\/nuestra-marca\\\/a-vueltas-con-la-temida-crisis\\\/#breadcrumb\",\"itemListElement\":[{\"@type\":\"ListItem\",\"position\":1,\"name\":\"Portada\",\"item\":\"https:\\\/\\\/www.subaru.es\\\/blog\\\/\"},{\"@type\":\"ListItem\",\"position\":2,\"name\":\"A vueltas con la temida crisis\"}]},{\"@type\":\"WebSite\",\"@id\":\"https:\\\/\\\/www.subaru.es\\\/blog\\\/#website\",\"url\":\"https:\\\/\\\/www.subaru.es\\\/blog\\\/\",\"name\":\"Universo Subaru\",\"description\":\"Descubre este apasionante espacio de Subaru donde vas a conocer todo sobre nuestros coches y las experiencias que vivimos con ellos. Si est\u00e1s preparado para dejarte seducir por la filosof\u00eda Subaru, qu\u00e9date con nosotros.\",\"publisher\":{\"@id\":\"https:\\\/\\\/www.subaru.es\\\/blog\\\/#organization\"},\"potentialAction\":[{\"@type\":\"SearchAction\",\"target\":{\"@type\":\"EntryPoint\",\"urlTemplate\":\"https:\\\/\\\/www.subaru.es\\\/blog\\\/?s={search_term_string}\"},\"query-input\":{\"@type\":\"PropertyValueSpecification\",\"valueRequired\":true,\"valueName\":\"search_term_string\"}}],\"inLanguage\":\"es\"},{\"@type\":\"Organization\",\"@id\":\"https:\\\/\\\/www.subaru.es\\\/blog\\\/#organization\",\"name\":\"Subaru Espa\u00f1a S.A.\",\"url\":\"https:\\\/\\\/www.subaru.es\\\/blog\\\/\",\"logo\":{\"@type\":\"ImageObject\",\"inLanguage\":\"es\",\"@id\":\"https:\\\/\\\/www.subaru.es\\\/blog\\\/#\\\/schema\\\/logo\\\/image\\\/\",\"url\":\"https:\\\/\\\/www.subaru.es\\\/blog\\\/wp-content\\\/uploads\\\/2016\\\/12\\\/Logo-Subaru-TypeV_C300-scaled.jpg\",\"contentUrl\":\"https:\\\/\\\/www.subaru.es\\\/blog\\\/wp-content\\\/uploads\\\/2016\\\/12\\\/Logo-Subaru-TypeV_C300-scaled.jpg\",\"width\":2560,\"height\":1864,\"caption\":\"Subaru Espa\u00f1a S.A.\"},\"image\":{\"@id\":\"https:\\\/\\\/www.subaru.es\\\/blog\\\/#\\\/schema\\\/logo\\\/image\\\/\"},\"sameAs\":[\"https:\\\/\\\/www.facebook.com\\\/subaruespana\",\"https:\\\/\\\/www.instagram.com\\\/subarues\\\/\",\"https:\\\/\\\/www.youtube.com\\\/user\\\/subaruespana\"]},{\"@type\":\"Person\",\"@id\":\"https:\\\/\\\/www.subaru.es\\\/blog\\\/#\\\/schema\\\/person\\\/19a90b892230b8e0ec752704ddf4aa10\",\"name\":\"Subaru\",\"url\":\"https:\\\/\\\/www.subaru.es\\\/blog\\\/author\\\/subaria\\\/\"}]}<\/script>\n<!-- \/ Yoast SEO plugin. -->","yoast_head_json":{"title":"A vueltas con la temida crisis - Universo Subaru","robots":{"index":"index","follow":"follow","max-snippet":"max-snippet:-1","max-image-preview":"max-image-preview:large","max-video-preview":"max-video-preview:-1"},"canonical":"https:\/\/www.subaru.es\/blog\/nuestra-marca\/a-vueltas-con-la-temida-crisis\/","og_locale":"es_ES","og_type":"article","og_title":"A vueltas con la temida crisis - Universo Subaru","og_description":"A colaci\u00f3n por la crisis que nos inunda, desde Subaria queremos que nos comentes cu\u00e1l es tu opini\u00f3n sobre la situaci\u00f3n del sector automovil\u00edstico espa\u00f1ol y si piensas que Subaru va a conseguir superarla, sobre todo despu\u00e9s de conocer los datos del primer semestre del a\u00f1o, que colocan a la firma japonesa en una de [&hellip;]","og_url":"https:\/\/www.subaru.es\/blog\/nuestra-marca\/a-vueltas-con-la-temida-crisis\/","og_site_name":"Universo Subaru","article_publisher":"https:\/\/www.facebook.com\/subaruespana","article_published_time":"2008-09-30T17:52:06+00:00","article_modified_time":"2016-10-17T13:09:00+00:00","og_image":[{"width":400,"height":262,"url":"https:\/\/www.subaru.es\/blog\/wp-content\/uploads\/2008\/09\/logo-subaru.jpg","type":"image\/jpeg"}],"author":"Subaru","twitter_card":"summary_large_image","twitter_misc":{"Escrito por":"Subaru","Tiempo de lectura":"1 minuto"},"schema":{"@context":"https:\/\/schema.org","@graph":[{"@type":"Article","@id":"https:\/\/www.subaru.es\/blog\/nuestra-marca\/a-vueltas-con-la-temida-crisis\/#article","isPartOf":{"@id":"https:\/\/www.subaru.es\/blog\/nuestra-marca\/a-vueltas-con-la-temida-crisis\/"},"author":{"name":"Subaru","@id":"https:\/\/www.subaru.es\/blog\/#\/schema\/person\/19a90b892230b8e0ec752704ddf4aa10"},"headline":"A vueltas con la temida crisis","datePublished":"2008-09-30T17:52:06+00:00","dateModified":"2016-10-17T13:09:00+00:00","mainEntityOfPage":{"@id":"https:\/\/www.subaru.es\/blog\/nuestra-marca\/a-vueltas-con-la-temida-crisis\/"},"wordCount":265,"commentCount":2,"publisher":{"@id":"https:\/\/www.subaru.es\/blog\/#organization"},"image":{"@id":"https:\/\/www.subaru.es\/blog\/nuestra-marca\/a-vueltas-con-la-temida-crisis\/#primaryimage"},"thumbnailUrl":"https:\/\/www.subaru.es\/blog\/wp-content\/uploads\/2008\/09\/logo-subaru.jpg","keywords":["Anfac","crisis","Ministerio de Industria","plan vive","sector automovil\u00edstico espa\u00f1ol","soluciones.","Subaru"],"articleSection":["Nuestra marca"],"inLanguage":"es","potentialAction":[{"@type":"CommentAction","name":"Comment","target":["https:\/\/www.subaru.es\/blog\/nuestra-marca\/a-vueltas-con-la-temida-crisis\/#respond"]}]},{"@type":"WebPage","@id":"https:\/\/www.subaru.es\/blog\/nuestra-marca\/a-vueltas-con-la-temida-crisis\/","url":"https:\/\/www.subaru.es\/blog\/nuestra-marca\/a-vueltas-con-la-temida-crisis\/","name":"A vueltas con la temida crisis - Universo Subaru","isPartOf":{"@id":"https:\/\/www.subaru.es\/blog\/#website"},"primaryImageOfPage":{"@id":"https:\/\/www.subaru.es\/blog\/nuestra-marca\/a-vueltas-con-la-temida-crisis\/#primaryimage"},"image":{"@id":"https:\/\/www.subaru.es\/blog\/nuestra-marca\/a-vueltas-con-la-temida-crisis\/#primaryimage"},"thumbnailUrl":"https:\/\/www.subaru.es\/blog\/wp-content\/uploads\/2008\/09\/logo-subaru.jpg","datePublished":"2008-09-30T17:52:06+00:00","dateModified":"2016-10-17T13:09:00+00:00","breadcrumb":{"@id":"https:\/\/www.subaru.es\/blog\/nuestra-marca\/a-vueltas-con-la-temida-crisis\/#breadcrumb"},"inLanguage":"es","potentialAction":[{"@type":"ReadAction","target":["https:\/\/www.subaru.es\/blog\/nuestra-marca\/a-vueltas-con-la-temida-crisis\/"]}]},{"@type":"ImageObject","inLanguage":"es","@id":"https:\/\/www.subaru.es\/blog\/nuestra-marca\/a-vueltas-con-la-temida-crisis\/#primaryimage","url":"https:\/\/www.subaru.es\/blog\/wp-content\/uploads\/2008\/09\/logo-subaru.jpg","contentUrl":"https:\/\/www.subaru.es\/blog\/wp-content\/uploads\/2008\/09\/logo-subaru.jpg","width":400,"height":262},{"@type":"BreadcrumbList","@id":"https:\/\/www.subaru.es\/blog\/nuestra-marca\/a-vueltas-con-la-temida-crisis\/#breadcrumb","itemListElement":[{"@type":"ListItem","position":1,"name":"Portada","item":"https:\/\/www.subaru.es\/blog\/"},{"@type":"ListItem","position":2,"name":"A vueltas con la temida crisis"}]},{"@type":"WebSite","@id":"https:\/\/www.subaru.es\/blog\/#website","url":"https:\/\/www.subaru.es\/blog\/","name":"Universo Subaru","description":"Descubre este apasionante espacio de Subaru donde vas a conocer todo sobre nuestros coches y las experiencias que vivimos con ellos. Si est\u00e1s preparado para dejarte seducir por la filosof\u00eda Subaru, qu\u00e9date con nosotros.","publisher":{"@id":"https:\/\/www.subaru.es\/blog\/#organization"},"potentialAction":[{"@type":"SearchAction","target":{"@type":"EntryPoint","urlTemplate":"https:\/\/www.subaru.es\/blog\/?s={search_term_string}"},"query-input":{"@type":"PropertyValueSpecification","valueRequired":true,"valueName":"search_term_string"}}],"inLanguage":"es"},{"@type":"Organization","@id":"https:\/\/www.subaru.es\/blog\/#organization","name":"Subaru Espa\u00f1a S.A.","url":"https:\/\/www.subaru.es\/blog\/","logo":{"@type":"ImageObject","inLanguage":"es","@id":"https:\/\/www.subaru.es\/blog\/#\/schema\/logo\/image\/","url":"https:\/\/www.subaru.es\/blog\/wp-content\/uploads\/2016\/12\/Logo-Subaru-TypeV_C300-scaled.jpg","contentUrl":"https:\/\/www.subaru.es\/blog\/wp-content\/uploads\/2016\/12\/Logo-Subaru-TypeV_C300-scaled.jpg","width":2560,"height":1864,"caption":"Subaru Espa\u00f1a S.A."},"image":{"@id":"https:\/\/www.subaru.es\/blog\/#\/schema\/logo\/image\/"},"sameAs":["https:\/\/www.facebook.com\/subaruespana","https:\/\/www.instagram.com\/subarues\/","https:\/\/www.youtube.com\/user\/subaruespana"]},{"@type":"Person","@id":"https:\/\/www.subaru.es\/blog\/#\/schema\/person\/19a90b892230b8e0ec752704ddf4aa10","name":"Subaru","url":"https:\/\/www.subaru.es\/blog\/author\/subaria\/"}]}},"_links":{"self":[{"href":"https:\/\/www.subaru.es\/blog\/wp-json\/wp\/v2\/posts\/1512","targetHints":{"allow":["GET"]}}],"collection":[{"href":"https:\/\/www.subaru.es\/blog\/wp-json\/wp\/v2\/posts"}],"about":[{"href":"https:\/\/www.subaru.es\/blog\/wp-json\/wp\/v2\/types\/post"}],"author":[{"embeddable":true,"href":"https:\/\/www.subaru.es\/blog\/wp-json\/wp\/v2\/users\/21"}],"replies":[{"embeddable":true,"href":"https:\/\/www.subaru.es\/blog\/wp-json\/wp\/v2\/comments?post=1512"}],"version-history":[{"count":1,"href":"https:\/\/www.subaru.es\/blog\/wp-json\/wp\/v2\/posts\/1512\/revisions"}],"predecessor-version":[{"id":15361,"href":"https:\/\/www.subaru.es\/blog\/wp-json\/wp\/v2\/posts\/1512\/revisions\/15361"}],"wp:featuredmedia":[{"embeddable":true,"href":"https:\/\/www.subaru.es\/blog\/wp-json\/wp\/v2\/media\/1524"}],"wp:attachment":[{"href":"https:\/\/www.subaru.es\/blog\/wp-json\/wp\/v2\/media?parent=1512"}],"wp:term":[{"taxonomy":"category","embeddable":true,"href":"https:\/\/www.subaru.es\/blog\/wp-json\/wp\/v2\/categories?post=1512"},{"taxonomy":"post_tag","embeddable":true,"href":"https:\/\/www.subaru.es\/blog\/wp-json\/wp\/v2\/tags?post=1512"}],"curies":[{"name":"wp","href":"https:\/\/api.w.org\/{rel}","templated":true}]}}