{"id":1476,"date":"2008-09-27T18:26:13","date_gmt":"2008-09-27T16:26:13","guid":{"rendered":"http:\/\/subaru.preproduccion.com\/blog\/wp-content\/2008\/09\/27\/asi-pilota-mads\/"},"modified":"2016-10-17T15:11:12","modified_gmt":"2016-10-17T13:11:12","slug":"asi-pilota-mads","status":"publish","type":"post","link":"https:\/\/www.subaru.es\/blog\/nuestra-marca\/asi-pilota-mads\/","title":{"rendered":"As\u00ed pilota Mads"},"content":{"rendered":"<p><center><object width=\"425\" height=\"344\"><param name=\"movie\" value=\"http:\/\/www.youtube.com\/v\/_y2kgYcfc7M&#038;hl=en&#038;fs=1\"><\/param><param name=\"allowFullScreen\" value=\"true\"><\/param><embed src=\"http:\/\/www.youtube.com\/v\/_y2kgYcfc7M&#038;hl=en&#038;fs=1\" type=\"application\/x-shockwave-flash\" allowfullscreen=\"true\" width=\"425\" height=\"344\"><\/embed><\/object><\/center><\/p>\n<p>El v\u00eddeo corresponde a uno de los tests que ya ha realizado con <strong>Subaru Mads Ostberg<\/strong>. Concretamente en el Algarve, Portugal. As\u00ed se las gasta el que ser\u00e1 <a href=\"https:\/\/www.subaru.es\/blog\/2008\/06\/27\/ostberg-estara-con-subaru-en-2009\/\">flamante piloto oficial de la casa<\/a> en el <strong>Campeonato del Mundo de Rallyes<\/strong> del a\u00f1o pr\u00f3ximo. El joven noruego es el \u00fanico que tiene asegurado su puesto en el <strong>segundo equipo que el SWRT<\/strong> estrenar\u00e1 en 2009. Y como vemos en las im\u00e1genes, razones no le faltan.<\/p>\n","protected":false},"excerpt":{"rendered":"<p>El v\u00eddeo corresponde a uno de los tests que ya ha realizado con Subaru Mads Ostberg. Concretamente en el Algarve, Portugal. As\u00ed se las gasta el que ser\u00e1 flamante piloto oficial de la casa en el Campeonato del Mundo de Rallyes del a\u00f1o pr\u00f3ximo. El joven noruego es el \u00fanico que tiene asegurado su puesto [&hellip;]<\/p>\n","protected":false},"author":21,"featured_media":0,"comment_status":"open","ping_status":"open","sticky":false,"template":"","format":"standard","meta":{"_acf_changed":false,"_eb_attr":"","inline_featured_image":false,"footnotes":""},"categories":[4401],"tags":[1209,1211,795,793,1210,4390,109],"class_list":["post-1476","post","type-post","status-publish","format-standard","hentry","category-nuestra-marca","tag-algarve","tag-mads","tag-mads-ostberg","tag-ostberg","tag-portugal","tag-subaru","tag-swrt"],"acf":[],"yoast_head":"<!-- This site is optimized with the Yoast SEO plugin v27.3 - https:\/\/yoast.com\/product\/yoast-seo-wordpress\/ -->\n<title>As\u00ed pilota Mads - Universo Subaru<\/title>\n<meta name=\"robots\" content=\"index, follow, max-snippet:-1, max-image-preview:large, max-video-preview:-1\" \/>\n<link rel=\"canonical\" href=\"https:\/\/www.subaru.es\/blog\/nuestra-marca\/asi-pilota-mads\/\" \/>\n<meta property=\"og:locale\" content=\"es_ES\" \/>\n<meta property=\"og:type\" content=\"article\" \/>\n<meta property=\"og:title\" content=\"As\u00ed pilota Mads - Universo Subaru\" \/>\n<meta property=\"og:description\" content=\"El v\u00eddeo corresponde a uno de los tests que ya ha realizado con Subaru Mads Ostberg. Concretamente en el Algarve, Portugal. As\u00ed se las gasta el que ser\u00e1 flamante piloto oficial de la casa en el Campeonato del Mundo de Rallyes del a\u00f1o pr\u00f3ximo. El joven noruego es el \u00fanico que tiene asegurado su puesto [&hellip;]\" \/>\n<meta property=\"og:url\" content=\"https:\/\/www.subaru.es\/blog\/nuestra-marca\/asi-pilota-mads\/\" \/>\n<meta property=\"og:site_name\" content=\"Universo Subaru\" \/>\n<meta property=\"article:publisher\" content=\"https:\/\/www.facebook.com\/subaruespana\" \/>\n<meta property=\"article:published_time\" content=\"2008-09-27T16:26:13+00:00\" \/>\n<meta property=\"article:modified_time\" content=\"2016-10-17T13:11:12+00:00\" \/>\n<meta name=\"author\" content=\"Subaru\" \/>\n<meta name=\"twitter:card\" content=\"summary_large_image\" \/>\n<meta name=\"twitter:label1\" content=\"Escrito por\" \/>\n\t<meta name=\"twitter:data1\" content=\"Subaru\" \/>\n<script type=\"application\/ld+json\" class=\"yoast-schema-graph\">{\"@context\":\"https:\\\/\\\/schema.org\",\"@graph\":[{\"@type\":\"Article\",\"@id\":\"https:\\\/\\\/www.subaru.es\\\/blog\\\/nuestra-marca\\\/asi-pilota-mads\\\/#article\",\"isPartOf\":{\"@id\":\"https:\\\/\\\/www.subaru.es\\\/blog\\\/nuestra-marca\\\/asi-pilota-mads\\\/\"},\"author\":{\"name\":\"Subaru\",\"@id\":\"https:\\\/\\\/www.subaru.es\\\/blog\\\/#\\\/schema\\\/person\\\/19a90b892230b8e0ec752704ddf4aa10\"},\"headline\":\"As\u00ed pilota Mads\",\"datePublished\":\"2008-09-27T16:26:13+00:00\",\"dateModified\":\"2016-10-17T13:11:12+00:00\",\"mainEntityOfPage\":{\"@id\":\"https:\\\/\\\/www.subaru.es\\\/blog\\\/nuestra-marca\\\/asi-pilota-mads\\\/\"},\"wordCount\":81,\"commentCount\":0,\"publisher\":{\"@id\":\"https:\\\/\\\/www.subaru.es\\\/blog\\\/#organization\"},\"keywords\":[\"algarve\",\"mads\",\"Mads Ostberg\",\"Ostberg\",\"portugal\",\"Subaru\",\"swrt\"],\"articleSection\":[\"Nuestra marca\"],\"inLanguage\":\"es\",\"potentialAction\":[{\"@type\":\"CommentAction\",\"name\":\"Comment\",\"target\":[\"https:\\\/\\\/www.subaru.es\\\/blog\\\/nuestra-marca\\\/asi-pilota-mads\\\/#respond\"]}]},{\"@type\":\"WebPage\",\"@id\":\"https:\\\/\\\/www.subaru.es\\\/blog\\\/nuestra-marca\\\/asi-pilota-mads\\\/\",\"url\":\"https:\\\/\\\/www.subaru.es\\\/blog\\\/nuestra-marca\\\/asi-pilota-mads\\\/\",\"name\":\"As\u00ed pilota Mads - Universo Subaru\",\"isPartOf\":{\"@id\":\"https:\\\/\\\/www.subaru.es\\\/blog\\\/#website\"},\"datePublished\":\"2008-09-27T16:26:13+00:00\",\"dateModified\":\"2016-10-17T13:11:12+00:00\",\"breadcrumb\":{\"@id\":\"https:\\\/\\\/www.subaru.es\\\/blog\\\/nuestra-marca\\\/asi-pilota-mads\\\/#breadcrumb\"},\"inLanguage\":\"es\",\"potentialAction\":[{\"@type\":\"ReadAction\",\"target\":[\"https:\\\/\\\/www.subaru.es\\\/blog\\\/nuestra-marca\\\/asi-pilota-mads\\\/\"]}]},{\"@type\":\"BreadcrumbList\",\"@id\":\"https:\\\/\\\/www.subaru.es\\\/blog\\\/nuestra-marca\\\/asi-pilota-mads\\\/#breadcrumb\",\"itemListElement\":[{\"@type\":\"ListItem\",\"position\":1,\"name\":\"Portada\",\"item\":\"https:\\\/\\\/www.subaru.es\\\/blog\\\/\"},{\"@type\":\"ListItem\",\"position\":2,\"name\":\"As\u00ed pilota Mads\"}]},{\"@type\":\"WebSite\",\"@id\":\"https:\\\/\\\/www.subaru.es\\\/blog\\\/#website\",\"url\":\"https:\\\/\\\/www.subaru.es\\\/blog\\\/\",\"name\":\"Universo Subaru\",\"description\":\"Descubre este apasionante espacio de Subaru donde vas a conocer todo sobre nuestros coches y las experiencias que vivimos con ellos. Si est\u00e1s preparado para dejarte seducir por la filosof\u00eda Subaru, qu\u00e9date con nosotros.\",\"publisher\":{\"@id\":\"https:\\\/\\\/www.subaru.es\\\/blog\\\/#organization\"},\"potentialAction\":[{\"@type\":\"SearchAction\",\"target\":{\"@type\":\"EntryPoint\",\"urlTemplate\":\"https:\\\/\\\/www.subaru.es\\\/blog\\\/?s={search_term_string}\"},\"query-input\":{\"@type\":\"PropertyValueSpecification\",\"valueRequired\":true,\"valueName\":\"search_term_string\"}}],\"inLanguage\":\"es\"},{\"@type\":\"Organization\",\"@id\":\"https:\\\/\\\/www.subaru.es\\\/blog\\\/#organization\",\"name\":\"Subaru Espa\u00f1a S.A.\",\"url\":\"https:\\\/\\\/www.subaru.es\\\/blog\\\/\",\"logo\":{\"@type\":\"ImageObject\",\"inLanguage\":\"es\",\"@id\":\"https:\\\/\\\/www.subaru.es\\\/blog\\\/#\\\/schema\\\/logo\\\/image\\\/\",\"url\":\"https:\\\/\\\/www.subaru.es\\\/blog\\\/wp-content\\\/uploads\\\/2016\\\/12\\\/Logo-Subaru-TypeV_C300-scaled.jpg\",\"contentUrl\":\"https:\\\/\\\/www.subaru.es\\\/blog\\\/wp-content\\\/uploads\\\/2016\\\/12\\\/Logo-Subaru-TypeV_C300-scaled.jpg\",\"width\":2560,\"height\":1864,\"caption\":\"Subaru Espa\u00f1a S.A.\"},\"image\":{\"@id\":\"https:\\\/\\\/www.subaru.es\\\/blog\\\/#\\\/schema\\\/logo\\\/image\\\/\"},\"sameAs\":[\"https:\\\/\\\/www.facebook.com\\\/subaruespana\",\"https:\\\/\\\/www.instagram.com\\\/subarues\\\/\",\"https:\\\/\\\/www.youtube.com\\\/user\\\/subaruespana\"]},{\"@type\":\"Person\",\"@id\":\"https:\\\/\\\/www.subaru.es\\\/blog\\\/#\\\/schema\\\/person\\\/19a90b892230b8e0ec752704ddf4aa10\",\"name\":\"Subaru\",\"url\":\"https:\\\/\\\/www.subaru.es\\\/blog\\\/author\\\/subaria\\\/\"}]}<\/script>\n<!-- \/ Yoast SEO plugin. -->","yoast_head_json":{"title":"As\u00ed pilota Mads - Universo Subaru","robots":{"index":"index","follow":"follow","max-snippet":"max-snippet:-1","max-image-preview":"max-image-preview:large","max-video-preview":"max-video-preview:-1"},"canonical":"https:\/\/www.subaru.es\/blog\/nuestra-marca\/asi-pilota-mads\/","og_locale":"es_ES","og_type":"article","og_title":"As\u00ed pilota Mads - Universo Subaru","og_description":"El v\u00eddeo corresponde a uno de los tests que ya ha realizado con Subaru Mads Ostberg. Concretamente en el Algarve, Portugal. As\u00ed se las gasta el que ser\u00e1 flamante piloto oficial de la casa en el Campeonato del Mundo de Rallyes del a\u00f1o pr\u00f3ximo. El joven noruego es el \u00fanico que tiene asegurado su puesto [&hellip;]","og_url":"https:\/\/www.subaru.es\/blog\/nuestra-marca\/asi-pilota-mads\/","og_site_name":"Universo Subaru","article_publisher":"https:\/\/www.facebook.com\/subaruespana","article_published_time":"2008-09-27T16:26:13+00:00","article_modified_time":"2016-10-17T13:11:12+00:00","author":"Subaru","twitter_card":"summary_large_image","twitter_misc":{"Escrito por":"Subaru"},"schema":{"@context":"https:\/\/schema.org","@graph":[{"@type":"Article","@id":"https:\/\/www.subaru.es\/blog\/nuestra-marca\/asi-pilota-mads\/#article","isPartOf":{"@id":"https:\/\/www.subaru.es\/blog\/nuestra-marca\/asi-pilota-mads\/"},"author":{"name":"Subaru","@id":"https:\/\/www.subaru.es\/blog\/#\/schema\/person\/19a90b892230b8e0ec752704ddf4aa10"},"headline":"As\u00ed pilota Mads","datePublished":"2008-09-27T16:26:13+00:00","dateModified":"2016-10-17T13:11:12+00:00","mainEntityOfPage":{"@id":"https:\/\/www.subaru.es\/blog\/nuestra-marca\/asi-pilota-mads\/"},"wordCount":81,"commentCount":0,"publisher":{"@id":"https:\/\/www.subaru.es\/blog\/#organization"},"keywords":["algarve","mads","Mads Ostberg","Ostberg","portugal","Subaru","swrt"],"articleSection":["Nuestra marca"],"inLanguage":"es","potentialAction":[{"@type":"CommentAction","name":"Comment","target":["https:\/\/www.subaru.es\/blog\/nuestra-marca\/asi-pilota-mads\/#respond"]}]},{"@type":"WebPage","@id":"https:\/\/www.subaru.es\/blog\/nuestra-marca\/asi-pilota-mads\/","url":"https:\/\/www.subaru.es\/blog\/nuestra-marca\/asi-pilota-mads\/","name":"As\u00ed pilota Mads - Universo Subaru","isPartOf":{"@id":"https:\/\/www.subaru.es\/blog\/#website"},"datePublished":"2008-09-27T16:26:13+00:00","dateModified":"2016-10-17T13:11:12+00:00","breadcrumb":{"@id":"https:\/\/www.subaru.es\/blog\/nuestra-marca\/asi-pilota-mads\/#breadcrumb"},"inLanguage":"es","potentialAction":[{"@type":"ReadAction","target":["https:\/\/www.subaru.es\/blog\/nuestra-marca\/asi-pilota-mads\/"]}]},{"@type":"BreadcrumbList","@id":"https:\/\/www.subaru.es\/blog\/nuestra-marca\/asi-pilota-mads\/#breadcrumb","itemListElement":[{"@type":"ListItem","position":1,"name":"Portada","item":"https:\/\/www.subaru.es\/blog\/"},{"@type":"ListItem","position":2,"name":"As\u00ed pilota Mads"}]},{"@type":"WebSite","@id":"https:\/\/www.subaru.es\/blog\/#website","url":"https:\/\/www.subaru.es\/blog\/","name":"Universo Subaru","description":"Descubre este apasionante espacio de Subaru donde vas a conocer todo sobre nuestros coches y las experiencias que vivimos con ellos. Si est\u00e1s preparado para dejarte seducir por la filosof\u00eda Subaru, qu\u00e9date con nosotros.","publisher":{"@id":"https:\/\/www.subaru.es\/blog\/#organization"},"potentialAction":[{"@type":"SearchAction","target":{"@type":"EntryPoint","urlTemplate":"https:\/\/www.subaru.es\/blog\/?s={search_term_string}"},"query-input":{"@type":"PropertyValueSpecification","valueRequired":true,"valueName":"search_term_string"}}],"inLanguage":"es"},{"@type":"Organization","@id":"https:\/\/www.subaru.es\/blog\/#organization","name":"Subaru Espa\u00f1a S.A.","url":"https:\/\/www.subaru.es\/blog\/","logo":{"@type":"ImageObject","inLanguage":"es","@id":"https:\/\/www.subaru.es\/blog\/#\/schema\/logo\/image\/","url":"https:\/\/www.subaru.es\/blog\/wp-content\/uploads\/2016\/12\/Logo-Subaru-TypeV_C300-scaled.jpg","contentUrl":"https:\/\/www.subaru.es\/blog\/wp-content\/uploads\/2016\/12\/Logo-Subaru-TypeV_C300-scaled.jpg","width":2560,"height":1864,"caption":"Subaru Espa\u00f1a S.A."},"image":{"@id":"https:\/\/www.subaru.es\/blog\/#\/schema\/logo\/image\/"},"sameAs":["https:\/\/www.facebook.com\/subaruespana","https:\/\/www.instagram.com\/subarues\/","https:\/\/www.youtube.com\/user\/subaruespana"]},{"@type":"Person","@id":"https:\/\/www.subaru.es\/blog\/#\/schema\/person\/19a90b892230b8e0ec752704ddf4aa10","name":"Subaru","url":"https:\/\/www.subaru.es\/blog\/author\/subaria\/"}]}},"_links":{"self":[{"href":"https:\/\/www.subaru.es\/blog\/wp-json\/wp\/v2\/posts\/1476","targetHints":{"allow":["GET"]}}],"collection":[{"href":"https:\/\/www.subaru.es\/blog\/wp-json\/wp\/v2\/posts"}],"about":[{"href":"https:\/\/www.subaru.es\/blog\/wp-json\/wp\/v2\/types\/post"}],"author":[{"embeddable":true,"href":"https:\/\/www.subaru.es\/blog\/wp-json\/wp\/v2\/users\/21"}],"replies":[{"embeddable":true,"href":"https:\/\/www.subaru.es\/blog\/wp-json\/wp\/v2\/comments?post=1476"}],"version-history":[{"count":1,"href":"https:\/\/www.subaru.es\/blog\/wp-json\/wp\/v2\/posts\/1476\/revisions"}],"predecessor-version":[{"id":15374,"href":"https:\/\/www.subaru.es\/blog\/wp-json\/wp\/v2\/posts\/1476\/revisions\/15374"}],"wp:attachment":[{"href":"https:\/\/www.subaru.es\/blog\/wp-json\/wp\/v2\/media?parent=1476"}],"wp:term":[{"taxonomy":"category","embeddable":true,"href":"https:\/\/www.subaru.es\/blog\/wp-json\/wp\/v2\/categories?post=1476"},{"taxonomy":"post_tag","embeddable":true,"href":"https:\/\/www.subaru.es\/blog\/wp-json\/wp\/v2\/tags?post=1476"}],"curies":[{"name":"wp","href":"https:\/\/api.w.org\/{rel}","templated":true}]}}